{"id":25068,"date":"2022-08-02T00:01:00","date_gmt":"2022-08-01T23:01:00","guid":{"rendered":"https:\/\/lasentinelle.dz\/?p=25068"},"modified":"2022-08-02T14:05:41","modified_gmt":"2022-08-02T13:05:41","slug":"coupe-arabe-des-nations-u20-les-jeunes-fennecs-reussissent-lessentiel","status":"publish","type":"post","link":"https:\/\/lasentinelle.dz\/index.php\/2022\/08\/02\/coupe-arabe-des-nations-u20-les-jeunes-fennecs-reussissent-lessentiel\/","title":{"rendered":"Coupe arabe des\u00a0Nations\u00a0U20\u00a0: Les jeunes Fennecs r\u00e9ussissent l\u2019essentiel"},"content":{"rendered":"\n<p>Les jeunes Fennecs ont pris le meilleur sur l\u2019un des favoris du tournoi et se sont qualifi\u00e9s pour les demi-finales de la Coupe arabe des U20. Un exploit qui leur permet de r\u00eaver de finale et pourquoi pas d\u2019un couronnement.&nbsp;<\/p>\n\n\n\n<p>La s\u00e9lection nationale alg\u00e9rienne des U20,&nbsp;se sont impos\u00e9s&nbsp;face \u00e0 la Tunisie (1-0) en quarts de finale de la Coupe arabe de football, dimanche&nbsp;soir&nbsp;\u00e0 Abha en Arabie Saoudite, poursuit son bonhomme de chemin, et vise d\u00e9sormais une place en finale et au bout un premier titre dans cette comp\u00e9tition.&nbsp;Au stade Emir Sultan d\u2019Abha face \u00e0 la Tunisie, un des favoris pour le sacre final de cette 8e \u00e9dition de la Coupe arabe, les prot\u00e9g\u00e9s de Mohamed Lacette ont fait le match qu&rsquo;il fallait, en \u00e9tant bien pr\u00e9sents dans le match et bien inspir\u00e9s et combatifs tout au long de la partie, tr\u00e8s \u00e9quilibr\u00e9e entre les deux \u00e9quipes.&nbsp;Le but de Belhadj Chekal \u00e0 la 34e de jeu, sur un centre dans la surface de r\u00e9paration de son capitaine Mehdi Touenti, a suffi \u00e0 la s\u00e9lection alg\u00e9rienne pour mettre la pression du match dans le camp de la s\u00e9lection tunisienne, imbattable durant le premier tour, avec la meilleure d\u00e9fense (aucun but encaiss\u00e9) et la meilleure attaque (9 buts).&nbsp;Face \u00e0 des Tunisiens qui voulaient confirmer leur statut de favori, les co\u00e9quipiers du d\u00e9fenseur central Rayane Dehilis (O. Marseille\/ France) ont mis autant d&rsquo;intensit\u00e9 que leurs voisins, si bien que \u00ab\u00a0le cuir\u00a0\u00bb se baladait d&rsquo;un camp \u00e0 un autre, avec des occasions franches de marquer des deux c\u00f4t\u00e9s.&nbsp;Au fil des minutes, les joueurs alg\u00e9riens, bien organis\u00e9s d\u00e9fensivement, parviennent syst\u00e9matiquement \u00e0 repousser les offensives des Aigles de Carthage. Ils sont parvenus \u00e0 g\u00e9rer les derni\u00e8res minutes du match avec plus ou moins de tension autour des bois de Mellala, mais sans v\u00e9ritable danger.<\/p>\n\n\n\n<p>Les jeunes Fennecs rencontreront demain soir \u00e0 19h00&nbsp;au stade Emir Sultan Bin Abdelaziz (Abha), l\u2019Egypte qui a \u00e9limin\u00e9 le Maroc (2 \u00e0 1).&nbsp;L\u2019autre demi-finale mettra aux prises, le m\u00eame jour (14h30), l\u2019Arabie Saoudite \u00e0 la Palestine, toutes deux qualifi\u00e9es gr\u00e2ce aux tirs au but apr\u00e8s leurs matchs nuls respectifs contre le Y\u00e9men (0 \u00e0 0) et la Jordanie (1 \u00e0 1).<\/p>\n\n\n\n<p>Cette 8e \u00e9dition a vu la participation de 18 pays, scind\u00e9s en six groupes de trois \u00e9quipes. Les premiers des groupes A, B, C, D, E, F ainsi que les deux meilleurs deuxi\u00e8mes se sont qualifi\u00e9s pour les quarts de finales.&nbsp;La finale se jouera le samedi 6 ao\u00fbt au stade d&rsquo;Abha (19h00).&nbsp;Il est \u00e0 rappeler que la s\u00e9lection alg\u00e9rienne des U20 avait atteint \u00e0 trois reprises, la finale de la Coupe arabe de football. Les jeunes alg\u00e9riens avaient remport\u00e9 la premi\u00e8re finale en 2002 face au pays h\u00f4te, le Y\u00e9men (2-1), avant de perdre les deux suivantes face \u00e0 un m\u00eame adversaire, l&rsquo;Arabie Saoudite, sur le score de 2-1 en 1985 en Alg\u00e9rie, et sur le m\u00eame score en 2021 au Caire.<\/p>\n\n\n\n<p>R.S.<\/p>\n","protected":false},"excerpt":{"rendered":"<p>Les jeunes Fennecs ont pris le meilleur sur l\u2019un des favoris du tournoi et se sont qualifi\u00e9s pour les demi-finales<\/p>\n","protected":false},"author":3,"featured_media":25072,"comment_status":"open","ping_status":"closed","sticky":false,"template":"","format":"standard","meta":{"colormag_page_container_layout":"default_layout","colormag_page_sidebar_layout":"default_layout","om_disable_all_campaigns":false,"_monsterinsights_skip_tracking":false,"_monsterinsights_sitenote_active":false,"_monsterinsights_sitenote_note":"","_monsterinsights_sitenote_category":0,"footnotes":"","_wpscppro_dont_share_socialmedia":false,"_wpscppro_custom_social_share_image":0,"_facebook_share_type":"","_twitter_share_type":"","_linkedin_share_type":"","_pinterest_share_type":"","_linkedin_share_type_page":"","_instagram_share_type":"","_medium_share_type":"","_threads_share_type":"","_google_business_share_type":"","_selected_social_profile":[],"_wpsp_enable_custom_social_template":false,"_wpsp_social_scheduling":{"enabled":false,"datetime":null,"platforms":[],"status":"template_only","dateOption":"today","timeOption":"now","customDays":"","customHours":"","customDate":"","customTime":"","schedulingType":"absolute"},"_wpsp_active_default_template":true},"categories":[52,33],"tags":[],"class_list":["post-25068","post","type-post","status-publish","format-standard","has-post-thumbnail","hentry","category-a-la-une","category-sports"],"aioseo_notices":[],"yoast_head":"<!-- This site is optimized with the Yoast SEO plugin v27.5 - https:\/\/yoast.com\/product\/yoast-seo-wordpress\/ -->\n<title>Coupe arabe des\u00a0Nations\u00a0U20\u00a0: Les jeunes Fennecs r\u00e9ussissent l\u2019essentiel - La Sentinelle<\/title>\n<meta name=\"robots\" content=\"index, follow, max-snippet:-1, max-image-preview:large, max-video-preview:-1\" \/>\n<link rel=\"canonical\" href=\"https:\/\/lasentinelle.dz\/index.php\/2022\/08\/02\/coupe-arabe-des-nations-u20-les-jeunes-fennecs-reussissent-lessentiel\/\" \/>\n<meta property=\"og:locale\" content=\"fr_FR\" \/>\n<meta property=\"og:type\" content=\"article\" \/>\n<meta property=\"og:title\" content=\"Coupe arabe des\u00a0Nations\u00a0U20\u00a0: Les jeunes Fennecs r\u00e9ussissent l\u2019essentiel - La Sentinelle\" \/>\n<meta property=\"og:description\" content=\"Les jeunes Fennecs ont pris le meilleur sur l\u2019un des favoris du tournoi et se sont qualifi\u00e9s pour les demi-finales\" \/>\n<meta property=\"og:url\" content=\"https:\/\/lasentinelle.dz\/index.php\/2022\/08\/02\/coupe-arabe-des-nations-u20-les-jeunes-fennecs-reussissent-lessentiel\/\" \/>\n<meta property=\"og:site_name\" content=\"La Sentinelle\" \/>\n<meta property=\"article:publisher\" content=\"https:\/\/www.facebook.com\/La-Sentinelle-104059864394773\" \/>\n<meta property=\"article:published_time\" content=\"2022-08-01T23:01:00+00:00\" \/>\n<meta property=\"article:modified_time\" content=\"2022-08-02T13:05:41+00:00\" \/>\n<meta property=\"og:image\" content=\"https:\/\/lasentinelle.dz\/wp-content\/uploads\/2022\/08\/U20.png\" \/>\n\t<meta property=\"og:image:width\" content=\"1110\" \/>\n\t<meta property=\"og:image:height\" content=\"900\" \/>\n\t<meta property=\"og:image:type\" content=\"image\/png\" \/>\n<meta name=\"author\" content=\"La Sentinelle\" \/>\n<meta name=\"twitter:card\" content=\"summary_large_image\" \/>\n<meta name=\"twitter:label1\" content=\"\u00c9crit par\" \/>\n\t<meta name=\"twitter:data1\" content=\"La Sentinelle\" \/>\n\t<meta name=\"twitter:label2\" content=\"Dur\u00e9e de lecture estim\u00e9e\" \/>\n\t<meta name=\"twitter:data2\" content=\"3 minutes\" \/>\n<script type=\"application\/ld+json\" class=\"yoast-schema-graph\">{\"@context\":\"https:\\\/\\\/schema.org\",\"@graph\":[{\"@type\":\"Article\",\"@id\":\"https:\\\/\\\/lasentinelle.dz\\\/index.php\\\/2022\\\/08\\\/02\\\/coupe-arabe-des-nations-u20-les-jeunes-fennecs-reussissent-lessentiel\\\/#article\",\"isPartOf\":{\"@id\":\"https:\\\/\\\/lasentinelle.dz\\\/index.php\\\/2022\\\/08\\\/02\\\/coupe-arabe-des-nations-u20-les-jeunes-fennecs-reussissent-lessentiel\\\/\"},\"author\":{\"name\":\"La Sentinelle\",\"@id\":\"https:\\\/\\\/lasentinelle.dz\\\/#\\\/schema\\\/person\\\/d865044e22e70a75174ce8bcad3acfb3\"},\"headline\":\"Coupe arabe des\u00a0Nations\u00a0U20\u00a0: Les jeunes Fennecs r\u00e9ussissent l\u2019essentiel\",\"datePublished\":\"2022-08-01T23:01:00+00:00\",\"dateModified\":\"2022-08-02T13:05:41+00:00\",\"mainEntityOfPage\":{\"@id\":\"https:\\\/\\\/lasentinelle.dz\\\/index.php\\\/2022\\\/08\\\/02\\\/coupe-arabe-des-nations-u20-les-jeunes-fennecs-reussissent-lessentiel\\\/\"},\"wordCount\":548,\"commentCount\":0,\"publisher\":{\"@id\":\"https:\\\/\\\/lasentinelle.dz\\\/#organization\"},\"image\":{\"@id\":\"https:\\\/\\\/lasentinelle.dz\\\/index.php\\\/2022\\\/08\\\/02\\\/coupe-arabe-des-nations-u20-les-jeunes-fennecs-reussissent-lessentiel\\\/#primaryimage\"},\"thumbnailUrl\":\"https:\\\/\\\/lasentinelle.dz\\\/wp-content\\\/uploads\\\/2022\\\/08\\\/U20.png\",\"articleSection\":[\"\u00c0 la Une\",\"Sports\"],\"inLanguage\":\"fr-FR\",\"potentialAction\":[{\"@type\":\"CommentAction\",\"name\":\"Comment\",\"target\":[\"https:\\\/\\\/lasentinelle.dz\\\/index.php\\\/2022\\\/08\\\/02\\\/coupe-arabe-des-nations-u20-les-jeunes-fennecs-reussissent-lessentiel\\\/#respond\"]}]},{\"@type\":\"WebPage\",\"@id\":\"https:\\\/\\\/lasentinelle.dz\\\/index.php\\\/2022\\\/08\\\/02\\\/coupe-arabe-des-nations-u20-les-jeunes-fennecs-reussissent-lessentiel\\\/\",\"url\":\"https:\\\/\\\/lasentinelle.dz\\\/index.php\\\/2022\\\/08\\\/02\\\/coupe-arabe-des-nations-u20-les-jeunes-fennecs-reussissent-lessentiel\\\/\",\"name\":\"Coupe arabe des\u00a0Nations\u00a0U20\u00a0: Les jeunes Fennecs r\u00e9ussissent l\u2019essentiel - La Sentinelle\",\"isPartOf\":{\"@id\":\"https:\\\/\\\/lasentinelle.dz\\\/#website\"},\"primaryImageOfPage\":{\"@id\":\"https:\\\/\\\/lasentinelle.dz\\\/index.php\\\/2022\\\/08\\\/02\\\/coupe-arabe-des-nations-u20-les-jeunes-fennecs-reussissent-lessentiel\\\/#primaryimage\"},\"image\":{\"@id\":\"https:\\\/\\\/lasentinelle.dz\\\/index.php\\\/2022\\\/08\\\/02\\\/coupe-arabe-des-nations-u20-les-jeunes-fennecs-reussissent-lessentiel\\\/#primaryimage\"},\"thumbnailUrl\":\"https:\\\/\\\/lasentinelle.dz\\\/wp-content\\\/uploads\\\/2022\\\/08\\\/U20.png\",\"datePublished\":\"2022-08-01T23:01:00+00:00\",\"dateModified\":\"2022-08-02T13:05:41+00:00\",\"breadcrumb\":{\"@id\":\"https:\\\/\\\/lasentinelle.dz\\\/index.php\\\/2022\\\/08\\\/02\\\/coupe-arabe-des-nations-u20-les-jeunes-fennecs-reussissent-lessentiel\\\/#breadcrumb\"},\"inLanguage\":\"fr-FR\",\"potentialAction\":[{\"@type\":\"ReadAction\",\"target\":[\"https:\\\/\\\/lasentinelle.dz\\\/index.php\\\/2022\\\/08\\\/02\\\/coupe-arabe-des-nations-u20-les-jeunes-fennecs-reussissent-lessentiel\\\/\"]}]},{\"@type\":\"ImageObject\",\"inLanguage\":\"fr-FR\",\"@id\":\"https:\\\/\\\/lasentinelle.dz\\\/index.php\\\/2022\\\/08\\\/02\\\/coupe-arabe-des-nations-u20-les-jeunes-fennecs-reussissent-lessentiel\\\/#primaryimage\",\"url\":\"https:\\\/\\\/lasentinelle.dz\\\/wp-content\\\/uploads\\\/2022\\\/08\\\/U20.png\",\"contentUrl\":\"https:\\\/\\\/lasentinelle.dz\\\/wp-content\\\/uploads\\\/2022\\\/08\\\/U20.png\",\"width\":1110,\"height\":900},{\"@type\":\"BreadcrumbList\",\"@id\":\"https:\\\/\\\/lasentinelle.dz\\\/index.php\\\/2022\\\/08\\\/02\\\/coupe-arabe-des-nations-u20-les-jeunes-fennecs-reussissent-lessentiel\\\/#breadcrumb\",\"itemListElement\":[{\"@type\":\"ListItem\",\"position\":1,\"name\":\"Accueil\",\"item\":\"https:\\\/\\\/lasentinelle.dz\\\/\"},{\"@type\":\"ListItem\",\"position\":2,\"name\":\"Coupe arabe des\u00a0Nations\u00a0U20\u00a0: Les jeunes Fennecs r\u00e9ussissent l\u2019essentiel\"}]},{\"@type\":\"WebSite\",\"@id\":\"https:\\\/\\\/lasentinelle.dz\\\/#website\",\"url\":\"https:\\\/\\\/lasentinelle.dz\\\/\",\"name\":\"La Sentinelle\",\"description\":\"Quotidien national d&#039;information\",\"publisher\":{\"@id\":\"https:\\\/\\\/lasentinelle.dz\\\/#organization\"},\"potentialAction\":[{\"@type\":\"SearchAction\",\"target\":{\"@type\":\"EntryPoint\",\"urlTemplate\":\"https:\\\/\\\/lasentinelle.dz\\\/?s={search_term_string}\"},\"query-input\":{\"@type\":\"PropertyValueSpecification\",\"valueRequired\":true,\"valueName\":\"search_term_string\"}}],\"inLanguage\":\"fr-FR\"},{\"@type\":\"Organization\",\"@id\":\"https:\\\/\\\/lasentinelle.dz\\\/#organization\",\"name\":\"Quotidien La Sentinelle\",\"url\":\"https:\\\/\\\/lasentinelle.dz\\\/\",\"logo\":{\"@type\":\"ImageObject\",\"inLanguage\":\"fr-FR\",\"@id\":\"https:\\\/\\\/lasentinelle.dz\\\/#\\\/schema\\\/logo\\\/image\\\/\",\"url\":\"https:\\\/\\\/lasentinelle.dz\\\/wp-content\\\/uploads\\\/2021\\\/09\\\/logo-sentinelleSLOGAN-1.png\",\"contentUrl\":\"https:\\\/\\\/lasentinelle.dz\\\/wp-content\\\/uploads\\\/2021\\\/09\\\/logo-sentinelleSLOGAN-1.png\",\"width\":615,\"height\":142,\"caption\":\"Quotidien La Sentinelle\"},\"image\":{\"@id\":\"https:\\\/\\\/lasentinelle.dz\\\/#\\\/schema\\\/logo\\\/image\\\/\"},\"sameAs\":[\"https:\\\/\\\/www.facebook.com\\\/La-Sentinelle-104059864394773\"]},{\"@type\":\"Person\",\"@id\":\"https:\\\/\\\/lasentinelle.dz\\\/#\\\/schema\\\/person\\\/d865044e22e70a75174ce8bcad3acfb3\",\"name\":\"La Sentinelle\",\"image\":{\"@type\":\"ImageObject\",\"inLanguage\":\"fr-FR\",\"@id\":\"https:\\\/\\\/secure.gravatar.com\\\/avatar\\\/57de8e5d4b15d43fb361a71fbb36338450fe67865b528a43dd10ef7c51a20392?s=96&d=mm&r=g\",\"url\":\"https:\\\/\\\/secure.gravatar.com\\\/avatar\\\/57de8e5d4b15d43fb361a71fbb36338450fe67865b528a43dd10ef7c51a20392?s=96&d=mm&r=g\",\"contentUrl\":\"https:\\\/\\\/secure.gravatar.com\\\/avatar\\\/57de8e5d4b15d43fb361a71fbb36338450fe67865b528a43dd10ef7c51a20392?s=96&d=mm&r=g\",\"caption\":\"La Sentinelle\"},\"sameAs\":[\"http:\\\/\\\/www.lasentinelle.dz\"],\"url\":\"https:\\\/\\\/lasentinelle.dz\\\/author\\\/redaction\\\/\"}]}<\/script>\n<!-- \/ Yoast SEO plugin. -->","yoast_head_json":{"title":"Coupe arabe des\u00a0Nations\u00a0U20\u00a0: Les jeunes Fennecs r\u00e9ussissent l\u2019essentiel - La Sentinelle","robots":{"index":"index","follow":"follow","max-snippet":"max-snippet:-1","max-image-preview":"max-image-preview:large","max-video-preview":"max-video-preview:-1"},"canonical":"https:\/\/lasentinelle.dz\/index.php\/2022\/08\/02\/coupe-arabe-des-nations-u20-les-jeunes-fennecs-reussissent-lessentiel\/","og_locale":"fr_FR","og_type":"article","og_title":"Coupe arabe des\u00a0Nations\u00a0U20\u00a0: Les jeunes Fennecs r\u00e9ussissent l\u2019essentiel - La Sentinelle","og_description":"Les jeunes Fennecs ont pris le meilleur sur l\u2019un des favoris du tournoi et se sont qualifi\u00e9s pour les demi-finales","og_url":"https:\/\/lasentinelle.dz\/index.php\/2022\/08\/02\/coupe-arabe-des-nations-u20-les-jeunes-fennecs-reussissent-lessentiel\/","og_site_name":"La Sentinelle","article_publisher":"https:\/\/www.facebook.com\/La-Sentinelle-104059864394773","article_published_time":"2022-08-01T23:01:00+00:00","article_modified_time":"2022-08-02T13:05:41+00:00","og_image":[{"width":1110,"height":900,"url":"https:\/\/lasentinelle.dz\/wp-content\/uploads\/2022\/08\/U20.png","type":"image\/png"}],"author":"La Sentinelle","twitter_card":"summary_large_image","twitter_misc":{"\u00c9crit par":"La Sentinelle","Dur\u00e9e de lecture estim\u00e9e":"3 minutes"},"schema":{"@context":"https:\/\/schema.org","@graph":[{"@type":"Article","@id":"https:\/\/lasentinelle.dz\/index.php\/2022\/08\/02\/coupe-arabe-des-nations-u20-les-jeunes-fennecs-reussissent-lessentiel\/#article","isPartOf":{"@id":"https:\/\/lasentinelle.dz\/index.php\/2022\/08\/02\/coupe-arabe-des-nations-u20-les-jeunes-fennecs-reussissent-lessentiel\/"},"author":{"name":"La Sentinelle","@id":"https:\/\/lasentinelle.dz\/#\/schema\/person\/d865044e22e70a75174ce8bcad3acfb3"},"headline":"Coupe arabe des\u00a0Nations\u00a0U20\u00a0: Les jeunes Fennecs r\u00e9ussissent l\u2019essentiel","datePublished":"2022-08-01T23:01:00+00:00","dateModified":"2022-08-02T13:05:41+00:00","mainEntityOfPage":{"@id":"https:\/\/lasentinelle.dz\/index.php\/2022\/08\/02\/coupe-arabe-des-nations-u20-les-jeunes-fennecs-reussissent-lessentiel\/"},"wordCount":548,"commentCount":0,"publisher":{"@id":"https:\/\/lasentinelle.dz\/#organization"},"image":{"@id":"https:\/\/lasentinelle.dz\/index.php\/2022\/08\/02\/coupe-arabe-des-nations-u20-les-jeunes-fennecs-reussissent-lessentiel\/#primaryimage"},"thumbnailUrl":"https:\/\/lasentinelle.dz\/wp-content\/uploads\/2022\/08\/U20.png","articleSection":["\u00c0 la Une","Sports"],"inLanguage":"fr-FR","potentialAction":[{"@type":"CommentAction","name":"Comment","target":["https:\/\/lasentinelle.dz\/index.php\/2022\/08\/02\/coupe-arabe-des-nations-u20-les-jeunes-fennecs-reussissent-lessentiel\/#respond"]}]},{"@type":"WebPage","@id":"https:\/\/lasentinelle.dz\/index.php\/2022\/08\/02\/coupe-arabe-des-nations-u20-les-jeunes-fennecs-reussissent-lessentiel\/","url":"https:\/\/lasentinelle.dz\/index.php\/2022\/08\/02\/coupe-arabe-des-nations-u20-les-jeunes-fennecs-reussissent-lessentiel\/","name":"Coupe arabe des\u00a0Nations\u00a0U20\u00a0: Les jeunes Fennecs r\u00e9ussissent l\u2019essentiel - La Sentinelle","isPartOf":{"@id":"https:\/\/lasentinelle.dz\/#website"},"primaryImageOfPage":{"@id":"https:\/\/lasentinelle.dz\/index.php\/2022\/08\/02\/coupe-arabe-des-nations-u20-les-jeunes-fennecs-reussissent-lessentiel\/#primaryimage"},"image":{"@id":"https:\/\/lasentinelle.dz\/index.php\/2022\/08\/02\/coupe-arabe-des-nations-u20-les-jeunes-fennecs-reussissent-lessentiel\/#primaryimage"},"thumbnailUrl":"https:\/\/lasentinelle.dz\/wp-content\/uploads\/2022\/08\/U20.png","datePublished":"2022-08-01T23:01:00+00:00","dateModified":"2022-08-02T13:05:41+00:00","breadcrumb":{"@id":"https:\/\/lasentinelle.dz\/index.php\/2022\/08\/02\/coupe-arabe-des-nations-u20-les-jeunes-fennecs-reussissent-lessentiel\/#breadcrumb"},"inLanguage":"fr-FR","potentialAction":[{"@type":"ReadAction","target":["https:\/\/lasentinelle.dz\/index.php\/2022\/08\/02\/coupe-arabe-des-nations-u20-les-jeunes-fennecs-reussissent-lessentiel\/"]}]},{"@type":"ImageObject","inLanguage":"fr-FR","@id":"https:\/\/lasentinelle.dz\/index.php\/2022\/08\/02\/coupe-arabe-des-nations-u20-les-jeunes-fennecs-reussissent-lessentiel\/#primaryimage","url":"https:\/\/lasentinelle.dz\/wp-content\/uploads\/2022\/08\/U20.png","contentUrl":"https:\/\/lasentinelle.dz\/wp-content\/uploads\/2022\/08\/U20.png","width":1110,"height":900},{"@type":"BreadcrumbList","@id":"https:\/\/lasentinelle.dz\/index.php\/2022\/08\/02\/coupe-arabe-des-nations-u20-les-jeunes-fennecs-reussissent-lessentiel\/#breadcrumb","itemListElement":[{"@type":"ListItem","position":1,"name":"Accueil","item":"https:\/\/lasentinelle.dz\/"},{"@type":"ListItem","position":2,"name":"Coupe arabe des\u00a0Nations\u00a0U20\u00a0: Les jeunes Fennecs r\u00e9ussissent l\u2019essentiel"}]},{"@type":"WebSite","@id":"https:\/\/lasentinelle.dz\/#website","url":"https:\/\/lasentinelle.dz\/","name":"La Sentinelle","description":"Quotidien national d&#039;information","publisher":{"@id":"https:\/\/lasentinelle.dz\/#organization"},"potentialAction":[{"@type":"SearchAction","target":{"@type":"EntryPoint","urlTemplate":"https:\/\/lasentinelle.dz\/?s={search_term_string}"},"query-input":{"@type":"PropertyValueSpecification","valueRequired":true,"valueName":"search_term_string"}}],"inLanguage":"fr-FR"},{"@type":"Organization","@id":"https:\/\/lasentinelle.dz\/#organization","name":"Quotidien La Sentinelle","url":"https:\/\/lasentinelle.dz\/","logo":{"@type":"ImageObject","inLanguage":"fr-FR","@id":"https:\/\/lasentinelle.dz\/#\/schema\/logo\/image\/","url":"https:\/\/lasentinelle.dz\/wp-content\/uploads\/2021\/09\/logo-sentinelleSLOGAN-1.png","contentUrl":"https:\/\/lasentinelle.dz\/wp-content\/uploads\/2021\/09\/logo-sentinelleSLOGAN-1.png","width":615,"height":142,"caption":"Quotidien La Sentinelle"},"image":{"@id":"https:\/\/lasentinelle.dz\/#\/schema\/logo\/image\/"},"sameAs":["https:\/\/www.facebook.com\/La-Sentinelle-104059864394773"]},{"@type":"Person","@id":"https:\/\/lasentinelle.dz\/#\/schema\/person\/d865044e22e70a75174ce8bcad3acfb3","name":"La Sentinelle","image":{"@type":"ImageObject","inLanguage":"fr-FR","@id":"https:\/\/secure.gravatar.com\/avatar\/57de8e5d4b15d43fb361a71fbb36338450fe67865b528a43dd10ef7c51a20392?s=96&d=mm&r=g","url":"https:\/\/secure.gravatar.com\/avatar\/57de8e5d4b15d43fb361a71fbb36338450fe67865b528a43dd10ef7c51a20392?s=96&d=mm&r=g","contentUrl":"https:\/\/secure.gravatar.com\/avatar\/57de8e5d4b15d43fb361a71fbb36338450fe67865b528a43dd10ef7c51a20392?s=96&d=mm&r=g","caption":"La Sentinelle"},"sameAs":["http:\/\/www.lasentinelle.dz"],"url":"https:\/\/lasentinelle.dz\/author\/redaction\/"}]}},"_links":{"self":[{"href":"https:\/\/lasentinelle.dz\/index.php\/wp-json\/wp\/v2\/posts\/25068","targetHints":{"allow":["GET"]}}],"collection":[{"href":"https:\/\/lasentinelle.dz\/index.php\/wp-json\/wp\/v2\/posts"}],"about":[{"href":"https:\/\/lasentinelle.dz\/index.php\/wp-json\/wp\/v2\/types\/post"}],"author":[{"embeddable":true,"href":"https:\/\/lasentinelle.dz\/index.php\/wp-json\/wp\/v2\/users\/3"}],"replies":[{"embeddable":true,"href":"https:\/\/lasentinelle.dz\/index.php\/wp-json\/wp\/v2\/comments?post=25068"}],"version-history":[{"count":1,"href":"https:\/\/lasentinelle.dz\/index.php\/wp-json\/wp\/v2\/posts\/25068\/revisions"}],"predecessor-version":[{"id":25074,"href":"https:\/\/lasentinelle.dz\/index.php\/wp-json\/wp\/v2\/posts\/25068\/revisions\/25074"}],"wp:featuredmedia":[{"embeddable":true,"href":"https:\/\/lasentinelle.dz\/index.php\/wp-json\/wp\/v2\/media\/25072"}],"wp:attachment":[{"href":"https:\/\/lasentinelle.dz\/index.php\/wp-json\/wp\/v2\/media?parent=25068"}],"wp:term":[{"taxonomy":"category","embeddable":true,"href":"https:\/\/lasentinelle.dz\/index.php\/wp-json\/wp\/v2\/categories?post=25068"},{"taxonomy":"post_tag","embeddable":true,"href":"https:\/\/lasentinelle.dz\/index.php\/wp-json\/wp\/v2\/tags?post=25068"}],"curies":[{"name":"wp","href":"https:\/\/api.w.org\/{rel}","templated":true}]}}