{"id":25110,"date":"2022-08-02T00:05:00","date_gmt":"2022-08-01T23:05:00","guid":{"rendered":"https:\/\/lasentinelle.dz\/?p=25110"},"modified":"2022-08-02T14:10:29","modified_gmt":"2022-08-02T13:10:29","slug":"salaires-pouvoir-dachat-et-inflation-le-sens-dune-appreciation-du-dinar","status":"publish","type":"post","link":"https:\/\/lasentinelle.dz\/index.php\/2022\/08\/02\/salaires-pouvoir-dachat-et-inflation-le-sens-dune-appreciation-du-dinar\/","title":{"rendered":"Salaires, pouvoir d\u2019achat et inflation\u00a0:\u00a0Le sens d\u2019une appr\u00e9ciation du dinar"},"content":{"rendered":"\n<p>Le pr\u00e9sident de la R\u00e9publique Abdelmadjid Tebboune a assur\u00e9 dimanche soir que les revenus engrang\u00e9s cette ann\u00e9e permettront de financer une hausse des salaires et de l\u2019allocation ch\u00f4mage d\u00e8s janvier 2023, mais aussi d\u2019esp\u00e9rer une r\u00e9\u00e9valuation du dinar.<\/p>\n\n\n\n<p>Le pouvoir d\u2019achat est aujourd\u2019hui au cours des pr\u00e9occupations des plus hautes autorit\u00e9s de l\u2019\u00c9tat. Une question qui a, bien entendu, \u00e9t\u00e9 \u00e9voqu\u00e9e par le pr\u00e9sident de la R\u00e9publique lors de la rencontre p\u00e9riodique avec les m\u00e9dias. Une rencontre qui a permis \u00e0 Abdelmadjid Tebboune de r\u00e9affirmer l\u2019engagement pris au mois d\u2019avril dernier concernant la hausse des revenus des m\u00e9nages. \u00ab Je m&rsquo;engage \u00e0 revoir \u00e0 la hausse les salaires et l&rsquo;allocation ch\u00f4mage \u00bb. Et de pr\u00e9ciser que ces d\u00e9cisions allaient \u00eatre introduites dans le cadre de la loi de finances 2023 \u00e0 travers l&rsquo;augmentation du point indiciaire ou directement des salaires \u00e0 un niveau raisonnable pour respecter les \u00e9quilibres mais aussi pour ne pas g\u00e9n\u00e9rer de l\u2019inflation. C\u2019est dans ce sens qu\u2019il a \u00e9voqu\u00e9 \u00ab la possibilit\u00e9 d&rsquo;augmenter les salaires \u00e0 la faveur d&rsquo;une seule d\u00e9cision ou de mani\u00e8re progressive tout au long de l&rsquo;ann\u00e9e \u00bb, relevant toute l&rsquo;importance de prendre \u00ab des mesures pr\u00e9cises pour qu&rsquo;il n&rsquo;y ait pas de distribution de la rente qui contribuerait \u00e0 la cr\u00e9ation de l&rsquo;inflation \u00bb.<\/p>\n\n\n\n<p>Des augmentations qui seront possibles au regard de la marge de man\u0153uvre qu\u2019offrent aujourd\u2019hui les revenus engrang\u00e9s cette ann\u00e9es, notamment \u00e0 la faveur de la hausse des exportations en valeur et en volume, particuli\u00e8rement dans les hydrocarbures. Une \u00e9volution de la situation \u00e9conomique qui tend \u00e0 permettre \u00e0 l\u2019Alg\u00e9rie de disposer des capacit\u00e9s pour \u00ab r\u00e9cup\u00e9rer, \u00e0 moyen terme, la valeur du dinar \u00bb. Une d\u00e9claration loin d\u2019\u00eatre anodine d\u2019autant qu\u2019elle ouvre la voie \u00e0 une appr\u00e9ciation du dinar au cours des prochains moins. Bien que la gestion de la politique mon\u00e9taire et des changes rel\u00e8ve de la Banque d\u2019Alg\u00e9rie, le propos tenu par le pr\u00e9sident de la R\u00e9publique dimanche permet de s\u2019attendre \u00e0 un ajustement du r\u00e9gime des change du dinar, soumis \u00e0 un r\u00e9gime de flottement dirig\u00e9. Une politique des changes qui a induit une d\u00e9pr\u00e9ciation continue du dinar depuis au moins 2014, apr\u00e8s le retournement du march\u00e9 p\u00e9trolier laquelle a induit une baisse des revenus p\u00e9troliers. Argument qui a d\u2019ailleurs \u00e9t\u00e9, \u00e0 maintes fois, mis en avant par l\u2019Autorit\u00e9 mon\u00e9taire afin de justifier la baisse de la valeur du dinar jusqu\u2019\u00e0 atteindre des taux de change nominaux records \u00e0 plus de 160 dinars pour un euro. Aujourd\u2019hui avec l\u2019appr\u00e9ciation du dollar, le billet vert s\u2019\u00e9change \u00e0 plus de 145 dollars. Il est cependant vrai que la d\u00e9pr\u00e9ciation du dinar a \u00e9galement servi d\u2019outil pour apporter certaines solutions \u00e0 certaines probl\u00e9matiques imm\u00e9diates de la politique \u00e9conomique. Elle a ainsi permis de gonfler des recettes budg\u00e9taires exprim\u00e9es en dinars, dans un contexte de baisse des revenus p\u00e9troliers et gaziers, qui sont, eux, exprim\u00e9s en dollars. Elle a \u00e9galement permis d\u2019affaiblir le pouvoir d\u2019achat \u00e0 l\u2019import en rench\u00e9rissant les co\u00fbts des produits import\u00e9s. Mais cette politique a \u00e9galement eu un effet pervers, celui d\u2019alimenter l\u2019inflation. Dans un contexte d\u2019une inflation galopante au niveau mondial, le maintien d\u2019un dinar d\u00e9pr\u00e9ci\u00e9 ne semble plus pertinente d\u2019autant plus que les priorit\u00e9s ont chang\u00e9. L\u2019appr\u00e9ciation de la monnaie nationale servirait ainsi d\u2019instrument pour contenir l\u2019inflation et contribuerait \u00e0 am\u00e9liorer le pouvoir d\u2019achat. Ce serait ainsi un instrument de politique mon\u00e9taire qui servirait un objectif de politique socio-\u00e9conomique.&nbsp;<\/p>\n\n\n\n<p><strong>Samira Ghrib<\/strong><\/p>\n","protected":false},"excerpt":{"rendered":"<p>Le pr\u00e9sident de la R\u00e9publique Abdelmadjid Tebboune a assur\u00e9 dimanche soir que les revenus engrang\u00e9s cette ann\u00e9e permettront de financer<\/p>\n","protected":false},"author":3,"featured_media":25113,"comment_status":"open","ping_status":"closed","sticky":false,"template":"","format":"standard","meta":{"colormag_page_container_layout":"default_layout","colormag_page_sidebar_layout":"default_layout","om_disable_all_campaigns":false,"_monsterinsights_skip_tracking":false,"_monsterinsights_sitenote_active":false,"_monsterinsights_sitenote_note":"","_monsterinsights_sitenote_category":0,"footnotes":"","_wpscppro_dont_share_socialmedia":false,"_wpscppro_custom_social_share_image":0,"_facebook_share_type":"","_twitter_share_type":"","_linkedin_share_type":"","_pinterest_share_type":"","_linkedin_share_type_page":"","_instagram_share_type":"","_medium_share_type":"","_threads_share_type":"","_google_business_share_type":"","_selected_social_profile":[],"_wpsp_enable_custom_social_template":false,"_wpsp_social_scheduling":{"enabled":false,"datetime":null,"platforms":[],"status":"template_only","dateOption":"today","timeOption":"now","customDays":"","customHours":"","customDate":"","customTime":"","schedulingType":"absolute"},"_wpsp_active_default_template":true},"categories":[52,29],"tags":[],"class_list":["post-25110","post","type-post","status-publish","format-standard","has-post-thumbnail","hentry","category-a-la-une","category-economie"],"aioseo_notices":[],"yoast_head":"<!-- This site is optimized with the Yoast SEO plugin v27.4 - https:\/\/yoast.com\/product\/yoast-seo-wordpress\/ -->\n<title>Salaires, pouvoir d\u2019achat et inflation\u00a0:\u00a0Le sens d\u2019une appr\u00e9ciation du dinar - La Sentinelle<\/title>\n<meta name=\"robots\" content=\"index, follow, max-snippet:-1, max-image-preview:large, max-video-preview:-1\" \/>\n<link rel=\"canonical\" href=\"https:\/\/lasentinelle.dz\/index.php\/2022\/08\/02\/salaires-pouvoir-dachat-et-inflation-le-sens-dune-appreciation-du-dinar\/\" \/>\n<meta property=\"og:locale\" content=\"fr_FR\" \/>\n<meta property=\"og:type\" content=\"article\" \/>\n<meta property=\"og:title\" content=\"Salaires, pouvoir d\u2019achat et inflation\u00a0:\u00a0Le sens d\u2019une appr\u00e9ciation du dinar - La Sentinelle\" \/>\n<meta property=\"og:description\" content=\"Le pr\u00e9sident de la R\u00e9publique Abdelmadjid Tebboune a assur\u00e9 dimanche soir que les revenus engrang\u00e9s cette ann\u00e9e permettront de financer\" \/>\n<meta property=\"og:url\" content=\"https:\/\/lasentinelle.dz\/index.php\/2022\/08\/02\/salaires-pouvoir-dachat-et-inflation-le-sens-dune-appreciation-du-dinar\/\" \/>\n<meta property=\"og:site_name\" content=\"La Sentinelle\" \/>\n<meta property=\"article:publisher\" content=\"https:\/\/www.facebook.com\/La-Sentinelle-104059864394773\" \/>\n<meta property=\"article:published_time\" content=\"2022-08-01T23:05:00+00:00\" \/>\n<meta property=\"article:modified_time\" content=\"2022-08-02T13:10:29+00:00\" \/>\n<meta property=\"og:image\" content=\"https:\/\/lasentinelle.dz\/wp-content\/uploads\/2022\/08\/argen.png\" \/>\n\t<meta property=\"og:image:width\" content=\"1123\" \/>\n\t<meta property=\"og:image:height\" content=\"900\" \/>\n\t<meta property=\"og:image:type\" content=\"image\/png\" \/>\n<meta name=\"author\" content=\"La Sentinelle\" \/>\n<meta name=\"twitter:card\" content=\"summary_large_image\" \/>\n<meta name=\"twitter:label1\" content=\"\u00c9crit par\" \/>\n\t<meta name=\"twitter:data1\" content=\"La Sentinelle\" \/>\n\t<meta name=\"twitter:label2\" content=\"Dur\u00e9e de lecture estim\u00e9e\" \/>\n\t<meta name=\"twitter:data2\" content=\"3 minutes\" \/>\n<script type=\"application\/ld+json\" class=\"yoast-schema-graph\">{\"@context\":\"https:\\\/\\\/schema.org\",\"@graph\":[{\"@type\":\"Article\",\"@id\":\"https:\\\/\\\/lasentinelle.dz\\\/index.php\\\/2022\\\/08\\\/02\\\/salaires-pouvoir-dachat-et-inflation-le-sens-dune-appreciation-du-dinar\\\/#article\",\"isPartOf\":{\"@id\":\"https:\\\/\\\/lasentinelle.dz\\\/index.php\\\/2022\\\/08\\\/02\\\/salaires-pouvoir-dachat-et-inflation-le-sens-dune-appreciation-du-dinar\\\/\"},\"author\":{\"name\":\"La Sentinelle\",\"@id\":\"https:\\\/\\\/lasentinelle.dz\\\/#\\\/schema\\\/person\\\/d865044e22e70a75174ce8bcad3acfb3\"},\"headline\":\"Salaires, pouvoir d\u2019achat et inflation\u00a0:\u00a0Le sens d\u2019une appr\u00e9ciation du dinar\",\"datePublished\":\"2022-08-01T23:05:00+00:00\",\"dateModified\":\"2022-08-02T13:10:29+00:00\",\"mainEntityOfPage\":{\"@id\":\"https:\\\/\\\/lasentinelle.dz\\\/index.php\\\/2022\\\/08\\\/02\\\/salaires-pouvoir-dachat-et-inflation-le-sens-dune-appreciation-du-dinar\\\/\"},\"wordCount\":664,\"commentCount\":0,\"publisher\":{\"@id\":\"https:\\\/\\\/lasentinelle.dz\\\/#organization\"},\"image\":{\"@id\":\"https:\\\/\\\/lasentinelle.dz\\\/index.php\\\/2022\\\/08\\\/02\\\/salaires-pouvoir-dachat-et-inflation-le-sens-dune-appreciation-du-dinar\\\/#primaryimage\"},\"thumbnailUrl\":\"https:\\\/\\\/lasentinelle.dz\\\/wp-content\\\/uploads\\\/2022\\\/08\\\/argen.png\",\"articleSection\":[\"\u00c0 la Une\",\"\u00c9conomie\"],\"inLanguage\":\"fr-FR\",\"potentialAction\":[{\"@type\":\"CommentAction\",\"name\":\"Comment\",\"target\":[\"https:\\\/\\\/lasentinelle.dz\\\/index.php\\\/2022\\\/08\\\/02\\\/salaires-pouvoir-dachat-et-inflation-le-sens-dune-appreciation-du-dinar\\\/#respond\"]}]},{\"@type\":\"WebPage\",\"@id\":\"https:\\\/\\\/lasentinelle.dz\\\/index.php\\\/2022\\\/08\\\/02\\\/salaires-pouvoir-dachat-et-inflation-le-sens-dune-appreciation-du-dinar\\\/\",\"url\":\"https:\\\/\\\/lasentinelle.dz\\\/index.php\\\/2022\\\/08\\\/02\\\/salaires-pouvoir-dachat-et-inflation-le-sens-dune-appreciation-du-dinar\\\/\",\"name\":\"Salaires, pouvoir d\u2019achat et inflation\u00a0:\u00a0Le sens d\u2019une appr\u00e9ciation du dinar - La Sentinelle\",\"isPartOf\":{\"@id\":\"https:\\\/\\\/lasentinelle.dz\\\/#website\"},\"primaryImageOfPage\":{\"@id\":\"https:\\\/\\\/lasentinelle.dz\\\/index.php\\\/2022\\\/08\\\/02\\\/salaires-pouvoir-dachat-et-inflation-le-sens-dune-appreciation-du-dinar\\\/#primaryimage\"},\"image\":{\"@id\":\"https:\\\/\\\/lasentinelle.dz\\\/index.php\\\/2022\\\/08\\\/02\\\/salaires-pouvoir-dachat-et-inflation-le-sens-dune-appreciation-du-dinar\\\/#primaryimage\"},\"thumbnailUrl\":\"https:\\\/\\\/lasentinelle.dz\\\/wp-content\\\/uploads\\\/2022\\\/08\\\/argen.png\",\"datePublished\":\"2022-08-01T23:05:00+00:00\",\"dateModified\":\"2022-08-02T13:10:29+00:00\",\"breadcrumb\":{\"@id\":\"https:\\\/\\\/lasentinelle.dz\\\/index.php\\\/2022\\\/08\\\/02\\\/salaires-pouvoir-dachat-et-inflation-le-sens-dune-appreciation-du-dinar\\\/#breadcrumb\"},\"inLanguage\":\"fr-FR\",\"potentialAction\":[{\"@type\":\"ReadAction\",\"target\":[\"https:\\\/\\\/lasentinelle.dz\\\/index.php\\\/2022\\\/08\\\/02\\\/salaires-pouvoir-dachat-et-inflation-le-sens-dune-appreciation-du-dinar\\\/\"]}]},{\"@type\":\"ImageObject\",\"inLanguage\":\"fr-FR\",\"@id\":\"https:\\\/\\\/lasentinelle.dz\\\/index.php\\\/2022\\\/08\\\/02\\\/salaires-pouvoir-dachat-et-inflation-le-sens-dune-appreciation-du-dinar\\\/#primaryimage\",\"url\":\"https:\\\/\\\/lasentinelle.dz\\\/wp-content\\\/uploads\\\/2022\\\/08\\\/argen.png\",\"contentUrl\":\"https:\\\/\\\/lasentinelle.dz\\\/wp-content\\\/uploads\\\/2022\\\/08\\\/argen.png\",\"width\":1123,\"height\":900},{\"@type\":\"BreadcrumbList\",\"@id\":\"https:\\\/\\\/lasentinelle.dz\\\/index.php\\\/2022\\\/08\\\/02\\\/salaires-pouvoir-dachat-et-inflation-le-sens-dune-appreciation-du-dinar\\\/#breadcrumb\",\"itemListElement\":[{\"@type\":\"ListItem\",\"position\":1,\"name\":\"Accueil\",\"item\":\"https:\\\/\\\/lasentinelle.dz\\\/\"},{\"@type\":\"ListItem\",\"position\":2,\"name\":\"Salaires, pouvoir d\u2019achat et inflation\u00a0:\u00a0Le sens d\u2019une appr\u00e9ciation du dinar\"}]},{\"@type\":\"WebSite\",\"@id\":\"https:\\\/\\\/lasentinelle.dz\\\/#website\",\"url\":\"https:\\\/\\\/lasentinelle.dz\\\/\",\"name\":\"La Sentinelle\",\"description\":\"Quotidien national d&#039;information\",\"publisher\":{\"@id\":\"https:\\\/\\\/lasentinelle.dz\\\/#organization\"},\"potentialAction\":[{\"@type\":\"SearchAction\",\"target\":{\"@type\":\"EntryPoint\",\"urlTemplate\":\"https:\\\/\\\/lasentinelle.dz\\\/?s={search_term_string}\"},\"query-input\":{\"@type\":\"PropertyValueSpecification\",\"valueRequired\":true,\"valueName\":\"search_term_string\"}}],\"inLanguage\":\"fr-FR\"},{\"@type\":\"Organization\",\"@id\":\"https:\\\/\\\/lasentinelle.dz\\\/#organization\",\"name\":\"Quotidien La Sentinelle\",\"url\":\"https:\\\/\\\/lasentinelle.dz\\\/\",\"logo\":{\"@type\":\"ImageObject\",\"inLanguage\":\"fr-FR\",\"@id\":\"https:\\\/\\\/lasentinelle.dz\\\/#\\\/schema\\\/logo\\\/image\\\/\",\"url\":\"https:\\\/\\\/lasentinelle.dz\\\/wp-content\\\/uploads\\\/2021\\\/09\\\/logo-sentinelleSLOGAN-1.png\",\"contentUrl\":\"https:\\\/\\\/lasentinelle.dz\\\/wp-content\\\/uploads\\\/2021\\\/09\\\/logo-sentinelleSLOGAN-1.png\",\"width\":615,\"height\":142,\"caption\":\"Quotidien La Sentinelle\"},\"image\":{\"@id\":\"https:\\\/\\\/lasentinelle.dz\\\/#\\\/schema\\\/logo\\\/image\\\/\"},\"sameAs\":[\"https:\\\/\\\/www.facebook.com\\\/La-Sentinelle-104059864394773\"]},{\"@type\":\"Person\",\"@id\":\"https:\\\/\\\/lasentinelle.dz\\\/#\\\/schema\\\/person\\\/d865044e22e70a75174ce8bcad3acfb3\",\"name\":\"La Sentinelle\",\"image\":{\"@type\":\"ImageObject\",\"inLanguage\":\"fr-FR\",\"@id\":\"https:\\\/\\\/secure.gravatar.com\\\/avatar\\\/57de8e5d4b15d43fb361a71fbb36338450fe67865b528a43dd10ef7c51a20392?s=96&d=mm&r=g\",\"url\":\"https:\\\/\\\/secure.gravatar.com\\\/avatar\\\/57de8e5d4b15d43fb361a71fbb36338450fe67865b528a43dd10ef7c51a20392?s=96&d=mm&r=g\",\"contentUrl\":\"https:\\\/\\\/secure.gravatar.com\\\/avatar\\\/57de8e5d4b15d43fb361a71fbb36338450fe67865b528a43dd10ef7c51a20392?s=96&d=mm&r=g\",\"caption\":\"La Sentinelle\"},\"sameAs\":[\"http:\\\/\\\/www.lasentinelle.dz\"],\"url\":\"https:\\\/\\\/lasentinelle.dz\\\/author\\\/redaction\\\/\"}]}<\/script>\n<!-- \/ Yoast SEO plugin. -->","yoast_head_json":{"title":"Salaires, pouvoir d\u2019achat et inflation\u00a0:\u00a0Le sens d\u2019une appr\u00e9ciation du dinar - La Sentinelle","robots":{"index":"index","follow":"follow","max-snippet":"max-snippet:-1","max-image-preview":"max-image-preview:large","max-video-preview":"max-video-preview:-1"},"canonical":"https:\/\/lasentinelle.dz\/index.php\/2022\/08\/02\/salaires-pouvoir-dachat-et-inflation-le-sens-dune-appreciation-du-dinar\/","og_locale":"fr_FR","og_type":"article","og_title":"Salaires, pouvoir d\u2019achat et inflation\u00a0:\u00a0Le sens d\u2019une appr\u00e9ciation du dinar - La Sentinelle","og_description":"Le pr\u00e9sident de la R\u00e9publique Abdelmadjid Tebboune a assur\u00e9 dimanche soir que les revenus engrang\u00e9s cette ann\u00e9e permettront de financer","og_url":"https:\/\/lasentinelle.dz\/index.php\/2022\/08\/02\/salaires-pouvoir-dachat-et-inflation-le-sens-dune-appreciation-du-dinar\/","og_site_name":"La Sentinelle","article_publisher":"https:\/\/www.facebook.com\/La-Sentinelle-104059864394773","article_published_time":"2022-08-01T23:05:00+00:00","article_modified_time":"2022-08-02T13:10:29+00:00","og_image":[{"width":1123,"height":900,"url":"https:\/\/lasentinelle.dz\/wp-content\/uploads\/2022\/08\/argen.png","type":"image\/png"}],"author":"La Sentinelle","twitter_card":"summary_large_image","twitter_misc":{"\u00c9crit par":"La Sentinelle","Dur\u00e9e de lecture estim\u00e9e":"3 minutes"},"schema":{"@context":"https:\/\/schema.org","@graph":[{"@type":"Article","@id":"https:\/\/lasentinelle.dz\/index.php\/2022\/08\/02\/salaires-pouvoir-dachat-et-inflation-le-sens-dune-appreciation-du-dinar\/#article","isPartOf":{"@id":"https:\/\/lasentinelle.dz\/index.php\/2022\/08\/02\/salaires-pouvoir-dachat-et-inflation-le-sens-dune-appreciation-du-dinar\/"},"author":{"name":"La Sentinelle","@id":"https:\/\/lasentinelle.dz\/#\/schema\/person\/d865044e22e70a75174ce8bcad3acfb3"},"headline":"Salaires, pouvoir d\u2019achat et inflation\u00a0:\u00a0Le sens d\u2019une appr\u00e9ciation du dinar","datePublished":"2022-08-01T23:05:00+00:00","dateModified":"2022-08-02T13:10:29+00:00","mainEntityOfPage":{"@id":"https:\/\/lasentinelle.dz\/index.php\/2022\/08\/02\/salaires-pouvoir-dachat-et-inflation-le-sens-dune-appreciation-du-dinar\/"},"wordCount":664,"commentCount":0,"publisher":{"@id":"https:\/\/lasentinelle.dz\/#organization"},"image":{"@id":"https:\/\/lasentinelle.dz\/index.php\/2022\/08\/02\/salaires-pouvoir-dachat-et-inflation-le-sens-dune-appreciation-du-dinar\/#primaryimage"},"thumbnailUrl":"https:\/\/lasentinelle.dz\/wp-content\/uploads\/2022\/08\/argen.png","articleSection":["\u00c0 la Une","\u00c9conomie"],"inLanguage":"fr-FR","potentialAction":[{"@type":"CommentAction","name":"Comment","target":["https:\/\/lasentinelle.dz\/index.php\/2022\/08\/02\/salaires-pouvoir-dachat-et-inflation-le-sens-dune-appreciation-du-dinar\/#respond"]}]},{"@type":"WebPage","@id":"https:\/\/lasentinelle.dz\/index.php\/2022\/08\/02\/salaires-pouvoir-dachat-et-inflation-le-sens-dune-appreciation-du-dinar\/","url":"https:\/\/lasentinelle.dz\/index.php\/2022\/08\/02\/salaires-pouvoir-dachat-et-inflation-le-sens-dune-appreciation-du-dinar\/","name":"Salaires, pouvoir d\u2019achat et inflation\u00a0:\u00a0Le sens d\u2019une appr\u00e9ciation du dinar - La Sentinelle","isPartOf":{"@id":"https:\/\/lasentinelle.dz\/#website"},"primaryImageOfPage":{"@id":"https:\/\/lasentinelle.dz\/index.php\/2022\/08\/02\/salaires-pouvoir-dachat-et-inflation-le-sens-dune-appreciation-du-dinar\/#primaryimage"},"image":{"@id":"https:\/\/lasentinelle.dz\/index.php\/2022\/08\/02\/salaires-pouvoir-dachat-et-inflation-le-sens-dune-appreciation-du-dinar\/#primaryimage"},"thumbnailUrl":"https:\/\/lasentinelle.dz\/wp-content\/uploads\/2022\/08\/argen.png","datePublished":"2022-08-01T23:05:00+00:00","dateModified":"2022-08-02T13:10:29+00:00","breadcrumb":{"@id":"https:\/\/lasentinelle.dz\/index.php\/2022\/08\/02\/salaires-pouvoir-dachat-et-inflation-le-sens-dune-appreciation-du-dinar\/#breadcrumb"},"inLanguage":"fr-FR","potentialAction":[{"@type":"ReadAction","target":["https:\/\/lasentinelle.dz\/index.php\/2022\/08\/02\/salaires-pouvoir-dachat-et-inflation-le-sens-dune-appreciation-du-dinar\/"]}]},{"@type":"ImageObject","inLanguage":"fr-FR","@id":"https:\/\/lasentinelle.dz\/index.php\/2022\/08\/02\/salaires-pouvoir-dachat-et-inflation-le-sens-dune-appreciation-du-dinar\/#primaryimage","url":"https:\/\/lasentinelle.dz\/wp-content\/uploads\/2022\/08\/argen.png","contentUrl":"https:\/\/lasentinelle.dz\/wp-content\/uploads\/2022\/08\/argen.png","width":1123,"height":900},{"@type":"BreadcrumbList","@id":"https:\/\/lasentinelle.dz\/index.php\/2022\/08\/02\/salaires-pouvoir-dachat-et-inflation-le-sens-dune-appreciation-du-dinar\/#breadcrumb","itemListElement":[{"@type":"ListItem","position":1,"name":"Accueil","item":"https:\/\/lasentinelle.dz\/"},{"@type":"ListItem","position":2,"name":"Salaires, pouvoir d\u2019achat et inflation\u00a0:\u00a0Le sens d\u2019une appr\u00e9ciation du dinar"}]},{"@type":"WebSite","@id":"https:\/\/lasentinelle.dz\/#website","url":"https:\/\/lasentinelle.dz\/","name":"La Sentinelle","description":"Quotidien national d&#039;information","publisher":{"@id":"https:\/\/lasentinelle.dz\/#organization"},"potentialAction":[{"@type":"SearchAction","target":{"@type":"EntryPoint","urlTemplate":"https:\/\/lasentinelle.dz\/?s={search_term_string}"},"query-input":{"@type":"PropertyValueSpecification","valueRequired":true,"valueName":"search_term_string"}}],"inLanguage":"fr-FR"},{"@type":"Organization","@id":"https:\/\/lasentinelle.dz\/#organization","name":"Quotidien La Sentinelle","url":"https:\/\/lasentinelle.dz\/","logo":{"@type":"ImageObject","inLanguage":"fr-FR","@id":"https:\/\/lasentinelle.dz\/#\/schema\/logo\/image\/","url":"https:\/\/lasentinelle.dz\/wp-content\/uploads\/2021\/09\/logo-sentinelleSLOGAN-1.png","contentUrl":"https:\/\/lasentinelle.dz\/wp-content\/uploads\/2021\/09\/logo-sentinelleSLOGAN-1.png","width":615,"height":142,"caption":"Quotidien La Sentinelle"},"image":{"@id":"https:\/\/lasentinelle.dz\/#\/schema\/logo\/image\/"},"sameAs":["https:\/\/www.facebook.com\/La-Sentinelle-104059864394773"]},{"@type":"Person","@id":"https:\/\/lasentinelle.dz\/#\/schema\/person\/d865044e22e70a75174ce8bcad3acfb3","name":"La Sentinelle","image":{"@type":"ImageObject","inLanguage":"fr-FR","@id":"https:\/\/secure.gravatar.com\/avatar\/57de8e5d4b15d43fb361a71fbb36338450fe67865b528a43dd10ef7c51a20392?s=96&d=mm&r=g","url":"https:\/\/secure.gravatar.com\/avatar\/57de8e5d4b15d43fb361a71fbb36338450fe67865b528a43dd10ef7c51a20392?s=96&d=mm&r=g","contentUrl":"https:\/\/secure.gravatar.com\/avatar\/57de8e5d4b15d43fb361a71fbb36338450fe67865b528a43dd10ef7c51a20392?s=96&d=mm&r=g","caption":"La Sentinelle"},"sameAs":["http:\/\/www.lasentinelle.dz"],"url":"https:\/\/lasentinelle.dz\/author\/redaction\/"}]}},"_links":{"self":[{"href":"https:\/\/lasentinelle.dz\/index.php\/wp-json\/wp\/v2\/posts\/25110","targetHints":{"allow":["GET"]}}],"collection":[{"href":"https:\/\/lasentinelle.dz\/index.php\/wp-json\/wp\/v2\/posts"}],"about":[{"href":"https:\/\/lasentinelle.dz\/index.php\/wp-json\/wp\/v2\/types\/post"}],"author":[{"embeddable":true,"href":"https:\/\/lasentinelle.dz\/index.php\/wp-json\/wp\/v2\/users\/3"}],"replies":[{"embeddable":true,"href":"https:\/\/lasentinelle.dz\/index.php\/wp-json\/wp\/v2\/comments?post=25110"}],"version-history":[{"count":1,"href":"https:\/\/lasentinelle.dz\/index.php\/wp-json\/wp\/v2\/posts\/25110\/revisions"}],"predecessor-version":[{"id":25114,"href":"https:\/\/lasentinelle.dz\/index.php\/wp-json\/wp\/v2\/posts\/25110\/revisions\/25114"}],"wp:featuredmedia":[{"embeddable":true,"href":"https:\/\/lasentinelle.dz\/index.php\/wp-json\/wp\/v2\/media\/25113"}],"wp:attachment":[{"href":"https:\/\/lasentinelle.dz\/index.php\/wp-json\/wp\/v2\/media?parent=25110"}],"wp:term":[{"taxonomy":"category","embeddable":true,"href":"https:\/\/lasentinelle.dz\/index.php\/wp-json\/wp\/v2\/categories?post=25110"},{"taxonomy":"post_tag","embeddable":true,"href":"https:\/\/lasentinelle.dz\/index.php\/wp-json\/wp\/v2\/tags?post=25110"}],"curies":[{"name":"wp","href":"https:\/\/api.w.org\/{rel}","templated":true}]}}