{"id":25120,"date":"2022-08-03T00:01:00","date_gmt":"2022-08-02T23:01:00","guid":{"rendered":"https:\/\/lasentinelle.dz\/?p=25120"},"modified":"2022-08-02T16:48:15","modified_gmt":"2022-08-02T15:48:15","slug":"afghanistan-le-chef-dal-qaida-ayman-al-zawahiri-tue-dans-une-frappe-aerienne","status":"publish","type":"post","link":"https:\/\/lasentinelle.dz\/index.php\/2022\/08\/03\/afghanistan-le-chef-dal-qaida-ayman-al-zawahiri-tue-dans-une-frappe-aerienne\/","title":{"rendered":"Afghanistan\u00a0:\u00a0Le chef d&rsquo;Al-Qa\u00efda, Ayman al-Zawahiri, tu\u00e9 dans une frappe a\u00e9rienne\u00a0"},"content":{"rendered":"\n<p>Le chef d&rsquo;Al-Qa\u00efda, l&rsquo;Egyptien Ayman al-Zawahiri, a \u00e9t\u00e9 tu\u00e9 dans la nuit de samedi \u00e0 dimanche en Afghanistan par une frappe de drone am\u00e9ricain, a annonc\u00e9 lundi en direct \u00e0 la t\u00e9l\u00e9vision le pr\u00e9sident am\u00e9ricain Joe Biden.&nbsp;<\/p>\n\n\n\n<p>\u00ab\u00a0Samedi, sur mes ordres, les Etats-Unis ont men\u00e9 \u00e0 bien une frappe a\u00e9rienne sur Kaboul, en Afghanistan, qui a tu\u00e9 l&rsquo;\u00e9mir d&rsquo;Al-Qa\u00efda, Ayman al-Zawahiri\u00a0\u00bb, a-t-il lanc\u00e9 lors d&rsquo;une courte allocution depuis la Maison Blanche. \u00ab\u00a0Justice a \u00e9t\u00e9 rendue et ce dirigeant terroriste n&rsquo;est plus\u00a0\u00bb, a ajout\u00e9 Joe Biden. Zawahiri \u00e9tait l&rsquo;un des terroristes les plus recherch\u00e9s au monde et les Etats-Unis promettaient 25 millions de dollars pour tout renseignement permettant de le retrouver. Il avait pris la t\u00eate de la n\u00e9buleuse terroriste en 2011, apr\u00e8s la mort d&rsquo;Oussama Ben Laden, tu\u00e9 par un commando am\u00e9ricain au Pakistan. Introuvable depuis plus de dix ans, il \u00e9tait consid\u00e9r\u00e9 comme un des cerveaux des attentats du 11-Septembre, qui avaient fait pr\u00e8s de 3.000 morts aux Etats-Unis.&nbsp;<\/p>\n\n\n\n<p>L&rsquo;attaque au drone a \u00e9t\u00e9 men\u00e9e \u00e0 l&rsquo;aide de deux missiles Hellfire et sans aucune pr\u00e9sence militaire am\u00e9ricaine au sol, a pr\u00e9cis\u00e9 un responsable am\u00e9ricain. Ayman al-Zawahiri avait \u00e9t\u00e9 rep\u00e9r\u00e9 \u00ab\u00a0\u00e0 de multiples reprises et pour de longues dur\u00e9es sur le balcon o\u00f9 il a finalement \u00e9t\u00e9 touch\u00e9\u00a0\u00bb dans la capitale afghane, a-t-il ajout\u00e9. Mais le b\u00e2timent ne porte pas de traces d&rsquo;explosion et personne n&rsquo;a \u00e9t\u00e9 bless\u00e9 dans l&rsquo;op\u00e9ration. Ces deux \u00e9l\u00e9ments laissent penser que les Am\u00e9ricains ont fait usage du Hellfire R9X, un missile \u00e9quip\u00e9 de six lames en forme de rasoir, qui tranche \u00e0 travers sa cible mais n&rsquo;explose pas. La maison de trois \u00e9tages est situ\u00e9e \u00e0 Sherpur, quartier ais\u00e9 de la capitale afghane, o\u00f9 plusieurs villas sont occup\u00e9es par des responsables et des commandants talibans de haut rang. Plusieurs habitants interrog\u00e9s par l&rsquo;AFP pensaient que la demeure \u00e9tait vide. \u00ab\u00a0Nous n&rsquo;avons vu personne y vivre depuis pr\u00e8s d&rsquo;un an\u00a0\u00bb, a assur\u00e9 un employ\u00e9 d&rsquo;un bureau voisin. La maison \u00ab\u00a0a toujours \u00e9t\u00e9 (plong\u00e9e) dans le noir, sans une seule ampoule allum\u00e9e\u00a0\u00bb.&nbsp;<\/p>\n\n\n\n<p>Dimanche, le ministre afghan de l&rsquo;Int\u00e9rieur avait d\u00e9menti les informations faisant \u00e9tat d&rsquo;une frappe de drone \u00e0 Kaboul, indiquant \u00e0 l&rsquo;AFP qu&rsquo;une roquette avait touch\u00e9 \u00ab\u00a0une maison vide\u00a0\u00bb de la capitale. La pr\u00e9sence d&rsquo;Ayman al-Zawahiri \u00e0 Kaboul constitue par ailleurs une \u00ab\u00a0violation claire\u00a0\u00bb des accords conclus \u00e0 Doha en 2020 avec les talibans, qui s&rsquo;\u00e9taient engag\u00e9s \u00e0 ne pas accueillir Al-Qa\u00efda sur leur sol, a not\u00e9 le haut responsable am\u00e9ricain. Le secr\u00e9taire d&rsquo;Etat am\u00e9ricain Antony Blinken a ajout\u00e9 lundi qu&rsquo;en \u00ab\u00a0h\u00e9bergeant et en abritant\u00a0\u00bb Zawahiri, les talibans ont \u00ab\u00a0grossi\u00e8rement viol\u00e9 l&rsquo;accord de Doha\u00a0\u00bb qui pr\u00e9voyait le d\u00e9part des troupes am\u00e9ricaines d&rsquo;Afghanistan. M. Zabihullah, a accus\u00e9 de son c\u00f4t\u00e9 les Etats-Unis d&rsquo;avoir d\u00e9rog\u00e9 \u00e0 ces accords, en conduisant une frappe sur leur territoire. \u00ab\u00a0De telles actions constituent une r\u00e9p\u00e9tition des exp\u00e9riences rat\u00e9es des 20 derni\u00e8res ann\u00e9es et sont contraires aux int\u00e9r\u00eats des \u00c9tats-Unis d&rsquo;Am\u00e9rique, de l&rsquo;Afghanistan et de la r\u00e9gion\u00a0\u00bb, a-t-il estim\u00e9.&nbsp;<\/p>\n\n\n\n<p><strong>K.L. et agences&nbsp;<\/strong><\/p>\n","protected":false},"excerpt":{"rendered":"<p>Le chef d&rsquo;Al-Qa\u00efda, l&rsquo;Egyptien Ayman al-Zawahiri, a \u00e9t\u00e9 tu\u00e9 dans la nuit de samedi \u00e0 dimanche en Afghanistan par une<\/p>\n","protected":false},"author":3,"featured_media":25133,"comment_status":"open","ping_status":"closed","sticky":false,"template":"","format":"standard","meta":{"colormag_page_container_layout":"default_layout","colormag_page_sidebar_layout":"default_layout","om_disable_all_campaigns":false,"_monsterinsights_skip_tracking":false,"_monsterinsights_sitenote_active":false,"_monsterinsights_sitenote_note":"","_monsterinsights_sitenote_category":0,"footnotes":"","_wpscppro_dont_share_socialmedia":false,"_wpscppro_custom_social_share_image":0,"_facebook_share_type":"","_twitter_share_type":"","_linkedin_share_type":"","_pinterest_share_type":"","_linkedin_share_type_page":"","_instagram_share_type":"","_medium_share_type":"","_threads_share_type":"","_google_business_share_type":"","_selected_social_profile":[],"_wpsp_enable_custom_social_template":false,"_wpsp_social_scheduling":{"enabled":false,"datetime":null,"platforms":[],"status":"template_only","dateOption":"today","timeOption":"now","customDays":"","customHours":"","customDate":"","customTime":"","schedulingType":"absolute"},"_wpsp_active_default_template":true},"categories":[37],"tags":[],"class_list":["post-25120","post","type-post","status-publish","format-standard","has-post-thumbnail","hentry","category-monde"],"aioseo_notices":[],"yoast_head":"<!-- This site is optimized with the Yoast SEO plugin v27.5 - https:\/\/yoast.com\/product\/yoast-seo-wordpress\/ -->\n<title>Afghanistan\u00a0:\u00a0Le chef d&rsquo;Al-Qa\u00efda, Ayman al-Zawahiri, tu\u00e9 dans une frappe a\u00e9rienne\u00a0 - La Sentinelle<\/title>\n<meta name=\"robots\" content=\"index, follow, max-snippet:-1, max-image-preview:large, max-video-preview:-1\" \/>\n<link rel=\"canonical\" href=\"https:\/\/lasentinelle.dz\/index.php\/2022\/08\/03\/afghanistan-le-chef-dal-qaida-ayman-al-zawahiri-tue-dans-une-frappe-aerienne\/\" \/>\n<meta property=\"og:locale\" content=\"fr_FR\" \/>\n<meta property=\"og:type\" content=\"article\" \/>\n<meta property=\"og:title\" content=\"Afghanistan\u00a0:\u00a0Le chef d&rsquo;Al-Qa\u00efda, Ayman al-Zawahiri, tu\u00e9 dans une frappe a\u00e9rienne\u00a0 - La Sentinelle\" \/>\n<meta property=\"og:description\" content=\"Le chef d&rsquo;Al-Qa\u00efda, l&rsquo;Egyptien Ayman al-Zawahiri, a \u00e9t\u00e9 tu\u00e9 dans la nuit de samedi \u00e0 dimanche en Afghanistan par une\" \/>\n<meta property=\"og:url\" content=\"https:\/\/lasentinelle.dz\/index.php\/2022\/08\/03\/afghanistan-le-chef-dal-qaida-ayman-al-zawahiri-tue-dans-une-frappe-aerienne\/\" \/>\n<meta property=\"og:site_name\" content=\"La Sentinelle\" \/>\n<meta property=\"article:publisher\" content=\"https:\/\/www.facebook.com\/La-Sentinelle-104059864394773\" \/>\n<meta property=\"article:published_time\" content=\"2022-08-02T23:01:00+00:00\" \/>\n<meta property=\"og:image\" content=\"https:\/\/lasentinelle.dz\/wp-content\/uploads\/2022\/08\/aymen.png\" \/>\n\t<meta property=\"og:image:width\" content=\"1350\" \/>\n\t<meta property=\"og:image:height\" content=\"900\" \/>\n\t<meta property=\"og:image:type\" content=\"image\/png\" \/>\n<meta name=\"author\" content=\"La Sentinelle\" \/>\n<meta name=\"twitter:card\" content=\"summary_large_image\" \/>\n<meta name=\"twitter:label1\" content=\"\u00c9crit par\" \/>\n\t<meta name=\"twitter:data1\" content=\"La Sentinelle\" \/>\n\t<meta name=\"twitter:label2\" content=\"Dur\u00e9e de lecture estim\u00e9e\" \/>\n\t<meta name=\"twitter:data2\" content=\"3 minutes\" \/>\n<script type=\"application\/ld+json\" class=\"yoast-schema-graph\">{\"@context\":\"https:\\\/\\\/schema.org\",\"@graph\":[{\"@type\":\"Article\",\"@id\":\"https:\\\/\\\/lasentinelle.dz\\\/index.php\\\/2022\\\/08\\\/03\\\/afghanistan-le-chef-dal-qaida-ayman-al-zawahiri-tue-dans-une-frappe-aerienne\\\/#article\",\"isPartOf\":{\"@id\":\"https:\\\/\\\/lasentinelle.dz\\\/index.php\\\/2022\\\/08\\\/03\\\/afghanistan-le-chef-dal-qaida-ayman-al-zawahiri-tue-dans-une-frappe-aerienne\\\/\"},\"author\":{\"name\":\"La Sentinelle\",\"@id\":\"https:\\\/\\\/lasentinelle.dz\\\/#\\\/schema\\\/person\\\/d865044e22e70a75174ce8bcad3acfb3\"},\"headline\":\"Afghanistan\u00a0:\u00a0Le chef d&rsquo;Al-Qa\u00efda, Ayman al-Zawahiri, tu\u00e9 dans une frappe a\u00e9rienne\u00a0\",\"datePublished\":\"2022-08-02T23:01:00+00:00\",\"mainEntityOfPage\":{\"@id\":\"https:\\\/\\\/lasentinelle.dz\\\/index.php\\\/2022\\\/08\\\/03\\\/afghanistan-le-chef-dal-qaida-ayman-al-zawahiri-tue-dans-une-frappe-aerienne\\\/\"},\"wordCount\":581,\"commentCount\":0,\"publisher\":{\"@id\":\"https:\\\/\\\/lasentinelle.dz\\\/#organization\"},\"image\":{\"@id\":\"https:\\\/\\\/lasentinelle.dz\\\/index.php\\\/2022\\\/08\\\/03\\\/afghanistan-le-chef-dal-qaida-ayman-al-zawahiri-tue-dans-une-frappe-aerienne\\\/#primaryimage\"},\"thumbnailUrl\":\"https:\\\/\\\/lasentinelle.dz\\\/wp-content\\\/uploads\\\/2022\\\/08\\\/aymen.png\",\"articleSection\":[\"Monde\"],\"inLanguage\":\"fr-FR\",\"potentialAction\":[{\"@type\":\"CommentAction\",\"name\":\"Comment\",\"target\":[\"https:\\\/\\\/lasentinelle.dz\\\/index.php\\\/2022\\\/08\\\/03\\\/afghanistan-le-chef-dal-qaida-ayman-al-zawahiri-tue-dans-une-frappe-aerienne\\\/#respond\"]}]},{\"@type\":\"WebPage\",\"@id\":\"https:\\\/\\\/lasentinelle.dz\\\/index.php\\\/2022\\\/08\\\/03\\\/afghanistan-le-chef-dal-qaida-ayman-al-zawahiri-tue-dans-une-frappe-aerienne\\\/\",\"url\":\"https:\\\/\\\/lasentinelle.dz\\\/index.php\\\/2022\\\/08\\\/03\\\/afghanistan-le-chef-dal-qaida-ayman-al-zawahiri-tue-dans-une-frappe-aerienne\\\/\",\"name\":\"Afghanistan\u00a0:\u00a0Le chef d&rsquo;Al-Qa\u00efda, Ayman al-Zawahiri, tu\u00e9 dans une frappe a\u00e9rienne\u00a0 - La Sentinelle\",\"isPartOf\":{\"@id\":\"https:\\\/\\\/lasentinelle.dz\\\/#website\"},\"primaryImageOfPage\":{\"@id\":\"https:\\\/\\\/lasentinelle.dz\\\/index.php\\\/2022\\\/08\\\/03\\\/afghanistan-le-chef-dal-qaida-ayman-al-zawahiri-tue-dans-une-frappe-aerienne\\\/#primaryimage\"},\"image\":{\"@id\":\"https:\\\/\\\/lasentinelle.dz\\\/index.php\\\/2022\\\/08\\\/03\\\/afghanistan-le-chef-dal-qaida-ayman-al-zawahiri-tue-dans-une-frappe-aerienne\\\/#primaryimage\"},\"thumbnailUrl\":\"https:\\\/\\\/lasentinelle.dz\\\/wp-content\\\/uploads\\\/2022\\\/08\\\/aymen.png\",\"datePublished\":\"2022-08-02T23:01:00+00:00\",\"breadcrumb\":{\"@id\":\"https:\\\/\\\/lasentinelle.dz\\\/index.php\\\/2022\\\/08\\\/03\\\/afghanistan-le-chef-dal-qaida-ayman-al-zawahiri-tue-dans-une-frappe-aerienne\\\/#breadcrumb\"},\"inLanguage\":\"fr-FR\",\"potentialAction\":[{\"@type\":\"ReadAction\",\"target\":[\"https:\\\/\\\/lasentinelle.dz\\\/index.php\\\/2022\\\/08\\\/03\\\/afghanistan-le-chef-dal-qaida-ayman-al-zawahiri-tue-dans-une-frappe-aerienne\\\/\"]}]},{\"@type\":\"ImageObject\",\"inLanguage\":\"fr-FR\",\"@id\":\"https:\\\/\\\/lasentinelle.dz\\\/index.php\\\/2022\\\/08\\\/03\\\/afghanistan-le-chef-dal-qaida-ayman-al-zawahiri-tue-dans-une-frappe-aerienne\\\/#primaryimage\",\"url\":\"https:\\\/\\\/lasentinelle.dz\\\/wp-content\\\/uploads\\\/2022\\\/08\\\/aymen.png\",\"contentUrl\":\"https:\\\/\\\/lasentinelle.dz\\\/wp-content\\\/uploads\\\/2022\\\/08\\\/aymen.png\",\"width\":1350,\"height\":900},{\"@type\":\"BreadcrumbList\",\"@id\":\"https:\\\/\\\/lasentinelle.dz\\\/index.php\\\/2022\\\/08\\\/03\\\/afghanistan-le-chef-dal-qaida-ayman-al-zawahiri-tue-dans-une-frappe-aerienne\\\/#breadcrumb\",\"itemListElement\":[{\"@type\":\"ListItem\",\"position\":1,\"name\":\"Accueil\",\"item\":\"https:\\\/\\\/lasentinelle.dz\\\/\"},{\"@type\":\"ListItem\",\"position\":2,\"name\":\"Afghanistan\u00a0:\u00a0Le chef d&rsquo;Al-Qa\u00efda, Ayman al-Zawahiri, tu\u00e9 dans une frappe a\u00e9rienne\u00a0\"}]},{\"@type\":\"WebSite\",\"@id\":\"https:\\\/\\\/lasentinelle.dz\\\/#website\",\"url\":\"https:\\\/\\\/lasentinelle.dz\\\/\",\"name\":\"La Sentinelle\",\"description\":\"Quotidien national d&#039;information\",\"publisher\":{\"@id\":\"https:\\\/\\\/lasentinelle.dz\\\/#organization\"},\"potentialAction\":[{\"@type\":\"SearchAction\",\"target\":{\"@type\":\"EntryPoint\",\"urlTemplate\":\"https:\\\/\\\/lasentinelle.dz\\\/?s={search_term_string}\"},\"query-input\":{\"@type\":\"PropertyValueSpecification\",\"valueRequired\":true,\"valueName\":\"search_term_string\"}}],\"inLanguage\":\"fr-FR\"},{\"@type\":\"Organization\",\"@id\":\"https:\\\/\\\/lasentinelle.dz\\\/#organization\",\"name\":\"Quotidien La Sentinelle\",\"url\":\"https:\\\/\\\/lasentinelle.dz\\\/\",\"logo\":{\"@type\":\"ImageObject\",\"inLanguage\":\"fr-FR\",\"@id\":\"https:\\\/\\\/lasentinelle.dz\\\/#\\\/schema\\\/logo\\\/image\\\/\",\"url\":\"https:\\\/\\\/lasentinelle.dz\\\/wp-content\\\/uploads\\\/2021\\\/09\\\/logo-sentinelleSLOGAN-1.png\",\"contentUrl\":\"https:\\\/\\\/lasentinelle.dz\\\/wp-content\\\/uploads\\\/2021\\\/09\\\/logo-sentinelleSLOGAN-1.png\",\"width\":615,\"height\":142,\"caption\":\"Quotidien La Sentinelle\"},\"image\":{\"@id\":\"https:\\\/\\\/lasentinelle.dz\\\/#\\\/schema\\\/logo\\\/image\\\/\"},\"sameAs\":[\"https:\\\/\\\/www.facebook.com\\\/La-Sentinelle-104059864394773\"]},{\"@type\":\"Person\",\"@id\":\"https:\\\/\\\/lasentinelle.dz\\\/#\\\/schema\\\/person\\\/d865044e22e70a75174ce8bcad3acfb3\",\"name\":\"La Sentinelle\",\"image\":{\"@type\":\"ImageObject\",\"inLanguage\":\"fr-FR\",\"@id\":\"https:\\\/\\\/secure.gravatar.com\\\/avatar\\\/57de8e5d4b15d43fb361a71fbb36338450fe67865b528a43dd10ef7c51a20392?s=96&d=mm&r=g\",\"url\":\"https:\\\/\\\/secure.gravatar.com\\\/avatar\\\/57de8e5d4b15d43fb361a71fbb36338450fe67865b528a43dd10ef7c51a20392?s=96&d=mm&r=g\",\"contentUrl\":\"https:\\\/\\\/secure.gravatar.com\\\/avatar\\\/57de8e5d4b15d43fb361a71fbb36338450fe67865b528a43dd10ef7c51a20392?s=96&d=mm&r=g\",\"caption\":\"La Sentinelle\"},\"sameAs\":[\"http:\\\/\\\/www.lasentinelle.dz\"],\"url\":\"https:\\\/\\\/lasentinelle.dz\\\/author\\\/redaction\\\/\"}]}<\/script>\n<!-- \/ Yoast SEO plugin. -->","yoast_head_json":{"title":"Afghanistan\u00a0:\u00a0Le chef d&rsquo;Al-Qa\u00efda, Ayman al-Zawahiri, tu\u00e9 dans une frappe a\u00e9rienne\u00a0 - La Sentinelle","robots":{"index":"index","follow":"follow","max-snippet":"max-snippet:-1","max-image-preview":"max-image-preview:large","max-video-preview":"max-video-preview:-1"},"canonical":"https:\/\/lasentinelle.dz\/index.php\/2022\/08\/03\/afghanistan-le-chef-dal-qaida-ayman-al-zawahiri-tue-dans-une-frappe-aerienne\/","og_locale":"fr_FR","og_type":"article","og_title":"Afghanistan\u00a0:\u00a0Le chef d&rsquo;Al-Qa\u00efda, Ayman al-Zawahiri, tu\u00e9 dans une frappe a\u00e9rienne\u00a0 - La Sentinelle","og_description":"Le chef d&rsquo;Al-Qa\u00efda, l&rsquo;Egyptien Ayman al-Zawahiri, a \u00e9t\u00e9 tu\u00e9 dans la nuit de samedi \u00e0 dimanche en Afghanistan par une","og_url":"https:\/\/lasentinelle.dz\/index.php\/2022\/08\/03\/afghanistan-le-chef-dal-qaida-ayman-al-zawahiri-tue-dans-une-frappe-aerienne\/","og_site_name":"La Sentinelle","article_publisher":"https:\/\/www.facebook.com\/La-Sentinelle-104059864394773","article_published_time":"2022-08-02T23:01:00+00:00","og_image":[{"width":1350,"height":900,"url":"https:\/\/lasentinelle.dz\/wp-content\/uploads\/2022\/08\/aymen.png","type":"image\/png"}],"author":"La Sentinelle","twitter_card":"summary_large_image","twitter_misc":{"\u00c9crit par":"La Sentinelle","Dur\u00e9e de lecture estim\u00e9e":"3 minutes"},"schema":{"@context":"https:\/\/schema.org","@graph":[{"@type":"Article","@id":"https:\/\/lasentinelle.dz\/index.php\/2022\/08\/03\/afghanistan-le-chef-dal-qaida-ayman-al-zawahiri-tue-dans-une-frappe-aerienne\/#article","isPartOf":{"@id":"https:\/\/lasentinelle.dz\/index.php\/2022\/08\/03\/afghanistan-le-chef-dal-qaida-ayman-al-zawahiri-tue-dans-une-frappe-aerienne\/"},"author":{"name":"La Sentinelle","@id":"https:\/\/lasentinelle.dz\/#\/schema\/person\/d865044e22e70a75174ce8bcad3acfb3"},"headline":"Afghanistan\u00a0:\u00a0Le chef d&rsquo;Al-Qa\u00efda, Ayman al-Zawahiri, tu\u00e9 dans une frappe a\u00e9rienne\u00a0","datePublished":"2022-08-02T23:01:00+00:00","mainEntityOfPage":{"@id":"https:\/\/lasentinelle.dz\/index.php\/2022\/08\/03\/afghanistan-le-chef-dal-qaida-ayman-al-zawahiri-tue-dans-une-frappe-aerienne\/"},"wordCount":581,"commentCount":0,"publisher":{"@id":"https:\/\/lasentinelle.dz\/#organization"},"image":{"@id":"https:\/\/lasentinelle.dz\/index.php\/2022\/08\/03\/afghanistan-le-chef-dal-qaida-ayman-al-zawahiri-tue-dans-une-frappe-aerienne\/#primaryimage"},"thumbnailUrl":"https:\/\/lasentinelle.dz\/wp-content\/uploads\/2022\/08\/aymen.png","articleSection":["Monde"],"inLanguage":"fr-FR","potentialAction":[{"@type":"CommentAction","name":"Comment","target":["https:\/\/lasentinelle.dz\/index.php\/2022\/08\/03\/afghanistan-le-chef-dal-qaida-ayman-al-zawahiri-tue-dans-une-frappe-aerienne\/#respond"]}]},{"@type":"WebPage","@id":"https:\/\/lasentinelle.dz\/index.php\/2022\/08\/03\/afghanistan-le-chef-dal-qaida-ayman-al-zawahiri-tue-dans-une-frappe-aerienne\/","url":"https:\/\/lasentinelle.dz\/index.php\/2022\/08\/03\/afghanistan-le-chef-dal-qaida-ayman-al-zawahiri-tue-dans-une-frappe-aerienne\/","name":"Afghanistan\u00a0:\u00a0Le chef d&rsquo;Al-Qa\u00efda, Ayman al-Zawahiri, tu\u00e9 dans une frappe a\u00e9rienne\u00a0 - La Sentinelle","isPartOf":{"@id":"https:\/\/lasentinelle.dz\/#website"},"primaryImageOfPage":{"@id":"https:\/\/lasentinelle.dz\/index.php\/2022\/08\/03\/afghanistan-le-chef-dal-qaida-ayman-al-zawahiri-tue-dans-une-frappe-aerienne\/#primaryimage"},"image":{"@id":"https:\/\/lasentinelle.dz\/index.php\/2022\/08\/03\/afghanistan-le-chef-dal-qaida-ayman-al-zawahiri-tue-dans-une-frappe-aerienne\/#primaryimage"},"thumbnailUrl":"https:\/\/lasentinelle.dz\/wp-content\/uploads\/2022\/08\/aymen.png","datePublished":"2022-08-02T23:01:00+00:00","breadcrumb":{"@id":"https:\/\/lasentinelle.dz\/index.php\/2022\/08\/03\/afghanistan-le-chef-dal-qaida-ayman-al-zawahiri-tue-dans-une-frappe-aerienne\/#breadcrumb"},"inLanguage":"fr-FR","potentialAction":[{"@type":"ReadAction","target":["https:\/\/lasentinelle.dz\/index.php\/2022\/08\/03\/afghanistan-le-chef-dal-qaida-ayman-al-zawahiri-tue-dans-une-frappe-aerienne\/"]}]},{"@type":"ImageObject","inLanguage":"fr-FR","@id":"https:\/\/lasentinelle.dz\/index.php\/2022\/08\/03\/afghanistan-le-chef-dal-qaida-ayman-al-zawahiri-tue-dans-une-frappe-aerienne\/#primaryimage","url":"https:\/\/lasentinelle.dz\/wp-content\/uploads\/2022\/08\/aymen.png","contentUrl":"https:\/\/lasentinelle.dz\/wp-content\/uploads\/2022\/08\/aymen.png","width":1350,"height":900},{"@type":"BreadcrumbList","@id":"https:\/\/lasentinelle.dz\/index.php\/2022\/08\/03\/afghanistan-le-chef-dal-qaida-ayman-al-zawahiri-tue-dans-une-frappe-aerienne\/#breadcrumb","itemListElement":[{"@type":"ListItem","position":1,"name":"Accueil","item":"https:\/\/lasentinelle.dz\/"},{"@type":"ListItem","position":2,"name":"Afghanistan\u00a0:\u00a0Le chef d&rsquo;Al-Qa\u00efda, Ayman al-Zawahiri, tu\u00e9 dans une frappe a\u00e9rienne\u00a0"}]},{"@type":"WebSite","@id":"https:\/\/lasentinelle.dz\/#website","url":"https:\/\/lasentinelle.dz\/","name":"La Sentinelle","description":"Quotidien national d&#039;information","publisher":{"@id":"https:\/\/lasentinelle.dz\/#organization"},"potentialAction":[{"@type":"SearchAction","target":{"@type":"EntryPoint","urlTemplate":"https:\/\/lasentinelle.dz\/?s={search_term_string}"},"query-input":{"@type":"PropertyValueSpecification","valueRequired":true,"valueName":"search_term_string"}}],"inLanguage":"fr-FR"},{"@type":"Organization","@id":"https:\/\/lasentinelle.dz\/#organization","name":"Quotidien La Sentinelle","url":"https:\/\/lasentinelle.dz\/","logo":{"@type":"ImageObject","inLanguage":"fr-FR","@id":"https:\/\/lasentinelle.dz\/#\/schema\/logo\/image\/","url":"https:\/\/lasentinelle.dz\/wp-content\/uploads\/2021\/09\/logo-sentinelleSLOGAN-1.png","contentUrl":"https:\/\/lasentinelle.dz\/wp-content\/uploads\/2021\/09\/logo-sentinelleSLOGAN-1.png","width":615,"height":142,"caption":"Quotidien La Sentinelle"},"image":{"@id":"https:\/\/lasentinelle.dz\/#\/schema\/logo\/image\/"},"sameAs":["https:\/\/www.facebook.com\/La-Sentinelle-104059864394773"]},{"@type":"Person","@id":"https:\/\/lasentinelle.dz\/#\/schema\/person\/d865044e22e70a75174ce8bcad3acfb3","name":"La Sentinelle","image":{"@type":"ImageObject","inLanguage":"fr-FR","@id":"https:\/\/secure.gravatar.com\/avatar\/57de8e5d4b15d43fb361a71fbb36338450fe67865b528a43dd10ef7c51a20392?s=96&d=mm&r=g","url":"https:\/\/secure.gravatar.com\/avatar\/57de8e5d4b15d43fb361a71fbb36338450fe67865b528a43dd10ef7c51a20392?s=96&d=mm&r=g","contentUrl":"https:\/\/secure.gravatar.com\/avatar\/57de8e5d4b15d43fb361a71fbb36338450fe67865b528a43dd10ef7c51a20392?s=96&d=mm&r=g","caption":"La Sentinelle"},"sameAs":["http:\/\/www.lasentinelle.dz"],"url":"https:\/\/lasentinelle.dz\/author\/redaction\/"}]}},"_links":{"self":[{"href":"https:\/\/lasentinelle.dz\/index.php\/wp-json\/wp\/v2\/posts\/25120","targetHints":{"allow":["GET"]}}],"collection":[{"href":"https:\/\/lasentinelle.dz\/index.php\/wp-json\/wp\/v2\/posts"}],"about":[{"href":"https:\/\/lasentinelle.dz\/index.php\/wp-json\/wp\/v2\/types\/post"}],"author":[{"embeddable":true,"href":"https:\/\/lasentinelle.dz\/index.php\/wp-json\/wp\/v2\/users\/3"}],"replies":[{"embeddable":true,"href":"https:\/\/lasentinelle.dz\/index.php\/wp-json\/wp\/v2\/comments?post=25120"}],"version-history":[{"count":1,"href":"https:\/\/lasentinelle.dz\/index.php\/wp-json\/wp\/v2\/posts\/25120\/revisions"}],"predecessor-version":[{"id":25134,"href":"https:\/\/lasentinelle.dz\/index.php\/wp-json\/wp\/v2\/posts\/25120\/revisions\/25134"}],"wp:featuredmedia":[{"embeddable":true,"href":"https:\/\/lasentinelle.dz\/index.php\/wp-json\/wp\/v2\/media\/25133"}],"wp:attachment":[{"href":"https:\/\/lasentinelle.dz\/index.php\/wp-json\/wp\/v2\/media?parent=25120"}],"wp:term":[{"taxonomy":"category","embeddable":true,"href":"https:\/\/lasentinelle.dz\/index.php\/wp-json\/wp\/v2\/categories?post=25120"},{"taxonomy":"post_tag","embeddable":true,"href":"https:\/\/lasentinelle.dz\/index.php\/wp-json\/wp\/v2\/tags?post=25120"}],"curies":[{"name":"wp","href":"https:\/\/api.w.org\/{rel}","templated":true}]}}