{"id":25132,"date":"2022-08-03T00:01:00","date_gmt":"2022-08-02T23:01:00","guid":{"rendered":"https:\/\/lasentinelle.dz\/?p=25132"},"modified":"2022-08-02T17:58:40","modified_gmt":"2022-08-02T16:58:40","slug":"tourisme-a-annaba-balade-en-mer-un-projet-enfin-concretise","status":"publish","type":"post","link":"https:\/\/lasentinelle.dz\/index.php\/2022\/08\/03\/tourisme-a-annaba-balade-en-mer-un-projet-enfin-concretise\/","title":{"rendered":"Tourisme \u00e0\u00a0Annaba\u00a0: \u00ab\u00a0Balade en mer\u00a0\u00bb,\u00a0un\u00a0projet enfin concr\u00e9tis\u00e9"},"content":{"rendered":"\n<p>Apr\u00e8s une bataille acharn\u00e9e contre la bureaucratie et les contraintes entravant le&nbsp;d\u00e9veloppement du&nbsp;tourisme,&nbsp;un projet d\u2019une ligne maritime de plaisance de concr\u00e9tise enfin \u00e0 Annaba.<\/p>\n\n\n\n<p>Ballott\u00e9 depuis plusieurs ann\u00e9es, d\u2019une administration \u00e0 l\u2019autre, le porteur du projet portant l\u2019exploitation d\u2019un bateau plaisancier, cr\u00e9neau qui n\u2019est pas investi dans une ville c\u00f4ti\u00e8re comme Annaba, n\u2019a pas d\u00e9sesp\u00e9r\u00e9 pour r\u00e9aliser son projet, en d\u00e9pit&nbsp;&nbsp;les blocages administratifs. En effet, apr\u00e8s bien des d\u00e9boires, des d\u00e9marches infructueuses, des promesses non tenues et m\u00eame des menaces, l\u2019investisseur a fini par r\u00e9aliser ce projet, dont la valeur ajout\u00e9e au secteur du tourisme pour la wilaya d\u2019Annaba, est ind\u00e9niable. Cet investisseur qui repr\u00e9sente un mod\u00e8le&nbsp;de l\u2019implication des membres&nbsp;de la diaspora&nbsp;alg\u00e9rienne dans le d\u00e9veloppement \u00e9conomique nationale, a pr\u00e9f\u00e9r\u00e9 investir dans sa ville natale Annaba, alors qu\u2019il avait toutes les possibilit\u00e9s et les facilit\u00e9s pour d\u00e9tourner son projet vers d\u2019autres wilayas c\u00f4ti\u00e8res du pays. Mais la t\u00e9nacit\u00e9 et la d\u00e9termination de l\u2019investisseur pour organiser des balades en mer le long de la c\u00f4te d\u2019Annaba, ont fini par terrasser toutes les volont\u00e9s malveillantes. Baptis\u00e9&nbsp;\u00ab&nbsp;Balade en Mer&nbsp;\u00bb, le bateau plaisancier a effectu\u00e9 ses premi\u00e8res&nbsp;dessertes. Des sorties qui ont \u00e9merveill\u00e9 ceux qui ont&nbsp;tent\u00e9 ce circuit touristique. Appr\u00e9ci\u00e9 par bon nombre d\u2019estivants, notamment les vacanciers des autres wilayas du pays, le projet a suscit\u00e9 un r\u00e9el engouement des estivants et les premi\u00e8res sorties ont affich\u00e9&nbsp;&nbsp;complet. Dot\u00e9 de tous les moyens modernes n\u00e9cessaires, le plaisancier offre un programme d\u2019\u00e9vasion pour ne pas dire une mini croisi\u00e8re en mer \u00e0 une large frange de&nbsp;la&nbsp;client\u00e8le.&nbsp;&nbsp;Le programme des sorties en mer est r\u00e9parti le long de la journ\u00e9e&nbsp;\u00e0&nbsp;des prix \u00e0 la port\u00e9e des familles. Pour une balade matinale de trois heures, avec un d\u00e9part du port de p\u00eache pour se rendre \u00e0 la plage \u2018\u2019Louh\u2019\u2019, le&nbsp;&nbsp;tarif est de 2.500 DA pour les adultes et 1.250 DA&nbsp;&nbsp;pour les enfants de moins de quinze ans, avec la gratuit\u00e9 pour les enfants de moins de trois ans. L\u2019\u00e9vasion de l\u2019apr\u00e8s-midi est r\u00e9serv\u00e9e \u00e0 des sorties vers le Cap de Garde pour \u00e9galement trois heures, et revient \u00e0 1.500 DA pour les adultes et 750 DA pour les enfants. Outre les balades en mer, le propri\u00e9taire offre la possibilit\u00e9 d\u2019organiser des sorties en fonction de la demande, \u00e0 condition&nbsp;que le nombre de places r\u00e9serv\u00e9es&nbsp;d\u00e9passe les&nbsp;vingt. Tout comme la possibilit\u00e9 de r\u00e9server le bateau pour des \u00e9v\u00e8nements familiaux tels que f\u00eates diverses, fian\u00e7ailles ou anniversaires. En attendant que d\u2019autres investisseurs puissent avoir le courage&nbsp;de&nbsp;se lancer dans ce genre d\u2019activit\u00e9s&nbsp;pour renforcer le secteur du tourisme maritime \u00e0 Annaba, il est important de rappeler que le porteur de ce projet a lutt\u00e9 pendant plus de 5 ans, contre vents&nbsp;et mar\u00e9es&nbsp;pour faire aboutir son investissement. Construit au chantier naval de Sousse, en Tunisie, le bateau&nbsp;&nbsp;est rest\u00e9 trop longtemps \u00e0 quai, au port de p\u00eache de la Grenouill\u00e8re. Situation qui&nbsp;grev\u00e9 l\u2019ensemble de la tr\u00e9sorerie&nbsp;de l\u2019investisseur qui n\u2019a pas baiss\u00e9 les bras. La mise en exploitation de ce bateau&nbsp;\u00ab&nbsp;Balade en mer&nbsp;\u00bb&nbsp;va permettre \u00e0 son propri\u00e9taire de rembourser ses pr\u00eats,&nbsp;derenflouer ses caisses, puisque trop d\u2019argent a \u00e9t\u00e9 investi et trop d\u2019efforts ont \u00e9t\u00e9 d\u00e9ploy\u00e9s.&nbsp;&nbsp;Des efforts traduisant le parcours du combattant de ce ressortissant alg\u00e9rien vivant \u00e0 l\u2019\u00e9tranger, qui a laiss\u00e9 derri\u00e8re lui une femme et des enfants pour le plaisir de partager la passion de balades&nbsp;en mer avec ses concitoyens \u00e0 Annaba. Pour ce cas pr\u00e9cis, toutes les rencontres avec les membres de la cellule d\u2019\u00e9coutes et d\u2019accompagnement des investisseurs, de la wilaya d\u2019Annaba \u00e9taient rest\u00e9es infructueuses, sans pour autant rejeter d\u00e9finitivement le dossier du projet. Et pourtant, le porteur du projet n\u2019avait qu\u2019une seule demande:une place d\u2019accostage au port de la Grenouill\u00e8re d\u2019Annaba. Sauf que, l\u2019entreprise de l\u2019EGTP d\u2019 Annaba charg\u00e9 de la gestion des ports de p\u00eache et de plaisance, a fait obstacle \u00e0 cette d\u00e9cision jug\u00e9e ill\u00e9gale, tout en saisissant la&nbsp;Justice. Et pourtant l\u2019emplacement du plaisancier au port d\u2019Annaba, vient compl\u00e9ter le projet de la nouvelle gare maritime d\u2019Annaba, en voie d\u2019ach\u00e8vement. Il faut dire que la mise en exploitation de ce plaisancier pour les balades en mer, ne pouvait pas mieux intervenir. Car, le secteur du tourisme \u00e0 Annaba, est le parent pauvre malgr\u00e9 le potentiel naturel dont dispose cette wilaya frapp\u00e9e depuis quelques ann\u00e9es par&nbsp;l\u2019immobilisme&nbsp;!<\/p>\n\n\n\n<p><strong>Sofia Chahine<\/strong><\/p>\n","protected":false},"excerpt":{"rendered":"<p>Apr\u00e8s une bataille acharn\u00e9e contre la bureaucratie et les contraintes entravant le&nbsp;d\u00e9veloppement du&nbsp;tourisme,&nbsp;un projet d\u2019une ligne maritime de plaisance de<\/p>\n","protected":false},"author":3,"featured_media":25142,"comment_status":"open","ping_status":"closed","sticky":false,"template":"","format":"standard","meta":{"colormag_page_container_layout":"default_layout","colormag_page_sidebar_layout":"default_layout","om_disable_all_campaigns":false,"_monsterinsights_skip_tracking":false,"_monsterinsights_sitenote_active":false,"_monsterinsights_sitenote_note":"","_monsterinsights_sitenote_category":0,"footnotes":"","_wpscppro_dont_share_socialmedia":false,"_wpscppro_custom_social_share_image":0,"_facebook_share_type":"","_twitter_share_type":"","_linkedin_share_type":"","_pinterest_share_type":"","_linkedin_share_type_page":"","_instagram_share_type":"","_medium_share_type":"","_threads_share_type":"","_google_business_share_type":"","_selected_social_profile":[],"_wpsp_enable_custom_social_template":false,"_wpsp_social_scheduling":{"enabled":false,"datetime":null,"platforms":[],"status":"template_only","dateOption":"today","timeOption":"now","customDays":"","customHours":"","customDate":"","customTime":"","schedulingType":"absolute"},"_wpsp_active_default_template":true},"categories":[31],"tags":[],"class_list":["post-25132","post","type-post","status-publish","format-standard","has-post-thumbnail","hentry","category-regions"],"aioseo_notices":[],"yoast_head":"<!-- This site is optimized with the Yoast SEO plugin v27.4 - https:\/\/yoast.com\/product\/yoast-seo-wordpress\/ -->\n<title>Tourisme \u00e0\u00a0Annaba\u00a0: \u00ab\u00a0Balade en mer\u00a0\u00bb,\u00a0un\u00a0projet enfin concr\u00e9tis\u00e9 - La Sentinelle<\/title>\n<meta name=\"robots\" content=\"index, follow, max-snippet:-1, max-image-preview:large, max-video-preview:-1\" \/>\n<link rel=\"canonical\" href=\"https:\/\/lasentinelle.dz\/index.php\/2022\/08\/03\/tourisme-a-annaba-balade-en-mer-un-projet-enfin-concretise\/\" \/>\n<meta property=\"og:locale\" content=\"fr_FR\" \/>\n<meta property=\"og:type\" content=\"article\" \/>\n<meta property=\"og:title\" content=\"Tourisme \u00e0\u00a0Annaba\u00a0: \u00ab\u00a0Balade en mer\u00a0\u00bb,\u00a0un\u00a0projet enfin concr\u00e9tis\u00e9 - La Sentinelle\" \/>\n<meta property=\"og:description\" content=\"Apr\u00e8s une bataille acharn\u00e9e contre la bureaucratie et les contraintes entravant le&nbsp;d\u00e9veloppement du&nbsp;tourisme,&nbsp;un projet d\u2019une ligne maritime de plaisance de\" \/>\n<meta property=\"og:url\" content=\"https:\/\/lasentinelle.dz\/index.php\/2022\/08\/03\/tourisme-a-annaba-balade-en-mer-un-projet-enfin-concretise\/\" \/>\n<meta property=\"og:site_name\" content=\"La Sentinelle\" \/>\n<meta property=\"article:publisher\" content=\"https:\/\/www.facebook.com\/La-Sentinelle-104059864394773\" \/>\n<meta property=\"article:published_time\" content=\"2022-08-02T23:01:00+00:00\" \/>\n<meta property=\"og:image\" content=\"https:\/\/lasentinelle.dz\/wp-content\/uploads\/2022\/08\/bateau-1024x384.png\" \/>\n\t<meta property=\"og:image:width\" content=\"1024\" \/>\n\t<meta property=\"og:image:height\" content=\"384\" \/>\n\t<meta property=\"og:image:type\" content=\"image\/png\" \/>\n<meta name=\"author\" content=\"La Sentinelle\" \/>\n<meta name=\"twitter:card\" content=\"summary_large_image\" \/>\n<meta name=\"twitter:label1\" content=\"\u00c9crit par\" \/>\n\t<meta name=\"twitter:data1\" content=\"La Sentinelle\" \/>\n\t<meta name=\"twitter:label2\" content=\"Dur\u00e9e de lecture estim\u00e9e\" \/>\n\t<meta name=\"twitter:data2\" content=\"4 minutes\" \/>\n<script type=\"application\/ld+json\" class=\"yoast-schema-graph\">{\"@context\":\"https:\\\/\\\/schema.org\",\"@graph\":[{\"@type\":\"Article\",\"@id\":\"https:\\\/\\\/lasentinelle.dz\\\/index.php\\\/2022\\\/08\\\/03\\\/tourisme-a-annaba-balade-en-mer-un-projet-enfin-concretise\\\/#article\",\"isPartOf\":{\"@id\":\"https:\\\/\\\/lasentinelle.dz\\\/index.php\\\/2022\\\/08\\\/03\\\/tourisme-a-annaba-balade-en-mer-un-projet-enfin-concretise\\\/\"},\"author\":{\"name\":\"La Sentinelle\",\"@id\":\"https:\\\/\\\/lasentinelle.dz\\\/#\\\/schema\\\/person\\\/d865044e22e70a75174ce8bcad3acfb3\"},\"headline\":\"Tourisme \u00e0\u00a0Annaba\u00a0: \u00ab\u00a0Balade en mer\u00a0\u00bb,\u00a0un\u00a0projet enfin concr\u00e9tis\u00e9\",\"datePublished\":\"2022-08-02T23:01:00+00:00\",\"mainEntityOfPage\":{\"@id\":\"https:\\\/\\\/lasentinelle.dz\\\/index.php\\\/2022\\\/08\\\/03\\\/tourisme-a-annaba-balade-en-mer-un-projet-enfin-concretise\\\/\"},\"wordCount\":888,\"commentCount\":0,\"publisher\":{\"@id\":\"https:\\\/\\\/lasentinelle.dz\\\/#organization\"},\"image\":{\"@id\":\"https:\\\/\\\/lasentinelle.dz\\\/index.php\\\/2022\\\/08\\\/03\\\/tourisme-a-annaba-balade-en-mer-un-projet-enfin-concretise\\\/#primaryimage\"},\"thumbnailUrl\":\"https:\\\/\\\/lasentinelle.dz\\\/wp-content\\\/uploads\\\/2022\\\/08\\\/bateau.png\",\"articleSection\":[\"R\u00e9gions\"],\"inLanguage\":\"fr-FR\",\"potentialAction\":[{\"@type\":\"CommentAction\",\"name\":\"Comment\",\"target\":[\"https:\\\/\\\/lasentinelle.dz\\\/index.php\\\/2022\\\/08\\\/03\\\/tourisme-a-annaba-balade-en-mer-un-projet-enfin-concretise\\\/#respond\"]}]},{\"@type\":\"WebPage\",\"@id\":\"https:\\\/\\\/lasentinelle.dz\\\/index.php\\\/2022\\\/08\\\/03\\\/tourisme-a-annaba-balade-en-mer-un-projet-enfin-concretise\\\/\",\"url\":\"https:\\\/\\\/lasentinelle.dz\\\/index.php\\\/2022\\\/08\\\/03\\\/tourisme-a-annaba-balade-en-mer-un-projet-enfin-concretise\\\/\",\"name\":\"Tourisme \u00e0\u00a0Annaba\u00a0: \u00ab\u00a0Balade en mer\u00a0\u00bb,\u00a0un\u00a0projet enfin concr\u00e9tis\u00e9 - La Sentinelle\",\"isPartOf\":{\"@id\":\"https:\\\/\\\/lasentinelle.dz\\\/#website\"},\"primaryImageOfPage\":{\"@id\":\"https:\\\/\\\/lasentinelle.dz\\\/index.php\\\/2022\\\/08\\\/03\\\/tourisme-a-annaba-balade-en-mer-un-projet-enfin-concretise\\\/#primaryimage\"},\"image\":{\"@id\":\"https:\\\/\\\/lasentinelle.dz\\\/index.php\\\/2022\\\/08\\\/03\\\/tourisme-a-annaba-balade-en-mer-un-projet-enfin-concretise\\\/#primaryimage\"},\"thumbnailUrl\":\"https:\\\/\\\/lasentinelle.dz\\\/wp-content\\\/uploads\\\/2022\\\/08\\\/bateau.png\",\"datePublished\":\"2022-08-02T23:01:00+00:00\",\"breadcrumb\":{\"@id\":\"https:\\\/\\\/lasentinelle.dz\\\/index.php\\\/2022\\\/08\\\/03\\\/tourisme-a-annaba-balade-en-mer-un-projet-enfin-concretise\\\/#breadcrumb\"},\"inLanguage\":\"fr-FR\",\"potentialAction\":[{\"@type\":\"ReadAction\",\"target\":[\"https:\\\/\\\/lasentinelle.dz\\\/index.php\\\/2022\\\/08\\\/03\\\/tourisme-a-annaba-balade-en-mer-un-projet-enfin-concretise\\\/\"]}]},{\"@type\":\"ImageObject\",\"inLanguage\":\"fr-FR\",\"@id\":\"https:\\\/\\\/lasentinelle.dz\\\/index.php\\\/2022\\\/08\\\/03\\\/tourisme-a-annaba-balade-en-mer-un-projet-enfin-concretise\\\/#primaryimage\",\"url\":\"https:\\\/\\\/lasentinelle.dz\\\/wp-content\\\/uploads\\\/2022\\\/08\\\/bateau.png\",\"contentUrl\":\"https:\\\/\\\/lasentinelle.dz\\\/wp-content\\\/uploads\\\/2022\\\/08\\\/bateau.png\",\"width\":2398,\"height\":900},{\"@type\":\"BreadcrumbList\",\"@id\":\"https:\\\/\\\/lasentinelle.dz\\\/index.php\\\/2022\\\/08\\\/03\\\/tourisme-a-annaba-balade-en-mer-un-projet-enfin-concretise\\\/#breadcrumb\",\"itemListElement\":[{\"@type\":\"ListItem\",\"position\":1,\"name\":\"Accueil\",\"item\":\"https:\\\/\\\/lasentinelle.dz\\\/\"},{\"@type\":\"ListItem\",\"position\":2,\"name\":\"Tourisme \u00e0\u00a0Annaba\u00a0: \u00ab\u00a0Balade en mer\u00a0\u00bb,\u00a0un\u00a0projet enfin concr\u00e9tis\u00e9\"}]},{\"@type\":\"WebSite\",\"@id\":\"https:\\\/\\\/lasentinelle.dz\\\/#website\",\"url\":\"https:\\\/\\\/lasentinelle.dz\\\/\",\"name\":\"La Sentinelle\",\"description\":\"Quotidien national d&#039;information\",\"publisher\":{\"@id\":\"https:\\\/\\\/lasentinelle.dz\\\/#organization\"},\"potentialAction\":[{\"@type\":\"SearchAction\",\"target\":{\"@type\":\"EntryPoint\",\"urlTemplate\":\"https:\\\/\\\/lasentinelle.dz\\\/?s={search_term_string}\"},\"query-input\":{\"@type\":\"PropertyValueSpecification\",\"valueRequired\":true,\"valueName\":\"search_term_string\"}}],\"inLanguage\":\"fr-FR\"},{\"@type\":\"Organization\",\"@id\":\"https:\\\/\\\/lasentinelle.dz\\\/#organization\",\"name\":\"Quotidien La Sentinelle\",\"url\":\"https:\\\/\\\/lasentinelle.dz\\\/\",\"logo\":{\"@type\":\"ImageObject\",\"inLanguage\":\"fr-FR\",\"@id\":\"https:\\\/\\\/lasentinelle.dz\\\/#\\\/schema\\\/logo\\\/image\\\/\",\"url\":\"https:\\\/\\\/lasentinelle.dz\\\/wp-content\\\/uploads\\\/2021\\\/09\\\/logo-sentinelleSLOGAN-1.png\",\"contentUrl\":\"https:\\\/\\\/lasentinelle.dz\\\/wp-content\\\/uploads\\\/2021\\\/09\\\/logo-sentinelleSLOGAN-1.png\",\"width\":615,\"height\":142,\"caption\":\"Quotidien La Sentinelle\"},\"image\":{\"@id\":\"https:\\\/\\\/lasentinelle.dz\\\/#\\\/schema\\\/logo\\\/image\\\/\"},\"sameAs\":[\"https:\\\/\\\/www.facebook.com\\\/La-Sentinelle-104059864394773\"]},{\"@type\":\"Person\",\"@id\":\"https:\\\/\\\/lasentinelle.dz\\\/#\\\/schema\\\/person\\\/d865044e22e70a75174ce8bcad3acfb3\",\"name\":\"La Sentinelle\",\"image\":{\"@type\":\"ImageObject\",\"inLanguage\":\"fr-FR\",\"@id\":\"https:\\\/\\\/secure.gravatar.com\\\/avatar\\\/57de8e5d4b15d43fb361a71fbb36338450fe67865b528a43dd10ef7c51a20392?s=96&d=mm&r=g\",\"url\":\"https:\\\/\\\/secure.gravatar.com\\\/avatar\\\/57de8e5d4b15d43fb361a71fbb36338450fe67865b528a43dd10ef7c51a20392?s=96&d=mm&r=g\",\"contentUrl\":\"https:\\\/\\\/secure.gravatar.com\\\/avatar\\\/57de8e5d4b15d43fb361a71fbb36338450fe67865b528a43dd10ef7c51a20392?s=96&d=mm&r=g\",\"caption\":\"La Sentinelle\"},\"sameAs\":[\"http:\\\/\\\/www.lasentinelle.dz\"],\"url\":\"https:\\\/\\\/lasentinelle.dz\\\/author\\\/redaction\\\/\"}]}<\/script>\n<!-- \/ Yoast SEO plugin. -->","yoast_head_json":{"title":"Tourisme \u00e0\u00a0Annaba\u00a0: \u00ab\u00a0Balade en mer\u00a0\u00bb,\u00a0un\u00a0projet enfin concr\u00e9tis\u00e9 - La Sentinelle","robots":{"index":"index","follow":"follow","max-snippet":"max-snippet:-1","max-image-preview":"max-image-preview:large","max-video-preview":"max-video-preview:-1"},"canonical":"https:\/\/lasentinelle.dz\/index.php\/2022\/08\/03\/tourisme-a-annaba-balade-en-mer-un-projet-enfin-concretise\/","og_locale":"fr_FR","og_type":"article","og_title":"Tourisme \u00e0\u00a0Annaba\u00a0: \u00ab\u00a0Balade en mer\u00a0\u00bb,\u00a0un\u00a0projet enfin concr\u00e9tis\u00e9 - La Sentinelle","og_description":"Apr\u00e8s une bataille acharn\u00e9e contre la bureaucratie et les contraintes entravant le&nbsp;d\u00e9veloppement du&nbsp;tourisme,&nbsp;un projet d\u2019une ligne maritime de plaisance de","og_url":"https:\/\/lasentinelle.dz\/index.php\/2022\/08\/03\/tourisme-a-annaba-balade-en-mer-un-projet-enfin-concretise\/","og_site_name":"La Sentinelle","article_publisher":"https:\/\/www.facebook.com\/La-Sentinelle-104059864394773","article_published_time":"2022-08-02T23:01:00+00:00","og_image":[{"width":1024,"height":384,"url":"https:\/\/lasentinelle.dz\/wp-content\/uploads\/2022\/08\/bateau-1024x384.png","type":"image\/png"}],"author":"La Sentinelle","twitter_card":"summary_large_image","twitter_misc":{"\u00c9crit par":"La Sentinelle","Dur\u00e9e de lecture estim\u00e9e":"4 minutes"},"schema":{"@context":"https:\/\/schema.org","@graph":[{"@type":"Article","@id":"https:\/\/lasentinelle.dz\/index.php\/2022\/08\/03\/tourisme-a-annaba-balade-en-mer-un-projet-enfin-concretise\/#article","isPartOf":{"@id":"https:\/\/lasentinelle.dz\/index.php\/2022\/08\/03\/tourisme-a-annaba-balade-en-mer-un-projet-enfin-concretise\/"},"author":{"name":"La Sentinelle","@id":"https:\/\/lasentinelle.dz\/#\/schema\/person\/d865044e22e70a75174ce8bcad3acfb3"},"headline":"Tourisme \u00e0\u00a0Annaba\u00a0: \u00ab\u00a0Balade en mer\u00a0\u00bb,\u00a0un\u00a0projet enfin concr\u00e9tis\u00e9","datePublished":"2022-08-02T23:01:00+00:00","mainEntityOfPage":{"@id":"https:\/\/lasentinelle.dz\/index.php\/2022\/08\/03\/tourisme-a-annaba-balade-en-mer-un-projet-enfin-concretise\/"},"wordCount":888,"commentCount":0,"publisher":{"@id":"https:\/\/lasentinelle.dz\/#organization"},"image":{"@id":"https:\/\/lasentinelle.dz\/index.php\/2022\/08\/03\/tourisme-a-annaba-balade-en-mer-un-projet-enfin-concretise\/#primaryimage"},"thumbnailUrl":"https:\/\/lasentinelle.dz\/wp-content\/uploads\/2022\/08\/bateau.png","articleSection":["R\u00e9gions"],"inLanguage":"fr-FR","potentialAction":[{"@type":"CommentAction","name":"Comment","target":["https:\/\/lasentinelle.dz\/index.php\/2022\/08\/03\/tourisme-a-annaba-balade-en-mer-un-projet-enfin-concretise\/#respond"]}]},{"@type":"WebPage","@id":"https:\/\/lasentinelle.dz\/index.php\/2022\/08\/03\/tourisme-a-annaba-balade-en-mer-un-projet-enfin-concretise\/","url":"https:\/\/lasentinelle.dz\/index.php\/2022\/08\/03\/tourisme-a-annaba-balade-en-mer-un-projet-enfin-concretise\/","name":"Tourisme \u00e0\u00a0Annaba\u00a0: \u00ab\u00a0Balade en mer\u00a0\u00bb,\u00a0un\u00a0projet enfin concr\u00e9tis\u00e9 - La Sentinelle","isPartOf":{"@id":"https:\/\/lasentinelle.dz\/#website"},"primaryImageOfPage":{"@id":"https:\/\/lasentinelle.dz\/index.php\/2022\/08\/03\/tourisme-a-annaba-balade-en-mer-un-projet-enfin-concretise\/#primaryimage"},"image":{"@id":"https:\/\/lasentinelle.dz\/index.php\/2022\/08\/03\/tourisme-a-annaba-balade-en-mer-un-projet-enfin-concretise\/#primaryimage"},"thumbnailUrl":"https:\/\/lasentinelle.dz\/wp-content\/uploads\/2022\/08\/bateau.png","datePublished":"2022-08-02T23:01:00+00:00","breadcrumb":{"@id":"https:\/\/lasentinelle.dz\/index.php\/2022\/08\/03\/tourisme-a-annaba-balade-en-mer-un-projet-enfin-concretise\/#breadcrumb"},"inLanguage":"fr-FR","potentialAction":[{"@type":"ReadAction","target":["https:\/\/lasentinelle.dz\/index.php\/2022\/08\/03\/tourisme-a-annaba-balade-en-mer-un-projet-enfin-concretise\/"]}]},{"@type":"ImageObject","inLanguage":"fr-FR","@id":"https:\/\/lasentinelle.dz\/index.php\/2022\/08\/03\/tourisme-a-annaba-balade-en-mer-un-projet-enfin-concretise\/#primaryimage","url":"https:\/\/lasentinelle.dz\/wp-content\/uploads\/2022\/08\/bateau.png","contentUrl":"https:\/\/lasentinelle.dz\/wp-content\/uploads\/2022\/08\/bateau.png","width":2398,"height":900},{"@type":"BreadcrumbList","@id":"https:\/\/lasentinelle.dz\/index.php\/2022\/08\/03\/tourisme-a-annaba-balade-en-mer-un-projet-enfin-concretise\/#breadcrumb","itemListElement":[{"@type":"ListItem","position":1,"name":"Accueil","item":"https:\/\/lasentinelle.dz\/"},{"@type":"ListItem","position":2,"name":"Tourisme \u00e0\u00a0Annaba\u00a0: \u00ab\u00a0Balade en mer\u00a0\u00bb,\u00a0un\u00a0projet enfin concr\u00e9tis\u00e9"}]},{"@type":"WebSite","@id":"https:\/\/lasentinelle.dz\/#website","url":"https:\/\/lasentinelle.dz\/","name":"La Sentinelle","description":"Quotidien national d&#039;information","publisher":{"@id":"https:\/\/lasentinelle.dz\/#organization"},"potentialAction":[{"@type":"SearchAction","target":{"@type":"EntryPoint","urlTemplate":"https:\/\/lasentinelle.dz\/?s={search_term_string}"},"query-input":{"@type":"PropertyValueSpecification","valueRequired":true,"valueName":"search_term_string"}}],"inLanguage":"fr-FR"},{"@type":"Organization","@id":"https:\/\/lasentinelle.dz\/#organization","name":"Quotidien La Sentinelle","url":"https:\/\/lasentinelle.dz\/","logo":{"@type":"ImageObject","inLanguage":"fr-FR","@id":"https:\/\/lasentinelle.dz\/#\/schema\/logo\/image\/","url":"https:\/\/lasentinelle.dz\/wp-content\/uploads\/2021\/09\/logo-sentinelleSLOGAN-1.png","contentUrl":"https:\/\/lasentinelle.dz\/wp-content\/uploads\/2021\/09\/logo-sentinelleSLOGAN-1.png","width":615,"height":142,"caption":"Quotidien La Sentinelle"},"image":{"@id":"https:\/\/lasentinelle.dz\/#\/schema\/logo\/image\/"},"sameAs":["https:\/\/www.facebook.com\/La-Sentinelle-104059864394773"]},{"@type":"Person","@id":"https:\/\/lasentinelle.dz\/#\/schema\/person\/d865044e22e70a75174ce8bcad3acfb3","name":"La Sentinelle","image":{"@type":"ImageObject","inLanguage":"fr-FR","@id":"https:\/\/secure.gravatar.com\/avatar\/57de8e5d4b15d43fb361a71fbb36338450fe67865b528a43dd10ef7c51a20392?s=96&d=mm&r=g","url":"https:\/\/secure.gravatar.com\/avatar\/57de8e5d4b15d43fb361a71fbb36338450fe67865b528a43dd10ef7c51a20392?s=96&d=mm&r=g","contentUrl":"https:\/\/secure.gravatar.com\/avatar\/57de8e5d4b15d43fb361a71fbb36338450fe67865b528a43dd10ef7c51a20392?s=96&d=mm&r=g","caption":"La Sentinelle"},"sameAs":["http:\/\/www.lasentinelle.dz"],"url":"https:\/\/lasentinelle.dz\/author\/redaction\/"}]}},"_links":{"self":[{"href":"https:\/\/lasentinelle.dz\/index.php\/wp-json\/wp\/v2\/posts\/25132","targetHints":{"allow":["GET"]}}],"collection":[{"href":"https:\/\/lasentinelle.dz\/index.php\/wp-json\/wp\/v2\/posts"}],"about":[{"href":"https:\/\/lasentinelle.dz\/index.php\/wp-json\/wp\/v2\/types\/post"}],"author":[{"embeddable":true,"href":"https:\/\/lasentinelle.dz\/index.php\/wp-json\/wp\/v2\/users\/3"}],"replies":[{"embeddable":true,"href":"https:\/\/lasentinelle.dz\/index.php\/wp-json\/wp\/v2\/comments?post=25132"}],"version-history":[{"count":1,"href":"https:\/\/lasentinelle.dz\/index.php\/wp-json\/wp\/v2\/posts\/25132\/revisions"}],"predecessor-version":[{"id":25143,"href":"https:\/\/lasentinelle.dz\/index.php\/wp-json\/wp\/v2\/posts\/25132\/revisions\/25143"}],"wp:featuredmedia":[{"embeddable":true,"href":"https:\/\/lasentinelle.dz\/index.php\/wp-json\/wp\/v2\/media\/25142"}],"wp:attachment":[{"href":"https:\/\/lasentinelle.dz\/index.php\/wp-json\/wp\/v2\/media?parent=25132"}],"wp:term":[{"taxonomy":"category","embeddable":true,"href":"https:\/\/lasentinelle.dz\/index.php\/wp-json\/wp\/v2\/categories?post=25132"},{"taxonomy":"post_tag","embeddable":true,"href":"https:\/\/lasentinelle.dz\/index.php\/wp-json\/wp\/v2\/tags?post=25132"}],"curies":[{"name":"wp","href":"https:\/\/api.w.org\/{rel}","templated":true}]}}