{"id":25146,"date":"2022-08-03T00:05:00","date_gmt":"2022-08-02T23:05:00","guid":{"rendered":"https:\/\/lasentinelle.dz\/?p=25146"},"modified":"2022-08-02T20:47:02","modified_gmt":"2022-08-02T19:47:02","slug":"ecole-normale-superieure-pour-les-sourds-muets-enssm-lancement-dun-concours-national","status":"publish","type":"post","link":"https:\/\/lasentinelle.dz\/index.php\/2022\/08\/03\/ecole-normale-superieure-pour-les-sourds-muets-enssm-lancement-dun-concours-national\/","title":{"rendered":"\u00c9cole normale sup\u00e9rieure pour les sourds-muets (ENSSM)\u00a0:\u00a0Lancement d&rsquo;un concours national"},"content":{"rendered":"\n<p>Le minist\u00e8re de l&rsquo;Enseignement sup\u00e9rieur et de la Recherche scientifique a annonc\u00e9,&nbsp;hier, l&rsquo;ouverture d&rsquo;un concours national&nbsp;en direction des candidats \u00e0&nbsp;la formation des enseignants du secondaire&nbsp;sp\u00e9cialis\u00e9s pour la prise en charge des sourds-muets et ce dans la perspective&nbsp;de l&rsquo;ouverture officielle de l&rsquo;Ecole&nbsp;normale&nbsp;sup\u00e9rieure&nbsp;des enseignants pour&nbsp;sourds-muets lors de la prochaine&nbsp;rentr\u00e9e&nbsp;universitaire 2022-2023. La sous-directrice charg\u00e9e des \u00e9coles sup\u00e9rieures au minist\u00e8re de l&rsquo;Enseignement sup\u00e9rieur et de la&nbsp;Recherche scientifique, Nachida Abdallah, a expliqu\u00e9&nbsp;hier&nbsp;que \u00abla prochaine rentr\u00e9e universitaire sera marqu\u00e9e par l&rsquo;ouverture d&rsquo;une \u00e9cole sup\u00e9rieure pour&nbsp;la formation des&nbsp;enseignantssp\u00e9cialis\u00e9s pour la prise en charge des&nbsp;sourds-muets \u00e0 Alger, notant qu\u2019\u00abun concours sera ouvert en phase master portant sur la formation des enseignants pour le palier secondaire sp\u00e9cialis\u00e9s en d\u00e9ficience auditive\u00bb.&nbsp;<\/p>\n\n\n\n<p>Selon la m\u00eame intervenante, l&rsquo;ouverture de l&rsquo;ENSSM intervient dans le cadre des instructions du pr\u00e9sident de la R\u00e9publique, M. Abdelmadjid Tebboune, sachant que le d\u00e9cret ex\u00e9cutif relatif \u00e0 sa cr\u00e9ation a \u00e9t\u00e9 promulgu\u00e9 le 25 d\u00e9cembre 2021.&nbsp;L&rsquo;acc\u00e8s \u00e0 cette \u00e9cole passe \u00e0 travers la participation \u00e0 un concours national sur dipl\u00f4me pour les candidats titulaires d&rsquo;une licence (Bac +3) ou d&rsquo;un dipl\u00f4me \u00e9tranger reconnu \u00e9quivalent.<\/p>\n\n\n\n<p>La date de d\u00e9p\u00f4t des dossiers de participation au concours est fix\u00e9e du 5 au 19 ao\u00fbt, a poursuivi la responsable, ajoutant que l&rsquo;annonce des r\u00e9sultats de pr\u00e9s\u00e9lection aura lieu le 15 septembre prochain, tandis que les entretiens oraux sont pr\u00e9vus du 18 au 22 ao\u00fbt avant le d\u00e9but des cours en fin septembre 2022.&nbsp;A la faveur de la formation des enseignants sp\u00e9cialis\u00e9s, cette \u00e9cole permettra aux sourds-muets de suivre des \u00e9tudes dans l&rsquo;enseignement secondaire et de r\u00e9pondre aux besoins du minist\u00e8re de l&rsquo;Education nationale au profit de cette cat\u00e9gorie.&nbsp;Mme Nachida Abdallah a indiqu\u00e9 que la formation dans le cycle du Master se prolongera pour une p\u00e9riode de deux ans au cours de laquelle les enseignants sp\u00e9cialis\u00e9s apprennent les comp\u00e9tences relationnelles avec les sourds-muets, avec des formations dans le domaine de l&rsquo;orthophonie.&nbsp;Les candidats dipl\u00f4m\u00e9s des ENS doivent obtenir le dipl\u00f4me de licence dans la sp\u00e9cialit\u00e9 dont les math\u00e9matiques, les sciences physiques, les sciences de la nature, les langues arabe, fran\u00e7aise et anglaise, l&rsquo;histoire et la g\u00e9ographie, les sciences islamiques et la philosophie.&nbsp;Il sera question de l&rsquo;adoption d&rsquo;un programme sp\u00e9cialis\u00e9 et de stages pratiques dans les h\u00f4pitaux, les \u00e9coles de l&rsquo;enseignement primaire, moyen et secondaire qui accueillent des \u00e9l\u00e8ves ayant des troubles d&rsquo;audition, ainsi que les \u00e9tablissements r\u00e9serv\u00e9s \u00e0 cette cat\u00e9gorie relevant du minist\u00e8re de la Solidarit\u00e9 nationale.<\/p>\n\n\n\n<p><strong>Amar Malki<\/strong><\/p>\n","protected":false},"excerpt":{"rendered":"<p>Le minist\u00e8re de l&rsquo;Enseignement sup\u00e9rieur et de la Recherche scientifique a annonc\u00e9,&nbsp;hier, l&rsquo;ouverture d&rsquo;un concours national&nbsp;en direction des candidats \u00e0&nbsp;la<\/p>\n","protected":false},"author":3,"featured_media":25153,"comment_status":"open","ping_status":"closed","sticky":false,"template":"","format":"standard","meta":{"colormag_page_container_layout":"default_layout","colormag_page_sidebar_layout":"default_layout","om_disable_all_campaigns":false,"_monsterinsights_skip_tracking":false,"_monsterinsights_sitenote_active":false,"_monsterinsights_sitenote_note":"","_monsterinsights_sitenote_category":0,"footnotes":"","_wpscppro_dont_share_socialmedia":false,"_wpscppro_custom_social_share_image":0,"_facebook_share_type":"","_twitter_share_type":"","_linkedin_share_type":"","_pinterest_share_type":"","_linkedin_share_type_page":"","_instagram_share_type":"","_medium_share_type":"","_threads_share_type":"","_google_business_share_type":"","_selected_social_profile":[],"_wpsp_enable_custom_social_template":false,"_wpsp_social_scheduling":{"enabled":false,"datetime":null,"platforms":[],"status":"template_only","dateOption":"today","timeOption":"now","customDays":"","customHours":"","customDate":"","customTime":"","schedulingType":"absolute"},"_wpsp_active_default_template":true},"categories":[27],"tags":[],"class_list":["post-25146","post","type-post","status-publish","format-standard","has-post-thumbnail","hentry","category-actualite"],"aioseo_notices":[],"yoast_head":"<!-- This site is optimized with the Yoast SEO plugin v27.5 - https:\/\/yoast.com\/product\/yoast-seo-wordpress\/ -->\n<title>\u00c9cole normale sup\u00e9rieure pour les sourds-muets (ENSSM)\u00a0:\u00a0Lancement d&rsquo;un concours national - La Sentinelle<\/title>\n<meta name=\"robots\" content=\"index, follow, max-snippet:-1, max-image-preview:large, max-video-preview:-1\" \/>\n<link rel=\"canonical\" href=\"https:\/\/lasentinelle.dz\/index.php\/2022\/08\/03\/ecole-normale-superieure-pour-les-sourds-muets-enssm-lancement-dun-concours-national\/\" \/>\n<meta property=\"og:locale\" content=\"fr_FR\" \/>\n<meta property=\"og:type\" content=\"article\" \/>\n<meta property=\"og:title\" content=\"\u00c9cole normale sup\u00e9rieure pour les sourds-muets (ENSSM)\u00a0:\u00a0Lancement d&rsquo;un concours national - La Sentinelle\" \/>\n<meta property=\"og:description\" content=\"Le minist\u00e8re de l&rsquo;Enseignement sup\u00e9rieur et de la Recherche scientifique a annonc\u00e9,&nbsp;hier, l&rsquo;ouverture d&rsquo;un concours national&nbsp;en direction des candidats \u00e0&nbsp;la\" \/>\n<meta property=\"og:url\" content=\"https:\/\/lasentinelle.dz\/index.php\/2022\/08\/03\/ecole-normale-superieure-pour-les-sourds-muets-enssm-lancement-dun-concours-national\/\" \/>\n<meta property=\"og:site_name\" content=\"La Sentinelle\" \/>\n<meta property=\"article:publisher\" content=\"https:\/\/www.facebook.com\/La-Sentinelle-104059864394773\" \/>\n<meta property=\"article:published_time\" content=\"2022-08-02T23:05:00+00:00\" \/>\n<meta property=\"og:image\" content=\"https:\/\/lasentinelle.dz\/wp-content\/uploads\/2022\/08\/sup-450x300-1.png\" \/>\n\t<meta property=\"og:image:width\" content=\"1350\" \/>\n\t<meta property=\"og:image:height\" content=\"900\" \/>\n\t<meta property=\"og:image:type\" content=\"image\/png\" \/>\n<meta name=\"author\" content=\"La Sentinelle\" \/>\n<meta name=\"twitter:card\" content=\"summary_large_image\" \/>\n<meta name=\"twitter:label1\" content=\"\u00c9crit par\" \/>\n\t<meta name=\"twitter:data1\" content=\"La Sentinelle\" \/>\n\t<meta name=\"twitter:label2\" content=\"Dur\u00e9e de lecture estim\u00e9e\" \/>\n\t<meta name=\"twitter:data2\" content=\"3 minutes\" \/>\n<script type=\"application\/ld+json\" class=\"yoast-schema-graph\">{\"@context\":\"https:\\\/\\\/schema.org\",\"@graph\":[{\"@type\":\"Article\",\"@id\":\"https:\\\/\\\/lasentinelle.dz\\\/index.php\\\/2022\\\/08\\\/03\\\/ecole-normale-superieure-pour-les-sourds-muets-enssm-lancement-dun-concours-national\\\/#article\",\"isPartOf\":{\"@id\":\"https:\\\/\\\/lasentinelle.dz\\\/index.php\\\/2022\\\/08\\\/03\\\/ecole-normale-superieure-pour-les-sourds-muets-enssm-lancement-dun-concours-national\\\/\"},\"author\":{\"name\":\"La Sentinelle\",\"@id\":\"https:\\\/\\\/lasentinelle.dz\\\/#\\\/schema\\\/person\\\/d865044e22e70a75174ce8bcad3acfb3\"},\"headline\":\"\u00c9cole normale sup\u00e9rieure pour les sourds-muets (ENSSM)\u00a0:\u00a0Lancement d&rsquo;un concours national\",\"datePublished\":\"2022-08-02T23:05:00+00:00\",\"mainEntityOfPage\":{\"@id\":\"https:\\\/\\\/lasentinelle.dz\\\/index.php\\\/2022\\\/08\\\/03\\\/ecole-normale-superieure-pour-les-sourds-muets-enssm-lancement-dun-concours-national\\\/\"},\"wordCount\":522,\"commentCount\":0,\"publisher\":{\"@id\":\"https:\\\/\\\/lasentinelle.dz\\\/#organization\"},\"image\":{\"@id\":\"https:\\\/\\\/lasentinelle.dz\\\/index.php\\\/2022\\\/08\\\/03\\\/ecole-normale-superieure-pour-les-sourds-muets-enssm-lancement-dun-concours-national\\\/#primaryimage\"},\"thumbnailUrl\":\"https:\\\/\\\/lasentinelle.dz\\\/wp-content\\\/uploads\\\/2022\\\/08\\\/sup-450x300-1.png\",\"articleSection\":[\"Actualit\u00e9\"],\"inLanguage\":\"fr-FR\",\"potentialAction\":[{\"@type\":\"CommentAction\",\"name\":\"Comment\",\"target\":[\"https:\\\/\\\/lasentinelle.dz\\\/index.php\\\/2022\\\/08\\\/03\\\/ecole-normale-superieure-pour-les-sourds-muets-enssm-lancement-dun-concours-national\\\/#respond\"]}]},{\"@type\":\"WebPage\",\"@id\":\"https:\\\/\\\/lasentinelle.dz\\\/index.php\\\/2022\\\/08\\\/03\\\/ecole-normale-superieure-pour-les-sourds-muets-enssm-lancement-dun-concours-national\\\/\",\"url\":\"https:\\\/\\\/lasentinelle.dz\\\/index.php\\\/2022\\\/08\\\/03\\\/ecole-normale-superieure-pour-les-sourds-muets-enssm-lancement-dun-concours-national\\\/\",\"name\":\"\u00c9cole normale sup\u00e9rieure pour les sourds-muets (ENSSM)\u00a0:\u00a0Lancement d&rsquo;un concours national - La Sentinelle\",\"isPartOf\":{\"@id\":\"https:\\\/\\\/lasentinelle.dz\\\/#website\"},\"primaryImageOfPage\":{\"@id\":\"https:\\\/\\\/lasentinelle.dz\\\/index.php\\\/2022\\\/08\\\/03\\\/ecole-normale-superieure-pour-les-sourds-muets-enssm-lancement-dun-concours-national\\\/#primaryimage\"},\"image\":{\"@id\":\"https:\\\/\\\/lasentinelle.dz\\\/index.php\\\/2022\\\/08\\\/03\\\/ecole-normale-superieure-pour-les-sourds-muets-enssm-lancement-dun-concours-national\\\/#primaryimage\"},\"thumbnailUrl\":\"https:\\\/\\\/lasentinelle.dz\\\/wp-content\\\/uploads\\\/2022\\\/08\\\/sup-450x300-1.png\",\"datePublished\":\"2022-08-02T23:05:00+00:00\",\"breadcrumb\":{\"@id\":\"https:\\\/\\\/lasentinelle.dz\\\/index.php\\\/2022\\\/08\\\/03\\\/ecole-normale-superieure-pour-les-sourds-muets-enssm-lancement-dun-concours-national\\\/#breadcrumb\"},\"inLanguage\":\"fr-FR\",\"potentialAction\":[{\"@type\":\"ReadAction\",\"target\":[\"https:\\\/\\\/lasentinelle.dz\\\/index.php\\\/2022\\\/08\\\/03\\\/ecole-normale-superieure-pour-les-sourds-muets-enssm-lancement-dun-concours-national\\\/\"]}]},{\"@type\":\"ImageObject\",\"inLanguage\":\"fr-FR\",\"@id\":\"https:\\\/\\\/lasentinelle.dz\\\/index.php\\\/2022\\\/08\\\/03\\\/ecole-normale-superieure-pour-les-sourds-muets-enssm-lancement-dun-concours-national\\\/#primaryimage\",\"url\":\"https:\\\/\\\/lasentinelle.dz\\\/wp-content\\\/uploads\\\/2022\\\/08\\\/sup-450x300-1.png\",\"contentUrl\":\"https:\\\/\\\/lasentinelle.dz\\\/wp-content\\\/uploads\\\/2022\\\/08\\\/sup-450x300-1.png\",\"width\":1350,\"height\":900},{\"@type\":\"BreadcrumbList\",\"@id\":\"https:\\\/\\\/lasentinelle.dz\\\/index.php\\\/2022\\\/08\\\/03\\\/ecole-normale-superieure-pour-les-sourds-muets-enssm-lancement-dun-concours-national\\\/#breadcrumb\",\"itemListElement\":[{\"@type\":\"ListItem\",\"position\":1,\"name\":\"Accueil\",\"item\":\"https:\\\/\\\/lasentinelle.dz\\\/\"},{\"@type\":\"ListItem\",\"position\":2,\"name\":\"\u00c9cole normale sup\u00e9rieure pour les sourds-muets (ENSSM)\u00a0:\u00a0Lancement d&rsquo;un concours national\"}]},{\"@type\":\"WebSite\",\"@id\":\"https:\\\/\\\/lasentinelle.dz\\\/#website\",\"url\":\"https:\\\/\\\/lasentinelle.dz\\\/\",\"name\":\"La Sentinelle\",\"description\":\"Quotidien national d&#039;information\",\"publisher\":{\"@id\":\"https:\\\/\\\/lasentinelle.dz\\\/#organization\"},\"potentialAction\":[{\"@type\":\"SearchAction\",\"target\":{\"@type\":\"EntryPoint\",\"urlTemplate\":\"https:\\\/\\\/lasentinelle.dz\\\/?s={search_term_string}\"},\"query-input\":{\"@type\":\"PropertyValueSpecification\",\"valueRequired\":true,\"valueName\":\"search_term_string\"}}],\"inLanguage\":\"fr-FR\"},{\"@type\":\"Organization\",\"@id\":\"https:\\\/\\\/lasentinelle.dz\\\/#organization\",\"name\":\"Quotidien La Sentinelle\",\"url\":\"https:\\\/\\\/lasentinelle.dz\\\/\",\"logo\":{\"@type\":\"ImageObject\",\"inLanguage\":\"fr-FR\",\"@id\":\"https:\\\/\\\/lasentinelle.dz\\\/#\\\/schema\\\/logo\\\/image\\\/\",\"url\":\"https:\\\/\\\/lasentinelle.dz\\\/wp-content\\\/uploads\\\/2021\\\/09\\\/logo-sentinelleSLOGAN-1.png\",\"contentUrl\":\"https:\\\/\\\/lasentinelle.dz\\\/wp-content\\\/uploads\\\/2021\\\/09\\\/logo-sentinelleSLOGAN-1.png\",\"width\":615,\"height\":142,\"caption\":\"Quotidien La Sentinelle\"},\"image\":{\"@id\":\"https:\\\/\\\/lasentinelle.dz\\\/#\\\/schema\\\/logo\\\/image\\\/\"},\"sameAs\":[\"https:\\\/\\\/www.facebook.com\\\/La-Sentinelle-104059864394773\"]},{\"@type\":\"Person\",\"@id\":\"https:\\\/\\\/lasentinelle.dz\\\/#\\\/schema\\\/person\\\/d865044e22e70a75174ce8bcad3acfb3\",\"name\":\"La Sentinelle\",\"image\":{\"@type\":\"ImageObject\",\"inLanguage\":\"fr-FR\",\"@id\":\"https:\\\/\\\/secure.gravatar.com\\\/avatar\\\/57de8e5d4b15d43fb361a71fbb36338450fe67865b528a43dd10ef7c51a20392?s=96&d=mm&r=g\",\"url\":\"https:\\\/\\\/secure.gravatar.com\\\/avatar\\\/57de8e5d4b15d43fb361a71fbb36338450fe67865b528a43dd10ef7c51a20392?s=96&d=mm&r=g\",\"contentUrl\":\"https:\\\/\\\/secure.gravatar.com\\\/avatar\\\/57de8e5d4b15d43fb361a71fbb36338450fe67865b528a43dd10ef7c51a20392?s=96&d=mm&r=g\",\"caption\":\"La Sentinelle\"},\"sameAs\":[\"http:\\\/\\\/www.lasentinelle.dz\"],\"url\":\"https:\\\/\\\/lasentinelle.dz\\\/author\\\/redaction\\\/\"}]}<\/script>\n<!-- \/ Yoast SEO plugin. -->","yoast_head_json":{"title":"\u00c9cole normale sup\u00e9rieure pour les sourds-muets (ENSSM)\u00a0:\u00a0Lancement d&rsquo;un concours national - La Sentinelle","robots":{"index":"index","follow":"follow","max-snippet":"max-snippet:-1","max-image-preview":"max-image-preview:large","max-video-preview":"max-video-preview:-1"},"canonical":"https:\/\/lasentinelle.dz\/index.php\/2022\/08\/03\/ecole-normale-superieure-pour-les-sourds-muets-enssm-lancement-dun-concours-national\/","og_locale":"fr_FR","og_type":"article","og_title":"\u00c9cole normale sup\u00e9rieure pour les sourds-muets (ENSSM)\u00a0:\u00a0Lancement d&rsquo;un concours national - La Sentinelle","og_description":"Le minist\u00e8re de l&rsquo;Enseignement sup\u00e9rieur et de la Recherche scientifique a annonc\u00e9,&nbsp;hier, l&rsquo;ouverture d&rsquo;un concours national&nbsp;en direction des candidats \u00e0&nbsp;la","og_url":"https:\/\/lasentinelle.dz\/index.php\/2022\/08\/03\/ecole-normale-superieure-pour-les-sourds-muets-enssm-lancement-dun-concours-national\/","og_site_name":"La Sentinelle","article_publisher":"https:\/\/www.facebook.com\/La-Sentinelle-104059864394773","article_published_time":"2022-08-02T23:05:00+00:00","og_image":[{"width":1350,"height":900,"url":"https:\/\/lasentinelle.dz\/wp-content\/uploads\/2022\/08\/sup-450x300-1.png","type":"image\/png"}],"author":"La Sentinelle","twitter_card":"summary_large_image","twitter_misc":{"\u00c9crit par":"La Sentinelle","Dur\u00e9e de lecture estim\u00e9e":"3 minutes"},"schema":{"@context":"https:\/\/schema.org","@graph":[{"@type":"Article","@id":"https:\/\/lasentinelle.dz\/index.php\/2022\/08\/03\/ecole-normale-superieure-pour-les-sourds-muets-enssm-lancement-dun-concours-national\/#article","isPartOf":{"@id":"https:\/\/lasentinelle.dz\/index.php\/2022\/08\/03\/ecole-normale-superieure-pour-les-sourds-muets-enssm-lancement-dun-concours-national\/"},"author":{"name":"La Sentinelle","@id":"https:\/\/lasentinelle.dz\/#\/schema\/person\/d865044e22e70a75174ce8bcad3acfb3"},"headline":"\u00c9cole normale sup\u00e9rieure pour les sourds-muets (ENSSM)\u00a0:\u00a0Lancement d&rsquo;un concours national","datePublished":"2022-08-02T23:05:00+00:00","mainEntityOfPage":{"@id":"https:\/\/lasentinelle.dz\/index.php\/2022\/08\/03\/ecole-normale-superieure-pour-les-sourds-muets-enssm-lancement-dun-concours-national\/"},"wordCount":522,"commentCount":0,"publisher":{"@id":"https:\/\/lasentinelle.dz\/#organization"},"image":{"@id":"https:\/\/lasentinelle.dz\/index.php\/2022\/08\/03\/ecole-normale-superieure-pour-les-sourds-muets-enssm-lancement-dun-concours-national\/#primaryimage"},"thumbnailUrl":"https:\/\/lasentinelle.dz\/wp-content\/uploads\/2022\/08\/sup-450x300-1.png","articleSection":["Actualit\u00e9"],"inLanguage":"fr-FR","potentialAction":[{"@type":"CommentAction","name":"Comment","target":["https:\/\/lasentinelle.dz\/index.php\/2022\/08\/03\/ecole-normale-superieure-pour-les-sourds-muets-enssm-lancement-dun-concours-national\/#respond"]}]},{"@type":"WebPage","@id":"https:\/\/lasentinelle.dz\/index.php\/2022\/08\/03\/ecole-normale-superieure-pour-les-sourds-muets-enssm-lancement-dun-concours-national\/","url":"https:\/\/lasentinelle.dz\/index.php\/2022\/08\/03\/ecole-normale-superieure-pour-les-sourds-muets-enssm-lancement-dun-concours-national\/","name":"\u00c9cole normale sup\u00e9rieure pour les sourds-muets (ENSSM)\u00a0:\u00a0Lancement d&rsquo;un concours national - La Sentinelle","isPartOf":{"@id":"https:\/\/lasentinelle.dz\/#website"},"primaryImageOfPage":{"@id":"https:\/\/lasentinelle.dz\/index.php\/2022\/08\/03\/ecole-normale-superieure-pour-les-sourds-muets-enssm-lancement-dun-concours-national\/#primaryimage"},"image":{"@id":"https:\/\/lasentinelle.dz\/index.php\/2022\/08\/03\/ecole-normale-superieure-pour-les-sourds-muets-enssm-lancement-dun-concours-national\/#primaryimage"},"thumbnailUrl":"https:\/\/lasentinelle.dz\/wp-content\/uploads\/2022\/08\/sup-450x300-1.png","datePublished":"2022-08-02T23:05:00+00:00","breadcrumb":{"@id":"https:\/\/lasentinelle.dz\/index.php\/2022\/08\/03\/ecole-normale-superieure-pour-les-sourds-muets-enssm-lancement-dun-concours-national\/#breadcrumb"},"inLanguage":"fr-FR","potentialAction":[{"@type":"ReadAction","target":["https:\/\/lasentinelle.dz\/index.php\/2022\/08\/03\/ecole-normale-superieure-pour-les-sourds-muets-enssm-lancement-dun-concours-national\/"]}]},{"@type":"ImageObject","inLanguage":"fr-FR","@id":"https:\/\/lasentinelle.dz\/index.php\/2022\/08\/03\/ecole-normale-superieure-pour-les-sourds-muets-enssm-lancement-dun-concours-national\/#primaryimage","url":"https:\/\/lasentinelle.dz\/wp-content\/uploads\/2022\/08\/sup-450x300-1.png","contentUrl":"https:\/\/lasentinelle.dz\/wp-content\/uploads\/2022\/08\/sup-450x300-1.png","width":1350,"height":900},{"@type":"BreadcrumbList","@id":"https:\/\/lasentinelle.dz\/index.php\/2022\/08\/03\/ecole-normale-superieure-pour-les-sourds-muets-enssm-lancement-dun-concours-national\/#breadcrumb","itemListElement":[{"@type":"ListItem","position":1,"name":"Accueil","item":"https:\/\/lasentinelle.dz\/"},{"@type":"ListItem","position":2,"name":"\u00c9cole normale sup\u00e9rieure pour les sourds-muets (ENSSM)\u00a0:\u00a0Lancement d&rsquo;un concours national"}]},{"@type":"WebSite","@id":"https:\/\/lasentinelle.dz\/#website","url":"https:\/\/lasentinelle.dz\/","name":"La Sentinelle","description":"Quotidien national d&#039;information","publisher":{"@id":"https:\/\/lasentinelle.dz\/#organization"},"potentialAction":[{"@type":"SearchAction","target":{"@type":"EntryPoint","urlTemplate":"https:\/\/lasentinelle.dz\/?s={search_term_string}"},"query-input":{"@type":"PropertyValueSpecification","valueRequired":true,"valueName":"search_term_string"}}],"inLanguage":"fr-FR"},{"@type":"Organization","@id":"https:\/\/lasentinelle.dz\/#organization","name":"Quotidien La Sentinelle","url":"https:\/\/lasentinelle.dz\/","logo":{"@type":"ImageObject","inLanguage":"fr-FR","@id":"https:\/\/lasentinelle.dz\/#\/schema\/logo\/image\/","url":"https:\/\/lasentinelle.dz\/wp-content\/uploads\/2021\/09\/logo-sentinelleSLOGAN-1.png","contentUrl":"https:\/\/lasentinelle.dz\/wp-content\/uploads\/2021\/09\/logo-sentinelleSLOGAN-1.png","width":615,"height":142,"caption":"Quotidien La Sentinelle"},"image":{"@id":"https:\/\/lasentinelle.dz\/#\/schema\/logo\/image\/"},"sameAs":["https:\/\/www.facebook.com\/La-Sentinelle-104059864394773"]},{"@type":"Person","@id":"https:\/\/lasentinelle.dz\/#\/schema\/person\/d865044e22e70a75174ce8bcad3acfb3","name":"La Sentinelle","image":{"@type":"ImageObject","inLanguage":"fr-FR","@id":"https:\/\/secure.gravatar.com\/avatar\/57de8e5d4b15d43fb361a71fbb36338450fe67865b528a43dd10ef7c51a20392?s=96&d=mm&r=g","url":"https:\/\/secure.gravatar.com\/avatar\/57de8e5d4b15d43fb361a71fbb36338450fe67865b528a43dd10ef7c51a20392?s=96&d=mm&r=g","contentUrl":"https:\/\/secure.gravatar.com\/avatar\/57de8e5d4b15d43fb361a71fbb36338450fe67865b528a43dd10ef7c51a20392?s=96&d=mm&r=g","caption":"La Sentinelle"},"sameAs":["http:\/\/www.lasentinelle.dz"],"url":"https:\/\/lasentinelle.dz\/author\/redaction\/"}]}},"_links":{"self":[{"href":"https:\/\/lasentinelle.dz\/index.php\/wp-json\/wp\/v2\/posts\/25146","targetHints":{"allow":["GET"]}}],"collection":[{"href":"https:\/\/lasentinelle.dz\/index.php\/wp-json\/wp\/v2\/posts"}],"about":[{"href":"https:\/\/lasentinelle.dz\/index.php\/wp-json\/wp\/v2\/types\/post"}],"author":[{"embeddable":true,"href":"https:\/\/lasentinelle.dz\/index.php\/wp-json\/wp\/v2\/users\/3"}],"replies":[{"embeddable":true,"href":"https:\/\/lasentinelle.dz\/index.php\/wp-json\/wp\/v2\/comments?post=25146"}],"version-history":[{"count":2,"href":"https:\/\/lasentinelle.dz\/index.php\/wp-json\/wp\/v2\/posts\/25146\/revisions"}],"predecessor-version":[{"id":25185,"href":"https:\/\/lasentinelle.dz\/index.php\/wp-json\/wp\/v2\/posts\/25146\/revisions\/25185"}],"wp:featuredmedia":[{"embeddable":true,"href":"https:\/\/lasentinelle.dz\/index.php\/wp-json\/wp\/v2\/media\/25153"}],"wp:attachment":[{"href":"https:\/\/lasentinelle.dz\/index.php\/wp-json\/wp\/v2\/media?parent=25146"}],"wp:term":[{"taxonomy":"category","embeddable":true,"href":"https:\/\/lasentinelle.dz\/index.php\/wp-json\/wp\/v2\/categories?post=25146"},{"taxonomy":"post_tag","embeddable":true,"href":"https:\/\/lasentinelle.dz\/index.php\/wp-json\/wp\/v2\/tags?post=25146"}],"curies":[{"name":"wp","href":"https:\/\/api.w.org\/{rel}","templated":true}]}}