{"id":25147,"date":"2022-08-03T00:08:00","date_gmt":"2022-08-02T23:08:00","guid":{"rendered":"https:\/\/lasentinelle.dz\/?p=25147"},"modified":"2022-08-02T20:50:15","modified_gmt":"2022-08-02T19:50:15","slug":"introduction-de-lenseignement-de-langlais-dans-le-cycle-primaire-belabeb-lance-les-recrutements","status":"publish","type":"post","link":"https:\/\/lasentinelle.dz\/index.php\/2022\/08\/03\/introduction-de-lenseignement-de-langlais-dans-le-cycle-primaire-belabeb-lance-les-recrutements\/","title":{"rendered":"Introduction de l\u2019enseignement de l\u2019Anglais dans le cycle primaire\u00a0: Belabed lance les recrutements"},"content":{"rendered":"\n<p>L\u2019enseignement de l\u2019Anglais sera introduit dans le cycle primaire d\u00e8s la prochaine rentr\u00e9e scolaire. Pris de court, le ministre de l\u2019\u00c9ducation nationale qui a toujours plaid\u00e9 pour le principe du recrutement des enseignants en priorit\u00e9 aupr\u00e8s des \u00c9coles normales sup\u00e9rieures, a lanc\u00e9 hier une campagne de recrutement qui brasse large et en appelle aux d\u00e9tenteurs de licences en Anglais ou en traduction et interpr\u00e9tariat&nbsp;!<\/p>\n\n\n\n<p>L\u2019info a fait le tour hier.&nbsp;Les&nbsp;Directions de l&rsquo;\u00e9ducation&nbsp;au niveau&nbsp;des wilayas&nbsp;ont annonc\u00e9 le lancement des premi\u00e8res d\u00e9marches&nbsp;entrant de la cadre de la pr\u00e9paration de l\u2019introduction de l\u2019enseignement de la langue anglaise dans le cycle primaire. Elles ont ainsi publi\u00e9 des appels invitant les candidats \u00e0 d\u00e9poser leurs dossiers pour pr\u00e9tendre \u00e0 un poste d\u2019enseignant contractuel de langue anglaise.&nbsp;<\/p>\n\n\n\n<p>C\u2019est le cas de&nbsp;la&nbsp;Direction de l&rsquo;\u00e9ducation de la wilaya d\u2019Alger&nbsp;qui&nbsp;a annonc\u00e9 dans un communiqu\u00e9 \u00ab&nbsp;le d\u00e9but de la r\u00e9ception des candidatures d\u00e8s demain (aujourd\u2019hui NDLR), exigeant d\u2019accompagner les dossiers&nbsp;par&nbsp;des pi\u00e8ces administratives attestant qu\u2019ils sont titulaires d&rsquo;une licence en anglais ou en traduction de et vers l&rsquo;Anglais&nbsp;\u00bb. Les directions de l\u2019\u00e9ducation, des wilayas de S\u00e9tif, M\u00e9d\u00e9a et de Bouira ont, elles aussi, commenc\u00e9 \u00e0 recevoir les dossiers des&nbsp;candidats aux&nbsp;postes d\u2019enseignants&nbsp;conform\u00e9ment \u00e0 la d\u00e9cision du pr\u00e9sident&nbsp;de la R\u00e9publique&nbsp;et aux instructions du ministre de l&rsquo;\u00c9ducation&nbsp;nationale, pr\u00e9cise-t-on.&nbsp;C\u2019est ainsi que&nbsp;la Direction de l\u2019\u00e9ducation de S\u00e9tif a diffus\u00e9 un communiqu\u00e9 annon\u00e7ant que \u00abse conformant \u00e0 la d\u00e9cision du Pr\u00e9sident de la R\u00e9publique d\u2019inclure l\u2019anglais dans l\u2019enseignement primaire pour la&nbsp;rentr\u00e9e&nbsp;scolaire 2023\/2022 et conform\u00e9ment aux instructions du&nbsp;ministre de l\u2019\u00c9ducation nationale, la r\u00e9ception des dossiers&nbsp;des candidats postes d\u2019enseignants est ouverte&nbsp;au si\u00e8ge de la Direction de l\u2019\u00e9ducation \u00bb. Pour sa part, la Direction de l\u2019\u00e9ducation de Bouira invite tous les titulaires d\u2019une licence en anglais ou d\u2019une licence en traduction&nbsp;d\u00e9sireux de postuler aux postes vacants au niveau primaire pour enseigner l\u2019anglais, \u00e0 d\u00e9poser le dossier administratif initial comprenant une demande manuscrite (selon le formulaire remis par la direction de l\u2019\u00e9ducation), une copie de la licence en anglais, une copie de la licence en traduction (De \u00e0 l\u2019anglais),&nbsp;le cas \u00e9ch\u00e9antun copie de l\u2019attestation de r\u00e9sidence, le num\u00e9ro de t\u00e9l\u00e9phone, en plus du document attestant la situation administrative du candidat vis-\u00e0-vis du service national. L\u2019enseignement de l\u2019anglais sera assur\u00e9 \u00e0 raison d\u2019une heure et demie par semaine, assure-t-on. Aussi, le minist\u00e8re a parachev\u00e9 la pr\u00e9paration de programmes et de livres en anglais.&nbsp;D\u2019ailleurs, une r\u00e9union a \u00e9t\u00e9 tenue, hier entre le premier responsable du secteur, Abdelhakim Belabed et les Directeur de l\u2019\u00e9ducation au niveau des wilaya afin de faire le point sur les pr\u00e9paratifs relatifs \u00e0 cette question de l\u2019introduction de l\u2019enseignement de l\u2019Anglais au primaire.&nbsp;Le pr\u00e9sident de la R\u00e9publique, Abdelmadjid Tebboune, a ordonn\u00e9 lors d&rsquo;un conseil des ministres&nbsp;tenu au mois de&nbsp;juin&nbsp;dernier&nbsp;d&rsquo;adopter la langue anglaise, \u00e0 partir du&nbsp;cycle&nbsp;primaire, apr\u00e8s une \u00e9tude approfondie, pour les experts et les sp\u00e9cialistes. Le&nbsp;Pr\u00e9sident Tebboune a, lors de sa rencontre p\u00e9riodique avec les m\u00e9dias&nbsp;diffus\u00e9e dimanche soir, d\u00e9clar\u00e9 que \u00abla d\u00e9cision sera mise en \u0153uvre d\u00e8s la rentr\u00e9e prochaine\u00bb, expliquant que \u00abl&rsquo;anglais est la langue internationale\u00bb.<\/p>\n\n\n\n<p><strong>Salim Abdenour<\/strong><\/p>\n","protected":false},"excerpt":{"rendered":"<p>L\u2019enseignement de l\u2019Anglais sera introduit dans le cycle primaire d\u00e8s la prochaine rentr\u00e9e scolaire. Pris de court, le ministre de<\/p>\n","protected":false},"author":3,"featured_media":25151,"comment_status":"open","ping_status":"closed","sticky":false,"template":"","format":"standard","meta":{"colormag_page_container_layout":"default_layout","colormag_page_sidebar_layout":"default_layout","om_disable_all_campaigns":false,"_monsterinsights_skip_tracking":false,"_monsterinsights_sitenote_active":false,"_monsterinsights_sitenote_note":"","_monsterinsights_sitenote_category":0,"footnotes":"","_wpscppro_dont_share_socialmedia":false,"_wpscppro_custom_social_share_image":0,"_facebook_share_type":"","_twitter_share_type":"","_linkedin_share_type":"","_pinterest_share_type":"","_linkedin_share_type_page":"","_instagram_share_type":"","_medium_share_type":"","_threads_share_type":"","_google_business_share_type":"","_selected_social_profile":[],"_wpsp_enable_custom_social_template":false,"_wpsp_social_scheduling":{"enabled":false,"datetime":null,"platforms":[],"status":"template_only","dateOption":"today","timeOption":"now","customDays":"","customHours":"","customDate":"","customTime":"","schedulingType":"absolute"},"_wpsp_active_default_template":true},"categories":[52,27],"tags":[],"class_list":["post-25147","post","type-post","status-publish","format-standard","has-post-thumbnail","hentry","category-a-la-une","category-actualite"],"aioseo_notices":[],"yoast_head":"<!-- This site is optimized with the Yoast SEO plugin v27.5 - https:\/\/yoast.com\/product\/yoast-seo-wordpress\/ -->\n<title>Introduction de l\u2019enseignement de l\u2019Anglais dans le cycle primaire\u00a0: Belabed lance les recrutements - La Sentinelle<\/title>\n<meta name=\"robots\" content=\"index, follow, max-snippet:-1, max-image-preview:large, max-video-preview:-1\" \/>\n<link rel=\"canonical\" href=\"https:\/\/lasentinelle.dz\/index.php\/2022\/08\/03\/introduction-de-lenseignement-de-langlais-dans-le-cycle-primaire-belabeb-lance-les-recrutements\/\" \/>\n<meta property=\"og:locale\" content=\"fr_FR\" \/>\n<meta property=\"og:type\" content=\"article\" \/>\n<meta property=\"og:title\" content=\"Introduction de l\u2019enseignement de l\u2019Anglais dans le cycle primaire\u00a0: Belabed lance les recrutements - La Sentinelle\" \/>\n<meta property=\"og:description\" content=\"L\u2019enseignement de l\u2019Anglais sera introduit dans le cycle primaire d\u00e8s la prochaine rentr\u00e9e scolaire. Pris de court, le ministre de\" \/>\n<meta property=\"og:url\" content=\"https:\/\/lasentinelle.dz\/index.php\/2022\/08\/03\/introduction-de-lenseignement-de-langlais-dans-le-cycle-primaire-belabeb-lance-les-recrutements\/\" \/>\n<meta property=\"og:site_name\" content=\"La Sentinelle\" \/>\n<meta property=\"article:publisher\" content=\"https:\/\/www.facebook.com\/La-Sentinelle-104059864394773\" \/>\n<meta property=\"article:published_time\" content=\"2022-08-02T23:08:00+00:00\" \/>\n<meta property=\"og:image\" content=\"https:\/\/lasentinelle.dz\/wp-content\/uploads\/2022\/08\/ecole.png\" \/>\n\t<meta property=\"og:image:width\" content=\"1349\" \/>\n\t<meta property=\"og:image:height\" content=\"900\" \/>\n\t<meta property=\"og:image:type\" content=\"image\/png\" \/>\n<meta name=\"author\" content=\"La Sentinelle\" \/>\n<meta name=\"twitter:card\" content=\"summary_large_image\" \/>\n<meta name=\"twitter:label1\" content=\"\u00c9crit par\" \/>\n\t<meta name=\"twitter:data1\" content=\"La Sentinelle\" \/>\n\t<meta name=\"twitter:label2\" content=\"Dur\u00e9e de lecture estim\u00e9e\" \/>\n\t<meta name=\"twitter:data2\" content=\"3 minutes\" \/>\n<script type=\"application\/ld+json\" class=\"yoast-schema-graph\">{\"@context\":\"https:\\\/\\\/schema.org\",\"@graph\":[{\"@type\":\"Article\",\"@id\":\"https:\\\/\\\/lasentinelle.dz\\\/index.php\\\/2022\\\/08\\\/03\\\/introduction-de-lenseignement-de-langlais-dans-le-cycle-primaire-belabeb-lance-les-recrutements\\\/#article\",\"isPartOf\":{\"@id\":\"https:\\\/\\\/lasentinelle.dz\\\/index.php\\\/2022\\\/08\\\/03\\\/introduction-de-lenseignement-de-langlais-dans-le-cycle-primaire-belabeb-lance-les-recrutements\\\/\"},\"author\":{\"name\":\"La Sentinelle\",\"@id\":\"https:\\\/\\\/lasentinelle.dz\\\/#\\\/schema\\\/person\\\/d865044e22e70a75174ce8bcad3acfb3\"},\"headline\":\"Introduction de l\u2019enseignement de l\u2019Anglais dans le cycle primaire\u00a0: Belabed lance les recrutements\",\"datePublished\":\"2022-08-02T23:08:00+00:00\",\"mainEntityOfPage\":{\"@id\":\"https:\\\/\\\/lasentinelle.dz\\\/index.php\\\/2022\\\/08\\\/03\\\/introduction-de-lenseignement-de-langlais-dans-le-cycle-primaire-belabeb-lance-les-recrutements\\\/\"},\"wordCount\":672,\"commentCount\":0,\"publisher\":{\"@id\":\"https:\\\/\\\/lasentinelle.dz\\\/#organization\"},\"image\":{\"@id\":\"https:\\\/\\\/lasentinelle.dz\\\/index.php\\\/2022\\\/08\\\/03\\\/introduction-de-lenseignement-de-langlais-dans-le-cycle-primaire-belabeb-lance-les-recrutements\\\/#primaryimage\"},\"thumbnailUrl\":\"https:\\\/\\\/lasentinelle.dz\\\/wp-content\\\/uploads\\\/2022\\\/08\\\/ecole.png\",\"articleSection\":[\"\u00c0 la Une\",\"Actualit\u00e9\"],\"inLanguage\":\"fr-FR\",\"potentialAction\":[{\"@type\":\"CommentAction\",\"name\":\"Comment\",\"target\":[\"https:\\\/\\\/lasentinelle.dz\\\/index.php\\\/2022\\\/08\\\/03\\\/introduction-de-lenseignement-de-langlais-dans-le-cycle-primaire-belabeb-lance-les-recrutements\\\/#respond\"]}]},{\"@type\":\"WebPage\",\"@id\":\"https:\\\/\\\/lasentinelle.dz\\\/index.php\\\/2022\\\/08\\\/03\\\/introduction-de-lenseignement-de-langlais-dans-le-cycle-primaire-belabeb-lance-les-recrutements\\\/\",\"url\":\"https:\\\/\\\/lasentinelle.dz\\\/index.php\\\/2022\\\/08\\\/03\\\/introduction-de-lenseignement-de-langlais-dans-le-cycle-primaire-belabeb-lance-les-recrutements\\\/\",\"name\":\"Introduction de l\u2019enseignement de l\u2019Anglais dans le cycle primaire\u00a0: Belabed lance les recrutements - La Sentinelle\",\"isPartOf\":{\"@id\":\"https:\\\/\\\/lasentinelle.dz\\\/#website\"},\"primaryImageOfPage\":{\"@id\":\"https:\\\/\\\/lasentinelle.dz\\\/index.php\\\/2022\\\/08\\\/03\\\/introduction-de-lenseignement-de-langlais-dans-le-cycle-primaire-belabeb-lance-les-recrutements\\\/#primaryimage\"},\"image\":{\"@id\":\"https:\\\/\\\/lasentinelle.dz\\\/index.php\\\/2022\\\/08\\\/03\\\/introduction-de-lenseignement-de-langlais-dans-le-cycle-primaire-belabeb-lance-les-recrutements\\\/#primaryimage\"},\"thumbnailUrl\":\"https:\\\/\\\/lasentinelle.dz\\\/wp-content\\\/uploads\\\/2022\\\/08\\\/ecole.png\",\"datePublished\":\"2022-08-02T23:08:00+00:00\",\"breadcrumb\":{\"@id\":\"https:\\\/\\\/lasentinelle.dz\\\/index.php\\\/2022\\\/08\\\/03\\\/introduction-de-lenseignement-de-langlais-dans-le-cycle-primaire-belabeb-lance-les-recrutements\\\/#breadcrumb\"},\"inLanguage\":\"fr-FR\",\"potentialAction\":[{\"@type\":\"ReadAction\",\"target\":[\"https:\\\/\\\/lasentinelle.dz\\\/index.php\\\/2022\\\/08\\\/03\\\/introduction-de-lenseignement-de-langlais-dans-le-cycle-primaire-belabeb-lance-les-recrutements\\\/\"]}]},{\"@type\":\"ImageObject\",\"inLanguage\":\"fr-FR\",\"@id\":\"https:\\\/\\\/lasentinelle.dz\\\/index.php\\\/2022\\\/08\\\/03\\\/introduction-de-lenseignement-de-langlais-dans-le-cycle-primaire-belabeb-lance-les-recrutements\\\/#primaryimage\",\"url\":\"https:\\\/\\\/lasentinelle.dz\\\/wp-content\\\/uploads\\\/2022\\\/08\\\/ecole.png\",\"contentUrl\":\"https:\\\/\\\/lasentinelle.dz\\\/wp-content\\\/uploads\\\/2022\\\/08\\\/ecole.png\",\"width\":1349,\"height\":900},{\"@type\":\"BreadcrumbList\",\"@id\":\"https:\\\/\\\/lasentinelle.dz\\\/index.php\\\/2022\\\/08\\\/03\\\/introduction-de-lenseignement-de-langlais-dans-le-cycle-primaire-belabeb-lance-les-recrutements\\\/#breadcrumb\",\"itemListElement\":[{\"@type\":\"ListItem\",\"position\":1,\"name\":\"Accueil\",\"item\":\"https:\\\/\\\/lasentinelle.dz\\\/\"},{\"@type\":\"ListItem\",\"position\":2,\"name\":\"Introduction de l\u2019enseignement de l\u2019Anglais dans le cycle primaire\u00a0: Belabed lance les recrutements\"}]},{\"@type\":\"WebSite\",\"@id\":\"https:\\\/\\\/lasentinelle.dz\\\/#website\",\"url\":\"https:\\\/\\\/lasentinelle.dz\\\/\",\"name\":\"La Sentinelle\",\"description\":\"Quotidien national d&#039;information\",\"publisher\":{\"@id\":\"https:\\\/\\\/lasentinelle.dz\\\/#organization\"},\"potentialAction\":[{\"@type\":\"SearchAction\",\"target\":{\"@type\":\"EntryPoint\",\"urlTemplate\":\"https:\\\/\\\/lasentinelle.dz\\\/?s={search_term_string}\"},\"query-input\":{\"@type\":\"PropertyValueSpecification\",\"valueRequired\":true,\"valueName\":\"search_term_string\"}}],\"inLanguage\":\"fr-FR\"},{\"@type\":\"Organization\",\"@id\":\"https:\\\/\\\/lasentinelle.dz\\\/#organization\",\"name\":\"Quotidien La Sentinelle\",\"url\":\"https:\\\/\\\/lasentinelle.dz\\\/\",\"logo\":{\"@type\":\"ImageObject\",\"inLanguage\":\"fr-FR\",\"@id\":\"https:\\\/\\\/lasentinelle.dz\\\/#\\\/schema\\\/logo\\\/image\\\/\",\"url\":\"https:\\\/\\\/lasentinelle.dz\\\/wp-content\\\/uploads\\\/2021\\\/09\\\/logo-sentinelleSLOGAN-1.png\",\"contentUrl\":\"https:\\\/\\\/lasentinelle.dz\\\/wp-content\\\/uploads\\\/2021\\\/09\\\/logo-sentinelleSLOGAN-1.png\",\"width\":615,\"height\":142,\"caption\":\"Quotidien La Sentinelle\"},\"image\":{\"@id\":\"https:\\\/\\\/lasentinelle.dz\\\/#\\\/schema\\\/logo\\\/image\\\/\"},\"sameAs\":[\"https:\\\/\\\/www.facebook.com\\\/La-Sentinelle-104059864394773\"]},{\"@type\":\"Person\",\"@id\":\"https:\\\/\\\/lasentinelle.dz\\\/#\\\/schema\\\/person\\\/d865044e22e70a75174ce8bcad3acfb3\",\"name\":\"La Sentinelle\",\"image\":{\"@type\":\"ImageObject\",\"inLanguage\":\"fr-FR\",\"@id\":\"https:\\\/\\\/secure.gravatar.com\\\/avatar\\\/57de8e5d4b15d43fb361a71fbb36338450fe67865b528a43dd10ef7c51a20392?s=96&d=mm&r=g\",\"url\":\"https:\\\/\\\/secure.gravatar.com\\\/avatar\\\/57de8e5d4b15d43fb361a71fbb36338450fe67865b528a43dd10ef7c51a20392?s=96&d=mm&r=g\",\"contentUrl\":\"https:\\\/\\\/secure.gravatar.com\\\/avatar\\\/57de8e5d4b15d43fb361a71fbb36338450fe67865b528a43dd10ef7c51a20392?s=96&d=mm&r=g\",\"caption\":\"La Sentinelle\"},\"sameAs\":[\"http:\\\/\\\/www.lasentinelle.dz\"],\"url\":\"https:\\\/\\\/lasentinelle.dz\\\/author\\\/redaction\\\/\"}]}<\/script>\n<!-- \/ Yoast SEO plugin. -->","yoast_head_json":{"title":"Introduction de l\u2019enseignement de l\u2019Anglais dans le cycle primaire\u00a0: Belabed lance les recrutements - La Sentinelle","robots":{"index":"index","follow":"follow","max-snippet":"max-snippet:-1","max-image-preview":"max-image-preview:large","max-video-preview":"max-video-preview:-1"},"canonical":"https:\/\/lasentinelle.dz\/index.php\/2022\/08\/03\/introduction-de-lenseignement-de-langlais-dans-le-cycle-primaire-belabeb-lance-les-recrutements\/","og_locale":"fr_FR","og_type":"article","og_title":"Introduction de l\u2019enseignement de l\u2019Anglais dans le cycle primaire\u00a0: Belabed lance les recrutements - La Sentinelle","og_description":"L\u2019enseignement de l\u2019Anglais sera introduit dans le cycle primaire d\u00e8s la prochaine rentr\u00e9e scolaire. Pris de court, le ministre de","og_url":"https:\/\/lasentinelle.dz\/index.php\/2022\/08\/03\/introduction-de-lenseignement-de-langlais-dans-le-cycle-primaire-belabeb-lance-les-recrutements\/","og_site_name":"La Sentinelle","article_publisher":"https:\/\/www.facebook.com\/La-Sentinelle-104059864394773","article_published_time":"2022-08-02T23:08:00+00:00","og_image":[{"width":1349,"height":900,"url":"https:\/\/lasentinelle.dz\/wp-content\/uploads\/2022\/08\/ecole.png","type":"image\/png"}],"author":"La Sentinelle","twitter_card":"summary_large_image","twitter_misc":{"\u00c9crit par":"La Sentinelle","Dur\u00e9e de lecture estim\u00e9e":"3 minutes"},"schema":{"@context":"https:\/\/schema.org","@graph":[{"@type":"Article","@id":"https:\/\/lasentinelle.dz\/index.php\/2022\/08\/03\/introduction-de-lenseignement-de-langlais-dans-le-cycle-primaire-belabeb-lance-les-recrutements\/#article","isPartOf":{"@id":"https:\/\/lasentinelle.dz\/index.php\/2022\/08\/03\/introduction-de-lenseignement-de-langlais-dans-le-cycle-primaire-belabeb-lance-les-recrutements\/"},"author":{"name":"La Sentinelle","@id":"https:\/\/lasentinelle.dz\/#\/schema\/person\/d865044e22e70a75174ce8bcad3acfb3"},"headline":"Introduction de l\u2019enseignement de l\u2019Anglais dans le cycle primaire\u00a0: Belabed lance les recrutements","datePublished":"2022-08-02T23:08:00+00:00","mainEntityOfPage":{"@id":"https:\/\/lasentinelle.dz\/index.php\/2022\/08\/03\/introduction-de-lenseignement-de-langlais-dans-le-cycle-primaire-belabeb-lance-les-recrutements\/"},"wordCount":672,"commentCount":0,"publisher":{"@id":"https:\/\/lasentinelle.dz\/#organization"},"image":{"@id":"https:\/\/lasentinelle.dz\/index.php\/2022\/08\/03\/introduction-de-lenseignement-de-langlais-dans-le-cycle-primaire-belabeb-lance-les-recrutements\/#primaryimage"},"thumbnailUrl":"https:\/\/lasentinelle.dz\/wp-content\/uploads\/2022\/08\/ecole.png","articleSection":["\u00c0 la Une","Actualit\u00e9"],"inLanguage":"fr-FR","potentialAction":[{"@type":"CommentAction","name":"Comment","target":["https:\/\/lasentinelle.dz\/index.php\/2022\/08\/03\/introduction-de-lenseignement-de-langlais-dans-le-cycle-primaire-belabeb-lance-les-recrutements\/#respond"]}]},{"@type":"WebPage","@id":"https:\/\/lasentinelle.dz\/index.php\/2022\/08\/03\/introduction-de-lenseignement-de-langlais-dans-le-cycle-primaire-belabeb-lance-les-recrutements\/","url":"https:\/\/lasentinelle.dz\/index.php\/2022\/08\/03\/introduction-de-lenseignement-de-langlais-dans-le-cycle-primaire-belabeb-lance-les-recrutements\/","name":"Introduction de l\u2019enseignement de l\u2019Anglais dans le cycle primaire\u00a0: Belabed lance les recrutements - La Sentinelle","isPartOf":{"@id":"https:\/\/lasentinelle.dz\/#website"},"primaryImageOfPage":{"@id":"https:\/\/lasentinelle.dz\/index.php\/2022\/08\/03\/introduction-de-lenseignement-de-langlais-dans-le-cycle-primaire-belabeb-lance-les-recrutements\/#primaryimage"},"image":{"@id":"https:\/\/lasentinelle.dz\/index.php\/2022\/08\/03\/introduction-de-lenseignement-de-langlais-dans-le-cycle-primaire-belabeb-lance-les-recrutements\/#primaryimage"},"thumbnailUrl":"https:\/\/lasentinelle.dz\/wp-content\/uploads\/2022\/08\/ecole.png","datePublished":"2022-08-02T23:08:00+00:00","breadcrumb":{"@id":"https:\/\/lasentinelle.dz\/index.php\/2022\/08\/03\/introduction-de-lenseignement-de-langlais-dans-le-cycle-primaire-belabeb-lance-les-recrutements\/#breadcrumb"},"inLanguage":"fr-FR","potentialAction":[{"@type":"ReadAction","target":["https:\/\/lasentinelle.dz\/index.php\/2022\/08\/03\/introduction-de-lenseignement-de-langlais-dans-le-cycle-primaire-belabeb-lance-les-recrutements\/"]}]},{"@type":"ImageObject","inLanguage":"fr-FR","@id":"https:\/\/lasentinelle.dz\/index.php\/2022\/08\/03\/introduction-de-lenseignement-de-langlais-dans-le-cycle-primaire-belabeb-lance-les-recrutements\/#primaryimage","url":"https:\/\/lasentinelle.dz\/wp-content\/uploads\/2022\/08\/ecole.png","contentUrl":"https:\/\/lasentinelle.dz\/wp-content\/uploads\/2022\/08\/ecole.png","width":1349,"height":900},{"@type":"BreadcrumbList","@id":"https:\/\/lasentinelle.dz\/index.php\/2022\/08\/03\/introduction-de-lenseignement-de-langlais-dans-le-cycle-primaire-belabeb-lance-les-recrutements\/#breadcrumb","itemListElement":[{"@type":"ListItem","position":1,"name":"Accueil","item":"https:\/\/lasentinelle.dz\/"},{"@type":"ListItem","position":2,"name":"Introduction de l\u2019enseignement de l\u2019Anglais dans le cycle primaire\u00a0: Belabed lance les recrutements"}]},{"@type":"WebSite","@id":"https:\/\/lasentinelle.dz\/#website","url":"https:\/\/lasentinelle.dz\/","name":"La Sentinelle","description":"Quotidien national d&#039;information","publisher":{"@id":"https:\/\/lasentinelle.dz\/#organization"},"potentialAction":[{"@type":"SearchAction","target":{"@type":"EntryPoint","urlTemplate":"https:\/\/lasentinelle.dz\/?s={search_term_string}"},"query-input":{"@type":"PropertyValueSpecification","valueRequired":true,"valueName":"search_term_string"}}],"inLanguage":"fr-FR"},{"@type":"Organization","@id":"https:\/\/lasentinelle.dz\/#organization","name":"Quotidien La Sentinelle","url":"https:\/\/lasentinelle.dz\/","logo":{"@type":"ImageObject","inLanguage":"fr-FR","@id":"https:\/\/lasentinelle.dz\/#\/schema\/logo\/image\/","url":"https:\/\/lasentinelle.dz\/wp-content\/uploads\/2021\/09\/logo-sentinelleSLOGAN-1.png","contentUrl":"https:\/\/lasentinelle.dz\/wp-content\/uploads\/2021\/09\/logo-sentinelleSLOGAN-1.png","width":615,"height":142,"caption":"Quotidien La Sentinelle"},"image":{"@id":"https:\/\/lasentinelle.dz\/#\/schema\/logo\/image\/"},"sameAs":["https:\/\/www.facebook.com\/La-Sentinelle-104059864394773"]},{"@type":"Person","@id":"https:\/\/lasentinelle.dz\/#\/schema\/person\/d865044e22e70a75174ce8bcad3acfb3","name":"La Sentinelle","image":{"@type":"ImageObject","inLanguage":"fr-FR","@id":"https:\/\/secure.gravatar.com\/avatar\/57de8e5d4b15d43fb361a71fbb36338450fe67865b528a43dd10ef7c51a20392?s=96&d=mm&r=g","url":"https:\/\/secure.gravatar.com\/avatar\/57de8e5d4b15d43fb361a71fbb36338450fe67865b528a43dd10ef7c51a20392?s=96&d=mm&r=g","contentUrl":"https:\/\/secure.gravatar.com\/avatar\/57de8e5d4b15d43fb361a71fbb36338450fe67865b528a43dd10ef7c51a20392?s=96&d=mm&r=g","caption":"La Sentinelle"},"sameAs":["http:\/\/www.lasentinelle.dz"],"url":"https:\/\/lasentinelle.dz\/author\/redaction\/"}]}},"_links":{"self":[{"href":"https:\/\/lasentinelle.dz\/index.php\/wp-json\/wp\/v2\/posts\/25147","targetHints":{"allow":["GET"]}}],"collection":[{"href":"https:\/\/lasentinelle.dz\/index.php\/wp-json\/wp\/v2\/posts"}],"about":[{"href":"https:\/\/lasentinelle.dz\/index.php\/wp-json\/wp\/v2\/types\/post"}],"author":[{"embeddable":true,"href":"https:\/\/lasentinelle.dz\/index.php\/wp-json\/wp\/v2\/users\/3"}],"replies":[{"embeddable":true,"href":"https:\/\/lasentinelle.dz\/index.php\/wp-json\/wp\/v2\/comments?post=25147"}],"version-history":[{"count":2,"href":"https:\/\/lasentinelle.dz\/index.php\/wp-json\/wp\/v2\/posts\/25147\/revisions"}],"predecessor-version":[{"id":25186,"href":"https:\/\/lasentinelle.dz\/index.php\/wp-json\/wp\/v2\/posts\/25147\/revisions\/25186"}],"wp:featuredmedia":[{"embeddable":true,"href":"https:\/\/lasentinelle.dz\/index.php\/wp-json\/wp\/v2\/media\/25151"}],"wp:attachment":[{"href":"https:\/\/lasentinelle.dz\/index.php\/wp-json\/wp\/v2\/media?parent=25147"}],"wp:term":[{"taxonomy":"category","embeddable":true,"href":"https:\/\/lasentinelle.dz\/index.php\/wp-json\/wp\/v2\/categories?post=25147"},{"taxonomy":"post_tag","embeddable":true,"href":"https:\/\/lasentinelle.dz\/index.php\/wp-json\/wp\/v2\/tags?post=25147"}],"curies":[{"name":"wp","href":"https:\/\/api.w.org\/{rel}","templated":true}]}}