{"id":25155,"date":"2022-08-03T00:05:00","date_gmt":"2022-08-02T23:05:00","guid":{"rendered":"https:\/\/lasentinelle.dz\/?p=25155"},"modified":"2022-08-02T20:00:55","modified_gmt":"2022-08-02T19:00:55","slug":"augmentation-des-cas-de-covid-19-benbouzid-bat-le-rappel-des-troupes","status":"publish","type":"post","link":"https:\/\/lasentinelle.dz\/index.php\/2022\/08\/03\/augmentation-des-cas-de-covid-19-benbouzid-bat-le-rappel-des-troupes\/","title":{"rendered":"Augmentation des cas de covid-19\u00a0: Benbouzid bat le rappel des troupes"},"content":{"rendered":"\n<p>La situation sanitaire suscite de plus en plus d\u2019inqui\u00e9tude avec la hausse continue des cas enregistr\u00e9s au quotidien. Hier, le bilan du minist\u00e8re de la Sant\u00e9, de la Population et de la R\u00e9forme hospitali\u00e8re a fait \u00e9t\u00e9 de 111 cas enregistr\u00e9s en 24 heures pour 77 gu\u00e9risons. Bien qu\u2019aucun cas de d\u00e9c\u00e8s ne soit enregistr\u00e9, le m\u00eame bilan fait ressortir une hausse du nombre des patients admis en soins intensifs et lequel a atteint 13. Une \u00e9volution qui pousse les autorit\u00e9s sanitaires \u00e0 \u00e9lever le niveau d\u2019alerte et \u00e0 mobiliser les services de sant\u00e9 pour y faire face. C\u2019est dans ce sens que le premier responsable du secteur, le Pr. Abderrahmane Benbouzid a lanc\u00e9, lundi, un appel \u00e0 la vigilance et \u00e0 la mobilisation en direction des services, notamment au niveau local. Au cours de la r\u00e9union hebdomadaire avec les Directeurs de la sant\u00e9 et de la population au niveau des wilayas, le Pr. Benbouzid a tenu \u00e0 faire le point sur l\u2019\u00e9volution de la situation \u00e9pid\u00e9miologique au regard des&nbsp;&nbsp;derniers&nbsp;d\u00e9veloppements&nbsp;en ce qui concerne la propagation du virus&nbsp;&nbsp;du&nbsp;covid-19.&nbsp;Le ministre qui a soulign\u00e9 la hausse sensible du nombre de cas au cours des derniers jours a rappel\u00e9 que cette situation&nbsp;\u00ab exige la mobilisation totale&nbsp;des services de sant\u00e9&nbsp;et&nbsp;en&nbsp;toute urgence.<\/p>\n\n\n\n<p>Sur un autre volet et concerne le suivi des projets de r\u00e9alisation et de r\u00e9habilitation des infrastructures sanitaires, le ministre&nbsp;a soulign\u00e9 \u00ab de valoriser les chantiers sanitaires concr\u00e9tis\u00e9s au niveau des wilayas&nbsp;\u00bb&nbsp;\u00e0 travers les m\u00e9dias lourds, les radios locales, les r\u00e9seaux sociaux, afin de permettre aux citoyens d\u2019avoir de plus&nbsp;amples informations&nbsp;sur ces projets inscrits dans chacune des wilayas. Il a \u00e9galement&nbsp;&nbsp;mis en avant \u00ab la n\u00e9cessit\u00e9 d\u2019am\u00e9liorer les conditions&nbsp;professionnelles&nbsp;des m\u00e9decins en mettant \u00e0 leur disposition les moyens n\u00e9cessaires afin qu\u2019ils puissent assumer pleinement leurs missions dans le cadre de la prise en charge des patients\u00bb. Lors de cette rencontre, les directeurs de sant\u00e9 ont pr\u00e9sent\u00e9 des expos\u00e9s ax\u00e9s sur l\u2019\u00e9tat d\u2019avancement du programme&nbsp;de r\u00e9habilitation des polycliniques, mis en place conform\u00e9ment aux instructions leur ayant \u00e9t\u00e9 donn\u00e9es par le ministre de la Sant\u00e9. Dans certaines wilayas, l\u2019on a fait \u00e9tat de progr\u00e8s notables dans la&nbsp;r\u00e9habilitation des cliniques&nbsp;, a-t-on r\u00e9v\u00e9l\u00e9, citant \u00ables wilayas de Tiaret qui a r\u00e9am\u00e9nag\u00e9&nbsp;&nbsp;11 polycliniques et la wilaya de Khenchla, qui a proc\u00e9d\u00e9 \u00e0 la reconfiguration de 4 structures sanitaires \u00bb. \u00abElles sont pr\u00eates \u00e0 reprendre leurs activit\u00e9s normales\u00bb, a-t-on expliqu\u00e9. Cette s\u00e9rie de recommandations a \u00e9t\u00e9 \u00e9mise par le ministre dans le cadre de la s\u00e9rie de r\u00e9unions p\u00e9riodiques le regroupant avec les directeurs des wilayas de la sant\u00e9.<\/p>\n\n\n\n<p><strong>Amar M.<\/strong><\/p>\n","protected":false},"excerpt":{"rendered":"<p>La situation sanitaire suscite de plus en plus d\u2019inqui\u00e9tude avec la hausse continue des cas enregistr\u00e9s au quotidien. Hier, le<\/p>\n","protected":false},"author":3,"featured_media":24407,"comment_status":"open","ping_status":"closed","sticky":false,"template":"","format":"standard","meta":{"colormag_page_container_layout":"default_layout","colormag_page_sidebar_layout":"default_layout","om_disable_all_campaigns":false,"_monsterinsights_skip_tracking":false,"_monsterinsights_sitenote_active":false,"_monsterinsights_sitenote_note":"","_monsterinsights_sitenote_category":0,"footnotes":"","_wpscppro_dont_share_socialmedia":false,"_wpscppro_custom_social_share_image":0,"_facebook_share_type":"","_twitter_share_type":"","_linkedin_share_type":"","_pinterest_share_type":"","_linkedin_share_type_page":"","_instagram_share_type":"","_medium_share_type":"","_threads_share_type":"","_google_business_share_type":"","_selected_social_profile":[],"_wpsp_enable_custom_social_template":false,"_wpsp_social_scheduling":{"enabled":false,"datetime":null,"platforms":[],"status":"template_only","dateOption":"today","timeOption":"now","customDays":"","customHours":"","customDate":"","customTime":"","schedulingType":"absolute"},"_wpsp_active_default_template":true},"categories":[27],"tags":[],"class_list":["post-25155","post","type-post","status-publish","format-standard","has-post-thumbnail","hentry","category-actualite"],"aioseo_notices":[],"yoast_head":"<!-- This site is optimized with the Yoast SEO plugin v27.5 - https:\/\/yoast.com\/product\/yoast-seo-wordpress\/ -->\n<title>Augmentation des cas de covid-19\u00a0: Benbouzid bat le rappel des troupes - La Sentinelle<\/title>\n<meta name=\"robots\" content=\"index, follow, max-snippet:-1, max-image-preview:large, max-video-preview:-1\" \/>\n<link rel=\"canonical\" href=\"https:\/\/lasentinelle.dz\/index.php\/2022\/08\/03\/augmentation-des-cas-de-covid-19-benbouzid-bat-le-rappel-des-troupes\/\" \/>\n<meta property=\"og:locale\" content=\"fr_FR\" \/>\n<meta property=\"og:type\" content=\"article\" \/>\n<meta property=\"og:title\" content=\"Augmentation des cas de covid-19\u00a0: Benbouzid bat le rappel des troupes - La Sentinelle\" \/>\n<meta property=\"og:description\" content=\"La situation sanitaire suscite de plus en plus d\u2019inqui\u00e9tude avec la hausse continue des cas enregistr\u00e9s au quotidien. Hier, le\" \/>\n<meta property=\"og:url\" content=\"https:\/\/lasentinelle.dz\/index.php\/2022\/08\/03\/augmentation-des-cas-de-covid-19-benbouzid-bat-le-rappel-des-troupes\/\" \/>\n<meta property=\"og:site_name\" content=\"La Sentinelle\" \/>\n<meta property=\"article:publisher\" content=\"https:\/\/www.facebook.com\/La-Sentinelle-104059864394773\" \/>\n<meta property=\"article:published_time\" content=\"2022-08-02T23:05:00+00:00\" \/>\n<meta property=\"og:image\" content=\"https:\/\/lasentinelle.dz\/wp-content\/uploads\/2022\/07\/benbouzid.png\" \/>\n\t<meta property=\"og:image:width\" content=\"1350\" \/>\n\t<meta property=\"og:image:height\" content=\"900\" \/>\n\t<meta property=\"og:image:type\" content=\"image\/png\" \/>\n<meta name=\"author\" content=\"La Sentinelle\" \/>\n<meta name=\"twitter:card\" content=\"summary_large_image\" \/>\n<meta name=\"twitter:label1\" content=\"\u00c9crit par\" \/>\n\t<meta name=\"twitter:data1\" content=\"La Sentinelle\" \/>\n\t<meta name=\"twitter:label2\" content=\"Dur\u00e9e de lecture estim\u00e9e\" \/>\n\t<meta name=\"twitter:data2\" content=\"3 minutes\" \/>\n<script type=\"application\/ld+json\" class=\"yoast-schema-graph\">{\"@context\":\"https:\\\/\\\/schema.org\",\"@graph\":[{\"@type\":\"Article\",\"@id\":\"https:\\\/\\\/lasentinelle.dz\\\/index.php\\\/2022\\\/08\\\/03\\\/augmentation-des-cas-de-covid-19-benbouzid-bat-le-rappel-des-troupes\\\/#article\",\"isPartOf\":{\"@id\":\"https:\\\/\\\/lasentinelle.dz\\\/index.php\\\/2022\\\/08\\\/03\\\/augmentation-des-cas-de-covid-19-benbouzid-bat-le-rappel-des-troupes\\\/\"},\"author\":{\"name\":\"La Sentinelle\",\"@id\":\"https:\\\/\\\/lasentinelle.dz\\\/#\\\/schema\\\/person\\\/d865044e22e70a75174ce8bcad3acfb3\"},\"headline\":\"Augmentation des cas de covid-19\u00a0: Benbouzid bat le rappel des troupes\",\"datePublished\":\"2022-08-02T23:05:00+00:00\",\"mainEntityOfPage\":{\"@id\":\"https:\\\/\\\/lasentinelle.dz\\\/index.php\\\/2022\\\/08\\\/03\\\/augmentation-des-cas-de-covid-19-benbouzid-bat-le-rappel-des-troupes\\\/\"},\"wordCount\":514,\"commentCount\":0,\"publisher\":{\"@id\":\"https:\\\/\\\/lasentinelle.dz\\\/#organization\"},\"image\":{\"@id\":\"https:\\\/\\\/lasentinelle.dz\\\/index.php\\\/2022\\\/08\\\/03\\\/augmentation-des-cas-de-covid-19-benbouzid-bat-le-rappel-des-troupes\\\/#primaryimage\"},\"thumbnailUrl\":\"https:\\\/\\\/lasentinelle.dz\\\/wp-content\\\/uploads\\\/2022\\\/07\\\/benbouzid.png\",\"articleSection\":[\"Actualit\u00e9\"],\"inLanguage\":\"fr-FR\",\"potentialAction\":[{\"@type\":\"CommentAction\",\"name\":\"Comment\",\"target\":[\"https:\\\/\\\/lasentinelle.dz\\\/index.php\\\/2022\\\/08\\\/03\\\/augmentation-des-cas-de-covid-19-benbouzid-bat-le-rappel-des-troupes\\\/#respond\"]}]},{\"@type\":\"WebPage\",\"@id\":\"https:\\\/\\\/lasentinelle.dz\\\/index.php\\\/2022\\\/08\\\/03\\\/augmentation-des-cas-de-covid-19-benbouzid-bat-le-rappel-des-troupes\\\/\",\"url\":\"https:\\\/\\\/lasentinelle.dz\\\/index.php\\\/2022\\\/08\\\/03\\\/augmentation-des-cas-de-covid-19-benbouzid-bat-le-rappel-des-troupes\\\/\",\"name\":\"Augmentation des cas de covid-19\u00a0: Benbouzid bat le rappel des troupes - La Sentinelle\",\"isPartOf\":{\"@id\":\"https:\\\/\\\/lasentinelle.dz\\\/#website\"},\"primaryImageOfPage\":{\"@id\":\"https:\\\/\\\/lasentinelle.dz\\\/index.php\\\/2022\\\/08\\\/03\\\/augmentation-des-cas-de-covid-19-benbouzid-bat-le-rappel-des-troupes\\\/#primaryimage\"},\"image\":{\"@id\":\"https:\\\/\\\/lasentinelle.dz\\\/index.php\\\/2022\\\/08\\\/03\\\/augmentation-des-cas-de-covid-19-benbouzid-bat-le-rappel-des-troupes\\\/#primaryimage\"},\"thumbnailUrl\":\"https:\\\/\\\/lasentinelle.dz\\\/wp-content\\\/uploads\\\/2022\\\/07\\\/benbouzid.png\",\"datePublished\":\"2022-08-02T23:05:00+00:00\",\"breadcrumb\":{\"@id\":\"https:\\\/\\\/lasentinelle.dz\\\/index.php\\\/2022\\\/08\\\/03\\\/augmentation-des-cas-de-covid-19-benbouzid-bat-le-rappel-des-troupes\\\/#breadcrumb\"},\"inLanguage\":\"fr-FR\",\"potentialAction\":[{\"@type\":\"ReadAction\",\"target\":[\"https:\\\/\\\/lasentinelle.dz\\\/index.php\\\/2022\\\/08\\\/03\\\/augmentation-des-cas-de-covid-19-benbouzid-bat-le-rappel-des-troupes\\\/\"]}]},{\"@type\":\"ImageObject\",\"inLanguage\":\"fr-FR\",\"@id\":\"https:\\\/\\\/lasentinelle.dz\\\/index.php\\\/2022\\\/08\\\/03\\\/augmentation-des-cas-de-covid-19-benbouzid-bat-le-rappel-des-troupes\\\/#primaryimage\",\"url\":\"https:\\\/\\\/lasentinelle.dz\\\/wp-content\\\/uploads\\\/2022\\\/07\\\/benbouzid.png\",\"contentUrl\":\"https:\\\/\\\/lasentinelle.dz\\\/wp-content\\\/uploads\\\/2022\\\/07\\\/benbouzid.png\",\"width\":1350,\"height\":900},{\"@type\":\"BreadcrumbList\",\"@id\":\"https:\\\/\\\/lasentinelle.dz\\\/index.php\\\/2022\\\/08\\\/03\\\/augmentation-des-cas-de-covid-19-benbouzid-bat-le-rappel-des-troupes\\\/#breadcrumb\",\"itemListElement\":[{\"@type\":\"ListItem\",\"position\":1,\"name\":\"Accueil\",\"item\":\"https:\\\/\\\/lasentinelle.dz\\\/\"},{\"@type\":\"ListItem\",\"position\":2,\"name\":\"Augmentation des cas de covid-19\u00a0: Benbouzid bat le rappel des troupes\"}]},{\"@type\":\"WebSite\",\"@id\":\"https:\\\/\\\/lasentinelle.dz\\\/#website\",\"url\":\"https:\\\/\\\/lasentinelle.dz\\\/\",\"name\":\"La Sentinelle\",\"description\":\"Quotidien national d&#039;information\",\"publisher\":{\"@id\":\"https:\\\/\\\/lasentinelle.dz\\\/#organization\"},\"potentialAction\":[{\"@type\":\"SearchAction\",\"target\":{\"@type\":\"EntryPoint\",\"urlTemplate\":\"https:\\\/\\\/lasentinelle.dz\\\/?s={search_term_string}\"},\"query-input\":{\"@type\":\"PropertyValueSpecification\",\"valueRequired\":true,\"valueName\":\"search_term_string\"}}],\"inLanguage\":\"fr-FR\"},{\"@type\":\"Organization\",\"@id\":\"https:\\\/\\\/lasentinelle.dz\\\/#organization\",\"name\":\"Quotidien La Sentinelle\",\"url\":\"https:\\\/\\\/lasentinelle.dz\\\/\",\"logo\":{\"@type\":\"ImageObject\",\"inLanguage\":\"fr-FR\",\"@id\":\"https:\\\/\\\/lasentinelle.dz\\\/#\\\/schema\\\/logo\\\/image\\\/\",\"url\":\"https:\\\/\\\/lasentinelle.dz\\\/wp-content\\\/uploads\\\/2021\\\/09\\\/logo-sentinelleSLOGAN-1.png\",\"contentUrl\":\"https:\\\/\\\/lasentinelle.dz\\\/wp-content\\\/uploads\\\/2021\\\/09\\\/logo-sentinelleSLOGAN-1.png\",\"width\":615,\"height\":142,\"caption\":\"Quotidien La Sentinelle\"},\"image\":{\"@id\":\"https:\\\/\\\/lasentinelle.dz\\\/#\\\/schema\\\/logo\\\/image\\\/\"},\"sameAs\":[\"https:\\\/\\\/www.facebook.com\\\/La-Sentinelle-104059864394773\"]},{\"@type\":\"Person\",\"@id\":\"https:\\\/\\\/lasentinelle.dz\\\/#\\\/schema\\\/person\\\/d865044e22e70a75174ce8bcad3acfb3\",\"name\":\"La Sentinelle\",\"image\":{\"@type\":\"ImageObject\",\"inLanguage\":\"fr-FR\",\"@id\":\"https:\\\/\\\/secure.gravatar.com\\\/avatar\\\/57de8e5d4b15d43fb361a71fbb36338450fe67865b528a43dd10ef7c51a20392?s=96&d=mm&r=g\",\"url\":\"https:\\\/\\\/secure.gravatar.com\\\/avatar\\\/57de8e5d4b15d43fb361a71fbb36338450fe67865b528a43dd10ef7c51a20392?s=96&d=mm&r=g\",\"contentUrl\":\"https:\\\/\\\/secure.gravatar.com\\\/avatar\\\/57de8e5d4b15d43fb361a71fbb36338450fe67865b528a43dd10ef7c51a20392?s=96&d=mm&r=g\",\"caption\":\"La Sentinelle\"},\"sameAs\":[\"http:\\\/\\\/www.lasentinelle.dz\"],\"url\":\"https:\\\/\\\/lasentinelle.dz\\\/author\\\/redaction\\\/\"}]}<\/script>\n<!-- \/ Yoast SEO plugin. -->","yoast_head_json":{"title":"Augmentation des cas de covid-19\u00a0: Benbouzid bat le rappel des troupes - La Sentinelle","robots":{"index":"index","follow":"follow","max-snippet":"max-snippet:-1","max-image-preview":"max-image-preview:large","max-video-preview":"max-video-preview:-1"},"canonical":"https:\/\/lasentinelle.dz\/index.php\/2022\/08\/03\/augmentation-des-cas-de-covid-19-benbouzid-bat-le-rappel-des-troupes\/","og_locale":"fr_FR","og_type":"article","og_title":"Augmentation des cas de covid-19\u00a0: Benbouzid bat le rappel des troupes - La Sentinelle","og_description":"La situation sanitaire suscite de plus en plus d\u2019inqui\u00e9tude avec la hausse continue des cas enregistr\u00e9s au quotidien. Hier, le","og_url":"https:\/\/lasentinelle.dz\/index.php\/2022\/08\/03\/augmentation-des-cas-de-covid-19-benbouzid-bat-le-rappel-des-troupes\/","og_site_name":"La Sentinelle","article_publisher":"https:\/\/www.facebook.com\/La-Sentinelle-104059864394773","article_published_time":"2022-08-02T23:05:00+00:00","og_image":[{"width":1350,"height":900,"url":"https:\/\/lasentinelle.dz\/wp-content\/uploads\/2022\/07\/benbouzid.png","type":"image\/png"}],"author":"La Sentinelle","twitter_card":"summary_large_image","twitter_misc":{"\u00c9crit par":"La Sentinelle","Dur\u00e9e de lecture estim\u00e9e":"3 minutes"},"schema":{"@context":"https:\/\/schema.org","@graph":[{"@type":"Article","@id":"https:\/\/lasentinelle.dz\/index.php\/2022\/08\/03\/augmentation-des-cas-de-covid-19-benbouzid-bat-le-rappel-des-troupes\/#article","isPartOf":{"@id":"https:\/\/lasentinelle.dz\/index.php\/2022\/08\/03\/augmentation-des-cas-de-covid-19-benbouzid-bat-le-rappel-des-troupes\/"},"author":{"name":"La Sentinelle","@id":"https:\/\/lasentinelle.dz\/#\/schema\/person\/d865044e22e70a75174ce8bcad3acfb3"},"headline":"Augmentation des cas de covid-19\u00a0: Benbouzid bat le rappel des troupes","datePublished":"2022-08-02T23:05:00+00:00","mainEntityOfPage":{"@id":"https:\/\/lasentinelle.dz\/index.php\/2022\/08\/03\/augmentation-des-cas-de-covid-19-benbouzid-bat-le-rappel-des-troupes\/"},"wordCount":514,"commentCount":0,"publisher":{"@id":"https:\/\/lasentinelle.dz\/#organization"},"image":{"@id":"https:\/\/lasentinelle.dz\/index.php\/2022\/08\/03\/augmentation-des-cas-de-covid-19-benbouzid-bat-le-rappel-des-troupes\/#primaryimage"},"thumbnailUrl":"https:\/\/lasentinelle.dz\/wp-content\/uploads\/2022\/07\/benbouzid.png","articleSection":["Actualit\u00e9"],"inLanguage":"fr-FR","potentialAction":[{"@type":"CommentAction","name":"Comment","target":["https:\/\/lasentinelle.dz\/index.php\/2022\/08\/03\/augmentation-des-cas-de-covid-19-benbouzid-bat-le-rappel-des-troupes\/#respond"]}]},{"@type":"WebPage","@id":"https:\/\/lasentinelle.dz\/index.php\/2022\/08\/03\/augmentation-des-cas-de-covid-19-benbouzid-bat-le-rappel-des-troupes\/","url":"https:\/\/lasentinelle.dz\/index.php\/2022\/08\/03\/augmentation-des-cas-de-covid-19-benbouzid-bat-le-rappel-des-troupes\/","name":"Augmentation des cas de covid-19\u00a0: Benbouzid bat le rappel des troupes - La Sentinelle","isPartOf":{"@id":"https:\/\/lasentinelle.dz\/#website"},"primaryImageOfPage":{"@id":"https:\/\/lasentinelle.dz\/index.php\/2022\/08\/03\/augmentation-des-cas-de-covid-19-benbouzid-bat-le-rappel-des-troupes\/#primaryimage"},"image":{"@id":"https:\/\/lasentinelle.dz\/index.php\/2022\/08\/03\/augmentation-des-cas-de-covid-19-benbouzid-bat-le-rappel-des-troupes\/#primaryimage"},"thumbnailUrl":"https:\/\/lasentinelle.dz\/wp-content\/uploads\/2022\/07\/benbouzid.png","datePublished":"2022-08-02T23:05:00+00:00","breadcrumb":{"@id":"https:\/\/lasentinelle.dz\/index.php\/2022\/08\/03\/augmentation-des-cas-de-covid-19-benbouzid-bat-le-rappel-des-troupes\/#breadcrumb"},"inLanguage":"fr-FR","potentialAction":[{"@type":"ReadAction","target":["https:\/\/lasentinelle.dz\/index.php\/2022\/08\/03\/augmentation-des-cas-de-covid-19-benbouzid-bat-le-rappel-des-troupes\/"]}]},{"@type":"ImageObject","inLanguage":"fr-FR","@id":"https:\/\/lasentinelle.dz\/index.php\/2022\/08\/03\/augmentation-des-cas-de-covid-19-benbouzid-bat-le-rappel-des-troupes\/#primaryimage","url":"https:\/\/lasentinelle.dz\/wp-content\/uploads\/2022\/07\/benbouzid.png","contentUrl":"https:\/\/lasentinelle.dz\/wp-content\/uploads\/2022\/07\/benbouzid.png","width":1350,"height":900},{"@type":"BreadcrumbList","@id":"https:\/\/lasentinelle.dz\/index.php\/2022\/08\/03\/augmentation-des-cas-de-covid-19-benbouzid-bat-le-rappel-des-troupes\/#breadcrumb","itemListElement":[{"@type":"ListItem","position":1,"name":"Accueil","item":"https:\/\/lasentinelle.dz\/"},{"@type":"ListItem","position":2,"name":"Augmentation des cas de covid-19\u00a0: Benbouzid bat le rappel des troupes"}]},{"@type":"WebSite","@id":"https:\/\/lasentinelle.dz\/#website","url":"https:\/\/lasentinelle.dz\/","name":"La Sentinelle","description":"Quotidien national d&#039;information","publisher":{"@id":"https:\/\/lasentinelle.dz\/#organization"},"potentialAction":[{"@type":"SearchAction","target":{"@type":"EntryPoint","urlTemplate":"https:\/\/lasentinelle.dz\/?s={search_term_string}"},"query-input":{"@type":"PropertyValueSpecification","valueRequired":true,"valueName":"search_term_string"}}],"inLanguage":"fr-FR"},{"@type":"Organization","@id":"https:\/\/lasentinelle.dz\/#organization","name":"Quotidien La Sentinelle","url":"https:\/\/lasentinelle.dz\/","logo":{"@type":"ImageObject","inLanguage":"fr-FR","@id":"https:\/\/lasentinelle.dz\/#\/schema\/logo\/image\/","url":"https:\/\/lasentinelle.dz\/wp-content\/uploads\/2021\/09\/logo-sentinelleSLOGAN-1.png","contentUrl":"https:\/\/lasentinelle.dz\/wp-content\/uploads\/2021\/09\/logo-sentinelleSLOGAN-1.png","width":615,"height":142,"caption":"Quotidien La Sentinelle"},"image":{"@id":"https:\/\/lasentinelle.dz\/#\/schema\/logo\/image\/"},"sameAs":["https:\/\/www.facebook.com\/La-Sentinelle-104059864394773"]},{"@type":"Person","@id":"https:\/\/lasentinelle.dz\/#\/schema\/person\/d865044e22e70a75174ce8bcad3acfb3","name":"La Sentinelle","image":{"@type":"ImageObject","inLanguage":"fr-FR","@id":"https:\/\/secure.gravatar.com\/avatar\/57de8e5d4b15d43fb361a71fbb36338450fe67865b528a43dd10ef7c51a20392?s=96&d=mm&r=g","url":"https:\/\/secure.gravatar.com\/avatar\/57de8e5d4b15d43fb361a71fbb36338450fe67865b528a43dd10ef7c51a20392?s=96&d=mm&r=g","contentUrl":"https:\/\/secure.gravatar.com\/avatar\/57de8e5d4b15d43fb361a71fbb36338450fe67865b528a43dd10ef7c51a20392?s=96&d=mm&r=g","caption":"La Sentinelle"},"sameAs":["http:\/\/www.lasentinelle.dz"],"url":"https:\/\/lasentinelle.dz\/author\/redaction\/"}]}},"_links":{"self":[{"href":"https:\/\/lasentinelle.dz\/index.php\/wp-json\/wp\/v2\/posts\/25155","targetHints":{"allow":["GET"]}}],"collection":[{"href":"https:\/\/lasentinelle.dz\/index.php\/wp-json\/wp\/v2\/posts"}],"about":[{"href":"https:\/\/lasentinelle.dz\/index.php\/wp-json\/wp\/v2\/types\/post"}],"author":[{"embeddable":true,"href":"https:\/\/lasentinelle.dz\/index.php\/wp-json\/wp\/v2\/users\/3"}],"replies":[{"embeddable":true,"href":"https:\/\/lasentinelle.dz\/index.php\/wp-json\/wp\/v2\/comments?post=25155"}],"version-history":[{"count":1,"href":"https:\/\/lasentinelle.dz\/index.php\/wp-json\/wp\/v2\/posts\/25155\/revisions"}],"predecessor-version":[{"id":25162,"href":"https:\/\/lasentinelle.dz\/index.php\/wp-json\/wp\/v2\/posts\/25155\/revisions\/25162"}],"wp:featuredmedia":[{"embeddable":true,"href":"https:\/\/lasentinelle.dz\/index.php\/wp-json\/wp\/v2\/media\/24407"}],"wp:attachment":[{"href":"https:\/\/lasentinelle.dz\/index.php\/wp-json\/wp\/v2\/media?parent=25155"}],"wp:term":[{"taxonomy":"category","embeddable":true,"href":"https:\/\/lasentinelle.dz\/index.php\/wp-json\/wp\/v2\/categories?post=25155"},{"taxonomy":"post_tag","embeddable":true,"href":"https:\/\/lasentinelle.dz\/index.php\/wp-json\/wp\/v2\/tags?post=25155"}],"curies":[{"name":"wp","href":"https:\/\/api.w.org\/{rel}","templated":true}]}}