{"id":25224,"date":"2022-08-04T00:01:00","date_gmt":"2022-08-03T23:01:00","guid":{"rendered":"https:\/\/lasentinelle.dz\/?p=25224"},"modified":"2022-08-03T18:52:15","modified_gmt":"2022-08-03T17:52:15","slug":"raccordement-aux-reseaux-delectricite-et-de-gaz-22-milliards-de-dinars-dinvestissements-mobilises","status":"publish","type":"post","link":"https:\/\/lasentinelle.dz\/index.php\/2022\/08\/04\/raccordement-aux-reseaux-delectricite-et-de-gaz-22-milliards-de-dinars-dinvestissements-mobilises\/","title":{"rendered":"Raccordement aux r\u00e9seaux d\u2019\u00e9lectricit\u00e9 et de gaz\u00a0: 22 milliards de dinars d\u2019investissements mobilis\u00e9s"},"content":{"rendered":"\n<p>Poursuivant sa politique bas\u00e9e sur les investissements, la Sonelgaz fait \u00e9tat de la mobilisation d\u2019un pactole d\u00e9passant 22 milliards de dinars investis dans le raccordement des zones isol\u00e9es en \u00e9lectricit\u00e9 et en gaz naturel. C\u2019est ce qu\u2019a indiqu\u00e9 le PDG du Groupe, Mourad Adjal, dans un entretien \u00e0 l\u2019APS. Pr\u00e9cisant que \u00abla valeur globale des investissements consacr\u00e9s au raccordement de ces zones en \u00e9lectricit\u00e9 et en gaz naturel a d\u00e9pass\u00e9 les 22 milliards de dinars\u00bb, il a assur\u00e9 que ce \u00abprogramme est toujours en cours\u00bb. Selon&nbsp;le P-DG de la Sonelgaz, cette&nbsp;enveloppe&nbsp;englobe plusieurs programmes, dont le programme quinquennal, le programme compl\u00e9mentaire, le programme du Fonds commun des collectivit\u00e9s locales (FCCL), en plus du programme des zones d&rsquo;ombre.&nbsp;Il&nbsp;a \u00e9galement soulign\u00e9 que \u00able nombre des chantiers r\u00e9alis\u00e9s, au 30 juin 2022, s&rsquo;\u00e9l\u00e8ve \u00e0 2.570 projets en \u00e9lectricit\u00e9 et 2.383 autres en gaz\u00bb. \u00abCela repr\u00e9sente l&rsquo;\u00e9quivalent du raccordement de 60.369 ouvrages \u00e9lectriques et 239.169 ouvrages de gaz\u00bb, a expliqu\u00e9 Mourad Adjal.&nbsp;&nbsp;Evoquant la question li\u00e9e aux r\u00e9unions tenues avec les walis et repr\u00e9sentants de la soci\u00e9t\u00e9 civile dans 27 wilayas, le PDG de Sonelgaz a assur\u00e9 que \u00ables&nbsp;&nbsp;rencontres avaient permis d&rsquo;\u00e9valuer l&rsquo;\u00e9tat d&rsquo;avancement des projets \u00e9nerg\u00e9tiques au niveau local et d&rsquo;identifier les obstacles\u00bb. Elles ont&nbsp;abouti,&nbsp;, a-t-il expliqu\u00e9,&nbsp;\u00ab&nbsp;au r\u00e8glement, de mani\u00e8re imm\u00e9diate, de beaucoup de probl\u00e8mes li\u00e9s au raccordement des zones d&rsquo;ombre, des exploitations agricoles, de centaines de milliers de logements et des forages\u00bb. Le m\u00eame responsable a, par ailleurs, annonc\u00e9 l\u2019adoption, par la Sonelgaz, d\u2019un programme sp\u00e9cial portant sur le raccordement des exploitations agricoles. Ce programme est&nbsp;budg\u00e9tis\u00e9 \u00e0 plus de 25 milliards de DA. \u00abIl vise&nbsp;&nbsp;l\u2019acc\u00e9l\u00e9ration du d\u00e9veloppement et le renforcement&nbsp;&nbsp;de la production agricole nationale\u00bb, a-t-il indiqu\u00e9. \u00abLe nombre d\u2019exploitations agricoles raccord\u00e9es a atteint 20.233 sur un total de 45.878 exploitations, soit un taux de r\u00e9alisation de 44%\u00bb, a-t-il r\u00e9v\u00e9l\u00e9, d\u00e9voilant par la m\u00eame&nbsp;occasion&nbsp;le programme du raccordement des zones industrielles en proc\u00e9dant \u00e0 l&rsquo;\u00e9tude de 41 dossiers sur 48 demandes de raccordement de zones industrielles, permettant, ainsi, \u00e0 3.470 clients d&rsquo;acc\u00e9der aux deux \u00e9nergies, soit 85 % du total des dossiers d\u00e9pos\u00e9s\u00bb. Le Groupe compte, ainsi, r\u00e9aliser plus de 2.601 km de r\u00e9seau de transport avec 67 postes de distribution et 1.494 km de r\u00e9seau de distribution, pour l&rsquo;\u00e9lectricit\u00e9, pour une enveloppe de 19.202 milliards de centimes, a-t-il ajout\u00e9. Parmi les zones industrielles ayant fait l\u2019objet d\u2019\u00e9tudes,&nbsp;le premier responsable de la Sonelgaz&nbsp;fait \u00e9tat \u00abde 9 d&rsquo;entre-elles&nbsp;qui ont \u00e9t\u00e9 raccord\u00e9es \u00e0 l&rsquo;\u00e9lectricit\u00e9, \u00e0 Sidi Khattab \u00e0 Relizane, Tamzoura \u00e0 Ain Temouchent, Ain Ouessara \u00e0 Djelfa, Oued El Berdi \u00e0 Bouira, Machta Fatima et Ras El Oued \u00e0 Bordj Bou Arreridj, Dhraa Hajja \u00e0 M&rsquo;sila, Ouled Saber \u00e0 S\u00e9tif et A\u00efn Yagout \u00e0 Batna. En mati\u00e8re de gaz, la Sonelgaz pr\u00e9voit, ajoute le responsable, la r\u00e9alisation de plus de 414 km de r\u00e9seau de transport avec 49 stations de pompage et 678 km du r\u00e9seau de distribution. Une enveloppe de 2.608 milliards de centimes a \u00e9t\u00e9 allou\u00e9e \u00e0 ces projets \u00bb, a-t-il fait savoir. Et d\u2019ajouter&nbsp;que \u00ab3 zones industrielles parmi celles \u00e9tudi\u00e9es ont \u00e9t\u00e9 raccord\u00e9es au gaz naturel, \u00e0 Sidi Khattab, Oued El Bardi et Tamzoura\u00bb. Les \u00e9tudes concernant le reste des zones industrielles n&rsquo;ont pas \u00e9t\u00e9 achev\u00e9es, explique-t-il, pour cause \u00abd&rsquo;absence de compl\u00e9ments des dossiers techniques, notamment le recensement des besoins \u00e9nerg\u00e9tiques\u00bb. Il&nbsp;assure&nbsp;que \u00abtous les investissements engag\u00e9s par Sonelgaz sont ceux de l&rsquo;Etat&nbsp;\u00bb, alors que le Groupe \u00abn&rsquo;est qu&rsquo;un outil de r\u00e9alisation avec des Fonds publics\u00bb. La Sonelgaz pr\u00e9voit \u00e9galement le lancement de la premi\u00e8re agence virtuelle \u00e0 Alger avant fin 2022. Ce projet entre dans le cadre de la num\u00e9risation du groupe.&nbsp;Mourad Adjal a enfin&nbsp;annonc\u00e9 que \u00abla Sonelgaz travaille sur un projet devant aboutir \u00e0 l&rsquo;ouverture d&rsquo;une agence virtuelle avant la fin de l&rsquo;ann\u00e9e en cours dans la wilaya d&rsquo;Alger, expliquant que \u00abcette agence proposera tous les services d&rsquo;une agence classique (demande de raccordement, paiement de factures) sans pr\u00e9sence physique des agents commerciaux\u00bb. Adjal a ajout\u00e9 que \u00able client accomplira ces op\u00e9rations \u00e0 travers des appareils connect\u00e9s au syst\u00e8me d&rsquo;information de Sonelgaz, \u00e0 l&rsquo;instar des agences bancaires\u00bb, notant que \u00abSonelgaz vise \u00e0 travers sa politique de num\u00e9risation entam\u00e9e en 2009 \u00e0 se hisser parmi les meilleurs dans le domaine, sur le plan international\u00bb.<\/p>\n\n\n\n<p><strong>Amar Malki<\/strong><\/p>\n","protected":false},"excerpt":{"rendered":"<p>Poursuivant sa politique bas\u00e9e sur les investissements, la Sonelgaz fait \u00e9tat de la mobilisation d\u2019un pactole d\u00e9passant 22 milliards de<\/p>\n","protected":false},"author":3,"featured_media":25226,"comment_status":"open","ping_status":"closed","sticky":false,"template":"","format":"standard","meta":{"colormag_page_container_layout":"default_layout","colormag_page_sidebar_layout":"default_layout","om_disable_all_campaigns":false,"_monsterinsights_skip_tracking":false,"_monsterinsights_sitenote_active":false,"_monsterinsights_sitenote_note":"","_monsterinsights_sitenote_category":0,"footnotes":"","_wpscppro_dont_share_socialmedia":false,"_wpscppro_custom_social_share_image":0,"_facebook_share_type":"","_twitter_share_type":"","_linkedin_share_type":"","_pinterest_share_type":"","_linkedin_share_type_page":"","_instagram_share_type":"","_medium_share_type":"","_threads_share_type":"","_google_business_share_type":"","_selected_social_profile":[],"_wpsp_enable_custom_social_template":false,"_wpsp_social_scheduling":{"enabled":false,"datetime":null,"platforms":[],"status":"template_only","dateOption":"today","timeOption":"now","customDays":"","customHours":"","customDate":"","customTime":"","schedulingType":"absolute"},"_wpsp_active_default_template":true},"categories":[29],"tags":[],"class_list":["post-25224","post","type-post","status-publish","format-standard","has-post-thumbnail","hentry","category-economie"],"aioseo_notices":[],"yoast_head":"<!-- This site is optimized with the Yoast SEO plugin v27.5 - https:\/\/yoast.com\/product\/yoast-seo-wordpress\/ -->\n<title>Raccordement aux r\u00e9seaux d\u2019\u00e9lectricit\u00e9 et de gaz\u00a0: 22 milliards de dinars d\u2019investissements mobilis\u00e9s - La Sentinelle<\/title>\n<meta name=\"robots\" content=\"index, follow, max-snippet:-1, max-image-preview:large, max-video-preview:-1\" \/>\n<link rel=\"canonical\" href=\"https:\/\/lasentinelle.dz\/index.php\/2022\/08\/04\/raccordement-aux-reseaux-delectricite-et-de-gaz-22-milliards-de-dinars-dinvestissements-mobilises\/\" \/>\n<meta property=\"og:locale\" content=\"fr_FR\" \/>\n<meta property=\"og:type\" content=\"article\" \/>\n<meta property=\"og:title\" content=\"Raccordement aux r\u00e9seaux d\u2019\u00e9lectricit\u00e9 et de gaz\u00a0: 22 milliards de dinars d\u2019investissements mobilis\u00e9s - La Sentinelle\" \/>\n<meta property=\"og:description\" content=\"Poursuivant sa politique bas\u00e9e sur les investissements, la Sonelgaz fait \u00e9tat de la mobilisation d\u2019un pactole d\u00e9passant 22 milliards de\" \/>\n<meta property=\"og:url\" content=\"https:\/\/lasentinelle.dz\/index.php\/2022\/08\/04\/raccordement-aux-reseaux-delectricite-et-de-gaz-22-milliards-de-dinars-dinvestissements-mobilises\/\" \/>\n<meta property=\"og:site_name\" content=\"La Sentinelle\" \/>\n<meta property=\"article:publisher\" content=\"https:\/\/www.facebook.com\/La-Sentinelle-104059864394773\" \/>\n<meta property=\"article:published_time\" content=\"2022-08-03T23:01:00+00:00\" \/>\n<meta property=\"og:image\" content=\"https:\/\/lasentinelle.dz\/wp-content\/uploads\/2022\/08\/sonalgaz.png\" \/>\n\t<meta property=\"og:image:width\" content=\"1594\" \/>\n\t<meta property=\"og:image:height\" content=\"900\" \/>\n\t<meta property=\"og:image:type\" content=\"image\/png\" \/>\n<meta name=\"author\" content=\"La Sentinelle\" \/>\n<meta name=\"twitter:card\" content=\"summary_large_image\" \/>\n<meta name=\"twitter:label1\" content=\"\u00c9crit par\" \/>\n\t<meta name=\"twitter:data1\" content=\"La Sentinelle\" \/>\n\t<meta name=\"twitter:label2\" content=\"Dur\u00e9e de lecture estim\u00e9e\" \/>\n\t<meta name=\"twitter:data2\" content=\"4 minutes\" \/>\n<script type=\"application\/ld+json\" class=\"yoast-schema-graph\">{\"@context\":\"https:\\\/\\\/schema.org\",\"@graph\":[{\"@type\":\"Article\",\"@id\":\"https:\\\/\\\/lasentinelle.dz\\\/index.php\\\/2022\\\/08\\\/04\\\/raccordement-aux-reseaux-delectricite-et-de-gaz-22-milliards-de-dinars-dinvestissements-mobilises\\\/#article\",\"isPartOf\":{\"@id\":\"https:\\\/\\\/lasentinelle.dz\\\/index.php\\\/2022\\\/08\\\/04\\\/raccordement-aux-reseaux-delectricite-et-de-gaz-22-milliards-de-dinars-dinvestissements-mobilises\\\/\"},\"author\":{\"name\":\"La Sentinelle\",\"@id\":\"https:\\\/\\\/lasentinelle.dz\\\/#\\\/schema\\\/person\\\/d865044e22e70a75174ce8bcad3acfb3\"},\"headline\":\"Raccordement aux r\u00e9seaux d\u2019\u00e9lectricit\u00e9 et de gaz\u00a0: 22 milliards de dinars d\u2019investissements mobilis\u00e9s\",\"datePublished\":\"2022-08-03T23:01:00+00:00\",\"mainEntityOfPage\":{\"@id\":\"https:\\\/\\\/lasentinelle.dz\\\/index.php\\\/2022\\\/08\\\/04\\\/raccordement-aux-reseaux-delectricite-et-de-gaz-22-milliards-de-dinars-dinvestissements-mobilises\\\/\"},\"wordCount\":807,\"commentCount\":0,\"publisher\":{\"@id\":\"https:\\\/\\\/lasentinelle.dz\\\/#organization\"},\"image\":{\"@id\":\"https:\\\/\\\/lasentinelle.dz\\\/index.php\\\/2022\\\/08\\\/04\\\/raccordement-aux-reseaux-delectricite-et-de-gaz-22-milliards-de-dinars-dinvestissements-mobilises\\\/#primaryimage\"},\"thumbnailUrl\":\"https:\\\/\\\/lasentinelle.dz\\\/wp-content\\\/uploads\\\/2022\\\/08\\\/sonalgaz.png\",\"articleSection\":[\"\u00c9conomie\"],\"inLanguage\":\"fr-FR\",\"potentialAction\":[{\"@type\":\"CommentAction\",\"name\":\"Comment\",\"target\":[\"https:\\\/\\\/lasentinelle.dz\\\/index.php\\\/2022\\\/08\\\/04\\\/raccordement-aux-reseaux-delectricite-et-de-gaz-22-milliards-de-dinars-dinvestissements-mobilises\\\/#respond\"]}]},{\"@type\":\"WebPage\",\"@id\":\"https:\\\/\\\/lasentinelle.dz\\\/index.php\\\/2022\\\/08\\\/04\\\/raccordement-aux-reseaux-delectricite-et-de-gaz-22-milliards-de-dinars-dinvestissements-mobilises\\\/\",\"url\":\"https:\\\/\\\/lasentinelle.dz\\\/index.php\\\/2022\\\/08\\\/04\\\/raccordement-aux-reseaux-delectricite-et-de-gaz-22-milliards-de-dinars-dinvestissements-mobilises\\\/\",\"name\":\"Raccordement aux r\u00e9seaux d\u2019\u00e9lectricit\u00e9 et de gaz\u00a0: 22 milliards de dinars d\u2019investissements mobilis\u00e9s - La Sentinelle\",\"isPartOf\":{\"@id\":\"https:\\\/\\\/lasentinelle.dz\\\/#website\"},\"primaryImageOfPage\":{\"@id\":\"https:\\\/\\\/lasentinelle.dz\\\/index.php\\\/2022\\\/08\\\/04\\\/raccordement-aux-reseaux-delectricite-et-de-gaz-22-milliards-de-dinars-dinvestissements-mobilises\\\/#primaryimage\"},\"image\":{\"@id\":\"https:\\\/\\\/lasentinelle.dz\\\/index.php\\\/2022\\\/08\\\/04\\\/raccordement-aux-reseaux-delectricite-et-de-gaz-22-milliards-de-dinars-dinvestissements-mobilises\\\/#primaryimage\"},\"thumbnailUrl\":\"https:\\\/\\\/lasentinelle.dz\\\/wp-content\\\/uploads\\\/2022\\\/08\\\/sonalgaz.png\",\"datePublished\":\"2022-08-03T23:01:00+00:00\",\"breadcrumb\":{\"@id\":\"https:\\\/\\\/lasentinelle.dz\\\/index.php\\\/2022\\\/08\\\/04\\\/raccordement-aux-reseaux-delectricite-et-de-gaz-22-milliards-de-dinars-dinvestissements-mobilises\\\/#breadcrumb\"},\"inLanguage\":\"fr-FR\",\"potentialAction\":[{\"@type\":\"ReadAction\",\"target\":[\"https:\\\/\\\/lasentinelle.dz\\\/index.php\\\/2022\\\/08\\\/04\\\/raccordement-aux-reseaux-delectricite-et-de-gaz-22-milliards-de-dinars-dinvestissements-mobilises\\\/\"]}]},{\"@type\":\"ImageObject\",\"inLanguage\":\"fr-FR\",\"@id\":\"https:\\\/\\\/lasentinelle.dz\\\/index.php\\\/2022\\\/08\\\/04\\\/raccordement-aux-reseaux-delectricite-et-de-gaz-22-milliards-de-dinars-dinvestissements-mobilises\\\/#primaryimage\",\"url\":\"https:\\\/\\\/lasentinelle.dz\\\/wp-content\\\/uploads\\\/2022\\\/08\\\/sonalgaz.png\",\"contentUrl\":\"https:\\\/\\\/lasentinelle.dz\\\/wp-content\\\/uploads\\\/2022\\\/08\\\/sonalgaz.png\",\"width\":1594,\"height\":900},{\"@type\":\"BreadcrumbList\",\"@id\":\"https:\\\/\\\/lasentinelle.dz\\\/index.php\\\/2022\\\/08\\\/04\\\/raccordement-aux-reseaux-delectricite-et-de-gaz-22-milliards-de-dinars-dinvestissements-mobilises\\\/#breadcrumb\",\"itemListElement\":[{\"@type\":\"ListItem\",\"position\":1,\"name\":\"Accueil\",\"item\":\"https:\\\/\\\/lasentinelle.dz\\\/\"},{\"@type\":\"ListItem\",\"position\":2,\"name\":\"Raccordement aux r\u00e9seaux d\u2019\u00e9lectricit\u00e9 et de gaz\u00a0: 22 milliards de dinars d\u2019investissements mobilis\u00e9s\"}]},{\"@type\":\"WebSite\",\"@id\":\"https:\\\/\\\/lasentinelle.dz\\\/#website\",\"url\":\"https:\\\/\\\/lasentinelle.dz\\\/\",\"name\":\"La Sentinelle\",\"description\":\"Quotidien national d&#039;information\",\"publisher\":{\"@id\":\"https:\\\/\\\/lasentinelle.dz\\\/#organization\"},\"potentialAction\":[{\"@type\":\"SearchAction\",\"target\":{\"@type\":\"EntryPoint\",\"urlTemplate\":\"https:\\\/\\\/lasentinelle.dz\\\/?s={search_term_string}\"},\"query-input\":{\"@type\":\"PropertyValueSpecification\",\"valueRequired\":true,\"valueName\":\"search_term_string\"}}],\"inLanguage\":\"fr-FR\"},{\"@type\":\"Organization\",\"@id\":\"https:\\\/\\\/lasentinelle.dz\\\/#organization\",\"name\":\"Quotidien La Sentinelle\",\"url\":\"https:\\\/\\\/lasentinelle.dz\\\/\",\"logo\":{\"@type\":\"ImageObject\",\"inLanguage\":\"fr-FR\",\"@id\":\"https:\\\/\\\/lasentinelle.dz\\\/#\\\/schema\\\/logo\\\/image\\\/\",\"url\":\"https:\\\/\\\/lasentinelle.dz\\\/wp-content\\\/uploads\\\/2021\\\/09\\\/logo-sentinelleSLOGAN-1.png\",\"contentUrl\":\"https:\\\/\\\/lasentinelle.dz\\\/wp-content\\\/uploads\\\/2021\\\/09\\\/logo-sentinelleSLOGAN-1.png\",\"width\":615,\"height\":142,\"caption\":\"Quotidien La Sentinelle\"},\"image\":{\"@id\":\"https:\\\/\\\/lasentinelle.dz\\\/#\\\/schema\\\/logo\\\/image\\\/\"},\"sameAs\":[\"https:\\\/\\\/www.facebook.com\\\/La-Sentinelle-104059864394773\"]},{\"@type\":\"Person\",\"@id\":\"https:\\\/\\\/lasentinelle.dz\\\/#\\\/schema\\\/person\\\/d865044e22e70a75174ce8bcad3acfb3\",\"name\":\"La Sentinelle\",\"image\":{\"@type\":\"ImageObject\",\"inLanguage\":\"fr-FR\",\"@id\":\"https:\\\/\\\/secure.gravatar.com\\\/avatar\\\/57de8e5d4b15d43fb361a71fbb36338450fe67865b528a43dd10ef7c51a20392?s=96&d=mm&r=g\",\"url\":\"https:\\\/\\\/secure.gravatar.com\\\/avatar\\\/57de8e5d4b15d43fb361a71fbb36338450fe67865b528a43dd10ef7c51a20392?s=96&d=mm&r=g\",\"contentUrl\":\"https:\\\/\\\/secure.gravatar.com\\\/avatar\\\/57de8e5d4b15d43fb361a71fbb36338450fe67865b528a43dd10ef7c51a20392?s=96&d=mm&r=g\",\"caption\":\"La Sentinelle\"},\"sameAs\":[\"http:\\\/\\\/www.lasentinelle.dz\"],\"url\":\"https:\\\/\\\/lasentinelle.dz\\\/author\\\/redaction\\\/\"}]}<\/script>\n<!-- \/ Yoast SEO plugin. -->","yoast_head_json":{"title":"Raccordement aux r\u00e9seaux d\u2019\u00e9lectricit\u00e9 et de gaz\u00a0: 22 milliards de dinars d\u2019investissements mobilis\u00e9s - La Sentinelle","robots":{"index":"index","follow":"follow","max-snippet":"max-snippet:-1","max-image-preview":"max-image-preview:large","max-video-preview":"max-video-preview:-1"},"canonical":"https:\/\/lasentinelle.dz\/index.php\/2022\/08\/04\/raccordement-aux-reseaux-delectricite-et-de-gaz-22-milliards-de-dinars-dinvestissements-mobilises\/","og_locale":"fr_FR","og_type":"article","og_title":"Raccordement aux r\u00e9seaux d\u2019\u00e9lectricit\u00e9 et de gaz\u00a0: 22 milliards de dinars d\u2019investissements mobilis\u00e9s - La Sentinelle","og_description":"Poursuivant sa politique bas\u00e9e sur les investissements, la Sonelgaz fait \u00e9tat de la mobilisation d\u2019un pactole d\u00e9passant 22 milliards de","og_url":"https:\/\/lasentinelle.dz\/index.php\/2022\/08\/04\/raccordement-aux-reseaux-delectricite-et-de-gaz-22-milliards-de-dinars-dinvestissements-mobilises\/","og_site_name":"La Sentinelle","article_publisher":"https:\/\/www.facebook.com\/La-Sentinelle-104059864394773","article_published_time":"2022-08-03T23:01:00+00:00","og_image":[{"width":1594,"height":900,"url":"https:\/\/lasentinelle.dz\/wp-content\/uploads\/2022\/08\/sonalgaz.png","type":"image\/png"}],"author":"La Sentinelle","twitter_card":"summary_large_image","twitter_misc":{"\u00c9crit par":"La Sentinelle","Dur\u00e9e de lecture estim\u00e9e":"4 minutes"},"schema":{"@context":"https:\/\/schema.org","@graph":[{"@type":"Article","@id":"https:\/\/lasentinelle.dz\/index.php\/2022\/08\/04\/raccordement-aux-reseaux-delectricite-et-de-gaz-22-milliards-de-dinars-dinvestissements-mobilises\/#article","isPartOf":{"@id":"https:\/\/lasentinelle.dz\/index.php\/2022\/08\/04\/raccordement-aux-reseaux-delectricite-et-de-gaz-22-milliards-de-dinars-dinvestissements-mobilises\/"},"author":{"name":"La Sentinelle","@id":"https:\/\/lasentinelle.dz\/#\/schema\/person\/d865044e22e70a75174ce8bcad3acfb3"},"headline":"Raccordement aux r\u00e9seaux d\u2019\u00e9lectricit\u00e9 et de gaz\u00a0: 22 milliards de dinars d\u2019investissements mobilis\u00e9s","datePublished":"2022-08-03T23:01:00+00:00","mainEntityOfPage":{"@id":"https:\/\/lasentinelle.dz\/index.php\/2022\/08\/04\/raccordement-aux-reseaux-delectricite-et-de-gaz-22-milliards-de-dinars-dinvestissements-mobilises\/"},"wordCount":807,"commentCount":0,"publisher":{"@id":"https:\/\/lasentinelle.dz\/#organization"},"image":{"@id":"https:\/\/lasentinelle.dz\/index.php\/2022\/08\/04\/raccordement-aux-reseaux-delectricite-et-de-gaz-22-milliards-de-dinars-dinvestissements-mobilises\/#primaryimage"},"thumbnailUrl":"https:\/\/lasentinelle.dz\/wp-content\/uploads\/2022\/08\/sonalgaz.png","articleSection":["\u00c9conomie"],"inLanguage":"fr-FR","potentialAction":[{"@type":"CommentAction","name":"Comment","target":["https:\/\/lasentinelle.dz\/index.php\/2022\/08\/04\/raccordement-aux-reseaux-delectricite-et-de-gaz-22-milliards-de-dinars-dinvestissements-mobilises\/#respond"]}]},{"@type":"WebPage","@id":"https:\/\/lasentinelle.dz\/index.php\/2022\/08\/04\/raccordement-aux-reseaux-delectricite-et-de-gaz-22-milliards-de-dinars-dinvestissements-mobilises\/","url":"https:\/\/lasentinelle.dz\/index.php\/2022\/08\/04\/raccordement-aux-reseaux-delectricite-et-de-gaz-22-milliards-de-dinars-dinvestissements-mobilises\/","name":"Raccordement aux r\u00e9seaux d\u2019\u00e9lectricit\u00e9 et de gaz\u00a0: 22 milliards de dinars d\u2019investissements mobilis\u00e9s - La Sentinelle","isPartOf":{"@id":"https:\/\/lasentinelle.dz\/#website"},"primaryImageOfPage":{"@id":"https:\/\/lasentinelle.dz\/index.php\/2022\/08\/04\/raccordement-aux-reseaux-delectricite-et-de-gaz-22-milliards-de-dinars-dinvestissements-mobilises\/#primaryimage"},"image":{"@id":"https:\/\/lasentinelle.dz\/index.php\/2022\/08\/04\/raccordement-aux-reseaux-delectricite-et-de-gaz-22-milliards-de-dinars-dinvestissements-mobilises\/#primaryimage"},"thumbnailUrl":"https:\/\/lasentinelle.dz\/wp-content\/uploads\/2022\/08\/sonalgaz.png","datePublished":"2022-08-03T23:01:00+00:00","breadcrumb":{"@id":"https:\/\/lasentinelle.dz\/index.php\/2022\/08\/04\/raccordement-aux-reseaux-delectricite-et-de-gaz-22-milliards-de-dinars-dinvestissements-mobilises\/#breadcrumb"},"inLanguage":"fr-FR","potentialAction":[{"@type":"ReadAction","target":["https:\/\/lasentinelle.dz\/index.php\/2022\/08\/04\/raccordement-aux-reseaux-delectricite-et-de-gaz-22-milliards-de-dinars-dinvestissements-mobilises\/"]}]},{"@type":"ImageObject","inLanguage":"fr-FR","@id":"https:\/\/lasentinelle.dz\/index.php\/2022\/08\/04\/raccordement-aux-reseaux-delectricite-et-de-gaz-22-milliards-de-dinars-dinvestissements-mobilises\/#primaryimage","url":"https:\/\/lasentinelle.dz\/wp-content\/uploads\/2022\/08\/sonalgaz.png","contentUrl":"https:\/\/lasentinelle.dz\/wp-content\/uploads\/2022\/08\/sonalgaz.png","width":1594,"height":900},{"@type":"BreadcrumbList","@id":"https:\/\/lasentinelle.dz\/index.php\/2022\/08\/04\/raccordement-aux-reseaux-delectricite-et-de-gaz-22-milliards-de-dinars-dinvestissements-mobilises\/#breadcrumb","itemListElement":[{"@type":"ListItem","position":1,"name":"Accueil","item":"https:\/\/lasentinelle.dz\/"},{"@type":"ListItem","position":2,"name":"Raccordement aux r\u00e9seaux d\u2019\u00e9lectricit\u00e9 et de gaz\u00a0: 22 milliards de dinars d\u2019investissements mobilis\u00e9s"}]},{"@type":"WebSite","@id":"https:\/\/lasentinelle.dz\/#website","url":"https:\/\/lasentinelle.dz\/","name":"La Sentinelle","description":"Quotidien national d&#039;information","publisher":{"@id":"https:\/\/lasentinelle.dz\/#organization"},"potentialAction":[{"@type":"SearchAction","target":{"@type":"EntryPoint","urlTemplate":"https:\/\/lasentinelle.dz\/?s={search_term_string}"},"query-input":{"@type":"PropertyValueSpecification","valueRequired":true,"valueName":"search_term_string"}}],"inLanguage":"fr-FR"},{"@type":"Organization","@id":"https:\/\/lasentinelle.dz\/#organization","name":"Quotidien La Sentinelle","url":"https:\/\/lasentinelle.dz\/","logo":{"@type":"ImageObject","inLanguage":"fr-FR","@id":"https:\/\/lasentinelle.dz\/#\/schema\/logo\/image\/","url":"https:\/\/lasentinelle.dz\/wp-content\/uploads\/2021\/09\/logo-sentinelleSLOGAN-1.png","contentUrl":"https:\/\/lasentinelle.dz\/wp-content\/uploads\/2021\/09\/logo-sentinelleSLOGAN-1.png","width":615,"height":142,"caption":"Quotidien La Sentinelle"},"image":{"@id":"https:\/\/lasentinelle.dz\/#\/schema\/logo\/image\/"},"sameAs":["https:\/\/www.facebook.com\/La-Sentinelle-104059864394773"]},{"@type":"Person","@id":"https:\/\/lasentinelle.dz\/#\/schema\/person\/d865044e22e70a75174ce8bcad3acfb3","name":"La Sentinelle","image":{"@type":"ImageObject","inLanguage":"fr-FR","@id":"https:\/\/secure.gravatar.com\/avatar\/57de8e5d4b15d43fb361a71fbb36338450fe67865b528a43dd10ef7c51a20392?s=96&d=mm&r=g","url":"https:\/\/secure.gravatar.com\/avatar\/57de8e5d4b15d43fb361a71fbb36338450fe67865b528a43dd10ef7c51a20392?s=96&d=mm&r=g","contentUrl":"https:\/\/secure.gravatar.com\/avatar\/57de8e5d4b15d43fb361a71fbb36338450fe67865b528a43dd10ef7c51a20392?s=96&d=mm&r=g","caption":"La Sentinelle"},"sameAs":["http:\/\/www.lasentinelle.dz"],"url":"https:\/\/lasentinelle.dz\/author\/redaction\/"}]}},"_links":{"self":[{"href":"https:\/\/lasentinelle.dz\/index.php\/wp-json\/wp\/v2\/posts\/25224","targetHints":{"allow":["GET"]}}],"collection":[{"href":"https:\/\/lasentinelle.dz\/index.php\/wp-json\/wp\/v2\/posts"}],"about":[{"href":"https:\/\/lasentinelle.dz\/index.php\/wp-json\/wp\/v2\/types\/post"}],"author":[{"embeddable":true,"href":"https:\/\/lasentinelle.dz\/index.php\/wp-json\/wp\/v2\/users\/3"}],"replies":[{"embeddable":true,"href":"https:\/\/lasentinelle.dz\/index.php\/wp-json\/wp\/v2\/comments?post=25224"}],"version-history":[{"count":1,"href":"https:\/\/lasentinelle.dz\/index.php\/wp-json\/wp\/v2\/posts\/25224\/revisions"}],"predecessor-version":[{"id":25227,"href":"https:\/\/lasentinelle.dz\/index.php\/wp-json\/wp\/v2\/posts\/25224\/revisions\/25227"}],"wp:featuredmedia":[{"embeddable":true,"href":"https:\/\/lasentinelle.dz\/index.php\/wp-json\/wp\/v2\/media\/25226"}],"wp:attachment":[{"href":"https:\/\/lasentinelle.dz\/index.php\/wp-json\/wp\/v2\/media?parent=25224"}],"wp:term":[{"taxonomy":"category","embeddable":true,"href":"https:\/\/lasentinelle.dz\/index.php\/wp-json\/wp\/v2\/categories?post=25224"},{"taxonomy":"post_tag","embeddable":true,"href":"https:\/\/lasentinelle.dz\/index.php\/wp-json\/wp\/v2\/tags?post=25224"}],"curies":[{"name":"wp","href":"https:\/\/api.w.org\/{rel}","templated":true}]}}