{"id":25233,"date":"2022-08-04T00:10:00","date_gmt":"2022-08-03T23:10:00","guid":{"rendered":"https:\/\/lasentinelle.dz\/?p=25233"},"modified":"2022-08-03T19:59:11","modified_gmt":"2022-08-03T18:59:11","slug":"flambee-des-prix-des-fournitures-scolaires-le-cout-de-la-dependance-aux-importations","status":"publish","type":"post","link":"https:\/\/lasentinelle.dz\/index.php\/2022\/08\/04\/flambee-des-prix-des-fournitures-scolaires-le-cout-de-la-dependance-aux-importations\/","title":{"rendered":"Flamb\u00e9e des prix des fournitures scolaires\u00a0: Le co\u00fbt de la d\u00e9pendance aux importations"},"content":{"rendered":"\n<p>La prochaine rentr\u00e9e scolaire s\u2019annonce d\u00e9j\u00e0 difficile pour les parents d\u2019\u00e9l\u00e8ves.&nbsp;A quelques semaines&nbsp;de la rentr\u00e9e des classes, le march\u00e9 des articles scolaires affiche une flamb\u00e9e&nbsp;des prix&nbsp;sans pr\u00e9c\u00e9dent. Dans certains cas les prix ont augment\u00e9 de&nbsp;150 %,&nbsp;en raison notamment des tensions sur le march\u00e9 des articles scolaires, notamment&nbsp;avec l\u2019\u00e9puisement&nbsp;des stocks existants.<\/p>\n\n\n\n<p>Ainsi, les parents d\u2019enfants scolaris\u00e9s seront contraints de les payer plus ch\u00e8re&nbsp;les fournitures scolaires de leurs enfants. Une situation suscitant \u00e0 plus d\u2019un titre l\u2019appr\u00e9hension des familles.&nbsp;Car comme d\u2019habitude la&nbsp;rentr\u00e9e scolaire intervient comme chaque ann\u00e9e apr\u00e8s une s\u00e9rie de d\u00e9pense, occasionn\u00e9es parle mois de Ramadhan, l\u2019A\u00efd El Fitr et l\u2019A\u00efd El Adha. Des occasions intervenant dans un contexte&nbsp;d\u2019\u00e9rosion du&nbsp;pouvoir d\u2019achat.&nbsp;<\/p>\n\n\n\n<p><strong>Des produits import\u00e9s \u00e0 90%<\/strong><\/p>\n\n\n\n<p>La rentr\u00e9e scolaire s\u2019annonce&nbsp;donc&nbsp;\u00e9prouvante pour&nbsp;le budget des familles, avec des prix&nbsp;&nbsp;qui ont explos\u00e9 dans des d\u00e9lais tr\u00e8s courts, au grand dam des consommateurs, qui ne savent plus o\u00f9 donner de la t\u00eate.&nbsp;&nbsp;Des commer\u00e7ants interrog\u00e9s sur le sujet expliquent la situation par le fait qu\u2019une grande partie des fournitures scolaires est import\u00e9e, ce qui participe \u00e0 leur chert\u00e9. Mais ils insistent \u00e9galement sur, entre autres, les quantit\u00e9s limit\u00e9es de ces articles dans le march\u00e9 national.&nbsp;&nbsp;Un point de vue qui ne fait pas de divergence aussi bien pour les commer\u00e7ants que pour les grossistes vers\u00e9s dans le domaine.&nbsp;&nbsp;Une vir\u00e9e dans certains commerces d\u2019articles scolaires&nbsp;nous permet de faire unconstat&nbsp;qui fait&nbsp;froid dans le dos. Les augmentations ont&nbsp;atteint les&nbsp;150%, notamment pour les prix de gros de certains articles scolaires et parfois le double, soit 300%. Tel le cas du cahier de 32 pages dont le prix de gros est pass\u00e9 de 18 DA \u00e0 28 DA (+55 %) et le cahier de 96 pages qui a vu son prix bondir de 32 DA \u00e0 80 DA (+150 %). Les prix des autres fournitures ne sont pas en reste. Le tablier et le cartable&nbsp;sont c\u00e9d\u00e9s \u00e0 des prix&nbsp;qui&nbsp;tournent autour&nbsp;&nbsp;de 1500 DA \u00e0 3000 DA.&nbsp;&nbsp;Pour un cartable de meilleure qualit\u00e9, le prix peut atteindre les&nbsp;&nbsp;12\u2009000 DA. Cette augmentation&nbsp;in\u00e9dite, \u00e9tait pr\u00e9visible, selon&nbsp;&nbsp;M. Zebdi pr\u00e9sident de l\u2019APOCE&nbsp;&nbsp;\u00ab&nbsp;Association de&nbsp;&nbsp;protection&nbsp;et d\u2019orientation&nbsp;du consommateur&nbsp;et de son environnement&nbsp;\u00bb.&nbsp;&nbsp;Celui averti que&nbsp;cette flamb\u00e9e des prix pourrait atteindre jusqu\u2019\u00e0 300%&nbsp;.&nbsp;M. Zebdi&nbsp;nous explique d\u2019ailleurs&nbsp;que&nbsp;si&nbsp;les fournitures scolaires sont indispensables et n\u00e9cessaires pour la scolarisation des \u00e9l\u00e8ves, les prix ont&nbsp;en premier lieu&nbsp;&nbsp;en raison \u00ab&nbsp;du retard dans l\u2019octroi des licences d\u2019importation&nbsp;\u00bb.&nbsp;\u00abNous avons avertis sur&nbsp;les cons\u00e9quences de&nbsp;ce retard&nbsp;dans l\u2019octroi&nbsp;des autorisations qui doivent \u00eatre d\u00e9livr\u00e9es avant le d\u00e9but de l\u2019op\u00e9ration d\u2019importation&nbsp;\u00bb,&nbsp;nous dit-il.&nbsp;Et d\u2019ajouter&nbsp;: \u00ab&nbsp;on a m\u00eame accompagn\u00e9 certains importateurs dans le processus\u2026&nbsp;\u00bb.&nbsp;&nbsp;Car, convient-il de souligner, la pr\u00e9paration de la commande et le transport des marchandises depuis le pays d\u2019importation (Chine ou Turquie) repr\u00e9sentent deux processus qui prennent plusieurs mois. Autre facteur \u00e0 l\u2019origine de cette situation alarmante&nbsp;\u00ab&nbsp;l\u2019impact de la crise&nbsp;\u00e9conomique mondiale&nbsp;et l\u2019augmentation du co\u00fbt des mati\u00e8res premi\u00e8res&nbsp;\u00bb,&nbsp;a fait savoir&nbsp;notre&nbsp;interlocuteur&nbsp;&nbsp;qui pr\u00e9cise que \u00ab&nbsp;le prix de la p\u00e2te \u00e0 papier a grimp\u00e9 de 80 %\u2009&nbsp;\u00bb. Autre facteur mis en avant,&nbsp;\u00ab&nbsp;l\u2019arr\u00eat de l\u2019activit\u00e9 de plusieurs unit\u00e9s de production et le monopole exerc\u00e9 par certains op\u00e9rateurs&nbsp;\u00bb, a ajout\u00e9 notre interlocuteur. Ce dernier n\u2019a pas omis d\u2019attirer l\u2019attention&nbsp;sur&nbsp;la faible production nationale&nbsp;dans ce domaine.&nbsp;&nbsp;Il faut noter que 90 % des fournitures scolaires vendues en Alg\u00e9rie proviennent de l\u2019importation.&nbsp;<\/p>\n\n\n\n<p><strong>Plaidoyer pour augmenter la prime de scolarit\u00e9<\/strong><\/p>\n\n\n\n<p>Interrog\u00e9&nbsp;sur l\u2019apport des&nbsp;souks de la Rahma comme dispositif pour juguler cette hausse des prix, Zebdi explique que&nbsp;la d\u00e9marche du ministre&nbsp;du Commerce a \u00e9t\u00e9 bien accueillie, \u00ab&nbsp;mais&nbsp;le&nbsp;march\u00e9&nbsp;n\u00e9cessite une organisation en amont et en aval, pour combattre les monopoles&nbsp;\u00bb. Il plaide aussi pour \u00ab&nbsp;le plafonnement des prix&nbsp;\u00bb.&nbsp;\u00ab&nbsp;Il faut \u00e9galement rapprocher les points de vente du consommateur. Il faut qu\u2019ils soient implant\u00e9s dans chaque commune et chaque da\u00efra&nbsp;\u00bb,&nbsp;a ajout\u00e9 notre interlocuteur.&nbsp;&nbsp;N\u00e9anmoins,&nbsp;le pr\u00e9sident de l\u2019Apoce&nbsp;a estim\u00e9 que la d\u00e9marche du ministre, est susceptible d\u2019att\u00e9nuer un&nbsp;&nbsp;tant soit peu att\u00e9nuer ce fardeau pour les parents. \u00ab&nbsp;Nous avons \u00e9galement propos\u00e9 l\u2019augmentation&nbsp;la prime de scolarit\u00e9&nbsp;et la&nbsp;&nbsp;promotion de la production nationale&nbsp;\u00bb, a dit M. Zebdi. Dans ce contexte, il est utile de rappeler qu\u2019en mati\u00e8re de solutions, le ministre du commerce, Kamel Rezig, a ordonn\u00e9 la mise en place de march\u00e9s de proximit\u00e9 \u00ab\u2009rahma\u2009\u00bb sur l\u2019ensemble du territoire national&nbsp;pour la vente d\u2019articles scolaires. Ceux-ci devraient assurer \u00e0 tous les Alg\u00e9riens la disponibilit\u00e9 des fournitures scolaires \u00e0 des prix \u00ab\u2009raisonnables\u2009\u00bb.<\/p>\n\n\n\n<p><strong>Sofia Chahine<\/strong><\/p>\n","protected":false},"excerpt":{"rendered":"<p>La prochaine rentr\u00e9e scolaire s\u2019annonce d\u00e9j\u00e0 difficile pour les parents d\u2019\u00e9l\u00e8ves.&nbsp;A quelques semaines&nbsp;de la rentr\u00e9e des classes, le march\u00e9 des<\/p>\n","protected":false},"author":3,"featured_media":25234,"comment_status":"open","ping_status":"closed","sticky":false,"template":"","format":"standard","meta":{"colormag_page_container_layout":"default_layout","colormag_page_sidebar_layout":"default_layout","om_disable_all_campaigns":false,"_monsterinsights_skip_tracking":false,"_monsterinsights_sitenote_active":false,"_monsterinsights_sitenote_note":"","_monsterinsights_sitenote_category":0,"footnotes":"","_wpscppro_dont_share_socialmedia":false,"_wpscppro_custom_social_share_image":0,"_facebook_share_type":"","_twitter_share_type":"","_linkedin_share_type":"","_pinterest_share_type":"","_linkedin_share_type_page":"","_instagram_share_type":"","_medium_share_type":"","_threads_share_type":"","_google_business_share_type":"","_selected_social_profile":[],"_wpsp_enable_custom_social_template":false,"_wpsp_social_scheduling":{"enabled":false,"datetime":null,"platforms":[],"status":"template_only","dateOption":"today","timeOption":"now","customDays":"","customHours":"","customDate":"","customTime":"","schedulingType":"absolute"},"_wpsp_active_default_template":true},"categories":[52,27],"tags":[],"class_list":["post-25233","post","type-post","status-publish","format-standard","has-post-thumbnail","hentry","category-a-la-une","category-actualite"],"aioseo_notices":[],"yoast_head":"<!-- This site is optimized with the Yoast SEO plugin v27.5 - https:\/\/yoast.com\/product\/yoast-seo-wordpress\/ -->\n<title>Flamb\u00e9e des prix des fournitures scolaires\u00a0: Le co\u00fbt de la d\u00e9pendance aux importations - La Sentinelle<\/title>\n<meta name=\"robots\" content=\"index, follow, max-snippet:-1, max-image-preview:large, max-video-preview:-1\" \/>\n<link rel=\"canonical\" href=\"https:\/\/lasentinelle.dz\/index.php\/2022\/08\/04\/flambee-des-prix-des-fournitures-scolaires-le-cout-de-la-dependance-aux-importations\/\" \/>\n<meta property=\"og:locale\" content=\"fr_FR\" \/>\n<meta property=\"og:type\" content=\"article\" \/>\n<meta property=\"og:title\" content=\"Flamb\u00e9e des prix des fournitures scolaires\u00a0: Le co\u00fbt de la d\u00e9pendance aux importations - La Sentinelle\" \/>\n<meta property=\"og:description\" content=\"La prochaine rentr\u00e9e scolaire s\u2019annonce d\u00e9j\u00e0 difficile pour les parents d\u2019\u00e9l\u00e8ves.&nbsp;A quelques semaines&nbsp;de la rentr\u00e9e des classes, le march\u00e9 des\" \/>\n<meta property=\"og:url\" content=\"https:\/\/lasentinelle.dz\/index.php\/2022\/08\/04\/flambee-des-prix-des-fournitures-scolaires-le-cout-de-la-dependance-aux-importations\/\" \/>\n<meta property=\"og:site_name\" content=\"La Sentinelle\" \/>\n<meta property=\"article:publisher\" content=\"https:\/\/www.facebook.com\/La-Sentinelle-104059864394773\" \/>\n<meta property=\"article:published_time\" content=\"2022-08-03T23:10:00+00:00\" \/>\n<meta property=\"og:image\" content=\"https:\/\/lasentinelle.dz\/wp-content\/uploads\/2022\/08\/articles-scolaires.png\" \/>\n\t<meta property=\"og:image:width\" content=\"1352\" \/>\n\t<meta property=\"og:image:height\" content=\"900\" \/>\n\t<meta property=\"og:image:type\" content=\"image\/png\" \/>\n<meta name=\"author\" content=\"La Sentinelle\" \/>\n<meta name=\"twitter:card\" content=\"summary_large_image\" \/>\n<meta name=\"twitter:label1\" content=\"\u00c9crit par\" \/>\n\t<meta name=\"twitter:data1\" content=\"La Sentinelle\" \/>\n\t<meta name=\"twitter:label2\" content=\"Dur\u00e9e de lecture estim\u00e9e\" \/>\n\t<meta name=\"twitter:data2\" content=\"4 minutes\" \/>\n<script type=\"application\/ld+json\" class=\"yoast-schema-graph\">{\"@context\":\"https:\\\/\\\/schema.org\",\"@graph\":[{\"@type\":\"Article\",\"@id\":\"https:\\\/\\\/lasentinelle.dz\\\/index.php\\\/2022\\\/08\\\/04\\\/flambee-des-prix-des-fournitures-scolaires-le-cout-de-la-dependance-aux-importations\\\/#article\",\"isPartOf\":{\"@id\":\"https:\\\/\\\/lasentinelle.dz\\\/index.php\\\/2022\\\/08\\\/04\\\/flambee-des-prix-des-fournitures-scolaires-le-cout-de-la-dependance-aux-importations\\\/\"},\"author\":{\"name\":\"La Sentinelle\",\"@id\":\"https:\\\/\\\/lasentinelle.dz\\\/#\\\/schema\\\/person\\\/d865044e22e70a75174ce8bcad3acfb3\"},\"headline\":\"Flamb\u00e9e des prix des fournitures scolaires\u00a0: Le co\u00fbt de la d\u00e9pendance aux importations\",\"datePublished\":\"2022-08-03T23:10:00+00:00\",\"mainEntityOfPage\":{\"@id\":\"https:\\\/\\\/lasentinelle.dz\\\/index.php\\\/2022\\\/08\\\/04\\\/flambee-des-prix-des-fournitures-scolaires-le-cout-de-la-dependance-aux-importations\\\/\"},\"wordCount\":985,\"commentCount\":0,\"publisher\":{\"@id\":\"https:\\\/\\\/lasentinelle.dz\\\/#organization\"},\"image\":{\"@id\":\"https:\\\/\\\/lasentinelle.dz\\\/index.php\\\/2022\\\/08\\\/04\\\/flambee-des-prix-des-fournitures-scolaires-le-cout-de-la-dependance-aux-importations\\\/#primaryimage\"},\"thumbnailUrl\":\"https:\\\/\\\/lasentinelle.dz\\\/wp-content\\\/uploads\\\/2022\\\/08\\\/articles-scolaires.png\",\"articleSection\":[\"\u00c0 la Une\",\"Actualit\u00e9\"],\"inLanguage\":\"fr-FR\",\"potentialAction\":[{\"@type\":\"CommentAction\",\"name\":\"Comment\",\"target\":[\"https:\\\/\\\/lasentinelle.dz\\\/index.php\\\/2022\\\/08\\\/04\\\/flambee-des-prix-des-fournitures-scolaires-le-cout-de-la-dependance-aux-importations\\\/#respond\"]}]},{\"@type\":\"WebPage\",\"@id\":\"https:\\\/\\\/lasentinelle.dz\\\/index.php\\\/2022\\\/08\\\/04\\\/flambee-des-prix-des-fournitures-scolaires-le-cout-de-la-dependance-aux-importations\\\/\",\"url\":\"https:\\\/\\\/lasentinelle.dz\\\/index.php\\\/2022\\\/08\\\/04\\\/flambee-des-prix-des-fournitures-scolaires-le-cout-de-la-dependance-aux-importations\\\/\",\"name\":\"Flamb\u00e9e des prix des fournitures scolaires\u00a0: Le co\u00fbt de la d\u00e9pendance aux importations - La Sentinelle\",\"isPartOf\":{\"@id\":\"https:\\\/\\\/lasentinelle.dz\\\/#website\"},\"primaryImageOfPage\":{\"@id\":\"https:\\\/\\\/lasentinelle.dz\\\/index.php\\\/2022\\\/08\\\/04\\\/flambee-des-prix-des-fournitures-scolaires-le-cout-de-la-dependance-aux-importations\\\/#primaryimage\"},\"image\":{\"@id\":\"https:\\\/\\\/lasentinelle.dz\\\/index.php\\\/2022\\\/08\\\/04\\\/flambee-des-prix-des-fournitures-scolaires-le-cout-de-la-dependance-aux-importations\\\/#primaryimage\"},\"thumbnailUrl\":\"https:\\\/\\\/lasentinelle.dz\\\/wp-content\\\/uploads\\\/2022\\\/08\\\/articles-scolaires.png\",\"datePublished\":\"2022-08-03T23:10:00+00:00\",\"breadcrumb\":{\"@id\":\"https:\\\/\\\/lasentinelle.dz\\\/index.php\\\/2022\\\/08\\\/04\\\/flambee-des-prix-des-fournitures-scolaires-le-cout-de-la-dependance-aux-importations\\\/#breadcrumb\"},\"inLanguage\":\"fr-FR\",\"potentialAction\":[{\"@type\":\"ReadAction\",\"target\":[\"https:\\\/\\\/lasentinelle.dz\\\/index.php\\\/2022\\\/08\\\/04\\\/flambee-des-prix-des-fournitures-scolaires-le-cout-de-la-dependance-aux-importations\\\/\"]}]},{\"@type\":\"ImageObject\",\"inLanguage\":\"fr-FR\",\"@id\":\"https:\\\/\\\/lasentinelle.dz\\\/index.php\\\/2022\\\/08\\\/04\\\/flambee-des-prix-des-fournitures-scolaires-le-cout-de-la-dependance-aux-importations\\\/#primaryimage\",\"url\":\"https:\\\/\\\/lasentinelle.dz\\\/wp-content\\\/uploads\\\/2022\\\/08\\\/articles-scolaires.png\",\"contentUrl\":\"https:\\\/\\\/lasentinelle.dz\\\/wp-content\\\/uploads\\\/2022\\\/08\\\/articles-scolaires.png\",\"width\":1352,\"height\":900},{\"@type\":\"BreadcrumbList\",\"@id\":\"https:\\\/\\\/lasentinelle.dz\\\/index.php\\\/2022\\\/08\\\/04\\\/flambee-des-prix-des-fournitures-scolaires-le-cout-de-la-dependance-aux-importations\\\/#breadcrumb\",\"itemListElement\":[{\"@type\":\"ListItem\",\"position\":1,\"name\":\"Accueil\",\"item\":\"https:\\\/\\\/lasentinelle.dz\\\/\"},{\"@type\":\"ListItem\",\"position\":2,\"name\":\"Flamb\u00e9e des prix des fournitures scolaires\u00a0: Le co\u00fbt de la d\u00e9pendance aux importations\"}]},{\"@type\":\"WebSite\",\"@id\":\"https:\\\/\\\/lasentinelle.dz\\\/#website\",\"url\":\"https:\\\/\\\/lasentinelle.dz\\\/\",\"name\":\"La Sentinelle\",\"description\":\"Quotidien national d&#039;information\",\"publisher\":{\"@id\":\"https:\\\/\\\/lasentinelle.dz\\\/#organization\"},\"potentialAction\":[{\"@type\":\"SearchAction\",\"target\":{\"@type\":\"EntryPoint\",\"urlTemplate\":\"https:\\\/\\\/lasentinelle.dz\\\/?s={search_term_string}\"},\"query-input\":{\"@type\":\"PropertyValueSpecification\",\"valueRequired\":true,\"valueName\":\"search_term_string\"}}],\"inLanguage\":\"fr-FR\"},{\"@type\":\"Organization\",\"@id\":\"https:\\\/\\\/lasentinelle.dz\\\/#organization\",\"name\":\"Quotidien La Sentinelle\",\"url\":\"https:\\\/\\\/lasentinelle.dz\\\/\",\"logo\":{\"@type\":\"ImageObject\",\"inLanguage\":\"fr-FR\",\"@id\":\"https:\\\/\\\/lasentinelle.dz\\\/#\\\/schema\\\/logo\\\/image\\\/\",\"url\":\"https:\\\/\\\/lasentinelle.dz\\\/wp-content\\\/uploads\\\/2021\\\/09\\\/logo-sentinelleSLOGAN-1.png\",\"contentUrl\":\"https:\\\/\\\/lasentinelle.dz\\\/wp-content\\\/uploads\\\/2021\\\/09\\\/logo-sentinelleSLOGAN-1.png\",\"width\":615,\"height\":142,\"caption\":\"Quotidien La Sentinelle\"},\"image\":{\"@id\":\"https:\\\/\\\/lasentinelle.dz\\\/#\\\/schema\\\/logo\\\/image\\\/\"},\"sameAs\":[\"https:\\\/\\\/www.facebook.com\\\/La-Sentinelle-104059864394773\"]},{\"@type\":\"Person\",\"@id\":\"https:\\\/\\\/lasentinelle.dz\\\/#\\\/schema\\\/person\\\/d865044e22e70a75174ce8bcad3acfb3\",\"name\":\"La Sentinelle\",\"image\":{\"@type\":\"ImageObject\",\"inLanguage\":\"fr-FR\",\"@id\":\"https:\\\/\\\/secure.gravatar.com\\\/avatar\\\/57de8e5d4b15d43fb361a71fbb36338450fe67865b528a43dd10ef7c51a20392?s=96&d=mm&r=g\",\"url\":\"https:\\\/\\\/secure.gravatar.com\\\/avatar\\\/57de8e5d4b15d43fb361a71fbb36338450fe67865b528a43dd10ef7c51a20392?s=96&d=mm&r=g\",\"contentUrl\":\"https:\\\/\\\/secure.gravatar.com\\\/avatar\\\/57de8e5d4b15d43fb361a71fbb36338450fe67865b528a43dd10ef7c51a20392?s=96&d=mm&r=g\",\"caption\":\"La Sentinelle\"},\"sameAs\":[\"http:\\\/\\\/www.lasentinelle.dz\"],\"url\":\"https:\\\/\\\/lasentinelle.dz\\\/author\\\/redaction\\\/\"}]}<\/script>\n<!-- \/ Yoast SEO plugin. -->","yoast_head_json":{"title":"Flamb\u00e9e des prix des fournitures scolaires\u00a0: Le co\u00fbt de la d\u00e9pendance aux importations - La Sentinelle","robots":{"index":"index","follow":"follow","max-snippet":"max-snippet:-1","max-image-preview":"max-image-preview:large","max-video-preview":"max-video-preview:-1"},"canonical":"https:\/\/lasentinelle.dz\/index.php\/2022\/08\/04\/flambee-des-prix-des-fournitures-scolaires-le-cout-de-la-dependance-aux-importations\/","og_locale":"fr_FR","og_type":"article","og_title":"Flamb\u00e9e des prix des fournitures scolaires\u00a0: Le co\u00fbt de la d\u00e9pendance aux importations - La Sentinelle","og_description":"La prochaine rentr\u00e9e scolaire s\u2019annonce d\u00e9j\u00e0 difficile pour les parents d\u2019\u00e9l\u00e8ves.&nbsp;A quelques semaines&nbsp;de la rentr\u00e9e des classes, le march\u00e9 des","og_url":"https:\/\/lasentinelle.dz\/index.php\/2022\/08\/04\/flambee-des-prix-des-fournitures-scolaires-le-cout-de-la-dependance-aux-importations\/","og_site_name":"La Sentinelle","article_publisher":"https:\/\/www.facebook.com\/La-Sentinelle-104059864394773","article_published_time":"2022-08-03T23:10:00+00:00","og_image":[{"width":1352,"height":900,"url":"https:\/\/lasentinelle.dz\/wp-content\/uploads\/2022\/08\/articles-scolaires.png","type":"image\/png"}],"author":"La Sentinelle","twitter_card":"summary_large_image","twitter_misc":{"\u00c9crit par":"La Sentinelle","Dur\u00e9e de lecture estim\u00e9e":"4 minutes"},"schema":{"@context":"https:\/\/schema.org","@graph":[{"@type":"Article","@id":"https:\/\/lasentinelle.dz\/index.php\/2022\/08\/04\/flambee-des-prix-des-fournitures-scolaires-le-cout-de-la-dependance-aux-importations\/#article","isPartOf":{"@id":"https:\/\/lasentinelle.dz\/index.php\/2022\/08\/04\/flambee-des-prix-des-fournitures-scolaires-le-cout-de-la-dependance-aux-importations\/"},"author":{"name":"La Sentinelle","@id":"https:\/\/lasentinelle.dz\/#\/schema\/person\/d865044e22e70a75174ce8bcad3acfb3"},"headline":"Flamb\u00e9e des prix des fournitures scolaires\u00a0: Le co\u00fbt de la d\u00e9pendance aux importations","datePublished":"2022-08-03T23:10:00+00:00","mainEntityOfPage":{"@id":"https:\/\/lasentinelle.dz\/index.php\/2022\/08\/04\/flambee-des-prix-des-fournitures-scolaires-le-cout-de-la-dependance-aux-importations\/"},"wordCount":985,"commentCount":0,"publisher":{"@id":"https:\/\/lasentinelle.dz\/#organization"},"image":{"@id":"https:\/\/lasentinelle.dz\/index.php\/2022\/08\/04\/flambee-des-prix-des-fournitures-scolaires-le-cout-de-la-dependance-aux-importations\/#primaryimage"},"thumbnailUrl":"https:\/\/lasentinelle.dz\/wp-content\/uploads\/2022\/08\/articles-scolaires.png","articleSection":["\u00c0 la Une","Actualit\u00e9"],"inLanguage":"fr-FR","potentialAction":[{"@type":"CommentAction","name":"Comment","target":["https:\/\/lasentinelle.dz\/index.php\/2022\/08\/04\/flambee-des-prix-des-fournitures-scolaires-le-cout-de-la-dependance-aux-importations\/#respond"]}]},{"@type":"WebPage","@id":"https:\/\/lasentinelle.dz\/index.php\/2022\/08\/04\/flambee-des-prix-des-fournitures-scolaires-le-cout-de-la-dependance-aux-importations\/","url":"https:\/\/lasentinelle.dz\/index.php\/2022\/08\/04\/flambee-des-prix-des-fournitures-scolaires-le-cout-de-la-dependance-aux-importations\/","name":"Flamb\u00e9e des prix des fournitures scolaires\u00a0: Le co\u00fbt de la d\u00e9pendance aux importations - La Sentinelle","isPartOf":{"@id":"https:\/\/lasentinelle.dz\/#website"},"primaryImageOfPage":{"@id":"https:\/\/lasentinelle.dz\/index.php\/2022\/08\/04\/flambee-des-prix-des-fournitures-scolaires-le-cout-de-la-dependance-aux-importations\/#primaryimage"},"image":{"@id":"https:\/\/lasentinelle.dz\/index.php\/2022\/08\/04\/flambee-des-prix-des-fournitures-scolaires-le-cout-de-la-dependance-aux-importations\/#primaryimage"},"thumbnailUrl":"https:\/\/lasentinelle.dz\/wp-content\/uploads\/2022\/08\/articles-scolaires.png","datePublished":"2022-08-03T23:10:00+00:00","breadcrumb":{"@id":"https:\/\/lasentinelle.dz\/index.php\/2022\/08\/04\/flambee-des-prix-des-fournitures-scolaires-le-cout-de-la-dependance-aux-importations\/#breadcrumb"},"inLanguage":"fr-FR","potentialAction":[{"@type":"ReadAction","target":["https:\/\/lasentinelle.dz\/index.php\/2022\/08\/04\/flambee-des-prix-des-fournitures-scolaires-le-cout-de-la-dependance-aux-importations\/"]}]},{"@type":"ImageObject","inLanguage":"fr-FR","@id":"https:\/\/lasentinelle.dz\/index.php\/2022\/08\/04\/flambee-des-prix-des-fournitures-scolaires-le-cout-de-la-dependance-aux-importations\/#primaryimage","url":"https:\/\/lasentinelle.dz\/wp-content\/uploads\/2022\/08\/articles-scolaires.png","contentUrl":"https:\/\/lasentinelle.dz\/wp-content\/uploads\/2022\/08\/articles-scolaires.png","width":1352,"height":900},{"@type":"BreadcrumbList","@id":"https:\/\/lasentinelle.dz\/index.php\/2022\/08\/04\/flambee-des-prix-des-fournitures-scolaires-le-cout-de-la-dependance-aux-importations\/#breadcrumb","itemListElement":[{"@type":"ListItem","position":1,"name":"Accueil","item":"https:\/\/lasentinelle.dz\/"},{"@type":"ListItem","position":2,"name":"Flamb\u00e9e des prix des fournitures scolaires\u00a0: Le co\u00fbt de la d\u00e9pendance aux importations"}]},{"@type":"WebSite","@id":"https:\/\/lasentinelle.dz\/#website","url":"https:\/\/lasentinelle.dz\/","name":"La Sentinelle","description":"Quotidien national d&#039;information","publisher":{"@id":"https:\/\/lasentinelle.dz\/#organization"},"potentialAction":[{"@type":"SearchAction","target":{"@type":"EntryPoint","urlTemplate":"https:\/\/lasentinelle.dz\/?s={search_term_string}"},"query-input":{"@type":"PropertyValueSpecification","valueRequired":true,"valueName":"search_term_string"}}],"inLanguage":"fr-FR"},{"@type":"Organization","@id":"https:\/\/lasentinelle.dz\/#organization","name":"Quotidien La Sentinelle","url":"https:\/\/lasentinelle.dz\/","logo":{"@type":"ImageObject","inLanguage":"fr-FR","@id":"https:\/\/lasentinelle.dz\/#\/schema\/logo\/image\/","url":"https:\/\/lasentinelle.dz\/wp-content\/uploads\/2021\/09\/logo-sentinelleSLOGAN-1.png","contentUrl":"https:\/\/lasentinelle.dz\/wp-content\/uploads\/2021\/09\/logo-sentinelleSLOGAN-1.png","width":615,"height":142,"caption":"Quotidien La Sentinelle"},"image":{"@id":"https:\/\/lasentinelle.dz\/#\/schema\/logo\/image\/"},"sameAs":["https:\/\/www.facebook.com\/La-Sentinelle-104059864394773"]},{"@type":"Person","@id":"https:\/\/lasentinelle.dz\/#\/schema\/person\/d865044e22e70a75174ce8bcad3acfb3","name":"La Sentinelle","image":{"@type":"ImageObject","inLanguage":"fr-FR","@id":"https:\/\/secure.gravatar.com\/avatar\/57de8e5d4b15d43fb361a71fbb36338450fe67865b528a43dd10ef7c51a20392?s=96&d=mm&r=g","url":"https:\/\/secure.gravatar.com\/avatar\/57de8e5d4b15d43fb361a71fbb36338450fe67865b528a43dd10ef7c51a20392?s=96&d=mm&r=g","contentUrl":"https:\/\/secure.gravatar.com\/avatar\/57de8e5d4b15d43fb361a71fbb36338450fe67865b528a43dd10ef7c51a20392?s=96&d=mm&r=g","caption":"La Sentinelle"},"sameAs":["http:\/\/www.lasentinelle.dz"],"url":"https:\/\/lasentinelle.dz\/author\/redaction\/"}]}},"_links":{"self":[{"href":"https:\/\/lasentinelle.dz\/index.php\/wp-json\/wp\/v2\/posts\/25233","targetHints":{"allow":["GET"]}}],"collection":[{"href":"https:\/\/lasentinelle.dz\/index.php\/wp-json\/wp\/v2\/posts"}],"about":[{"href":"https:\/\/lasentinelle.dz\/index.php\/wp-json\/wp\/v2\/types\/post"}],"author":[{"embeddable":true,"href":"https:\/\/lasentinelle.dz\/index.php\/wp-json\/wp\/v2\/users\/3"}],"replies":[{"embeddable":true,"href":"https:\/\/lasentinelle.dz\/index.php\/wp-json\/wp\/v2\/comments?post=25233"}],"version-history":[{"count":1,"href":"https:\/\/lasentinelle.dz\/index.php\/wp-json\/wp\/v2\/posts\/25233\/revisions"}],"predecessor-version":[{"id":25239,"href":"https:\/\/lasentinelle.dz\/index.php\/wp-json\/wp\/v2\/posts\/25233\/revisions\/25239"}],"wp:featuredmedia":[{"embeddable":true,"href":"https:\/\/lasentinelle.dz\/index.php\/wp-json\/wp\/v2\/media\/25234"}],"wp:attachment":[{"href":"https:\/\/lasentinelle.dz\/index.php\/wp-json\/wp\/v2\/media?parent=25233"}],"wp:term":[{"taxonomy":"category","embeddable":true,"href":"https:\/\/lasentinelle.dz\/index.php\/wp-json\/wp\/v2\/categories?post=25233"},{"taxonomy":"post_tag","embeddable":true,"href":"https:\/\/lasentinelle.dz\/index.php\/wp-json\/wp\/v2\/tags?post=25233"}],"curies":[{"name":"wp","href":"https:\/\/api.w.org\/{rel}","templated":true}]}}