{"id":25309,"date":"2022-08-07T00:03:00","date_gmt":"2022-08-06T23:03:00","guid":{"rendered":"https:\/\/lasentinelle.dz\/?p=25309"},"modified":"2022-08-06T18:25:46","modified_gmt":"2022-08-06T17:25:46","slug":"le-satisfecit-de-guterres-et-de-faki","status":"publish","type":"post","link":"https:\/\/lasentinelle.dz\/index.php\/2022\/08\/07\/le-satisfecit-de-guterres-et-de-faki\/","title":{"rendered":"Le satisfecit de\u00a0Guterres et\u00a0de\u00a0Faki\u00a0"},"content":{"rendered":"\n<p>Le Secr\u00e9taire g\u00e9n\u00e9ral des Nations unies, Antonio Guterres et le Pr\u00e9sident de la Commission de l\u2019Union africaine(UA), Moussa Faki Mahamat, se sont f\u00e9licit\u00e9s de la conclusion r\u00e9ussie de la r\u00e9union de niveau d\u00e9cisionnel sur certains aspects de l\u2019Accord pour la paix et la r\u00e9conciliation au Mali, issu du Processus d\u2019Alger, assurant \u00ab\u00a0la disponibilit\u00e9 continue de leurs deux institutions dans le cadre de la m\u00e9diation internationale, conduite par l&rsquo;Alg\u00e9rie, afin de mener \u00e0 terme le processus de paix\u00a0\u00bb .&nbsp;\u00ab\u00a0Le SG des Nations unies et le Pr\u00e9sident de la Commission de l&rsquo;Union africaine se f\u00e9licitent de la conclusion r\u00e9ussie de la r\u00e9union de niveau d\u00e9cisionnel sur certains aspects de l&rsquo;Accord pour la paix et la r\u00e9conciliation au Mal, issu du processus d&rsquo;Alger\u00a0\u00bb, a indiqu\u00e9 samedi un&nbsp;&nbsp;communiqu\u00e9 conjoint ONU-UA.&nbsp;\u00ab\u00a0Ils notent, en particulier, avec satisfaction le consensus auquel les parties sont arriv\u00e9es pour l\u2019int\u00e9gration de 26.000 ex-combattants au sein des forces arm\u00e9es et de d\u00e9fense et d\u2019autres services de l\u2019Etat, ainsi que sur les r\u00e9formes institutionnelles non li\u00e9es \u00e0 la r\u00e9vision de la Constitution\u00a0\u00bb, note la m\u00eame source.&nbsp;La m\u00eame source souligne que \u00ab\u00a0le SG de l&rsquo;ONU et le Pr\u00e9sident de la Commission de l\u2019UA rel\u00e8vent la mise en place d\u2019une commission ad hoc pour traiter d&rsquo;aspects sur lesquels un consensus doit encore \u00eatre trouv\u00e9, notamment la gestion au cas par cas des cadres civils et militaires des Mouvements signataires, y compris en relation avec la cha\u00eene de commandement\u00a0\u00bb.&nbsp;A cet \u00e9gard, \u00ab\u00a0ils exhortent les parties \u00e0 agir avec diligence pour assurer le suivi requis et conforter la dynamique qui vient d\u2019\u00eatre imprim\u00e9e au processus de paix\u00a0\u00bb.<\/p>\n\n\n\n<p>APS<\/p>\n","protected":false},"excerpt":{"rendered":"<p>Le Secr\u00e9taire g\u00e9n\u00e9ral des Nations unies, Antonio Guterres et le Pr\u00e9sident de la Commission de l\u2019Union africaine(UA), Moussa Faki Mahamat,<\/p>\n","protected":false},"author":3,"featured_media":25320,"comment_status":"open","ping_status":"closed","sticky":false,"template":"","format":"standard","meta":{"colormag_page_container_layout":"default_layout","colormag_page_sidebar_layout":"default_layout","om_disable_all_campaigns":false,"_monsterinsights_skip_tracking":false,"_monsterinsights_sitenote_active":false,"_monsterinsights_sitenote_note":"","_monsterinsights_sitenote_category":0,"footnotes":"","_wpscppro_dont_share_socialmedia":false,"_wpscppro_custom_social_share_image":0,"_facebook_share_type":"","_twitter_share_type":"","_linkedin_share_type":"","_pinterest_share_type":"","_linkedin_share_type_page":"","_instagram_share_type":"","_medium_share_type":"","_threads_share_type":"","_google_business_share_type":"","_selected_social_profile":[],"_wpsp_enable_custom_social_template":false,"_wpsp_social_scheduling":{"enabled":false,"datetime":null,"platforms":[],"status":"template_only","dateOption":"today","timeOption":"now","customDays":"","customHours":"","customDate":"","customTime":"","schedulingType":"absolute"},"_wpsp_active_default_template":true},"categories":[27],"tags":[],"class_list":["post-25309","post","type-post","status-publish","format-standard","has-post-thumbnail","hentry","category-actualite"],"aioseo_notices":[],"yoast_head":"<!-- This site is optimized with the Yoast SEO plugin v27.5 - https:\/\/yoast.com\/product\/yoast-seo-wordpress\/ -->\n<title>Le satisfecit de\u00a0Guterres et\u00a0de\u00a0Faki\u00a0 - La Sentinelle<\/title>\n<meta name=\"robots\" content=\"index, follow, max-snippet:-1, max-image-preview:large, max-video-preview:-1\" \/>\n<link rel=\"canonical\" href=\"https:\/\/lasentinelle.dz\/index.php\/2022\/08\/07\/le-satisfecit-de-guterres-et-de-faki\/\" \/>\n<meta property=\"og:locale\" content=\"fr_FR\" \/>\n<meta property=\"og:type\" content=\"article\" \/>\n<meta property=\"og:title\" content=\"Le satisfecit de\u00a0Guterres et\u00a0de\u00a0Faki\u00a0 - La Sentinelle\" \/>\n<meta property=\"og:description\" content=\"Le Secr\u00e9taire g\u00e9n\u00e9ral des Nations unies, Antonio Guterres et le Pr\u00e9sident de la Commission de l\u2019Union africaine(UA), Moussa Faki Mahamat,\" \/>\n<meta property=\"og:url\" content=\"https:\/\/lasentinelle.dz\/index.php\/2022\/08\/07\/le-satisfecit-de-guterres-et-de-faki\/\" \/>\n<meta property=\"og:site_name\" content=\"La Sentinelle\" \/>\n<meta property=\"article:publisher\" content=\"https:\/\/www.facebook.com\/La-Sentinelle-104059864394773\" \/>\n<meta property=\"article:published_time\" content=\"2022-08-06T23:03:00+00:00\" \/>\n<meta property=\"og:image\" content=\"https:\/\/lasentinelle.dz\/wp-content\/uploads\/2022\/08\/chalenges-tn-Antonio-Guterres-le-neuvieme-Secretaire-general-de-l-Organisation-des-Nations-Unies-696x403-1.jpg\" \/>\n\t<meta property=\"og:image:width\" content=\"696\" \/>\n\t<meta property=\"og:image:height\" content=\"403\" \/>\n\t<meta property=\"og:image:type\" content=\"image\/jpeg\" \/>\n<meta name=\"author\" content=\"La Sentinelle\" \/>\n<meta name=\"twitter:card\" content=\"summary_large_image\" \/>\n<meta name=\"twitter:label1\" content=\"\u00c9crit par\" \/>\n\t<meta name=\"twitter:data1\" content=\"La Sentinelle\" \/>\n\t<meta name=\"twitter:label2\" content=\"Dur\u00e9e de lecture estim\u00e9e\" \/>\n\t<meta name=\"twitter:data2\" content=\"2 minutes\" \/>\n<script type=\"application\/ld+json\" class=\"yoast-schema-graph\">{\"@context\":\"https:\\\/\\\/schema.org\",\"@graph\":[{\"@type\":\"Article\",\"@id\":\"https:\\\/\\\/lasentinelle.dz\\\/index.php\\\/2022\\\/08\\\/07\\\/le-satisfecit-de-guterres-et-de-faki\\\/#article\",\"isPartOf\":{\"@id\":\"https:\\\/\\\/lasentinelle.dz\\\/index.php\\\/2022\\\/08\\\/07\\\/le-satisfecit-de-guterres-et-de-faki\\\/\"},\"author\":{\"name\":\"La Sentinelle\",\"@id\":\"https:\\\/\\\/lasentinelle.dz\\\/#\\\/schema\\\/person\\\/d865044e22e70a75174ce8bcad3acfb3\"},\"headline\":\"Le satisfecit de\u00a0Guterres et\u00a0de\u00a0Faki\u00a0\",\"datePublished\":\"2022-08-06T23:03:00+00:00\",\"mainEntityOfPage\":{\"@id\":\"https:\\\/\\\/lasentinelle.dz\\\/index.php\\\/2022\\\/08\\\/07\\\/le-satisfecit-de-guterres-et-de-faki\\\/\"},\"wordCount\":322,\"commentCount\":0,\"publisher\":{\"@id\":\"https:\\\/\\\/lasentinelle.dz\\\/#organization\"},\"image\":{\"@id\":\"https:\\\/\\\/lasentinelle.dz\\\/index.php\\\/2022\\\/08\\\/07\\\/le-satisfecit-de-guterres-et-de-faki\\\/#primaryimage\"},\"thumbnailUrl\":\"https:\\\/\\\/lasentinelle.dz\\\/wp-content\\\/uploads\\\/2022\\\/08\\\/chalenges-tn-Antonio-Guterres-le-neuvieme-Secretaire-general-de-l-Organisation-des-Nations-Unies-696x403-1.jpg\",\"articleSection\":[\"Actualit\u00e9\"],\"inLanguage\":\"fr-FR\",\"potentialAction\":[{\"@type\":\"CommentAction\",\"name\":\"Comment\",\"target\":[\"https:\\\/\\\/lasentinelle.dz\\\/index.php\\\/2022\\\/08\\\/07\\\/le-satisfecit-de-guterres-et-de-faki\\\/#respond\"]}]},{\"@type\":\"WebPage\",\"@id\":\"https:\\\/\\\/lasentinelle.dz\\\/index.php\\\/2022\\\/08\\\/07\\\/le-satisfecit-de-guterres-et-de-faki\\\/\",\"url\":\"https:\\\/\\\/lasentinelle.dz\\\/index.php\\\/2022\\\/08\\\/07\\\/le-satisfecit-de-guterres-et-de-faki\\\/\",\"name\":\"Le satisfecit de\u00a0Guterres et\u00a0de\u00a0Faki\u00a0 - La Sentinelle\",\"isPartOf\":{\"@id\":\"https:\\\/\\\/lasentinelle.dz\\\/#website\"},\"primaryImageOfPage\":{\"@id\":\"https:\\\/\\\/lasentinelle.dz\\\/index.php\\\/2022\\\/08\\\/07\\\/le-satisfecit-de-guterres-et-de-faki\\\/#primaryimage\"},\"image\":{\"@id\":\"https:\\\/\\\/lasentinelle.dz\\\/index.php\\\/2022\\\/08\\\/07\\\/le-satisfecit-de-guterres-et-de-faki\\\/#primaryimage\"},\"thumbnailUrl\":\"https:\\\/\\\/lasentinelle.dz\\\/wp-content\\\/uploads\\\/2022\\\/08\\\/chalenges-tn-Antonio-Guterres-le-neuvieme-Secretaire-general-de-l-Organisation-des-Nations-Unies-696x403-1.jpg\",\"datePublished\":\"2022-08-06T23:03:00+00:00\",\"breadcrumb\":{\"@id\":\"https:\\\/\\\/lasentinelle.dz\\\/index.php\\\/2022\\\/08\\\/07\\\/le-satisfecit-de-guterres-et-de-faki\\\/#breadcrumb\"},\"inLanguage\":\"fr-FR\",\"potentialAction\":[{\"@type\":\"ReadAction\",\"target\":[\"https:\\\/\\\/lasentinelle.dz\\\/index.php\\\/2022\\\/08\\\/07\\\/le-satisfecit-de-guterres-et-de-faki\\\/\"]}]},{\"@type\":\"ImageObject\",\"inLanguage\":\"fr-FR\",\"@id\":\"https:\\\/\\\/lasentinelle.dz\\\/index.php\\\/2022\\\/08\\\/07\\\/le-satisfecit-de-guterres-et-de-faki\\\/#primaryimage\",\"url\":\"https:\\\/\\\/lasentinelle.dz\\\/wp-content\\\/uploads\\\/2022\\\/08\\\/chalenges-tn-Antonio-Guterres-le-neuvieme-Secretaire-general-de-l-Organisation-des-Nations-Unies-696x403-1.jpg\",\"contentUrl\":\"https:\\\/\\\/lasentinelle.dz\\\/wp-content\\\/uploads\\\/2022\\\/08\\\/chalenges-tn-Antonio-Guterres-le-neuvieme-Secretaire-general-de-l-Organisation-des-Nations-Unies-696x403-1.jpg\",\"width\":696,\"height\":403},{\"@type\":\"BreadcrumbList\",\"@id\":\"https:\\\/\\\/lasentinelle.dz\\\/index.php\\\/2022\\\/08\\\/07\\\/le-satisfecit-de-guterres-et-de-faki\\\/#breadcrumb\",\"itemListElement\":[{\"@type\":\"ListItem\",\"position\":1,\"name\":\"Accueil\",\"item\":\"https:\\\/\\\/lasentinelle.dz\\\/\"},{\"@type\":\"ListItem\",\"position\":2,\"name\":\"Le satisfecit de\u00a0Guterres et\u00a0de\u00a0Faki\u00a0\"}]},{\"@type\":\"WebSite\",\"@id\":\"https:\\\/\\\/lasentinelle.dz\\\/#website\",\"url\":\"https:\\\/\\\/lasentinelle.dz\\\/\",\"name\":\"La Sentinelle\",\"description\":\"Quotidien national d&#039;information\",\"publisher\":{\"@id\":\"https:\\\/\\\/lasentinelle.dz\\\/#organization\"},\"potentialAction\":[{\"@type\":\"SearchAction\",\"target\":{\"@type\":\"EntryPoint\",\"urlTemplate\":\"https:\\\/\\\/lasentinelle.dz\\\/?s={search_term_string}\"},\"query-input\":{\"@type\":\"PropertyValueSpecification\",\"valueRequired\":true,\"valueName\":\"search_term_string\"}}],\"inLanguage\":\"fr-FR\"},{\"@type\":\"Organization\",\"@id\":\"https:\\\/\\\/lasentinelle.dz\\\/#organization\",\"name\":\"Quotidien La Sentinelle\",\"url\":\"https:\\\/\\\/lasentinelle.dz\\\/\",\"logo\":{\"@type\":\"ImageObject\",\"inLanguage\":\"fr-FR\",\"@id\":\"https:\\\/\\\/lasentinelle.dz\\\/#\\\/schema\\\/logo\\\/image\\\/\",\"url\":\"https:\\\/\\\/lasentinelle.dz\\\/wp-content\\\/uploads\\\/2021\\\/09\\\/logo-sentinelleSLOGAN-1.png\",\"contentUrl\":\"https:\\\/\\\/lasentinelle.dz\\\/wp-content\\\/uploads\\\/2021\\\/09\\\/logo-sentinelleSLOGAN-1.png\",\"width\":615,\"height\":142,\"caption\":\"Quotidien La Sentinelle\"},\"image\":{\"@id\":\"https:\\\/\\\/lasentinelle.dz\\\/#\\\/schema\\\/logo\\\/image\\\/\"},\"sameAs\":[\"https:\\\/\\\/www.facebook.com\\\/La-Sentinelle-104059864394773\"]},{\"@type\":\"Person\",\"@id\":\"https:\\\/\\\/lasentinelle.dz\\\/#\\\/schema\\\/person\\\/d865044e22e70a75174ce8bcad3acfb3\",\"name\":\"La Sentinelle\",\"image\":{\"@type\":\"ImageObject\",\"inLanguage\":\"fr-FR\",\"@id\":\"https:\\\/\\\/secure.gravatar.com\\\/avatar\\\/57de8e5d4b15d43fb361a71fbb36338450fe67865b528a43dd10ef7c51a20392?s=96&d=mm&r=g\",\"url\":\"https:\\\/\\\/secure.gravatar.com\\\/avatar\\\/57de8e5d4b15d43fb361a71fbb36338450fe67865b528a43dd10ef7c51a20392?s=96&d=mm&r=g\",\"contentUrl\":\"https:\\\/\\\/secure.gravatar.com\\\/avatar\\\/57de8e5d4b15d43fb361a71fbb36338450fe67865b528a43dd10ef7c51a20392?s=96&d=mm&r=g\",\"caption\":\"La Sentinelle\"},\"sameAs\":[\"http:\\\/\\\/www.lasentinelle.dz\"],\"url\":\"https:\\\/\\\/lasentinelle.dz\\\/author\\\/redaction\\\/\"}]}<\/script>\n<!-- \/ Yoast SEO plugin. -->","yoast_head_json":{"title":"Le satisfecit de\u00a0Guterres et\u00a0de\u00a0Faki\u00a0 - La Sentinelle","robots":{"index":"index","follow":"follow","max-snippet":"max-snippet:-1","max-image-preview":"max-image-preview:large","max-video-preview":"max-video-preview:-1"},"canonical":"https:\/\/lasentinelle.dz\/index.php\/2022\/08\/07\/le-satisfecit-de-guterres-et-de-faki\/","og_locale":"fr_FR","og_type":"article","og_title":"Le satisfecit de\u00a0Guterres et\u00a0de\u00a0Faki\u00a0 - La Sentinelle","og_description":"Le Secr\u00e9taire g\u00e9n\u00e9ral des Nations unies, Antonio Guterres et le Pr\u00e9sident de la Commission de l\u2019Union africaine(UA), Moussa Faki Mahamat,","og_url":"https:\/\/lasentinelle.dz\/index.php\/2022\/08\/07\/le-satisfecit-de-guterres-et-de-faki\/","og_site_name":"La Sentinelle","article_publisher":"https:\/\/www.facebook.com\/La-Sentinelle-104059864394773","article_published_time":"2022-08-06T23:03:00+00:00","og_image":[{"width":696,"height":403,"url":"https:\/\/lasentinelle.dz\/wp-content\/uploads\/2022\/08\/chalenges-tn-Antonio-Guterres-le-neuvieme-Secretaire-general-de-l-Organisation-des-Nations-Unies-696x403-1.jpg","type":"image\/jpeg"}],"author":"La Sentinelle","twitter_card":"summary_large_image","twitter_misc":{"\u00c9crit par":"La Sentinelle","Dur\u00e9e de lecture estim\u00e9e":"2 minutes"},"schema":{"@context":"https:\/\/schema.org","@graph":[{"@type":"Article","@id":"https:\/\/lasentinelle.dz\/index.php\/2022\/08\/07\/le-satisfecit-de-guterres-et-de-faki\/#article","isPartOf":{"@id":"https:\/\/lasentinelle.dz\/index.php\/2022\/08\/07\/le-satisfecit-de-guterres-et-de-faki\/"},"author":{"name":"La Sentinelle","@id":"https:\/\/lasentinelle.dz\/#\/schema\/person\/d865044e22e70a75174ce8bcad3acfb3"},"headline":"Le satisfecit de\u00a0Guterres et\u00a0de\u00a0Faki\u00a0","datePublished":"2022-08-06T23:03:00+00:00","mainEntityOfPage":{"@id":"https:\/\/lasentinelle.dz\/index.php\/2022\/08\/07\/le-satisfecit-de-guterres-et-de-faki\/"},"wordCount":322,"commentCount":0,"publisher":{"@id":"https:\/\/lasentinelle.dz\/#organization"},"image":{"@id":"https:\/\/lasentinelle.dz\/index.php\/2022\/08\/07\/le-satisfecit-de-guterres-et-de-faki\/#primaryimage"},"thumbnailUrl":"https:\/\/lasentinelle.dz\/wp-content\/uploads\/2022\/08\/chalenges-tn-Antonio-Guterres-le-neuvieme-Secretaire-general-de-l-Organisation-des-Nations-Unies-696x403-1.jpg","articleSection":["Actualit\u00e9"],"inLanguage":"fr-FR","potentialAction":[{"@type":"CommentAction","name":"Comment","target":["https:\/\/lasentinelle.dz\/index.php\/2022\/08\/07\/le-satisfecit-de-guterres-et-de-faki\/#respond"]}]},{"@type":"WebPage","@id":"https:\/\/lasentinelle.dz\/index.php\/2022\/08\/07\/le-satisfecit-de-guterres-et-de-faki\/","url":"https:\/\/lasentinelle.dz\/index.php\/2022\/08\/07\/le-satisfecit-de-guterres-et-de-faki\/","name":"Le satisfecit de\u00a0Guterres et\u00a0de\u00a0Faki\u00a0 - La Sentinelle","isPartOf":{"@id":"https:\/\/lasentinelle.dz\/#website"},"primaryImageOfPage":{"@id":"https:\/\/lasentinelle.dz\/index.php\/2022\/08\/07\/le-satisfecit-de-guterres-et-de-faki\/#primaryimage"},"image":{"@id":"https:\/\/lasentinelle.dz\/index.php\/2022\/08\/07\/le-satisfecit-de-guterres-et-de-faki\/#primaryimage"},"thumbnailUrl":"https:\/\/lasentinelle.dz\/wp-content\/uploads\/2022\/08\/chalenges-tn-Antonio-Guterres-le-neuvieme-Secretaire-general-de-l-Organisation-des-Nations-Unies-696x403-1.jpg","datePublished":"2022-08-06T23:03:00+00:00","breadcrumb":{"@id":"https:\/\/lasentinelle.dz\/index.php\/2022\/08\/07\/le-satisfecit-de-guterres-et-de-faki\/#breadcrumb"},"inLanguage":"fr-FR","potentialAction":[{"@type":"ReadAction","target":["https:\/\/lasentinelle.dz\/index.php\/2022\/08\/07\/le-satisfecit-de-guterres-et-de-faki\/"]}]},{"@type":"ImageObject","inLanguage":"fr-FR","@id":"https:\/\/lasentinelle.dz\/index.php\/2022\/08\/07\/le-satisfecit-de-guterres-et-de-faki\/#primaryimage","url":"https:\/\/lasentinelle.dz\/wp-content\/uploads\/2022\/08\/chalenges-tn-Antonio-Guterres-le-neuvieme-Secretaire-general-de-l-Organisation-des-Nations-Unies-696x403-1.jpg","contentUrl":"https:\/\/lasentinelle.dz\/wp-content\/uploads\/2022\/08\/chalenges-tn-Antonio-Guterres-le-neuvieme-Secretaire-general-de-l-Organisation-des-Nations-Unies-696x403-1.jpg","width":696,"height":403},{"@type":"BreadcrumbList","@id":"https:\/\/lasentinelle.dz\/index.php\/2022\/08\/07\/le-satisfecit-de-guterres-et-de-faki\/#breadcrumb","itemListElement":[{"@type":"ListItem","position":1,"name":"Accueil","item":"https:\/\/lasentinelle.dz\/"},{"@type":"ListItem","position":2,"name":"Le satisfecit de\u00a0Guterres et\u00a0de\u00a0Faki\u00a0"}]},{"@type":"WebSite","@id":"https:\/\/lasentinelle.dz\/#website","url":"https:\/\/lasentinelle.dz\/","name":"La Sentinelle","description":"Quotidien national d&#039;information","publisher":{"@id":"https:\/\/lasentinelle.dz\/#organization"},"potentialAction":[{"@type":"SearchAction","target":{"@type":"EntryPoint","urlTemplate":"https:\/\/lasentinelle.dz\/?s={search_term_string}"},"query-input":{"@type":"PropertyValueSpecification","valueRequired":true,"valueName":"search_term_string"}}],"inLanguage":"fr-FR"},{"@type":"Organization","@id":"https:\/\/lasentinelle.dz\/#organization","name":"Quotidien La Sentinelle","url":"https:\/\/lasentinelle.dz\/","logo":{"@type":"ImageObject","inLanguage":"fr-FR","@id":"https:\/\/lasentinelle.dz\/#\/schema\/logo\/image\/","url":"https:\/\/lasentinelle.dz\/wp-content\/uploads\/2021\/09\/logo-sentinelleSLOGAN-1.png","contentUrl":"https:\/\/lasentinelle.dz\/wp-content\/uploads\/2021\/09\/logo-sentinelleSLOGAN-1.png","width":615,"height":142,"caption":"Quotidien La Sentinelle"},"image":{"@id":"https:\/\/lasentinelle.dz\/#\/schema\/logo\/image\/"},"sameAs":["https:\/\/www.facebook.com\/La-Sentinelle-104059864394773"]},{"@type":"Person","@id":"https:\/\/lasentinelle.dz\/#\/schema\/person\/d865044e22e70a75174ce8bcad3acfb3","name":"La Sentinelle","image":{"@type":"ImageObject","inLanguage":"fr-FR","@id":"https:\/\/secure.gravatar.com\/avatar\/57de8e5d4b15d43fb361a71fbb36338450fe67865b528a43dd10ef7c51a20392?s=96&d=mm&r=g","url":"https:\/\/secure.gravatar.com\/avatar\/57de8e5d4b15d43fb361a71fbb36338450fe67865b528a43dd10ef7c51a20392?s=96&d=mm&r=g","contentUrl":"https:\/\/secure.gravatar.com\/avatar\/57de8e5d4b15d43fb361a71fbb36338450fe67865b528a43dd10ef7c51a20392?s=96&d=mm&r=g","caption":"La Sentinelle"},"sameAs":["http:\/\/www.lasentinelle.dz"],"url":"https:\/\/lasentinelle.dz\/author\/redaction\/"}]}},"_links":{"self":[{"href":"https:\/\/lasentinelle.dz\/index.php\/wp-json\/wp\/v2\/posts\/25309","targetHints":{"allow":["GET"]}}],"collection":[{"href":"https:\/\/lasentinelle.dz\/index.php\/wp-json\/wp\/v2\/posts"}],"about":[{"href":"https:\/\/lasentinelle.dz\/index.php\/wp-json\/wp\/v2\/types\/post"}],"author":[{"embeddable":true,"href":"https:\/\/lasentinelle.dz\/index.php\/wp-json\/wp\/v2\/users\/3"}],"replies":[{"embeddable":true,"href":"https:\/\/lasentinelle.dz\/index.php\/wp-json\/wp\/v2\/comments?post=25309"}],"version-history":[{"count":1,"href":"https:\/\/lasentinelle.dz\/index.php\/wp-json\/wp\/v2\/posts\/25309\/revisions"}],"predecessor-version":[{"id":25321,"href":"https:\/\/lasentinelle.dz\/index.php\/wp-json\/wp\/v2\/posts\/25309\/revisions\/25321"}],"wp:featuredmedia":[{"embeddable":true,"href":"https:\/\/lasentinelle.dz\/index.php\/wp-json\/wp\/v2\/media\/25320"}],"wp:attachment":[{"href":"https:\/\/lasentinelle.dz\/index.php\/wp-json\/wp\/v2\/media?parent=25309"}],"wp:term":[{"taxonomy":"category","embeddable":true,"href":"https:\/\/lasentinelle.dz\/index.php\/wp-json\/wp\/v2\/categories?post=25309"},{"taxonomy":"post_tag","embeddable":true,"href":"https:\/\/lasentinelle.dz\/index.php\/wp-json\/wp\/v2\/tags?post=25309"}],"curies":[{"name":"wp","href":"https:\/\/api.w.org\/{rel}","templated":true}]}}