{"id":25315,"date":"2022-08-07T00:08:00","date_gmt":"2022-08-06T23:08:00","guid":{"rendered":"https:\/\/lasentinelle.dz\/?p=25315"},"modified":"2022-08-06T19:50:47","modified_gmt":"2022-08-06T18:50:47","slug":"reglement-de-la-crise-malienne-lappel-du-president-tebboune-entendu-par-bamako","status":"publish","type":"post","link":"https:\/\/lasentinelle.dz\/index.php\/2022\/08\/07\/reglement-de-la-crise-malienne-lappel-du-president-tebboune-entendu-par-bamako\/","title":{"rendered":"R\u00e8glement de la crise malienne\u00a0:\u00a0L\u2019appel du\u00a0Pr\u00e9sident Tebboune entendu par Bamako"},"content":{"rendered":"\n<p>L\u2019appel lanc\u00e9, le 31 juillet dernier, par le pr\u00e9sident Abdelmadjid Tebboune aux autorit\u00e9s maliennes de transition pour reprendre, sans plus tarder, la mise en \u0153uvre de l\u2019accord pour la paix et la r\u00e9conciliation issu du processus d\u2019Alger, jalon important pour le r\u00e8glement de la crise malienne, a \u00e9t\u00e9 entendu.&nbsp;<\/p>\n\n\n\n<p>Apr\u00e8s une suspension de pr\u00e8s d\u2019une ann\u00e9e, les discussions entre le gouvernement malien et diff\u00e9rentes parties prenantes \u00e0 l\u2019accord dont les groupes arm\u00e9s du nord malien ont repris lundi dernier \u00e0 Bamako en vue de \u00abd\u00e9battre des diff\u00e9rents aspects de l\u2019accord pour parvenir \u00e0 un consensus autour de d\u00e9cisions qui concr\u00e9tiseront sa mise en \u0153uvre effective\u00bb. Parmi ces groupes, il y la Coordination des mouvements de l\u2019Azawad (CMA), une alliance de groupes touareg et nationalistes arabes du Nord cr\u00e9\u00e9e en 2014. Il s\u2019agit d\u2019un acteur incontournable dans le r\u00e8glement de la crise.<\/p>\n\n\n\n<p>Marqu\u00e9e par des d\u00e9bats francs, la rencontre de 5 jours \u00e0 laquelle a pris part le premier ministre malien Choguel Ma\u00efga s\u2019est plut\u00f4t bien d\u00e9roul\u00e9e puisqu\u2019elle a d\u00e9bouch\u00e9 jeudi sur un accord. Celui-ci porte notamment sur l\u2019int\u00e9gration dans l\u2019arm\u00e9e malienne de 26.000 ex-combattants en deux tranches avant fin 2024 et la cr\u00e9ation et l\u2019op\u00e9rationnalisation d\u2019une commission ad hoc charg\u00e9e de conduire les travaux concernant les hauts cadres civils et militaires des mouvements signataires. Le gouvernement malien a d\u00e9cid\u00e9 \u00e9galement de diligenter les r\u00e9formes politiques et institutionnelles non li\u00e9es \u00e0 la r\u00e9vision constitutionnelle.<\/p>\n\n\n\n<p>Selon des observateurs de la sc\u00e8ne malienne, la d\u00e9cision du pr\u00e9sident Assimi Go\u00efta de reprendre langue en particulier avec les repr\u00e9sentants de la Coordination des mouvements de l\u2019Azawad est de nature \u00e0 restaurer la confiance entre Bamako et les anciens groupes rebelles du septentrion malien qui ont r\u00e9cemment fait part de leurs craintes de voir le gouvernement de transition abandonner l\u2019id\u00e9e d\u2019appliquer l\u2019accord d\u2019Alger. Les deux parties n\u2019\u00e9taient pas loin du point de rupture. Lors d\u2019une r\u00e9union les 16 et 17 juillet dernier \u00e0 Kidal, les ex-rebelles de la CMA, qui contr\u00f4lent toujours cette ville du nord-est du Mali, avaient d\u2019ailleurs d\u00e9plor\u00e9 \u00abavec inqui\u00e9tude l&rsquo;abandon de la mise en \u0153uvre de l&rsquo;Accord (d&rsquo;Alger) notamment depuis l&rsquo;av\u00e8nement de la transition\u00bb. \u00ab Depuis l\u2019arriv\u00e9e des autorit\u00e9s de transition \u00e0 la t\u00eate de l\u2019\u00c9tat, il n\u2019y a pas grande chose comme mise en \u0153uvre de l\u2019accord, surtout depuis octobre, aucune r\u00e9union ne s\u2019est t\u00e9nue jusqu\u2019\u00e0 preuve du contraire. Donc, nous sommes inquiets par rapport \u00e0 son abandon\u00bb, s\u2019\u00e9tait indign\u00e9 Mohamed El Maouloud Ould Ramadane, porte-parole de la CMA.<\/p>\n\n\n\n<p>Les responsables de la CMA s\u2019\u00e9taient dits aussi suivre avec \u00ab beaucoup d&rsquo;inqui\u00e9tude la d\u00e9gradation continue de la situation socio-politique\u00bb au Mali. La&nbsp;&nbsp;coordination avait par ailleurs \u00abcondamn\u00e9 toutes les formes de violences et de terreurs exerc\u00e9es sur la population civile\u00bb, d\u00e9plorant \u00ab l&rsquo;absence d&rsquo;une r\u00e9ponse appropri\u00e9e \u00e0 cette situation dramatique\u00bb. A l\u2019issue de leur rencontre de Kidal, les responsables de la CMA avaient m\u00eame hauss\u00e9 le ton, ce qui n\u2019\u00e9tait pas du tout de bon augure. Le climat semble donc aujourd\u2019hui s\u2019\u00eatre assaini entre Bamako et les ex-groupes arm\u00e9s du Nord. Il leur reste maintenant \u00e0 aller plus avant dans la mise en \u0153uvre de l\u2019accord d\u2019Alger car la r\u00e9union de lundi ne saurait \u00e0 elle seule suffire \u00e0 r\u00e9gler la crise. Elle reste tout de m\u00eame un bon d\u00e9but.&nbsp;&nbsp;<\/p>\n\n\n\n<p>Il est \u00e0 rappeler que l\u2019accord pour la paix et la r\u00e9conciliation nationale a \u00e9t\u00e9 conclu en 2015 par le gouvernement malien et des groupes d&rsquo;ex-rebelles ind\u00e9pendantistes du nord du pays. Il pr\u00e9voit, entre autres, un processus de cantonnement des combattants des mouvements signataires en vue de leur int\u00e9gration \u00e0 la fonction publique, y compris au sein de forces arm\u00e9es, ou de leur \u00ab d\u00e9sarmement, d\u00e9mobilisation et r\u00e9insertion\u00bb (DDR) dans la vie civile. Cette int\u00e9gration doit aboutir \u00e0 une arm\u00e9e nationale restructur\u00e9e, plus repr\u00e9sentative des populations du Nord en particulier. Cette arm\u00e9e doit ensuite se red\u00e9ployer progressivement dans les principales villes du Nord sous la forme de bataillons mixtes compos\u00e9s \u00e0 ratio \u00e9gal des forces arm\u00e9es maliennes, des combattants de l&rsquo;ex-r\u00e9bellion et des groupes arm\u00e9s pro-gouvernement. Mais depuis 2015, aucune des grandes dispositions de l\u2019accord n\u2019a \u00e9t\u00e9 appliqu\u00e9e. Bamako a pr\u00e9f\u00e9r\u00e9 laisser dormir le document dans ses tiroirs. C\u2019est la raison pour laquelle de nombreux proches partenaires du Mali se sont inqui\u00e9t\u00e9s, \u00e0 commencer&nbsp;par Alger qui a beaucoup investi pour que le Mali retrouve la paix.&nbsp;&nbsp;<\/p>\n\n\n\n<p><strong>Khider Larbi<\/strong><\/p>\n","protected":false},"excerpt":{"rendered":"<p>L\u2019appel lanc\u00e9, le 31 juillet dernier, par le pr\u00e9sident Abdelmadjid Tebboune aux autorit\u00e9s maliennes de transition pour reprendre, sans plus<\/p>\n","protected":false},"author":3,"featured_media":25318,"comment_status":"open","ping_status":"closed","sticky":false,"template":"","format":"standard","meta":{"colormag_page_container_layout":"default_layout","colormag_page_sidebar_layout":"default_layout","om_disable_all_campaigns":false,"_monsterinsights_skip_tracking":false,"_monsterinsights_sitenote_active":false,"_monsterinsights_sitenote_note":"","_monsterinsights_sitenote_category":0,"footnotes":"","_wpscppro_dont_share_socialmedia":false,"_wpscppro_custom_social_share_image":0,"_facebook_share_type":"","_twitter_share_type":"","_linkedin_share_type":"","_pinterest_share_type":"","_linkedin_share_type_page":"","_instagram_share_type":"","_medium_share_type":"","_threads_share_type":"","_google_business_share_type":"","_selected_social_profile":[],"_wpsp_enable_custom_social_template":false,"_wpsp_social_scheduling":{"enabled":false,"datetime":null,"platforms":[],"status":"template_only","dateOption":"today","timeOption":"now","customDays":"","customHours":"","customDate":"","customTime":"","schedulingType":"absolute"},"_wpsp_active_default_template":true},"categories":[52,27],"tags":[],"class_list":["post-25315","post","type-post","status-publish","format-standard","has-post-thumbnail","hentry","category-a-la-une","category-actualite"],"aioseo_notices":[],"yoast_head":"<!-- This site is optimized with the Yoast SEO plugin v27.5 - https:\/\/yoast.com\/product\/yoast-seo-wordpress\/ -->\n<title>R\u00e8glement de la crise malienne\u00a0:\u00a0L\u2019appel du\u00a0Pr\u00e9sident Tebboune entendu par Bamako - La Sentinelle<\/title>\n<meta name=\"robots\" content=\"index, follow, max-snippet:-1, max-image-preview:large, max-video-preview:-1\" \/>\n<link rel=\"canonical\" href=\"https:\/\/lasentinelle.dz\/index.php\/2022\/08\/07\/reglement-de-la-crise-malienne-lappel-du-president-tebboune-entendu-par-bamako\/\" \/>\n<meta property=\"og:locale\" content=\"fr_FR\" \/>\n<meta property=\"og:type\" content=\"article\" \/>\n<meta property=\"og:title\" content=\"R\u00e8glement de la crise malienne\u00a0:\u00a0L\u2019appel du\u00a0Pr\u00e9sident Tebboune entendu par Bamako - La Sentinelle\" \/>\n<meta property=\"og:description\" content=\"L\u2019appel lanc\u00e9, le 31 juillet dernier, par le pr\u00e9sident Abdelmadjid Tebboune aux autorit\u00e9s maliennes de transition pour reprendre, sans plus\" \/>\n<meta property=\"og:url\" content=\"https:\/\/lasentinelle.dz\/index.php\/2022\/08\/07\/reglement-de-la-crise-malienne-lappel-du-president-tebboune-entendu-par-bamako\/\" \/>\n<meta property=\"og:site_name\" content=\"La Sentinelle\" \/>\n<meta property=\"article:publisher\" content=\"https:\/\/www.facebook.com\/La-Sentinelle-104059864394773\" \/>\n<meta property=\"article:published_time\" content=\"2022-08-06T23:08:00+00:00\" \/>\n<meta property=\"og:image\" content=\"https:\/\/lasentinelle.dz\/wp-content\/uploads\/2022\/08\/bamako.png\" \/>\n\t<meta property=\"og:image:width\" content=\"1200\" \/>\n\t<meta property=\"og:image:height\" content=\"900\" \/>\n\t<meta property=\"og:image:type\" content=\"image\/png\" \/>\n<meta name=\"author\" content=\"La Sentinelle\" \/>\n<meta name=\"twitter:card\" content=\"summary_large_image\" \/>\n<meta name=\"twitter:label1\" content=\"\u00c9crit par\" \/>\n\t<meta name=\"twitter:data1\" content=\"La Sentinelle\" \/>\n\t<meta name=\"twitter:label2\" content=\"Dur\u00e9e de lecture estim\u00e9e\" \/>\n\t<meta name=\"twitter:data2\" content=\"4 minutes\" \/>\n<script type=\"application\/ld+json\" class=\"yoast-schema-graph\">{\"@context\":\"https:\\\/\\\/schema.org\",\"@graph\":[{\"@type\":\"Article\",\"@id\":\"https:\\\/\\\/lasentinelle.dz\\\/index.php\\\/2022\\\/08\\\/07\\\/reglement-de-la-crise-malienne-lappel-du-president-tebboune-entendu-par-bamako\\\/#article\",\"isPartOf\":{\"@id\":\"https:\\\/\\\/lasentinelle.dz\\\/index.php\\\/2022\\\/08\\\/07\\\/reglement-de-la-crise-malienne-lappel-du-president-tebboune-entendu-par-bamako\\\/\"},\"author\":{\"name\":\"La Sentinelle\",\"@id\":\"https:\\\/\\\/lasentinelle.dz\\\/#\\\/schema\\\/person\\\/d865044e22e70a75174ce8bcad3acfb3\"},\"headline\":\"R\u00e8glement de la crise malienne\u00a0:\u00a0L\u2019appel du\u00a0Pr\u00e9sident Tebboune entendu par Bamako\",\"datePublished\":\"2022-08-06T23:08:00+00:00\",\"mainEntityOfPage\":{\"@id\":\"https:\\\/\\\/lasentinelle.dz\\\/index.php\\\/2022\\\/08\\\/07\\\/reglement-de-la-crise-malienne-lappel-du-president-tebboune-entendu-par-bamako\\\/\"},\"wordCount\":842,\"commentCount\":0,\"publisher\":{\"@id\":\"https:\\\/\\\/lasentinelle.dz\\\/#organization\"},\"image\":{\"@id\":\"https:\\\/\\\/lasentinelle.dz\\\/index.php\\\/2022\\\/08\\\/07\\\/reglement-de-la-crise-malienne-lappel-du-president-tebboune-entendu-par-bamako\\\/#primaryimage\"},\"thumbnailUrl\":\"https:\\\/\\\/lasentinelle.dz\\\/wp-content\\\/uploads\\\/2022\\\/08\\\/bamako.png\",\"articleSection\":[\"\u00c0 la Une\",\"Actualit\u00e9\"],\"inLanguage\":\"fr-FR\",\"potentialAction\":[{\"@type\":\"CommentAction\",\"name\":\"Comment\",\"target\":[\"https:\\\/\\\/lasentinelle.dz\\\/index.php\\\/2022\\\/08\\\/07\\\/reglement-de-la-crise-malienne-lappel-du-president-tebboune-entendu-par-bamako\\\/#respond\"]}]},{\"@type\":\"WebPage\",\"@id\":\"https:\\\/\\\/lasentinelle.dz\\\/index.php\\\/2022\\\/08\\\/07\\\/reglement-de-la-crise-malienne-lappel-du-president-tebboune-entendu-par-bamako\\\/\",\"url\":\"https:\\\/\\\/lasentinelle.dz\\\/index.php\\\/2022\\\/08\\\/07\\\/reglement-de-la-crise-malienne-lappel-du-president-tebboune-entendu-par-bamako\\\/\",\"name\":\"R\u00e8glement de la crise malienne\u00a0:\u00a0L\u2019appel du\u00a0Pr\u00e9sident Tebboune entendu par Bamako - La Sentinelle\",\"isPartOf\":{\"@id\":\"https:\\\/\\\/lasentinelle.dz\\\/#website\"},\"primaryImageOfPage\":{\"@id\":\"https:\\\/\\\/lasentinelle.dz\\\/index.php\\\/2022\\\/08\\\/07\\\/reglement-de-la-crise-malienne-lappel-du-president-tebboune-entendu-par-bamako\\\/#primaryimage\"},\"image\":{\"@id\":\"https:\\\/\\\/lasentinelle.dz\\\/index.php\\\/2022\\\/08\\\/07\\\/reglement-de-la-crise-malienne-lappel-du-president-tebboune-entendu-par-bamako\\\/#primaryimage\"},\"thumbnailUrl\":\"https:\\\/\\\/lasentinelle.dz\\\/wp-content\\\/uploads\\\/2022\\\/08\\\/bamako.png\",\"datePublished\":\"2022-08-06T23:08:00+00:00\",\"breadcrumb\":{\"@id\":\"https:\\\/\\\/lasentinelle.dz\\\/index.php\\\/2022\\\/08\\\/07\\\/reglement-de-la-crise-malienne-lappel-du-president-tebboune-entendu-par-bamako\\\/#breadcrumb\"},\"inLanguage\":\"fr-FR\",\"potentialAction\":[{\"@type\":\"ReadAction\",\"target\":[\"https:\\\/\\\/lasentinelle.dz\\\/index.php\\\/2022\\\/08\\\/07\\\/reglement-de-la-crise-malienne-lappel-du-president-tebboune-entendu-par-bamako\\\/\"]}]},{\"@type\":\"ImageObject\",\"inLanguage\":\"fr-FR\",\"@id\":\"https:\\\/\\\/lasentinelle.dz\\\/index.php\\\/2022\\\/08\\\/07\\\/reglement-de-la-crise-malienne-lappel-du-president-tebboune-entendu-par-bamako\\\/#primaryimage\",\"url\":\"https:\\\/\\\/lasentinelle.dz\\\/wp-content\\\/uploads\\\/2022\\\/08\\\/bamako.png\",\"contentUrl\":\"https:\\\/\\\/lasentinelle.dz\\\/wp-content\\\/uploads\\\/2022\\\/08\\\/bamako.png\",\"width\":1200,\"height\":900},{\"@type\":\"BreadcrumbList\",\"@id\":\"https:\\\/\\\/lasentinelle.dz\\\/index.php\\\/2022\\\/08\\\/07\\\/reglement-de-la-crise-malienne-lappel-du-president-tebboune-entendu-par-bamako\\\/#breadcrumb\",\"itemListElement\":[{\"@type\":\"ListItem\",\"position\":1,\"name\":\"Accueil\",\"item\":\"https:\\\/\\\/lasentinelle.dz\\\/\"},{\"@type\":\"ListItem\",\"position\":2,\"name\":\"R\u00e8glement de la crise malienne\u00a0:\u00a0L\u2019appel du\u00a0Pr\u00e9sident Tebboune entendu par Bamako\"}]},{\"@type\":\"WebSite\",\"@id\":\"https:\\\/\\\/lasentinelle.dz\\\/#website\",\"url\":\"https:\\\/\\\/lasentinelle.dz\\\/\",\"name\":\"La Sentinelle\",\"description\":\"Quotidien national d&#039;information\",\"publisher\":{\"@id\":\"https:\\\/\\\/lasentinelle.dz\\\/#organization\"},\"potentialAction\":[{\"@type\":\"SearchAction\",\"target\":{\"@type\":\"EntryPoint\",\"urlTemplate\":\"https:\\\/\\\/lasentinelle.dz\\\/?s={search_term_string}\"},\"query-input\":{\"@type\":\"PropertyValueSpecification\",\"valueRequired\":true,\"valueName\":\"search_term_string\"}}],\"inLanguage\":\"fr-FR\"},{\"@type\":\"Organization\",\"@id\":\"https:\\\/\\\/lasentinelle.dz\\\/#organization\",\"name\":\"Quotidien La Sentinelle\",\"url\":\"https:\\\/\\\/lasentinelle.dz\\\/\",\"logo\":{\"@type\":\"ImageObject\",\"inLanguage\":\"fr-FR\",\"@id\":\"https:\\\/\\\/lasentinelle.dz\\\/#\\\/schema\\\/logo\\\/image\\\/\",\"url\":\"https:\\\/\\\/lasentinelle.dz\\\/wp-content\\\/uploads\\\/2021\\\/09\\\/logo-sentinelleSLOGAN-1.png\",\"contentUrl\":\"https:\\\/\\\/lasentinelle.dz\\\/wp-content\\\/uploads\\\/2021\\\/09\\\/logo-sentinelleSLOGAN-1.png\",\"width\":615,\"height\":142,\"caption\":\"Quotidien La Sentinelle\"},\"image\":{\"@id\":\"https:\\\/\\\/lasentinelle.dz\\\/#\\\/schema\\\/logo\\\/image\\\/\"},\"sameAs\":[\"https:\\\/\\\/www.facebook.com\\\/La-Sentinelle-104059864394773\"]},{\"@type\":\"Person\",\"@id\":\"https:\\\/\\\/lasentinelle.dz\\\/#\\\/schema\\\/person\\\/d865044e22e70a75174ce8bcad3acfb3\",\"name\":\"La Sentinelle\",\"image\":{\"@type\":\"ImageObject\",\"inLanguage\":\"fr-FR\",\"@id\":\"https:\\\/\\\/secure.gravatar.com\\\/avatar\\\/57de8e5d4b15d43fb361a71fbb36338450fe67865b528a43dd10ef7c51a20392?s=96&d=mm&r=g\",\"url\":\"https:\\\/\\\/secure.gravatar.com\\\/avatar\\\/57de8e5d4b15d43fb361a71fbb36338450fe67865b528a43dd10ef7c51a20392?s=96&d=mm&r=g\",\"contentUrl\":\"https:\\\/\\\/secure.gravatar.com\\\/avatar\\\/57de8e5d4b15d43fb361a71fbb36338450fe67865b528a43dd10ef7c51a20392?s=96&d=mm&r=g\",\"caption\":\"La Sentinelle\"},\"sameAs\":[\"http:\\\/\\\/www.lasentinelle.dz\"],\"url\":\"https:\\\/\\\/lasentinelle.dz\\\/author\\\/redaction\\\/\"}]}<\/script>\n<!-- \/ Yoast SEO plugin. -->","yoast_head_json":{"title":"R\u00e8glement de la crise malienne\u00a0:\u00a0L\u2019appel du\u00a0Pr\u00e9sident Tebboune entendu par Bamako - La Sentinelle","robots":{"index":"index","follow":"follow","max-snippet":"max-snippet:-1","max-image-preview":"max-image-preview:large","max-video-preview":"max-video-preview:-1"},"canonical":"https:\/\/lasentinelle.dz\/index.php\/2022\/08\/07\/reglement-de-la-crise-malienne-lappel-du-president-tebboune-entendu-par-bamako\/","og_locale":"fr_FR","og_type":"article","og_title":"R\u00e8glement de la crise malienne\u00a0:\u00a0L\u2019appel du\u00a0Pr\u00e9sident Tebboune entendu par Bamako - La Sentinelle","og_description":"L\u2019appel lanc\u00e9, le 31 juillet dernier, par le pr\u00e9sident Abdelmadjid Tebboune aux autorit\u00e9s maliennes de transition pour reprendre, sans plus","og_url":"https:\/\/lasentinelle.dz\/index.php\/2022\/08\/07\/reglement-de-la-crise-malienne-lappel-du-president-tebboune-entendu-par-bamako\/","og_site_name":"La Sentinelle","article_publisher":"https:\/\/www.facebook.com\/La-Sentinelle-104059864394773","article_published_time":"2022-08-06T23:08:00+00:00","og_image":[{"width":1200,"height":900,"url":"https:\/\/lasentinelle.dz\/wp-content\/uploads\/2022\/08\/bamako.png","type":"image\/png"}],"author":"La Sentinelle","twitter_card":"summary_large_image","twitter_misc":{"\u00c9crit par":"La Sentinelle","Dur\u00e9e de lecture estim\u00e9e":"4 minutes"},"schema":{"@context":"https:\/\/schema.org","@graph":[{"@type":"Article","@id":"https:\/\/lasentinelle.dz\/index.php\/2022\/08\/07\/reglement-de-la-crise-malienne-lappel-du-president-tebboune-entendu-par-bamako\/#article","isPartOf":{"@id":"https:\/\/lasentinelle.dz\/index.php\/2022\/08\/07\/reglement-de-la-crise-malienne-lappel-du-president-tebboune-entendu-par-bamako\/"},"author":{"name":"La Sentinelle","@id":"https:\/\/lasentinelle.dz\/#\/schema\/person\/d865044e22e70a75174ce8bcad3acfb3"},"headline":"R\u00e8glement de la crise malienne\u00a0:\u00a0L\u2019appel du\u00a0Pr\u00e9sident Tebboune entendu par Bamako","datePublished":"2022-08-06T23:08:00+00:00","mainEntityOfPage":{"@id":"https:\/\/lasentinelle.dz\/index.php\/2022\/08\/07\/reglement-de-la-crise-malienne-lappel-du-president-tebboune-entendu-par-bamako\/"},"wordCount":842,"commentCount":0,"publisher":{"@id":"https:\/\/lasentinelle.dz\/#organization"},"image":{"@id":"https:\/\/lasentinelle.dz\/index.php\/2022\/08\/07\/reglement-de-la-crise-malienne-lappel-du-president-tebboune-entendu-par-bamako\/#primaryimage"},"thumbnailUrl":"https:\/\/lasentinelle.dz\/wp-content\/uploads\/2022\/08\/bamako.png","articleSection":["\u00c0 la Une","Actualit\u00e9"],"inLanguage":"fr-FR","potentialAction":[{"@type":"CommentAction","name":"Comment","target":["https:\/\/lasentinelle.dz\/index.php\/2022\/08\/07\/reglement-de-la-crise-malienne-lappel-du-president-tebboune-entendu-par-bamako\/#respond"]}]},{"@type":"WebPage","@id":"https:\/\/lasentinelle.dz\/index.php\/2022\/08\/07\/reglement-de-la-crise-malienne-lappel-du-president-tebboune-entendu-par-bamako\/","url":"https:\/\/lasentinelle.dz\/index.php\/2022\/08\/07\/reglement-de-la-crise-malienne-lappel-du-president-tebboune-entendu-par-bamako\/","name":"R\u00e8glement de la crise malienne\u00a0:\u00a0L\u2019appel du\u00a0Pr\u00e9sident Tebboune entendu par Bamako - La Sentinelle","isPartOf":{"@id":"https:\/\/lasentinelle.dz\/#website"},"primaryImageOfPage":{"@id":"https:\/\/lasentinelle.dz\/index.php\/2022\/08\/07\/reglement-de-la-crise-malienne-lappel-du-president-tebboune-entendu-par-bamako\/#primaryimage"},"image":{"@id":"https:\/\/lasentinelle.dz\/index.php\/2022\/08\/07\/reglement-de-la-crise-malienne-lappel-du-president-tebboune-entendu-par-bamako\/#primaryimage"},"thumbnailUrl":"https:\/\/lasentinelle.dz\/wp-content\/uploads\/2022\/08\/bamako.png","datePublished":"2022-08-06T23:08:00+00:00","breadcrumb":{"@id":"https:\/\/lasentinelle.dz\/index.php\/2022\/08\/07\/reglement-de-la-crise-malienne-lappel-du-president-tebboune-entendu-par-bamako\/#breadcrumb"},"inLanguage":"fr-FR","potentialAction":[{"@type":"ReadAction","target":["https:\/\/lasentinelle.dz\/index.php\/2022\/08\/07\/reglement-de-la-crise-malienne-lappel-du-president-tebboune-entendu-par-bamako\/"]}]},{"@type":"ImageObject","inLanguage":"fr-FR","@id":"https:\/\/lasentinelle.dz\/index.php\/2022\/08\/07\/reglement-de-la-crise-malienne-lappel-du-president-tebboune-entendu-par-bamako\/#primaryimage","url":"https:\/\/lasentinelle.dz\/wp-content\/uploads\/2022\/08\/bamako.png","contentUrl":"https:\/\/lasentinelle.dz\/wp-content\/uploads\/2022\/08\/bamako.png","width":1200,"height":900},{"@type":"BreadcrumbList","@id":"https:\/\/lasentinelle.dz\/index.php\/2022\/08\/07\/reglement-de-la-crise-malienne-lappel-du-president-tebboune-entendu-par-bamako\/#breadcrumb","itemListElement":[{"@type":"ListItem","position":1,"name":"Accueil","item":"https:\/\/lasentinelle.dz\/"},{"@type":"ListItem","position":2,"name":"R\u00e8glement de la crise malienne\u00a0:\u00a0L\u2019appel du\u00a0Pr\u00e9sident Tebboune entendu par Bamako"}]},{"@type":"WebSite","@id":"https:\/\/lasentinelle.dz\/#website","url":"https:\/\/lasentinelle.dz\/","name":"La Sentinelle","description":"Quotidien national d&#039;information","publisher":{"@id":"https:\/\/lasentinelle.dz\/#organization"},"potentialAction":[{"@type":"SearchAction","target":{"@type":"EntryPoint","urlTemplate":"https:\/\/lasentinelle.dz\/?s={search_term_string}"},"query-input":{"@type":"PropertyValueSpecification","valueRequired":true,"valueName":"search_term_string"}}],"inLanguage":"fr-FR"},{"@type":"Organization","@id":"https:\/\/lasentinelle.dz\/#organization","name":"Quotidien La Sentinelle","url":"https:\/\/lasentinelle.dz\/","logo":{"@type":"ImageObject","inLanguage":"fr-FR","@id":"https:\/\/lasentinelle.dz\/#\/schema\/logo\/image\/","url":"https:\/\/lasentinelle.dz\/wp-content\/uploads\/2021\/09\/logo-sentinelleSLOGAN-1.png","contentUrl":"https:\/\/lasentinelle.dz\/wp-content\/uploads\/2021\/09\/logo-sentinelleSLOGAN-1.png","width":615,"height":142,"caption":"Quotidien La Sentinelle"},"image":{"@id":"https:\/\/lasentinelle.dz\/#\/schema\/logo\/image\/"},"sameAs":["https:\/\/www.facebook.com\/La-Sentinelle-104059864394773"]},{"@type":"Person","@id":"https:\/\/lasentinelle.dz\/#\/schema\/person\/d865044e22e70a75174ce8bcad3acfb3","name":"La Sentinelle","image":{"@type":"ImageObject","inLanguage":"fr-FR","@id":"https:\/\/secure.gravatar.com\/avatar\/57de8e5d4b15d43fb361a71fbb36338450fe67865b528a43dd10ef7c51a20392?s=96&d=mm&r=g","url":"https:\/\/secure.gravatar.com\/avatar\/57de8e5d4b15d43fb361a71fbb36338450fe67865b528a43dd10ef7c51a20392?s=96&d=mm&r=g","contentUrl":"https:\/\/secure.gravatar.com\/avatar\/57de8e5d4b15d43fb361a71fbb36338450fe67865b528a43dd10ef7c51a20392?s=96&d=mm&r=g","caption":"La Sentinelle"},"sameAs":["http:\/\/www.lasentinelle.dz"],"url":"https:\/\/lasentinelle.dz\/author\/redaction\/"}]}},"_links":{"self":[{"href":"https:\/\/lasentinelle.dz\/index.php\/wp-json\/wp\/v2\/posts\/25315","targetHints":{"allow":["GET"]}}],"collection":[{"href":"https:\/\/lasentinelle.dz\/index.php\/wp-json\/wp\/v2\/posts"}],"about":[{"href":"https:\/\/lasentinelle.dz\/index.php\/wp-json\/wp\/v2\/types\/post"}],"author":[{"embeddable":true,"href":"https:\/\/lasentinelle.dz\/index.php\/wp-json\/wp\/v2\/users\/3"}],"replies":[{"embeddable":true,"href":"https:\/\/lasentinelle.dz\/index.php\/wp-json\/wp\/v2\/comments?post=25315"}],"version-history":[{"count":1,"href":"https:\/\/lasentinelle.dz\/index.php\/wp-json\/wp\/v2\/posts\/25315\/revisions"}],"predecessor-version":[{"id":25319,"href":"https:\/\/lasentinelle.dz\/index.php\/wp-json\/wp\/v2\/posts\/25315\/revisions\/25319"}],"wp:featuredmedia":[{"embeddable":true,"href":"https:\/\/lasentinelle.dz\/index.php\/wp-json\/wp\/v2\/media\/25318"}],"wp:attachment":[{"href":"https:\/\/lasentinelle.dz\/index.php\/wp-json\/wp\/v2\/media?parent=25315"}],"wp:term":[{"taxonomy":"category","embeddable":true,"href":"https:\/\/lasentinelle.dz\/index.php\/wp-json\/wp\/v2\/categories?post=25315"},{"taxonomy":"post_tag","embeddable":true,"href":"https:\/\/lasentinelle.dz\/index.php\/wp-json\/wp\/v2\/tags?post=25315"}],"curies":[{"name":"wp","href":"https:\/\/api.w.org\/{rel}","templated":true}]}}