{"id":25323,"date":"2022-08-07T00:12:00","date_gmt":"2022-08-06T23:12:00","guid":{"rendered":"https:\/\/lasentinelle.dz\/?p=25323"},"modified":"2022-08-06T20:04:49","modified_gmt":"2022-08-06T19:04:49","slug":"lalgerie-ciblee-par-une-campagne-destinee-a-ternir-son-image-le-jeu-trouble-de-loccident","status":"publish","type":"post","link":"https:\/\/lasentinelle.dz\/index.php\/2022\/08\/07\/lalgerie-ciblee-par-une-campagne-destinee-a-ternir-son-image-le-jeu-trouble-de-loccident\/","title":{"rendered":"L\u2019Alg\u00e9rie cibl\u00e9e par une campagne destin\u00e9e \u00e0 ternir son image\u00a0:\u00a0Le jeu trouble de l\u2019Occident"},"content":{"rendered":"\n<p>Une campagne de d\u00e9nigrement cible l\u2019Alg\u00e9rie. Peu apr\u00e8s la publication d\u2019une note par la diplomatie fran\u00e7aise classant l\u2019Alg\u00e9rie pays o\u00f9 les conditions seraient particuli\u00e8rement \u00ab rigoureuses \u00bb et dangereuses, c\u2019est autour du gouvernement du Canada de lui emboiter le pas.&nbsp;<\/p>\n\n\n\n<p>Quelle mouche a donc piqu\u00e9 le gouvernement de Justin Trudeau ? Dans une r\u00e9cente note destin\u00e9e aux voyageurs, le gouvernement canadien dresse un tableau plus qu\u2019assombri de la situation qui pr\u00e9vaudrait en Alg\u00e9rie. Un tableau qui ne ressemble en rien aux conditions r\u00e9elles en cours et qui d\u00e9peint l\u2019Alg\u00e9rie comme un pays min\u00e9 par les risques d\u2019ins\u00e9curit\u00e9 li\u00e9s au terrorisme, au banditisme, aux enl\u00e8vements et \u00e0 la violence contre les femmes. Un pays qui serait l\u2019otage de l\u2019instabilit\u00e9 et de la contestation politiques, continue la note qui averti que notre pays ne disposerait pas d\u2019infrastructures de qualit\u00e9 et qui serait expos\u00e9 aux risques de maladies aujourd\u2019hui disparues chez nous \u00e0 l\u2019image de la Typho\u00efde et du Chol\u00e9ra, \u00e0 la fi\u00e8vre Jaune, l\u2019h\u00e9patite A et B ainsi que la rage. La liste des recommandations est longue. Le pays de l\u2019Erable ne cite aucune qualit\u00e9 de vie et encore moins la paix qui y r\u00e8gne. Pourtant, le personnel de la repr\u00e9sentation diplomatique du Canada&nbsp;&nbsp;\u00e0 Alger est loin de souffrir le martyr.<\/p>\n\n\n\n<p>&nbsp;\u00ab Faites preuve d\u2019une grande prudence en Alg\u00e9rie en raison des risques de troubles civils et de terrorisme \u00bb. C\u2019est en ces termes que le Canada d\u00e9conseille bizarrement l\u2019Alg\u00e9rie \u00e0 ses ressortissants o\u00f9 il existerait selon une note du gouvernement canadien, \u00ab des actes terroristes, des enl\u00e8vements, des r\u00e9voltes \u00bb un peu partout \u00e0 travers le territoire.&nbsp;<\/p>\n\n\n\n<p>Le document mis \u00e0 jour le 3 ao\u00fbt en cours \u00e9voque des attentats et des risques d\u2019enl\u00e8vement et \u00e9voque m\u00eame des risques d\u2019attaques contre les installations p\u00e9troli\u00e8res et gazi\u00e8res en ne se r\u00e9f\u00e9rant qu\u2019au seul drame de Tinguentourine qui remonte d\u00e9j\u00e0 \u00e0 neuf ans, o\u00f9 \u00e0 un ou deux enl\u00e8vements isol\u00e9s qui datent de plusieurs ann\u00e9es. \u00ab \u00c9vitez tout voyage dans les wilayas (provinces) de : Adrar, El Oued, Illizi, Ouargla, Tamanrasset, T\u00e9bessa et Tindouf. Des groupes arm\u00e9s y sont actifs. Il existe aussi dans ces r\u00e9gions des menaces de terrorisme, de banditisme et d\u2019enl\u00e8vement \u00bb avertit le document qui, en sommes, concerne tout le territoire alg\u00e9rien et notamment le Sud. Il aggrave \u00e9galement sciemment les risques d\u2019exposition \u00e0 des actes criminels dans notre pays, alors qu\u2019ils sont minimis\u00e9s pour d\u2019autres pays o\u00f9 les r\u00e9seaux criminels ont une r\u00e9elle emprise. Pis encore, le document de voyage en question liste les wilayas o\u00f9 les risques seraient les plus \u00e9lev\u00e9s d\u2019apr\u00e8s une \u00e9valuation qui ne prend en compte aucun crit\u00e8re objectif, et encore moins la nette am\u00e9lioration de la situation s\u00e9curitaire dans notre pays au cours de la derni\u00e8re d\u00e9cennie, pour ne pas dire au cours des deux derni\u00e8res d\u00e9cennies et ce, en d\u00e9pit du fait qu\u2019une ambassade est \u00e9tablie ici en Alg\u00e9rie pour repr\u00e9senter le Canada et que celle-ci aurait pu rectifier cette vision d\u00e9form\u00e9e de l\u2019Alg\u00e9rie et qu\u2019on continue \u00e0 entretenir.<\/p>\n\n\n\n<p>Le plus \u00e9trange est que dans cette liste, le gouvernement du Canada \u00e9voque des risques terroristes dans des zones de haute s\u00e9curit\u00e9 au regard des investissements strat\u00e9giques qui y sont consentis ou qui y sont projet\u00e9s. C\u2019est le cas des wilayas de Ouargla, d\u2019Illizi et de Laghouat qui comptent les bassins p\u00e9troliers et gaziers de Hassi Messaoud, de Berkine et de Hassi R\u2019mel. Les autorit\u00e9s canadiennes citent \u00e9trangement les wilayas de B\u00e9char et de Tindouf, impliqu\u00e9es dans le projet de d\u00e9veloppement des mines de fer de Ghar Djebilet, dans la wilaya de Tindouf. T\u00e9bessa et Souk Ahras qui sont en passe de devenir un p\u00f4le min\u00e9ralier majeur en Alg\u00e9rie gr\u00e2ce au d\u00e9veloppement des mines de l\u2019Ouanza et de Boukhadra, ainsi que du projet Phosphate int\u00e9gr\u00e9 sont \u00e9galement cit\u00e9es dans cette note. Des wilayas au fort potentiel agricole comme Biskra et El Bayadh sont \u00e9galement cit\u00e9es comme \u00e9tant expos\u00e9es au terrorisme, alors que celles-ci ne sont pas affect\u00e9es par le ph\u00e9nom\u00e8ne ! On croit r\u00eaver. M\u00eame constat pour les wilayas c\u00f4ti\u00e8res qui misent sur leur potentiel pour d\u00e9velopper le tourisme baln\u00e9aire et de montagne, \u00e0 l\u2019image d\u2019Annaba, El Tarf, Skikda, Jijel, ou encore en Kabylie, o\u00f9 la situation s\u00e9curitaire a plus qu\u2019\u00e9volu\u00e9 depuis les ann\u00e9es 1990. D\u2019ailleurs les blogs de voyage publi\u00e9s sur les r\u00e9seaux sociaux ont r\u00e9ussi \u00e0 casser certains mythes \u00e0 ce propos et que le gouvernement du Canada semble chercher encore \u00e0 entretenir.&nbsp;<\/p>\n\n\n\n<p>Des arguments qui d\u00e9coulent d\u2019une intension manifeste de nuire d\u2019autant qu\u2019elle semble s\u2019inscrire dans un tir group\u00e9 dont la cible est l\u2019Alg\u00e9rie. Une Alg\u00e9rie qui a entrepris une campagne pour briser les id\u00e9es re\u00e7ues \u00e0 son propos et qui a d\u00e9montr\u00e9 tout son potentiel \u00e9conomique et touristique notamment \u00e0 travers l\u2019organisation des Jeux m\u00e9diterran\u00e9ens.&nbsp;<\/p>\n\n\n\n<p>Une interrogation s\u2019impose alors : \u00c0 quoi peut bien rimer le jeu de Paris et d\u2019Ottawa ? Il est clair que l\u2019Alg\u00e9rie d\u00e9range au plus haut point et cette campagne poursuit l\u2019objectif vain de contrarier les ambitions de notre pays qui pr\u00e9tend \u00e0 une place de choix sur l\u2019\u00e9chiquier g\u00e9opolitique. L\u2019annonce, par le pr\u00e9sident de la R\u00e9publique la semaine derni\u00e8re, du souhait de l\u2019Alg\u00e9rie de rejoindre le groupe des BRICS n\u2019a pas du tout \u00e9t\u00e9 prise&nbsp;\u00e0 la l\u00e9g\u00e8re en Europe, o\u00f9 la question a suscit\u00e9 le d\u00e9bat au sein des m\u00e9dias. Et une certaine inqui\u00e9tude commence \u00e0 transpara\u00eetre quant \u00e0 la possibilit\u00e9 de voir une Alg\u00e9rie qui a toujours assum\u00e9 des positions souverainistes de principe quant au processus de d\u00e9colonisation en Afrique, de panafricanisme, de respect de l\u2019int\u00e9grit\u00e9 territorial des \u00c9tats et de s\u00e9curit\u00e9 internationale, devenir un pays avec lequel il faudra d\u00e9sormais compter.&nbsp;<\/p>\n\n\n\n<p><strong>Chokri Hafed<\/strong><\/p>\n","protected":false},"excerpt":{"rendered":"<p>Une campagne de d\u00e9nigrement cible l\u2019Alg\u00e9rie. Peu apr\u00e8s la publication d\u2019une note par la diplomatie fran\u00e7aise classant l\u2019Alg\u00e9rie pays o\u00f9<\/p>\n","protected":false},"author":3,"featured_media":25327,"comment_status":"open","ping_status":"closed","sticky":false,"template":"","format":"standard","meta":{"colormag_page_container_layout":"default_layout","colormag_page_sidebar_layout":"default_layout","om_disable_all_campaigns":false,"_monsterinsights_skip_tracking":false,"_monsterinsights_sitenote_active":false,"_monsterinsights_sitenote_note":"","_monsterinsights_sitenote_category":0,"footnotes":"","_wpscppro_dont_share_socialmedia":false,"_wpscppro_custom_social_share_image":0,"_facebook_share_type":"","_twitter_share_type":"","_linkedin_share_type":"","_pinterest_share_type":"","_linkedin_share_type_page":"","_instagram_share_type":"","_medium_share_type":"","_threads_share_type":"","_google_business_share_type":"","_selected_social_profile":[],"_wpsp_enable_custom_social_template":false,"_wpsp_social_scheduling":{"enabled":false,"datetime":null,"platforms":[],"status":"template_only","dateOption":"today","timeOption":"now","customDays":"","customHours":"","customDate":"","customTime":"","schedulingType":"absolute"},"_wpsp_active_default_template":true},"categories":[52,27],"tags":[],"class_list":["post-25323","post","type-post","status-publish","format-standard","has-post-thumbnail","hentry","category-a-la-une","category-actualite"],"aioseo_notices":[],"yoast_head":"<!-- This site is optimized with the Yoast SEO plugin v27.4 - https:\/\/yoast.com\/product\/yoast-seo-wordpress\/ -->\n<title>L\u2019Alg\u00e9rie cibl\u00e9e par une campagne destin\u00e9e \u00e0 ternir son image\u00a0:\u00a0Le jeu trouble de l\u2019Occident - La Sentinelle<\/title>\n<meta name=\"robots\" content=\"index, follow, max-snippet:-1, max-image-preview:large, max-video-preview:-1\" \/>\n<link rel=\"canonical\" href=\"https:\/\/lasentinelle.dz\/index.php\/2022\/08\/07\/lalgerie-ciblee-par-une-campagne-destinee-a-ternir-son-image-le-jeu-trouble-de-loccident\/\" \/>\n<meta property=\"og:locale\" content=\"fr_FR\" \/>\n<meta property=\"og:type\" content=\"article\" \/>\n<meta property=\"og:title\" content=\"L\u2019Alg\u00e9rie cibl\u00e9e par une campagne destin\u00e9e \u00e0 ternir son image\u00a0:\u00a0Le jeu trouble de l\u2019Occident - La Sentinelle\" \/>\n<meta property=\"og:description\" content=\"Une campagne de d\u00e9nigrement cible l\u2019Alg\u00e9rie. Peu apr\u00e8s la publication d\u2019une note par la diplomatie fran\u00e7aise classant l\u2019Alg\u00e9rie pays o\u00f9\" \/>\n<meta property=\"og:url\" content=\"https:\/\/lasentinelle.dz\/index.php\/2022\/08\/07\/lalgerie-ciblee-par-une-campagne-destinee-a-ternir-son-image-le-jeu-trouble-de-loccident\/\" \/>\n<meta property=\"og:site_name\" content=\"La Sentinelle\" \/>\n<meta property=\"article:publisher\" content=\"https:\/\/www.facebook.com\/La-Sentinelle-104059864394773\" \/>\n<meta property=\"article:published_time\" content=\"2022-08-06T23:12:00+00:00\" \/>\n<meta property=\"og:image\" content=\"https:\/\/lasentinelle.dz\/wp-content\/uploads\/2022\/08\/trudeau-macron.png\" \/>\n\t<meta property=\"og:image:width\" content=\"1800\" \/>\n\t<meta property=\"og:image:height\" content=\"900\" \/>\n\t<meta property=\"og:image:type\" content=\"image\/png\" \/>\n<meta name=\"author\" content=\"La Sentinelle\" \/>\n<meta name=\"twitter:card\" content=\"summary_large_image\" \/>\n<meta name=\"twitter:label1\" content=\"\u00c9crit par\" \/>\n\t<meta name=\"twitter:data1\" content=\"La Sentinelle\" \/>\n\t<meta name=\"twitter:label2\" content=\"Dur\u00e9e de lecture estim\u00e9e\" \/>\n\t<meta name=\"twitter:data2\" content=\"5 minutes\" \/>\n<script type=\"application\/ld+json\" class=\"yoast-schema-graph\">{\"@context\":\"https:\\\/\\\/schema.org\",\"@graph\":[{\"@type\":\"Article\",\"@id\":\"https:\\\/\\\/lasentinelle.dz\\\/index.php\\\/2022\\\/08\\\/07\\\/lalgerie-ciblee-par-une-campagne-destinee-a-ternir-son-image-le-jeu-trouble-de-loccident\\\/#article\",\"isPartOf\":{\"@id\":\"https:\\\/\\\/lasentinelle.dz\\\/index.php\\\/2022\\\/08\\\/07\\\/lalgerie-ciblee-par-une-campagne-destinee-a-ternir-son-image-le-jeu-trouble-de-loccident\\\/\"},\"author\":{\"name\":\"La Sentinelle\",\"@id\":\"https:\\\/\\\/lasentinelle.dz\\\/#\\\/schema\\\/person\\\/d865044e22e70a75174ce8bcad3acfb3\"},\"headline\":\"L\u2019Alg\u00e9rie cibl\u00e9e par une campagne destin\u00e9e \u00e0 ternir son image\u00a0:\u00a0Le jeu trouble de l\u2019Occident\",\"datePublished\":\"2022-08-06T23:12:00+00:00\",\"mainEntityOfPage\":{\"@id\":\"https:\\\/\\\/lasentinelle.dz\\\/index.php\\\/2022\\\/08\\\/07\\\/lalgerie-ciblee-par-une-campagne-destinee-a-ternir-son-image-le-jeu-trouble-de-loccident\\\/\"},\"wordCount\":1097,\"commentCount\":0,\"publisher\":{\"@id\":\"https:\\\/\\\/lasentinelle.dz\\\/#organization\"},\"image\":{\"@id\":\"https:\\\/\\\/lasentinelle.dz\\\/index.php\\\/2022\\\/08\\\/07\\\/lalgerie-ciblee-par-une-campagne-destinee-a-ternir-son-image-le-jeu-trouble-de-loccident\\\/#primaryimage\"},\"thumbnailUrl\":\"https:\\\/\\\/lasentinelle.dz\\\/wp-content\\\/uploads\\\/2022\\\/08\\\/trudeau-macron.png\",\"articleSection\":[\"\u00c0 la Une\",\"Actualit\u00e9\"],\"inLanguage\":\"fr-FR\",\"potentialAction\":[{\"@type\":\"CommentAction\",\"name\":\"Comment\",\"target\":[\"https:\\\/\\\/lasentinelle.dz\\\/index.php\\\/2022\\\/08\\\/07\\\/lalgerie-ciblee-par-une-campagne-destinee-a-ternir-son-image-le-jeu-trouble-de-loccident\\\/#respond\"]}]},{\"@type\":\"WebPage\",\"@id\":\"https:\\\/\\\/lasentinelle.dz\\\/index.php\\\/2022\\\/08\\\/07\\\/lalgerie-ciblee-par-une-campagne-destinee-a-ternir-son-image-le-jeu-trouble-de-loccident\\\/\",\"url\":\"https:\\\/\\\/lasentinelle.dz\\\/index.php\\\/2022\\\/08\\\/07\\\/lalgerie-ciblee-par-une-campagne-destinee-a-ternir-son-image-le-jeu-trouble-de-loccident\\\/\",\"name\":\"L\u2019Alg\u00e9rie cibl\u00e9e par une campagne destin\u00e9e \u00e0 ternir son image\u00a0:\u00a0Le jeu trouble de l\u2019Occident - La Sentinelle\",\"isPartOf\":{\"@id\":\"https:\\\/\\\/lasentinelle.dz\\\/#website\"},\"primaryImageOfPage\":{\"@id\":\"https:\\\/\\\/lasentinelle.dz\\\/index.php\\\/2022\\\/08\\\/07\\\/lalgerie-ciblee-par-une-campagne-destinee-a-ternir-son-image-le-jeu-trouble-de-loccident\\\/#primaryimage\"},\"image\":{\"@id\":\"https:\\\/\\\/lasentinelle.dz\\\/index.php\\\/2022\\\/08\\\/07\\\/lalgerie-ciblee-par-une-campagne-destinee-a-ternir-son-image-le-jeu-trouble-de-loccident\\\/#primaryimage\"},\"thumbnailUrl\":\"https:\\\/\\\/lasentinelle.dz\\\/wp-content\\\/uploads\\\/2022\\\/08\\\/trudeau-macron.png\",\"datePublished\":\"2022-08-06T23:12:00+00:00\",\"breadcrumb\":{\"@id\":\"https:\\\/\\\/lasentinelle.dz\\\/index.php\\\/2022\\\/08\\\/07\\\/lalgerie-ciblee-par-une-campagne-destinee-a-ternir-son-image-le-jeu-trouble-de-loccident\\\/#breadcrumb\"},\"inLanguage\":\"fr-FR\",\"potentialAction\":[{\"@type\":\"ReadAction\",\"target\":[\"https:\\\/\\\/lasentinelle.dz\\\/index.php\\\/2022\\\/08\\\/07\\\/lalgerie-ciblee-par-une-campagne-destinee-a-ternir-son-image-le-jeu-trouble-de-loccident\\\/\"]}]},{\"@type\":\"ImageObject\",\"inLanguage\":\"fr-FR\",\"@id\":\"https:\\\/\\\/lasentinelle.dz\\\/index.php\\\/2022\\\/08\\\/07\\\/lalgerie-ciblee-par-une-campagne-destinee-a-ternir-son-image-le-jeu-trouble-de-loccident\\\/#primaryimage\",\"url\":\"https:\\\/\\\/lasentinelle.dz\\\/wp-content\\\/uploads\\\/2022\\\/08\\\/trudeau-macron.png\",\"contentUrl\":\"https:\\\/\\\/lasentinelle.dz\\\/wp-content\\\/uploads\\\/2022\\\/08\\\/trudeau-macron.png\",\"width\":1800,\"height\":900},{\"@type\":\"BreadcrumbList\",\"@id\":\"https:\\\/\\\/lasentinelle.dz\\\/index.php\\\/2022\\\/08\\\/07\\\/lalgerie-ciblee-par-une-campagne-destinee-a-ternir-son-image-le-jeu-trouble-de-loccident\\\/#breadcrumb\",\"itemListElement\":[{\"@type\":\"ListItem\",\"position\":1,\"name\":\"Accueil\",\"item\":\"https:\\\/\\\/lasentinelle.dz\\\/\"},{\"@type\":\"ListItem\",\"position\":2,\"name\":\"L\u2019Alg\u00e9rie cibl\u00e9e par une campagne destin\u00e9e \u00e0 ternir son image\u00a0:\u00a0Le jeu trouble de l\u2019Occident\"}]},{\"@type\":\"WebSite\",\"@id\":\"https:\\\/\\\/lasentinelle.dz\\\/#website\",\"url\":\"https:\\\/\\\/lasentinelle.dz\\\/\",\"name\":\"La Sentinelle\",\"description\":\"Quotidien national d&#039;information\",\"publisher\":{\"@id\":\"https:\\\/\\\/lasentinelle.dz\\\/#organization\"},\"potentialAction\":[{\"@type\":\"SearchAction\",\"target\":{\"@type\":\"EntryPoint\",\"urlTemplate\":\"https:\\\/\\\/lasentinelle.dz\\\/?s={search_term_string}\"},\"query-input\":{\"@type\":\"PropertyValueSpecification\",\"valueRequired\":true,\"valueName\":\"search_term_string\"}}],\"inLanguage\":\"fr-FR\"},{\"@type\":\"Organization\",\"@id\":\"https:\\\/\\\/lasentinelle.dz\\\/#organization\",\"name\":\"Quotidien La Sentinelle\",\"url\":\"https:\\\/\\\/lasentinelle.dz\\\/\",\"logo\":{\"@type\":\"ImageObject\",\"inLanguage\":\"fr-FR\",\"@id\":\"https:\\\/\\\/lasentinelle.dz\\\/#\\\/schema\\\/logo\\\/image\\\/\",\"url\":\"https:\\\/\\\/lasentinelle.dz\\\/wp-content\\\/uploads\\\/2021\\\/09\\\/logo-sentinelleSLOGAN-1.png\",\"contentUrl\":\"https:\\\/\\\/lasentinelle.dz\\\/wp-content\\\/uploads\\\/2021\\\/09\\\/logo-sentinelleSLOGAN-1.png\",\"width\":615,\"height\":142,\"caption\":\"Quotidien La Sentinelle\"},\"image\":{\"@id\":\"https:\\\/\\\/lasentinelle.dz\\\/#\\\/schema\\\/logo\\\/image\\\/\"},\"sameAs\":[\"https:\\\/\\\/www.facebook.com\\\/La-Sentinelle-104059864394773\"]},{\"@type\":\"Person\",\"@id\":\"https:\\\/\\\/lasentinelle.dz\\\/#\\\/schema\\\/person\\\/d865044e22e70a75174ce8bcad3acfb3\",\"name\":\"La Sentinelle\",\"image\":{\"@type\":\"ImageObject\",\"inLanguage\":\"fr-FR\",\"@id\":\"https:\\\/\\\/secure.gravatar.com\\\/avatar\\\/57de8e5d4b15d43fb361a71fbb36338450fe67865b528a43dd10ef7c51a20392?s=96&d=mm&r=g\",\"url\":\"https:\\\/\\\/secure.gravatar.com\\\/avatar\\\/57de8e5d4b15d43fb361a71fbb36338450fe67865b528a43dd10ef7c51a20392?s=96&d=mm&r=g\",\"contentUrl\":\"https:\\\/\\\/secure.gravatar.com\\\/avatar\\\/57de8e5d4b15d43fb361a71fbb36338450fe67865b528a43dd10ef7c51a20392?s=96&d=mm&r=g\",\"caption\":\"La Sentinelle\"},\"sameAs\":[\"http:\\\/\\\/www.lasentinelle.dz\"],\"url\":\"https:\\\/\\\/lasentinelle.dz\\\/author\\\/redaction\\\/\"}]}<\/script>\n<!-- \/ Yoast SEO plugin. -->","yoast_head_json":{"title":"L\u2019Alg\u00e9rie cibl\u00e9e par une campagne destin\u00e9e \u00e0 ternir son image\u00a0:\u00a0Le jeu trouble de l\u2019Occident - La Sentinelle","robots":{"index":"index","follow":"follow","max-snippet":"max-snippet:-1","max-image-preview":"max-image-preview:large","max-video-preview":"max-video-preview:-1"},"canonical":"https:\/\/lasentinelle.dz\/index.php\/2022\/08\/07\/lalgerie-ciblee-par-une-campagne-destinee-a-ternir-son-image-le-jeu-trouble-de-loccident\/","og_locale":"fr_FR","og_type":"article","og_title":"L\u2019Alg\u00e9rie cibl\u00e9e par une campagne destin\u00e9e \u00e0 ternir son image\u00a0:\u00a0Le jeu trouble de l\u2019Occident - La Sentinelle","og_description":"Une campagne de d\u00e9nigrement cible l\u2019Alg\u00e9rie. Peu apr\u00e8s la publication d\u2019une note par la diplomatie fran\u00e7aise classant l\u2019Alg\u00e9rie pays o\u00f9","og_url":"https:\/\/lasentinelle.dz\/index.php\/2022\/08\/07\/lalgerie-ciblee-par-une-campagne-destinee-a-ternir-son-image-le-jeu-trouble-de-loccident\/","og_site_name":"La Sentinelle","article_publisher":"https:\/\/www.facebook.com\/La-Sentinelle-104059864394773","article_published_time":"2022-08-06T23:12:00+00:00","og_image":[{"width":1800,"height":900,"url":"https:\/\/lasentinelle.dz\/wp-content\/uploads\/2022\/08\/trudeau-macron.png","type":"image\/png"}],"author":"La Sentinelle","twitter_card":"summary_large_image","twitter_misc":{"\u00c9crit par":"La Sentinelle","Dur\u00e9e de lecture estim\u00e9e":"5 minutes"},"schema":{"@context":"https:\/\/schema.org","@graph":[{"@type":"Article","@id":"https:\/\/lasentinelle.dz\/index.php\/2022\/08\/07\/lalgerie-ciblee-par-une-campagne-destinee-a-ternir-son-image-le-jeu-trouble-de-loccident\/#article","isPartOf":{"@id":"https:\/\/lasentinelle.dz\/index.php\/2022\/08\/07\/lalgerie-ciblee-par-une-campagne-destinee-a-ternir-son-image-le-jeu-trouble-de-loccident\/"},"author":{"name":"La Sentinelle","@id":"https:\/\/lasentinelle.dz\/#\/schema\/person\/d865044e22e70a75174ce8bcad3acfb3"},"headline":"L\u2019Alg\u00e9rie cibl\u00e9e par une campagne destin\u00e9e \u00e0 ternir son image\u00a0:\u00a0Le jeu trouble de l\u2019Occident","datePublished":"2022-08-06T23:12:00+00:00","mainEntityOfPage":{"@id":"https:\/\/lasentinelle.dz\/index.php\/2022\/08\/07\/lalgerie-ciblee-par-une-campagne-destinee-a-ternir-son-image-le-jeu-trouble-de-loccident\/"},"wordCount":1097,"commentCount":0,"publisher":{"@id":"https:\/\/lasentinelle.dz\/#organization"},"image":{"@id":"https:\/\/lasentinelle.dz\/index.php\/2022\/08\/07\/lalgerie-ciblee-par-une-campagne-destinee-a-ternir-son-image-le-jeu-trouble-de-loccident\/#primaryimage"},"thumbnailUrl":"https:\/\/lasentinelle.dz\/wp-content\/uploads\/2022\/08\/trudeau-macron.png","articleSection":["\u00c0 la Une","Actualit\u00e9"],"inLanguage":"fr-FR","potentialAction":[{"@type":"CommentAction","name":"Comment","target":["https:\/\/lasentinelle.dz\/index.php\/2022\/08\/07\/lalgerie-ciblee-par-une-campagne-destinee-a-ternir-son-image-le-jeu-trouble-de-loccident\/#respond"]}]},{"@type":"WebPage","@id":"https:\/\/lasentinelle.dz\/index.php\/2022\/08\/07\/lalgerie-ciblee-par-une-campagne-destinee-a-ternir-son-image-le-jeu-trouble-de-loccident\/","url":"https:\/\/lasentinelle.dz\/index.php\/2022\/08\/07\/lalgerie-ciblee-par-une-campagne-destinee-a-ternir-son-image-le-jeu-trouble-de-loccident\/","name":"L\u2019Alg\u00e9rie cibl\u00e9e par une campagne destin\u00e9e \u00e0 ternir son image\u00a0:\u00a0Le jeu trouble de l\u2019Occident - La Sentinelle","isPartOf":{"@id":"https:\/\/lasentinelle.dz\/#website"},"primaryImageOfPage":{"@id":"https:\/\/lasentinelle.dz\/index.php\/2022\/08\/07\/lalgerie-ciblee-par-une-campagne-destinee-a-ternir-son-image-le-jeu-trouble-de-loccident\/#primaryimage"},"image":{"@id":"https:\/\/lasentinelle.dz\/index.php\/2022\/08\/07\/lalgerie-ciblee-par-une-campagne-destinee-a-ternir-son-image-le-jeu-trouble-de-loccident\/#primaryimage"},"thumbnailUrl":"https:\/\/lasentinelle.dz\/wp-content\/uploads\/2022\/08\/trudeau-macron.png","datePublished":"2022-08-06T23:12:00+00:00","breadcrumb":{"@id":"https:\/\/lasentinelle.dz\/index.php\/2022\/08\/07\/lalgerie-ciblee-par-une-campagne-destinee-a-ternir-son-image-le-jeu-trouble-de-loccident\/#breadcrumb"},"inLanguage":"fr-FR","potentialAction":[{"@type":"ReadAction","target":["https:\/\/lasentinelle.dz\/index.php\/2022\/08\/07\/lalgerie-ciblee-par-une-campagne-destinee-a-ternir-son-image-le-jeu-trouble-de-loccident\/"]}]},{"@type":"ImageObject","inLanguage":"fr-FR","@id":"https:\/\/lasentinelle.dz\/index.php\/2022\/08\/07\/lalgerie-ciblee-par-une-campagne-destinee-a-ternir-son-image-le-jeu-trouble-de-loccident\/#primaryimage","url":"https:\/\/lasentinelle.dz\/wp-content\/uploads\/2022\/08\/trudeau-macron.png","contentUrl":"https:\/\/lasentinelle.dz\/wp-content\/uploads\/2022\/08\/trudeau-macron.png","width":1800,"height":900},{"@type":"BreadcrumbList","@id":"https:\/\/lasentinelle.dz\/index.php\/2022\/08\/07\/lalgerie-ciblee-par-une-campagne-destinee-a-ternir-son-image-le-jeu-trouble-de-loccident\/#breadcrumb","itemListElement":[{"@type":"ListItem","position":1,"name":"Accueil","item":"https:\/\/lasentinelle.dz\/"},{"@type":"ListItem","position":2,"name":"L\u2019Alg\u00e9rie cibl\u00e9e par une campagne destin\u00e9e \u00e0 ternir son image\u00a0:\u00a0Le jeu trouble de l\u2019Occident"}]},{"@type":"WebSite","@id":"https:\/\/lasentinelle.dz\/#website","url":"https:\/\/lasentinelle.dz\/","name":"La Sentinelle","description":"Quotidien national d&#039;information","publisher":{"@id":"https:\/\/lasentinelle.dz\/#organization"},"potentialAction":[{"@type":"SearchAction","target":{"@type":"EntryPoint","urlTemplate":"https:\/\/lasentinelle.dz\/?s={search_term_string}"},"query-input":{"@type":"PropertyValueSpecification","valueRequired":true,"valueName":"search_term_string"}}],"inLanguage":"fr-FR"},{"@type":"Organization","@id":"https:\/\/lasentinelle.dz\/#organization","name":"Quotidien La Sentinelle","url":"https:\/\/lasentinelle.dz\/","logo":{"@type":"ImageObject","inLanguage":"fr-FR","@id":"https:\/\/lasentinelle.dz\/#\/schema\/logo\/image\/","url":"https:\/\/lasentinelle.dz\/wp-content\/uploads\/2021\/09\/logo-sentinelleSLOGAN-1.png","contentUrl":"https:\/\/lasentinelle.dz\/wp-content\/uploads\/2021\/09\/logo-sentinelleSLOGAN-1.png","width":615,"height":142,"caption":"Quotidien La Sentinelle"},"image":{"@id":"https:\/\/lasentinelle.dz\/#\/schema\/logo\/image\/"},"sameAs":["https:\/\/www.facebook.com\/La-Sentinelle-104059864394773"]},{"@type":"Person","@id":"https:\/\/lasentinelle.dz\/#\/schema\/person\/d865044e22e70a75174ce8bcad3acfb3","name":"La Sentinelle","image":{"@type":"ImageObject","inLanguage":"fr-FR","@id":"https:\/\/secure.gravatar.com\/avatar\/57de8e5d4b15d43fb361a71fbb36338450fe67865b528a43dd10ef7c51a20392?s=96&d=mm&r=g","url":"https:\/\/secure.gravatar.com\/avatar\/57de8e5d4b15d43fb361a71fbb36338450fe67865b528a43dd10ef7c51a20392?s=96&d=mm&r=g","contentUrl":"https:\/\/secure.gravatar.com\/avatar\/57de8e5d4b15d43fb361a71fbb36338450fe67865b528a43dd10ef7c51a20392?s=96&d=mm&r=g","caption":"La Sentinelle"},"sameAs":["http:\/\/www.lasentinelle.dz"],"url":"https:\/\/lasentinelle.dz\/author\/redaction\/"}]}},"_links":{"self":[{"href":"https:\/\/lasentinelle.dz\/index.php\/wp-json\/wp\/v2\/posts\/25323","targetHints":{"allow":["GET"]}}],"collection":[{"href":"https:\/\/lasentinelle.dz\/index.php\/wp-json\/wp\/v2\/posts"}],"about":[{"href":"https:\/\/lasentinelle.dz\/index.php\/wp-json\/wp\/v2\/types\/post"}],"author":[{"embeddable":true,"href":"https:\/\/lasentinelle.dz\/index.php\/wp-json\/wp\/v2\/users\/3"}],"replies":[{"embeddable":true,"href":"https:\/\/lasentinelle.dz\/index.php\/wp-json\/wp\/v2\/comments?post=25323"}],"version-history":[{"count":1,"href":"https:\/\/lasentinelle.dz\/index.php\/wp-json\/wp\/v2\/posts\/25323\/revisions"}],"predecessor-version":[{"id":25328,"href":"https:\/\/lasentinelle.dz\/index.php\/wp-json\/wp\/v2\/posts\/25323\/revisions\/25328"}],"wp:featuredmedia":[{"embeddable":true,"href":"https:\/\/lasentinelle.dz\/index.php\/wp-json\/wp\/v2\/media\/25327"}],"wp:attachment":[{"href":"https:\/\/lasentinelle.dz\/index.php\/wp-json\/wp\/v2\/media?parent=25323"}],"wp:term":[{"taxonomy":"category","embeddable":true,"href":"https:\/\/lasentinelle.dz\/index.php\/wp-json\/wp\/v2\/categories?post=25323"},{"taxonomy":"post_tag","embeddable":true,"href":"https:\/\/lasentinelle.dz\/index.php\/wp-json\/wp\/v2\/tags?post=25323"}],"curies":[{"name":"wp","href":"https:\/\/api.w.org\/{rel}","templated":true}]}}