{"id":25343,"date":"2022-08-09T00:01:00","date_gmt":"2022-08-08T23:01:00","guid":{"rendered":"https:\/\/lasentinelle.dz\/?p=25343"},"modified":"2022-08-08T16:06:42","modified_gmt":"2022-08-08T15:06:42","slug":"hamma-bouziane-constantine-des-elus-devant-la-justice","status":"publish","type":"post","link":"https:\/\/lasentinelle.dz\/index.php\/2022\/08\/09\/hamma-bouziane-constantine-des-elus-devant-la-justice\/","title":{"rendered":"Hamma Bouziane\u00a0(Constantine)\u00a0:\u00a0Des \u00e9lus devant\u00a0la\u00a0Justice\u00a0"},"content":{"rendered":"\n<p>Les services de s\u00e9curit\u00e9 ont boucl\u00e9 la s\u00e9rie enqu\u00eates impliquant des \u00e9lus et d\u2019anciens administrateurs de l\u2019APC de Hamma Bouziane, dans des affaires&nbsp;de corruption li\u00e9es \u00e0&nbsp;des&nbsp;projets fictifs et&nbsp;\u00e0 des soup\u00e7ons de&nbsp;dilapidation de deniers publics.&nbsp;<\/p>\n\n\n\n<p>Selon des sources&nbsp;s\u00e9curitaires,&nbsp;la police judiciaire relevant des services de s\u00e9curit\u00e9 comp\u00e9tents \u00e0 Constantine, va remettre dans les prochains jours, les PV officiels des enqu\u00eates pr\u00e9liminaires qui ont \u00e9t\u00e9 men\u00e9es au niveau de l\u2019APC de Hamma Bouziane, en rapport avec des affaires de corruption. Sur la base de ces PV, les instances de justice comp\u00e9tentes vont entamer les proc\u00e9dures juridiques d\u2019usages, avec des \u00e9lus, des pr\u00e9sidents de services administratifs et techniques, des chefs de services et d\u2019anciens employ\u00e9s de l\u2019APC de Hamma Bouziane, nous dit-on. Ces enqu\u00eates qui ont pris plusieurs mois ont trait,&nbsp;selon notre source, \u00e0 des affaires de dilapidation de deniers publics, l\u2019octroi de projets en violation des lois et l\u00e9gislations en vigueur, abus de pouvoir et mauvais usage de la fonction. Selon certaines pr\u00e9cisions fournies par la m\u00eame source, les faits de corruption se rapportent entre autres, \u00e0 l&rsquo;octroi de projets dans le secteur de la construction et l\u2019urbanisme, alors que d\u2019autres ont trait \u00e0 de nombreux&nbsp;&nbsp;et diff\u00e9rents projets sectoriels, \u00e0 l\u2019image du secteur de la jeunesse et des sports, dont la construction de nombreux stades \u00ab\u00a0Mateco\u00a0\u00bb, qui sont r\u00e9partis sur le territoire de la municipalit\u00e9. Des projets qui ont co\u00fbt\u00e9 au&nbsp;Tr\u00e9sor public, des millions de centimes,&nbsp;&nbsp;qui ont profit\u00e9&nbsp;&nbsp;\u00e0 des personnes qui n\u2019ont fourni aucun effort en construction encore moins en mati\u00e8re d\u2019\u00e9tude, a ajout\u00e9 notre source.&nbsp;Les investigations ont \u00e9galement&nbsp;d\u2019autres projets estim\u00e9s \u00e0 coup de milliards, octroy\u00e9s&nbsp;en violation de&nbsp;la l\u00e9gislation en vigueur, sans oublier le recours des \u00e9lus et des fonctionnaires de certains services, dont, les services des&nbsp;finances&nbsp;et techniques, \u00e0 des&nbsp;\u00ab&nbsp;m\u00e9thodes ill\u00e9gales&nbsp;\u00bb, nous dit-on&nbsp;dans la gestion des affaires de l\u2019APC<\/p>\n\n\n\n<p><strong>Sofia Chahine<\/strong><\/p>\n","protected":false},"excerpt":{"rendered":"<p>Les services de s\u00e9curit\u00e9 ont boucl\u00e9 la s\u00e9rie enqu\u00eates impliquant des \u00e9lus et d\u2019anciens administrateurs de l\u2019APC de Hamma Bouziane,<\/p>\n","protected":false},"author":3,"featured_media":25345,"comment_status":"open","ping_status":"closed","sticky":false,"template":"","format":"standard","meta":{"colormag_page_container_layout":"default_layout","colormag_page_sidebar_layout":"default_layout","om_disable_all_campaigns":false,"_monsterinsights_skip_tracking":false,"_monsterinsights_sitenote_active":false,"_monsterinsights_sitenote_note":"","_monsterinsights_sitenote_category":0,"footnotes":"","_wpscppro_dont_share_socialmedia":false,"_wpscppro_custom_social_share_image":0,"_facebook_share_type":"","_twitter_share_type":"","_linkedin_share_type":"","_pinterest_share_type":"","_linkedin_share_type_page":"","_instagram_share_type":"","_medium_share_type":"","_threads_share_type":"","_google_business_share_type":"","_selected_social_profile":[],"_wpsp_enable_custom_social_template":false,"_wpsp_social_scheduling":{"enabled":false,"datetime":null,"platforms":[],"status":"template_only","dateOption":"today","timeOption":"now","customDays":"","customHours":"","customDate":"","customTime":"","schedulingType":"absolute"},"_wpsp_active_default_template":true},"categories":[27],"tags":[],"class_list":["post-25343","post","type-post","status-publish","format-standard","has-post-thumbnail","hentry","category-actualite"],"aioseo_notices":[],"yoast_head":"<!-- This site is optimized with the Yoast SEO plugin v27.5 - https:\/\/yoast.com\/product\/yoast-seo-wordpress\/ -->\n<title>Hamma Bouziane\u00a0(Constantine)\u00a0:\u00a0Des \u00e9lus devant\u00a0la\u00a0Justice\u00a0 - La Sentinelle<\/title>\n<meta name=\"robots\" content=\"index, follow, max-snippet:-1, max-image-preview:large, max-video-preview:-1\" \/>\n<link rel=\"canonical\" href=\"https:\/\/lasentinelle.dz\/index.php\/2022\/08\/09\/hamma-bouziane-constantine-des-elus-devant-la-justice\/\" \/>\n<meta property=\"og:locale\" content=\"fr_FR\" \/>\n<meta property=\"og:type\" content=\"article\" \/>\n<meta property=\"og:title\" content=\"Hamma Bouziane\u00a0(Constantine)\u00a0:\u00a0Des \u00e9lus devant\u00a0la\u00a0Justice\u00a0 - La Sentinelle\" \/>\n<meta property=\"og:description\" content=\"Les services de s\u00e9curit\u00e9 ont boucl\u00e9 la s\u00e9rie enqu\u00eates impliquant des \u00e9lus et d\u2019anciens administrateurs de l\u2019APC de Hamma Bouziane,\" \/>\n<meta property=\"og:url\" content=\"https:\/\/lasentinelle.dz\/index.php\/2022\/08\/09\/hamma-bouziane-constantine-des-elus-devant-la-justice\/\" \/>\n<meta property=\"og:site_name\" content=\"La Sentinelle\" \/>\n<meta property=\"article:publisher\" content=\"https:\/\/www.facebook.com\/La-Sentinelle-104059864394773\" \/>\n<meta property=\"article:published_time\" content=\"2022-08-08T23:01:00+00:00\" \/>\n<meta property=\"og:image\" content=\"https:\/\/lasentinelle.dz\/wp-content\/uploads\/2022\/08\/hamma-bouziane.png\" \/>\n\t<meta property=\"og:image:width\" content=\"1200\" \/>\n\t<meta property=\"og:image:height\" content=\"900\" \/>\n\t<meta property=\"og:image:type\" content=\"image\/png\" \/>\n<meta name=\"author\" content=\"La Sentinelle\" \/>\n<meta name=\"twitter:card\" content=\"summary_large_image\" \/>\n<meta name=\"twitter:label1\" content=\"\u00c9crit par\" \/>\n\t<meta name=\"twitter:data1\" content=\"La Sentinelle\" \/>\n\t<meta name=\"twitter:label2\" content=\"Dur\u00e9e de lecture estim\u00e9e\" \/>\n\t<meta name=\"twitter:data2\" content=\"2 minutes\" \/>\n<script type=\"application\/ld+json\" class=\"yoast-schema-graph\">{\"@context\":\"https:\\\/\\\/schema.org\",\"@graph\":[{\"@type\":\"Article\",\"@id\":\"https:\\\/\\\/lasentinelle.dz\\\/index.php\\\/2022\\\/08\\\/09\\\/hamma-bouziane-constantine-des-elus-devant-la-justice\\\/#article\",\"isPartOf\":{\"@id\":\"https:\\\/\\\/lasentinelle.dz\\\/index.php\\\/2022\\\/08\\\/09\\\/hamma-bouziane-constantine-des-elus-devant-la-justice\\\/\"},\"author\":{\"name\":\"La Sentinelle\",\"@id\":\"https:\\\/\\\/lasentinelle.dz\\\/#\\\/schema\\\/person\\\/d865044e22e70a75174ce8bcad3acfb3\"},\"headline\":\"Hamma Bouziane\u00a0(Constantine)\u00a0:\u00a0Des \u00e9lus devant\u00a0la\u00a0Justice\u00a0\",\"datePublished\":\"2022-08-08T23:01:00+00:00\",\"mainEntityOfPage\":{\"@id\":\"https:\\\/\\\/lasentinelle.dz\\\/index.php\\\/2022\\\/08\\\/09\\\/hamma-bouziane-constantine-des-elus-devant-la-justice\\\/\"},\"wordCount\":386,\"commentCount\":0,\"publisher\":{\"@id\":\"https:\\\/\\\/lasentinelle.dz\\\/#organization\"},\"image\":{\"@id\":\"https:\\\/\\\/lasentinelle.dz\\\/index.php\\\/2022\\\/08\\\/09\\\/hamma-bouziane-constantine-des-elus-devant-la-justice\\\/#primaryimage\"},\"thumbnailUrl\":\"https:\\\/\\\/lasentinelle.dz\\\/wp-content\\\/uploads\\\/2022\\\/08\\\/hamma-bouziane.png\",\"articleSection\":[\"Actualit\u00e9\"],\"inLanguage\":\"fr-FR\",\"potentialAction\":[{\"@type\":\"CommentAction\",\"name\":\"Comment\",\"target\":[\"https:\\\/\\\/lasentinelle.dz\\\/index.php\\\/2022\\\/08\\\/09\\\/hamma-bouziane-constantine-des-elus-devant-la-justice\\\/#respond\"]}]},{\"@type\":\"WebPage\",\"@id\":\"https:\\\/\\\/lasentinelle.dz\\\/index.php\\\/2022\\\/08\\\/09\\\/hamma-bouziane-constantine-des-elus-devant-la-justice\\\/\",\"url\":\"https:\\\/\\\/lasentinelle.dz\\\/index.php\\\/2022\\\/08\\\/09\\\/hamma-bouziane-constantine-des-elus-devant-la-justice\\\/\",\"name\":\"Hamma Bouziane\u00a0(Constantine)\u00a0:\u00a0Des \u00e9lus devant\u00a0la\u00a0Justice\u00a0 - La Sentinelle\",\"isPartOf\":{\"@id\":\"https:\\\/\\\/lasentinelle.dz\\\/#website\"},\"primaryImageOfPage\":{\"@id\":\"https:\\\/\\\/lasentinelle.dz\\\/index.php\\\/2022\\\/08\\\/09\\\/hamma-bouziane-constantine-des-elus-devant-la-justice\\\/#primaryimage\"},\"image\":{\"@id\":\"https:\\\/\\\/lasentinelle.dz\\\/index.php\\\/2022\\\/08\\\/09\\\/hamma-bouziane-constantine-des-elus-devant-la-justice\\\/#primaryimage\"},\"thumbnailUrl\":\"https:\\\/\\\/lasentinelle.dz\\\/wp-content\\\/uploads\\\/2022\\\/08\\\/hamma-bouziane.png\",\"datePublished\":\"2022-08-08T23:01:00+00:00\",\"breadcrumb\":{\"@id\":\"https:\\\/\\\/lasentinelle.dz\\\/index.php\\\/2022\\\/08\\\/09\\\/hamma-bouziane-constantine-des-elus-devant-la-justice\\\/#breadcrumb\"},\"inLanguage\":\"fr-FR\",\"potentialAction\":[{\"@type\":\"ReadAction\",\"target\":[\"https:\\\/\\\/lasentinelle.dz\\\/index.php\\\/2022\\\/08\\\/09\\\/hamma-bouziane-constantine-des-elus-devant-la-justice\\\/\"]}]},{\"@type\":\"ImageObject\",\"inLanguage\":\"fr-FR\",\"@id\":\"https:\\\/\\\/lasentinelle.dz\\\/index.php\\\/2022\\\/08\\\/09\\\/hamma-bouziane-constantine-des-elus-devant-la-justice\\\/#primaryimage\",\"url\":\"https:\\\/\\\/lasentinelle.dz\\\/wp-content\\\/uploads\\\/2022\\\/08\\\/hamma-bouziane.png\",\"contentUrl\":\"https:\\\/\\\/lasentinelle.dz\\\/wp-content\\\/uploads\\\/2022\\\/08\\\/hamma-bouziane.png\",\"width\":1200,\"height\":900},{\"@type\":\"BreadcrumbList\",\"@id\":\"https:\\\/\\\/lasentinelle.dz\\\/index.php\\\/2022\\\/08\\\/09\\\/hamma-bouziane-constantine-des-elus-devant-la-justice\\\/#breadcrumb\",\"itemListElement\":[{\"@type\":\"ListItem\",\"position\":1,\"name\":\"Accueil\",\"item\":\"https:\\\/\\\/lasentinelle.dz\\\/\"},{\"@type\":\"ListItem\",\"position\":2,\"name\":\"Hamma Bouziane\u00a0(Constantine)\u00a0:\u00a0Des \u00e9lus devant\u00a0la\u00a0Justice\u00a0\"}]},{\"@type\":\"WebSite\",\"@id\":\"https:\\\/\\\/lasentinelle.dz\\\/#website\",\"url\":\"https:\\\/\\\/lasentinelle.dz\\\/\",\"name\":\"La Sentinelle\",\"description\":\"Quotidien national d&#039;information\",\"publisher\":{\"@id\":\"https:\\\/\\\/lasentinelle.dz\\\/#organization\"},\"potentialAction\":[{\"@type\":\"SearchAction\",\"target\":{\"@type\":\"EntryPoint\",\"urlTemplate\":\"https:\\\/\\\/lasentinelle.dz\\\/?s={search_term_string}\"},\"query-input\":{\"@type\":\"PropertyValueSpecification\",\"valueRequired\":true,\"valueName\":\"search_term_string\"}}],\"inLanguage\":\"fr-FR\"},{\"@type\":\"Organization\",\"@id\":\"https:\\\/\\\/lasentinelle.dz\\\/#organization\",\"name\":\"Quotidien La Sentinelle\",\"url\":\"https:\\\/\\\/lasentinelle.dz\\\/\",\"logo\":{\"@type\":\"ImageObject\",\"inLanguage\":\"fr-FR\",\"@id\":\"https:\\\/\\\/lasentinelle.dz\\\/#\\\/schema\\\/logo\\\/image\\\/\",\"url\":\"https:\\\/\\\/lasentinelle.dz\\\/wp-content\\\/uploads\\\/2021\\\/09\\\/logo-sentinelleSLOGAN-1.png\",\"contentUrl\":\"https:\\\/\\\/lasentinelle.dz\\\/wp-content\\\/uploads\\\/2021\\\/09\\\/logo-sentinelleSLOGAN-1.png\",\"width\":615,\"height\":142,\"caption\":\"Quotidien La Sentinelle\"},\"image\":{\"@id\":\"https:\\\/\\\/lasentinelle.dz\\\/#\\\/schema\\\/logo\\\/image\\\/\"},\"sameAs\":[\"https:\\\/\\\/www.facebook.com\\\/La-Sentinelle-104059864394773\"]},{\"@type\":\"Person\",\"@id\":\"https:\\\/\\\/lasentinelle.dz\\\/#\\\/schema\\\/person\\\/d865044e22e70a75174ce8bcad3acfb3\",\"name\":\"La Sentinelle\",\"image\":{\"@type\":\"ImageObject\",\"inLanguage\":\"fr-FR\",\"@id\":\"https:\\\/\\\/secure.gravatar.com\\\/avatar\\\/57de8e5d4b15d43fb361a71fbb36338450fe67865b528a43dd10ef7c51a20392?s=96&d=mm&r=g\",\"url\":\"https:\\\/\\\/secure.gravatar.com\\\/avatar\\\/57de8e5d4b15d43fb361a71fbb36338450fe67865b528a43dd10ef7c51a20392?s=96&d=mm&r=g\",\"contentUrl\":\"https:\\\/\\\/secure.gravatar.com\\\/avatar\\\/57de8e5d4b15d43fb361a71fbb36338450fe67865b528a43dd10ef7c51a20392?s=96&d=mm&r=g\",\"caption\":\"La Sentinelle\"},\"sameAs\":[\"http:\\\/\\\/www.lasentinelle.dz\"],\"url\":\"https:\\\/\\\/lasentinelle.dz\\\/author\\\/redaction\\\/\"}]}<\/script>\n<!-- \/ Yoast SEO plugin. -->","yoast_head_json":{"title":"Hamma Bouziane\u00a0(Constantine)\u00a0:\u00a0Des \u00e9lus devant\u00a0la\u00a0Justice\u00a0 - La Sentinelle","robots":{"index":"index","follow":"follow","max-snippet":"max-snippet:-1","max-image-preview":"max-image-preview:large","max-video-preview":"max-video-preview:-1"},"canonical":"https:\/\/lasentinelle.dz\/index.php\/2022\/08\/09\/hamma-bouziane-constantine-des-elus-devant-la-justice\/","og_locale":"fr_FR","og_type":"article","og_title":"Hamma Bouziane\u00a0(Constantine)\u00a0:\u00a0Des \u00e9lus devant\u00a0la\u00a0Justice\u00a0 - La Sentinelle","og_description":"Les services de s\u00e9curit\u00e9 ont boucl\u00e9 la s\u00e9rie enqu\u00eates impliquant des \u00e9lus et d\u2019anciens administrateurs de l\u2019APC de Hamma Bouziane,","og_url":"https:\/\/lasentinelle.dz\/index.php\/2022\/08\/09\/hamma-bouziane-constantine-des-elus-devant-la-justice\/","og_site_name":"La Sentinelle","article_publisher":"https:\/\/www.facebook.com\/La-Sentinelle-104059864394773","article_published_time":"2022-08-08T23:01:00+00:00","og_image":[{"width":1200,"height":900,"url":"https:\/\/lasentinelle.dz\/wp-content\/uploads\/2022\/08\/hamma-bouziane.png","type":"image\/png"}],"author":"La Sentinelle","twitter_card":"summary_large_image","twitter_misc":{"\u00c9crit par":"La Sentinelle","Dur\u00e9e de lecture estim\u00e9e":"2 minutes"},"schema":{"@context":"https:\/\/schema.org","@graph":[{"@type":"Article","@id":"https:\/\/lasentinelle.dz\/index.php\/2022\/08\/09\/hamma-bouziane-constantine-des-elus-devant-la-justice\/#article","isPartOf":{"@id":"https:\/\/lasentinelle.dz\/index.php\/2022\/08\/09\/hamma-bouziane-constantine-des-elus-devant-la-justice\/"},"author":{"name":"La Sentinelle","@id":"https:\/\/lasentinelle.dz\/#\/schema\/person\/d865044e22e70a75174ce8bcad3acfb3"},"headline":"Hamma Bouziane\u00a0(Constantine)\u00a0:\u00a0Des \u00e9lus devant\u00a0la\u00a0Justice\u00a0","datePublished":"2022-08-08T23:01:00+00:00","mainEntityOfPage":{"@id":"https:\/\/lasentinelle.dz\/index.php\/2022\/08\/09\/hamma-bouziane-constantine-des-elus-devant-la-justice\/"},"wordCount":386,"commentCount":0,"publisher":{"@id":"https:\/\/lasentinelle.dz\/#organization"},"image":{"@id":"https:\/\/lasentinelle.dz\/index.php\/2022\/08\/09\/hamma-bouziane-constantine-des-elus-devant-la-justice\/#primaryimage"},"thumbnailUrl":"https:\/\/lasentinelle.dz\/wp-content\/uploads\/2022\/08\/hamma-bouziane.png","articleSection":["Actualit\u00e9"],"inLanguage":"fr-FR","potentialAction":[{"@type":"CommentAction","name":"Comment","target":["https:\/\/lasentinelle.dz\/index.php\/2022\/08\/09\/hamma-bouziane-constantine-des-elus-devant-la-justice\/#respond"]}]},{"@type":"WebPage","@id":"https:\/\/lasentinelle.dz\/index.php\/2022\/08\/09\/hamma-bouziane-constantine-des-elus-devant-la-justice\/","url":"https:\/\/lasentinelle.dz\/index.php\/2022\/08\/09\/hamma-bouziane-constantine-des-elus-devant-la-justice\/","name":"Hamma Bouziane\u00a0(Constantine)\u00a0:\u00a0Des \u00e9lus devant\u00a0la\u00a0Justice\u00a0 - La Sentinelle","isPartOf":{"@id":"https:\/\/lasentinelle.dz\/#website"},"primaryImageOfPage":{"@id":"https:\/\/lasentinelle.dz\/index.php\/2022\/08\/09\/hamma-bouziane-constantine-des-elus-devant-la-justice\/#primaryimage"},"image":{"@id":"https:\/\/lasentinelle.dz\/index.php\/2022\/08\/09\/hamma-bouziane-constantine-des-elus-devant-la-justice\/#primaryimage"},"thumbnailUrl":"https:\/\/lasentinelle.dz\/wp-content\/uploads\/2022\/08\/hamma-bouziane.png","datePublished":"2022-08-08T23:01:00+00:00","breadcrumb":{"@id":"https:\/\/lasentinelle.dz\/index.php\/2022\/08\/09\/hamma-bouziane-constantine-des-elus-devant-la-justice\/#breadcrumb"},"inLanguage":"fr-FR","potentialAction":[{"@type":"ReadAction","target":["https:\/\/lasentinelle.dz\/index.php\/2022\/08\/09\/hamma-bouziane-constantine-des-elus-devant-la-justice\/"]}]},{"@type":"ImageObject","inLanguage":"fr-FR","@id":"https:\/\/lasentinelle.dz\/index.php\/2022\/08\/09\/hamma-bouziane-constantine-des-elus-devant-la-justice\/#primaryimage","url":"https:\/\/lasentinelle.dz\/wp-content\/uploads\/2022\/08\/hamma-bouziane.png","contentUrl":"https:\/\/lasentinelle.dz\/wp-content\/uploads\/2022\/08\/hamma-bouziane.png","width":1200,"height":900},{"@type":"BreadcrumbList","@id":"https:\/\/lasentinelle.dz\/index.php\/2022\/08\/09\/hamma-bouziane-constantine-des-elus-devant-la-justice\/#breadcrumb","itemListElement":[{"@type":"ListItem","position":1,"name":"Accueil","item":"https:\/\/lasentinelle.dz\/"},{"@type":"ListItem","position":2,"name":"Hamma Bouziane\u00a0(Constantine)\u00a0:\u00a0Des \u00e9lus devant\u00a0la\u00a0Justice\u00a0"}]},{"@type":"WebSite","@id":"https:\/\/lasentinelle.dz\/#website","url":"https:\/\/lasentinelle.dz\/","name":"La Sentinelle","description":"Quotidien national d&#039;information","publisher":{"@id":"https:\/\/lasentinelle.dz\/#organization"},"potentialAction":[{"@type":"SearchAction","target":{"@type":"EntryPoint","urlTemplate":"https:\/\/lasentinelle.dz\/?s={search_term_string}"},"query-input":{"@type":"PropertyValueSpecification","valueRequired":true,"valueName":"search_term_string"}}],"inLanguage":"fr-FR"},{"@type":"Organization","@id":"https:\/\/lasentinelle.dz\/#organization","name":"Quotidien La Sentinelle","url":"https:\/\/lasentinelle.dz\/","logo":{"@type":"ImageObject","inLanguage":"fr-FR","@id":"https:\/\/lasentinelle.dz\/#\/schema\/logo\/image\/","url":"https:\/\/lasentinelle.dz\/wp-content\/uploads\/2021\/09\/logo-sentinelleSLOGAN-1.png","contentUrl":"https:\/\/lasentinelle.dz\/wp-content\/uploads\/2021\/09\/logo-sentinelleSLOGAN-1.png","width":615,"height":142,"caption":"Quotidien La Sentinelle"},"image":{"@id":"https:\/\/lasentinelle.dz\/#\/schema\/logo\/image\/"},"sameAs":["https:\/\/www.facebook.com\/La-Sentinelle-104059864394773"]},{"@type":"Person","@id":"https:\/\/lasentinelle.dz\/#\/schema\/person\/d865044e22e70a75174ce8bcad3acfb3","name":"La Sentinelle","image":{"@type":"ImageObject","inLanguage":"fr-FR","@id":"https:\/\/secure.gravatar.com\/avatar\/57de8e5d4b15d43fb361a71fbb36338450fe67865b528a43dd10ef7c51a20392?s=96&d=mm&r=g","url":"https:\/\/secure.gravatar.com\/avatar\/57de8e5d4b15d43fb361a71fbb36338450fe67865b528a43dd10ef7c51a20392?s=96&d=mm&r=g","contentUrl":"https:\/\/secure.gravatar.com\/avatar\/57de8e5d4b15d43fb361a71fbb36338450fe67865b528a43dd10ef7c51a20392?s=96&d=mm&r=g","caption":"La Sentinelle"},"sameAs":["http:\/\/www.lasentinelle.dz"],"url":"https:\/\/lasentinelle.dz\/author\/redaction\/"}]}},"_links":{"self":[{"href":"https:\/\/lasentinelle.dz\/index.php\/wp-json\/wp\/v2\/posts\/25343","targetHints":{"allow":["GET"]}}],"collection":[{"href":"https:\/\/lasentinelle.dz\/index.php\/wp-json\/wp\/v2\/posts"}],"about":[{"href":"https:\/\/lasentinelle.dz\/index.php\/wp-json\/wp\/v2\/types\/post"}],"author":[{"embeddable":true,"href":"https:\/\/lasentinelle.dz\/index.php\/wp-json\/wp\/v2\/users\/3"}],"replies":[{"embeddable":true,"href":"https:\/\/lasentinelle.dz\/index.php\/wp-json\/wp\/v2\/comments?post=25343"}],"version-history":[{"count":1,"href":"https:\/\/lasentinelle.dz\/index.php\/wp-json\/wp\/v2\/posts\/25343\/revisions"}],"predecessor-version":[{"id":25346,"href":"https:\/\/lasentinelle.dz\/index.php\/wp-json\/wp\/v2\/posts\/25343\/revisions\/25346"}],"wp:featuredmedia":[{"embeddable":true,"href":"https:\/\/lasentinelle.dz\/index.php\/wp-json\/wp\/v2\/media\/25345"}],"wp:attachment":[{"href":"https:\/\/lasentinelle.dz\/index.php\/wp-json\/wp\/v2\/media?parent=25343"}],"wp:term":[{"taxonomy":"category","embeddable":true,"href":"https:\/\/lasentinelle.dz\/index.php\/wp-json\/wp\/v2\/categories?post=25343"},{"taxonomy":"post_tag","embeddable":true,"href":"https:\/\/lasentinelle.dz\/index.php\/wp-json\/wp\/v2\/tags?post=25343"}],"curies":[{"name":"wp","href":"https:\/\/api.w.org\/{rel}","templated":true}]}}