{"id":25394,"date":"2022-08-10T00:01:00","date_gmt":"2022-08-09T23:01:00","guid":{"rendered":"https:\/\/lasentinelle.dz\/?p=25394"},"modified":"2022-08-09T16:16:30","modified_gmt":"2022-08-09T15:16:30","slug":"tourisme-annaba-attend-25-millions-destivants","status":"publish","type":"post","link":"https:\/\/lasentinelle.dz\/index.php\/2022\/08\/10\/tourisme-annaba-attend-25-millions-destivants\/","title":{"rendered":"Tourisme\u00a0: Annaba attend\u00a02,5\u00a0millions d\u2019estivants"},"content":{"rendered":"\n<p>La&nbsp;Direction du tourisme et de l&rsquo;artisanat de la wilaya d\u2019Annaba pr\u00e9voit d&rsquo;enregistrer 2,5 millions d&rsquo;estivants cet \u00e9t\u00e9, selon son premier responsable.<\/p>\n\n\n\n<p>Le Directeur du tourisme de&nbsp;la wilaya d\u2019Annaba a fait savoir que le mois de juillet \u00e0 lui seul a enregistr\u00e9 une affluence de pas moins d\u2019un million d&rsquo;estivants, majoritairement des familles. Le flux des vacanciers a \u00e9t\u00e9 observ\u00e9e tant&nbsp;sur&nbsp;les plages que le parc d\u2019attraction et de loisirs de Sidi Achour en sus du&nbsp;&nbsp;parc m\u00e9diterran\u00e9en de la for\u00eat d\u2019Ain Achir o\u00f9 un nouveau espace de loisirs sportifs et environnemental a \u00e9t\u00e9 r\u00e9cemment ouvert, a soulign\u00e9 le directeur&nbsp;&nbsp;qui a mis l&rsquo;accent sur la n\u00e9cessit\u00e9 de promouvoir davantage la destination Annaba en mettant en place de nouveaux \u00e9quipements et en am\u00e9liorant les prestations touristiques. Les \u00e9tablissements h\u00f4teliers, y compris les dortoirs des villes d\u2019Annaba, Seraidi et de Chetaibi, lesquels attirent le plus grand nombre d\u2019estivants enregistrent une croissance des r\u00e9servations pour le mois d\u2019ao\u00fbt courant, selon leurs propri\u00e9taires. Le parc h\u00f4telier de la wilaya compos\u00e9 de 47 h\u00f4tels et complexes touristiques offrant 6.260 lits devrait \u00eatre renforc\u00e9 en 2023 par onze nouveaux \u00e9tablissements des 18 \u00e9tablissements actuellement en cours de r\u00e9alisation, a fait savoir l\u2019interlocuteur. Les plages Le Vidro et Rizzi Omar de la ville d\u2019Annaba sont prises d\u2019assaut par les familles et jeunes venant de plusieurs wilayas telles Guelma, Souk Ahras, Biskra et d\u2019El Oued. Ces plages offrent aux estivants l\u2019avantage de r\u00e9aliser des \u00e9conomies du fait de leur proximit\u00e9 des espaces de d\u00e9tente au grand bonheur des estivants, selon plusieurs chefs de famille. Les activit\u00e9s d\u2019animation artistique propos\u00e9es durant les soir\u00e9es ont \u00e9galement accentu\u00e9 l\u2019affluence enregistr\u00e9e sur les plages d&rsquo;Annaba. Il est \u00e0 noter que&nbsp;la grande majorit\u00e9 des estivants sont des habitu\u00e9s des plages de la ville d\u2019Annaba. Il s\u2019agit notamment des vacanciers de Guelma, T\u00e9bessa et Souk Ahras, entre autres wilayas. La plupart s\u2019y rendent deux \u00e0 trois fois par semaine pour profiter des plages et de l&rsquo;ambiance estivale d\u2019Annaba. Il est \u00e0 rappeler que, chaque ann\u00e9e, les Ao\u00fbtiens ou comme on aime les appeler \u2018\u2019les vacanciers retardataires\u2019\u2019,&nbsp;&nbsp;repr\u00e9sentent le plus grand le flux des vacanciers sur de la wilaya. Puisque, apr\u00e8s les r\u00e9sultats des examens de fin d\u2019ann\u00e9e BEM et BAC, les familles sont lib\u00e9r\u00e9es du stress de l\u2019attente et se consacrent aux vacances, dont la destination premi\u00e8re pour eux, est encore et toujours la B\u00f4ne la coquette, dont les responsables tablent sur plus de deux millions de visiteurs pour cette saison estivale.&nbsp;<\/p>\n\n\n\n<p><strong>Sofia Chahine&nbsp;<\/strong><\/p>\n","protected":false},"excerpt":{"rendered":"<p>La&nbsp;Direction du tourisme et de l&rsquo;artisanat de la wilaya d\u2019Annaba pr\u00e9voit d&rsquo;enregistrer 2,5 millions d&rsquo;estivants cet \u00e9t\u00e9, selon son premier<\/p>\n","protected":false},"author":3,"featured_media":25406,"comment_status":"open","ping_status":"closed","sticky":false,"template":"","format":"standard","meta":{"colormag_page_container_layout":"default_layout","colormag_page_sidebar_layout":"default_layout","om_disable_all_campaigns":false,"_monsterinsights_skip_tracking":false,"_monsterinsights_sitenote_active":false,"_monsterinsights_sitenote_note":"","_monsterinsights_sitenote_category":0,"footnotes":"","_wpscppro_dont_share_socialmedia":false,"_wpscppro_custom_social_share_image":0,"_facebook_share_type":"","_twitter_share_type":"","_linkedin_share_type":"","_pinterest_share_type":"","_linkedin_share_type_page":"","_instagram_share_type":"","_medium_share_type":"","_threads_share_type":"","_google_business_share_type":"","_selected_social_profile":[],"_wpsp_enable_custom_social_template":false,"_wpsp_social_scheduling":{"enabled":false,"datetime":null,"platforms":[],"status":"template_only","dateOption":"today","timeOption":"now","customDays":"","customHours":"","customDate":"","customTime":"","schedulingType":"absolute"},"_wpsp_active_default_template":true},"categories":[31],"tags":[],"class_list":["post-25394","post","type-post","status-publish","format-standard","has-post-thumbnail","hentry","category-regions"],"aioseo_notices":[],"yoast_head":"<!-- This site is optimized with the Yoast SEO plugin v27.5 - https:\/\/yoast.com\/product\/yoast-seo-wordpress\/ -->\n<title>Tourisme\u00a0: Annaba attend\u00a02,5\u00a0millions d\u2019estivants - La Sentinelle<\/title>\n<meta name=\"robots\" content=\"index, follow, max-snippet:-1, max-image-preview:large, max-video-preview:-1\" \/>\n<link rel=\"canonical\" href=\"https:\/\/lasentinelle.dz\/index.php\/2022\/08\/10\/tourisme-annaba-attend-25-millions-destivants\/\" \/>\n<meta property=\"og:locale\" content=\"fr_FR\" \/>\n<meta property=\"og:type\" content=\"article\" \/>\n<meta property=\"og:title\" content=\"Tourisme\u00a0: Annaba attend\u00a02,5\u00a0millions d\u2019estivants - La Sentinelle\" \/>\n<meta property=\"og:description\" content=\"La&nbsp;Direction du tourisme et de l&rsquo;artisanat de la wilaya d\u2019Annaba pr\u00e9voit d&rsquo;enregistrer 2,5 millions d&rsquo;estivants cet \u00e9t\u00e9, selon son premier\" \/>\n<meta property=\"og:url\" content=\"https:\/\/lasentinelle.dz\/index.php\/2022\/08\/10\/tourisme-annaba-attend-25-millions-destivants\/\" \/>\n<meta property=\"og:site_name\" content=\"La Sentinelle\" \/>\n<meta property=\"article:publisher\" content=\"https:\/\/www.facebook.com\/La-Sentinelle-104059864394773\" \/>\n<meta property=\"article:published_time\" content=\"2022-08-09T23:01:00+00:00\" \/>\n<meta property=\"og:image\" content=\"https:\/\/lasentinelle.dz\/wp-content\/uploads\/2022\/08\/annaba.png\" \/>\n\t<meta property=\"og:image:width\" content=\"1200\" \/>\n\t<meta property=\"og:image:height\" content=\"900\" \/>\n\t<meta property=\"og:image:type\" content=\"image\/png\" \/>\n<meta name=\"author\" content=\"La Sentinelle\" \/>\n<meta name=\"twitter:card\" content=\"summary_large_image\" \/>\n<meta name=\"twitter:label1\" content=\"\u00c9crit par\" \/>\n\t<meta name=\"twitter:data1\" content=\"La Sentinelle\" \/>\n\t<meta name=\"twitter:label2\" content=\"Dur\u00e9e de lecture estim\u00e9e\" \/>\n\t<meta name=\"twitter:data2\" content=\"3 minutes\" \/>\n<script type=\"application\/ld+json\" class=\"yoast-schema-graph\">{\"@context\":\"https:\\\/\\\/schema.org\",\"@graph\":[{\"@type\":\"Article\",\"@id\":\"https:\\\/\\\/lasentinelle.dz\\\/index.php\\\/2022\\\/08\\\/10\\\/tourisme-annaba-attend-25-millions-destivants\\\/#article\",\"isPartOf\":{\"@id\":\"https:\\\/\\\/lasentinelle.dz\\\/index.php\\\/2022\\\/08\\\/10\\\/tourisme-annaba-attend-25-millions-destivants\\\/\"},\"author\":{\"name\":\"La Sentinelle\",\"@id\":\"https:\\\/\\\/lasentinelle.dz\\\/#\\\/schema\\\/person\\\/d865044e22e70a75174ce8bcad3acfb3\"},\"headline\":\"Tourisme\u00a0: Annaba attend\u00a02,5\u00a0millions d\u2019estivants\",\"datePublished\":\"2022-08-09T23:01:00+00:00\",\"mainEntityOfPage\":{\"@id\":\"https:\\\/\\\/lasentinelle.dz\\\/index.php\\\/2022\\\/08\\\/10\\\/tourisme-annaba-attend-25-millions-destivants\\\/\"},\"wordCount\":485,\"commentCount\":0,\"publisher\":{\"@id\":\"https:\\\/\\\/lasentinelle.dz\\\/#organization\"},\"image\":{\"@id\":\"https:\\\/\\\/lasentinelle.dz\\\/index.php\\\/2022\\\/08\\\/10\\\/tourisme-annaba-attend-25-millions-destivants\\\/#primaryimage\"},\"thumbnailUrl\":\"https:\\\/\\\/lasentinelle.dz\\\/wp-content\\\/uploads\\\/2022\\\/08\\\/annaba.png\",\"articleSection\":[\"R\u00e9gions\"],\"inLanguage\":\"fr-FR\",\"potentialAction\":[{\"@type\":\"CommentAction\",\"name\":\"Comment\",\"target\":[\"https:\\\/\\\/lasentinelle.dz\\\/index.php\\\/2022\\\/08\\\/10\\\/tourisme-annaba-attend-25-millions-destivants\\\/#respond\"]}]},{\"@type\":\"WebPage\",\"@id\":\"https:\\\/\\\/lasentinelle.dz\\\/index.php\\\/2022\\\/08\\\/10\\\/tourisme-annaba-attend-25-millions-destivants\\\/\",\"url\":\"https:\\\/\\\/lasentinelle.dz\\\/index.php\\\/2022\\\/08\\\/10\\\/tourisme-annaba-attend-25-millions-destivants\\\/\",\"name\":\"Tourisme\u00a0: Annaba attend\u00a02,5\u00a0millions d\u2019estivants - La Sentinelle\",\"isPartOf\":{\"@id\":\"https:\\\/\\\/lasentinelle.dz\\\/#website\"},\"primaryImageOfPage\":{\"@id\":\"https:\\\/\\\/lasentinelle.dz\\\/index.php\\\/2022\\\/08\\\/10\\\/tourisme-annaba-attend-25-millions-destivants\\\/#primaryimage\"},\"image\":{\"@id\":\"https:\\\/\\\/lasentinelle.dz\\\/index.php\\\/2022\\\/08\\\/10\\\/tourisme-annaba-attend-25-millions-destivants\\\/#primaryimage\"},\"thumbnailUrl\":\"https:\\\/\\\/lasentinelle.dz\\\/wp-content\\\/uploads\\\/2022\\\/08\\\/annaba.png\",\"datePublished\":\"2022-08-09T23:01:00+00:00\",\"breadcrumb\":{\"@id\":\"https:\\\/\\\/lasentinelle.dz\\\/index.php\\\/2022\\\/08\\\/10\\\/tourisme-annaba-attend-25-millions-destivants\\\/#breadcrumb\"},\"inLanguage\":\"fr-FR\",\"potentialAction\":[{\"@type\":\"ReadAction\",\"target\":[\"https:\\\/\\\/lasentinelle.dz\\\/index.php\\\/2022\\\/08\\\/10\\\/tourisme-annaba-attend-25-millions-destivants\\\/\"]}]},{\"@type\":\"ImageObject\",\"inLanguage\":\"fr-FR\",\"@id\":\"https:\\\/\\\/lasentinelle.dz\\\/index.php\\\/2022\\\/08\\\/10\\\/tourisme-annaba-attend-25-millions-destivants\\\/#primaryimage\",\"url\":\"https:\\\/\\\/lasentinelle.dz\\\/wp-content\\\/uploads\\\/2022\\\/08\\\/annaba.png\",\"contentUrl\":\"https:\\\/\\\/lasentinelle.dz\\\/wp-content\\\/uploads\\\/2022\\\/08\\\/annaba.png\",\"width\":1200,\"height\":900},{\"@type\":\"BreadcrumbList\",\"@id\":\"https:\\\/\\\/lasentinelle.dz\\\/index.php\\\/2022\\\/08\\\/10\\\/tourisme-annaba-attend-25-millions-destivants\\\/#breadcrumb\",\"itemListElement\":[{\"@type\":\"ListItem\",\"position\":1,\"name\":\"Accueil\",\"item\":\"https:\\\/\\\/lasentinelle.dz\\\/\"},{\"@type\":\"ListItem\",\"position\":2,\"name\":\"Tourisme\u00a0: Annaba attend\u00a02,5\u00a0millions d\u2019estivants\"}]},{\"@type\":\"WebSite\",\"@id\":\"https:\\\/\\\/lasentinelle.dz\\\/#website\",\"url\":\"https:\\\/\\\/lasentinelle.dz\\\/\",\"name\":\"La Sentinelle\",\"description\":\"Quotidien national d&#039;information\",\"publisher\":{\"@id\":\"https:\\\/\\\/lasentinelle.dz\\\/#organization\"},\"potentialAction\":[{\"@type\":\"SearchAction\",\"target\":{\"@type\":\"EntryPoint\",\"urlTemplate\":\"https:\\\/\\\/lasentinelle.dz\\\/?s={search_term_string}\"},\"query-input\":{\"@type\":\"PropertyValueSpecification\",\"valueRequired\":true,\"valueName\":\"search_term_string\"}}],\"inLanguage\":\"fr-FR\"},{\"@type\":\"Organization\",\"@id\":\"https:\\\/\\\/lasentinelle.dz\\\/#organization\",\"name\":\"Quotidien La Sentinelle\",\"url\":\"https:\\\/\\\/lasentinelle.dz\\\/\",\"logo\":{\"@type\":\"ImageObject\",\"inLanguage\":\"fr-FR\",\"@id\":\"https:\\\/\\\/lasentinelle.dz\\\/#\\\/schema\\\/logo\\\/image\\\/\",\"url\":\"https:\\\/\\\/lasentinelle.dz\\\/wp-content\\\/uploads\\\/2021\\\/09\\\/logo-sentinelleSLOGAN-1.png\",\"contentUrl\":\"https:\\\/\\\/lasentinelle.dz\\\/wp-content\\\/uploads\\\/2021\\\/09\\\/logo-sentinelleSLOGAN-1.png\",\"width\":615,\"height\":142,\"caption\":\"Quotidien La Sentinelle\"},\"image\":{\"@id\":\"https:\\\/\\\/lasentinelle.dz\\\/#\\\/schema\\\/logo\\\/image\\\/\"},\"sameAs\":[\"https:\\\/\\\/www.facebook.com\\\/La-Sentinelle-104059864394773\"]},{\"@type\":\"Person\",\"@id\":\"https:\\\/\\\/lasentinelle.dz\\\/#\\\/schema\\\/person\\\/d865044e22e70a75174ce8bcad3acfb3\",\"name\":\"La Sentinelle\",\"image\":{\"@type\":\"ImageObject\",\"inLanguage\":\"fr-FR\",\"@id\":\"https:\\\/\\\/secure.gravatar.com\\\/avatar\\\/57de8e5d4b15d43fb361a71fbb36338450fe67865b528a43dd10ef7c51a20392?s=96&d=mm&r=g\",\"url\":\"https:\\\/\\\/secure.gravatar.com\\\/avatar\\\/57de8e5d4b15d43fb361a71fbb36338450fe67865b528a43dd10ef7c51a20392?s=96&d=mm&r=g\",\"contentUrl\":\"https:\\\/\\\/secure.gravatar.com\\\/avatar\\\/57de8e5d4b15d43fb361a71fbb36338450fe67865b528a43dd10ef7c51a20392?s=96&d=mm&r=g\",\"caption\":\"La Sentinelle\"},\"sameAs\":[\"http:\\\/\\\/www.lasentinelle.dz\"],\"url\":\"https:\\\/\\\/lasentinelle.dz\\\/author\\\/redaction\\\/\"}]}<\/script>\n<!-- \/ Yoast SEO plugin. -->","yoast_head_json":{"title":"Tourisme\u00a0: Annaba attend\u00a02,5\u00a0millions d\u2019estivants - La Sentinelle","robots":{"index":"index","follow":"follow","max-snippet":"max-snippet:-1","max-image-preview":"max-image-preview:large","max-video-preview":"max-video-preview:-1"},"canonical":"https:\/\/lasentinelle.dz\/index.php\/2022\/08\/10\/tourisme-annaba-attend-25-millions-destivants\/","og_locale":"fr_FR","og_type":"article","og_title":"Tourisme\u00a0: Annaba attend\u00a02,5\u00a0millions d\u2019estivants - La Sentinelle","og_description":"La&nbsp;Direction du tourisme et de l&rsquo;artisanat de la wilaya d\u2019Annaba pr\u00e9voit d&rsquo;enregistrer 2,5 millions d&rsquo;estivants cet \u00e9t\u00e9, selon son premier","og_url":"https:\/\/lasentinelle.dz\/index.php\/2022\/08\/10\/tourisme-annaba-attend-25-millions-destivants\/","og_site_name":"La Sentinelle","article_publisher":"https:\/\/www.facebook.com\/La-Sentinelle-104059864394773","article_published_time":"2022-08-09T23:01:00+00:00","og_image":[{"width":1200,"height":900,"url":"https:\/\/lasentinelle.dz\/wp-content\/uploads\/2022\/08\/annaba.png","type":"image\/png"}],"author":"La Sentinelle","twitter_card":"summary_large_image","twitter_misc":{"\u00c9crit par":"La Sentinelle","Dur\u00e9e de lecture estim\u00e9e":"3 minutes"},"schema":{"@context":"https:\/\/schema.org","@graph":[{"@type":"Article","@id":"https:\/\/lasentinelle.dz\/index.php\/2022\/08\/10\/tourisme-annaba-attend-25-millions-destivants\/#article","isPartOf":{"@id":"https:\/\/lasentinelle.dz\/index.php\/2022\/08\/10\/tourisme-annaba-attend-25-millions-destivants\/"},"author":{"name":"La Sentinelle","@id":"https:\/\/lasentinelle.dz\/#\/schema\/person\/d865044e22e70a75174ce8bcad3acfb3"},"headline":"Tourisme\u00a0: Annaba attend\u00a02,5\u00a0millions d\u2019estivants","datePublished":"2022-08-09T23:01:00+00:00","mainEntityOfPage":{"@id":"https:\/\/lasentinelle.dz\/index.php\/2022\/08\/10\/tourisme-annaba-attend-25-millions-destivants\/"},"wordCount":485,"commentCount":0,"publisher":{"@id":"https:\/\/lasentinelle.dz\/#organization"},"image":{"@id":"https:\/\/lasentinelle.dz\/index.php\/2022\/08\/10\/tourisme-annaba-attend-25-millions-destivants\/#primaryimage"},"thumbnailUrl":"https:\/\/lasentinelle.dz\/wp-content\/uploads\/2022\/08\/annaba.png","articleSection":["R\u00e9gions"],"inLanguage":"fr-FR","potentialAction":[{"@type":"CommentAction","name":"Comment","target":["https:\/\/lasentinelle.dz\/index.php\/2022\/08\/10\/tourisme-annaba-attend-25-millions-destivants\/#respond"]}]},{"@type":"WebPage","@id":"https:\/\/lasentinelle.dz\/index.php\/2022\/08\/10\/tourisme-annaba-attend-25-millions-destivants\/","url":"https:\/\/lasentinelle.dz\/index.php\/2022\/08\/10\/tourisme-annaba-attend-25-millions-destivants\/","name":"Tourisme\u00a0: Annaba attend\u00a02,5\u00a0millions d\u2019estivants - La Sentinelle","isPartOf":{"@id":"https:\/\/lasentinelle.dz\/#website"},"primaryImageOfPage":{"@id":"https:\/\/lasentinelle.dz\/index.php\/2022\/08\/10\/tourisme-annaba-attend-25-millions-destivants\/#primaryimage"},"image":{"@id":"https:\/\/lasentinelle.dz\/index.php\/2022\/08\/10\/tourisme-annaba-attend-25-millions-destivants\/#primaryimage"},"thumbnailUrl":"https:\/\/lasentinelle.dz\/wp-content\/uploads\/2022\/08\/annaba.png","datePublished":"2022-08-09T23:01:00+00:00","breadcrumb":{"@id":"https:\/\/lasentinelle.dz\/index.php\/2022\/08\/10\/tourisme-annaba-attend-25-millions-destivants\/#breadcrumb"},"inLanguage":"fr-FR","potentialAction":[{"@type":"ReadAction","target":["https:\/\/lasentinelle.dz\/index.php\/2022\/08\/10\/tourisme-annaba-attend-25-millions-destivants\/"]}]},{"@type":"ImageObject","inLanguage":"fr-FR","@id":"https:\/\/lasentinelle.dz\/index.php\/2022\/08\/10\/tourisme-annaba-attend-25-millions-destivants\/#primaryimage","url":"https:\/\/lasentinelle.dz\/wp-content\/uploads\/2022\/08\/annaba.png","contentUrl":"https:\/\/lasentinelle.dz\/wp-content\/uploads\/2022\/08\/annaba.png","width":1200,"height":900},{"@type":"BreadcrumbList","@id":"https:\/\/lasentinelle.dz\/index.php\/2022\/08\/10\/tourisme-annaba-attend-25-millions-destivants\/#breadcrumb","itemListElement":[{"@type":"ListItem","position":1,"name":"Accueil","item":"https:\/\/lasentinelle.dz\/"},{"@type":"ListItem","position":2,"name":"Tourisme\u00a0: Annaba attend\u00a02,5\u00a0millions d\u2019estivants"}]},{"@type":"WebSite","@id":"https:\/\/lasentinelle.dz\/#website","url":"https:\/\/lasentinelle.dz\/","name":"La Sentinelle","description":"Quotidien national d&#039;information","publisher":{"@id":"https:\/\/lasentinelle.dz\/#organization"},"potentialAction":[{"@type":"SearchAction","target":{"@type":"EntryPoint","urlTemplate":"https:\/\/lasentinelle.dz\/?s={search_term_string}"},"query-input":{"@type":"PropertyValueSpecification","valueRequired":true,"valueName":"search_term_string"}}],"inLanguage":"fr-FR"},{"@type":"Organization","@id":"https:\/\/lasentinelle.dz\/#organization","name":"Quotidien La Sentinelle","url":"https:\/\/lasentinelle.dz\/","logo":{"@type":"ImageObject","inLanguage":"fr-FR","@id":"https:\/\/lasentinelle.dz\/#\/schema\/logo\/image\/","url":"https:\/\/lasentinelle.dz\/wp-content\/uploads\/2021\/09\/logo-sentinelleSLOGAN-1.png","contentUrl":"https:\/\/lasentinelle.dz\/wp-content\/uploads\/2021\/09\/logo-sentinelleSLOGAN-1.png","width":615,"height":142,"caption":"Quotidien La Sentinelle"},"image":{"@id":"https:\/\/lasentinelle.dz\/#\/schema\/logo\/image\/"},"sameAs":["https:\/\/www.facebook.com\/La-Sentinelle-104059864394773"]},{"@type":"Person","@id":"https:\/\/lasentinelle.dz\/#\/schema\/person\/d865044e22e70a75174ce8bcad3acfb3","name":"La Sentinelle","image":{"@type":"ImageObject","inLanguage":"fr-FR","@id":"https:\/\/secure.gravatar.com\/avatar\/57de8e5d4b15d43fb361a71fbb36338450fe67865b528a43dd10ef7c51a20392?s=96&d=mm&r=g","url":"https:\/\/secure.gravatar.com\/avatar\/57de8e5d4b15d43fb361a71fbb36338450fe67865b528a43dd10ef7c51a20392?s=96&d=mm&r=g","contentUrl":"https:\/\/secure.gravatar.com\/avatar\/57de8e5d4b15d43fb361a71fbb36338450fe67865b528a43dd10ef7c51a20392?s=96&d=mm&r=g","caption":"La Sentinelle"},"sameAs":["http:\/\/www.lasentinelle.dz"],"url":"https:\/\/lasentinelle.dz\/author\/redaction\/"}]}},"_links":{"self":[{"href":"https:\/\/lasentinelle.dz\/index.php\/wp-json\/wp\/v2\/posts\/25394","targetHints":{"allow":["GET"]}}],"collection":[{"href":"https:\/\/lasentinelle.dz\/index.php\/wp-json\/wp\/v2\/posts"}],"about":[{"href":"https:\/\/lasentinelle.dz\/index.php\/wp-json\/wp\/v2\/types\/post"}],"author":[{"embeddable":true,"href":"https:\/\/lasentinelle.dz\/index.php\/wp-json\/wp\/v2\/users\/3"}],"replies":[{"embeddable":true,"href":"https:\/\/lasentinelle.dz\/index.php\/wp-json\/wp\/v2\/comments?post=25394"}],"version-history":[{"count":1,"href":"https:\/\/lasentinelle.dz\/index.php\/wp-json\/wp\/v2\/posts\/25394\/revisions"}],"predecessor-version":[{"id":25407,"href":"https:\/\/lasentinelle.dz\/index.php\/wp-json\/wp\/v2\/posts\/25394\/revisions\/25407"}],"wp:featuredmedia":[{"embeddable":true,"href":"https:\/\/lasentinelle.dz\/index.php\/wp-json\/wp\/v2\/media\/25406"}],"wp:attachment":[{"href":"https:\/\/lasentinelle.dz\/index.php\/wp-json\/wp\/v2\/media?parent=25394"}],"wp:term":[{"taxonomy":"category","embeddable":true,"href":"https:\/\/lasentinelle.dz\/index.php\/wp-json\/wp\/v2\/categories?post=25394"},{"taxonomy":"post_tag","embeddable":true,"href":"https:\/\/lasentinelle.dz\/index.php\/wp-json\/wp\/v2\/tags?post=25394"}],"curies":[{"name":"wp","href":"https:\/\/api.w.org\/{rel}","templated":true}]}}