{"id":25515,"date":"2022-08-11T00:05:00","date_gmt":"2022-08-10T23:05:00","guid":{"rendered":"https:\/\/lasentinelle.dz\/?p=25515"},"modified":"2022-08-10T19:08:03","modified_gmt":"2022-08-10T18:08:03","slug":"aimene-benabderrahmane-en-turquie-les-relations-algero-turques-connaissent-une-evolution-importante","status":"publish","type":"post","link":"https:\/\/lasentinelle.dz\/index.php\/2022\/08\/11\/aimene-benabderrahmane-en-turquie-les-relations-algero-turques-connaissent-une-evolution-importante\/","title":{"rendered":"A\u00efmene\u00a0Benabderrahmane\u00a0en\u00a0Turquie\u00a0:\u00a0\u00abLes relations alg\u00e9ro-turques connaissent une \u00e9volution importante\u00bb"},"content":{"rendered":"\n<p>Le Premier ministre Aimene Benabderrahmane a affirm\u00e9&nbsp;mardi&nbsp;que \u00ables relations alg\u00e9ro-turques connaissent une \u00e9volution importante\u00bb. Dans une d\u00e9claration \u00e0 la presse en marge de sa participation \u00e0 la c\u00e9r\u00e9monie d&rsquo;ouverture des Jeux de la solidarit\u00e9 islamique \u00e0 Konya en Turquie, Aimene Benabderrahmane a&nbsp;\u00e9voqu\u00e9 sa rencontre avec&nbsp;&nbsp;\u00ab le pr\u00e9sident de la R\u00e9publique de Turquie, M. Recep Tayyip Erdogan, dans le cadre de la concr\u00e9tisation des d\u00e9cisions d\u00e9cid\u00e9es par les pr\u00e9sidents des deux pays lors de la r\u00e9cente visite du pr\u00e9sident de la R\u00e9publique, M. Abdelmadjid Tebboune, en Turquie\u00bb, notant \u00abla volont\u00e9 du Pr\u00e9sident de la R\u00e9publique, M. Abdelmadjid Tebboune et sa volont\u00e9 d&rsquo;aller vers de nouveaux horizons dans les relations alg\u00e9ro-turques, qui connaissent actuellement une croissance importante et atteindront\u00bb. Benabderrahmane a indiqu\u00e9 avoir \u00e9voqu\u00e9 lors de cette rencontre \u00ab\u00a0plusieurs dossiers li\u00e9s essentiellement \u00e0 l&rsquo;\u00e9conomie et aux investissements\u00a0\u00bb, en vue de \u00ab\u00a0prendre en charge les recommandations des diff\u00e9rentes r\u00e9unions bilat\u00e9rales et aller de l&rsquo;avant vers de nouvelles perspectives dans les relations \u00e9conomiques et commerciales entre les deux pays.&nbsp;Aimene Benabderrahmane a \u00e9t\u00e9 re\u00e7u mardi soir par le Pr\u00e9sident de la R\u00e9publique de Turquie, M. Recep Tayyip Erdogan. Outre l\u2019\u00e9tat et les perspectives de d\u00e9veloppement des relations alg\u00e9ro-turques dans tous les domaines, les deux parties ont \u00e9voqu\u00e9 lors de cette audience les moyens de concr\u00e9tisation des r\u00e9sultats de la derni\u00e8re visite du Pr\u00e9sident Tebboune en R\u00e9publique de Turquie.&nbsp;Pour rappel, la visite du&nbsp;Pr\u00e9sident Tebboune en Turquie,&nbsp;au&nbsp;mois de mai dernier, a \u00e9t\u00e9 sanctionn\u00e9e par la signature de 15 accords de coop\u00e9ration entre les deux pays, couvrant divers secteurs \u00e9conomiques, culturels et sociaux.&nbsp;Au d\u00e9but du mois en cours, le Pr\u00e9sident de la R\u00e9publique, Abdelmadjid Tebboune a, lors de sa rencontre p\u00e9riodique avec les m\u00e9dias, soulign\u00e9&nbsp;&nbsp;que \u00ables efforts de l\u2019Algerie pour d\u00e9velopper les relations avec la Turquie sont naturels, compte tenue de la longue histoire entre les deux pays et que la Turquie est l&rsquo;un des plus grands investisseurs en Alg\u00e9rie\u00bb. Le 25 juin, le vice-pr\u00e9sident turc Fuat Oktay a d\u00e9clar\u00e9, durant une visite dans une aci\u00e9rie turque \u00e0 Oran, que \u00ables investissements turcs en Alg\u00e9rie avaient atteint 5 milliards de dollars\u00bb. Oktay a exprim\u00e9 \u00abla volont\u00e9 d&rsquo;Ankara de signer un accord de libre-\u00e9change ou un accord commercial pr\u00e9f\u00e9rentiel avec l&rsquo;Alg\u00e9rie\u00bb, rappelant que \u00abplus de 1 400 entreprises turques investissent en Alg\u00e9rie, et cr\u00e9ent plus de 30 000 emplois\u00bb.<\/p>\n\n\n\n<p>Amar Malki<\/p>\n","protected":false},"excerpt":{"rendered":"<p>Le Premier ministre Aimene Benabderrahmane a affirm\u00e9&nbsp;mardi&nbsp;que \u00ables relations alg\u00e9ro-turques connaissent une \u00e9volution importante\u00bb. Dans une d\u00e9claration \u00e0 la presse<\/p>\n","protected":false},"author":3,"featured_media":25521,"comment_status":"open","ping_status":"closed","sticky":false,"template":"","format":"standard","meta":{"colormag_page_container_layout":"default_layout","colormag_page_sidebar_layout":"default_layout","om_disable_all_campaigns":false,"_monsterinsights_skip_tracking":false,"_monsterinsights_sitenote_active":false,"_monsterinsights_sitenote_note":"","_monsterinsights_sitenote_category":0,"footnotes":"","_wpscppro_dont_share_socialmedia":false,"_wpscppro_custom_social_share_image":0,"_facebook_share_type":"","_twitter_share_type":"","_linkedin_share_type":"","_pinterest_share_type":"","_linkedin_share_type_page":"","_instagram_share_type":"","_medium_share_type":"","_threads_share_type":"","_google_business_share_type":"","_selected_social_profile":[],"_wpsp_enable_custom_social_template":false,"_wpsp_social_scheduling":{"enabled":false,"datetime":null,"platforms":[],"status":"template_only","dateOption":"today","timeOption":"now","customDays":"","customHours":"","customDate":"","customTime":"","schedulingType":"absolute"},"_wpsp_active_default_template":true},"categories":[27],"tags":[],"class_list":["post-25515","post","type-post","status-publish","format-standard","has-post-thumbnail","hentry","category-actualite"],"aioseo_notices":[],"yoast_head":"<!-- This site is optimized with the Yoast SEO plugin v27.5 - https:\/\/yoast.com\/product\/yoast-seo-wordpress\/ -->\n<title>A\u00efmene\u00a0Benabderrahmane\u00a0en\u00a0Turquie\u00a0:\u00a0\u00abLes relations alg\u00e9ro-turques connaissent une \u00e9volution importante\u00bb - La Sentinelle<\/title>\n<meta name=\"robots\" content=\"index, follow, max-snippet:-1, max-image-preview:large, max-video-preview:-1\" \/>\n<link rel=\"canonical\" href=\"https:\/\/lasentinelle.dz\/index.php\/2022\/08\/11\/aimene-benabderrahmane-en-turquie-les-relations-algero-turques-connaissent-une-evolution-importante\/\" \/>\n<meta property=\"og:locale\" content=\"fr_FR\" \/>\n<meta property=\"og:type\" content=\"article\" \/>\n<meta property=\"og:title\" content=\"A\u00efmene\u00a0Benabderrahmane\u00a0en\u00a0Turquie\u00a0:\u00a0\u00abLes relations alg\u00e9ro-turques connaissent une \u00e9volution importante\u00bb - La Sentinelle\" \/>\n<meta property=\"og:description\" content=\"Le Premier ministre Aimene Benabderrahmane a affirm\u00e9&nbsp;mardi&nbsp;que \u00ables relations alg\u00e9ro-turques connaissent une \u00e9volution importante\u00bb. Dans une d\u00e9claration \u00e0 la presse\" \/>\n<meta property=\"og:url\" content=\"https:\/\/lasentinelle.dz\/index.php\/2022\/08\/11\/aimene-benabderrahmane-en-turquie-les-relations-algero-turques-connaissent-une-evolution-importante\/\" \/>\n<meta property=\"og:site_name\" content=\"La Sentinelle\" \/>\n<meta property=\"article:publisher\" content=\"https:\/\/www.facebook.com\/La-Sentinelle-104059864394773\" \/>\n<meta property=\"article:published_time\" content=\"2022-08-10T23:05:00+00:00\" \/>\n<meta property=\"og:image\" content=\"https:\/\/lasentinelle.dz\/wp-content\/uploads\/2022\/08\/ben.png\" \/>\n\t<meta property=\"og:image:width\" content=\"1580\" \/>\n\t<meta property=\"og:image:height\" content=\"900\" \/>\n\t<meta property=\"og:image:type\" content=\"image\/png\" \/>\n<meta name=\"author\" content=\"La Sentinelle\" \/>\n<meta name=\"twitter:card\" content=\"summary_large_image\" \/>\n<meta name=\"twitter:label1\" content=\"\u00c9crit par\" \/>\n\t<meta name=\"twitter:data1\" content=\"La Sentinelle\" \/>\n\t<meta name=\"twitter:label2\" content=\"Dur\u00e9e de lecture estim\u00e9e\" \/>\n\t<meta name=\"twitter:data2\" content=\"3 minutes\" \/>\n<script type=\"application\/ld+json\" class=\"yoast-schema-graph\">{\"@context\":\"https:\\\/\\\/schema.org\",\"@graph\":[{\"@type\":\"Article\",\"@id\":\"https:\\\/\\\/lasentinelle.dz\\\/index.php\\\/2022\\\/08\\\/11\\\/aimene-benabderrahmane-en-turquie-les-relations-algero-turques-connaissent-une-evolution-importante\\\/#article\",\"isPartOf\":{\"@id\":\"https:\\\/\\\/lasentinelle.dz\\\/index.php\\\/2022\\\/08\\\/11\\\/aimene-benabderrahmane-en-turquie-les-relations-algero-turques-connaissent-une-evolution-importante\\\/\"},\"author\":{\"name\":\"La Sentinelle\",\"@id\":\"https:\\\/\\\/lasentinelle.dz\\\/#\\\/schema\\\/person\\\/d865044e22e70a75174ce8bcad3acfb3\"},\"headline\":\"A\u00efmene\u00a0Benabderrahmane\u00a0en\u00a0Turquie\u00a0:\u00a0\u00abLes relations alg\u00e9ro-turques connaissent une \u00e9volution importante\u00bb\",\"datePublished\":\"2022-08-10T23:05:00+00:00\",\"mainEntityOfPage\":{\"@id\":\"https:\\\/\\\/lasentinelle.dz\\\/index.php\\\/2022\\\/08\\\/11\\\/aimene-benabderrahmane-en-turquie-les-relations-algero-turques-connaissent-une-evolution-importante\\\/\"},\"wordCount\":466,\"commentCount\":0,\"publisher\":{\"@id\":\"https:\\\/\\\/lasentinelle.dz\\\/#organization\"},\"image\":{\"@id\":\"https:\\\/\\\/lasentinelle.dz\\\/index.php\\\/2022\\\/08\\\/11\\\/aimene-benabderrahmane-en-turquie-les-relations-algero-turques-connaissent-une-evolution-importante\\\/#primaryimage\"},\"thumbnailUrl\":\"https:\\\/\\\/lasentinelle.dz\\\/wp-content\\\/uploads\\\/2022\\\/08\\\/ben.png\",\"articleSection\":[\"Actualit\u00e9\"],\"inLanguage\":\"fr-FR\",\"potentialAction\":[{\"@type\":\"CommentAction\",\"name\":\"Comment\",\"target\":[\"https:\\\/\\\/lasentinelle.dz\\\/index.php\\\/2022\\\/08\\\/11\\\/aimene-benabderrahmane-en-turquie-les-relations-algero-turques-connaissent-une-evolution-importante\\\/#respond\"]}]},{\"@type\":\"WebPage\",\"@id\":\"https:\\\/\\\/lasentinelle.dz\\\/index.php\\\/2022\\\/08\\\/11\\\/aimene-benabderrahmane-en-turquie-les-relations-algero-turques-connaissent-une-evolution-importante\\\/\",\"url\":\"https:\\\/\\\/lasentinelle.dz\\\/index.php\\\/2022\\\/08\\\/11\\\/aimene-benabderrahmane-en-turquie-les-relations-algero-turques-connaissent-une-evolution-importante\\\/\",\"name\":\"A\u00efmene\u00a0Benabderrahmane\u00a0en\u00a0Turquie\u00a0:\u00a0\u00abLes relations alg\u00e9ro-turques connaissent une \u00e9volution importante\u00bb - La Sentinelle\",\"isPartOf\":{\"@id\":\"https:\\\/\\\/lasentinelle.dz\\\/#website\"},\"primaryImageOfPage\":{\"@id\":\"https:\\\/\\\/lasentinelle.dz\\\/index.php\\\/2022\\\/08\\\/11\\\/aimene-benabderrahmane-en-turquie-les-relations-algero-turques-connaissent-une-evolution-importante\\\/#primaryimage\"},\"image\":{\"@id\":\"https:\\\/\\\/lasentinelle.dz\\\/index.php\\\/2022\\\/08\\\/11\\\/aimene-benabderrahmane-en-turquie-les-relations-algero-turques-connaissent-une-evolution-importante\\\/#primaryimage\"},\"thumbnailUrl\":\"https:\\\/\\\/lasentinelle.dz\\\/wp-content\\\/uploads\\\/2022\\\/08\\\/ben.png\",\"datePublished\":\"2022-08-10T23:05:00+00:00\",\"breadcrumb\":{\"@id\":\"https:\\\/\\\/lasentinelle.dz\\\/index.php\\\/2022\\\/08\\\/11\\\/aimene-benabderrahmane-en-turquie-les-relations-algero-turques-connaissent-une-evolution-importante\\\/#breadcrumb\"},\"inLanguage\":\"fr-FR\",\"potentialAction\":[{\"@type\":\"ReadAction\",\"target\":[\"https:\\\/\\\/lasentinelle.dz\\\/index.php\\\/2022\\\/08\\\/11\\\/aimene-benabderrahmane-en-turquie-les-relations-algero-turques-connaissent-une-evolution-importante\\\/\"]}]},{\"@type\":\"ImageObject\",\"inLanguage\":\"fr-FR\",\"@id\":\"https:\\\/\\\/lasentinelle.dz\\\/index.php\\\/2022\\\/08\\\/11\\\/aimene-benabderrahmane-en-turquie-les-relations-algero-turques-connaissent-une-evolution-importante\\\/#primaryimage\",\"url\":\"https:\\\/\\\/lasentinelle.dz\\\/wp-content\\\/uploads\\\/2022\\\/08\\\/ben.png\",\"contentUrl\":\"https:\\\/\\\/lasentinelle.dz\\\/wp-content\\\/uploads\\\/2022\\\/08\\\/ben.png\",\"width\":1580,\"height\":900},{\"@type\":\"BreadcrumbList\",\"@id\":\"https:\\\/\\\/lasentinelle.dz\\\/index.php\\\/2022\\\/08\\\/11\\\/aimene-benabderrahmane-en-turquie-les-relations-algero-turques-connaissent-une-evolution-importante\\\/#breadcrumb\",\"itemListElement\":[{\"@type\":\"ListItem\",\"position\":1,\"name\":\"Accueil\",\"item\":\"https:\\\/\\\/lasentinelle.dz\\\/\"},{\"@type\":\"ListItem\",\"position\":2,\"name\":\"A\u00efmene\u00a0Benabderrahmane\u00a0en\u00a0Turquie\u00a0:\u00a0\u00abLes relations alg\u00e9ro-turques connaissent une \u00e9volution importante\u00bb\"}]},{\"@type\":\"WebSite\",\"@id\":\"https:\\\/\\\/lasentinelle.dz\\\/#website\",\"url\":\"https:\\\/\\\/lasentinelle.dz\\\/\",\"name\":\"La Sentinelle\",\"description\":\"Quotidien national d&#039;information\",\"publisher\":{\"@id\":\"https:\\\/\\\/lasentinelle.dz\\\/#organization\"},\"potentialAction\":[{\"@type\":\"SearchAction\",\"target\":{\"@type\":\"EntryPoint\",\"urlTemplate\":\"https:\\\/\\\/lasentinelle.dz\\\/?s={search_term_string}\"},\"query-input\":{\"@type\":\"PropertyValueSpecification\",\"valueRequired\":true,\"valueName\":\"search_term_string\"}}],\"inLanguage\":\"fr-FR\"},{\"@type\":\"Organization\",\"@id\":\"https:\\\/\\\/lasentinelle.dz\\\/#organization\",\"name\":\"Quotidien La Sentinelle\",\"url\":\"https:\\\/\\\/lasentinelle.dz\\\/\",\"logo\":{\"@type\":\"ImageObject\",\"inLanguage\":\"fr-FR\",\"@id\":\"https:\\\/\\\/lasentinelle.dz\\\/#\\\/schema\\\/logo\\\/image\\\/\",\"url\":\"https:\\\/\\\/lasentinelle.dz\\\/wp-content\\\/uploads\\\/2021\\\/09\\\/logo-sentinelleSLOGAN-1.png\",\"contentUrl\":\"https:\\\/\\\/lasentinelle.dz\\\/wp-content\\\/uploads\\\/2021\\\/09\\\/logo-sentinelleSLOGAN-1.png\",\"width\":615,\"height\":142,\"caption\":\"Quotidien La Sentinelle\"},\"image\":{\"@id\":\"https:\\\/\\\/lasentinelle.dz\\\/#\\\/schema\\\/logo\\\/image\\\/\"},\"sameAs\":[\"https:\\\/\\\/www.facebook.com\\\/La-Sentinelle-104059864394773\"]},{\"@type\":\"Person\",\"@id\":\"https:\\\/\\\/lasentinelle.dz\\\/#\\\/schema\\\/person\\\/d865044e22e70a75174ce8bcad3acfb3\",\"name\":\"La Sentinelle\",\"image\":{\"@type\":\"ImageObject\",\"inLanguage\":\"fr-FR\",\"@id\":\"https:\\\/\\\/secure.gravatar.com\\\/avatar\\\/57de8e5d4b15d43fb361a71fbb36338450fe67865b528a43dd10ef7c51a20392?s=96&d=mm&r=g\",\"url\":\"https:\\\/\\\/secure.gravatar.com\\\/avatar\\\/57de8e5d4b15d43fb361a71fbb36338450fe67865b528a43dd10ef7c51a20392?s=96&d=mm&r=g\",\"contentUrl\":\"https:\\\/\\\/secure.gravatar.com\\\/avatar\\\/57de8e5d4b15d43fb361a71fbb36338450fe67865b528a43dd10ef7c51a20392?s=96&d=mm&r=g\",\"caption\":\"La Sentinelle\"},\"sameAs\":[\"http:\\\/\\\/www.lasentinelle.dz\"],\"url\":\"https:\\\/\\\/lasentinelle.dz\\\/author\\\/redaction\\\/\"}]}<\/script>\n<!-- \/ Yoast SEO plugin. -->","yoast_head_json":{"title":"A\u00efmene\u00a0Benabderrahmane\u00a0en\u00a0Turquie\u00a0:\u00a0\u00abLes relations alg\u00e9ro-turques connaissent une \u00e9volution importante\u00bb - La Sentinelle","robots":{"index":"index","follow":"follow","max-snippet":"max-snippet:-1","max-image-preview":"max-image-preview:large","max-video-preview":"max-video-preview:-1"},"canonical":"https:\/\/lasentinelle.dz\/index.php\/2022\/08\/11\/aimene-benabderrahmane-en-turquie-les-relations-algero-turques-connaissent-une-evolution-importante\/","og_locale":"fr_FR","og_type":"article","og_title":"A\u00efmene\u00a0Benabderrahmane\u00a0en\u00a0Turquie\u00a0:\u00a0\u00abLes relations alg\u00e9ro-turques connaissent une \u00e9volution importante\u00bb - La Sentinelle","og_description":"Le Premier ministre Aimene Benabderrahmane a affirm\u00e9&nbsp;mardi&nbsp;que \u00ables relations alg\u00e9ro-turques connaissent une \u00e9volution importante\u00bb. Dans une d\u00e9claration \u00e0 la presse","og_url":"https:\/\/lasentinelle.dz\/index.php\/2022\/08\/11\/aimene-benabderrahmane-en-turquie-les-relations-algero-turques-connaissent-une-evolution-importante\/","og_site_name":"La Sentinelle","article_publisher":"https:\/\/www.facebook.com\/La-Sentinelle-104059864394773","article_published_time":"2022-08-10T23:05:00+00:00","og_image":[{"width":1580,"height":900,"url":"https:\/\/lasentinelle.dz\/wp-content\/uploads\/2022\/08\/ben.png","type":"image\/png"}],"author":"La Sentinelle","twitter_card":"summary_large_image","twitter_misc":{"\u00c9crit par":"La Sentinelle","Dur\u00e9e de lecture estim\u00e9e":"3 minutes"},"schema":{"@context":"https:\/\/schema.org","@graph":[{"@type":"Article","@id":"https:\/\/lasentinelle.dz\/index.php\/2022\/08\/11\/aimene-benabderrahmane-en-turquie-les-relations-algero-turques-connaissent-une-evolution-importante\/#article","isPartOf":{"@id":"https:\/\/lasentinelle.dz\/index.php\/2022\/08\/11\/aimene-benabderrahmane-en-turquie-les-relations-algero-turques-connaissent-une-evolution-importante\/"},"author":{"name":"La Sentinelle","@id":"https:\/\/lasentinelle.dz\/#\/schema\/person\/d865044e22e70a75174ce8bcad3acfb3"},"headline":"A\u00efmene\u00a0Benabderrahmane\u00a0en\u00a0Turquie\u00a0:\u00a0\u00abLes relations alg\u00e9ro-turques connaissent une \u00e9volution importante\u00bb","datePublished":"2022-08-10T23:05:00+00:00","mainEntityOfPage":{"@id":"https:\/\/lasentinelle.dz\/index.php\/2022\/08\/11\/aimene-benabderrahmane-en-turquie-les-relations-algero-turques-connaissent-une-evolution-importante\/"},"wordCount":466,"commentCount":0,"publisher":{"@id":"https:\/\/lasentinelle.dz\/#organization"},"image":{"@id":"https:\/\/lasentinelle.dz\/index.php\/2022\/08\/11\/aimene-benabderrahmane-en-turquie-les-relations-algero-turques-connaissent-une-evolution-importante\/#primaryimage"},"thumbnailUrl":"https:\/\/lasentinelle.dz\/wp-content\/uploads\/2022\/08\/ben.png","articleSection":["Actualit\u00e9"],"inLanguage":"fr-FR","potentialAction":[{"@type":"CommentAction","name":"Comment","target":["https:\/\/lasentinelle.dz\/index.php\/2022\/08\/11\/aimene-benabderrahmane-en-turquie-les-relations-algero-turques-connaissent-une-evolution-importante\/#respond"]}]},{"@type":"WebPage","@id":"https:\/\/lasentinelle.dz\/index.php\/2022\/08\/11\/aimene-benabderrahmane-en-turquie-les-relations-algero-turques-connaissent-une-evolution-importante\/","url":"https:\/\/lasentinelle.dz\/index.php\/2022\/08\/11\/aimene-benabderrahmane-en-turquie-les-relations-algero-turques-connaissent-une-evolution-importante\/","name":"A\u00efmene\u00a0Benabderrahmane\u00a0en\u00a0Turquie\u00a0:\u00a0\u00abLes relations alg\u00e9ro-turques connaissent une \u00e9volution importante\u00bb - La Sentinelle","isPartOf":{"@id":"https:\/\/lasentinelle.dz\/#website"},"primaryImageOfPage":{"@id":"https:\/\/lasentinelle.dz\/index.php\/2022\/08\/11\/aimene-benabderrahmane-en-turquie-les-relations-algero-turques-connaissent-une-evolution-importante\/#primaryimage"},"image":{"@id":"https:\/\/lasentinelle.dz\/index.php\/2022\/08\/11\/aimene-benabderrahmane-en-turquie-les-relations-algero-turques-connaissent-une-evolution-importante\/#primaryimage"},"thumbnailUrl":"https:\/\/lasentinelle.dz\/wp-content\/uploads\/2022\/08\/ben.png","datePublished":"2022-08-10T23:05:00+00:00","breadcrumb":{"@id":"https:\/\/lasentinelle.dz\/index.php\/2022\/08\/11\/aimene-benabderrahmane-en-turquie-les-relations-algero-turques-connaissent-une-evolution-importante\/#breadcrumb"},"inLanguage":"fr-FR","potentialAction":[{"@type":"ReadAction","target":["https:\/\/lasentinelle.dz\/index.php\/2022\/08\/11\/aimene-benabderrahmane-en-turquie-les-relations-algero-turques-connaissent-une-evolution-importante\/"]}]},{"@type":"ImageObject","inLanguage":"fr-FR","@id":"https:\/\/lasentinelle.dz\/index.php\/2022\/08\/11\/aimene-benabderrahmane-en-turquie-les-relations-algero-turques-connaissent-une-evolution-importante\/#primaryimage","url":"https:\/\/lasentinelle.dz\/wp-content\/uploads\/2022\/08\/ben.png","contentUrl":"https:\/\/lasentinelle.dz\/wp-content\/uploads\/2022\/08\/ben.png","width":1580,"height":900},{"@type":"BreadcrumbList","@id":"https:\/\/lasentinelle.dz\/index.php\/2022\/08\/11\/aimene-benabderrahmane-en-turquie-les-relations-algero-turques-connaissent-une-evolution-importante\/#breadcrumb","itemListElement":[{"@type":"ListItem","position":1,"name":"Accueil","item":"https:\/\/lasentinelle.dz\/"},{"@type":"ListItem","position":2,"name":"A\u00efmene\u00a0Benabderrahmane\u00a0en\u00a0Turquie\u00a0:\u00a0\u00abLes relations alg\u00e9ro-turques connaissent une \u00e9volution importante\u00bb"}]},{"@type":"WebSite","@id":"https:\/\/lasentinelle.dz\/#website","url":"https:\/\/lasentinelle.dz\/","name":"La Sentinelle","description":"Quotidien national d&#039;information","publisher":{"@id":"https:\/\/lasentinelle.dz\/#organization"},"potentialAction":[{"@type":"SearchAction","target":{"@type":"EntryPoint","urlTemplate":"https:\/\/lasentinelle.dz\/?s={search_term_string}"},"query-input":{"@type":"PropertyValueSpecification","valueRequired":true,"valueName":"search_term_string"}}],"inLanguage":"fr-FR"},{"@type":"Organization","@id":"https:\/\/lasentinelle.dz\/#organization","name":"Quotidien La Sentinelle","url":"https:\/\/lasentinelle.dz\/","logo":{"@type":"ImageObject","inLanguage":"fr-FR","@id":"https:\/\/lasentinelle.dz\/#\/schema\/logo\/image\/","url":"https:\/\/lasentinelle.dz\/wp-content\/uploads\/2021\/09\/logo-sentinelleSLOGAN-1.png","contentUrl":"https:\/\/lasentinelle.dz\/wp-content\/uploads\/2021\/09\/logo-sentinelleSLOGAN-1.png","width":615,"height":142,"caption":"Quotidien La Sentinelle"},"image":{"@id":"https:\/\/lasentinelle.dz\/#\/schema\/logo\/image\/"},"sameAs":["https:\/\/www.facebook.com\/La-Sentinelle-104059864394773"]},{"@type":"Person","@id":"https:\/\/lasentinelle.dz\/#\/schema\/person\/d865044e22e70a75174ce8bcad3acfb3","name":"La Sentinelle","image":{"@type":"ImageObject","inLanguage":"fr-FR","@id":"https:\/\/secure.gravatar.com\/avatar\/57de8e5d4b15d43fb361a71fbb36338450fe67865b528a43dd10ef7c51a20392?s=96&d=mm&r=g","url":"https:\/\/secure.gravatar.com\/avatar\/57de8e5d4b15d43fb361a71fbb36338450fe67865b528a43dd10ef7c51a20392?s=96&d=mm&r=g","contentUrl":"https:\/\/secure.gravatar.com\/avatar\/57de8e5d4b15d43fb361a71fbb36338450fe67865b528a43dd10ef7c51a20392?s=96&d=mm&r=g","caption":"La Sentinelle"},"sameAs":["http:\/\/www.lasentinelle.dz"],"url":"https:\/\/lasentinelle.dz\/author\/redaction\/"}]}},"_links":{"self":[{"href":"https:\/\/lasentinelle.dz\/index.php\/wp-json\/wp\/v2\/posts\/25515","targetHints":{"allow":["GET"]}}],"collection":[{"href":"https:\/\/lasentinelle.dz\/index.php\/wp-json\/wp\/v2\/posts"}],"about":[{"href":"https:\/\/lasentinelle.dz\/index.php\/wp-json\/wp\/v2\/types\/post"}],"author":[{"embeddable":true,"href":"https:\/\/lasentinelle.dz\/index.php\/wp-json\/wp\/v2\/users\/3"}],"replies":[{"embeddable":true,"href":"https:\/\/lasentinelle.dz\/index.php\/wp-json\/wp\/v2\/comments?post=25515"}],"version-history":[{"count":1,"href":"https:\/\/lasentinelle.dz\/index.php\/wp-json\/wp\/v2\/posts\/25515\/revisions"}],"predecessor-version":[{"id":25523,"href":"https:\/\/lasentinelle.dz\/index.php\/wp-json\/wp\/v2\/posts\/25515\/revisions\/25523"}],"wp:featuredmedia":[{"embeddable":true,"href":"https:\/\/lasentinelle.dz\/index.php\/wp-json\/wp\/v2\/media\/25521"}],"wp:attachment":[{"href":"https:\/\/lasentinelle.dz\/index.php\/wp-json\/wp\/v2\/media?parent=25515"}],"wp:term":[{"taxonomy":"category","embeddable":true,"href":"https:\/\/lasentinelle.dz\/index.php\/wp-json\/wp\/v2\/categories?post=25515"},{"taxonomy":"post_tag","embeddable":true,"href":"https:\/\/lasentinelle.dz\/index.php\/wp-json\/wp\/v2\/tags?post=25515"}],"curies":[{"name":"wp","href":"https:\/\/api.w.org\/{rel}","templated":true}]}}