{"id":25588,"date":"2022-08-14T00:01:00","date_gmt":"2022-08-13T23:01:00","guid":{"rendered":"https:\/\/lasentinelle.dz\/?p=25588"},"modified":"2022-08-13T19:15:14","modified_gmt":"2022-08-13T18:15:14","slug":"ami-de-la-revolution-algerienne-deces-du-journaliste-italien-piero-angela","status":"publish","type":"post","link":"https:\/\/lasentinelle.dz\/index.php\/2022\/08\/14\/ami-de-la-revolution-algerienne-deces-du-journaliste-italien-piero-angela\/","title":{"rendered":"Ami de la R\u00e9volution alg\u00e9rienne\u00a0:\u00a0D\u00e9c\u00e8s du journaliste italien Piero Angela"},"content":{"rendered":"\n<p>Le journaliste italien, Piero Angela, ami de la R\u00e9volution alg\u00e9rienne est d\u00e9c\u00e9d\u00e9, samedi \u00e0 l&rsquo;\u00e2ge de 93 ans, a annonc\u00e9 son fils sur son compte twitter.&nbsp;Le d\u00e9funt a \u00e9t\u00e9 distingu\u00e9, l&rsquo;ann\u00e9e \u00e9coul\u00e9e, par le pr\u00e9sident de la R\u00e9publique, M. Abdelmadjid Tebboune qui lui a d\u00e9cern\u00e9 la \u00ab\u00a0M\u00e9daille des amis de la R\u00e9volution alg\u00e9rienne\u00a0\u00bb.&nbsp;La M\u00e9daille lui a \u00e9t\u00e9 remise, en mars dernier, au si\u00e8ge de l&rsquo;ambassade d&rsquo;Alg\u00e9rie \u00e0 Rome, en reconnaissance de son soutien \u00e0 la glorieuse R\u00e9volution alg\u00e9rienne.&nbsp;N\u00e9 le 22 d\u00e9cembre 1928 \u00e0 Turin en Italie, Piero Angela a soutenu par sa plume aux c\u00f4t\u00e9s d&rsquo;autres journalistes italiens, la lutte du peuple alg\u00e9rien pour sa libert\u00e9.&nbsp;Il a cor\u00e9alis\u00e9 avec le journaliste Bernardo Valli, distingu\u00e9 lui aussi par le pr\u00e9sident Tebboune qui lui a d\u00e9cern\u00e9 la \u00ab\u00a0M\u00e9daille des amis de la R\u00e9volution alg\u00e9rienne\u00a0\u00bb, un documentaire lors des manifestations du 11 d\u00e9cembre 1960, qui avait grandement contribu\u00e9 \u00e0 l&rsquo;internationalisation de la cause alg\u00e9rienne.<\/p>\n\n\n\n<p>APS<\/p>\n","protected":false},"excerpt":{"rendered":"<p>Le journaliste italien, Piero Angela, ami de la R\u00e9volution alg\u00e9rienne est d\u00e9c\u00e9d\u00e9, samedi \u00e0 l&rsquo;\u00e2ge de 93 ans, a annonc\u00e9<\/p>\n","protected":false},"author":3,"featured_media":25603,"comment_status":"open","ping_status":"closed","sticky":false,"template":"","format":"standard","meta":{"colormag_page_container_layout":"default_layout","colormag_page_sidebar_layout":"default_layout","om_disable_all_campaigns":false,"_monsterinsights_skip_tracking":false,"_monsterinsights_sitenote_active":false,"_monsterinsights_sitenote_note":"","_monsterinsights_sitenote_category":0,"footnotes":"","_wpscppro_dont_share_socialmedia":false,"_wpscppro_custom_social_share_image":0,"_facebook_share_type":"","_twitter_share_type":"","_linkedin_share_type":"","_pinterest_share_type":"","_linkedin_share_type_page":"","_instagram_share_type":"","_medium_share_type":"","_threads_share_type":"","_google_business_share_type":"","_selected_social_profile":[],"_wpsp_enable_custom_social_template":false,"_wpsp_social_scheduling":{"enabled":false,"datetime":null,"platforms":[],"status":"template_only","dateOption":"today","timeOption":"now","customDays":"","customHours":"","customDate":"","customTime":"","schedulingType":"absolute"},"_wpsp_active_default_template":true},"categories":[27],"tags":[],"class_list":["post-25588","post","type-post","status-publish","format-standard","has-post-thumbnail","hentry","category-actualite"],"aioseo_notices":[],"yoast_head":"<!-- This site is optimized with the Yoast SEO plugin v27.5 - https:\/\/yoast.com\/product\/yoast-seo-wordpress\/ -->\n<title>Ami de la R\u00e9volution alg\u00e9rienne\u00a0:\u00a0D\u00e9c\u00e8s du journaliste italien Piero Angela - La Sentinelle<\/title>\n<meta name=\"robots\" content=\"index, follow, max-snippet:-1, max-image-preview:large, max-video-preview:-1\" \/>\n<link rel=\"canonical\" href=\"https:\/\/lasentinelle.dz\/index.php\/2022\/08\/14\/ami-de-la-revolution-algerienne-deces-du-journaliste-italien-piero-angela\/\" \/>\n<meta property=\"og:locale\" content=\"fr_FR\" \/>\n<meta property=\"og:type\" content=\"article\" \/>\n<meta property=\"og:title\" content=\"Ami de la R\u00e9volution alg\u00e9rienne\u00a0:\u00a0D\u00e9c\u00e8s du journaliste italien Piero Angela - La Sentinelle\" \/>\n<meta property=\"og:description\" content=\"Le journaliste italien, Piero Angela, ami de la R\u00e9volution alg\u00e9rienne est d\u00e9c\u00e9d\u00e9, samedi \u00e0 l&rsquo;\u00e2ge de 93 ans, a annonc\u00e9\" \/>\n<meta property=\"og:url\" content=\"https:\/\/lasentinelle.dz\/index.php\/2022\/08\/14\/ami-de-la-revolution-algerienne-deces-du-journaliste-italien-piero-angela\/\" \/>\n<meta property=\"og:site_name\" content=\"La Sentinelle\" \/>\n<meta property=\"article:publisher\" content=\"https:\/\/www.facebook.com\/La-Sentinelle-104059864394773\" \/>\n<meta property=\"article:published_time\" content=\"2022-08-13T23:01:00+00:00\" \/>\n<meta property=\"og:image\" content=\"https:\/\/lasentinelle.dz\/wp-content\/uploads\/2022\/08\/Piero-Angela-Regina-Elisabetta-Superquark-835x430-1.jpg\" \/>\n\t<meta property=\"og:image:width\" content=\"835\" \/>\n\t<meta property=\"og:image:height\" content=\"430\" \/>\n\t<meta property=\"og:image:type\" content=\"image\/jpeg\" \/>\n<meta name=\"author\" content=\"La Sentinelle\" \/>\n<meta name=\"twitter:card\" content=\"summary_large_image\" \/>\n<meta name=\"twitter:label1\" content=\"\u00c9crit par\" \/>\n\t<meta name=\"twitter:data1\" content=\"La Sentinelle\" \/>\n\t<meta name=\"twitter:label2\" content=\"Dur\u00e9e de lecture estim\u00e9e\" \/>\n\t<meta name=\"twitter:data2\" content=\"1 minute\" \/>\n<script type=\"application\/ld+json\" class=\"yoast-schema-graph\">{\"@context\":\"https:\\\/\\\/schema.org\",\"@graph\":[{\"@type\":\"Article\",\"@id\":\"https:\\\/\\\/lasentinelle.dz\\\/index.php\\\/2022\\\/08\\\/14\\\/ami-de-la-revolution-algerienne-deces-du-journaliste-italien-piero-angela\\\/#article\",\"isPartOf\":{\"@id\":\"https:\\\/\\\/lasentinelle.dz\\\/index.php\\\/2022\\\/08\\\/14\\\/ami-de-la-revolution-algerienne-deces-du-journaliste-italien-piero-angela\\\/\"},\"author\":{\"name\":\"La Sentinelle\",\"@id\":\"https:\\\/\\\/lasentinelle.dz\\\/#\\\/schema\\\/person\\\/d865044e22e70a75174ce8bcad3acfb3\"},\"headline\":\"Ami de la R\u00e9volution alg\u00e9rienne\u00a0:\u00a0D\u00e9c\u00e8s du journaliste italien Piero Angela\",\"datePublished\":\"2022-08-13T23:01:00+00:00\",\"mainEntityOfPage\":{\"@id\":\"https:\\\/\\\/lasentinelle.dz\\\/index.php\\\/2022\\\/08\\\/14\\\/ami-de-la-revolution-algerienne-deces-du-journaliste-italien-piero-angela\\\/\"},\"wordCount\":201,\"commentCount\":0,\"publisher\":{\"@id\":\"https:\\\/\\\/lasentinelle.dz\\\/#organization\"},\"image\":{\"@id\":\"https:\\\/\\\/lasentinelle.dz\\\/index.php\\\/2022\\\/08\\\/14\\\/ami-de-la-revolution-algerienne-deces-du-journaliste-italien-piero-angela\\\/#primaryimage\"},\"thumbnailUrl\":\"https:\\\/\\\/lasentinelle.dz\\\/wp-content\\\/uploads\\\/2022\\\/08\\\/Piero-Angela-Regina-Elisabetta-Superquark-835x430-1.jpg\",\"articleSection\":[\"Actualit\u00e9\"],\"inLanguage\":\"fr-FR\",\"potentialAction\":[{\"@type\":\"CommentAction\",\"name\":\"Comment\",\"target\":[\"https:\\\/\\\/lasentinelle.dz\\\/index.php\\\/2022\\\/08\\\/14\\\/ami-de-la-revolution-algerienne-deces-du-journaliste-italien-piero-angela\\\/#respond\"]}]},{\"@type\":\"WebPage\",\"@id\":\"https:\\\/\\\/lasentinelle.dz\\\/index.php\\\/2022\\\/08\\\/14\\\/ami-de-la-revolution-algerienne-deces-du-journaliste-italien-piero-angela\\\/\",\"url\":\"https:\\\/\\\/lasentinelle.dz\\\/index.php\\\/2022\\\/08\\\/14\\\/ami-de-la-revolution-algerienne-deces-du-journaliste-italien-piero-angela\\\/\",\"name\":\"Ami de la R\u00e9volution alg\u00e9rienne\u00a0:\u00a0D\u00e9c\u00e8s du journaliste italien Piero Angela - La Sentinelle\",\"isPartOf\":{\"@id\":\"https:\\\/\\\/lasentinelle.dz\\\/#website\"},\"primaryImageOfPage\":{\"@id\":\"https:\\\/\\\/lasentinelle.dz\\\/index.php\\\/2022\\\/08\\\/14\\\/ami-de-la-revolution-algerienne-deces-du-journaliste-italien-piero-angela\\\/#primaryimage\"},\"image\":{\"@id\":\"https:\\\/\\\/lasentinelle.dz\\\/index.php\\\/2022\\\/08\\\/14\\\/ami-de-la-revolution-algerienne-deces-du-journaliste-italien-piero-angela\\\/#primaryimage\"},\"thumbnailUrl\":\"https:\\\/\\\/lasentinelle.dz\\\/wp-content\\\/uploads\\\/2022\\\/08\\\/Piero-Angela-Regina-Elisabetta-Superquark-835x430-1.jpg\",\"datePublished\":\"2022-08-13T23:01:00+00:00\",\"breadcrumb\":{\"@id\":\"https:\\\/\\\/lasentinelle.dz\\\/index.php\\\/2022\\\/08\\\/14\\\/ami-de-la-revolution-algerienne-deces-du-journaliste-italien-piero-angela\\\/#breadcrumb\"},\"inLanguage\":\"fr-FR\",\"potentialAction\":[{\"@type\":\"ReadAction\",\"target\":[\"https:\\\/\\\/lasentinelle.dz\\\/index.php\\\/2022\\\/08\\\/14\\\/ami-de-la-revolution-algerienne-deces-du-journaliste-italien-piero-angela\\\/\"]}]},{\"@type\":\"ImageObject\",\"inLanguage\":\"fr-FR\",\"@id\":\"https:\\\/\\\/lasentinelle.dz\\\/index.php\\\/2022\\\/08\\\/14\\\/ami-de-la-revolution-algerienne-deces-du-journaliste-italien-piero-angela\\\/#primaryimage\",\"url\":\"https:\\\/\\\/lasentinelle.dz\\\/wp-content\\\/uploads\\\/2022\\\/08\\\/Piero-Angela-Regina-Elisabetta-Superquark-835x430-1.jpg\",\"contentUrl\":\"https:\\\/\\\/lasentinelle.dz\\\/wp-content\\\/uploads\\\/2022\\\/08\\\/Piero-Angela-Regina-Elisabetta-Superquark-835x430-1.jpg\",\"width\":835,\"height\":430},{\"@type\":\"BreadcrumbList\",\"@id\":\"https:\\\/\\\/lasentinelle.dz\\\/index.php\\\/2022\\\/08\\\/14\\\/ami-de-la-revolution-algerienne-deces-du-journaliste-italien-piero-angela\\\/#breadcrumb\",\"itemListElement\":[{\"@type\":\"ListItem\",\"position\":1,\"name\":\"Accueil\",\"item\":\"https:\\\/\\\/lasentinelle.dz\\\/\"},{\"@type\":\"ListItem\",\"position\":2,\"name\":\"Ami de la R\u00e9volution alg\u00e9rienne\u00a0:\u00a0D\u00e9c\u00e8s du journaliste italien Piero Angela\"}]},{\"@type\":\"WebSite\",\"@id\":\"https:\\\/\\\/lasentinelle.dz\\\/#website\",\"url\":\"https:\\\/\\\/lasentinelle.dz\\\/\",\"name\":\"La Sentinelle\",\"description\":\"Quotidien national d&#039;information\",\"publisher\":{\"@id\":\"https:\\\/\\\/lasentinelle.dz\\\/#organization\"},\"potentialAction\":[{\"@type\":\"SearchAction\",\"target\":{\"@type\":\"EntryPoint\",\"urlTemplate\":\"https:\\\/\\\/lasentinelle.dz\\\/?s={search_term_string}\"},\"query-input\":{\"@type\":\"PropertyValueSpecification\",\"valueRequired\":true,\"valueName\":\"search_term_string\"}}],\"inLanguage\":\"fr-FR\"},{\"@type\":\"Organization\",\"@id\":\"https:\\\/\\\/lasentinelle.dz\\\/#organization\",\"name\":\"Quotidien La Sentinelle\",\"url\":\"https:\\\/\\\/lasentinelle.dz\\\/\",\"logo\":{\"@type\":\"ImageObject\",\"inLanguage\":\"fr-FR\",\"@id\":\"https:\\\/\\\/lasentinelle.dz\\\/#\\\/schema\\\/logo\\\/image\\\/\",\"url\":\"https:\\\/\\\/lasentinelle.dz\\\/wp-content\\\/uploads\\\/2021\\\/09\\\/logo-sentinelleSLOGAN-1.png\",\"contentUrl\":\"https:\\\/\\\/lasentinelle.dz\\\/wp-content\\\/uploads\\\/2021\\\/09\\\/logo-sentinelleSLOGAN-1.png\",\"width\":615,\"height\":142,\"caption\":\"Quotidien La Sentinelle\"},\"image\":{\"@id\":\"https:\\\/\\\/lasentinelle.dz\\\/#\\\/schema\\\/logo\\\/image\\\/\"},\"sameAs\":[\"https:\\\/\\\/www.facebook.com\\\/La-Sentinelle-104059864394773\"]},{\"@type\":\"Person\",\"@id\":\"https:\\\/\\\/lasentinelle.dz\\\/#\\\/schema\\\/person\\\/d865044e22e70a75174ce8bcad3acfb3\",\"name\":\"La Sentinelle\",\"image\":{\"@type\":\"ImageObject\",\"inLanguage\":\"fr-FR\",\"@id\":\"https:\\\/\\\/secure.gravatar.com\\\/avatar\\\/57de8e5d4b15d43fb361a71fbb36338450fe67865b528a43dd10ef7c51a20392?s=96&d=mm&r=g\",\"url\":\"https:\\\/\\\/secure.gravatar.com\\\/avatar\\\/57de8e5d4b15d43fb361a71fbb36338450fe67865b528a43dd10ef7c51a20392?s=96&d=mm&r=g\",\"contentUrl\":\"https:\\\/\\\/secure.gravatar.com\\\/avatar\\\/57de8e5d4b15d43fb361a71fbb36338450fe67865b528a43dd10ef7c51a20392?s=96&d=mm&r=g\",\"caption\":\"La Sentinelle\"},\"sameAs\":[\"http:\\\/\\\/www.lasentinelle.dz\"],\"url\":\"https:\\\/\\\/lasentinelle.dz\\\/author\\\/redaction\\\/\"}]}<\/script>\n<!-- \/ Yoast SEO plugin. -->","yoast_head_json":{"title":"Ami de la R\u00e9volution alg\u00e9rienne\u00a0:\u00a0D\u00e9c\u00e8s du journaliste italien Piero Angela - La Sentinelle","robots":{"index":"index","follow":"follow","max-snippet":"max-snippet:-1","max-image-preview":"max-image-preview:large","max-video-preview":"max-video-preview:-1"},"canonical":"https:\/\/lasentinelle.dz\/index.php\/2022\/08\/14\/ami-de-la-revolution-algerienne-deces-du-journaliste-italien-piero-angela\/","og_locale":"fr_FR","og_type":"article","og_title":"Ami de la R\u00e9volution alg\u00e9rienne\u00a0:\u00a0D\u00e9c\u00e8s du journaliste italien Piero Angela - La Sentinelle","og_description":"Le journaliste italien, Piero Angela, ami de la R\u00e9volution alg\u00e9rienne est d\u00e9c\u00e9d\u00e9, samedi \u00e0 l&rsquo;\u00e2ge de 93 ans, a annonc\u00e9","og_url":"https:\/\/lasentinelle.dz\/index.php\/2022\/08\/14\/ami-de-la-revolution-algerienne-deces-du-journaliste-italien-piero-angela\/","og_site_name":"La Sentinelle","article_publisher":"https:\/\/www.facebook.com\/La-Sentinelle-104059864394773","article_published_time":"2022-08-13T23:01:00+00:00","og_image":[{"width":835,"height":430,"url":"https:\/\/lasentinelle.dz\/wp-content\/uploads\/2022\/08\/Piero-Angela-Regina-Elisabetta-Superquark-835x430-1.jpg","type":"image\/jpeg"}],"author":"La Sentinelle","twitter_card":"summary_large_image","twitter_misc":{"\u00c9crit par":"La Sentinelle","Dur\u00e9e de lecture estim\u00e9e":"1 minute"},"schema":{"@context":"https:\/\/schema.org","@graph":[{"@type":"Article","@id":"https:\/\/lasentinelle.dz\/index.php\/2022\/08\/14\/ami-de-la-revolution-algerienne-deces-du-journaliste-italien-piero-angela\/#article","isPartOf":{"@id":"https:\/\/lasentinelle.dz\/index.php\/2022\/08\/14\/ami-de-la-revolution-algerienne-deces-du-journaliste-italien-piero-angela\/"},"author":{"name":"La Sentinelle","@id":"https:\/\/lasentinelle.dz\/#\/schema\/person\/d865044e22e70a75174ce8bcad3acfb3"},"headline":"Ami de la R\u00e9volution alg\u00e9rienne\u00a0:\u00a0D\u00e9c\u00e8s du journaliste italien Piero Angela","datePublished":"2022-08-13T23:01:00+00:00","mainEntityOfPage":{"@id":"https:\/\/lasentinelle.dz\/index.php\/2022\/08\/14\/ami-de-la-revolution-algerienne-deces-du-journaliste-italien-piero-angela\/"},"wordCount":201,"commentCount":0,"publisher":{"@id":"https:\/\/lasentinelle.dz\/#organization"},"image":{"@id":"https:\/\/lasentinelle.dz\/index.php\/2022\/08\/14\/ami-de-la-revolution-algerienne-deces-du-journaliste-italien-piero-angela\/#primaryimage"},"thumbnailUrl":"https:\/\/lasentinelle.dz\/wp-content\/uploads\/2022\/08\/Piero-Angela-Regina-Elisabetta-Superquark-835x430-1.jpg","articleSection":["Actualit\u00e9"],"inLanguage":"fr-FR","potentialAction":[{"@type":"CommentAction","name":"Comment","target":["https:\/\/lasentinelle.dz\/index.php\/2022\/08\/14\/ami-de-la-revolution-algerienne-deces-du-journaliste-italien-piero-angela\/#respond"]}]},{"@type":"WebPage","@id":"https:\/\/lasentinelle.dz\/index.php\/2022\/08\/14\/ami-de-la-revolution-algerienne-deces-du-journaliste-italien-piero-angela\/","url":"https:\/\/lasentinelle.dz\/index.php\/2022\/08\/14\/ami-de-la-revolution-algerienne-deces-du-journaliste-italien-piero-angela\/","name":"Ami de la R\u00e9volution alg\u00e9rienne\u00a0:\u00a0D\u00e9c\u00e8s du journaliste italien Piero Angela - La Sentinelle","isPartOf":{"@id":"https:\/\/lasentinelle.dz\/#website"},"primaryImageOfPage":{"@id":"https:\/\/lasentinelle.dz\/index.php\/2022\/08\/14\/ami-de-la-revolution-algerienne-deces-du-journaliste-italien-piero-angela\/#primaryimage"},"image":{"@id":"https:\/\/lasentinelle.dz\/index.php\/2022\/08\/14\/ami-de-la-revolution-algerienne-deces-du-journaliste-italien-piero-angela\/#primaryimage"},"thumbnailUrl":"https:\/\/lasentinelle.dz\/wp-content\/uploads\/2022\/08\/Piero-Angela-Regina-Elisabetta-Superquark-835x430-1.jpg","datePublished":"2022-08-13T23:01:00+00:00","breadcrumb":{"@id":"https:\/\/lasentinelle.dz\/index.php\/2022\/08\/14\/ami-de-la-revolution-algerienne-deces-du-journaliste-italien-piero-angela\/#breadcrumb"},"inLanguage":"fr-FR","potentialAction":[{"@type":"ReadAction","target":["https:\/\/lasentinelle.dz\/index.php\/2022\/08\/14\/ami-de-la-revolution-algerienne-deces-du-journaliste-italien-piero-angela\/"]}]},{"@type":"ImageObject","inLanguage":"fr-FR","@id":"https:\/\/lasentinelle.dz\/index.php\/2022\/08\/14\/ami-de-la-revolution-algerienne-deces-du-journaliste-italien-piero-angela\/#primaryimage","url":"https:\/\/lasentinelle.dz\/wp-content\/uploads\/2022\/08\/Piero-Angela-Regina-Elisabetta-Superquark-835x430-1.jpg","contentUrl":"https:\/\/lasentinelle.dz\/wp-content\/uploads\/2022\/08\/Piero-Angela-Regina-Elisabetta-Superquark-835x430-1.jpg","width":835,"height":430},{"@type":"BreadcrumbList","@id":"https:\/\/lasentinelle.dz\/index.php\/2022\/08\/14\/ami-de-la-revolution-algerienne-deces-du-journaliste-italien-piero-angela\/#breadcrumb","itemListElement":[{"@type":"ListItem","position":1,"name":"Accueil","item":"https:\/\/lasentinelle.dz\/"},{"@type":"ListItem","position":2,"name":"Ami de la R\u00e9volution alg\u00e9rienne\u00a0:\u00a0D\u00e9c\u00e8s du journaliste italien Piero Angela"}]},{"@type":"WebSite","@id":"https:\/\/lasentinelle.dz\/#website","url":"https:\/\/lasentinelle.dz\/","name":"La Sentinelle","description":"Quotidien national d&#039;information","publisher":{"@id":"https:\/\/lasentinelle.dz\/#organization"},"potentialAction":[{"@type":"SearchAction","target":{"@type":"EntryPoint","urlTemplate":"https:\/\/lasentinelle.dz\/?s={search_term_string}"},"query-input":{"@type":"PropertyValueSpecification","valueRequired":true,"valueName":"search_term_string"}}],"inLanguage":"fr-FR"},{"@type":"Organization","@id":"https:\/\/lasentinelle.dz\/#organization","name":"Quotidien La Sentinelle","url":"https:\/\/lasentinelle.dz\/","logo":{"@type":"ImageObject","inLanguage":"fr-FR","@id":"https:\/\/lasentinelle.dz\/#\/schema\/logo\/image\/","url":"https:\/\/lasentinelle.dz\/wp-content\/uploads\/2021\/09\/logo-sentinelleSLOGAN-1.png","contentUrl":"https:\/\/lasentinelle.dz\/wp-content\/uploads\/2021\/09\/logo-sentinelleSLOGAN-1.png","width":615,"height":142,"caption":"Quotidien La Sentinelle"},"image":{"@id":"https:\/\/lasentinelle.dz\/#\/schema\/logo\/image\/"},"sameAs":["https:\/\/www.facebook.com\/La-Sentinelle-104059864394773"]},{"@type":"Person","@id":"https:\/\/lasentinelle.dz\/#\/schema\/person\/d865044e22e70a75174ce8bcad3acfb3","name":"La Sentinelle","image":{"@type":"ImageObject","inLanguage":"fr-FR","@id":"https:\/\/secure.gravatar.com\/avatar\/57de8e5d4b15d43fb361a71fbb36338450fe67865b528a43dd10ef7c51a20392?s=96&d=mm&r=g","url":"https:\/\/secure.gravatar.com\/avatar\/57de8e5d4b15d43fb361a71fbb36338450fe67865b528a43dd10ef7c51a20392?s=96&d=mm&r=g","contentUrl":"https:\/\/secure.gravatar.com\/avatar\/57de8e5d4b15d43fb361a71fbb36338450fe67865b528a43dd10ef7c51a20392?s=96&d=mm&r=g","caption":"La Sentinelle"},"sameAs":["http:\/\/www.lasentinelle.dz"],"url":"https:\/\/lasentinelle.dz\/author\/redaction\/"}]}},"_links":{"self":[{"href":"https:\/\/lasentinelle.dz\/index.php\/wp-json\/wp\/v2\/posts\/25588","targetHints":{"allow":["GET"]}}],"collection":[{"href":"https:\/\/lasentinelle.dz\/index.php\/wp-json\/wp\/v2\/posts"}],"about":[{"href":"https:\/\/lasentinelle.dz\/index.php\/wp-json\/wp\/v2\/types\/post"}],"author":[{"embeddable":true,"href":"https:\/\/lasentinelle.dz\/index.php\/wp-json\/wp\/v2\/users\/3"}],"replies":[{"embeddable":true,"href":"https:\/\/lasentinelle.dz\/index.php\/wp-json\/wp\/v2\/comments?post=25588"}],"version-history":[{"count":1,"href":"https:\/\/lasentinelle.dz\/index.php\/wp-json\/wp\/v2\/posts\/25588\/revisions"}],"predecessor-version":[{"id":25604,"href":"https:\/\/lasentinelle.dz\/index.php\/wp-json\/wp\/v2\/posts\/25588\/revisions\/25604"}],"wp:featuredmedia":[{"embeddable":true,"href":"https:\/\/lasentinelle.dz\/index.php\/wp-json\/wp\/v2\/media\/25603"}],"wp:attachment":[{"href":"https:\/\/lasentinelle.dz\/index.php\/wp-json\/wp\/v2\/media?parent=25588"}],"wp:term":[{"taxonomy":"category","embeddable":true,"href":"https:\/\/lasentinelle.dz\/index.php\/wp-json\/wp\/v2\/categories?post=25588"},{"taxonomy":"post_tag","embeddable":true,"href":"https:\/\/lasentinelle.dz\/index.php\/wp-json\/wp\/v2\/tags?post=25588"}],"curies":[{"name":"wp","href":"https:\/\/api.w.org\/{rel}","templated":true}]}}