{"id":25606,"date":"2022-08-14T00:05:00","date_gmt":"2022-08-13T23:05:00","guid":{"rendered":"https:\/\/lasentinelle.dz\/?p=25606"},"modified":"2022-08-13T19:59:18","modified_gmt":"2022-08-13T18:59:18","slug":"la-vague-de-chaleur-continuera-daffecter-plusieurs-wilayas-aujourdhui-gare-a-la-canicule","status":"publish","type":"post","link":"https:\/\/lasentinelle.dz\/index.php\/2022\/08\/14\/la-vague-de-chaleur-continuera-daffecter-plusieurs-wilayas-aujourdhui-gare-a-la-canicule\/","title":{"rendered":"La vague de chaleur continuera d\u2019affecter plusieurs wilayas aujourd\u2019hui\u00a0: Gare \u00e0 la canicule !"},"content":{"rendered":"\n<p>Les temp\u00e9ratures caniculaires qui affectent le nord du pays depuis hier persisteront aujourd\u2019hui et imposent la vigilance notamment de la part des personnes fragiles, les jeunes enfants et les personnes \u00e2g\u00e9es notamment.&nbsp;<\/p>\n\n\n\n<p>En effet, bulletin m\u00e9t\u00e9orologique sp\u00e9cial (BMS) \u00e9mis par l&rsquo;Office national de m\u00e9t\u00e9orologie&nbsp;&nbsp;a indiqu\u00e9 hier que des temp\u00e9ratures caniculaires continueront d&rsquo;affecter plusieurs wilayas de l&rsquo;Ouest et du Centre du pays jusqu&rsquo;\u00e0 aujourd\u2019hui. Plac\u00e9e en vigilance \u00ab\u00a0Orange\u00a0\u00bb, le bulletin concerne les wilayas d&rsquo;Ain Temouchent, Oran, Mostaganem, Tipaza, Alger et Boumerdes o\u00f9 les temp\u00e9ratures oscilleront entre 40 et 42 degr\u00e9s, alors les temp\u00e9ratures attendues dans les wilayas de Tlemcen, Sidi Bel Abb\u00e9s, Mascara, Relizane, Chlef et Ain-Defla se situeront entre 44 et 46 degr\u00e9s, pr\u00e9cise la m\u00eame source.<\/p>\n\n\n\n<p>Intervenant sur les ondes de la cha\u00eene 1 de la&nbsp;&nbsp;radio nationale, l\u2019ing\u00e9nieur sp\u00e9cialiste en m\u00e9t\u00e9orologie, Bouada Nihad, a indiqu\u00e9 que \u00abcette vague de chaleur, qui affecte l\u2019ouest et le centre du pays, atteindra des seuils allant de 40 \u00e0 46 degr\u00e9s,&nbsp;avant que les temp\u00e9ratures ne&nbsp;&nbsp;baissent&nbsp;d\u00e8s demain.&nbsp;\u00bb Elle avertit cependant que le mercure repartira \u00e0&nbsp;la hausse \u00e0 partir de mercredi au niveau des villes c\u00f4ti\u00e8res et des villes int\u00e9rieures de la&nbsp;r\u00e9gion&nbsp;Est du pays.&nbsp;<\/p>\n\n\n\n<p>Une chaleur persistante qui impose d\u2019observer un certain nombre de mesures de pr\u00e9vention et de s\u2019en tenir \u00e0 la vigilance. Dans ce sens, la&nbsp;Direction g\u00e9n\u00e9rale de la&nbsp;Protection civile&nbsp;a tenu \u00e0 rappeler certaines de&nbsp;&nbsp;ces mesures, appelant \u00e0 \u00abla vigilance et au respect des conseils pr\u00e9ventifs, afin de r\u00e9duire les risques li\u00e9s \u00e0 cette canicule et invite les citoyens au strict respect des consignes de pr\u00e9vention \u00bb. Il s\u2019agit, selon la m\u00eame source, d\u2019\u00e9viter de \u00abs\u2019exposer au soleil en particulier pour les personnes \u00e2g\u00e9es, les personnes atteintes de maladies chroniques ainsi que les enfants\u00bb, de fermer&nbsp;&nbsp;les volets et les rideaux des fa\u00e7ades expos\u00e9es au soleil, de maintenir les fen\u00eatres, volets ferm\u00e9s le jour, les ouvrir la nuit pour laisser p\u00e9n\u00e9trer la fra\u00eecheur, de provoquer des courants d\u2019air dans tout le b\u00e2timent d\u00e8s que la temp\u00e9rature ext\u00e9rieure est plus basse que la temp\u00e9rature int\u00e9rieure, d\u2019\u00e9viter les endroits confin\u00e9s et baisser ou \u00e9teindre les lumi\u00e8res \u00e9lectriques et d\u2019\u00e9viter de se d\u00e9placer&nbsp;pendant cette p\u00e9riode, sauf en cas de n\u00e9cessit\u00e9. La&nbsp;Direction&nbsp;g\u00e9n\u00e9rale&nbsp;de la&nbsp;Protection civile recommande \u00e9galement des d\u00e9placements t\u00f4t le matin ou tard le soir, en particulier dans les wilayas int\u00e9rieures, de rester&nbsp;\u00e0 l\u2019ombre, de porter&nbsp;un&nbsp;chapeau, des v\u00eatements l\u00e9gers (coton) et amples, de pr\u00e9f\u00e9rence de couleur claire, d\u2019\u00e9viter les activit\u00e9s ext\u00e9rieures n\u00e9cessitant des d\u00e9penses d\u2019\u00e9nergie trop importante comme les sports,&nbsp;&nbsp;le jardinage et autres bricolages, d\u2019\u00e9viter les baignades dans des r\u00e9serves d\u2019eau comme dans les barrage, les retenue collinaires, les marres&nbsp;&nbsp;et bassin d\u2019eau et d\u2019\u00e9viter les plages interdites&nbsp;\u00e0&nbsp;la baignade, en plus d\u2019apporter assistance aux personnes d\u00e9pendantes comme les nourrissons et enfants,&nbsp;les&nbsp;personnes \u00e2g\u00e9es&nbsp;et&nbsp;malades en les hydratant r\u00e9guli\u00e8rement . Les conducteurs, dont les v\u00e9hicules sont d\u00e9pourvus du syst\u00e8me&nbsp;d\u2019air conditionn\u00e9, sont appel\u00e9s \u00e0 \u00e9viter d\u2019effectuer les longs trajets au cours de la journ\u00e9e, leur recommandant d\u2019opter d\u2019effectuer leur trajets&nbsp;la nuit, d\u2019opter pour les endroits frais dans les stationnements, de ne jamais&nbsp;&nbsp;laisser les enfants seuls \u00e0 l\u2019int\u00e9rieur d\u2019un v\u00e9hicule.&nbsp;&nbsp;La&nbsp;Direction g\u00e9n\u00e9rale de la&nbsp;Protection civile exhorte les f\u00e9rus de la nature et des espaces forestiers \u00e0 \u00ab\u00e9viter toutes actions pouvant \u00eatre \u00e0 l\u2019origine d\u2019un d\u00e9part de feux\u00bb, rappelant \u00ables dispositions \u00e0 prendre en cas d\u2019\u00e9ventuel feu, en prenant en attache, via le num\u00e9ro vert 1021 et le num\u00e9ro d\u2019urgence le 14,&nbsp;&nbsp;tout en pr\u00e9cisant l\u2019adresse exacte et la nature de l\u2019accident, et ce&nbsp;&nbsp;pour une prise en charge rapide et efficace.&nbsp;<\/p>\n\n\n\n<p>De son c\u00f4t\u00e9, le minist\u00e8re de la Sant\u00e9, de la Population et de la R\u00e9forme hospitali\u00e8re a appel\u00e9 \u00e0 prendre garde aux risques d\u2019insolation et de coups de chaleurs en rappelant les principaux sympt\u00f4mes, \u00e0 l\u2019image des maux de t\u00eate aigus, des vomissements, la soif intense, la hausse inhabituelle de la temp\u00e9rature corporelle et la d\u00e9sorientation. Il recommande ainsi de prendre attache avec les services d\u2019urgences pour une prise en charge m\u00e9dicale imm\u00e9diate, de mettre la personne affect\u00e9e dans un endroit frais, de l\u2019hydrater et de l\u2019a\u00e9rer et de placer une compresse mouill\u00e9e sur sa t\u00eate.<\/p>\n\n\n\n<p><strong>Amar Malki<\/strong><\/p>\n","protected":false},"excerpt":{"rendered":"<p>Les temp\u00e9ratures caniculaires qui affectent le nord du pays depuis hier persisteront aujourd\u2019hui et imposent la vigilance notamment de la<\/p>\n","protected":false},"author":3,"featured_media":25612,"comment_status":"open","ping_status":"closed","sticky":false,"template":"","format":"standard","meta":{"colormag_page_container_layout":"default_layout","colormag_page_sidebar_layout":"default_layout","om_disable_all_campaigns":false,"_monsterinsights_skip_tracking":false,"_monsterinsights_sitenote_active":false,"_monsterinsights_sitenote_note":"","_monsterinsights_sitenote_category":0,"footnotes":"","_wpscppro_dont_share_socialmedia":false,"_wpscppro_custom_social_share_image":0,"_facebook_share_type":"","_twitter_share_type":"","_linkedin_share_type":"","_pinterest_share_type":"","_linkedin_share_type_page":"","_instagram_share_type":"","_medium_share_type":"","_threads_share_type":"","_google_business_share_type":"","_selected_social_profile":[],"_wpsp_enable_custom_social_template":false,"_wpsp_social_scheduling":{"enabled":false,"datetime":null,"platforms":[],"status":"template_only","dateOption":"today","timeOption":"now","customDays":"","customHours":"","customDate":"","customTime":"","schedulingType":"absolute"},"_wpsp_active_default_template":true},"categories":[27],"tags":[],"class_list":["post-25606","post","type-post","status-publish","format-standard","has-post-thumbnail","hentry","category-actualite"],"aioseo_notices":[],"yoast_head":"<!-- This site is optimized with the Yoast SEO plugin v27.5 - https:\/\/yoast.com\/product\/yoast-seo-wordpress\/ -->\n<title>La vague de chaleur continuera d\u2019affecter plusieurs wilayas aujourd\u2019hui\u00a0: Gare \u00e0 la canicule ! - La Sentinelle<\/title>\n<meta name=\"robots\" content=\"index, follow, max-snippet:-1, max-image-preview:large, max-video-preview:-1\" \/>\n<link rel=\"canonical\" href=\"https:\/\/lasentinelle.dz\/index.php\/2022\/08\/14\/la-vague-de-chaleur-continuera-daffecter-plusieurs-wilayas-aujourdhui-gare-a-la-canicule\/\" \/>\n<meta property=\"og:locale\" content=\"fr_FR\" \/>\n<meta property=\"og:type\" content=\"article\" \/>\n<meta property=\"og:title\" content=\"La vague de chaleur continuera d\u2019affecter plusieurs wilayas aujourd\u2019hui\u00a0: Gare \u00e0 la canicule ! - La Sentinelle\" \/>\n<meta property=\"og:description\" content=\"Les temp\u00e9ratures caniculaires qui affectent le nord du pays depuis hier persisteront aujourd\u2019hui et imposent la vigilance notamment de la\" \/>\n<meta property=\"og:url\" content=\"https:\/\/lasentinelle.dz\/index.php\/2022\/08\/14\/la-vague-de-chaleur-continuera-daffecter-plusieurs-wilayas-aujourdhui-gare-a-la-canicule\/\" \/>\n<meta property=\"og:site_name\" content=\"La Sentinelle\" \/>\n<meta property=\"article:publisher\" content=\"https:\/\/www.facebook.com\/La-Sentinelle-104059864394773\" \/>\n<meta property=\"article:published_time\" content=\"2022-08-13T23:05:00+00:00\" \/>\n<meta property=\"og:image\" content=\"https:\/\/lasentinelle.dz\/wp-content\/uploads\/2022\/08\/canicule.png\" \/>\n\t<meta property=\"og:image:width\" content=\"1917\" \/>\n\t<meta property=\"og:image:height\" content=\"900\" \/>\n\t<meta property=\"og:image:type\" content=\"image\/png\" \/>\n<meta name=\"author\" content=\"La Sentinelle\" \/>\n<meta name=\"twitter:card\" content=\"summary_large_image\" \/>\n<meta name=\"twitter:label1\" content=\"\u00c9crit par\" \/>\n\t<meta name=\"twitter:data1\" content=\"La Sentinelle\" \/>\n\t<meta name=\"twitter:label2\" content=\"Dur\u00e9e de lecture estim\u00e9e\" \/>\n\t<meta name=\"twitter:data2\" content=\"4 minutes\" \/>\n<script type=\"application\/ld+json\" class=\"yoast-schema-graph\">{\"@context\":\"https:\\\/\\\/schema.org\",\"@graph\":[{\"@type\":\"Article\",\"@id\":\"https:\\\/\\\/lasentinelle.dz\\\/index.php\\\/2022\\\/08\\\/14\\\/la-vague-de-chaleur-continuera-daffecter-plusieurs-wilayas-aujourdhui-gare-a-la-canicule\\\/#article\",\"isPartOf\":{\"@id\":\"https:\\\/\\\/lasentinelle.dz\\\/index.php\\\/2022\\\/08\\\/14\\\/la-vague-de-chaleur-continuera-daffecter-plusieurs-wilayas-aujourdhui-gare-a-la-canicule\\\/\"},\"author\":{\"name\":\"La Sentinelle\",\"@id\":\"https:\\\/\\\/lasentinelle.dz\\\/#\\\/schema\\\/person\\\/d865044e22e70a75174ce8bcad3acfb3\"},\"headline\":\"La vague de chaleur continuera d\u2019affecter plusieurs wilayas aujourd\u2019hui\u00a0: Gare \u00e0 la canicule !\",\"datePublished\":\"2022-08-13T23:05:00+00:00\",\"mainEntityOfPage\":{\"@id\":\"https:\\\/\\\/lasentinelle.dz\\\/index.php\\\/2022\\\/08\\\/14\\\/la-vague-de-chaleur-continuera-daffecter-plusieurs-wilayas-aujourdhui-gare-a-la-canicule\\\/\"},\"wordCount\":881,\"commentCount\":0,\"publisher\":{\"@id\":\"https:\\\/\\\/lasentinelle.dz\\\/#organization\"},\"image\":{\"@id\":\"https:\\\/\\\/lasentinelle.dz\\\/index.php\\\/2022\\\/08\\\/14\\\/la-vague-de-chaleur-continuera-daffecter-plusieurs-wilayas-aujourdhui-gare-a-la-canicule\\\/#primaryimage\"},\"thumbnailUrl\":\"https:\\\/\\\/lasentinelle.dz\\\/wp-content\\\/uploads\\\/2022\\\/08\\\/canicule.png\",\"articleSection\":[\"Actualit\u00e9\"],\"inLanguage\":\"fr-FR\",\"potentialAction\":[{\"@type\":\"CommentAction\",\"name\":\"Comment\",\"target\":[\"https:\\\/\\\/lasentinelle.dz\\\/index.php\\\/2022\\\/08\\\/14\\\/la-vague-de-chaleur-continuera-daffecter-plusieurs-wilayas-aujourdhui-gare-a-la-canicule\\\/#respond\"]}]},{\"@type\":\"WebPage\",\"@id\":\"https:\\\/\\\/lasentinelle.dz\\\/index.php\\\/2022\\\/08\\\/14\\\/la-vague-de-chaleur-continuera-daffecter-plusieurs-wilayas-aujourdhui-gare-a-la-canicule\\\/\",\"url\":\"https:\\\/\\\/lasentinelle.dz\\\/index.php\\\/2022\\\/08\\\/14\\\/la-vague-de-chaleur-continuera-daffecter-plusieurs-wilayas-aujourdhui-gare-a-la-canicule\\\/\",\"name\":\"La vague de chaleur continuera d\u2019affecter plusieurs wilayas aujourd\u2019hui\u00a0: Gare \u00e0 la canicule ! - La Sentinelle\",\"isPartOf\":{\"@id\":\"https:\\\/\\\/lasentinelle.dz\\\/#website\"},\"primaryImageOfPage\":{\"@id\":\"https:\\\/\\\/lasentinelle.dz\\\/index.php\\\/2022\\\/08\\\/14\\\/la-vague-de-chaleur-continuera-daffecter-plusieurs-wilayas-aujourdhui-gare-a-la-canicule\\\/#primaryimage\"},\"image\":{\"@id\":\"https:\\\/\\\/lasentinelle.dz\\\/index.php\\\/2022\\\/08\\\/14\\\/la-vague-de-chaleur-continuera-daffecter-plusieurs-wilayas-aujourdhui-gare-a-la-canicule\\\/#primaryimage\"},\"thumbnailUrl\":\"https:\\\/\\\/lasentinelle.dz\\\/wp-content\\\/uploads\\\/2022\\\/08\\\/canicule.png\",\"datePublished\":\"2022-08-13T23:05:00+00:00\",\"breadcrumb\":{\"@id\":\"https:\\\/\\\/lasentinelle.dz\\\/index.php\\\/2022\\\/08\\\/14\\\/la-vague-de-chaleur-continuera-daffecter-plusieurs-wilayas-aujourdhui-gare-a-la-canicule\\\/#breadcrumb\"},\"inLanguage\":\"fr-FR\",\"potentialAction\":[{\"@type\":\"ReadAction\",\"target\":[\"https:\\\/\\\/lasentinelle.dz\\\/index.php\\\/2022\\\/08\\\/14\\\/la-vague-de-chaleur-continuera-daffecter-plusieurs-wilayas-aujourdhui-gare-a-la-canicule\\\/\"]}]},{\"@type\":\"ImageObject\",\"inLanguage\":\"fr-FR\",\"@id\":\"https:\\\/\\\/lasentinelle.dz\\\/index.php\\\/2022\\\/08\\\/14\\\/la-vague-de-chaleur-continuera-daffecter-plusieurs-wilayas-aujourdhui-gare-a-la-canicule\\\/#primaryimage\",\"url\":\"https:\\\/\\\/lasentinelle.dz\\\/wp-content\\\/uploads\\\/2022\\\/08\\\/canicule.png\",\"contentUrl\":\"https:\\\/\\\/lasentinelle.dz\\\/wp-content\\\/uploads\\\/2022\\\/08\\\/canicule.png\",\"width\":1917,\"height\":900},{\"@type\":\"BreadcrumbList\",\"@id\":\"https:\\\/\\\/lasentinelle.dz\\\/index.php\\\/2022\\\/08\\\/14\\\/la-vague-de-chaleur-continuera-daffecter-plusieurs-wilayas-aujourdhui-gare-a-la-canicule\\\/#breadcrumb\",\"itemListElement\":[{\"@type\":\"ListItem\",\"position\":1,\"name\":\"Accueil\",\"item\":\"https:\\\/\\\/lasentinelle.dz\\\/\"},{\"@type\":\"ListItem\",\"position\":2,\"name\":\"La vague de chaleur continuera d\u2019affecter plusieurs wilayas aujourd\u2019hui\u00a0: Gare \u00e0 la canicule !\"}]},{\"@type\":\"WebSite\",\"@id\":\"https:\\\/\\\/lasentinelle.dz\\\/#website\",\"url\":\"https:\\\/\\\/lasentinelle.dz\\\/\",\"name\":\"La Sentinelle\",\"description\":\"Quotidien national d&#039;information\",\"publisher\":{\"@id\":\"https:\\\/\\\/lasentinelle.dz\\\/#organization\"},\"potentialAction\":[{\"@type\":\"SearchAction\",\"target\":{\"@type\":\"EntryPoint\",\"urlTemplate\":\"https:\\\/\\\/lasentinelle.dz\\\/?s={search_term_string}\"},\"query-input\":{\"@type\":\"PropertyValueSpecification\",\"valueRequired\":true,\"valueName\":\"search_term_string\"}}],\"inLanguage\":\"fr-FR\"},{\"@type\":\"Organization\",\"@id\":\"https:\\\/\\\/lasentinelle.dz\\\/#organization\",\"name\":\"Quotidien La Sentinelle\",\"url\":\"https:\\\/\\\/lasentinelle.dz\\\/\",\"logo\":{\"@type\":\"ImageObject\",\"inLanguage\":\"fr-FR\",\"@id\":\"https:\\\/\\\/lasentinelle.dz\\\/#\\\/schema\\\/logo\\\/image\\\/\",\"url\":\"https:\\\/\\\/lasentinelle.dz\\\/wp-content\\\/uploads\\\/2021\\\/09\\\/logo-sentinelleSLOGAN-1.png\",\"contentUrl\":\"https:\\\/\\\/lasentinelle.dz\\\/wp-content\\\/uploads\\\/2021\\\/09\\\/logo-sentinelleSLOGAN-1.png\",\"width\":615,\"height\":142,\"caption\":\"Quotidien La Sentinelle\"},\"image\":{\"@id\":\"https:\\\/\\\/lasentinelle.dz\\\/#\\\/schema\\\/logo\\\/image\\\/\"},\"sameAs\":[\"https:\\\/\\\/www.facebook.com\\\/La-Sentinelle-104059864394773\"]},{\"@type\":\"Person\",\"@id\":\"https:\\\/\\\/lasentinelle.dz\\\/#\\\/schema\\\/person\\\/d865044e22e70a75174ce8bcad3acfb3\",\"name\":\"La Sentinelle\",\"image\":{\"@type\":\"ImageObject\",\"inLanguage\":\"fr-FR\",\"@id\":\"https:\\\/\\\/secure.gravatar.com\\\/avatar\\\/57de8e5d4b15d43fb361a71fbb36338450fe67865b528a43dd10ef7c51a20392?s=96&d=mm&r=g\",\"url\":\"https:\\\/\\\/secure.gravatar.com\\\/avatar\\\/57de8e5d4b15d43fb361a71fbb36338450fe67865b528a43dd10ef7c51a20392?s=96&d=mm&r=g\",\"contentUrl\":\"https:\\\/\\\/secure.gravatar.com\\\/avatar\\\/57de8e5d4b15d43fb361a71fbb36338450fe67865b528a43dd10ef7c51a20392?s=96&d=mm&r=g\",\"caption\":\"La Sentinelle\"},\"sameAs\":[\"http:\\\/\\\/www.lasentinelle.dz\"],\"url\":\"https:\\\/\\\/lasentinelle.dz\\\/author\\\/redaction\\\/\"}]}<\/script>\n<!-- \/ Yoast SEO plugin. -->","yoast_head_json":{"title":"La vague de chaleur continuera d\u2019affecter plusieurs wilayas aujourd\u2019hui\u00a0: Gare \u00e0 la canicule ! - La Sentinelle","robots":{"index":"index","follow":"follow","max-snippet":"max-snippet:-1","max-image-preview":"max-image-preview:large","max-video-preview":"max-video-preview:-1"},"canonical":"https:\/\/lasentinelle.dz\/index.php\/2022\/08\/14\/la-vague-de-chaleur-continuera-daffecter-plusieurs-wilayas-aujourdhui-gare-a-la-canicule\/","og_locale":"fr_FR","og_type":"article","og_title":"La vague de chaleur continuera d\u2019affecter plusieurs wilayas aujourd\u2019hui\u00a0: Gare \u00e0 la canicule ! - La Sentinelle","og_description":"Les temp\u00e9ratures caniculaires qui affectent le nord du pays depuis hier persisteront aujourd\u2019hui et imposent la vigilance notamment de la","og_url":"https:\/\/lasentinelle.dz\/index.php\/2022\/08\/14\/la-vague-de-chaleur-continuera-daffecter-plusieurs-wilayas-aujourdhui-gare-a-la-canicule\/","og_site_name":"La Sentinelle","article_publisher":"https:\/\/www.facebook.com\/La-Sentinelle-104059864394773","article_published_time":"2022-08-13T23:05:00+00:00","og_image":[{"width":1917,"height":900,"url":"https:\/\/lasentinelle.dz\/wp-content\/uploads\/2022\/08\/canicule.png","type":"image\/png"}],"author":"La Sentinelle","twitter_card":"summary_large_image","twitter_misc":{"\u00c9crit par":"La Sentinelle","Dur\u00e9e de lecture estim\u00e9e":"4 minutes"},"schema":{"@context":"https:\/\/schema.org","@graph":[{"@type":"Article","@id":"https:\/\/lasentinelle.dz\/index.php\/2022\/08\/14\/la-vague-de-chaleur-continuera-daffecter-plusieurs-wilayas-aujourdhui-gare-a-la-canicule\/#article","isPartOf":{"@id":"https:\/\/lasentinelle.dz\/index.php\/2022\/08\/14\/la-vague-de-chaleur-continuera-daffecter-plusieurs-wilayas-aujourdhui-gare-a-la-canicule\/"},"author":{"name":"La Sentinelle","@id":"https:\/\/lasentinelle.dz\/#\/schema\/person\/d865044e22e70a75174ce8bcad3acfb3"},"headline":"La vague de chaleur continuera d\u2019affecter plusieurs wilayas aujourd\u2019hui\u00a0: Gare \u00e0 la canicule !","datePublished":"2022-08-13T23:05:00+00:00","mainEntityOfPage":{"@id":"https:\/\/lasentinelle.dz\/index.php\/2022\/08\/14\/la-vague-de-chaleur-continuera-daffecter-plusieurs-wilayas-aujourdhui-gare-a-la-canicule\/"},"wordCount":881,"commentCount":0,"publisher":{"@id":"https:\/\/lasentinelle.dz\/#organization"},"image":{"@id":"https:\/\/lasentinelle.dz\/index.php\/2022\/08\/14\/la-vague-de-chaleur-continuera-daffecter-plusieurs-wilayas-aujourdhui-gare-a-la-canicule\/#primaryimage"},"thumbnailUrl":"https:\/\/lasentinelle.dz\/wp-content\/uploads\/2022\/08\/canicule.png","articleSection":["Actualit\u00e9"],"inLanguage":"fr-FR","potentialAction":[{"@type":"CommentAction","name":"Comment","target":["https:\/\/lasentinelle.dz\/index.php\/2022\/08\/14\/la-vague-de-chaleur-continuera-daffecter-plusieurs-wilayas-aujourdhui-gare-a-la-canicule\/#respond"]}]},{"@type":"WebPage","@id":"https:\/\/lasentinelle.dz\/index.php\/2022\/08\/14\/la-vague-de-chaleur-continuera-daffecter-plusieurs-wilayas-aujourdhui-gare-a-la-canicule\/","url":"https:\/\/lasentinelle.dz\/index.php\/2022\/08\/14\/la-vague-de-chaleur-continuera-daffecter-plusieurs-wilayas-aujourdhui-gare-a-la-canicule\/","name":"La vague de chaleur continuera d\u2019affecter plusieurs wilayas aujourd\u2019hui\u00a0: Gare \u00e0 la canicule ! - La Sentinelle","isPartOf":{"@id":"https:\/\/lasentinelle.dz\/#website"},"primaryImageOfPage":{"@id":"https:\/\/lasentinelle.dz\/index.php\/2022\/08\/14\/la-vague-de-chaleur-continuera-daffecter-plusieurs-wilayas-aujourdhui-gare-a-la-canicule\/#primaryimage"},"image":{"@id":"https:\/\/lasentinelle.dz\/index.php\/2022\/08\/14\/la-vague-de-chaleur-continuera-daffecter-plusieurs-wilayas-aujourdhui-gare-a-la-canicule\/#primaryimage"},"thumbnailUrl":"https:\/\/lasentinelle.dz\/wp-content\/uploads\/2022\/08\/canicule.png","datePublished":"2022-08-13T23:05:00+00:00","breadcrumb":{"@id":"https:\/\/lasentinelle.dz\/index.php\/2022\/08\/14\/la-vague-de-chaleur-continuera-daffecter-plusieurs-wilayas-aujourdhui-gare-a-la-canicule\/#breadcrumb"},"inLanguage":"fr-FR","potentialAction":[{"@type":"ReadAction","target":["https:\/\/lasentinelle.dz\/index.php\/2022\/08\/14\/la-vague-de-chaleur-continuera-daffecter-plusieurs-wilayas-aujourdhui-gare-a-la-canicule\/"]}]},{"@type":"ImageObject","inLanguage":"fr-FR","@id":"https:\/\/lasentinelle.dz\/index.php\/2022\/08\/14\/la-vague-de-chaleur-continuera-daffecter-plusieurs-wilayas-aujourdhui-gare-a-la-canicule\/#primaryimage","url":"https:\/\/lasentinelle.dz\/wp-content\/uploads\/2022\/08\/canicule.png","contentUrl":"https:\/\/lasentinelle.dz\/wp-content\/uploads\/2022\/08\/canicule.png","width":1917,"height":900},{"@type":"BreadcrumbList","@id":"https:\/\/lasentinelle.dz\/index.php\/2022\/08\/14\/la-vague-de-chaleur-continuera-daffecter-plusieurs-wilayas-aujourdhui-gare-a-la-canicule\/#breadcrumb","itemListElement":[{"@type":"ListItem","position":1,"name":"Accueil","item":"https:\/\/lasentinelle.dz\/"},{"@type":"ListItem","position":2,"name":"La vague de chaleur continuera d\u2019affecter plusieurs wilayas aujourd\u2019hui\u00a0: Gare \u00e0 la canicule !"}]},{"@type":"WebSite","@id":"https:\/\/lasentinelle.dz\/#website","url":"https:\/\/lasentinelle.dz\/","name":"La Sentinelle","description":"Quotidien national d&#039;information","publisher":{"@id":"https:\/\/lasentinelle.dz\/#organization"},"potentialAction":[{"@type":"SearchAction","target":{"@type":"EntryPoint","urlTemplate":"https:\/\/lasentinelle.dz\/?s={search_term_string}"},"query-input":{"@type":"PropertyValueSpecification","valueRequired":true,"valueName":"search_term_string"}}],"inLanguage":"fr-FR"},{"@type":"Organization","@id":"https:\/\/lasentinelle.dz\/#organization","name":"Quotidien La Sentinelle","url":"https:\/\/lasentinelle.dz\/","logo":{"@type":"ImageObject","inLanguage":"fr-FR","@id":"https:\/\/lasentinelle.dz\/#\/schema\/logo\/image\/","url":"https:\/\/lasentinelle.dz\/wp-content\/uploads\/2021\/09\/logo-sentinelleSLOGAN-1.png","contentUrl":"https:\/\/lasentinelle.dz\/wp-content\/uploads\/2021\/09\/logo-sentinelleSLOGAN-1.png","width":615,"height":142,"caption":"Quotidien La Sentinelle"},"image":{"@id":"https:\/\/lasentinelle.dz\/#\/schema\/logo\/image\/"},"sameAs":["https:\/\/www.facebook.com\/La-Sentinelle-104059864394773"]},{"@type":"Person","@id":"https:\/\/lasentinelle.dz\/#\/schema\/person\/d865044e22e70a75174ce8bcad3acfb3","name":"La Sentinelle","image":{"@type":"ImageObject","inLanguage":"fr-FR","@id":"https:\/\/secure.gravatar.com\/avatar\/57de8e5d4b15d43fb361a71fbb36338450fe67865b528a43dd10ef7c51a20392?s=96&d=mm&r=g","url":"https:\/\/secure.gravatar.com\/avatar\/57de8e5d4b15d43fb361a71fbb36338450fe67865b528a43dd10ef7c51a20392?s=96&d=mm&r=g","contentUrl":"https:\/\/secure.gravatar.com\/avatar\/57de8e5d4b15d43fb361a71fbb36338450fe67865b528a43dd10ef7c51a20392?s=96&d=mm&r=g","caption":"La Sentinelle"},"sameAs":["http:\/\/www.lasentinelle.dz"],"url":"https:\/\/lasentinelle.dz\/author\/redaction\/"}]}},"_links":{"self":[{"href":"https:\/\/lasentinelle.dz\/index.php\/wp-json\/wp\/v2\/posts\/25606","targetHints":{"allow":["GET"]}}],"collection":[{"href":"https:\/\/lasentinelle.dz\/index.php\/wp-json\/wp\/v2\/posts"}],"about":[{"href":"https:\/\/lasentinelle.dz\/index.php\/wp-json\/wp\/v2\/types\/post"}],"author":[{"embeddable":true,"href":"https:\/\/lasentinelle.dz\/index.php\/wp-json\/wp\/v2\/users\/3"}],"replies":[{"embeddable":true,"href":"https:\/\/lasentinelle.dz\/index.php\/wp-json\/wp\/v2\/comments?post=25606"}],"version-history":[{"count":2,"href":"https:\/\/lasentinelle.dz\/index.php\/wp-json\/wp\/v2\/posts\/25606\/revisions"}],"predecessor-version":[{"id":25619,"href":"https:\/\/lasentinelle.dz\/index.php\/wp-json\/wp\/v2\/posts\/25606\/revisions\/25619"}],"wp:featuredmedia":[{"embeddable":true,"href":"https:\/\/lasentinelle.dz\/index.php\/wp-json\/wp\/v2\/media\/25612"}],"wp:attachment":[{"href":"https:\/\/lasentinelle.dz\/index.php\/wp-json\/wp\/v2\/media?parent=25606"}],"wp:term":[{"taxonomy":"category","embeddable":true,"href":"https:\/\/lasentinelle.dz\/index.php\/wp-json\/wp\/v2\/categories?post=25606"},{"taxonomy":"post_tag","embeddable":true,"href":"https:\/\/lasentinelle.dz\/index.php\/wp-json\/wp\/v2\/tags?post=25606"}],"curies":[{"name":"wp","href":"https:\/\/api.w.org\/{rel}","templated":true}]}}