{"id":25691,"date":"2022-08-15T00:16:00","date_gmt":"2022-08-14T23:16:00","guid":{"rendered":"https:\/\/lasentinelle.dz\/?p=25691"},"modified":"2022-08-14T20:56:23","modified_gmt":"2022-08-14T19:56:23","slug":"pres-dune-centaine-de-departs-de-feu-recenses-en-deux-jours-le-nord-sembrase","status":"publish","type":"post","link":"https:\/\/lasentinelle.dz\/index.php\/2022\/08\/15\/pres-dune-centaine-de-departs-de-feu-recenses-en-deux-jours-le-nord-sembrase\/","title":{"rendered":"Pr\u00e8s d\u2019une centaine de d\u00e9parts de feu recens\u00e9s en deux jours\u00a0: Le Nord s\u2019embrase\u00a0!"},"content":{"rendered":"\n<p>La vague de chaleur qui affecte plusieurs wilayas du pays n\u2019a pas \u00e9t\u00e9 sans cons\u00e9quences.&nbsp;&nbsp;Pr\u00e8s d\u2019une centaine de d\u00e9parts de feu ont \u00e9t\u00e9 enregistr\u00e9s au cours des deux derniers jours par les services de la Protection civile. Malgr\u00e9 les conditions climatiques et la s\u00e9cheresse qui favorise la propagation des incendies, la situation reste ma\u00eetris\u00e9e gr\u00e2ce au plan national de lutte contre les incendies.&nbsp;<\/p>\n\n\n\n<p>Les incendies ravagent des centaines d\u2019hectares de couvert v\u00e9g\u00e9tal dans plusieurs wilayas du pays. Une situation qui reste ma\u00eetris\u00e9e, malgr\u00e9 les conditions favorisant la propagation des feux de for\u00eats, gr\u00e2ce au plan national de lutte contre les incendies destin\u00e9 \u00e0 \u00e9viter un sc\u00e9nario similaire \u00e0 celui de l\u2019\u00e9t\u00e9 dernier. En effet, pr\u00e8s d\u2019une centaine de foyers d\u2019incendies ont \u00e9t\u00e9 recens\u00e9s au cours des deux derniers jours, dont onze rien que pour hier matin. Le sous-directeur des statistiques et de l&rsquo;information au niveau de la Direction g\u00e9n\u00e9rale de la Protection civile, le colonel Farouk Achour, a indiqu\u00e9&nbsp;hier sur les ondes de la Radio alg\u00e9rienne&nbsp;que \u00ab11 foyers d&rsquo;incendies ont \u00e9t\u00e9 enregistr\u00e9s,&nbsp;hier matin&nbsp;dans 6 wilayas&nbsp;\u00bb. Il a ajout\u00e9 qu &lsquo;\u00abun incendie \u00e0 El Tarf a \u00e9t\u00e9 ma\u00eetris\u00e9\u00bb. Selon le Colonel Achour Farouk, la protection civile a enregistr\u00e9 hier matin 11 foyers d&rsquo;incendies, dont 3 d\u2019entre eux&nbsp;&nbsp;dans les wilayas de Beja\u00efa, 3 autres \u00e0 Skikda,&nbsp;&nbsp;2 feux \u00e0 El Tarf et un incendie dans chacune des wilayas d\u2019Oum&nbsp;El Bouaghi et Tipaza\u00bb, pr\u00e9cisant que \u00ables unit\u00e9s de la Protection civile sont parvenues \u00e0 \u00e9teindre, samedi,\u00ab47 foyers d&rsquo;incendies dans 12 wilayas\u00bb. La m\u00eame source indiqu\u00e9 qu\u2019il s\u2019agit \u00abde 19 feux dans la wilaya de Bejaia, 6 dans chacune des wilayas de S\u00e9tif et Skikda,&nbsp;&nbsp;4 feux \u00e0 Jijel,&nbsp;&nbsp;3 \u00e0 El Tarf,&nbsp;&nbsp;2 incendies dans les wilayas de Tlemcen, Chlef Bouira, Tissemsilt, Tipaza, et un incendie dans chacune des wilayas de Constantine et Oum El Bouaghi. Dans la journ\u00e9e de samedi, le dispositif de lutte contre les incendies de for\u00eats et r\u00e9coltes, est intervenu pour l\u2019extinction de 78 incendies du couvert v\u00e9g\u00e9tal \u00e0 travers les wilayas de B\u00e9ja\u00efa , Batna, Bouira, Tizi Ouzou, S\u00e9tif , Skikda, Chlef, Jijel, Boumerdes, El Tarf&nbsp;&nbsp;et Relizane. Ce dispositif est intervenu pour&nbsp;\u00e9 45 incendies de for\u00eats, maquis et&nbsp;&nbsp;broussailles et 33 incendies de r\u00e9colte ayant caus\u00e9 des&nbsp;ravages pour 42 ha&nbsp;de couvert v\u00e9g\u00e9tal, d\u00e9truit&nbsp;1.850 bottes de foin , 1.398 arbres fruitiers, et 14 palmiers, a indiqu\u00e9 hier matin un bilan de la Protection civile. \u00abL\u2019intervention rapide de nos moyens a permis de circonscrire ces incendies et \u00e9viter leur propagation \u00e0 d&rsquo;autres lieux permettant de pr\u00e9server les esp\u00e8ces v\u00e9g\u00e9tales\u00bb, a pr\u00e9cis\u00e9 le&nbsp;&nbsp;Colonel Achour. La Direction g\u00e9n\u00e9rale de la protection civile a, selon la m\u00eame source, enregistr\u00e9 \u00abdepuis le d\u00e9but du mois de juin \u00e0 ce jour, 889 incendies de for\u00eats et de maquis dans les wilaya de wilayas de Beja\u00efa, S\u00e9tif, Jijel et Skikda ravageant&nbsp;&nbsp;532,42 hectares de for\u00eats, 668,50 hectares de maquis et 579,16 hectares de broussailles\u00bb.&nbsp;&nbsp;\u00abCe bilan a fortement baiss\u00e9 compar\u00e9 \u00e0 la m\u00eame p\u00e9riode de l&rsquo;ann\u00e9e derni\u00e8re et ce, gr\u00e2ce notamment au dispositif op\u00e9rationnel mis en place\u00bb, a not\u00e9 le Colonel Farouk Achour. En 2021, pas moins de \u00ab8.450 incendies et une perte de 10.029 hectares de for\u00eats, 2.963 hectares de maquis et 3.673 hectares de broussailles ont \u00e9t\u00e9 enregistr\u00e9s\u00bb, a t-il expliqu\u00e9, pr\u00e9cisant que qu\u2019\u00abil \u00e9tait difficile de se prononcer pour l&rsquo;instant, sans pour autant \u00e9carter le facteur humain et la p\u00e9riode caniculaire&nbsp;qui affecte&nbsp;certaines r\u00e9gions du pays\u00bb.&nbsp;<\/p>\n\n\n\n<p><strong>Un dispositif de lutte am\u00e9lior\u00e9<\/strong><\/p>\n\n\n\n<p>Anticipant les \u00e9v\u00e9nements, le minist\u00e8re de l&rsquo;Agriculture et du D\u00e9veloppement rural a mis en \u0153uvre, le mois de mai dernier, la nouvelle strat\u00e9gie de pr\u00e9vention et de lutte contre les feux de for\u00eat durant l&rsquo;ann\u00e9e en cours. Cette derni\u00e8re repose sur l\u2019am\u00e9lioration du dispositif op\u00e9rationnel afin d&rsquo;augmenter l&rsquo;efficacit\u00e9 des interventions, r\u00e9duire les feux de for\u00eats et prot\u00e9ger les biens et les personnes. Adopt\u00e9e par le minist\u00e8re en ao\u00fbt 2021, cette politique comprenait trois axes principaux, li\u00e9s \u00e0 l&rsquo;am\u00e9lioration de l&rsquo;identification du danger des feux de for\u00eat, la r\u00e9duction de leur nombre et l&rsquo;augmentation de l&rsquo;efficacit\u00e9 de l&rsquo;intervention initiale. Parmi les mesures de pr\u00e9vention et de lutte contre les feux de for\u00eat mises en place en pr\u00e9vision de l&rsquo;\u00e9t\u00e9 2022, figure le plan d&rsquo;information et de communication ciblant toutes les franges et reposant sur la sensibilisation et l&rsquo;association de toutes les parties prenantes du secteur, notamment les habitants des zones \u00e0 proximit\u00e9 des for\u00eats. Il s&rsquo;agit, en outre, de la mise en place d&rsquo;un dispositif op\u00e9rationnel, compos\u00e9 de 401 tours de contr\u00f4le, 513 colonnes mobiles et 63 camions-citernes pour l&rsquo;approvisionnement en eau \u00e0 travers 3.261 points d&rsquo;eau et 1.019 ateliers avec 9.481 agents mobilis\u00e9s en cas d&rsquo;extr\u00eame urgence, en plus du renforcement de l&rsquo;ensemble des ressources humaines et mat\u00e9rielles, la mise en place des outils de l&rsquo;intervention op\u00e9rationnelle permettant au secteur d&rsquo;acqu\u00e9rir des moyens de pr\u00e9vention et d&rsquo;intervention suppl\u00e9mentaires. L&rsquo;Etat s&rsquo;est engag\u00e9 \u00e0 d\u00e9gager plus de 6 milliards de dinars au profit de la Direction g\u00e9n\u00e9rale des for\u00eats au titre de l&rsquo;exercice 2022 afin de lui permettre de se doter de moyens suppl\u00e9mentaires, notamment techniques, pour lutter efficacement contre les incendies de for\u00eat.<\/p>\n\n\n\n<p><strong>Salim Abdenour<\/strong><\/p>\n","protected":false},"excerpt":{"rendered":"<p>La vague de chaleur qui affecte plusieurs wilayas du pays n\u2019a pas \u00e9t\u00e9 sans cons\u00e9quences.&nbsp;&nbsp;Pr\u00e8s d\u2019une centaine de d\u00e9parts de<\/p>\n","protected":false},"author":3,"featured_media":25694,"comment_status":"open","ping_status":"closed","sticky":false,"template":"","format":"standard","meta":{"colormag_page_container_layout":"default_layout","colormag_page_sidebar_layout":"default_layout","om_disable_all_campaigns":false,"_monsterinsights_skip_tracking":false,"_monsterinsights_sitenote_active":false,"_monsterinsights_sitenote_note":"","_monsterinsights_sitenote_category":0,"footnotes":"","_wpscppro_dont_share_socialmedia":false,"_wpscppro_custom_social_share_image":0,"_facebook_share_type":"","_twitter_share_type":"","_linkedin_share_type":"","_pinterest_share_type":"","_linkedin_share_type_page":"","_instagram_share_type":"","_medium_share_type":"","_threads_share_type":"","_google_business_share_type":"","_selected_social_profile":[],"_wpsp_enable_custom_social_template":false,"_wpsp_social_scheduling":{"enabled":false,"datetime":null,"platforms":[],"status":"template_only","dateOption":"today","timeOption":"now","customDays":"","customHours":"","customDate":"","customTime":"","schedulingType":"absolute"},"_wpsp_active_default_template":true},"categories":[52,27],"tags":[],"class_list":["post-25691","post","type-post","status-publish","format-standard","has-post-thumbnail","hentry","category-a-la-une","category-actualite"],"aioseo_notices":[],"yoast_head":"<!-- This site is optimized with the Yoast SEO plugin v27.5 - https:\/\/yoast.com\/product\/yoast-seo-wordpress\/ -->\n<title>Pr\u00e8s d\u2019une centaine de d\u00e9parts de feu recens\u00e9s en deux jours\u00a0: Le Nord s\u2019embrase\u00a0! - La Sentinelle<\/title>\n<meta name=\"robots\" content=\"index, follow, max-snippet:-1, max-image-preview:large, max-video-preview:-1\" \/>\n<link rel=\"canonical\" href=\"https:\/\/lasentinelle.dz\/index.php\/2022\/08\/15\/pres-dune-centaine-de-departs-de-feu-recenses-en-deux-jours-le-nord-sembrase\/\" \/>\n<meta property=\"og:locale\" content=\"fr_FR\" \/>\n<meta property=\"og:type\" content=\"article\" \/>\n<meta property=\"og:title\" content=\"Pr\u00e8s d\u2019une centaine de d\u00e9parts de feu recens\u00e9s en deux jours\u00a0: Le Nord s\u2019embrase\u00a0! - La Sentinelle\" \/>\n<meta property=\"og:description\" content=\"La vague de chaleur qui affecte plusieurs wilayas du pays n\u2019a pas \u00e9t\u00e9 sans cons\u00e9quences.&nbsp;&nbsp;Pr\u00e8s d\u2019une centaine de d\u00e9parts de\" \/>\n<meta property=\"og:url\" content=\"https:\/\/lasentinelle.dz\/index.php\/2022\/08\/15\/pres-dune-centaine-de-departs-de-feu-recenses-en-deux-jours-le-nord-sembrase\/\" \/>\n<meta property=\"og:site_name\" content=\"La Sentinelle\" \/>\n<meta property=\"article:publisher\" content=\"https:\/\/www.facebook.com\/La-Sentinelle-104059864394773\" \/>\n<meta property=\"article:published_time\" content=\"2022-08-14T23:16:00+00:00\" \/>\n<meta property=\"og:image\" content=\"https:\/\/lasentinelle.dz\/wp-content\/uploads\/2022\/08\/incendie.png\" \/>\n\t<meta property=\"og:image:width\" content=\"1378\" \/>\n\t<meta property=\"og:image:height\" content=\"900\" \/>\n\t<meta property=\"og:image:type\" content=\"image\/png\" \/>\n<meta name=\"author\" content=\"La Sentinelle\" \/>\n<meta name=\"twitter:card\" content=\"summary_large_image\" \/>\n<meta name=\"twitter:label1\" content=\"\u00c9crit par\" \/>\n\t<meta name=\"twitter:data1\" content=\"La Sentinelle\" \/>\n\t<meta name=\"twitter:label2\" content=\"Dur\u00e9e de lecture estim\u00e9e\" \/>\n\t<meta name=\"twitter:data2\" content=\"5 minutes\" \/>\n<script type=\"application\/ld+json\" class=\"yoast-schema-graph\">{\"@context\":\"https:\\\/\\\/schema.org\",\"@graph\":[{\"@type\":\"Article\",\"@id\":\"https:\\\/\\\/lasentinelle.dz\\\/index.php\\\/2022\\\/08\\\/15\\\/pres-dune-centaine-de-departs-de-feu-recenses-en-deux-jours-le-nord-sembrase\\\/#article\",\"isPartOf\":{\"@id\":\"https:\\\/\\\/lasentinelle.dz\\\/index.php\\\/2022\\\/08\\\/15\\\/pres-dune-centaine-de-departs-de-feu-recenses-en-deux-jours-le-nord-sembrase\\\/\"},\"author\":{\"name\":\"La Sentinelle\",\"@id\":\"https:\\\/\\\/lasentinelle.dz\\\/#\\\/schema\\\/person\\\/d865044e22e70a75174ce8bcad3acfb3\"},\"headline\":\"Pr\u00e8s d\u2019une centaine de d\u00e9parts de feu recens\u00e9s en deux jours\u00a0: Le Nord s\u2019embrase\u00a0!\",\"datePublished\":\"2022-08-14T23:16:00+00:00\",\"mainEntityOfPage\":{\"@id\":\"https:\\\/\\\/lasentinelle.dz\\\/index.php\\\/2022\\\/08\\\/15\\\/pres-dune-centaine-de-departs-de-feu-recenses-en-deux-jours-le-nord-sembrase\\\/\"},\"wordCount\":1002,\"commentCount\":0,\"publisher\":{\"@id\":\"https:\\\/\\\/lasentinelle.dz\\\/#organization\"},\"image\":{\"@id\":\"https:\\\/\\\/lasentinelle.dz\\\/index.php\\\/2022\\\/08\\\/15\\\/pres-dune-centaine-de-departs-de-feu-recenses-en-deux-jours-le-nord-sembrase\\\/#primaryimage\"},\"thumbnailUrl\":\"https:\\\/\\\/lasentinelle.dz\\\/wp-content\\\/uploads\\\/2022\\\/08\\\/incendie.png\",\"articleSection\":[\"\u00c0 la Une\",\"Actualit\u00e9\"],\"inLanguage\":\"fr-FR\",\"potentialAction\":[{\"@type\":\"CommentAction\",\"name\":\"Comment\",\"target\":[\"https:\\\/\\\/lasentinelle.dz\\\/index.php\\\/2022\\\/08\\\/15\\\/pres-dune-centaine-de-departs-de-feu-recenses-en-deux-jours-le-nord-sembrase\\\/#respond\"]}]},{\"@type\":\"WebPage\",\"@id\":\"https:\\\/\\\/lasentinelle.dz\\\/index.php\\\/2022\\\/08\\\/15\\\/pres-dune-centaine-de-departs-de-feu-recenses-en-deux-jours-le-nord-sembrase\\\/\",\"url\":\"https:\\\/\\\/lasentinelle.dz\\\/index.php\\\/2022\\\/08\\\/15\\\/pres-dune-centaine-de-departs-de-feu-recenses-en-deux-jours-le-nord-sembrase\\\/\",\"name\":\"Pr\u00e8s d\u2019une centaine de d\u00e9parts de feu recens\u00e9s en deux jours\u00a0: Le Nord s\u2019embrase\u00a0! - La Sentinelle\",\"isPartOf\":{\"@id\":\"https:\\\/\\\/lasentinelle.dz\\\/#website\"},\"primaryImageOfPage\":{\"@id\":\"https:\\\/\\\/lasentinelle.dz\\\/index.php\\\/2022\\\/08\\\/15\\\/pres-dune-centaine-de-departs-de-feu-recenses-en-deux-jours-le-nord-sembrase\\\/#primaryimage\"},\"image\":{\"@id\":\"https:\\\/\\\/lasentinelle.dz\\\/index.php\\\/2022\\\/08\\\/15\\\/pres-dune-centaine-de-departs-de-feu-recenses-en-deux-jours-le-nord-sembrase\\\/#primaryimage\"},\"thumbnailUrl\":\"https:\\\/\\\/lasentinelle.dz\\\/wp-content\\\/uploads\\\/2022\\\/08\\\/incendie.png\",\"datePublished\":\"2022-08-14T23:16:00+00:00\",\"breadcrumb\":{\"@id\":\"https:\\\/\\\/lasentinelle.dz\\\/index.php\\\/2022\\\/08\\\/15\\\/pres-dune-centaine-de-departs-de-feu-recenses-en-deux-jours-le-nord-sembrase\\\/#breadcrumb\"},\"inLanguage\":\"fr-FR\",\"potentialAction\":[{\"@type\":\"ReadAction\",\"target\":[\"https:\\\/\\\/lasentinelle.dz\\\/index.php\\\/2022\\\/08\\\/15\\\/pres-dune-centaine-de-departs-de-feu-recenses-en-deux-jours-le-nord-sembrase\\\/\"]}]},{\"@type\":\"ImageObject\",\"inLanguage\":\"fr-FR\",\"@id\":\"https:\\\/\\\/lasentinelle.dz\\\/index.php\\\/2022\\\/08\\\/15\\\/pres-dune-centaine-de-departs-de-feu-recenses-en-deux-jours-le-nord-sembrase\\\/#primaryimage\",\"url\":\"https:\\\/\\\/lasentinelle.dz\\\/wp-content\\\/uploads\\\/2022\\\/08\\\/incendie.png\",\"contentUrl\":\"https:\\\/\\\/lasentinelle.dz\\\/wp-content\\\/uploads\\\/2022\\\/08\\\/incendie.png\",\"width\":1378,\"height\":900},{\"@type\":\"BreadcrumbList\",\"@id\":\"https:\\\/\\\/lasentinelle.dz\\\/index.php\\\/2022\\\/08\\\/15\\\/pres-dune-centaine-de-departs-de-feu-recenses-en-deux-jours-le-nord-sembrase\\\/#breadcrumb\",\"itemListElement\":[{\"@type\":\"ListItem\",\"position\":1,\"name\":\"Accueil\",\"item\":\"https:\\\/\\\/lasentinelle.dz\\\/\"},{\"@type\":\"ListItem\",\"position\":2,\"name\":\"Pr\u00e8s d\u2019une centaine de d\u00e9parts de feu recens\u00e9s en deux jours\u00a0: Le Nord s\u2019embrase\u00a0!\"}]},{\"@type\":\"WebSite\",\"@id\":\"https:\\\/\\\/lasentinelle.dz\\\/#website\",\"url\":\"https:\\\/\\\/lasentinelle.dz\\\/\",\"name\":\"La Sentinelle\",\"description\":\"Quotidien national d&#039;information\",\"publisher\":{\"@id\":\"https:\\\/\\\/lasentinelle.dz\\\/#organization\"},\"potentialAction\":[{\"@type\":\"SearchAction\",\"target\":{\"@type\":\"EntryPoint\",\"urlTemplate\":\"https:\\\/\\\/lasentinelle.dz\\\/?s={search_term_string}\"},\"query-input\":{\"@type\":\"PropertyValueSpecification\",\"valueRequired\":true,\"valueName\":\"search_term_string\"}}],\"inLanguage\":\"fr-FR\"},{\"@type\":\"Organization\",\"@id\":\"https:\\\/\\\/lasentinelle.dz\\\/#organization\",\"name\":\"Quotidien La Sentinelle\",\"url\":\"https:\\\/\\\/lasentinelle.dz\\\/\",\"logo\":{\"@type\":\"ImageObject\",\"inLanguage\":\"fr-FR\",\"@id\":\"https:\\\/\\\/lasentinelle.dz\\\/#\\\/schema\\\/logo\\\/image\\\/\",\"url\":\"https:\\\/\\\/lasentinelle.dz\\\/wp-content\\\/uploads\\\/2021\\\/09\\\/logo-sentinelleSLOGAN-1.png\",\"contentUrl\":\"https:\\\/\\\/lasentinelle.dz\\\/wp-content\\\/uploads\\\/2021\\\/09\\\/logo-sentinelleSLOGAN-1.png\",\"width\":615,\"height\":142,\"caption\":\"Quotidien La Sentinelle\"},\"image\":{\"@id\":\"https:\\\/\\\/lasentinelle.dz\\\/#\\\/schema\\\/logo\\\/image\\\/\"},\"sameAs\":[\"https:\\\/\\\/www.facebook.com\\\/La-Sentinelle-104059864394773\"]},{\"@type\":\"Person\",\"@id\":\"https:\\\/\\\/lasentinelle.dz\\\/#\\\/schema\\\/person\\\/d865044e22e70a75174ce8bcad3acfb3\",\"name\":\"La Sentinelle\",\"image\":{\"@type\":\"ImageObject\",\"inLanguage\":\"fr-FR\",\"@id\":\"https:\\\/\\\/secure.gravatar.com\\\/avatar\\\/57de8e5d4b15d43fb361a71fbb36338450fe67865b528a43dd10ef7c51a20392?s=96&d=mm&r=g\",\"url\":\"https:\\\/\\\/secure.gravatar.com\\\/avatar\\\/57de8e5d4b15d43fb361a71fbb36338450fe67865b528a43dd10ef7c51a20392?s=96&d=mm&r=g\",\"contentUrl\":\"https:\\\/\\\/secure.gravatar.com\\\/avatar\\\/57de8e5d4b15d43fb361a71fbb36338450fe67865b528a43dd10ef7c51a20392?s=96&d=mm&r=g\",\"caption\":\"La Sentinelle\"},\"sameAs\":[\"http:\\\/\\\/www.lasentinelle.dz\"],\"url\":\"https:\\\/\\\/lasentinelle.dz\\\/author\\\/redaction\\\/\"}]}<\/script>\n<!-- \/ Yoast SEO plugin. -->","yoast_head_json":{"title":"Pr\u00e8s d\u2019une centaine de d\u00e9parts de feu recens\u00e9s en deux jours\u00a0: Le Nord s\u2019embrase\u00a0! - La Sentinelle","robots":{"index":"index","follow":"follow","max-snippet":"max-snippet:-1","max-image-preview":"max-image-preview:large","max-video-preview":"max-video-preview:-1"},"canonical":"https:\/\/lasentinelle.dz\/index.php\/2022\/08\/15\/pres-dune-centaine-de-departs-de-feu-recenses-en-deux-jours-le-nord-sembrase\/","og_locale":"fr_FR","og_type":"article","og_title":"Pr\u00e8s d\u2019une centaine de d\u00e9parts de feu recens\u00e9s en deux jours\u00a0: Le Nord s\u2019embrase\u00a0! - La Sentinelle","og_description":"La vague de chaleur qui affecte plusieurs wilayas du pays n\u2019a pas \u00e9t\u00e9 sans cons\u00e9quences.&nbsp;&nbsp;Pr\u00e8s d\u2019une centaine de d\u00e9parts de","og_url":"https:\/\/lasentinelle.dz\/index.php\/2022\/08\/15\/pres-dune-centaine-de-departs-de-feu-recenses-en-deux-jours-le-nord-sembrase\/","og_site_name":"La Sentinelle","article_publisher":"https:\/\/www.facebook.com\/La-Sentinelle-104059864394773","article_published_time":"2022-08-14T23:16:00+00:00","og_image":[{"width":1378,"height":900,"url":"https:\/\/lasentinelle.dz\/wp-content\/uploads\/2022\/08\/incendie.png","type":"image\/png"}],"author":"La Sentinelle","twitter_card":"summary_large_image","twitter_misc":{"\u00c9crit par":"La Sentinelle","Dur\u00e9e de lecture estim\u00e9e":"5 minutes"},"schema":{"@context":"https:\/\/schema.org","@graph":[{"@type":"Article","@id":"https:\/\/lasentinelle.dz\/index.php\/2022\/08\/15\/pres-dune-centaine-de-departs-de-feu-recenses-en-deux-jours-le-nord-sembrase\/#article","isPartOf":{"@id":"https:\/\/lasentinelle.dz\/index.php\/2022\/08\/15\/pres-dune-centaine-de-departs-de-feu-recenses-en-deux-jours-le-nord-sembrase\/"},"author":{"name":"La Sentinelle","@id":"https:\/\/lasentinelle.dz\/#\/schema\/person\/d865044e22e70a75174ce8bcad3acfb3"},"headline":"Pr\u00e8s d\u2019une centaine de d\u00e9parts de feu recens\u00e9s en deux jours\u00a0: Le Nord s\u2019embrase\u00a0!","datePublished":"2022-08-14T23:16:00+00:00","mainEntityOfPage":{"@id":"https:\/\/lasentinelle.dz\/index.php\/2022\/08\/15\/pres-dune-centaine-de-departs-de-feu-recenses-en-deux-jours-le-nord-sembrase\/"},"wordCount":1002,"commentCount":0,"publisher":{"@id":"https:\/\/lasentinelle.dz\/#organization"},"image":{"@id":"https:\/\/lasentinelle.dz\/index.php\/2022\/08\/15\/pres-dune-centaine-de-departs-de-feu-recenses-en-deux-jours-le-nord-sembrase\/#primaryimage"},"thumbnailUrl":"https:\/\/lasentinelle.dz\/wp-content\/uploads\/2022\/08\/incendie.png","articleSection":["\u00c0 la Une","Actualit\u00e9"],"inLanguage":"fr-FR","potentialAction":[{"@type":"CommentAction","name":"Comment","target":["https:\/\/lasentinelle.dz\/index.php\/2022\/08\/15\/pres-dune-centaine-de-departs-de-feu-recenses-en-deux-jours-le-nord-sembrase\/#respond"]}]},{"@type":"WebPage","@id":"https:\/\/lasentinelle.dz\/index.php\/2022\/08\/15\/pres-dune-centaine-de-departs-de-feu-recenses-en-deux-jours-le-nord-sembrase\/","url":"https:\/\/lasentinelle.dz\/index.php\/2022\/08\/15\/pres-dune-centaine-de-departs-de-feu-recenses-en-deux-jours-le-nord-sembrase\/","name":"Pr\u00e8s d\u2019une centaine de d\u00e9parts de feu recens\u00e9s en deux jours\u00a0: Le Nord s\u2019embrase\u00a0! - La Sentinelle","isPartOf":{"@id":"https:\/\/lasentinelle.dz\/#website"},"primaryImageOfPage":{"@id":"https:\/\/lasentinelle.dz\/index.php\/2022\/08\/15\/pres-dune-centaine-de-departs-de-feu-recenses-en-deux-jours-le-nord-sembrase\/#primaryimage"},"image":{"@id":"https:\/\/lasentinelle.dz\/index.php\/2022\/08\/15\/pres-dune-centaine-de-departs-de-feu-recenses-en-deux-jours-le-nord-sembrase\/#primaryimage"},"thumbnailUrl":"https:\/\/lasentinelle.dz\/wp-content\/uploads\/2022\/08\/incendie.png","datePublished":"2022-08-14T23:16:00+00:00","breadcrumb":{"@id":"https:\/\/lasentinelle.dz\/index.php\/2022\/08\/15\/pres-dune-centaine-de-departs-de-feu-recenses-en-deux-jours-le-nord-sembrase\/#breadcrumb"},"inLanguage":"fr-FR","potentialAction":[{"@type":"ReadAction","target":["https:\/\/lasentinelle.dz\/index.php\/2022\/08\/15\/pres-dune-centaine-de-departs-de-feu-recenses-en-deux-jours-le-nord-sembrase\/"]}]},{"@type":"ImageObject","inLanguage":"fr-FR","@id":"https:\/\/lasentinelle.dz\/index.php\/2022\/08\/15\/pres-dune-centaine-de-departs-de-feu-recenses-en-deux-jours-le-nord-sembrase\/#primaryimage","url":"https:\/\/lasentinelle.dz\/wp-content\/uploads\/2022\/08\/incendie.png","contentUrl":"https:\/\/lasentinelle.dz\/wp-content\/uploads\/2022\/08\/incendie.png","width":1378,"height":900},{"@type":"BreadcrumbList","@id":"https:\/\/lasentinelle.dz\/index.php\/2022\/08\/15\/pres-dune-centaine-de-departs-de-feu-recenses-en-deux-jours-le-nord-sembrase\/#breadcrumb","itemListElement":[{"@type":"ListItem","position":1,"name":"Accueil","item":"https:\/\/lasentinelle.dz\/"},{"@type":"ListItem","position":2,"name":"Pr\u00e8s d\u2019une centaine de d\u00e9parts de feu recens\u00e9s en deux jours\u00a0: Le Nord s\u2019embrase\u00a0!"}]},{"@type":"WebSite","@id":"https:\/\/lasentinelle.dz\/#website","url":"https:\/\/lasentinelle.dz\/","name":"La Sentinelle","description":"Quotidien national d&#039;information","publisher":{"@id":"https:\/\/lasentinelle.dz\/#organization"},"potentialAction":[{"@type":"SearchAction","target":{"@type":"EntryPoint","urlTemplate":"https:\/\/lasentinelle.dz\/?s={search_term_string}"},"query-input":{"@type":"PropertyValueSpecification","valueRequired":true,"valueName":"search_term_string"}}],"inLanguage":"fr-FR"},{"@type":"Organization","@id":"https:\/\/lasentinelle.dz\/#organization","name":"Quotidien La Sentinelle","url":"https:\/\/lasentinelle.dz\/","logo":{"@type":"ImageObject","inLanguage":"fr-FR","@id":"https:\/\/lasentinelle.dz\/#\/schema\/logo\/image\/","url":"https:\/\/lasentinelle.dz\/wp-content\/uploads\/2021\/09\/logo-sentinelleSLOGAN-1.png","contentUrl":"https:\/\/lasentinelle.dz\/wp-content\/uploads\/2021\/09\/logo-sentinelleSLOGAN-1.png","width":615,"height":142,"caption":"Quotidien La Sentinelle"},"image":{"@id":"https:\/\/lasentinelle.dz\/#\/schema\/logo\/image\/"},"sameAs":["https:\/\/www.facebook.com\/La-Sentinelle-104059864394773"]},{"@type":"Person","@id":"https:\/\/lasentinelle.dz\/#\/schema\/person\/d865044e22e70a75174ce8bcad3acfb3","name":"La Sentinelle","image":{"@type":"ImageObject","inLanguage":"fr-FR","@id":"https:\/\/secure.gravatar.com\/avatar\/57de8e5d4b15d43fb361a71fbb36338450fe67865b528a43dd10ef7c51a20392?s=96&d=mm&r=g","url":"https:\/\/secure.gravatar.com\/avatar\/57de8e5d4b15d43fb361a71fbb36338450fe67865b528a43dd10ef7c51a20392?s=96&d=mm&r=g","contentUrl":"https:\/\/secure.gravatar.com\/avatar\/57de8e5d4b15d43fb361a71fbb36338450fe67865b528a43dd10ef7c51a20392?s=96&d=mm&r=g","caption":"La Sentinelle"},"sameAs":["http:\/\/www.lasentinelle.dz"],"url":"https:\/\/lasentinelle.dz\/author\/redaction\/"}]}},"_links":{"self":[{"href":"https:\/\/lasentinelle.dz\/index.php\/wp-json\/wp\/v2\/posts\/25691","targetHints":{"allow":["GET"]}}],"collection":[{"href":"https:\/\/lasentinelle.dz\/index.php\/wp-json\/wp\/v2\/posts"}],"about":[{"href":"https:\/\/lasentinelle.dz\/index.php\/wp-json\/wp\/v2\/types\/post"}],"author":[{"embeddable":true,"href":"https:\/\/lasentinelle.dz\/index.php\/wp-json\/wp\/v2\/users\/3"}],"replies":[{"embeddable":true,"href":"https:\/\/lasentinelle.dz\/index.php\/wp-json\/wp\/v2\/comments?post=25691"}],"version-history":[{"count":1,"href":"https:\/\/lasentinelle.dz\/index.php\/wp-json\/wp\/v2\/posts\/25691\/revisions"}],"predecessor-version":[{"id":25695,"href":"https:\/\/lasentinelle.dz\/index.php\/wp-json\/wp\/v2\/posts\/25691\/revisions\/25695"}],"wp:featuredmedia":[{"embeddable":true,"href":"https:\/\/lasentinelle.dz\/index.php\/wp-json\/wp\/v2\/media\/25694"}],"wp:attachment":[{"href":"https:\/\/lasentinelle.dz\/index.php\/wp-json\/wp\/v2\/media?parent=25691"}],"wp:term":[{"taxonomy":"category","embeddable":true,"href":"https:\/\/lasentinelle.dz\/index.php\/wp-json\/wp\/v2\/categories?post=25691"},{"taxonomy":"post_tag","embeddable":true,"href":"https:\/\/lasentinelle.dz\/index.php\/wp-json\/wp\/v2\/tags?post=25691"}],"curies":[{"name":"wp","href":"https:\/\/api.w.org\/{rel}","templated":true}]}}