{"id":25746,"date":"2022-08-16T00:05:00","date_gmt":"2022-08-15T23:05:00","guid":{"rendered":"https:\/\/lasentinelle.dz\/?p=25746"},"modified":"2022-08-15T19:30:04","modified_gmt":"2022-08-15T18:30:04","slug":"des-mesures-fiscales-introduites-des-incitations-pour-la-filiere-avicole","status":"publish","type":"post","link":"https:\/\/lasentinelle.dz\/index.php\/2022\/08\/16\/des-mesures-fiscales-introduites-des-incitations-pour-la-filiere-avicole\/","title":{"rendered":"Des mesures fiscales introduites\u00a0: Des incitations pour la fili\u00e8re avicole"},"content":{"rendered":"\n<p>Les pouvoirs publics ont pris diverses mesures afin de soutenir l\u2019activit\u00e9 avicole. Dans ce sens, le minist\u00e8re de l&rsquo;Agriculture et du D\u00e9veloppement rural a&nbsp;rappel\u00e9 hier&nbsp;les modalit\u00e9s&nbsp;d\u2019exemption&nbsp;des exon\u00e9rations de la taxe sur la valeur ajout\u00e9e li\u00e9e \u00e0 la vente d&rsquo;orge et de ma\u00efs, ainsi que des mati\u00e8res et des produits destin\u00e9s \u00e0 l&rsquo;alimentation du b\u00e9tail et de la volaille. Dans un communiqu\u00e9, le&nbsp;d\u00e9partement de Mohamed Abdelhafid Henni&nbsp;a indiqu\u00e9 que&nbsp;le b\u00e9n\u00e9fice&nbsp;\u00ab de l\u2019exon\u00e9ration des droits \u00e0 valeur ajout\u00e9e est tributaire de la pr\u00e9sentation, par l\u2019importateur, aux services fiscaux territorialement comp\u00e9tents, du cahier des charges lui ayant \u00e9t\u00e9 remis par les services agricoles et ratifi\u00e9 par ses soins\u00bb.&nbsp;&nbsp;En ce qui concerne la vente d&rsquo;orge et de ma\u00efs, ainsi que les mati\u00e8res premi\u00e8res utilis\u00e9es dans la production d&rsquo;aliments pour le b\u00e9tail et&nbsp;la&nbsp;volaille, le communiqu\u00e9 du minist\u00e8re a indiqu\u00e9 que&nbsp;pour&nbsp;&nbsp;\u00ab&nbsp;b\u00e9n\u00e9ficier&nbsp;des exon\u00e9rations fiscales, tr\u00e8s pr\u00e9cis\u00e9ment de la taxe sur la valeur ajout\u00e9e, le producteur ou encore du transformateur s\u2019engage \u00e0 \u00e9couler sa production au niveau des coop\u00e9ratives agricoles ou au niveau des producteurs des aliments de b\u00e9tail et de volailles ou encore en la commercialisant au profit des \u00e9leveurs\u00bb. Pour les op\u00e9rations de vente de l&rsquo;orge et du ma\u00efs ainsi que des mati\u00e8res et produits, destin\u00e9s \u00e0 l&rsquo;alimentation de b\u00e9tail et de volailles, produits localement, le b\u00e9n\u00e9fice de l&rsquo;exemption de la TVA est conditionn\u00e9 par la souscription, par le producteur, le transformateur ou le collecteur, selon le cas, d&rsquo;un engagement de destination des mati\u00e8res et produits locaux, aux coop\u00e9ratives agricoles, aux fabricants d&rsquo;aliments ou directement aux \u00e9leveurs les utilisant \u00e0 des fins d&rsquo;alimentation de leurs cheptels.&nbsp;L&rsquo;engagement est souscrit aupr\u00e8s des services agricoles territorialement comp\u00e9tents, souligne le minist\u00e8re.&nbsp;Ces mesures incitatives visent \u00e0 r\u00e9duire les co\u00fbts de production pour les \u00e9leveurs de b\u00e9tail et de volailles, et partant, garantir la stabilit\u00e9 des prix au niveau des march\u00e9s de ces deux fili\u00e8res, conclut la source. Les mesures contenues dans la loi de Finances 2022 concernent \u00e9galement la suppression de l\u2019Imp\u00f4t sur le Revenu Global (IRG). Une mesure qui touchera, selon le m\u00eame communiqu\u00e9, les exploitations agricoles de moins de 6 hectares et situ\u00e9e dans le Sud du pays et des Hauts plateaux. Toujours au chapitre de l\u2019IRG, le minist\u00e8re de l\u2019Agriculture pr\u00e9cise que la suppression concernera, pour une dur\u00e9e de dix ans,&nbsp;&nbsp;les revenus relatifs aux activit\u00e9s agricoles et animali\u00e8res au niveau des terres revaloris\u00e9es.&nbsp;&nbsp;<\/p>\n\n\n\n<p><strong>Amar Malki<\/strong><\/p>\n","protected":false},"excerpt":{"rendered":"<p>Les pouvoirs publics ont pris diverses mesures afin de soutenir l\u2019activit\u00e9 avicole. Dans ce sens, le minist\u00e8re de l&rsquo;Agriculture et<\/p>\n","protected":false},"author":3,"featured_media":25761,"comment_status":"open","ping_status":"closed","sticky":false,"template":"","format":"standard","meta":{"colormag_page_container_layout":"default_layout","colormag_page_sidebar_layout":"default_layout","om_disable_all_campaigns":false,"_monsterinsights_skip_tracking":false,"_monsterinsights_sitenote_active":false,"_monsterinsights_sitenote_note":"","_monsterinsights_sitenote_category":0,"footnotes":"","_wpscppro_dont_share_socialmedia":false,"_wpscppro_custom_social_share_image":0,"_facebook_share_type":"","_twitter_share_type":"","_linkedin_share_type":"","_pinterest_share_type":"","_linkedin_share_type_page":"","_instagram_share_type":"","_medium_share_type":"","_threads_share_type":"","_google_business_share_type":"","_selected_social_profile":[],"_wpsp_enable_custom_social_template":false,"_wpsp_social_scheduling":{"enabled":false,"datetime":null,"platforms":[],"status":"template_only","dateOption":"today","timeOption":"now","customDays":"","customHours":"","customDate":"","customTime":"","schedulingType":"absolute"},"_wpsp_active_default_template":true},"categories":[29],"tags":[],"class_list":["post-25746","post","type-post","status-publish","format-standard","has-post-thumbnail","hentry","category-economie"],"aioseo_notices":[],"yoast_head":"<!-- This site is optimized with the Yoast SEO plugin v27.5 - https:\/\/yoast.com\/product\/yoast-seo-wordpress\/ -->\n<title>Des mesures fiscales introduites\u00a0: Des incitations pour la fili\u00e8re avicole - La Sentinelle<\/title>\n<meta name=\"robots\" content=\"index, follow, max-snippet:-1, max-image-preview:large, max-video-preview:-1\" \/>\n<link rel=\"canonical\" href=\"https:\/\/lasentinelle.dz\/index.php\/2022\/08\/16\/des-mesures-fiscales-introduites-des-incitations-pour-la-filiere-avicole\/\" \/>\n<meta property=\"og:locale\" content=\"fr_FR\" \/>\n<meta property=\"og:type\" content=\"article\" \/>\n<meta property=\"og:title\" content=\"Des mesures fiscales introduites\u00a0: Des incitations pour la fili\u00e8re avicole - La Sentinelle\" \/>\n<meta property=\"og:description\" content=\"Les pouvoirs publics ont pris diverses mesures afin de soutenir l\u2019activit\u00e9 avicole. Dans ce sens, le minist\u00e8re de l&rsquo;Agriculture et\" \/>\n<meta property=\"og:url\" content=\"https:\/\/lasentinelle.dz\/index.php\/2022\/08\/16\/des-mesures-fiscales-introduites-des-incitations-pour-la-filiere-avicole\/\" \/>\n<meta property=\"og:site_name\" content=\"La Sentinelle\" \/>\n<meta property=\"article:publisher\" content=\"https:\/\/www.facebook.com\/La-Sentinelle-104059864394773\" \/>\n<meta property=\"article:published_time\" content=\"2022-08-15T23:05:00+00:00\" \/>\n<meta property=\"og:image\" content=\"https:\/\/lasentinelle.dz\/wp-content\/uploads\/2022\/08\/aliments-avicoles.png\" \/>\n\t<meta property=\"og:image:width\" content=\"1343\" \/>\n\t<meta property=\"og:image:height\" content=\"900\" \/>\n\t<meta property=\"og:image:type\" content=\"image\/png\" \/>\n<meta name=\"author\" content=\"La Sentinelle\" \/>\n<meta name=\"twitter:card\" content=\"summary_large_image\" \/>\n<meta name=\"twitter:label1\" content=\"\u00c9crit par\" \/>\n\t<meta name=\"twitter:data1\" content=\"La Sentinelle\" \/>\n\t<meta name=\"twitter:label2\" content=\"Dur\u00e9e de lecture estim\u00e9e\" \/>\n\t<meta name=\"twitter:data2\" content=\"3 minutes\" \/>\n<script type=\"application\/ld+json\" class=\"yoast-schema-graph\">{\"@context\":\"https:\\\/\\\/schema.org\",\"@graph\":[{\"@type\":\"Article\",\"@id\":\"https:\\\/\\\/lasentinelle.dz\\\/index.php\\\/2022\\\/08\\\/16\\\/des-mesures-fiscales-introduites-des-incitations-pour-la-filiere-avicole\\\/#article\",\"isPartOf\":{\"@id\":\"https:\\\/\\\/lasentinelle.dz\\\/index.php\\\/2022\\\/08\\\/16\\\/des-mesures-fiscales-introduites-des-incitations-pour-la-filiere-avicole\\\/\"},\"author\":{\"name\":\"La Sentinelle\",\"@id\":\"https:\\\/\\\/lasentinelle.dz\\\/#\\\/schema\\\/person\\\/d865044e22e70a75174ce8bcad3acfb3\"},\"headline\":\"Des mesures fiscales introduites\u00a0: Des incitations pour la fili\u00e8re avicole\",\"datePublished\":\"2022-08-15T23:05:00+00:00\",\"mainEntityOfPage\":{\"@id\":\"https:\\\/\\\/lasentinelle.dz\\\/index.php\\\/2022\\\/08\\\/16\\\/des-mesures-fiscales-introduites-des-incitations-pour-la-filiere-avicole\\\/\"},\"wordCount\":506,\"commentCount\":0,\"publisher\":{\"@id\":\"https:\\\/\\\/lasentinelle.dz\\\/#organization\"},\"image\":{\"@id\":\"https:\\\/\\\/lasentinelle.dz\\\/index.php\\\/2022\\\/08\\\/16\\\/des-mesures-fiscales-introduites-des-incitations-pour-la-filiere-avicole\\\/#primaryimage\"},\"thumbnailUrl\":\"https:\\\/\\\/lasentinelle.dz\\\/wp-content\\\/uploads\\\/2022\\\/08\\\/aliments-avicoles.png\",\"articleSection\":[\"\u00c9conomie\"],\"inLanguage\":\"fr-FR\",\"potentialAction\":[{\"@type\":\"CommentAction\",\"name\":\"Comment\",\"target\":[\"https:\\\/\\\/lasentinelle.dz\\\/index.php\\\/2022\\\/08\\\/16\\\/des-mesures-fiscales-introduites-des-incitations-pour-la-filiere-avicole\\\/#respond\"]}]},{\"@type\":\"WebPage\",\"@id\":\"https:\\\/\\\/lasentinelle.dz\\\/index.php\\\/2022\\\/08\\\/16\\\/des-mesures-fiscales-introduites-des-incitations-pour-la-filiere-avicole\\\/\",\"url\":\"https:\\\/\\\/lasentinelle.dz\\\/index.php\\\/2022\\\/08\\\/16\\\/des-mesures-fiscales-introduites-des-incitations-pour-la-filiere-avicole\\\/\",\"name\":\"Des mesures fiscales introduites\u00a0: Des incitations pour la fili\u00e8re avicole - La Sentinelle\",\"isPartOf\":{\"@id\":\"https:\\\/\\\/lasentinelle.dz\\\/#website\"},\"primaryImageOfPage\":{\"@id\":\"https:\\\/\\\/lasentinelle.dz\\\/index.php\\\/2022\\\/08\\\/16\\\/des-mesures-fiscales-introduites-des-incitations-pour-la-filiere-avicole\\\/#primaryimage\"},\"image\":{\"@id\":\"https:\\\/\\\/lasentinelle.dz\\\/index.php\\\/2022\\\/08\\\/16\\\/des-mesures-fiscales-introduites-des-incitations-pour-la-filiere-avicole\\\/#primaryimage\"},\"thumbnailUrl\":\"https:\\\/\\\/lasentinelle.dz\\\/wp-content\\\/uploads\\\/2022\\\/08\\\/aliments-avicoles.png\",\"datePublished\":\"2022-08-15T23:05:00+00:00\",\"breadcrumb\":{\"@id\":\"https:\\\/\\\/lasentinelle.dz\\\/index.php\\\/2022\\\/08\\\/16\\\/des-mesures-fiscales-introduites-des-incitations-pour-la-filiere-avicole\\\/#breadcrumb\"},\"inLanguage\":\"fr-FR\",\"potentialAction\":[{\"@type\":\"ReadAction\",\"target\":[\"https:\\\/\\\/lasentinelle.dz\\\/index.php\\\/2022\\\/08\\\/16\\\/des-mesures-fiscales-introduites-des-incitations-pour-la-filiere-avicole\\\/\"]}]},{\"@type\":\"ImageObject\",\"inLanguage\":\"fr-FR\",\"@id\":\"https:\\\/\\\/lasentinelle.dz\\\/index.php\\\/2022\\\/08\\\/16\\\/des-mesures-fiscales-introduites-des-incitations-pour-la-filiere-avicole\\\/#primaryimage\",\"url\":\"https:\\\/\\\/lasentinelle.dz\\\/wp-content\\\/uploads\\\/2022\\\/08\\\/aliments-avicoles.png\",\"contentUrl\":\"https:\\\/\\\/lasentinelle.dz\\\/wp-content\\\/uploads\\\/2022\\\/08\\\/aliments-avicoles.png\",\"width\":1343,\"height\":900},{\"@type\":\"BreadcrumbList\",\"@id\":\"https:\\\/\\\/lasentinelle.dz\\\/index.php\\\/2022\\\/08\\\/16\\\/des-mesures-fiscales-introduites-des-incitations-pour-la-filiere-avicole\\\/#breadcrumb\",\"itemListElement\":[{\"@type\":\"ListItem\",\"position\":1,\"name\":\"Accueil\",\"item\":\"https:\\\/\\\/lasentinelle.dz\\\/\"},{\"@type\":\"ListItem\",\"position\":2,\"name\":\"Des mesures fiscales introduites\u00a0: Des incitations pour la fili\u00e8re avicole\"}]},{\"@type\":\"WebSite\",\"@id\":\"https:\\\/\\\/lasentinelle.dz\\\/#website\",\"url\":\"https:\\\/\\\/lasentinelle.dz\\\/\",\"name\":\"La Sentinelle\",\"description\":\"Quotidien national d&#039;information\",\"publisher\":{\"@id\":\"https:\\\/\\\/lasentinelle.dz\\\/#organization\"},\"potentialAction\":[{\"@type\":\"SearchAction\",\"target\":{\"@type\":\"EntryPoint\",\"urlTemplate\":\"https:\\\/\\\/lasentinelle.dz\\\/?s={search_term_string}\"},\"query-input\":{\"@type\":\"PropertyValueSpecification\",\"valueRequired\":true,\"valueName\":\"search_term_string\"}}],\"inLanguage\":\"fr-FR\"},{\"@type\":\"Organization\",\"@id\":\"https:\\\/\\\/lasentinelle.dz\\\/#organization\",\"name\":\"Quotidien La Sentinelle\",\"url\":\"https:\\\/\\\/lasentinelle.dz\\\/\",\"logo\":{\"@type\":\"ImageObject\",\"inLanguage\":\"fr-FR\",\"@id\":\"https:\\\/\\\/lasentinelle.dz\\\/#\\\/schema\\\/logo\\\/image\\\/\",\"url\":\"https:\\\/\\\/lasentinelle.dz\\\/wp-content\\\/uploads\\\/2021\\\/09\\\/logo-sentinelleSLOGAN-1.png\",\"contentUrl\":\"https:\\\/\\\/lasentinelle.dz\\\/wp-content\\\/uploads\\\/2021\\\/09\\\/logo-sentinelleSLOGAN-1.png\",\"width\":615,\"height\":142,\"caption\":\"Quotidien La Sentinelle\"},\"image\":{\"@id\":\"https:\\\/\\\/lasentinelle.dz\\\/#\\\/schema\\\/logo\\\/image\\\/\"},\"sameAs\":[\"https:\\\/\\\/www.facebook.com\\\/La-Sentinelle-104059864394773\"]},{\"@type\":\"Person\",\"@id\":\"https:\\\/\\\/lasentinelle.dz\\\/#\\\/schema\\\/person\\\/d865044e22e70a75174ce8bcad3acfb3\",\"name\":\"La Sentinelle\",\"image\":{\"@type\":\"ImageObject\",\"inLanguage\":\"fr-FR\",\"@id\":\"https:\\\/\\\/secure.gravatar.com\\\/avatar\\\/57de8e5d4b15d43fb361a71fbb36338450fe67865b528a43dd10ef7c51a20392?s=96&d=mm&r=g\",\"url\":\"https:\\\/\\\/secure.gravatar.com\\\/avatar\\\/57de8e5d4b15d43fb361a71fbb36338450fe67865b528a43dd10ef7c51a20392?s=96&d=mm&r=g\",\"contentUrl\":\"https:\\\/\\\/secure.gravatar.com\\\/avatar\\\/57de8e5d4b15d43fb361a71fbb36338450fe67865b528a43dd10ef7c51a20392?s=96&d=mm&r=g\",\"caption\":\"La Sentinelle\"},\"sameAs\":[\"http:\\\/\\\/www.lasentinelle.dz\"],\"url\":\"https:\\\/\\\/lasentinelle.dz\\\/author\\\/redaction\\\/\"}]}<\/script>\n<!-- \/ Yoast SEO plugin. -->","yoast_head_json":{"title":"Des mesures fiscales introduites\u00a0: Des incitations pour la fili\u00e8re avicole - La Sentinelle","robots":{"index":"index","follow":"follow","max-snippet":"max-snippet:-1","max-image-preview":"max-image-preview:large","max-video-preview":"max-video-preview:-1"},"canonical":"https:\/\/lasentinelle.dz\/index.php\/2022\/08\/16\/des-mesures-fiscales-introduites-des-incitations-pour-la-filiere-avicole\/","og_locale":"fr_FR","og_type":"article","og_title":"Des mesures fiscales introduites\u00a0: Des incitations pour la fili\u00e8re avicole - La Sentinelle","og_description":"Les pouvoirs publics ont pris diverses mesures afin de soutenir l\u2019activit\u00e9 avicole. Dans ce sens, le minist\u00e8re de l&rsquo;Agriculture et","og_url":"https:\/\/lasentinelle.dz\/index.php\/2022\/08\/16\/des-mesures-fiscales-introduites-des-incitations-pour-la-filiere-avicole\/","og_site_name":"La Sentinelle","article_publisher":"https:\/\/www.facebook.com\/La-Sentinelle-104059864394773","article_published_time":"2022-08-15T23:05:00+00:00","og_image":[{"width":1343,"height":900,"url":"https:\/\/lasentinelle.dz\/wp-content\/uploads\/2022\/08\/aliments-avicoles.png","type":"image\/png"}],"author":"La Sentinelle","twitter_card":"summary_large_image","twitter_misc":{"\u00c9crit par":"La Sentinelle","Dur\u00e9e de lecture estim\u00e9e":"3 minutes"},"schema":{"@context":"https:\/\/schema.org","@graph":[{"@type":"Article","@id":"https:\/\/lasentinelle.dz\/index.php\/2022\/08\/16\/des-mesures-fiscales-introduites-des-incitations-pour-la-filiere-avicole\/#article","isPartOf":{"@id":"https:\/\/lasentinelle.dz\/index.php\/2022\/08\/16\/des-mesures-fiscales-introduites-des-incitations-pour-la-filiere-avicole\/"},"author":{"name":"La Sentinelle","@id":"https:\/\/lasentinelle.dz\/#\/schema\/person\/d865044e22e70a75174ce8bcad3acfb3"},"headline":"Des mesures fiscales introduites\u00a0: Des incitations pour la fili\u00e8re avicole","datePublished":"2022-08-15T23:05:00+00:00","mainEntityOfPage":{"@id":"https:\/\/lasentinelle.dz\/index.php\/2022\/08\/16\/des-mesures-fiscales-introduites-des-incitations-pour-la-filiere-avicole\/"},"wordCount":506,"commentCount":0,"publisher":{"@id":"https:\/\/lasentinelle.dz\/#organization"},"image":{"@id":"https:\/\/lasentinelle.dz\/index.php\/2022\/08\/16\/des-mesures-fiscales-introduites-des-incitations-pour-la-filiere-avicole\/#primaryimage"},"thumbnailUrl":"https:\/\/lasentinelle.dz\/wp-content\/uploads\/2022\/08\/aliments-avicoles.png","articleSection":["\u00c9conomie"],"inLanguage":"fr-FR","potentialAction":[{"@type":"CommentAction","name":"Comment","target":["https:\/\/lasentinelle.dz\/index.php\/2022\/08\/16\/des-mesures-fiscales-introduites-des-incitations-pour-la-filiere-avicole\/#respond"]}]},{"@type":"WebPage","@id":"https:\/\/lasentinelle.dz\/index.php\/2022\/08\/16\/des-mesures-fiscales-introduites-des-incitations-pour-la-filiere-avicole\/","url":"https:\/\/lasentinelle.dz\/index.php\/2022\/08\/16\/des-mesures-fiscales-introduites-des-incitations-pour-la-filiere-avicole\/","name":"Des mesures fiscales introduites\u00a0: Des incitations pour la fili\u00e8re avicole - La Sentinelle","isPartOf":{"@id":"https:\/\/lasentinelle.dz\/#website"},"primaryImageOfPage":{"@id":"https:\/\/lasentinelle.dz\/index.php\/2022\/08\/16\/des-mesures-fiscales-introduites-des-incitations-pour-la-filiere-avicole\/#primaryimage"},"image":{"@id":"https:\/\/lasentinelle.dz\/index.php\/2022\/08\/16\/des-mesures-fiscales-introduites-des-incitations-pour-la-filiere-avicole\/#primaryimage"},"thumbnailUrl":"https:\/\/lasentinelle.dz\/wp-content\/uploads\/2022\/08\/aliments-avicoles.png","datePublished":"2022-08-15T23:05:00+00:00","breadcrumb":{"@id":"https:\/\/lasentinelle.dz\/index.php\/2022\/08\/16\/des-mesures-fiscales-introduites-des-incitations-pour-la-filiere-avicole\/#breadcrumb"},"inLanguage":"fr-FR","potentialAction":[{"@type":"ReadAction","target":["https:\/\/lasentinelle.dz\/index.php\/2022\/08\/16\/des-mesures-fiscales-introduites-des-incitations-pour-la-filiere-avicole\/"]}]},{"@type":"ImageObject","inLanguage":"fr-FR","@id":"https:\/\/lasentinelle.dz\/index.php\/2022\/08\/16\/des-mesures-fiscales-introduites-des-incitations-pour-la-filiere-avicole\/#primaryimage","url":"https:\/\/lasentinelle.dz\/wp-content\/uploads\/2022\/08\/aliments-avicoles.png","contentUrl":"https:\/\/lasentinelle.dz\/wp-content\/uploads\/2022\/08\/aliments-avicoles.png","width":1343,"height":900},{"@type":"BreadcrumbList","@id":"https:\/\/lasentinelle.dz\/index.php\/2022\/08\/16\/des-mesures-fiscales-introduites-des-incitations-pour-la-filiere-avicole\/#breadcrumb","itemListElement":[{"@type":"ListItem","position":1,"name":"Accueil","item":"https:\/\/lasentinelle.dz\/"},{"@type":"ListItem","position":2,"name":"Des mesures fiscales introduites\u00a0: Des incitations pour la fili\u00e8re avicole"}]},{"@type":"WebSite","@id":"https:\/\/lasentinelle.dz\/#website","url":"https:\/\/lasentinelle.dz\/","name":"La Sentinelle","description":"Quotidien national d&#039;information","publisher":{"@id":"https:\/\/lasentinelle.dz\/#organization"},"potentialAction":[{"@type":"SearchAction","target":{"@type":"EntryPoint","urlTemplate":"https:\/\/lasentinelle.dz\/?s={search_term_string}"},"query-input":{"@type":"PropertyValueSpecification","valueRequired":true,"valueName":"search_term_string"}}],"inLanguage":"fr-FR"},{"@type":"Organization","@id":"https:\/\/lasentinelle.dz\/#organization","name":"Quotidien La Sentinelle","url":"https:\/\/lasentinelle.dz\/","logo":{"@type":"ImageObject","inLanguage":"fr-FR","@id":"https:\/\/lasentinelle.dz\/#\/schema\/logo\/image\/","url":"https:\/\/lasentinelle.dz\/wp-content\/uploads\/2021\/09\/logo-sentinelleSLOGAN-1.png","contentUrl":"https:\/\/lasentinelle.dz\/wp-content\/uploads\/2021\/09\/logo-sentinelleSLOGAN-1.png","width":615,"height":142,"caption":"Quotidien La Sentinelle"},"image":{"@id":"https:\/\/lasentinelle.dz\/#\/schema\/logo\/image\/"},"sameAs":["https:\/\/www.facebook.com\/La-Sentinelle-104059864394773"]},{"@type":"Person","@id":"https:\/\/lasentinelle.dz\/#\/schema\/person\/d865044e22e70a75174ce8bcad3acfb3","name":"La Sentinelle","image":{"@type":"ImageObject","inLanguage":"fr-FR","@id":"https:\/\/secure.gravatar.com\/avatar\/57de8e5d4b15d43fb361a71fbb36338450fe67865b528a43dd10ef7c51a20392?s=96&d=mm&r=g","url":"https:\/\/secure.gravatar.com\/avatar\/57de8e5d4b15d43fb361a71fbb36338450fe67865b528a43dd10ef7c51a20392?s=96&d=mm&r=g","contentUrl":"https:\/\/secure.gravatar.com\/avatar\/57de8e5d4b15d43fb361a71fbb36338450fe67865b528a43dd10ef7c51a20392?s=96&d=mm&r=g","caption":"La Sentinelle"},"sameAs":["http:\/\/www.lasentinelle.dz"],"url":"https:\/\/lasentinelle.dz\/author\/redaction\/"}]}},"_links":{"self":[{"href":"https:\/\/lasentinelle.dz\/index.php\/wp-json\/wp\/v2\/posts\/25746","targetHints":{"allow":["GET"]}}],"collection":[{"href":"https:\/\/lasentinelle.dz\/index.php\/wp-json\/wp\/v2\/posts"}],"about":[{"href":"https:\/\/lasentinelle.dz\/index.php\/wp-json\/wp\/v2\/types\/post"}],"author":[{"embeddable":true,"href":"https:\/\/lasentinelle.dz\/index.php\/wp-json\/wp\/v2\/users\/3"}],"replies":[{"embeddable":true,"href":"https:\/\/lasentinelle.dz\/index.php\/wp-json\/wp\/v2\/comments?post=25746"}],"version-history":[{"count":1,"href":"https:\/\/lasentinelle.dz\/index.php\/wp-json\/wp\/v2\/posts\/25746\/revisions"}],"predecessor-version":[{"id":25763,"href":"https:\/\/lasentinelle.dz\/index.php\/wp-json\/wp\/v2\/posts\/25746\/revisions\/25763"}],"wp:featuredmedia":[{"embeddable":true,"href":"https:\/\/lasentinelle.dz\/index.php\/wp-json\/wp\/v2\/media\/25761"}],"wp:attachment":[{"href":"https:\/\/lasentinelle.dz\/index.php\/wp-json\/wp\/v2\/media?parent=25746"}],"wp:term":[{"taxonomy":"category","embeddable":true,"href":"https:\/\/lasentinelle.dz\/index.php\/wp-json\/wp\/v2\/categories?post=25746"},{"taxonomy":"post_tag","embeddable":true,"href":"https:\/\/lasentinelle.dz\/index.php\/wp-json\/wp\/v2\/tags?post=25746"}],"curies":[{"name":"wp","href":"https:\/\/api.w.org\/{rel}","templated":true}]}}