{"id":25762,"date":"2022-08-16T00:08:00","date_gmt":"2022-08-15T23:08:00","guid":{"rendered":"https:\/\/lasentinelle.dz\/?p=25762"},"modified":"2022-08-15T21:25:26","modified_gmt":"2022-08-15T20:25:26","slug":"selon-la-protection-civile-87-incendies-maitrises","status":"publish","type":"post","link":"https:\/\/lasentinelle.dz\/index.php\/2022\/08\/16\/selon-la-protection-civile-87-incendies-maitrises\/","title":{"rendered":"Selon\u00a0la Protection civile\u00a0:\u00a087 incendies ma\u00eetris\u00e9s"},"content":{"rendered":"\n<p>Plusieurs incendies qui ont affect\u00e9 le nord du pays depuis le week-end ont \u00e9t\u00e9 maitris\u00e9s par les services de la Protection civile.&nbsp;<\/p>\n\n\n\n<p>Le Directeur des&nbsp;statistiques et de l\u2019information&nbsp;aupr\u00e8s la&nbsp;Direction g\u00e9n\u00e9rale de la Protection&nbsp;civile, le Colonel Farouk Achour, a&nbsp;indiqu\u00e9 hier que les effectifs mobilis\u00e9s dans le cadre du dispositif de lutte contre les incendies sont parvenus&nbsp;&nbsp;\u00e0 \u00e9teindre, jusqu\u2019\u00e0 hier matin,&nbsp;\u00ab 87 feux de for\u00eats au niveau de 14 wilayas\u00bb. S\u2019exprimant sur les ondes de la&nbsp;Radioalg\u00e9rienne,&nbsp;le m\u00eame responsable&nbsp;a soulign\u00e9 \u00abla poursuite des efforts pour l\u2019extinction de 13 autres incendies dans 8 wilayas, \u00e0 savoir Tizi Ouzou, B\u00e9ja\u00efa, Jijel, El Tarf, Skikda, Oum El Bouaghi, Tipaza&nbsp;&nbsp;et Souk Ahras&nbsp;\u00bb.&nbsp;Il&nbsp;a mis en exergue les efforts d\u00e9ploy\u00e9s par les \u00e9quipes de la&nbsp;Protection civile, l\u2019Arm\u00e9e nationale&nbsp;populaire, les services des for\u00eats, les collectivit\u00e9s locales, les b\u00e9n\u00e9voles mobilis\u00e9s dans l\u2019ensemble des wilayas.&nbsp;Il&nbsp;a \u00e9galement fait \u00e9tat des \u00abmoyens suppl\u00e9mentaires mobilis\u00e9s dans les wilayas concern\u00e9es\u00bb, expliquant qu\u2019il&nbsp;\u00abs\u2019agit des colonnes mobiles d\u2019intervention mobilis\u00e9es en renforts, en plus des moyens a\u00e9roport\u00e9s relevant de la direction g\u00e9n\u00e9rale de la protection civile, et ceux de l\u2019Arm\u00e9e nationale&nbsp;populaire&nbsp;ayant d\u00e9j\u00e0 mobilis\u00e9 ses troupes en intervenant gr\u00e2ce&nbsp;\u00e0&nbsp;des techniques modernes\u00bb. Le colonel Farouk Achour a \u00e9galement exhort\u00e9 les citoyens \u00e0 \u00abobserver les mesures pr\u00e9ventives tout en signalant \u00e0 temps tout d\u00e9part de feu, afin d\u2019intervenir \u00e0 temps en vue de sa ma\u00eetrise\u00bb. Dans un communiqu\u00e9, la&nbsp;Direction g\u00e9n\u00e9rale de la&nbsp;Protection civile a indiqu\u00e9 que \u00ables op\u00e9rations d\u2019extinctions des deux se poursuivent dans la commune d\u2019Ouzellaguen, Tizi El Oued, Aokas dans la wilaya de la&nbsp;&nbsp;Bejaia, \u00e0 Azeffoun, Imahrizen, Ait Chafaa dans la wilaya de Tizi Ouzou, \u00e0 El Djefra \u00e0 Jijel \u00bb, ajoutant que \u00abl\u2019extinction des feux \u00abse poursuit \u00e9galement dans les localit\u00e9s de Dhai El Assal et El Khanga dans la wilaya d\u2019El Tarf, et \u00e0 Damous dans la commune de B\u00e9ni Malek et Taline dans la commune de Chenoua \u00e0 Tipasa\u00bb, soulignant \u00abla ma\u00eetrise de tous les feux d\u00e9clench\u00e9s dans les wilayas de Skikda, Souk Ahras, T\u00e9bessa et Annaba. Le responsable de communication&nbsp;aupr\u00e8s la&nbsp;Protection civile, Nassim Bernaoui, fait \u00e9tat de \u00abdes efforts qui se poursuivent encore pour l\u2019extinction de 10 feux de for\u00eats\u00bb, soulignant que \u00abla protection civile a, durant les derni\u00e8res 24 heures,&nbsp;&nbsp;enregistr\u00e9, 62 d\u00e9parts de feux, ravageant&nbsp;&nbsp;une superficie de&nbsp;&nbsp;80 ha\u00bb. Depuis le mois de juin \u00e0 ce jour, la&nbsp;Direction g\u00e9n\u00e9rale de la protection civile a enregistr\u00e9 \u00ab955 incendies enregistr\u00e9s depuis&nbsp;&nbsp;le mois de juin \u00e0 ce jour, ravageant 500&nbsp;&nbsp;hectares de maquis, 660 hectares de hectares de broussailles, en plus de la perte de 35 000 arbres fruitiers, 6000 palmiers et autres r\u00e9coltes agricoles\u00bb.<\/p>\n\n\n\n<p><strong>Amar Malki<\/strong><\/p>\n","protected":false},"excerpt":{"rendered":"<p>Plusieurs incendies qui ont affect\u00e9 le nord du pays depuis le week-end ont \u00e9t\u00e9 maitris\u00e9s par les services de la<\/p>\n","protected":false},"author":3,"featured_media":25767,"comment_status":"open","ping_status":"closed","sticky":false,"template":"","format":"standard","meta":{"colormag_page_container_layout":"default_layout","colormag_page_sidebar_layout":"default_layout","om_disable_all_campaigns":false,"_monsterinsights_skip_tracking":false,"_monsterinsights_sitenote_active":false,"_monsterinsights_sitenote_note":"","_monsterinsights_sitenote_category":0,"footnotes":"","_wpscppro_dont_share_socialmedia":false,"_wpscppro_custom_social_share_image":0,"_facebook_share_type":"","_twitter_share_type":"","_linkedin_share_type":"","_pinterest_share_type":"","_linkedin_share_type_page":"","_instagram_share_type":"","_medium_share_type":"","_threads_share_type":"","_google_business_share_type":"","_selected_social_profile":[],"_wpsp_enable_custom_social_template":false,"_wpsp_social_scheduling":{"enabled":false,"datetime":null,"platforms":[],"status":"template_only","dateOption":"today","timeOption":"now","customDays":"","customHours":"","customDate":"","customTime":"","schedulingType":"absolute"},"_wpsp_active_default_template":true},"categories":[52,27],"tags":[],"class_list":["post-25762","post","type-post","status-publish","format-standard","has-post-thumbnail","hentry","category-a-la-une","category-actualite"],"aioseo_notices":[],"yoast_head":"<!-- This site is optimized with the Yoast SEO plugin v27.5 - https:\/\/yoast.com\/product\/yoast-seo-wordpress\/ -->\n<title>Selon\u00a0la Protection civile\u00a0:\u00a087 incendies ma\u00eetris\u00e9s - La Sentinelle<\/title>\n<meta name=\"robots\" content=\"index, follow, max-snippet:-1, max-image-preview:large, max-video-preview:-1\" \/>\n<link rel=\"canonical\" href=\"https:\/\/lasentinelle.dz\/index.php\/2022\/08\/16\/selon-la-protection-civile-87-incendies-maitrises\/\" \/>\n<meta property=\"og:locale\" content=\"fr_FR\" \/>\n<meta property=\"og:type\" content=\"article\" \/>\n<meta property=\"og:title\" content=\"Selon\u00a0la Protection civile\u00a0:\u00a087 incendies ma\u00eetris\u00e9s - La Sentinelle\" \/>\n<meta property=\"og:description\" content=\"Plusieurs incendies qui ont affect\u00e9 le nord du pays depuis le week-end ont \u00e9t\u00e9 maitris\u00e9s par les services de la\" \/>\n<meta property=\"og:url\" content=\"https:\/\/lasentinelle.dz\/index.php\/2022\/08\/16\/selon-la-protection-civile-87-incendies-maitrises\/\" \/>\n<meta property=\"og:site_name\" content=\"La Sentinelle\" \/>\n<meta property=\"article:publisher\" content=\"https:\/\/www.facebook.com\/La-Sentinelle-104059864394773\" \/>\n<meta property=\"article:published_time\" content=\"2022-08-15T23:08:00+00:00\" \/>\n<meta property=\"og:image\" content=\"https:\/\/lasentinelle.dz\/wp-content\/uploads\/2022\/08\/incendies-1024x682.png\" \/>\n\t<meta property=\"og:image:width\" content=\"1024\" \/>\n\t<meta property=\"og:image:height\" content=\"682\" \/>\n\t<meta property=\"og:image:type\" content=\"image\/png\" \/>\n<meta name=\"author\" content=\"La Sentinelle\" \/>\n<meta name=\"twitter:card\" content=\"summary_large_image\" \/>\n<meta name=\"twitter:label1\" content=\"\u00c9crit par\" \/>\n\t<meta name=\"twitter:data1\" content=\"La Sentinelle\" \/>\n\t<meta name=\"twitter:label2\" content=\"Dur\u00e9e de lecture estim\u00e9e\" \/>\n\t<meta name=\"twitter:data2\" content=\"3 minutes\" \/>\n<script type=\"application\/ld+json\" class=\"yoast-schema-graph\">{\"@context\":\"https:\\\/\\\/schema.org\",\"@graph\":[{\"@type\":\"Article\",\"@id\":\"https:\\\/\\\/lasentinelle.dz\\\/index.php\\\/2022\\\/08\\\/16\\\/selon-la-protection-civile-87-incendies-maitrises\\\/#article\",\"isPartOf\":{\"@id\":\"https:\\\/\\\/lasentinelle.dz\\\/index.php\\\/2022\\\/08\\\/16\\\/selon-la-protection-civile-87-incendies-maitrises\\\/\"},\"author\":{\"name\":\"La Sentinelle\",\"@id\":\"https:\\\/\\\/lasentinelle.dz\\\/#\\\/schema\\\/person\\\/d865044e22e70a75174ce8bcad3acfb3\"},\"headline\":\"Selon\u00a0la Protection civile\u00a0:\u00a087 incendies ma\u00eetris\u00e9s\",\"datePublished\":\"2022-08-15T23:08:00+00:00\",\"mainEntityOfPage\":{\"@id\":\"https:\\\/\\\/lasentinelle.dz\\\/index.php\\\/2022\\\/08\\\/16\\\/selon-la-protection-civile-87-incendies-maitrises\\\/\"},\"wordCount\":536,\"commentCount\":0,\"publisher\":{\"@id\":\"https:\\\/\\\/lasentinelle.dz\\\/#organization\"},\"image\":{\"@id\":\"https:\\\/\\\/lasentinelle.dz\\\/index.php\\\/2022\\\/08\\\/16\\\/selon-la-protection-civile-87-incendies-maitrises\\\/#primaryimage\"},\"thumbnailUrl\":\"https:\\\/\\\/lasentinelle.dz\\\/wp-content\\\/uploads\\\/2022\\\/08\\\/incendies.png\",\"articleSection\":[\"\u00c0 la Une\",\"Actualit\u00e9\"],\"inLanguage\":\"fr-FR\",\"potentialAction\":[{\"@type\":\"CommentAction\",\"name\":\"Comment\",\"target\":[\"https:\\\/\\\/lasentinelle.dz\\\/index.php\\\/2022\\\/08\\\/16\\\/selon-la-protection-civile-87-incendies-maitrises\\\/#respond\"]}]},{\"@type\":\"WebPage\",\"@id\":\"https:\\\/\\\/lasentinelle.dz\\\/index.php\\\/2022\\\/08\\\/16\\\/selon-la-protection-civile-87-incendies-maitrises\\\/\",\"url\":\"https:\\\/\\\/lasentinelle.dz\\\/index.php\\\/2022\\\/08\\\/16\\\/selon-la-protection-civile-87-incendies-maitrises\\\/\",\"name\":\"Selon\u00a0la Protection civile\u00a0:\u00a087 incendies ma\u00eetris\u00e9s - La Sentinelle\",\"isPartOf\":{\"@id\":\"https:\\\/\\\/lasentinelle.dz\\\/#website\"},\"primaryImageOfPage\":{\"@id\":\"https:\\\/\\\/lasentinelle.dz\\\/index.php\\\/2022\\\/08\\\/16\\\/selon-la-protection-civile-87-incendies-maitrises\\\/#primaryimage\"},\"image\":{\"@id\":\"https:\\\/\\\/lasentinelle.dz\\\/index.php\\\/2022\\\/08\\\/16\\\/selon-la-protection-civile-87-incendies-maitrises\\\/#primaryimage\"},\"thumbnailUrl\":\"https:\\\/\\\/lasentinelle.dz\\\/wp-content\\\/uploads\\\/2022\\\/08\\\/incendies.png\",\"datePublished\":\"2022-08-15T23:08:00+00:00\",\"breadcrumb\":{\"@id\":\"https:\\\/\\\/lasentinelle.dz\\\/index.php\\\/2022\\\/08\\\/16\\\/selon-la-protection-civile-87-incendies-maitrises\\\/#breadcrumb\"},\"inLanguage\":\"fr-FR\",\"potentialAction\":[{\"@type\":\"ReadAction\",\"target\":[\"https:\\\/\\\/lasentinelle.dz\\\/index.php\\\/2022\\\/08\\\/16\\\/selon-la-protection-civile-87-incendies-maitrises\\\/\"]}]},{\"@type\":\"ImageObject\",\"inLanguage\":\"fr-FR\",\"@id\":\"https:\\\/\\\/lasentinelle.dz\\\/index.php\\\/2022\\\/08\\\/16\\\/selon-la-protection-civile-87-incendies-maitrises\\\/#primaryimage\",\"url\":\"https:\\\/\\\/lasentinelle.dz\\\/wp-content\\\/uploads\\\/2022\\\/08\\\/incendies.png\",\"contentUrl\":\"https:\\\/\\\/lasentinelle.dz\\\/wp-content\\\/uploads\\\/2022\\\/08\\\/incendies.png\",\"width\":1351,\"height\":900},{\"@type\":\"BreadcrumbList\",\"@id\":\"https:\\\/\\\/lasentinelle.dz\\\/index.php\\\/2022\\\/08\\\/16\\\/selon-la-protection-civile-87-incendies-maitrises\\\/#breadcrumb\",\"itemListElement\":[{\"@type\":\"ListItem\",\"position\":1,\"name\":\"Accueil\",\"item\":\"https:\\\/\\\/lasentinelle.dz\\\/\"},{\"@type\":\"ListItem\",\"position\":2,\"name\":\"Selon\u00a0la Protection civile\u00a0:\u00a087 incendies ma\u00eetris\u00e9s\"}]},{\"@type\":\"WebSite\",\"@id\":\"https:\\\/\\\/lasentinelle.dz\\\/#website\",\"url\":\"https:\\\/\\\/lasentinelle.dz\\\/\",\"name\":\"La Sentinelle\",\"description\":\"Quotidien national d&#039;information\",\"publisher\":{\"@id\":\"https:\\\/\\\/lasentinelle.dz\\\/#organization\"},\"potentialAction\":[{\"@type\":\"SearchAction\",\"target\":{\"@type\":\"EntryPoint\",\"urlTemplate\":\"https:\\\/\\\/lasentinelle.dz\\\/?s={search_term_string}\"},\"query-input\":{\"@type\":\"PropertyValueSpecification\",\"valueRequired\":true,\"valueName\":\"search_term_string\"}}],\"inLanguage\":\"fr-FR\"},{\"@type\":\"Organization\",\"@id\":\"https:\\\/\\\/lasentinelle.dz\\\/#organization\",\"name\":\"Quotidien La Sentinelle\",\"url\":\"https:\\\/\\\/lasentinelle.dz\\\/\",\"logo\":{\"@type\":\"ImageObject\",\"inLanguage\":\"fr-FR\",\"@id\":\"https:\\\/\\\/lasentinelle.dz\\\/#\\\/schema\\\/logo\\\/image\\\/\",\"url\":\"https:\\\/\\\/lasentinelle.dz\\\/wp-content\\\/uploads\\\/2021\\\/09\\\/logo-sentinelleSLOGAN-1.png\",\"contentUrl\":\"https:\\\/\\\/lasentinelle.dz\\\/wp-content\\\/uploads\\\/2021\\\/09\\\/logo-sentinelleSLOGAN-1.png\",\"width\":615,\"height\":142,\"caption\":\"Quotidien La Sentinelle\"},\"image\":{\"@id\":\"https:\\\/\\\/lasentinelle.dz\\\/#\\\/schema\\\/logo\\\/image\\\/\"},\"sameAs\":[\"https:\\\/\\\/www.facebook.com\\\/La-Sentinelle-104059864394773\"]},{\"@type\":\"Person\",\"@id\":\"https:\\\/\\\/lasentinelle.dz\\\/#\\\/schema\\\/person\\\/d865044e22e70a75174ce8bcad3acfb3\",\"name\":\"La Sentinelle\",\"image\":{\"@type\":\"ImageObject\",\"inLanguage\":\"fr-FR\",\"@id\":\"https:\\\/\\\/secure.gravatar.com\\\/avatar\\\/57de8e5d4b15d43fb361a71fbb36338450fe67865b528a43dd10ef7c51a20392?s=96&d=mm&r=g\",\"url\":\"https:\\\/\\\/secure.gravatar.com\\\/avatar\\\/57de8e5d4b15d43fb361a71fbb36338450fe67865b528a43dd10ef7c51a20392?s=96&d=mm&r=g\",\"contentUrl\":\"https:\\\/\\\/secure.gravatar.com\\\/avatar\\\/57de8e5d4b15d43fb361a71fbb36338450fe67865b528a43dd10ef7c51a20392?s=96&d=mm&r=g\",\"caption\":\"La Sentinelle\"},\"sameAs\":[\"http:\\\/\\\/www.lasentinelle.dz\"],\"url\":\"https:\\\/\\\/lasentinelle.dz\\\/author\\\/redaction\\\/\"}]}<\/script>\n<!-- \/ Yoast SEO plugin. -->","yoast_head_json":{"title":"Selon\u00a0la Protection civile\u00a0:\u00a087 incendies ma\u00eetris\u00e9s - La Sentinelle","robots":{"index":"index","follow":"follow","max-snippet":"max-snippet:-1","max-image-preview":"max-image-preview:large","max-video-preview":"max-video-preview:-1"},"canonical":"https:\/\/lasentinelle.dz\/index.php\/2022\/08\/16\/selon-la-protection-civile-87-incendies-maitrises\/","og_locale":"fr_FR","og_type":"article","og_title":"Selon\u00a0la Protection civile\u00a0:\u00a087 incendies ma\u00eetris\u00e9s - La Sentinelle","og_description":"Plusieurs incendies qui ont affect\u00e9 le nord du pays depuis le week-end ont \u00e9t\u00e9 maitris\u00e9s par les services de la","og_url":"https:\/\/lasentinelle.dz\/index.php\/2022\/08\/16\/selon-la-protection-civile-87-incendies-maitrises\/","og_site_name":"La Sentinelle","article_publisher":"https:\/\/www.facebook.com\/La-Sentinelle-104059864394773","article_published_time":"2022-08-15T23:08:00+00:00","og_image":[{"width":1024,"height":682,"url":"https:\/\/lasentinelle.dz\/wp-content\/uploads\/2022\/08\/incendies-1024x682.png","type":"image\/png"}],"author":"La Sentinelle","twitter_card":"summary_large_image","twitter_misc":{"\u00c9crit par":"La Sentinelle","Dur\u00e9e de lecture estim\u00e9e":"3 minutes"},"schema":{"@context":"https:\/\/schema.org","@graph":[{"@type":"Article","@id":"https:\/\/lasentinelle.dz\/index.php\/2022\/08\/16\/selon-la-protection-civile-87-incendies-maitrises\/#article","isPartOf":{"@id":"https:\/\/lasentinelle.dz\/index.php\/2022\/08\/16\/selon-la-protection-civile-87-incendies-maitrises\/"},"author":{"name":"La Sentinelle","@id":"https:\/\/lasentinelle.dz\/#\/schema\/person\/d865044e22e70a75174ce8bcad3acfb3"},"headline":"Selon\u00a0la Protection civile\u00a0:\u00a087 incendies ma\u00eetris\u00e9s","datePublished":"2022-08-15T23:08:00+00:00","mainEntityOfPage":{"@id":"https:\/\/lasentinelle.dz\/index.php\/2022\/08\/16\/selon-la-protection-civile-87-incendies-maitrises\/"},"wordCount":536,"commentCount":0,"publisher":{"@id":"https:\/\/lasentinelle.dz\/#organization"},"image":{"@id":"https:\/\/lasentinelle.dz\/index.php\/2022\/08\/16\/selon-la-protection-civile-87-incendies-maitrises\/#primaryimage"},"thumbnailUrl":"https:\/\/lasentinelle.dz\/wp-content\/uploads\/2022\/08\/incendies.png","articleSection":["\u00c0 la Une","Actualit\u00e9"],"inLanguage":"fr-FR","potentialAction":[{"@type":"CommentAction","name":"Comment","target":["https:\/\/lasentinelle.dz\/index.php\/2022\/08\/16\/selon-la-protection-civile-87-incendies-maitrises\/#respond"]}]},{"@type":"WebPage","@id":"https:\/\/lasentinelle.dz\/index.php\/2022\/08\/16\/selon-la-protection-civile-87-incendies-maitrises\/","url":"https:\/\/lasentinelle.dz\/index.php\/2022\/08\/16\/selon-la-protection-civile-87-incendies-maitrises\/","name":"Selon\u00a0la Protection civile\u00a0:\u00a087 incendies ma\u00eetris\u00e9s - La Sentinelle","isPartOf":{"@id":"https:\/\/lasentinelle.dz\/#website"},"primaryImageOfPage":{"@id":"https:\/\/lasentinelle.dz\/index.php\/2022\/08\/16\/selon-la-protection-civile-87-incendies-maitrises\/#primaryimage"},"image":{"@id":"https:\/\/lasentinelle.dz\/index.php\/2022\/08\/16\/selon-la-protection-civile-87-incendies-maitrises\/#primaryimage"},"thumbnailUrl":"https:\/\/lasentinelle.dz\/wp-content\/uploads\/2022\/08\/incendies.png","datePublished":"2022-08-15T23:08:00+00:00","breadcrumb":{"@id":"https:\/\/lasentinelle.dz\/index.php\/2022\/08\/16\/selon-la-protection-civile-87-incendies-maitrises\/#breadcrumb"},"inLanguage":"fr-FR","potentialAction":[{"@type":"ReadAction","target":["https:\/\/lasentinelle.dz\/index.php\/2022\/08\/16\/selon-la-protection-civile-87-incendies-maitrises\/"]}]},{"@type":"ImageObject","inLanguage":"fr-FR","@id":"https:\/\/lasentinelle.dz\/index.php\/2022\/08\/16\/selon-la-protection-civile-87-incendies-maitrises\/#primaryimage","url":"https:\/\/lasentinelle.dz\/wp-content\/uploads\/2022\/08\/incendies.png","contentUrl":"https:\/\/lasentinelle.dz\/wp-content\/uploads\/2022\/08\/incendies.png","width":1351,"height":900},{"@type":"BreadcrumbList","@id":"https:\/\/lasentinelle.dz\/index.php\/2022\/08\/16\/selon-la-protection-civile-87-incendies-maitrises\/#breadcrumb","itemListElement":[{"@type":"ListItem","position":1,"name":"Accueil","item":"https:\/\/lasentinelle.dz\/"},{"@type":"ListItem","position":2,"name":"Selon\u00a0la Protection civile\u00a0:\u00a087 incendies ma\u00eetris\u00e9s"}]},{"@type":"WebSite","@id":"https:\/\/lasentinelle.dz\/#website","url":"https:\/\/lasentinelle.dz\/","name":"La Sentinelle","description":"Quotidien national d&#039;information","publisher":{"@id":"https:\/\/lasentinelle.dz\/#organization"},"potentialAction":[{"@type":"SearchAction","target":{"@type":"EntryPoint","urlTemplate":"https:\/\/lasentinelle.dz\/?s={search_term_string}"},"query-input":{"@type":"PropertyValueSpecification","valueRequired":true,"valueName":"search_term_string"}}],"inLanguage":"fr-FR"},{"@type":"Organization","@id":"https:\/\/lasentinelle.dz\/#organization","name":"Quotidien La Sentinelle","url":"https:\/\/lasentinelle.dz\/","logo":{"@type":"ImageObject","inLanguage":"fr-FR","@id":"https:\/\/lasentinelle.dz\/#\/schema\/logo\/image\/","url":"https:\/\/lasentinelle.dz\/wp-content\/uploads\/2021\/09\/logo-sentinelleSLOGAN-1.png","contentUrl":"https:\/\/lasentinelle.dz\/wp-content\/uploads\/2021\/09\/logo-sentinelleSLOGAN-1.png","width":615,"height":142,"caption":"Quotidien La Sentinelle"},"image":{"@id":"https:\/\/lasentinelle.dz\/#\/schema\/logo\/image\/"},"sameAs":["https:\/\/www.facebook.com\/La-Sentinelle-104059864394773"]},{"@type":"Person","@id":"https:\/\/lasentinelle.dz\/#\/schema\/person\/d865044e22e70a75174ce8bcad3acfb3","name":"La Sentinelle","image":{"@type":"ImageObject","inLanguage":"fr-FR","@id":"https:\/\/secure.gravatar.com\/avatar\/57de8e5d4b15d43fb361a71fbb36338450fe67865b528a43dd10ef7c51a20392?s=96&d=mm&r=g","url":"https:\/\/secure.gravatar.com\/avatar\/57de8e5d4b15d43fb361a71fbb36338450fe67865b528a43dd10ef7c51a20392?s=96&d=mm&r=g","contentUrl":"https:\/\/secure.gravatar.com\/avatar\/57de8e5d4b15d43fb361a71fbb36338450fe67865b528a43dd10ef7c51a20392?s=96&d=mm&r=g","caption":"La Sentinelle"},"sameAs":["http:\/\/www.lasentinelle.dz"],"url":"https:\/\/lasentinelle.dz\/author\/redaction\/"}]}},"_links":{"self":[{"href":"https:\/\/lasentinelle.dz\/index.php\/wp-json\/wp\/v2\/posts\/25762","targetHints":{"allow":["GET"]}}],"collection":[{"href":"https:\/\/lasentinelle.dz\/index.php\/wp-json\/wp\/v2\/posts"}],"about":[{"href":"https:\/\/lasentinelle.dz\/index.php\/wp-json\/wp\/v2\/types\/post"}],"author":[{"embeddable":true,"href":"https:\/\/lasentinelle.dz\/index.php\/wp-json\/wp\/v2\/users\/3"}],"replies":[{"embeddable":true,"href":"https:\/\/lasentinelle.dz\/index.php\/wp-json\/wp\/v2\/comments?post=25762"}],"version-history":[{"count":1,"href":"https:\/\/lasentinelle.dz\/index.php\/wp-json\/wp\/v2\/posts\/25762\/revisions"}],"predecessor-version":[{"id":25770,"href":"https:\/\/lasentinelle.dz\/index.php\/wp-json\/wp\/v2\/posts\/25762\/revisions\/25770"}],"wp:featuredmedia":[{"embeddable":true,"href":"https:\/\/lasentinelle.dz\/index.php\/wp-json\/wp\/v2\/media\/25767"}],"wp:attachment":[{"href":"https:\/\/lasentinelle.dz\/index.php\/wp-json\/wp\/v2\/media?parent=25762"}],"wp:term":[{"taxonomy":"category","embeddable":true,"href":"https:\/\/lasentinelle.dz\/index.php\/wp-json\/wp\/v2\/categories?post=25762"},{"taxonomy":"post_tag","embeddable":true,"href":"https:\/\/lasentinelle.dz\/index.php\/wp-json\/wp\/v2\/tags?post=25762"}],"curies":[{"name":"wp","href":"https:\/\/api.w.org\/{rel}","templated":true}]}}