{"id":25765,"date":"2022-08-16T00:05:00","date_gmt":"2022-08-15T23:05:00","guid":{"rendered":"https:\/\/lasentinelle.dz\/?p=25765"},"modified":"2022-08-15T20:32:02","modified_gmt":"2022-08-15T19:32:02","slug":"alger-campagne-de-sensibilisation-a-la-rationalisation-de-la-consommation-de-lelectricite","status":"publish","type":"post","link":"https:\/\/lasentinelle.dz\/index.php\/2022\/08\/16\/alger-campagne-de-sensibilisation-a-la-rationalisation-de-la-consommation-de-lelectricite\/","title":{"rendered":"Alger\u00a0: Campagne de sensibilisation \u00e0 la rationalisation de la consommation de l&rsquo;\u00e9lectricit\u00e9"},"content":{"rendered":"\n<p>La Direction de distribution de l&rsquo;\u00e9lectricit\u00e9 et du gaz (SDA) Dar El-Be\u00efda (Alger) a lanc\u00e9 une campagne de sensibilisation visant \u00e0 donner des conseils et des orientations en vue d\u2019une utilisation rationnelle et s\u00fbre de l\u2019\u00e9lectricit\u00e9, a indiqu\u00e9 lundi un communiqu\u00e9 de cette direction locale relevant de la Soci\u00e9t\u00e9 alg\u00e9rienne de distribution de l&rsquo;\u00e9lectricit\u00e9 et du Gaz (SADEG- filiale de la Sonelgaz). \u00ab\u00a0La direction de distribution de Dar El-Be\u00efda lance, dans le contexte de la canicule qui touche les r\u00e9gions du Centre ces derniers jours, sa campagne de sensibilisation, quatri\u00e8me du genre depuis le d\u00e9but de la saison estivale, afin de donner une s\u00e9rie de conseils\u00a0\u00bb, pr\u00e9cise le communiqu\u00e9. Ces orientations portent essentiellement sur la n\u00e9cessit\u00e9 de l&rsquo;entretien des appareils \u00e9lectrom\u00e9nagers, de l\u2019utilisation d\u2019ampoules \u00e9conomiques, et la baisse des temp\u00e9ratures des climatiseurs, ce qui contribuera \u00e0 r\u00e9duire le montant de la facture de consommation. La m\u00eame direction recommande de fermer les fen\u00eatres dans la journ\u00e9e ce qui permettra de garder une temp\u00e9rature ambiante, appelant \u00e9galement \u00e0 la diminution des temp\u00e9ratures utilis\u00e9es pour les machines \u00e0 laver.<\/p>\n\n\n\n<p>Il est recommand\u00e9, selon le communiqu\u00e9, de d\u00e9givrer les r\u00e9frig\u00e9rateurs pour r\u00e9duire la consommation. \u00ab\u00a0Les citoyens peuvent se rapprocher \u00e0 tout moment des agences commerciales relevant de la direction pour toute information compl\u00e9mentaire\u00a0\u00bb, conclut le communiqu\u00e9.<\/p>\n\n\n\n<p>APS<\/p>\n","protected":false},"excerpt":{"rendered":"<p>La Direction de distribution de l&rsquo;\u00e9lectricit\u00e9 et du gaz (SDA) Dar El-Be\u00efda (Alger) a lanc\u00e9 une campagne de sensibilisation visant<\/p>\n","protected":false},"author":3,"featured_media":25769,"comment_status":"open","ping_status":"closed","sticky":false,"template":"","format":"standard","meta":{"colormag_page_container_layout":"default_layout","colormag_page_sidebar_layout":"default_layout","om_disable_all_campaigns":false,"_monsterinsights_skip_tracking":false,"_monsterinsights_sitenote_active":false,"_monsterinsights_sitenote_note":"","_monsterinsights_sitenote_category":0,"footnotes":"","_wpscppro_dont_share_socialmedia":false,"_wpscppro_custom_social_share_image":0,"_facebook_share_type":"","_twitter_share_type":"","_linkedin_share_type":"","_pinterest_share_type":"","_linkedin_share_type_page":"","_instagram_share_type":"","_medium_share_type":"","_threads_share_type":"","_google_business_share_type":"","_selected_social_profile":[],"_wpsp_enable_custom_social_template":false,"_wpsp_social_scheduling":{"enabled":false,"datetime":null,"platforms":[],"status":"template_only","dateOption":"today","timeOption":"now","customDays":"","customHours":"","customDate":"","customTime":"","schedulingType":"absolute"},"_wpsp_active_default_template":true},"categories":[27],"tags":[],"class_list":["post-25765","post","type-post","status-publish","format-standard","has-post-thumbnail","hentry","category-actualite"],"aioseo_notices":[],"yoast_head":"<!-- This site is optimized with the Yoast SEO plugin v27.5 - https:\/\/yoast.com\/product\/yoast-seo-wordpress\/ -->\n<title>Alger\u00a0: Campagne de sensibilisation \u00e0 la rationalisation de la consommation de l&rsquo;\u00e9lectricit\u00e9 - La Sentinelle<\/title>\n<meta name=\"robots\" content=\"index, follow, max-snippet:-1, max-image-preview:large, max-video-preview:-1\" \/>\n<link rel=\"canonical\" href=\"https:\/\/lasentinelle.dz\/index.php\/2022\/08\/16\/alger-campagne-de-sensibilisation-a-la-rationalisation-de-la-consommation-de-lelectricite\/\" \/>\n<meta property=\"og:locale\" content=\"fr_FR\" \/>\n<meta property=\"og:type\" content=\"article\" \/>\n<meta property=\"og:title\" content=\"Alger\u00a0: Campagne de sensibilisation \u00e0 la rationalisation de la consommation de l&rsquo;\u00e9lectricit\u00e9 - La Sentinelle\" \/>\n<meta property=\"og:description\" content=\"La Direction de distribution de l&rsquo;\u00e9lectricit\u00e9 et du gaz (SDA) Dar El-Be\u00efda (Alger) a lanc\u00e9 une campagne de sensibilisation visant\" \/>\n<meta property=\"og:url\" content=\"https:\/\/lasentinelle.dz\/index.php\/2022\/08\/16\/alger-campagne-de-sensibilisation-a-la-rationalisation-de-la-consommation-de-lelectricite\/\" \/>\n<meta property=\"og:site_name\" content=\"La Sentinelle\" \/>\n<meta property=\"article:publisher\" content=\"https:\/\/www.facebook.com\/La-Sentinelle-104059864394773\" \/>\n<meta property=\"article:published_time\" content=\"2022-08-15T23:05:00+00:00\" \/>\n<meta property=\"og:image\" content=\"https:\/\/lasentinelle.dz\/wp-content\/uploads\/2022\/08\/caa836c2b23605941c179285cadbbb15_M.jpg\" \/>\n\t<meta property=\"og:image:width\" content=\"580\" \/>\n\t<meta property=\"og:image:height\" content=\"350\" \/>\n\t<meta property=\"og:image:type\" content=\"image\/jpeg\" \/>\n<meta name=\"author\" content=\"La Sentinelle\" \/>\n<meta name=\"twitter:card\" content=\"summary_large_image\" \/>\n<meta name=\"twitter:label1\" content=\"\u00c9crit par\" \/>\n\t<meta name=\"twitter:data1\" content=\"La Sentinelle\" \/>\n\t<meta name=\"twitter:label2\" content=\"Dur\u00e9e de lecture estim\u00e9e\" \/>\n\t<meta name=\"twitter:data2\" content=\"2 minutes\" \/>\n<script type=\"application\/ld+json\" class=\"yoast-schema-graph\">{\"@context\":\"https:\\\/\\\/schema.org\",\"@graph\":[{\"@type\":\"Article\",\"@id\":\"https:\\\/\\\/lasentinelle.dz\\\/index.php\\\/2022\\\/08\\\/16\\\/alger-campagne-de-sensibilisation-a-la-rationalisation-de-la-consommation-de-lelectricite\\\/#article\",\"isPartOf\":{\"@id\":\"https:\\\/\\\/lasentinelle.dz\\\/index.php\\\/2022\\\/08\\\/16\\\/alger-campagne-de-sensibilisation-a-la-rationalisation-de-la-consommation-de-lelectricite\\\/\"},\"author\":{\"name\":\"La Sentinelle\",\"@id\":\"https:\\\/\\\/lasentinelle.dz\\\/#\\\/schema\\\/person\\\/d865044e22e70a75174ce8bcad3acfb3\"},\"headline\":\"Alger\u00a0: Campagne de sensibilisation \u00e0 la rationalisation de la consommation de l&rsquo;\u00e9lectricit\u00e9\",\"datePublished\":\"2022-08-15T23:05:00+00:00\",\"mainEntityOfPage\":{\"@id\":\"https:\\\/\\\/lasentinelle.dz\\\/index.php\\\/2022\\\/08\\\/16\\\/alger-campagne-de-sensibilisation-a-la-rationalisation-de-la-consommation-de-lelectricite\\\/\"},\"wordCount\":253,\"commentCount\":0,\"publisher\":{\"@id\":\"https:\\\/\\\/lasentinelle.dz\\\/#organization\"},\"image\":{\"@id\":\"https:\\\/\\\/lasentinelle.dz\\\/index.php\\\/2022\\\/08\\\/16\\\/alger-campagne-de-sensibilisation-a-la-rationalisation-de-la-consommation-de-lelectricite\\\/#primaryimage\"},\"thumbnailUrl\":\"https:\\\/\\\/lasentinelle.dz\\\/wp-content\\\/uploads\\\/2022\\\/08\\\/caa836c2b23605941c179285cadbbb15_M.jpg\",\"articleSection\":[\"Actualit\u00e9\"],\"inLanguage\":\"fr-FR\",\"potentialAction\":[{\"@type\":\"CommentAction\",\"name\":\"Comment\",\"target\":[\"https:\\\/\\\/lasentinelle.dz\\\/index.php\\\/2022\\\/08\\\/16\\\/alger-campagne-de-sensibilisation-a-la-rationalisation-de-la-consommation-de-lelectricite\\\/#respond\"]}]},{\"@type\":\"WebPage\",\"@id\":\"https:\\\/\\\/lasentinelle.dz\\\/index.php\\\/2022\\\/08\\\/16\\\/alger-campagne-de-sensibilisation-a-la-rationalisation-de-la-consommation-de-lelectricite\\\/\",\"url\":\"https:\\\/\\\/lasentinelle.dz\\\/index.php\\\/2022\\\/08\\\/16\\\/alger-campagne-de-sensibilisation-a-la-rationalisation-de-la-consommation-de-lelectricite\\\/\",\"name\":\"Alger\u00a0: Campagne de sensibilisation \u00e0 la rationalisation de la consommation de l&rsquo;\u00e9lectricit\u00e9 - La Sentinelle\",\"isPartOf\":{\"@id\":\"https:\\\/\\\/lasentinelle.dz\\\/#website\"},\"primaryImageOfPage\":{\"@id\":\"https:\\\/\\\/lasentinelle.dz\\\/index.php\\\/2022\\\/08\\\/16\\\/alger-campagne-de-sensibilisation-a-la-rationalisation-de-la-consommation-de-lelectricite\\\/#primaryimage\"},\"image\":{\"@id\":\"https:\\\/\\\/lasentinelle.dz\\\/index.php\\\/2022\\\/08\\\/16\\\/alger-campagne-de-sensibilisation-a-la-rationalisation-de-la-consommation-de-lelectricite\\\/#primaryimage\"},\"thumbnailUrl\":\"https:\\\/\\\/lasentinelle.dz\\\/wp-content\\\/uploads\\\/2022\\\/08\\\/caa836c2b23605941c179285cadbbb15_M.jpg\",\"datePublished\":\"2022-08-15T23:05:00+00:00\",\"breadcrumb\":{\"@id\":\"https:\\\/\\\/lasentinelle.dz\\\/index.php\\\/2022\\\/08\\\/16\\\/alger-campagne-de-sensibilisation-a-la-rationalisation-de-la-consommation-de-lelectricite\\\/#breadcrumb\"},\"inLanguage\":\"fr-FR\",\"potentialAction\":[{\"@type\":\"ReadAction\",\"target\":[\"https:\\\/\\\/lasentinelle.dz\\\/index.php\\\/2022\\\/08\\\/16\\\/alger-campagne-de-sensibilisation-a-la-rationalisation-de-la-consommation-de-lelectricite\\\/\"]}]},{\"@type\":\"ImageObject\",\"inLanguage\":\"fr-FR\",\"@id\":\"https:\\\/\\\/lasentinelle.dz\\\/index.php\\\/2022\\\/08\\\/16\\\/alger-campagne-de-sensibilisation-a-la-rationalisation-de-la-consommation-de-lelectricite\\\/#primaryimage\",\"url\":\"https:\\\/\\\/lasentinelle.dz\\\/wp-content\\\/uploads\\\/2022\\\/08\\\/caa836c2b23605941c179285cadbbb15_M.jpg\",\"contentUrl\":\"https:\\\/\\\/lasentinelle.dz\\\/wp-content\\\/uploads\\\/2022\\\/08\\\/caa836c2b23605941c179285cadbbb15_M.jpg\",\"width\":580,\"height\":350},{\"@type\":\"BreadcrumbList\",\"@id\":\"https:\\\/\\\/lasentinelle.dz\\\/index.php\\\/2022\\\/08\\\/16\\\/alger-campagne-de-sensibilisation-a-la-rationalisation-de-la-consommation-de-lelectricite\\\/#breadcrumb\",\"itemListElement\":[{\"@type\":\"ListItem\",\"position\":1,\"name\":\"Accueil\",\"item\":\"https:\\\/\\\/lasentinelle.dz\\\/\"},{\"@type\":\"ListItem\",\"position\":2,\"name\":\"Alger\u00a0: Campagne de sensibilisation \u00e0 la rationalisation de la consommation de l&rsquo;\u00e9lectricit\u00e9\"}]},{\"@type\":\"WebSite\",\"@id\":\"https:\\\/\\\/lasentinelle.dz\\\/#website\",\"url\":\"https:\\\/\\\/lasentinelle.dz\\\/\",\"name\":\"La Sentinelle\",\"description\":\"Quotidien national d&#039;information\",\"publisher\":{\"@id\":\"https:\\\/\\\/lasentinelle.dz\\\/#organization\"},\"potentialAction\":[{\"@type\":\"SearchAction\",\"target\":{\"@type\":\"EntryPoint\",\"urlTemplate\":\"https:\\\/\\\/lasentinelle.dz\\\/?s={search_term_string}\"},\"query-input\":{\"@type\":\"PropertyValueSpecification\",\"valueRequired\":true,\"valueName\":\"search_term_string\"}}],\"inLanguage\":\"fr-FR\"},{\"@type\":\"Organization\",\"@id\":\"https:\\\/\\\/lasentinelle.dz\\\/#organization\",\"name\":\"Quotidien La Sentinelle\",\"url\":\"https:\\\/\\\/lasentinelle.dz\\\/\",\"logo\":{\"@type\":\"ImageObject\",\"inLanguage\":\"fr-FR\",\"@id\":\"https:\\\/\\\/lasentinelle.dz\\\/#\\\/schema\\\/logo\\\/image\\\/\",\"url\":\"https:\\\/\\\/lasentinelle.dz\\\/wp-content\\\/uploads\\\/2021\\\/09\\\/logo-sentinelleSLOGAN-1.png\",\"contentUrl\":\"https:\\\/\\\/lasentinelle.dz\\\/wp-content\\\/uploads\\\/2021\\\/09\\\/logo-sentinelleSLOGAN-1.png\",\"width\":615,\"height\":142,\"caption\":\"Quotidien La Sentinelle\"},\"image\":{\"@id\":\"https:\\\/\\\/lasentinelle.dz\\\/#\\\/schema\\\/logo\\\/image\\\/\"},\"sameAs\":[\"https:\\\/\\\/www.facebook.com\\\/La-Sentinelle-104059864394773\"]},{\"@type\":\"Person\",\"@id\":\"https:\\\/\\\/lasentinelle.dz\\\/#\\\/schema\\\/person\\\/d865044e22e70a75174ce8bcad3acfb3\",\"name\":\"La Sentinelle\",\"image\":{\"@type\":\"ImageObject\",\"inLanguage\":\"fr-FR\",\"@id\":\"https:\\\/\\\/secure.gravatar.com\\\/avatar\\\/57de8e5d4b15d43fb361a71fbb36338450fe67865b528a43dd10ef7c51a20392?s=96&d=mm&r=g\",\"url\":\"https:\\\/\\\/secure.gravatar.com\\\/avatar\\\/57de8e5d4b15d43fb361a71fbb36338450fe67865b528a43dd10ef7c51a20392?s=96&d=mm&r=g\",\"contentUrl\":\"https:\\\/\\\/secure.gravatar.com\\\/avatar\\\/57de8e5d4b15d43fb361a71fbb36338450fe67865b528a43dd10ef7c51a20392?s=96&d=mm&r=g\",\"caption\":\"La Sentinelle\"},\"sameAs\":[\"http:\\\/\\\/www.lasentinelle.dz\"],\"url\":\"https:\\\/\\\/lasentinelle.dz\\\/author\\\/redaction\\\/\"}]}<\/script>\n<!-- \/ Yoast SEO plugin. -->","yoast_head_json":{"title":"Alger\u00a0: Campagne de sensibilisation \u00e0 la rationalisation de la consommation de l&rsquo;\u00e9lectricit\u00e9 - La Sentinelle","robots":{"index":"index","follow":"follow","max-snippet":"max-snippet:-1","max-image-preview":"max-image-preview:large","max-video-preview":"max-video-preview:-1"},"canonical":"https:\/\/lasentinelle.dz\/index.php\/2022\/08\/16\/alger-campagne-de-sensibilisation-a-la-rationalisation-de-la-consommation-de-lelectricite\/","og_locale":"fr_FR","og_type":"article","og_title":"Alger\u00a0: Campagne de sensibilisation \u00e0 la rationalisation de la consommation de l&rsquo;\u00e9lectricit\u00e9 - La Sentinelle","og_description":"La Direction de distribution de l&rsquo;\u00e9lectricit\u00e9 et du gaz (SDA) Dar El-Be\u00efda (Alger) a lanc\u00e9 une campagne de sensibilisation visant","og_url":"https:\/\/lasentinelle.dz\/index.php\/2022\/08\/16\/alger-campagne-de-sensibilisation-a-la-rationalisation-de-la-consommation-de-lelectricite\/","og_site_name":"La Sentinelle","article_publisher":"https:\/\/www.facebook.com\/La-Sentinelle-104059864394773","article_published_time":"2022-08-15T23:05:00+00:00","og_image":[{"width":580,"height":350,"url":"https:\/\/lasentinelle.dz\/wp-content\/uploads\/2022\/08\/caa836c2b23605941c179285cadbbb15_M.jpg","type":"image\/jpeg"}],"author":"La Sentinelle","twitter_card":"summary_large_image","twitter_misc":{"\u00c9crit par":"La Sentinelle","Dur\u00e9e de lecture estim\u00e9e":"2 minutes"},"schema":{"@context":"https:\/\/schema.org","@graph":[{"@type":"Article","@id":"https:\/\/lasentinelle.dz\/index.php\/2022\/08\/16\/alger-campagne-de-sensibilisation-a-la-rationalisation-de-la-consommation-de-lelectricite\/#article","isPartOf":{"@id":"https:\/\/lasentinelle.dz\/index.php\/2022\/08\/16\/alger-campagne-de-sensibilisation-a-la-rationalisation-de-la-consommation-de-lelectricite\/"},"author":{"name":"La Sentinelle","@id":"https:\/\/lasentinelle.dz\/#\/schema\/person\/d865044e22e70a75174ce8bcad3acfb3"},"headline":"Alger\u00a0: Campagne de sensibilisation \u00e0 la rationalisation de la consommation de l&rsquo;\u00e9lectricit\u00e9","datePublished":"2022-08-15T23:05:00+00:00","mainEntityOfPage":{"@id":"https:\/\/lasentinelle.dz\/index.php\/2022\/08\/16\/alger-campagne-de-sensibilisation-a-la-rationalisation-de-la-consommation-de-lelectricite\/"},"wordCount":253,"commentCount":0,"publisher":{"@id":"https:\/\/lasentinelle.dz\/#organization"},"image":{"@id":"https:\/\/lasentinelle.dz\/index.php\/2022\/08\/16\/alger-campagne-de-sensibilisation-a-la-rationalisation-de-la-consommation-de-lelectricite\/#primaryimage"},"thumbnailUrl":"https:\/\/lasentinelle.dz\/wp-content\/uploads\/2022\/08\/caa836c2b23605941c179285cadbbb15_M.jpg","articleSection":["Actualit\u00e9"],"inLanguage":"fr-FR","potentialAction":[{"@type":"CommentAction","name":"Comment","target":["https:\/\/lasentinelle.dz\/index.php\/2022\/08\/16\/alger-campagne-de-sensibilisation-a-la-rationalisation-de-la-consommation-de-lelectricite\/#respond"]}]},{"@type":"WebPage","@id":"https:\/\/lasentinelle.dz\/index.php\/2022\/08\/16\/alger-campagne-de-sensibilisation-a-la-rationalisation-de-la-consommation-de-lelectricite\/","url":"https:\/\/lasentinelle.dz\/index.php\/2022\/08\/16\/alger-campagne-de-sensibilisation-a-la-rationalisation-de-la-consommation-de-lelectricite\/","name":"Alger\u00a0: Campagne de sensibilisation \u00e0 la rationalisation de la consommation de l&rsquo;\u00e9lectricit\u00e9 - La Sentinelle","isPartOf":{"@id":"https:\/\/lasentinelle.dz\/#website"},"primaryImageOfPage":{"@id":"https:\/\/lasentinelle.dz\/index.php\/2022\/08\/16\/alger-campagne-de-sensibilisation-a-la-rationalisation-de-la-consommation-de-lelectricite\/#primaryimage"},"image":{"@id":"https:\/\/lasentinelle.dz\/index.php\/2022\/08\/16\/alger-campagne-de-sensibilisation-a-la-rationalisation-de-la-consommation-de-lelectricite\/#primaryimage"},"thumbnailUrl":"https:\/\/lasentinelle.dz\/wp-content\/uploads\/2022\/08\/caa836c2b23605941c179285cadbbb15_M.jpg","datePublished":"2022-08-15T23:05:00+00:00","breadcrumb":{"@id":"https:\/\/lasentinelle.dz\/index.php\/2022\/08\/16\/alger-campagne-de-sensibilisation-a-la-rationalisation-de-la-consommation-de-lelectricite\/#breadcrumb"},"inLanguage":"fr-FR","potentialAction":[{"@type":"ReadAction","target":["https:\/\/lasentinelle.dz\/index.php\/2022\/08\/16\/alger-campagne-de-sensibilisation-a-la-rationalisation-de-la-consommation-de-lelectricite\/"]}]},{"@type":"ImageObject","inLanguage":"fr-FR","@id":"https:\/\/lasentinelle.dz\/index.php\/2022\/08\/16\/alger-campagne-de-sensibilisation-a-la-rationalisation-de-la-consommation-de-lelectricite\/#primaryimage","url":"https:\/\/lasentinelle.dz\/wp-content\/uploads\/2022\/08\/caa836c2b23605941c179285cadbbb15_M.jpg","contentUrl":"https:\/\/lasentinelle.dz\/wp-content\/uploads\/2022\/08\/caa836c2b23605941c179285cadbbb15_M.jpg","width":580,"height":350},{"@type":"BreadcrumbList","@id":"https:\/\/lasentinelle.dz\/index.php\/2022\/08\/16\/alger-campagne-de-sensibilisation-a-la-rationalisation-de-la-consommation-de-lelectricite\/#breadcrumb","itemListElement":[{"@type":"ListItem","position":1,"name":"Accueil","item":"https:\/\/lasentinelle.dz\/"},{"@type":"ListItem","position":2,"name":"Alger\u00a0: Campagne de sensibilisation \u00e0 la rationalisation de la consommation de l&rsquo;\u00e9lectricit\u00e9"}]},{"@type":"WebSite","@id":"https:\/\/lasentinelle.dz\/#website","url":"https:\/\/lasentinelle.dz\/","name":"La Sentinelle","description":"Quotidien national d&#039;information","publisher":{"@id":"https:\/\/lasentinelle.dz\/#organization"},"potentialAction":[{"@type":"SearchAction","target":{"@type":"EntryPoint","urlTemplate":"https:\/\/lasentinelle.dz\/?s={search_term_string}"},"query-input":{"@type":"PropertyValueSpecification","valueRequired":true,"valueName":"search_term_string"}}],"inLanguage":"fr-FR"},{"@type":"Organization","@id":"https:\/\/lasentinelle.dz\/#organization","name":"Quotidien La Sentinelle","url":"https:\/\/lasentinelle.dz\/","logo":{"@type":"ImageObject","inLanguage":"fr-FR","@id":"https:\/\/lasentinelle.dz\/#\/schema\/logo\/image\/","url":"https:\/\/lasentinelle.dz\/wp-content\/uploads\/2021\/09\/logo-sentinelleSLOGAN-1.png","contentUrl":"https:\/\/lasentinelle.dz\/wp-content\/uploads\/2021\/09\/logo-sentinelleSLOGAN-1.png","width":615,"height":142,"caption":"Quotidien La Sentinelle"},"image":{"@id":"https:\/\/lasentinelle.dz\/#\/schema\/logo\/image\/"},"sameAs":["https:\/\/www.facebook.com\/La-Sentinelle-104059864394773"]},{"@type":"Person","@id":"https:\/\/lasentinelle.dz\/#\/schema\/person\/d865044e22e70a75174ce8bcad3acfb3","name":"La Sentinelle","image":{"@type":"ImageObject","inLanguage":"fr-FR","@id":"https:\/\/secure.gravatar.com\/avatar\/57de8e5d4b15d43fb361a71fbb36338450fe67865b528a43dd10ef7c51a20392?s=96&d=mm&r=g","url":"https:\/\/secure.gravatar.com\/avatar\/57de8e5d4b15d43fb361a71fbb36338450fe67865b528a43dd10ef7c51a20392?s=96&d=mm&r=g","contentUrl":"https:\/\/secure.gravatar.com\/avatar\/57de8e5d4b15d43fb361a71fbb36338450fe67865b528a43dd10ef7c51a20392?s=96&d=mm&r=g","caption":"La Sentinelle"},"sameAs":["http:\/\/www.lasentinelle.dz"],"url":"https:\/\/lasentinelle.dz\/author\/redaction\/"}]}},"_links":{"self":[{"href":"https:\/\/lasentinelle.dz\/index.php\/wp-json\/wp\/v2\/posts\/25765","targetHints":{"allow":["GET"]}}],"collection":[{"href":"https:\/\/lasentinelle.dz\/index.php\/wp-json\/wp\/v2\/posts"}],"about":[{"href":"https:\/\/lasentinelle.dz\/index.php\/wp-json\/wp\/v2\/types\/post"}],"author":[{"embeddable":true,"href":"https:\/\/lasentinelle.dz\/index.php\/wp-json\/wp\/v2\/users\/3"}],"replies":[{"embeddable":true,"href":"https:\/\/lasentinelle.dz\/index.php\/wp-json\/wp\/v2\/comments?post=25765"}],"version-history":[{"count":1,"href":"https:\/\/lasentinelle.dz\/index.php\/wp-json\/wp\/v2\/posts\/25765\/revisions"}],"predecessor-version":[{"id":25771,"href":"https:\/\/lasentinelle.dz\/index.php\/wp-json\/wp\/v2\/posts\/25765\/revisions\/25771"}],"wp:featuredmedia":[{"embeddable":true,"href":"https:\/\/lasentinelle.dz\/index.php\/wp-json\/wp\/v2\/media\/25769"}],"wp:attachment":[{"href":"https:\/\/lasentinelle.dz\/index.php\/wp-json\/wp\/v2\/media?parent=25765"}],"wp:term":[{"taxonomy":"category","embeddable":true,"href":"https:\/\/lasentinelle.dz\/index.php\/wp-json\/wp\/v2\/categories?post=25765"},{"taxonomy":"post_tag","embeddable":true,"href":"https:\/\/lasentinelle.dz\/index.php\/wp-json\/wp\/v2\/tags?post=25765"}],"curies":[{"name":"wp","href":"https:\/\/api.w.org\/{rel}","templated":true}]}}