{"id":25780,"date":"2022-08-16T00:15:00","date_gmt":"2022-08-15T23:15:00","guid":{"rendered":"https:\/\/lasentinelle.dz\/?p=25780"},"modified":"2022-08-15T21:20:16","modified_gmt":"2022-08-15T20:20:16","slug":"le-president-de-lunion-internationale-des-oulemas-musulmans-le-marocain-ahmed-raissouni-sattaque-a-lalgerie-lalliance-imperialo-sioniste-a-l","status":"publish","type":"post","link":"https:\/\/lasentinelle.dz\/index.php\/2022\/08\/16\/le-president-de-lunion-internationale-des-oulemas-musulmans-le-marocain-ahmed-raissouni-sattaque-a-lalgerie-lalliance-imperialo-sioniste-a-l\/","title":{"rendered":"Le pr\u00e9sident de l\u2019Union internationale des oul\u00e9mas musulmans, le marocain Ahmed Ra\u00efssouni s\u2019attaque \u00e0 l\u2019Alg\u00e9rie\u00a0:\u00a0L\u2019alliance imp\u00e9rialo-sioniste\u00a0\u00e0 l\u2019\u0153uvre"},"content":{"rendered":"\n<p>Al djamaa Al-libiya Al-moukatila dont l\u2019anc\u00eatre n\u2019est autre qu\u2019al-Qa\u00efda au Maghreb islamique, a \u00e9t\u00e9 soutenue mordicus par ce pr\u00e9sident de l\u2019UIOM, Ahmed Ra\u00efssouni dont ses relations avec le terroriste Abdelhakim Belhadj ne sont plus \u00e0 pr\u00e9senter.<\/p>\n\n\n\n<p>&nbsp;Le pr\u00e9sident de l\u2019Union internationale des oul\u00e9mas musulmans (UIOM), Ahmed Ra\u00efssouni, est en passe de devenir le chantre du terrorisme international. Ce quidam qui a succ\u00e9d\u00e9 au fondateur de cette organisation, Youssef Al-Qaradawi en l\u2019occurrence, s\u2019est attaqu\u00e9 \u00e0 l\u2019Alg\u00e9rie d\u2019une mani\u00e8re saillante et sans ambages. Il a appel\u00e9 les&nbsp;Marocains \u00ab \u00e0 d\u00e9clarer le djihad contre l\u2019Alg\u00e9rie pour r\u00e9cup\u00e9rer la ville de Tindouf \u00bb, a-t-il martel\u00e9.<\/p>\n\n\n\n<p>Ce marocain qui n\u2019a pas daign\u00e9 appeler son roi \u00e0 revoir sa copie quant \u00e0 sa politique de normalisation avec l\u2019entit\u00e9 sioniste, ni \u00e0 d\u00e9noncer les pays du Golfe qui se sont pr\u00e9cipit\u00e9s \u00e0 se jeter dans les bras du sionisme international, a os\u00e9 s\u2019attaquer \u00e0 l\u2019Alg\u00e9rie.<\/p>\n\n\n\n<p>Ce pr\u00e9sident d\u2019une organisation tentaculaire et opaque est en train d\u2019appliquer les d\u00e9sid\u00e9ratas et la feuille de route des officines \u00e9trang\u00e8res dans le but de redynamiser les r\u00e9seaux financ\u00e9s par des organismes charg\u00e9s de promouvoir les r\u00e9volutions color\u00e9es et \u00ab le printemps arabe \u00bb.<\/p>\n\n\n\n<p>L\u2019appel au&nbsp;\u00ab&nbsp;djihad&nbsp;\u00bb&nbsp;contre l\u2019Alg\u00e9rie sous le fallacieux pr\u00e9texte de&nbsp;\u00ab&nbsp;restituer&nbsp;\u00bb&nbsp;la ville de Tindouf,&nbsp;est une agression manifeste de la souverainet\u00e9 d\u2019un \u00c9tat bas\u00e9e sur un argument contraire aux principes du droits internationales et conventions sign\u00e9es et ratifi\u00e9es entre les deux pays concernant la question des fronti\u00e8res, foment\u00e9 par le Makhzen et ses relais, qui d\u00e9montre ainsi son soutien assum\u00e9 au terrorisme transnational.&nbsp;Il s\u2019agit d\u2019un plan savamment entretenu par l\u2019alliance imp\u00e9rialo-sioniste dans le but de rebattre les cartes de la r\u00e9gion sur fond d\u2019un nouveau recentrage ob\u00e9issant aux int\u00e9r\u00eats des puissances n\u00e9ocoloniales et leurs vis\u00e9es de mainmise sur les richesses naturelles de la r\u00e9gion.<\/p>\n\n\n\n<p>L\u2019histoire r\u00e9cente est toujours vivace et les d\u00e9clarations de l\u2019ex-pr\u00e9sident de l\u2019Union internationale des oul\u00e9mas musulmans (UIOM), Youssef Al-Qaradawi n\u2019ont pas \u00e9t\u00e9 oubli\u00e9es. La mission qui lui a \u00e9t\u00e9 d\u00e9volue par ses mentors imp\u00e9rialo-sionistes en s\u2019attaquant \u00e0 la Libye de Mouammar El Kadhafi, la Syrie et le Y\u00e9men, reste d\u2019ordre d\u2019actualit\u00e9 et que l\u2019 \u00ab \u0153uvre \u00bb devrait \u00eatre finalis\u00e9e par le sbire en chef, \u00e0 savoir Ahmed Ra\u00efssouni dans la perspective d\u2019attiser le feu de la fitna dans les pays o\u00f9 le plan \u00ab printaniste n\u2019a pu passer ou se r\u00e9aliser comme c\u2019\u00e9tait le cas en Libye et les autres r\u00e9gions o\u00f9 leurs Etats ne disposent pas d\u2019une force arm\u00e9e bien organis\u00e9e et disciplin\u00e9e.&nbsp;Il faut rappeler que Ahmed Ra\u00efssouni figure dans la liste noire du terrorisme international. Il b\u00e9n\u00e9ficie de la protection \u00ab n\u00e9goci\u00e9e \u00bb du Qatar o\u00f9 si\u00e8ge cette organisation de l\u2019UIOM.&nbsp;L\u2019Union internationale des oul\u00e9mas musulmans est connue&nbsp;pour ses accointances avec les organisations terroristes les plus sanguinaires qui ont marqu\u00e9 leur empreinte criminelle et barbare en Syrie et en Libye.<\/p>\n\n\n\n<p>Daech, al-Nosra, et l&rsquo;Arm\u00e9e de l&rsquo;Islam \u00ab Jaich al-Islam \u00bb sont des organisations financ\u00e9es par les fr\u00e8res musulmans dont les injonctions sont discut\u00e9es et abord\u00e9es entre les repr\u00e9sentants de l\u2019UIOM et les services de renseignements des puissances \u00e9trang\u00e8res dont l\u2019app\u00e9tit expansionniste et de reconqu\u00eate est connue pour tout le monde.<\/p>\n\n\n\n<p>Al djamaa Al-libiya Al-moukatila dont l\u2019anc\u00eatre n\u2019est autre qu\u2019al-Qa\u00efda du Maghreb islamique, a \u00e9t\u00e9 soutenue mordicus par ce pr\u00e9sident de l\u2019UIOM, Ahmed Ra\u00efssouni dont ses relations avec le terroriste Abdelhakim Belhadj ne sont plus \u00e0 pr\u00e9senter.&nbsp;C\u2019est dire que le terroriste Ahmed Ra\u00efssouni n\u2019est autre qu\u2019un agent de l\u2019alliance imp\u00e9rialo-sioniste qui vise \u00e0 asseoir sa mainmise sur la r\u00e9gion de l\u2019Afrique du Nord.&nbsp;La campagne de propagande mensong\u00e8re que m\u00eame le r\u00e9gime marocain du Makhzen contre l\u2019Alg\u00e9rie, s\u2019arrime d\u2019une mani\u00e8re synchronis\u00e9e avec la campagne haineuse de cette organisation int\u00e9griste et \u00e0 la solde d\u2019un agenda n\u00e9ocolonial.<\/p>\n\n\n\n<p>Cela est visible et palpable \u00e0 travers des attaques \u00e9manant de groupuscules ob\u00e9issant aux injonctions du Makhzen en transformant le Net et les r\u00e9seaux sociaux en un v\u00e9ritable espace tiss\u00e9 d\u2019imposture et de sornettes \u00e0 l\u2019adresse de l\u2019Alg\u00e9rie et ses derni\u00e8res d\u00e9cisions de se red\u00e9ployer au plan r\u00e9gional et international.&nbsp;Le tintamarre aliment\u00e9 par le Makhzen sur les r\u00e9seaux sociaux \u00e0 propos de l\u2019exploitation de&nbsp;Ghar Djebilet n\u2019est qu\u2019exemple manifeste quant \u00e0 l\u2019hyst\u00e9rie qui gagne le r\u00e9gime marocain du Makhzen et ses alli\u00e9s imp\u00e9rialo-sionistes.<\/p>\n\n\n\n<p>Rachid Nassouti<\/p>\n","protected":false},"excerpt":{"rendered":"<p>Al djamaa Al-libiya Al-moukatila dont l\u2019anc\u00eatre n\u2019est autre qu\u2019al-Qa\u00efda au Maghreb islamique, a \u00e9t\u00e9 soutenue mordicus par ce pr\u00e9sident de<\/p>\n","protected":false},"author":3,"featured_media":25786,"comment_status":"open","ping_status":"closed","sticky":false,"template":"","format":"standard","meta":{"colormag_page_container_layout":"default_layout","colormag_page_sidebar_layout":"default_layout","om_disable_all_campaigns":false,"_monsterinsights_skip_tracking":false,"_monsterinsights_sitenote_active":false,"_monsterinsights_sitenote_note":"","_monsterinsights_sitenote_category":0,"footnotes":"","_wpscppro_dont_share_socialmedia":false,"_wpscppro_custom_social_share_image":0,"_facebook_share_type":"","_twitter_share_type":"","_linkedin_share_type":"","_pinterest_share_type":"","_linkedin_share_type_page":"","_instagram_share_type":"","_medium_share_type":"","_threads_share_type":"","_google_business_share_type":"","_selected_social_profile":[],"_wpsp_enable_custom_social_template":false,"_wpsp_social_scheduling":{"enabled":false,"datetime":null,"platforms":[],"status":"template_only","dateOption":"today","timeOption":"now","customDays":"","customHours":"","customDate":"","customTime":"","schedulingType":"absolute"},"_wpsp_active_default_template":true},"categories":[52,27],"tags":[],"class_list":["post-25780","post","type-post","status-publish","format-standard","has-post-thumbnail","hentry","category-a-la-une","category-actualite"],"aioseo_notices":[],"yoast_head":"<!-- This site is optimized with the Yoast SEO plugin v27.5 - https:\/\/yoast.com\/product\/yoast-seo-wordpress\/ -->\n<title>Le pr\u00e9sident de l\u2019Union internationale des oul\u00e9mas musulmans, le marocain Ahmed Ra\u00efssouni s\u2019attaque \u00e0 l\u2019Alg\u00e9rie\u00a0:\u00a0L\u2019alliance imp\u00e9rialo-sioniste\u00a0\u00e0 l\u2019\u0153uvre - La Sentinelle<\/title>\n<meta name=\"robots\" content=\"index, follow, max-snippet:-1, max-image-preview:large, max-video-preview:-1\" \/>\n<link rel=\"canonical\" href=\"https:\/\/lasentinelle.dz\/index.php\/2022\/08\/16\/le-president-de-lunion-internationale-des-oulemas-musulmans-le-marocain-ahmed-raissouni-sattaque-a-lalgerie-lalliance-imperialo-sioniste-a-l\/\" \/>\n<meta property=\"og:locale\" content=\"fr_FR\" \/>\n<meta property=\"og:type\" content=\"article\" \/>\n<meta property=\"og:title\" content=\"Le pr\u00e9sident de l\u2019Union internationale des oul\u00e9mas musulmans, le marocain Ahmed Ra\u00efssouni s\u2019attaque \u00e0 l\u2019Alg\u00e9rie\u00a0:\u00a0L\u2019alliance imp\u00e9rialo-sioniste\u00a0\u00e0 l\u2019\u0153uvre - La Sentinelle\" \/>\n<meta property=\"og:description\" content=\"Al djamaa Al-libiya Al-moukatila dont l\u2019anc\u00eatre n\u2019est autre qu\u2019al-Qa\u00efda au Maghreb islamique, a \u00e9t\u00e9 soutenue mordicus par ce pr\u00e9sident de\" \/>\n<meta property=\"og:url\" content=\"https:\/\/lasentinelle.dz\/index.php\/2022\/08\/16\/le-president-de-lunion-internationale-des-oulemas-musulmans-le-marocain-ahmed-raissouni-sattaque-a-lalgerie-lalliance-imperialo-sioniste-a-l\/\" \/>\n<meta property=\"og:site_name\" content=\"La Sentinelle\" \/>\n<meta property=\"article:publisher\" content=\"https:\/\/www.facebook.com\/La-Sentinelle-104059864394773\" \/>\n<meta property=\"article:published_time\" content=\"2022-08-15T23:15:00+00:00\" \/>\n<meta property=\"og:image\" content=\"https:\/\/lasentinelle.dz\/wp-content\/uploads\/2022\/08\/Raissouni.png\" \/>\n\t<meta property=\"og:image:width\" content=\"1604\" \/>\n\t<meta property=\"og:image:height\" content=\"900\" \/>\n\t<meta property=\"og:image:type\" content=\"image\/png\" \/>\n<meta name=\"author\" content=\"La Sentinelle\" \/>\n<meta name=\"twitter:card\" content=\"summary_large_image\" \/>\n<meta name=\"twitter:label1\" content=\"\u00c9crit par\" \/>\n\t<meta name=\"twitter:data1\" content=\"La Sentinelle\" \/>\n\t<meta name=\"twitter:label2\" content=\"Dur\u00e9e de lecture estim\u00e9e\" \/>\n\t<meta name=\"twitter:data2\" content=\"4 minutes\" \/>\n<script type=\"application\/ld+json\" class=\"yoast-schema-graph\">{\"@context\":\"https:\\\/\\\/schema.org\",\"@graph\":[{\"@type\":\"Article\",\"@id\":\"https:\\\/\\\/lasentinelle.dz\\\/index.php\\\/2022\\\/08\\\/16\\\/le-president-de-lunion-internationale-des-oulemas-musulmans-le-marocain-ahmed-raissouni-sattaque-a-lalgerie-lalliance-imperialo-sioniste-a-l\\\/#article\",\"isPartOf\":{\"@id\":\"https:\\\/\\\/lasentinelle.dz\\\/index.php\\\/2022\\\/08\\\/16\\\/le-president-de-lunion-internationale-des-oulemas-musulmans-le-marocain-ahmed-raissouni-sattaque-a-lalgerie-lalliance-imperialo-sioniste-a-l\\\/\"},\"author\":{\"name\":\"La Sentinelle\",\"@id\":\"https:\\\/\\\/lasentinelle.dz\\\/#\\\/schema\\\/person\\\/d865044e22e70a75174ce8bcad3acfb3\"},\"headline\":\"Le pr\u00e9sident de l\u2019Union internationale des oul\u00e9mas musulmans, le marocain Ahmed Ra\u00efssouni s\u2019attaque \u00e0 l\u2019Alg\u00e9rie\u00a0:\u00a0L\u2019alliance imp\u00e9rialo-sioniste\u00a0\u00e0 l\u2019\u0153uvre\",\"datePublished\":\"2022-08-15T23:15:00+00:00\",\"mainEntityOfPage\":{\"@id\":\"https:\\\/\\\/lasentinelle.dz\\\/index.php\\\/2022\\\/08\\\/16\\\/le-president-de-lunion-internationale-des-oulemas-musulmans-le-marocain-ahmed-raissouni-sattaque-a-lalgerie-lalliance-imperialo-sioniste-a-l\\\/\"},\"wordCount\":887,\"commentCount\":0,\"publisher\":{\"@id\":\"https:\\\/\\\/lasentinelle.dz\\\/#organization\"},\"image\":{\"@id\":\"https:\\\/\\\/lasentinelle.dz\\\/index.php\\\/2022\\\/08\\\/16\\\/le-president-de-lunion-internationale-des-oulemas-musulmans-le-marocain-ahmed-raissouni-sattaque-a-lalgerie-lalliance-imperialo-sioniste-a-l\\\/#primaryimage\"},\"thumbnailUrl\":\"https:\\\/\\\/lasentinelle.dz\\\/wp-content\\\/uploads\\\/2022\\\/08\\\/Raissouni.png\",\"articleSection\":[\"\u00c0 la Une\",\"Actualit\u00e9\"],\"inLanguage\":\"fr-FR\",\"potentialAction\":[{\"@type\":\"CommentAction\",\"name\":\"Comment\",\"target\":[\"https:\\\/\\\/lasentinelle.dz\\\/index.php\\\/2022\\\/08\\\/16\\\/le-president-de-lunion-internationale-des-oulemas-musulmans-le-marocain-ahmed-raissouni-sattaque-a-lalgerie-lalliance-imperialo-sioniste-a-l\\\/#respond\"]}]},{\"@type\":\"WebPage\",\"@id\":\"https:\\\/\\\/lasentinelle.dz\\\/index.php\\\/2022\\\/08\\\/16\\\/le-president-de-lunion-internationale-des-oulemas-musulmans-le-marocain-ahmed-raissouni-sattaque-a-lalgerie-lalliance-imperialo-sioniste-a-l\\\/\",\"url\":\"https:\\\/\\\/lasentinelle.dz\\\/index.php\\\/2022\\\/08\\\/16\\\/le-president-de-lunion-internationale-des-oulemas-musulmans-le-marocain-ahmed-raissouni-sattaque-a-lalgerie-lalliance-imperialo-sioniste-a-l\\\/\",\"name\":\"Le pr\u00e9sident de l\u2019Union internationale des oul\u00e9mas musulmans, le marocain Ahmed Ra\u00efssouni s\u2019attaque \u00e0 l\u2019Alg\u00e9rie\u00a0:\u00a0L\u2019alliance imp\u00e9rialo-sioniste\u00a0\u00e0 l\u2019\u0153uvre - La Sentinelle\",\"isPartOf\":{\"@id\":\"https:\\\/\\\/lasentinelle.dz\\\/#website\"},\"primaryImageOfPage\":{\"@id\":\"https:\\\/\\\/lasentinelle.dz\\\/index.php\\\/2022\\\/08\\\/16\\\/le-president-de-lunion-internationale-des-oulemas-musulmans-le-marocain-ahmed-raissouni-sattaque-a-lalgerie-lalliance-imperialo-sioniste-a-l\\\/#primaryimage\"},\"image\":{\"@id\":\"https:\\\/\\\/lasentinelle.dz\\\/index.php\\\/2022\\\/08\\\/16\\\/le-president-de-lunion-internationale-des-oulemas-musulmans-le-marocain-ahmed-raissouni-sattaque-a-lalgerie-lalliance-imperialo-sioniste-a-l\\\/#primaryimage\"},\"thumbnailUrl\":\"https:\\\/\\\/lasentinelle.dz\\\/wp-content\\\/uploads\\\/2022\\\/08\\\/Raissouni.png\",\"datePublished\":\"2022-08-15T23:15:00+00:00\",\"breadcrumb\":{\"@id\":\"https:\\\/\\\/lasentinelle.dz\\\/index.php\\\/2022\\\/08\\\/16\\\/le-president-de-lunion-internationale-des-oulemas-musulmans-le-marocain-ahmed-raissouni-sattaque-a-lalgerie-lalliance-imperialo-sioniste-a-l\\\/#breadcrumb\"},\"inLanguage\":\"fr-FR\",\"potentialAction\":[{\"@type\":\"ReadAction\",\"target\":[\"https:\\\/\\\/lasentinelle.dz\\\/index.php\\\/2022\\\/08\\\/16\\\/le-president-de-lunion-internationale-des-oulemas-musulmans-le-marocain-ahmed-raissouni-sattaque-a-lalgerie-lalliance-imperialo-sioniste-a-l\\\/\"]}]},{\"@type\":\"ImageObject\",\"inLanguage\":\"fr-FR\",\"@id\":\"https:\\\/\\\/lasentinelle.dz\\\/index.php\\\/2022\\\/08\\\/16\\\/le-president-de-lunion-internationale-des-oulemas-musulmans-le-marocain-ahmed-raissouni-sattaque-a-lalgerie-lalliance-imperialo-sioniste-a-l\\\/#primaryimage\",\"url\":\"https:\\\/\\\/lasentinelle.dz\\\/wp-content\\\/uploads\\\/2022\\\/08\\\/Raissouni.png\",\"contentUrl\":\"https:\\\/\\\/lasentinelle.dz\\\/wp-content\\\/uploads\\\/2022\\\/08\\\/Raissouni.png\",\"width\":1604,\"height\":900},{\"@type\":\"BreadcrumbList\",\"@id\":\"https:\\\/\\\/lasentinelle.dz\\\/index.php\\\/2022\\\/08\\\/16\\\/le-president-de-lunion-internationale-des-oulemas-musulmans-le-marocain-ahmed-raissouni-sattaque-a-lalgerie-lalliance-imperialo-sioniste-a-l\\\/#breadcrumb\",\"itemListElement\":[{\"@type\":\"ListItem\",\"position\":1,\"name\":\"Accueil\",\"item\":\"https:\\\/\\\/lasentinelle.dz\\\/\"},{\"@type\":\"ListItem\",\"position\":2,\"name\":\"Le pr\u00e9sident de l\u2019Union internationale des oul\u00e9mas musulmans, le marocain Ahmed Ra\u00efssouni s\u2019attaque \u00e0 l\u2019Alg\u00e9rie\u00a0:\u00a0L\u2019alliance imp\u00e9rialo-sioniste\u00a0\u00e0 l\u2019\u0153uvre\"}]},{\"@type\":\"WebSite\",\"@id\":\"https:\\\/\\\/lasentinelle.dz\\\/#website\",\"url\":\"https:\\\/\\\/lasentinelle.dz\\\/\",\"name\":\"La Sentinelle\",\"description\":\"Quotidien national d&#039;information\",\"publisher\":{\"@id\":\"https:\\\/\\\/lasentinelle.dz\\\/#organization\"},\"potentialAction\":[{\"@type\":\"SearchAction\",\"target\":{\"@type\":\"EntryPoint\",\"urlTemplate\":\"https:\\\/\\\/lasentinelle.dz\\\/?s={search_term_string}\"},\"query-input\":{\"@type\":\"PropertyValueSpecification\",\"valueRequired\":true,\"valueName\":\"search_term_string\"}}],\"inLanguage\":\"fr-FR\"},{\"@type\":\"Organization\",\"@id\":\"https:\\\/\\\/lasentinelle.dz\\\/#organization\",\"name\":\"Quotidien La Sentinelle\",\"url\":\"https:\\\/\\\/lasentinelle.dz\\\/\",\"logo\":{\"@type\":\"ImageObject\",\"inLanguage\":\"fr-FR\",\"@id\":\"https:\\\/\\\/lasentinelle.dz\\\/#\\\/schema\\\/logo\\\/image\\\/\",\"url\":\"https:\\\/\\\/lasentinelle.dz\\\/wp-content\\\/uploads\\\/2021\\\/09\\\/logo-sentinelleSLOGAN-1.png\",\"contentUrl\":\"https:\\\/\\\/lasentinelle.dz\\\/wp-content\\\/uploads\\\/2021\\\/09\\\/logo-sentinelleSLOGAN-1.png\",\"width\":615,\"height\":142,\"caption\":\"Quotidien La Sentinelle\"},\"image\":{\"@id\":\"https:\\\/\\\/lasentinelle.dz\\\/#\\\/schema\\\/logo\\\/image\\\/\"},\"sameAs\":[\"https:\\\/\\\/www.facebook.com\\\/La-Sentinelle-104059864394773\"]},{\"@type\":\"Person\",\"@id\":\"https:\\\/\\\/lasentinelle.dz\\\/#\\\/schema\\\/person\\\/d865044e22e70a75174ce8bcad3acfb3\",\"name\":\"La Sentinelle\",\"image\":{\"@type\":\"ImageObject\",\"inLanguage\":\"fr-FR\",\"@id\":\"https:\\\/\\\/secure.gravatar.com\\\/avatar\\\/57de8e5d4b15d43fb361a71fbb36338450fe67865b528a43dd10ef7c51a20392?s=96&d=mm&r=g\",\"url\":\"https:\\\/\\\/secure.gravatar.com\\\/avatar\\\/57de8e5d4b15d43fb361a71fbb36338450fe67865b528a43dd10ef7c51a20392?s=96&d=mm&r=g\",\"contentUrl\":\"https:\\\/\\\/secure.gravatar.com\\\/avatar\\\/57de8e5d4b15d43fb361a71fbb36338450fe67865b528a43dd10ef7c51a20392?s=96&d=mm&r=g\",\"caption\":\"La Sentinelle\"},\"sameAs\":[\"http:\\\/\\\/www.lasentinelle.dz\"],\"url\":\"https:\\\/\\\/lasentinelle.dz\\\/author\\\/redaction\\\/\"}]}<\/script>\n<!-- \/ Yoast SEO plugin. -->","yoast_head_json":{"title":"Le pr\u00e9sident de l\u2019Union internationale des oul\u00e9mas musulmans, le marocain Ahmed Ra\u00efssouni s\u2019attaque \u00e0 l\u2019Alg\u00e9rie\u00a0:\u00a0L\u2019alliance imp\u00e9rialo-sioniste\u00a0\u00e0 l\u2019\u0153uvre - La Sentinelle","robots":{"index":"index","follow":"follow","max-snippet":"max-snippet:-1","max-image-preview":"max-image-preview:large","max-video-preview":"max-video-preview:-1"},"canonical":"https:\/\/lasentinelle.dz\/index.php\/2022\/08\/16\/le-president-de-lunion-internationale-des-oulemas-musulmans-le-marocain-ahmed-raissouni-sattaque-a-lalgerie-lalliance-imperialo-sioniste-a-l\/","og_locale":"fr_FR","og_type":"article","og_title":"Le pr\u00e9sident de l\u2019Union internationale des oul\u00e9mas musulmans, le marocain Ahmed Ra\u00efssouni s\u2019attaque \u00e0 l\u2019Alg\u00e9rie\u00a0:\u00a0L\u2019alliance imp\u00e9rialo-sioniste\u00a0\u00e0 l\u2019\u0153uvre - La Sentinelle","og_description":"Al djamaa Al-libiya Al-moukatila dont l\u2019anc\u00eatre n\u2019est autre qu\u2019al-Qa\u00efda au Maghreb islamique, a \u00e9t\u00e9 soutenue mordicus par ce pr\u00e9sident de","og_url":"https:\/\/lasentinelle.dz\/index.php\/2022\/08\/16\/le-president-de-lunion-internationale-des-oulemas-musulmans-le-marocain-ahmed-raissouni-sattaque-a-lalgerie-lalliance-imperialo-sioniste-a-l\/","og_site_name":"La Sentinelle","article_publisher":"https:\/\/www.facebook.com\/La-Sentinelle-104059864394773","article_published_time":"2022-08-15T23:15:00+00:00","og_image":[{"width":1604,"height":900,"url":"https:\/\/lasentinelle.dz\/wp-content\/uploads\/2022\/08\/Raissouni.png","type":"image\/png"}],"author":"La Sentinelle","twitter_card":"summary_large_image","twitter_misc":{"\u00c9crit par":"La Sentinelle","Dur\u00e9e de lecture estim\u00e9e":"4 minutes"},"schema":{"@context":"https:\/\/schema.org","@graph":[{"@type":"Article","@id":"https:\/\/lasentinelle.dz\/index.php\/2022\/08\/16\/le-president-de-lunion-internationale-des-oulemas-musulmans-le-marocain-ahmed-raissouni-sattaque-a-lalgerie-lalliance-imperialo-sioniste-a-l\/#article","isPartOf":{"@id":"https:\/\/lasentinelle.dz\/index.php\/2022\/08\/16\/le-president-de-lunion-internationale-des-oulemas-musulmans-le-marocain-ahmed-raissouni-sattaque-a-lalgerie-lalliance-imperialo-sioniste-a-l\/"},"author":{"name":"La Sentinelle","@id":"https:\/\/lasentinelle.dz\/#\/schema\/person\/d865044e22e70a75174ce8bcad3acfb3"},"headline":"Le pr\u00e9sident de l\u2019Union internationale des oul\u00e9mas musulmans, le marocain Ahmed Ra\u00efssouni s\u2019attaque \u00e0 l\u2019Alg\u00e9rie\u00a0:\u00a0L\u2019alliance imp\u00e9rialo-sioniste\u00a0\u00e0 l\u2019\u0153uvre","datePublished":"2022-08-15T23:15:00+00:00","mainEntityOfPage":{"@id":"https:\/\/lasentinelle.dz\/index.php\/2022\/08\/16\/le-president-de-lunion-internationale-des-oulemas-musulmans-le-marocain-ahmed-raissouni-sattaque-a-lalgerie-lalliance-imperialo-sioniste-a-l\/"},"wordCount":887,"commentCount":0,"publisher":{"@id":"https:\/\/lasentinelle.dz\/#organization"},"image":{"@id":"https:\/\/lasentinelle.dz\/index.php\/2022\/08\/16\/le-president-de-lunion-internationale-des-oulemas-musulmans-le-marocain-ahmed-raissouni-sattaque-a-lalgerie-lalliance-imperialo-sioniste-a-l\/#primaryimage"},"thumbnailUrl":"https:\/\/lasentinelle.dz\/wp-content\/uploads\/2022\/08\/Raissouni.png","articleSection":["\u00c0 la Une","Actualit\u00e9"],"inLanguage":"fr-FR","potentialAction":[{"@type":"CommentAction","name":"Comment","target":["https:\/\/lasentinelle.dz\/index.php\/2022\/08\/16\/le-president-de-lunion-internationale-des-oulemas-musulmans-le-marocain-ahmed-raissouni-sattaque-a-lalgerie-lalliance-imperialo-sioniste-a-l\/#respond"]}]},{"@type":"WebPage","@id":"https:\/\/lasentinelle.dz\/index.php\/2022\/08\/16\/le-president-de-lunion-internationale-des-oulemas-musulmans-le-marocain-ahmed-raissouni-sattaque-a-lalgerie-lalliance-imperialo-sioniste-a-l\/","url":"https:\/\/lasentinelle.dz\/index.php\/2022\/08\/16\/le-president-de-lunion-internationale-des-oulemas-musulmans-le-marocain-ahmed-raissouni-sattaque-a-lalgerie-lalliance-imperialo-sioniste-a-l\/","name":"Le pr\u00e9sident de l\u2019Union internationale des oul\u00e9mas musulmans, le marocain Ahmed Ra\u00efssouni s\u2019attaque \u00e0 l\u2019Alg\u00e9rie\u00a0:\u00a0L\u2019alliance imp\u00e9rialo-sioniste\u00a0\u00e0 l\u2019\u0153uvre - La Sentinelle","isPartOf":{"@id":"https:\/\/lasentinelle.dz\/#website"},"primaryImageOfPage":{"@id":"https:\/\/lasentinelle.dz\/index.php\/2022\/08\/16\/le-president-de-lunion-internationale-des-oulemas-musulmans-le-marocain-ahmed-raissouni-sattaque-a-lalgerie-lalliance-imperialo-sioniste-a-l\/#primaryimage"},"image":{"@id":"https:\/\/lasentinelle.dz\/index.php\/2022\/08\/16\/le-president-de-lunion-internationale-des-oulemas-musulmans-le-marocain-ahmed-raissouni-sattaque-a-lalgerie-lalliance-imperialo-sioniste-a-l\/#primaryimage"},"thumbnailUrl":"https:\/\/lasentinelle.dz\/wp-content\/uploads\/2022\/08\/Raissouni.png","datePublished":"2022-08-15T23:15:00+00:00","breadcrumb":{"@id":"https:\/\/lasentinelle.dz\/index.php\/2022\/08\/16\/le-president-de-lunion-internationale-des-oulemas-musulmans-le-marocain-ahmed-raissouni-sattaque-a-lalgerie-lalliance-imperialo-sioniste-a-l\/#breadcrumb"},"inLanguage":"fr-FR","potentialAction":[{"@type":"ReadAction","target":["https:\/\/lasentinelle.dz\/index.php\/2022\/08\/16\/le-president-de-lunion-internationale-des-oulemas-musulmans-le-marocain-ahmed-raissouni-sattaque-a-lalgerie-lalliance-imperialo-sioniste-a-l\/"]}]},{"@type":"ImageObject","inLanguage":"fr-FR","@id":"https:\/\/lasentinelle.dz\/index.php\/2022\/08\/16\/le-president-de-lunion-internationale-des-oulemas-musulmans-le-marocain-ahmed-raissouni-sattaque-a-lalgerie-lalliance-imperialo-sioniste-a-l\/#primaryimage","url":"https:\/\/lasentinelle.dz\/wp-content\/uploads\/2022\/08\/Raissouni.png","contentUrl":"https:\/\/lasentinelle.dz\/wp-content\/uploads\/2022\/08\/Raissouni.png","width":1604,"height":900},{"@type":"BreadcrumbList","@id":"https:\/\/lasentinelle.dz\/index.php\/2022\/08\/16\/le-president-de-lunion-internationale-des-oulemas-musulmans-le-marocain-ahmed-raissouni-sattaque-a-lalgerie-lalliance-imperialo-sioniste-a-l\/#breadcrumb","itemListElement":[{"@type":"ListItem","position":1,"name":"Accueil","item":"https:\/\/lasentinelle.dz\/"},{"@type":"ListItem","position":2,"name":"Le pr\u00e9sident de l\u2019Union internationale des oul\u00e9mas musulmans, le marocain Ahmed Ra\u00efssouni s\u2019attaque \u00e0 l\u2019Alg\u00e9rie\u00a0:\u00a0L\u2019alliance imp\u00e9rialo-sioniste\u00a0\u00e0 l\u2019\u0153uvre"}]},{"@type":"WebSite","@id":"https:\/\/lasentinelle.dz\/#website","url":"https:\/\/lasentinelle.dz\/","name":"La Sentinelle","description":"Quotidien national d&#039;information","publisher":{"@id":"https:\/\/lasentinelle.dz\/#organization"},"potentialAction":[{"@type":"SearchAction","target":{"@type":"EntryPoint","urlTemplate":"https:\/\/lasentinelle.dz\/?s={search_term_string}"},"query-input":{"@type":"PropertyValueSpecification","valueRequired":true,"valueName":"search_term_string"}}],"inLanguage":"fr-FR"},{"@type":"Organization","@id":"https:\/\/lasentinelle.dz\/#organization","name":"Quotidien La Sentinelle","url":"https:\/\/lasentinelle.dz\/","logo":{"@type":"ImageObject","inLanguage":"fr-FR","@id":"https:\/\/lasentinelle.dz\/#\/schema\/logo\/image\/","url":"https:\/\/lasentinelle.dz\/wp-content\/uploads\/2021\/09\/logo-sentinelleSLOGAN-1.png","contentUrl":"https:\/\/lasentinelle.dz\/wp-content\/uploads\/2021\/09\/logo-sentinelleSLOGAN-1.png","width":615,"height":142,"caption":"Quotidien La Sentinelle"},"image":{"@id":"https:\/\/lasentinelle.dz\/#\/schema\/logo\/image\/"},"sameAs":["https:\/\/www.facebook.com\/La-Sentinelle-104059864394773"]},{"@type":"Person","@id":"https:\/\/lasentinelle.dz\/#\/schema\/person\/d865044e22e70a75174ce8bcad3acfb3","name":"La Sentinelle","image":{"@type":"ImageObject","inLanguage":"fr-FR","@id":"https:\/\/secure.gravatar.com\/avatar\/57de8e5d4b15d43fb361a71fbb36338450fe67865b528a43dd10ef7c51a20392?s=96&d=mm&r=g","url":"https:\/\/secure.gravatar.com\/avatar\/57de8e5d4b15d43fb361a71fbb36338450fe67865b528a43dd10ef7c51a20392?s=96&d=mm&r=g","contentUrl":"https:\/\/secure.gravatar.com\/avatar\/57de8e5d4b15d43fb361a71fbb36338450fe67865b528a43dd10ef7c51a20392?s=96&d=mm&r=g","caption":"La Sentinelle"},"sameAs":["http:\/\/www.lasentinelle.dz"],"url":"https:\/\/lasentinelle.dz\/author\/redaction\/"}]}},"_links":{"self":[{"href":"https:\/\/lasentinelle.dz\/index.php\/wp-json\/wp\/v2\/posts\/25780","targetHints":{"allow":["GET"]}}],"collection":[{"href":"https:\/\/lasentinelle.dz\/index.php\/wp-json\/wp\/v2\/posts"}],"about":[{"href":"https:\/\/lasentinelle.dz\/index.php\/wp-json\/wp\/v2\/types\/post"}],"author":[{"embeddable":true,"href":"https:\/\/lasentinelle.dz\/index.php\/wp-json\/wp\/v2\/users\/3"}],"replies":[{"embeddable":true,"href":"https:\/\/lasentinelle.dz\/index.php\/wp-json\/wp\/v2\/comments?post=25780"}],"version-history":[{"count":1,"href":"https:\/\/lasentinelle.dz\/index.php\/wp-json\/wp\/v2\/posts\/25780\/revisions"}],"predecessor-version":[{"id":25788,"href":"https:\/\/lasentinelle.dz\/index.php\/wp-json\/wp\/v2\/posts\/25780\/revisions\/25788"}],"wp:featuredmedia":[{"embeddable":true,"href":"https:\/\/lasentinelle.dz\/index.php\/wp-json\/wp\/v2\/media\/25786"}],"wp:attachment":[{"href":"https:\/\/lasentinelle.dz\/index.php\/wp-json\/wp\/v2\/media?parent=25780"}],"wp:term":[{"taxonomy":"category","embeddable":true,"href":"https:\/\/lasentinelle.dz\/index.php\/wp-json\/wp\/v2\/categories?post=25780"},{"taxonomy":"post_tag","embeddable":true,"href":"https:\/\/lasentinelle.dz\/index.php\/wp-json\/wp\/v2\/tags?post=25780"}],"curies":[{"name":"wp","href":"https:\/\/api.w.org\/{rel}","templated":true}]}}