{"id":25796,"date":"2022-08-17T00:01:00","date_gmt":"2022-08-16T23:01:00","guid":{"rendered":"https:\/\/lasentinelle.dz\/?p=25796"},"modified":"2022-08-16T16:08:06","modified_gmt":"2022-08-16T15:08:06","slug":"palestine-occupee-lonu-appelle-a-une-enquete-sur-le-meurtre-de-mohammad-al-hasham","status":"publish","type":"post","link":"https:\/\/lasentinelle.dz\/index.php\/2022\/08\/17\/palestine-occupee-lonu-appelle-a-une-enquete-sur-le-meurtre-de-mohammad-al-hasham\/","title":{"rendered":"Palestine occup\u00e9e\u00a0:\u00a0L&rsquo;ONU appelle \u00e0 une enqu\u00eate sur le meurtre\u00a0de\u00a0Mohammad Al-Hasham"},"content":{"rendered":"\n<p>Les Nations Unies appellent \u00e0 une \u00ab\u00a0enqu\u00eate imm\u00e9diate, compl\u00e8te et ind\u00e9pendante\u00a0\u00bb sur le meurtre du jeune&nbsp;&nbsp;Palestinien, Mohammad Al-Hasham, tomb\u00e9 en martyr dans la banlieue de Kafr&nbsp;&nbsp;&nbsp;Aqab, au nord-est d&rsquo;El Qods occup\u00e9e.&nbsp;<\/p>\n\n\n\n<p>Le Coordonnateur sp\u00e9cial des Nations Unies pour le processus de paix au&nbsp;&nbsp;&nbsp;Moyen-Orient, Tor&nbsp;Wennesland, a d\u00e9clar\u00e9 dans un tweet : \u00ab\u00a0Je suis profond\u00e9ment troubl\u00e9 par le meurtre du jeune Palestinien, Mohammad Al-Hasham, aux mains des forces de s\u00e9curit\u00e9 isra\u00e9liennes&nbsp;&nbsp;\u00e0 son domicile de Kafr Aqab, dans des circonstances controvers\u00e9es\u00a0\u00bb. \u00ab\u00a0Cela n\u00e9cessite une enqu\u00eate imm\u00e9diate, approfondie et ind\u00e9pendante\u00a0\u00bb, a soulign\u00e9 Wencesland. Auparavant, le bureau du gouverneur d&rsquo;El Qods relevant du gouvernement palestinien, a d\u00e9clar\u00e9 que \u00ab\u00a0le citoyen, Mohammad Al-Hasham, \u00ab\u00a0a re\u00e7u une balle dans la t\u00eate \u00e0 bout portant\u00a0\u00bb avant de rendre l&rsquo;\u00e2me. La r\u00e9pression des Palestiniens est quasi quotidienne dans les territoires palestiniens. C\u2019est ainsi que 4 p\u00eacheurs Palestiniens ont \u00e9t\u00e9 arr\u00eat\u00e9s hier par la marine de l&rsquo;occupation isra\u00e9lienne au large de la bande de Ghaza, rapporte l&rsquo;agence de presse palestinienne, Wafa, citant des sources locales palestiniennes. Selon les m\u00eames sources, les forces d\u2019occupation sionistes ont arr\u00eat\u00e9 les quatre p\u00eacheurs palestiniens au nord-ouest de l&rsquo;enclave palestinienne, dans la r\u00e9gion de Al-Sudaniya, apr\u00e8s avoir saisi leurs embarcations. Ils s&rsquo;ajoutent \u00e0 de dizaines d&rsquo;autres p\u00eacheurs, pr\u00e9c\u00e9demment agress\u00e9s et&nbsp;&nbsp;&nbsp;arr\u00eat\u00e9s.&nbsp;&nbsp;Samedi, des bateaux de p\u00eacheurs palestiniens ont \u00e9t\u00e9 vis\u00e9s par des tirs \u00e0&nbsp;&nbsp;&nbsp;balles r\u00e9elles et du gaz lacrymog\u00e8ne, lanc\u00e9s par des vedettes de l&rsquo;occupation au sud de l&rsquo;enclave palestinienne, les obligeant \u00e0 quitter les lieux.&nbsp;&nbsp;La marine d&rsquo;occupation sioniste cible quotidiennement les p\u00eacheurs au&nbsp;&nbsp;&nbsp;large de l&rsquo;enclave par des mitrailleuses lourdes, des obus et des canons \u00e0 eau, dans le but de bloquer leur activit\u00e9, pourtant source vitale de&nbsp;&nbsp;&nbsp;revenus pour des milliers de familles palestiniennes.<\/p>\n\n\n\n<p>Par ailleurs hier \u00e0 l\u2019aube, cinq palestiniens ont \u00e9t\u00e9 bless\u00e9s par les balles des forces sionistes au Sud de Bethl\u00e9em, alors que trois autres ont \u00e9t\u00e9 arr\u00eat\u00e9s.&nbsp;Dans les prisons sionistes, quatre prisonniers maintiennent leur gr\u00e8ve de la faim, pour protester contre leur d\u00e9tention. Trois autres sont en d\u00e9tention administrative, dont Khalil Awawdeh, gr\u00e9viste de la faim depuis 167 jours. La d\u00e9tention administrative est une proc\u00e9dure qui permet \u00e0 l\u2019arm\u00e9e sioniste de d\u00e9tenir une personne pour une p\u00e9riode de six mois, renouvelables de mani\u00e8re ind\u00e9finie, sans inculpation ni proc\u00e8s.<\/p>\n\n\n\n<p><strong>K.<\/strong><strong>&nbsp;L<\/strong><strong>arbi<\/strong><\/p>\n","protected":false},"excerpt":{"rendered":"<p>Les Nations Unies appellent \u00e0 une \u00ab\u00a0enqu\u00eate imm\u00e9diate, compl\u00e8te et ind\u00e9pendante\u00a0\u00bb sur le meurtre du jeune&nbsp;&nbsp;Palestinien, Mohammad Al-Hasham, tomb\u00e9 en<\/p>\n","protected":false},"author":3,"featured_media":25799,"comment_status":"open","ping_status":"closed","sticky":false,"template":"","format":"standard","meta":{"colormag_page_container_layout":"default_layout","colormag_page_sidebar_layout":"default_layout","om_disable_all_campaigns":false,"_monsterinsights_skip_tracking":false,"_monsterinsights_sitenote_active":false,"_monsterinsights_sitenote_note":"","_monsterinsights_sitenote_category":0,"footnotes":"","_wpscppro_dont_share_socialmedia":false,"_wpscppro_custom_social_share_image":0,"_facebook_share_type":"","_twitter_share_type":"","_linkedin_share_type":"","_pinterest_share_type":"","_linkedin_share_type_page":"","_instagram_share_type":"","_medium_share_type":"","_threads_share_type":"","_google_business_share_type":"","_selected_social_profile":[],"_wpsp_enable_custom_social_template":false,"_wpsp_social_scheduling":{"enabled":false,"datetime":null,"platforms":[],"status":"template_only","dateOption":"today","timeOption":"now","customDays":"","customHours":"","customDate":"","customTime":"","schedulingType":"absolute"},"_wpsp_active_default_template":true},"categories":[37],"tags":[],"class_list":["post-25796","post","type-post","status-publish","format-standard","has-post-thumbnail","hentry","category-monde"],"aioseo_notices":[],"yoast_head":"<!-- This site is optimized with the Yoast SEO plugin v27.4 - https:\/\/yoast.com\/product\/yoast-seo-wordpress\/ -->\n<title>Palestine occup\u00e9e\u00a0:\u00a0L&rsquo;ONU appelle \u00e0 une enqu\u00eate sur le meurtre\u00a0de\u00a0Mohammad Al-Hasham - La Sentinelle<\/title>\n<meta name=\"robots\" content=\"index, follow, max-snippet:-1, max-image-preview:large, max-video-preview:-1\" \/>\n<link rel=\"canonical\" href=\"https:\/\/lasentinelle.dz\/index.php\/2022\/08\/17\/palestine-occupee-lonu-appelle-a-une-enquete-sur-le-meurtre-de-mohammad-al-hasham\/\" \/>\n<meta property=\"og:locale\" content=\"fr_FR\" \/>\n<meta property=\"og:type\" content=\"article\" \/>\n<meta property=\"og:title\" content=\"Palestine occup\u00e9e\u00a0:\u00a0L&rsquo;ONU appelle \u00e0 une enqu\u00eate sur le meurtre\u00a0de\u00a0Mohammad Al-Hasham - La Sentinelle\" \/>\n<meta property=\"og:description\" content=\"Les Nations Unies appellent \u00e0 une \u00ab\u00a0enqu\u00eate imm\u00e9diate, compl\u00e8te et ind\u00e9pendante\u00a0\u00bb sur le meurtre du jeune&nbsp;&nbsp;Palestinien, Mohammad Al-Hasham, tomb\u00e9 en\" \/>\n<meta property=\"og:url\" content=\"https:\/\/lasentinelle.dz\/index.php\/2022\/08\/17\/palestine-occupee-lonu-appelle-a-une-enquete-sur-le-meurtre-de-mohammad-al-hasham\/\" \/>\n<meta property=\"og:site_name\" content=\"La Sentinelle\" \/>\n<meta property=\"article:publisher\" content=\"https:\/\/www.facebook.com\/La-Sentinelle-104059864394773\" \/>\n<meta property=\"article:published_time\" content=\"2022-08-16T23:01:00+00:00\" \/>\n<meta property=\"og:image\" content=\"https:\/\/lasentinelle.dz\/wp-content\/uploads\/2022\/08\/Tor-Wennesland.png\" \/>\n\t<meta property=\"og:image:width\" content=\"900\" \/>\n\t<meta property=\"og:image:height\" content=\"900\" \/>\n\t<meta property=\"og:image:type\" content=\"image\/png\" \/>\n<meta name=\"author\" content=\"La Sentinelle\" \/>\n<meta name=\"twitter:card\" content=\"summary_large_image\" \/>\n<meta name=\"twitter:label1\" content=\"\u00c9crit par\" \/>\n\t<meta name=\"twitter:data1\" content=\"La Sentinelle\" \/>\n\t<meta name=\"twitter:label2\" content=\"Dur\u00e9e de lecture estim\u00e9e\" \/>\n\t<meta name=\"twitter:data2\" content=\"2 minutes\" \/>\n<script type=\"application\/ld+json\" class=\"yoast-schema-graph\">{\"@context\":\"https:\\\/\\\/schema.org\",\"@graph\":[{\"@type\":\"Article\",\"@id\":\"https:\\\/\\\/lasentinelle.dz\\\/index.php\\\/2022\\\/08\\\/17\\\/palestine-occupee-lonu-appelle-a-une-enquete-sur-le-meurtre-de-mohammad-al-hasham\\\/#article\",\"isPartOf\":{\"@id\":\"https:\\\/\\\/lasentinelle.dz\\\/index.php\\\/2022\\\/08\\\/17\\\/palestine-occupee-lonu-appelle-a-une-enquete-sur-le-meurtre-de-mohammad-al-hasham\\\/\"},\"author\":{\"name\":\"La Sentinelle\",\"@id\":\"https:\\\/\\\/lasentinelle.dz\\\/#\\\/schema\\\/person\\\/d865044e22e70a75174ce8bcad3acfb3\"},\"headline\":\"Palestine occup\u00e9e\u00a0:\u00a0L&rsquo;ONU appelle \u00e0 une enqu\u00eate sur le meurtre\u00a0de\u00a0Mohammad Al-Hasham\",\"datePublished\":\"2022-08-16T23:01:00+00:00\",\"mainEntityOfPage\":{\"@id\":\"https:\\\/\\\/lasentinelle.dz\\\/index.php\\\/2022\\\/08\\\/17\\\/palestine-occupee-lonu-appelle-a-une-enquete-sur-le-meurtre-de-mohammad-al-hasham\\\/\"},\"wordCount\":486,\"commentCount\":0,\"publisher\":{\"@id\":\"https:\\\/\\\/lasentinelle.dz\\\/#organization\"},\"image\":{\"@id\":\"https:\\\/\\\/lasentinelle.dz\\\/index.php\\\/2022\\\/08\\\/17\\\/palestine-occupee-lonu-appelle-a-une-enquete-sur-le-meurtre-de-mohammad-al-hasham\\\/#primaryimage\"},\"thumbnailUrl\":\"https:\\\/\\\/lasentinelle.dz\\\/wp-content\\\/uploads\\\/2022\\\/08\\\/Tor-Wennesland.png\",\"articleSection\":[\"Monde\"],\"inLanguage\":\"fr-FR\",\"potentialAction\":[{\"@type\":\"CommentAction\",\"name\":\"Comment\",\"target\":[\"https:\\\/\\\/lasentinelle.dz\\\/index.php\\\/2022\\\/08\\\/17\\\/palestine-occupee-lonu-appelle-a-une-enquete-sur-le-meurtre-de-mohammad-al-hasham\\\/#respond\"]}]},{\"@type\":\"WebPage\",\"@id\":\"https:\\\/\\\/lasentinelle.dz\\\/index.php\\\/2022\\\/08\\\/17\\\/palestine-occupee-lonu-appelle-a-une-enquete-sur-le-meurtre-de-mohammad-al-hasham\\\/\",\"url\":\"https:\\\/\\\/lasentinelle.dz\\\/index.php\\\/2022\\\/08\\\/17\\\/palestine-occupee-lonu-appelle-a-une-enquete-sur-le-meurtre-de-mohammad-al-hasham\\\/\",\"name\":\"Palestine occup\u00e9e\u00a0:\u00a0L&rsquo;ONU appelle \u00e0 une enqu\u00eate sur le meurtre\u00a0de\u00a0Mohammad Al-Hasham - La Sentinelle\",\"isPartOf\":{\"@id\":\"https:\\\/\\\/lasentinelle.dz\\\/#website\"},\"primaryImageOfPage\":{\"@id\":\"https:\\\/\\\/lasentinelle.dz\\\/index.php\\\/2022\\\/08\\\/17\\\/palestine-occupee-lonu-appelle-a-une-enquete-sur-le-meurtre-de-mohammad-al-hasham\\\/#primaryimage\"},\"image\":{\"@id\":\"https:\\\/\\\/lasentinelle.dz\\\/index.php\\\/2022\\\/08\\\/17\\\/palestine-occupee-lonu-appelle-a-une-enquete-sur-le-meurtre-de-mohammad-al-hasham\\\/#primaryimage\"},\"thumbnailUrl\":\"https:\\\/\\\/lasentinelle.dz\\\/wp-content\\\/uploads\\\/2022\\\/08\\\/Tor-Wennesland.png\",\"datePublished\":\"2022-08-16T23:01:00+00:00\",\"breadcrumb\":{\"@id\":\"https:\\\/\\\/lasentinelle.dz\\\/index.php\\\/2022\\\/08\\\/17\\\/palestine-occupee-lonu-appelle-a-une-enquete-sur-le-meurtre-de-mohammad-al-hasham\\\/#breadcrumb\"},\"inLanguage\":\"fr-FR\",\"potentialAction\":[{\"@type\":\"ReadAction\",\"target\":[\"https:\\\/\\\/lasentinelle.dz\\\/index.php\\\/2022\\\/08\\\/17\\\/palestine-occupee-lonu-appelle-a-une-enquete-sur-le-meurtre-de-mohammad-al-hasham\\\/\"]}]},{\"@type\":\"ImageObject\",\"inLanguage\":\"fr-FR\",\"@id\":\"https:\\\/\\\/lasentinelle.dz\\\/index.php\\\/2022\\\/08\\\/17\\\/palestine-occupee-lonu-appelle-a-une-enquete-sur-le-meurtre-de-mohammad-al-hasham\\\/#primaryimage\",\"url\":\"https:\\\/\\\/lasentinelle.dz\\\/wp-content\\\/uploads\\\/2022\\\/08\\\/Tor-Wennesland.png\",\"contentUrl\":\"https:\\\/\\\/lasentinelle.dz\\\/wp-content\\\/uploads\\\/2022\\\/08\\\/Tor-Wennesland.png\",\"width\":900,\"height\":900},{\"@type\":\"BreadcrumbList\",\"@id\":\"https:\\\/\\\/lasentinelle.dz\\\/index.php\\\/2022\\\/08\\\/17\\\/palestine-occupee-lonu-appelle-a-une-enquete-sur-le-meurtre-de-mohammad-al-hasham\\\/#breadcrumb\",\"itemListElement\":[{\"@type\":\"ListItem\",\"position\":1,\"name\":\"Accueil\",\"item\":\"https:\\\/\\\/lasentinelle.dz\\\/\"},{\"@type\":\"ListItem\",\"position\":2,\"name\":\"Palestine occup\u00e9e\u00a0:\u00a0L&rsquo;ONU appelle \u00e0 une enqu\u00eate sur le meurtre\u00a0de\u00a0Mohammad Al-Hasham\"}]},{\"@type\":\"WebSite\",\"@id\":\"https:\\\/\\\/lasentinelle.dz\\\/#website\",\"url\":\"https:\\\/\\\/lasentinelle.dz\\\/\",\"name\":\"La Sentinelle\",\"description\":\"Quotidien national d&#039;information\",\"publisher\":{\"@id\":\"https:\\\/\\\/lasentinelle.dz\\\/#organization\"},\"potentialAction\":[{\"@type\":\"SearchAction\",\"target\":{\"@type\":\"EntryPoint\",\"urlTemplate\":\"https:\\\/\\\/lasentinelle.dz\\\/?s={search_term_string}\"},\"query-input\":{\"@type\":\"PropertyValueSpecification\",\"valueRequired\":true,\"valueName\":\"search_term_string\"}}],\"inLanguage\":\"fr-FR\"},{\"@type\":\"Organization\",\"@id\":\"https:\\\/\\\/lasentinelle.dz\\\/#organization\",\"name\":\"Quotidien La Sentinelle\",\"url\":\"https:\\\/\\\/lasentinelle.dz\\\/\",\"logo\":{\"@type\":\"ImageObject\",\"inLanguage\":\"fr-FR\",\"@id\":\"https:\\\/\\\/lasentinelle.dz\\\/#\\\/schema\\\/logo\\\/image\\\/\",\"url\":\"https:\\\/\\\/lasentinelle.dz\\\/wp-content\\\/uploads\\\/2021\\\/09\\\/logo-sentinelleSLOGAN-1.png\",\"contentUrl\":\"https:\\\/\\\/lasentinelle.dz\\\/wp-content\\\/uploads\\\/2021\\\/09\\\/logo-sentinelleSLOGAN-1.png\",\"width\":615,\"height\":142,\"caption\":\"Quotidien La Sentinelle\"},\"image\":{\"@id\":\"https:\\\/\\\/lasentinelle.dz\\\/#\\\/schema\\\/logo\\\/image\\\/\"},\"sameAs\":[\"https:\\\/\\\/www.facebook.com\\\/La-Sentinelle-104059864394773\"]},{\"@type\":\"Person\",\"@id\":\"https:\\\/\\\/lasentinelle.dz\\\/#\\\/schema\\\/person\\\/d865044e22e70a75174ce8bcad3acfb3\",\"name\":\"La Sentinelle\",\"image\":{\"@type\":\"ImageObject\",\"inLanguage\":\"fr-FR\",\"@id\":\"https:\\\/\\\/secure.gravatar.com\\\/avatar\\\/57de8e5d4b15d43fb361a71fbb36338450fe67865b528a43dd10ef7c51a20392?s=96&d=mm&r=g\",\"url\":\"https:\\\/\\\/secure.gravatar.com\\\/avatar\\\/57de8e5d4b15d43fb361a71fbb36338450fe67865b528a43dd10ef7c51a20392?s=96&d=mm&r=g\",\"contentUrl\":\"https:\\\/\\\/secure.gravatar.com\\\/avatar\\\/57de8e5d4b15d43fb361a71fbb36338450fe67865b528a43dd10ef7c51a20392?s=96&d=mm&r=g\",\"caption\":\"La Sentinelle\"},\"sameAs\":[\"http:\\\/\\\/www.lasentinelle.dz\"],\"url\":\"https:\\\/\\\/lasentinelle.dz\\\/author\\\/redaction\\\/\"}]}<\/script>\n<!-- \/ Yoast SEO plugin. -->","yoast_head_json":{"title":"Palestine occup\u00e9e\u00a0:\u00a0L&rsquo;ONU appelle \u00e0 une enqu\u00eate sur le meurtre\u00a0de\u00a0Mohammad Al-Hasham - La Sentinelle","robots":{"index":"index","follow":"follow","max-snippet":"max-snippet:-1","max-image-preview":"max-image-preview:large","max-video-preview":"max-video-preview:-1"},"canonical":"https:\/\/lasentinelle.dz\/index.php\/2022\/08\/17\/palestine-occupee-lonu-appelle-a-une-enquete-sur-le-meurtre-de-mohammad-al-hasham\/","og_locale":"fr_FR","og_type":"article","og_title":"Palestine occup\u00e9e\u00a0:\u00a0L&rsquo;ONU appelle \u00e0 une enqu\u00eate sur le meurtre\u00a0de\u00a0Mohammad Al-Hasham - La Sentinelle","og_description":"Les Nations Unies appellent \u00e0 une \u00ab\u00a0enqu\u00eate imm\u00e9diate, compl\u00e8te et ind\u00e9pendante\u00a0\u00bb sur le meurtre du jeune&nbsp;&nbsp;Palestinien, Mohammad Al-Hasham, tomb\u00e9 en","og_url":"https:\/\/lasentinelle.dz\/index.php\/2022\/08\/17\/palestine-occupee-lonu-appelle-a-une-enquete-sur-le-meurtre-de-mohammad-al-hasham\/","og_site_name":"La Sentinelle","article_publisher":"https:\/\/www.facebook.com\/La-Sentinelle-104059864394773","article_published_time":"2022-08-16T23:01:00+00:00","og_image":[{"width":900,"height":900,"url":"https:\/\/lasentinelle.dz\/wp-content\/uploads\/2022\/08\/Tor-Wennesland.png","type":"image\/png"}],"author":"La Sentinelle","twitter_card":"summary_large_image","twitter_misc":{"\u00c9crit par":"La Sentinelle","Dur\u00e9e de lecture estim\u00e9e":"2 minutes"},"schema":{"@context":"https:\/\/schema.org","@graph":[{"@type":"Article","@id":"https:\/\/lasentinelle.dz\/index.php\/2022\/08\/17\/palestine-occupee-lonu-appelle-a-une-enquete-sur-le-meurtre-de-mohammad-al-hasham\/#article","isPartOf":{"@id":"https:\/\/lasentinelle.dz\/index.php\/2022\/08\/17\/palestine-occupee-lonu-appelle-a-une-enquete-sur-le-meurtre-de-mohammad-al-hasham\/"},"author":{"name":"La Sentinelle","@id":"https:\/\/lasentinelle.dz\/#\/schema\/person\/d865044e22e70a75174ce8bcad3acfb3"},"headline":"Palestine occup\u00e9e\u00a0:\u00a0L&rsquo;ONU appelle \u00e0 une enqu\u00eate sur le meurtre\u00a0de\u00a0Mohammad Al-Hasham","datePublished":"2022-08-16T23:01:00+00:00","mainEntityOfPage":{"@id":"https:\/\/lasentinelle.dz\/index.php\/2022\/08\/17\/palestine-occupee-lonu-appelle-a-une-enquete-sur-le-meurtre-de-mohammad-al-hasham\/"},"wordCount":486,"commentCount":0,"publisher":{"@id":"https:\/\/lasentinelle.dz\/#organization"},"image":{"@id":"https:\/\/lasentinelle.dz\/index.php\/2022\/08\/17\/palestine-occupee-lonu-appelle-a-une-enquete-sur-le-meurtre-de-mohammad-al-hasham\/#primaryimage"},"thumbnailUrl":"https:\/\/lasentinelle.dz\/wp-content\/uploads\/2022\/08\/Tor-Wennesland.png","articleSection":["Monde"],"inLanguage":"fr-FR","potentialAction":[{"@type":"CommentAction","name":"Comment","target":["https:\/\/lasentinelle.dz\/index.php\/2022\/08\/17\/palestine-occupee-lonu-appelle-a-une-enquete-sur-le-meurtre-de-mohammad-al-hasham\/#respond"]}]},{"@type":"WebPage","@id":"https:\/\/lasentinelle.dz\/index.php\/2022\/08\/17\/palestine-occupee-lonu-appelle-a-une-enquete-sur-le-meurtre-de-mohammad-al-hasham\/","url":"https:\/\/lasentinelle.dz\/index.php\/2022\/08\/17\/palestine-occupee-lonu-appelle-a-une-enquete-sur-le-meurtre-de-mohammad-al-hasham\/","name":"Palestine occup\u00e9e\u00a0:\u00a0L&rsquo;ONU appelle \u00e0 une enqu\u00eate sur le meurtre\u00a0de\u00a0Mohammad Al-Hasham - La Sentinelle","isPartOf":{"@id":"https:\/\/lasentinelle.dz\/#website"},"primaryImageOfPage":{"@id":"https:\/\/lasentinelle.dz\/index.php\/2022\/08\/17\/palestine-occupee-lonu-appelle-a-une-enquete-sur-le-meurtre-de-mohammad-al-hasham\/#primaryimage"},"image":{"@id":"https:\/\/lasentinelle.dz\/index.php\/2022\/08\/17\/palestine-occupee-lonu-appelle-a-une-enquete-sur-le-meurtre-de-mohammad-al-hasham\/#primaryimage"},"thumbnailUrl":"https:\/\/lasentinelle.dz\/wp-content\/uploads\/2022\/08\/Tor-Wennesland.png","datePublished":"2022-08-16T23:01:00+00:00","breadcrumb":{"@id":"https:\/\/lasentinelle.dz\/index.php\/2022\/08\/17\/palestine-occupee-lonu-appelle-a-une-enquete-sur-le-meurtre-de-mohammad-al-hasham\/#breadcrumb"},"inLanguage":"fr-FR","potentialAction":[{"@type":"ReadAction","target":["https:\/\/lasentinelle.dz\/index.php\/2022\/08\/17\/palestine-occupee-lonu-appelle-a-une-enquete-sur-le-meurtre-de-mohammad-al-hasham\/"]}]},{"@type":"ImageObject","inLanguage":"fr-FR","@id":"https:\/\/lasentinelle.dz\/index.php\/2022\/08\/17\/palestine-occupee-lonu-appelle-a-une-enquete-sur-le-meurtre-de-mohammad-al-hasham\/#primaryimage","url":"https:\/\/lasentinelle.dz\/wp-content\/uploads\/2022\/08\/Tor-Wennesland.png","contentUrl":"https:\/\/lasentinelle.dz\/wp-content\/uploads\/2022\/08\/Tor-Wennesland.png","width":900,"height":900},{"@type":"BreadcrumbList","@id":"https:\/\/lasentinelle.dz\/index.php\/2022\/08\/17\/palestine-occupee-lonu-appelle-a-une-enquete-sur-le-meurtre-de-mohammad-al-hasham\/#breadcrumb","itemListElement":[{"@type":"ListItem","position":1,"name":"Accueil","item":"https:\/\/lasentinelle.dz\/"},{"@type":"ListItem","position":2,"name":"Palestine occup\u00e9e\u00a0:\u00a0L&rsquo;ONU appelle \u00e0 une enqu\u00eate sur le meurtre\u00a0de\u00a0Mohammad Al-Hasham"}]},{"@type":"WebSite","@id":"https:\/\/lasentinelle.dz\/#website","url":"https:\/\/lasentinelle.dz\/","name":"La Sentinelle","description":"Quotidien national d&#039;information","publisher":{"@id":"https:\/\/lasentinelle.dz\/#organization"},"potentialAction":[{"@type":"SearchAction","target":{"@type":"EntryPoint","urlTemplate":"https:\/\/lasentinelle.dz\/?s={search_term_string}"},"query-input":{"@type":"PropertyValueSpecification","valueRequired":true,"valueName":"search_term_string"}}],"inLanguage":"fr-FR"},{"@type":"Organization","@id":"https:\/\/lasentinelle.dz\/#organization","name":"Quotidien La Sentinelle","url":"https:\/\/lasentinelle.dz\/","logo":{"@type":"ImageObject","inLanguage":"fr-FR","@id":"https:\/\/lasentinelle.dz\/#\/schema\/logo\/image\/","url":"https:\/\/lasentinelle.dz\/wp-content\/uploads\/2021\/09\/logo-sentinelleSLOGAN-1.png","contentUrl":"https:\/\/lasentinelle.dz\/wp-content\/uploads\/2021\/09\/logo-sentinelleSLOGAN-1.png","width":615,"height":142,"caption":"Quotidien La Sentinelle"},"image":{"@id":"https:\/\/lasentinelle.dz\/#\/schema\/logo\/image\/"},"sameAs":["https:\/\/www.facebook.com\/La-Sentinelle-104059864394773"]},{"@type":"Person","@id":"https:\/\/lasentinelle.dz\/#\/schema\/person\/d865044e22e70a75174ce8bcad3acfb3","name":"La Sentinelle","image":{"@type":"ImageObject","inLanguage":"fr-FR","@id":"https:\/\/secure.gravatar.com\/avatar\/57de8e5d4b15d43fb361a71fbb36338450fe67865b528a43dd10ef7c51a20392?s=96&d=mm&r=g","url":"https:\/\/secure.gravatar.com\/avatar\/57de8e5d4b15d43fb361a71fbb36338450fe67865b528a43dd10ef7c51a20392?s=96&d=mm&r=g","contentUrl":"https:\/\/secure.gravatar.com\/avatar\/57de8e5d4b15d43fb361a71fbb36338450fe67865b528a43dd10ef7c51a20392?s=96&d=mm&r=g","caption":"La Sentinelle"},"sameAs":["http:\/\/www.lasentinelle.dz"],"url":"https:\/\/lasentinelle.dz\/author\/redaction\/"}]}},"_links":{"self":[{"href":"https:\/\/lasentinelle.dz\/index.php\/wp-json\/wp\/v2\/posts\/25796","targetHints":{"allow":["GET"]}}],"collection":[{"href":"https:\/\/lasentinelle.dz\/index.php\/wp-json\/wp\/v2\/posts"}],"about":[{"href":"https:\/\/lasentinelle.dz\/index.php\/wp-json\/wp\/v2\/types\/post"}],"author":[{"embeddable":true,"href":"https:\/\/lasentinelle.dz\/index.php\/wp-json\/wp\/v2\/users\/3"}],"replies":[{"embeddable":true,"href":"https:\/\/lasentinelle.dz\/index.php\/wp-json\/wp\/v2\/comments?post=25796"}],"version-history":[{"count":1,"href":"https:\/\/lasentinelle.dz\/index.php\/wp-json\/wp\/v2\/posts\/25796\/revisions"}],"predecessor-version":[{"id":25800,"href":"https:\/\/lasentinelle.dz\/index.php\/wp-json\/wp\/v2\/posts\/25796\/revisions\/25800"}],"wp:featuredmedia":[{"embeddable":true,"href":"https:\/\/lasentinelle.dz\/index.php\/wp-json\/wp\/v2\/media\/25799"}],"wp:attachment":[{"href":"https:\/\/lasentinelle.dz\/index.php\/wp-json\/wp\/v2\/media?parent=25796"}],"wp:term":[{"taxonomy":"category","embeddable":true,"href":"https:\/\/lasentinelle.dz\/index.php\/wp-json\/wp\/v2\/categories?post=25796"},{"taxonomy":"post_tag","embeddable":true,"href":"https:\/\/lasentinelle.dz\/index.php\/wp-json\/wp\/v2\/tags?post=25796"}],"curies":[{"name":"wp","href":"https:\/\/api.w.org\/{rel}","templated":true}]}}