{"id":25805,"date":"2022-08-17T00:01:00","date_gmt":"2022-08-16T23:01:00","guid":{"rendered":"https:\/\/lasentinelle.dz\/?p=25805"},"modified":"2022-08-16T16:20:44","modified_gmt":"2022-08-16T15:20:44","slug":"plages-de-tlemcen-pres-de-2-mns-destivants-recenses-en-juin-et-juillet","status":"publish","type":"post","link":"https:\/\/lasentinelle.dz\/index.php\/2022\/08\/17\/plages-de-tlemcen-pres-de-2-mns-destivants-recenses-en-juin-et-juillet\/","title":{"rendered":"Plages de Tlemcen\u00a0: Pr\u00e8s de 2 mns d&rsquo;estivants recens\u00e9s en juin et juillet"},"content":{"rendered":"\n<p>Pr\u00e8s de deux millions d&rsquo;estivants ont \u00e9t\u00e9 recens\u00e9s sur les plages de la wilaya de Tlemcen durant les mois de juin et juillet derniers, a-t-on appris lundi aupr\u00e8s de la Direction de la protection civile de la wilaya.<\/p>\n\n\n\n<p>Les services de la protection civile ont recens\u00e9 durant les mois de juin et juillet derniers une affluence de 1.941.300 estivants au niveau de 10 plages surveill\u00e9es dans la wilaya, a indiqu\u00e9 \u00e0 l&rsquo;APS la charg\u00e9e d&rsquo;information, le lieutenant Djamila Abboudi.&nbsp;Par ailleurs, trois cas de noyade ont \u00e9t\u00e9 enregistr\u00e9s sur les 804 interventions de secours o\u00f9 des premiers soins ont \u00e9t\u00e9 prodigu\u00e9s \u00e0 des estivants dont certains ont \u00e9t\u00e9 \u00e9vacu\u00e9s aux centres de sant\u00e9 les plus proches des plages, a-t-elle fait savoir.&nbsp;La Direction de la protection civile de Tlemcen a programm\u00e9 des campagnes de sensibilisation \u00e0 travers les plages, au profit des responsables de centres de surveillance et des agents saisonniers, en plus de l\u2019organisation de sorties aux plages de Tafsout et de Agla relevant de la commune de Hona\u00efne, pour sensibiliser les estivants sur les dangers \u00e9ventuels dans ces deux plages et au niveau des zones rocheuses, a-t-on indiqu\u00e9 de m\u00eame source.&nbsp;D\u2019autres sorties sur site sont programm\u00e9es pour cibler les plages d\u2019A\u00efn Adjroud, Marsa Ben M\u2019hidi et BIeder rattach\u00e9es aux communes de Marsa Ben M\u2019hidi et M\u2019Sirdi El Faga afin de sensibiliser les estivants sur les intoxications alimentaires, les dangers d\u2019insolation et de baignade risqu\u00e9e, a-t-on indiqu\u00e9.<\/p>\n\n\n\n<p>APS<\/p>\n","protected":false},"excerpt":{"rendered":"<p>Pr\u00e8s de deux millions d&rsquo;estivants ont \u00e9t\u00e9 recens\u00e9s sur les plages de la wilaya de Tlemcen durant les mois de<\/p>\n","protected":false},"author":3,"featured_media":25809,"comment_status":"open","ping_status":"closed","sticky":false,"template":"","format":"standard","meta":{"colormag_page_container_layout":"default_layout","colormag_page_sidebar_layout":"default_layout","om_disable_all_campaigns":false,"_monsterinsights_skip_tracking":false,"_monsterinsights_sitenote_active":false,"_monsterinsights_sitenote_note":"","_monsterinsights_sitenote_category":0,"footnotes":"","_wpscppro_dont_share_socialmedia":false,"_wpscppro_custom_social_share_image":0,"_facebook_share_type":"","_twitter_share_type":"","_linkedin_share_type":"","_pinterest_share_type":"","_linkedin_share_type_page":"","_instagram_share_type":"","_medium_share_type":"","_threads_share_type":"","_google_business_share_type":"","_selected_social_profile":[],"_wpsp_enable_custom_social_template":false,"_wpsp_social_scheduling":{"enabled":false,"datetime":null,"platforms":[],"status":"template_only","dateOption":"today","timeOption":"now","customDays":"","customHours":"","customDate":"","customTime":"","schedulingType":"absolute"},"_wpsp_active_default_template":true},"categories":[31],"tags":[],"class_list":["post-25805","post","type-post","status-publish","format-standard","has-post-thumbnail","hentry","category-regions"],"aioseo_notices":[],"yoast_head":"<!-- This site is optimized with the Yoast SEO plugin v27.5 - https:\/\/yoast.com\/product\/yoast-seo-wordpress\/ -->\n<title>Plages de Tlemcen\u00a0: Pr\u00e8s de 2 mns d&rsquo;estivants recens\u00e9s en juin et juillet - La Sentinelle<\/title>\n<meta name=\"robots\" content=\"index, follow, max-snippet:-1, max-image-preview:large, max-video-preview:-1\" \/>\n<link rel=\"canonical\" href=\"https:\/\/lasentinelle.dz\/index.php\/2022\/08\/17\/plages-de-tlemcen-pres-de-2-mns-destivants-recenses-en-juin-et-juillet\/\" \/>\n<meta property=\"og:locale\" content=\"fr_FR\" \/>\n<meta property=\"og:type\" content=\"article\" \/>\n<meta property=\"og:title\" content=\"Plages de Tlemcen\u00a0: Pr\u00e8s de 2 mns d&rsquo;estivants recens\u00e9s en juin et juillet - La Sentinelle\" \/>\n<meta property=\"og:description\" content=\"Pr\u00e8s de deux millions d&rsquo;estivants ont \u00e9t\u00e9 recens\u00e9s sur les plages de la wilaya de Tlemcen durant les mois de\" \/>\n<meta property=\"og:url\" content=\"https:\/\/lasentinelle.dz\/index.php\/2022\/08\/17\/plages-de-tlemcen-pres-de-2-mns-destivants-recenses-en-juin-et-juillet\/\" \/>\n<meta property=\"og:site_name\" content=\"La Sentinelle\" \/>\n<meta property=\"article:publisher\" content=\"https:\/\/www.facebook.com\/La-Sentinelle-104059864394773\" \/>\n<meta property=\"article:published_time\" content=\"2022-08-16T23:01:00+00:00\" \/>\n<meta property=\"og:image\" content=\"https:\/\/lasentinelle.dz\/wp-content\/uploads\/2022\/08\/plages.png\" \/>\n\t<meta property=\"og:image:width\" content=\"1491\" \/>\n\t<meta property=\"og:image:height\" content=\"900\" \/>\n\t<meta property=\"og:image:type\" content=\"image\/png\" \/>\n<meta name=\"author\" content=\"La Sentinelle\" \/>\n<meta name=\"twitter:card\" content=\"summary_large_image\" \/>\n<meta name=\"twitter:label1\" content=\"\u00c9crit par\" \/>\n\t<meta name=\"twitter:data1\" content=\"La Sentinelle\" \/>\n\t<meta name=\"twitter:label2\" content=\"Dur\u00e9e de lecture estim\u00e9e\" \/>\n\t<meta name=\"twitter:data2\" content=\"2 minutes\" \/>\n<script type=\"application\/ld+json\" class=\"yoast-schema-graph\">{\"@context\":\"https:\\\/\\\/schema.org\",\"@graph\":[{\"@type\":\"Article\",\"@id\":\"https:\\\/\\\/lasentinelle.dz\\\/index.php\\\/2022\\\/08\\\/17\\\/plages-de-tlemcen-pres-de-2-mns-destivants-recenses-en-juin-et-juillet\\\/#article\",\"isPartOf\":{\"@id\":\"https:\\\/\\\/lasentinelle.dz\\\/index.php\\\/2022\\\/08\\\/17\\\/plages-de-tlemcen-pres-de-2-mns-destivants-recenses-en-juin-et-juillet\\\/\"},\"author\":{\"name\":\"La Sentinelle\",\"@id\":\"https:\\\/\\\/lasentinelle.dz\\\/#\\\/schema\\\/person\\\/d865044e22e70a75174ce8bcad3acfb3\"},\"headline\":\"Plages de Tlemcen\u00a0: Pr\u00e8s de 2 mns d&rsquo;estivants recens\u00e9s en juin et juillet\",\"datePublished\":\"2022-08-16T23:01:00+00:00\",\"mainEntityOfPage\":{\"@id\":\"https:\\\/\\\/lasentinelle.dz\\\/index.php\\\/2022\\\/08\\\/17\\\/plages-de-tlemcen-pres-de-2-mns-destivants-recenses-en-juin-et-juillet\\\/\"},\"wordCount\":277,\"commentCount\":0,\"publisher\":{\"@id\":\"https:\\\/\\\/lasentinelle.dz\\\/#organization\"},\"image\":{\"@id\":\"https:\\\/\\\/lasentinelle.dz\\\/index.php\\\/2022\\\/08\\\/17\\\/plages-de-tlemcen-pres-de-2-mns-destivants-recenses-en-juin-et-juillet\\\/#primaryimage\"},\"thumbnailUrl\":\"https:\\\/\\\/lasentinelle.dz\\\/wp-content\\\/uploads\\\/2022\\\/08\\\/plages.png\",\"articleSection\":[\"R\u00e9gions\"],\"inLanguage\":\"fr-FR\",\"potentialAction\":[{\"@type\":\"CommentAction\",\"name\":\"Comment\",\"target\":[\"https:\\\/\\\/lasentinelle.dz\\\/index.php\\\/2022\\\/08\\\/17\\\/plages-de-tlemcen-pres-de-2-mns-destivants-recenses-en-juin-et-juillet\\\/#respond\"]}]},{\"@type\":\"WebPage\",\"@id\":\"https:\\\/\\\/lasentinelle.dz\\\/index.php\\\/2022\\\/08\\\/17\\\/plages-de-tlemcen-pres-de-2-mns-destivants-recenses-en-juin-et-juillet\\\/\",\"url\":\"https:\\\/\\\/lasentinelle.dz\\\/index.php\\\/2022\\\/08\\\/17\\\/plages-de-tlemcen-pres-de-2-mns-destivants-recenses-en-juin-et-juillet\\\/\",\"name\":\"Plages de Tlemcen\u00a0: Pr\u00e8s de 2 mns d&rsquo;estivants recens\u00e9s en juin et juillet - La Sentinelle\",\"isPartOf\":{\"@id\":\"https:\\\/\\\/lasentinelle.dz\\\/#website\"},\"primaryImageOfPage\":{\"@id\":\"https:\\\/\\\/lasentinelle.dz\\\/index.php\\\/2022\\\/08\\\/17\\\/plages-de-tlemcen-pres-de-2-mns-destivants-recenses-en-juin-et-juillet\\\/#primaryimage\"},\"image\":{\"@id\":\"https:\\\/\\\/lasentinelle.dz\\\/index.php\\\/2022\\\/08\\\/17\\\/plages-de-tlemcen-pres-de-2-mns-destivants-recenses-en-juin-et-juillet\\\/#primaryimage\"},\"thumbnailUrl\":\"https:\\\/\\\/lasentinelle.dz\\\/wp-content\\\/uploads\\\/2022\\\/08\\\/plages.png\",\"datePublished\":\"2022-08-16T23:01:00+00:00\",\"breadcrumb\":{\"@id\":\"https:\\\/\\\/lasentinelle.dz\\\/index.php\\\/2022\\\/08\\\/17\\\/plages-de-tlemcen-pres-de-2-mns-destivants-recenses-en-juin-et-juillet\\\/#breadcrumb\"},\"inLanguage\":\"fr-FR\",\"potentialAction\":[{\"@type\":\"ReadAction\",\"target\":[\"https:\\\/\\\/lasentinelle.dz\\\/index.php\\\/2022\\\/08\\\/17\\\/plages-de-tlemcen-pres-de-2-mns-destivants-recenses-en-juin-et-juillet\\\/\"]}]},{\"@type\":\"ImageObject\",\"inLanguage\":\"fr-FR\",\"@id\":\"https:\\\/\\\/lasentinelle.dz\\\/index.php\\\/2022\\\/08\\\/17\\\/plages-de-tlemcen-pres-de-2-mns-destivants-recenses-en-juin-et-juillet\\\/#primaryimage\",\"url\":\"https:\\\/\\\/lasentinelle.dz\\\/wp-content\\\/uploads\\\/2022\\\/08\\\/plages.png\",\"contentUrl\":\"https:\\\/\\\/lasentinelle.dz\\\/wp-content\\\/uploads\\\/2022\\\/08\\\/plages.png\",\"width\":1491,\"height\":900},{\"@type\":\"BreadcrumbList\",\"@id\":\"https:\\\/\\\/lasentinelle.dz\\\/index.php\\\/2022\\\/08\\\/17\\\/plages-de-tlemcen-pres-de-2-mns-destivants-recenses-en-juin-et-juillet\\\/#breadcrumb\",\"itemListElement\":[{\"@type\":\"ListItem\",\"position\":1,\"name\":\"Accueil\",\"item\":\"https:\\\/\\\/lasentinelle.dz\\\/\"},{\"@type\":\"ListItem\",\"position\":2,\"name\":\"Plages de Tlemcen\u00a0: Pr\u00e8s de 2 mns d&rsquo;estivants recens\u00e9s en juin et juillet\"}]},{\"@type\":\"WebSite\",\"@id\":\"https:\\\/\\\/lasentinelle.dz\\\/#website\",\"url\":\"https:\\\/\\\/lasentinelle.dz\\\/\",\"name\":\"La Sentinelle\",\"description\":\"Quotidien national d&#039;information\",\"publisher\":{\"@id\":\"https:\\\/\\\/lasentinelle.dz\\\/#organization\"},\"potentialAction\":[{\"@type\":\"SearchAction\",\"target\":{\"@type\":\"EntryPoint\",\"urlTemplate\":\"https:\\\/\\\/lasentinelle.dz\\\/?s={search_term_string}\"},\"query-input\":{\"@type\":\"PropertyValueSpecification\",\"valueRequired\":true,\"valueName\":\"search_term_string\"}}],\"inLanguage\":\"fr-FR\"},{\"@type\":\"Organization\",\"@id\":\"https:\\\/\\\/lasentinelle.dz\\\/#organization\",\"name\":\"Quotidien La Sentinelle\",\"url\":\"https:\\\/\\\/lasentinelle.dz\\\/\",\"logo\":{\"@type\":\"ImageObject\",\"inLanguage\":\"fr-FR\",\"@id\":\"https:\\\/\\\/lasentinelle.dz\\\/#\\\/schema\\\/logo\\\/image\\\/\",\"url\":\"https:\\\/\\\/lasentinelle.dz\\\/wp-content\\\/uploads\\\/2021\\\/09\\\/logo-sentinelleSLOGAN-1.png\",\"contentUrl\":\"https:\\\/\\\/lasentinelle.dz\\\/wp-content\\\/uploads\\\/2021\\\/09\\\/logo-sentinelleSLOGAN-1.png\",\"width\":615,\"height\":142,\"caption\":\"Quotidien La Sentinelle\"},\"image\":{\"@id\":\"https:\\\/\\\/lasentinelle.dz\\\/#\\\/schema\\\/logo\\\/image\\\/\"},\"sameAs\":[\"https:\\\/\\\/www.facebook.com\\\/La-Sentinelle-104059864394773\"]},{\"@type\":\"Person\",\"@id\":\"https:\\\/\\\/lasentinelle.dz\\\/#\\\/schema\\\/person\\\/d865044e22e70a75174ce8bcad3acfb3\",\"name\":\"La Sentinelle\",\"image\":{\"@type\":\"ImageObject\",\"inLanguage\":\"fr-FR\",\"@id\":\"https:\\\/\\\/secure.gravatar.com\\\/avatar\\\/57de8e5d4b15d43fb361a71fbb36338450fe67865b528a43dd10ef7c51a20392?s=96&d=mm&r=g\",\"url\":\"https:\\\/\\\/secure.gravatar.com\\\/avatar\\\/57de8e5d4b15d43fb361a71fbb36338450fe67865b528a43dd10ef7c51a20392?s=96&d=mm&r=g\",\"contentUrl\":\"https:\\\/\\\/secure.gravatar.com\\\/avatar\\\/57de8e5d4b15d43fb361a71fbb36338450fe67865b528a43dd10ef7c51a20392?s=96&d=mm&r=g\",\"caption\":\"La Sentinelle\"},\"sameAs\":[\"http:\\\/\\\/www.lasentinelle.dz\"],\"url\":\"https:\\\/\\\/lasentinelle.dz\\\/author\\\/redaction\\\/\"}]}<\/script>\n<!-- \/ Yoast SEO plugin. -->","yoast_head_json":{"title":"Plages de Tlemcen\u00a0: Pr\u00e8s de 2 mns d&rsquo;estivants recens\u00e9s en juin et juillet - La Sentinelle","robots":{"index":"index","follow":"follow","max-snippet":"max-snippet:-1","max-image-preview":"max-image-preview:large","max-video-preview":"max-video-preview:-1"},"canonical":"https:\/\/lasentinelle.dz\/index.php\/2022\/08\/17\/plages-de-tlemcen-pres-de-2-mns-destivants-recenses-en-juin-et-juillet\/","og_locale":"fr_FR","og_type":"article","og_title":"Plages de Tlemcen\u00a0: Pr\u00e8s de 2 mns d&rsquo;estivants recens\u00e9s en juin et juillet - La Sentinelle","og_description":"Pr\u00e8s de deux millions d&rsquo;estivants ont \u00e9t\u00e9 recens\u00e9s sur les plages de la wilaya de Tlemcen durant les mois de","og_url":"https:\/\/lasentinelle.dz\/index.php\/2022\/08\/17\/plages-de-tlemcen-pres-de-2-mns-destivants-recenses-en-juin-et-juillet\/","og_site_name":"La Sentinelle","article_publisher":"https:\/\/www.facebook.com\/La-Sentinelle-104059864394773","article_published_time":"2022-08-16T23:01:00+00:00","og_image":[{"width":1491,"height":900,"url":"https:\/\/lasentinelle.dz\/wp-content\/uploads\/2022\/08\/plages.png","type":"image\/png"}],"author":"La Sentinelle","twitter_card":"summary_large_image","twitter_misc":{"\u00c9crit par":"La Sentinelle","Dur\u00e9e de lecture estim\u00e9e":"2 minutes"},"schema":{"@context":"https:\/\/schema.org","@graph":[{"@type":"Article","@id":"https:\/\/lasentinelle.dz\/index.php\/2022\/08\/17\/plages-de-tlemcen-pres-de-2-mns-destivants-recenses-en-juin-et-juillet\/#article","isPartOf":{"@id":"https:\/\/lasentinelle.dz\/index.php\/2022\/08\/17\/plages-de-tlemcen-pres-de-2-mns-destivants-recenses-en-juin-et-juillet\/"},"author":{"name":"La Sentinelle","@id":"https:\/\/lasentinelle.dz\/#\/schema\/person\/d865044e22e70a75174ce8bcad3acfb3"},"headline":"Plages de Tlemcen\u00a0: Pr\u00e8s de 2 mns d&rsquo;estivants recens\u00e9s en juin et juillet","datePublished":"2022-08-16T23:01:00+00:00","mainEntityOfPage":{"@id":"https:\/\/lasentinelle.dz\/index.php\/2022\/08\/17\/plages-de-tlemcen-pres-de-2-mns-destivants-recenses-en-juin-et-juillet\/"},"wordCount":277,"commentCount":0,"publisher":{"@id":"https:\/\/lasentinelle.dz\/#organization"},"image":{"@id":"https:\/\/lasentinelle.dz\/index.php\/2022\/08\/17\/plages-de-tlemcen-pres-de-2-mns-destivants-recenses-en-juin-et-juillet\/#primaryimage"},"thumbnailUrl":"https:\/\/lasentinelle.dz\/wp-content\/uploads\/2022\/08\/plages.png","articleSection":["R\u00e9gions"],"inLanguage":"fr-FR","potentialAction":[{"@type":"CommentAction","name":"Comment","target":["https:\/\/lasentinelle.dz\/index.php\/2022\/08\/17\/plages-de-tlemcen-pres-de-2-mns-destivants-recenses-en-juin-et-juillet\/#respond"]}]},{"@type":"WebPage","@id":"https:\/\/lasentinelle.dz\/index.php\/2022\/08\/17\/plages-de-tlemcen-pres-de-2-mns-destivants-recenses-en-juin-et-juillet\/","url":"https:\/\/lasentinelle.dz\/index.php\/2022\/08\/17\/plages-de-tlemcen-pres-de-2-mns-destivants-recenses-en-juin-et-juillet\/","name":"Plages de Tlemcen\u00a0: Pr\u00e8s de 2 mns d&rsquo;estivants recens\u00e9s en juin et juillet - La Sentinelle","isPartOf":{"@id":"https:\/\/lasentinelle.dz\/#website"},"primaryImageOfPage":{"@id":"https:\/\/lasentinelle.dz\/index.php\/2022\/08\/17\/plages-de-tlemcen-pres-de-2-mns-destivants-recenses-en-juin-et-juillet\/#primaryimage"},"image":{"@id":"https:\/\/lasentinelle.dz\/index.php\/2022\/08\/17\/plages-de-tlemcen-pres-de-2-mns-destivants-recenses-en-juin-et-juillet\/#primaryimage"},"thumbnailUrl":"https:\/\/lasentinelle.dz\/wp-content\/uploads\/2022\/08\/plages.png","datePublished":"2022-08-16T23:01:00+00:00","breadcrumb":{"@id":"https:\/\/lasentinelle.dz\/index.php\/2022\/08\/17\/plages-de-tlemcen-pres-de-2-mns-destivants-recenses-en-juin-et-juillet\/#breadcrumb"},"inLanguage":"fr-FR","potentialAction":[{"@type":"ReadAction","target":["https:\/\/lasentinelle.dz\/index.php\/2022\/08\/17\/plages-de-tlemcen-pres-de-2-mns-destivants-recenses-en-juin-et-juillet\/"]}]},{"@type":"ImageObject","inLanguage":"fr-FR","@id":"https:\/\/lasentinelle.dz\/index.php\/2022\/08\/17\/plages-de-tlemcen-pres-de-2-mns-destivants-recenses-en-juin-et-juillet\/#primaryimage","url":"https:\/\/lasentinelle.dz\/wp-content\/uploads\/2022\/08\/plages.png","contentUrl":"https:\/\/lasentinelle.dz\/wp-content\/uploads\/2022\/08\/plages.png","width":1491,"height":900},{"@type":"BreadcrumbList","@id":"https:\/\/lasentinelle.dz\/index.php\/2022\/08\/17\/plages-de-tlemcen-pres-de-2-mns-destivants-recenses-en-juin-et-juillet\/#breadcrumb","itemListElement":[{"@type":"ListItem","position":1,"name":"Accueil","item":"https:\/\/lasentinelle.dz\/"},{"@type":"ListItem","position":2,"name":"Plages de Tlemcen\u00a0: Pr\u00e8s de 2 mns d&rsquo;estivants recens\u00e9s en juin et juillet"}]},{"@type":"WebSite","@id":"https:\/\/lasentinelle.dz\/#website","url":"https:\/\/lasentinelle.dz\/","name":"La Sentinelle","description":"Quotidien national d&#039;information","publisher":{"@id":"https:\/\/lasentinelle.dz\/#organization"},"potentialAction":[{"@type":"SearchAction","target":{"@type":"EntryPoint","urlTemplate":"https:\/\/lasentinelle.dz\/?s={search_term_string}"},"query-input":{"@type":"PropertyValueSpecification","valueRequired":true,"valueName":"search_term_string"}}],"inLanguage":"fr-FR"},{"@type":"Organization","@id":"https:\/\/lasentinelle.dz\/#organization","name":"Quotidien La Sentinelle","url":"https:\/\/lasentinelle.dz\/","logo":{"@type":"ImageObject","inLanguage":"fr-FR","@id":"https:\/\/lasentinelle.dz\/#\/schema\/logo\/image\/","url":"https:\/\/lasentinelle.dz\/wp-content\/uploads\/2021\/09\/logo-sentinelleSLOGAN-1.png","contentUrl":"https:\/\/lasentinelle.dz\/wp-content\/uploads\/2021\/09\/logo-sentinelleSLOGAN-1.png","width":615,"height":142,"caption":"Quotidien La Sentinelle"},"image":{"@id":"https:\/\/lasentinelle.dz\/#\/schema\/logo\/image\/"},"sameAs":["https:\/\/www.facebook.com\/La-Sentinelle-104059864394773"]},{"@type":"Person","@id":"https:\/\/lasentinelle.dz\/#\/schema\/person\/d865044e22e70a75174ce8bcad3acfb3","name":"La Sentinelle","image":{"@type":"ImageObject","inLanguage":"fr-FR","@id":"https:\/\/secure.gravatar.com\/avatar\/57de8e5d4b15d43fb361a71fbb36338450fe67865b528a43dd10ef7c51a20392?s=96&d=mm&r=g","url":"https:\/\/secure.gravatar.com\/avatar\/57de8e5d4b15d43fb361a71fbb36338450fe67865b528a43dd10ef7c51a20392?s=96&d=mm&r=g","contentUrl":"https:\/\/secure.gravatar.com\/avatar\/57de8e5d4b15d43fb361a71fbb36338450fe67865b528a43dd10ef7c51a20392?s=96&d=mm&r=g","caption":"La Sentinelle"},"sameAs":["http:\/\/www.lasentinelle.dz"],"url":"https:\/\/lasentinelle.dz\/author\/redaction\/"}]}},"_links":{"self":[{"href":"https:\/\/lasentinelle.dz\/index.php\/wp-json\/wp\/v2\/posts\/25805","targetHints":{"allow":["GET"]}}],"collection":[{"href":"https:\/\/lasentinelle.dz\/index.php\/wp-json\/wp\/v2\/posts"}],"about":[{"href":"https:\/\/lasentinelle.dz\/index.php\/wp-json\/wp\/v2\/types\/post"}],"author":[{"embeddable":true,"href":"https:\/\/lasentinelle.dz\/index.php\/wp-json\/wp\/v2\/users\/3"}],"replies":[{"embeddable":true,"href":"https:\/\/lasentinelle.dz\/index.php\/wp-json\/wp\/v2\/comments?post=25805"}],"version-history":[{"count":1,"href":"https:\/\/lasentinelle.dz\/index.php\/wp-json\/wp\/v2\/posts\/25805\/revisions"}],"predecessor-version":[{"id":25810,"href":"https:\/\/lasentinelle.dz\/index.php\/wp-json\/wp\/v2\/posts\/25805\/revisions\/25810"}],"wp:featuredmedia":[{"embeddable":true,"href":"https:\/\/lasentinelle.dz\/index.php\/wp-json\/wp\/v2\/media\/25809"}],"wp:attachment":[{"href":"https:\/\/lasentinelle.dz\/index.php\/wp-json\/wp\/v2\/media?parent=25805"}],"wp:term":[{"taxonomy":"category","embeddable":true,"href":"https:\/\/lasentinelle.dz\/index.php\/wp-json\/wp\/v2\/categories?post=25805"},{"taxonomy":"post_tag","embeddable":true,"href":"https:\/\/lasentinelle.dz\/index.php\/wp-json\/wp\/v2\/tags?post=25805"}],"curies":[{"name":"wp","href":"https:\/\/api.w.org\/{rel}","templated":true}]}}