{"id":25873,"date":"2022-08-18T00:01:00","date_gmt":"2022-08-17T23:01:00","guid":{"rendered":"https:\/\/lasentinelle.dz\/?p=25873"},"modified":"2022-08-17T16:40:30","modified_gmt":"2022-08-17T15:40:30","slug":"syrie-damas-dement-detenir-le-journaliste-americain-austin-tice","status":"publish","type":"post","link":"https:\/\/lasentinelle.dz\/index.php\/2022\/08\/18\/syrie-damas-dement-detenir-le-journaliste-americain-austin-tice\/","title":{"rendered":"Syrie\u00a0:\u00a0Damas d\u00e9ment d\u00e9tenir le journaliste am\u00e9ricain Austin Tice"},"content":{"rendered":"\n<p>Le gouvernement syrien a d\u00e9menti hier d\u00e9tenir le journaliste am\u00e9ricain Austin Tice enlev\u00e9 pr\u00e8s de Damas il y a dix ans, apr\u00e8s de nouvelles accusations des Etats-Unis selon lesquelles le reporter&nbsp;serait&nbsp;aux mains du&nbsp;gouvernement&nbsp;de Bachar al-Assad. Le journaliste ind\u00e9pendant, qui travaillait notamment pour McClatchy News, le Washington Post et l&rsquo;Agence France-Presse (AFP) et couvrait la guerre en Syrie, a \u00e9t\u00e9 enlev\u00e9 en ao\u00fbt 2012 \u00e0 Daraya, une banlieue de Damas. Alors \u00e2g\u00e9 de 31 ans, il est apparu dans une vid\u00e9o en septembre 2012, les yeux band\u00e9s. Mais l&rsquo;identit\u00e9 de ses ravisseurs reste inconnue \u00e0 ce jour et peu d&rsquo;informations ont \u00e9t\u00e9 rendues publiques depuis son enl\u00e8vement. Le 10 ao\u00fbt dernier, M. Biden a affirm\u00e9 que les Etats-Unis avaient la \u00ab\u00a0certitude\u00a0\u00bb que le journaliste \u00e9tait \u00ab\u00a0d\u00e9tenu par le r\u00e9gime syrien\u00a0\u00bb. \u00ab\u00a0Nous avons demand\u00e9 \u00e0 plusieurs reprises au gouvernement de Syrie de travailler avec nous pour que nous ramenions Austin \u00e0 la maison\u00a0\u00bb, a-t-il ajout\u00e9. Dans un communiqu\u00e9, le minist\u00e8re syrien des Affaires \u00e9trang\u00e8res a rejet\u00e9 les \u00ab\u00a0d\u00e9clarations trompeuses, absurdes et fausses\u00a0\u00bb de M. Biden accusant \u00ab\u00a0le gouvernement syrien d&rsquo;enl\u00e8vement ou d&rsquo;arrestation de citoyens am\u00e9ricains, dont Austin Tice\u00a0\u00bb. \u00ab\u00a0Le gouvernement syrien d\u00e9ment avoir enlev\u00e9 ou cacher un quelconque citoyen am\u00e9ricain entr\u00e9 sur son territoire ou ayant habit\u00e9 dans des zones sous son autorit\u00e9\u00a0\u00bb, a-t-il ajout\u00e9. C&rsquo;est la premi\u00e8re fois que la diplomatie syrienne publie un communiqu\u00e9 d\u00e9mentant la d\u00e9tention du journaliste am\u00e9ricain. En 2020, le pr\u00e9sident am\u00e9ricain de l&rsquo;\u00e9poque, Donald Trump, a envoy\u00e9 \u00e0 Bachar al-Assad un message personnel \u00e0 propos du journaliste. Il avait affirm\u00e9 ignorer si le reporter \u00e9tait toujours en vie. En 2018, les autorit\u00e9s am\u00e9ricaines avaient annonc\u00e9 une r\u00e9compense d&rsquo;un million de dollars \u00e0 toute personne fournissant des informations pouvant conduire \u00e0 la lib\u00e9ration de M. Tice.&nbsp;<\/p>\n\n\n\n<p><strong>AFP<\/strong><\/p>\n","protected":false},"excerpt":{"rendered":"<p>Le gouvernement syrien a d\u00e9menti hier d\u00e9tenir le journaliste am\u00e9ricain Austin Tice enlev\u00e9 pr\u00e8s de Damas il y a dix<\/p>\n","protected":false},"author":3,"featured_media":25878,"comment_status":"open","ping_status":"closed","sticky":false,"template":"","format":"standard","meta":{"colormag_page_container_layout":"default_layout","colormag_page_sidebar_layout":"default_layout","om_disable_all_campaigns":false,"_monsterinsights_skip_tracking":false,"_monsterinsights_sitenote_active":false,"_monsterinsights_sitenote_note":"","_monsterinsights_sitenote_category":0,"footnotes":"","_wpscppro_dont_share_socialmedia":false,"_wpscppro_custom_social_share_image":0,"_facebook_share_type":"","_twitter_share_type":"","_linkedin_share_type":"","_pinterest_share_type":"","_linkedin_share_type_page":"","_instagram_share_type":"","_medium_share_type":"","_threads_share_type":"","_google_business_share_type":"","_selected_social_profile":[],"_wpsp_enable_custom_social_template":false,"_wpsp_social_scheduling":{"enabled":false,"datetime":null,"platforms":[],"status":"template_only","dateOption":"today","timeOption":"now","customDays":"","customHours":"","customDate":"","customTime":"","schedulingType":"absolute"},"_wpsp_active_default_template":true},"categories":[37],"tags":[],"class_list":["post-25873","post","type-post","status-publish","format-standard","has-post-thumbnail","hentry","category-monde"],"aioseo_notices":[],"yoast_head":"<!-- This site is optimized with the Yoast SEO plugin v27.5 - https:\/\/yoast.com\/product\/yoast-seo-wordpress\/ -->\n<title>Syrie\u00a0:\u00a0Damas d\u00e9ment d\u00e9tenir le journaliste am\u00e9ricain Austin Tice - La Sentinelle<\/title>\n<meta name=\"robots\" content=\"index, follow, max-snippet:-1, max-image-preview:large, max-video-preview:-1\" \/>\n<link rel=\"canonical\" href=\"https:\/\/lasentinelle.dz\/index.php\/2022\/08\/18\/syrie-damas-dement-detenir-le-journaliste-americain-austin-tice\/\" \/>\n<meta property=\"og:locale\" content=\"fr_FR\" \/>\n<meta property=\"og:type\" content=\"article\" \/>\n<meta property=\"og:title\" content=\"Syrie\u00a0:\u00a0Damas d\u00e9ment d\u00e9tenir le journaliste am\u00e9ricain Austin Tice - La Sentinelle\" \/>\n<meta property=\"og:description\" content=\"Le gouvernement syrien a d\u00e9menti hier d\u00e9tenir le journaliste am\u00e9ricain Austin Tice enlev\u00e9 pr\u00e8s de Damas il y a dix\" \/>\n<meta property=\"og:url\" content=\"https:\/\/lasentinelle.dz\/index.php\/2022\/08\/18\/syrie-damas-dement-detenir-le-journaliste-americain-austin-tice\/\" \/>\n<meta property=\"og:site_name\" content=\"La Sentinelle\" \/>\n<meta property=\"article:publisher\" content=\"https:\/\/www.facebook.com\/La-Sentinelle-104059864394773\" \/>\n<meta property=\"article:published_time\" content=\"2022-08-17T23:01:00+00:00\" \/>\n<meta property=\"og:image\" content=\"https:\/\/lasentinelle.dz\/wp-content\/uploads\/2022\/08\/62fcba692000003400cb366a.jpeg\" \/>\n\t<meta property=\"og:image:width\" content=\"1200\" \/>\n\t<meta property=\"og:image:height\" content=\"630\" \/>\n\t<meta property=\"og:image:type\" content=\"image\/jpeg\" \/>\n<meta name=\"author\" content=\"La Sentinelle\" \/>\n<meta name=\"twitter:card\" content=\"summary_large_image\" \/>\n<meta name=\"twitter:label1\" content=\"\u00c9crit par\" \/>\n\t<meta name=\"twitter:data1\" content=\"La Sentinelle\" \/>\n\t<meta name=\"twitter:label2\" content=\"Dur\u00e9e de lecture estim\u00e9e\" \/>\n\t<meta name=\"twitter:data2\" content=\"2 minutes\" \/>\n<script type=\"application\/ld+json\" class=\"yoast-schema-graph\">{\"@context\":\"https:\\\/\\\/schema.org\",\"@graph\":[{\"@type\":\"Article\",\"@id\":\"https:\\\/\\\/lasentinelle.dz\\\/index.php\\\/2022\\\/08\\\/18\\\/syrie-damas-dement-detenir-le-journaliste-americain-austin-tice\\\/#article\",\"isPartOf\":{\"@id\":\"https:\\\/\\\/lasentinelle.dz\\\/index.php\\\/2022\\\/08\\\/18\\\/syrie-damas-dement-detenir-le-journaliste-americain-austin-tice\\\/\"},\"author\":{\"name\":\"La Sentinelle\",\"@id\":\"https:\\\/\\\/lasentinelle.dz\\\/#\\\/schema\\\/person\\\/d865044e22e70a75174ce8bcad3acfb3\"},\"headline\":\"Syrie\u00a0:\u00a0Damas d\u00e9ment d\u00e9tenir le journaliste am\u00e9ricain Austin Tice\",\"datePublished\":\"2022-08-17T23:01:00+00:00\",\"mainEntityOfPage\":{\"@id\":\"https:\\\/\\\/lasentinelle.dz\\\/index.php\\\/2022\\\/08\\\/18\\\/syrie-damas-dement-detenir-le-journaliste-americain-austin-tice\\\/\"},\"wordCount\":335,\"commentCount\":0,\"publisher\":{\"@id\":\"https:\\\/\\\/lasentinelle.dz\\\/#organization\"},\"image\":{\"@id\":\"https:\\\/\\\/lasentinelle.dz\\\/index.php\\\/2022\\\/08\\\/18\\\/syrie-damas-dement-detenir-le-journaliste-americain-austin-tice\\\/#primaryimage\"},\"thumbnailUrl\":\"https:\\\/\\\/lasentinelle.dz\\\/wp-content\\\/uploads\\\/2022\\\/08\\\/62fcba692000003400cb366a.jpeg\",\"articleSection\":[\"Monde\"],\"inLanguage\":\"fr-FR\",\"potentialAction\":[{\"@type\":\"CommentAction\",\"name\":\"Comment\",\"target\":[\"https:\\\/\\\/lasentinelle.dz\\\/index.php\\\/2022\\\/08\\\/18\\\/syrie-damas-dement-detenir-le-journaliste-americain-austin-tice\\\/#respond\"]}]},{\"@type\":\"WebPage\",\"@id\":\"https:\\\/\\\/lasentinelle.dz\\\/index.php\\\/2022\\\/08\\\/18\\\/syrie-damas-dement-detenir-le-journaliste-americain-austin-tice\\\/\",\"url\":\"https:\\\/\\\/lasentinelle.dz\\\/index.php\\\/2022\\\/08\\\/18\\\/syrie-damas-dement-detenir-le-journaliste-americain-austin-tice\\\/\",\"name\":\"Syrie\u00a0:\u00a0Damas d\u00e9ment d\u00e9tenir le journaliste am\u00e9ricain Austin Tice - La Sentinelle\",\"isPartOf\":{\"@id\":\"https:\\\/\\\/lasentinelle.dz\\\/#website\"},\"primaryImageOfPage\":{\"@id\":\"https:\\\/\\\/lasentinelle.dz\\\/index.php\\\/2022\\\/08\\\/18\\\/syrie-damas-dement-detenir-le-journaliste-americain-austin-tice\\\/#primaryimage\"},\"image\":{\"@id\":\"https:\\\/\\\/lasentinelle.dz\\\/index.php\\\/2022\\\/08\\\/18\\\/syrie-damas-dement-detenir-le-journaliste-americain-austin-tice\\\/#primaryimage\"},\"thumbnailUrl\":\"https:\\\/\\\/lasentinelle.dz\\\/wp-content\\\/uploads\\\/2022\\\/08\\\/62fcba692000003400cb366a.jpeg\",\"datePublished\":\"2022-08-17T23:01:00+00:00\",\"breadcrumb\":{\"@id\":\"https:\\\/\\\/lasentinelle.dz\\\/index.php\\\/2022\\\/08\\\/18\\\/syrie-damas-dement-detenir-le-journaliste-americain-austin-tice\\\/#breadcrumb\"},\"inLanguage\":\"fr-FR\",\"potentialAction\":[{\"@type\":\"ReadAction\",\"target\":[\"https:\\\/\\\/lasentinelle.dz\\\/index.php\\\/2022\\\/08\\\/18\\\/syrie-damas-dement-detenir-le-journaliste-americain-austin-tice\\\/\"]}]},{\"@type\":\"ImageObject\",\"inLanguage\":\"fr-FR\",\"@id\":\"https:\\\/\\\/lasentinelle.dz\\\/index.php\\\/2022\\\/08\\\/18\\\/syrie-damas-dement-detenir-le-journaliste-americain-austin-tice\\\/#primaryimage\",\"url\":\"https:\\\/\\\/lasentinelle.dz\\\/wp-content\\\/uploads\\\/2022\\\/08\\\/62fcba692000003400cb366a.jpeg\",\"contentUrl\":\"https:\\\/\\\/lasentinelle.dz\\\/wp-content\\\/uploads\\\/2022\\\/08\\\/62fcba692000003400cb366a.jpeg\",\"width\":1200,\"height\":630},{\"@type\":\"BreadcrumbList\",\"@id\":\"https:\\\/\\\/lasentinelle.dz\\\/index.php\\\/2022\\\/08\\\/18\\\/syrie-damas-dement-detenir-le-journaliste-americain-austin-tice\\\/#breadcrumb\",\"itemListElement\":[{\"@type\":\"ListItem\",\"position\":1,\"name\":\"Accueil\",\"item\":\"https:\\\/\\\/lasentinelle.dz\\\/\"},{\"@type\":\"ListItem\",\"position\":2,\"name\":\"Syrie\u00a0:\u00a0Damas d\u00e9ment d\u00e9tenir le journaliste am\u00e9ricain Austin Tice\"}]},{\"@type\":\"WebSite\",\"@id\":\"https:\\\/\\\/lasentinelle.dz\\\/#website\",\"url\":\"https:\\\/\\\/lasentinelle.dz\\\/\",\"name\":\"La Sentinelle\",\"description\":\"Quotidien national d&#039;information\",\"publisher\":{\"@id\":\"https:\\\/\\\/lasentinelle.dz\\\/#organization\"},\"potentialAction\":[{\"@type\":\"SearchAction\",\"target\":{\"@type\":\"EntryPoint\",\"urlTemplate\":\"https:\\\/\\\/lasentinelle.dz\\\/?s={search_term_string}\"},\"query-input\":{\"@type\":\"PropertyValueSpecification\",\"valueRequired\":true,\"valueName\":\"search_term_string\"}}],\"inLanguage\":\"fr-FR\"},{\"@type\":\"Organization\",\"@id\":\"https:\\\/\\\/lasentinelle.dz\\\/#organization\",\"name\":\"Quotidien La Sentinelle\",\"url\":\"https:\\\/\\\/lasentinelle.dz\\\/\",\"logo\":{\"@type\":\"ImageObject\",\"inLanguage\":\"fr-FR\",\"@id\":\"https:\\\/\\\/lasentinelle.dz\\\/#\\\/schema\\\/logo\\\/image\\\/\",\"url\":\"https:\\\/\\\/lasentinelle.dz\\\/wp-content\\\/uploads\\\/2021\\\/09\\\/logo-sentinelleSLOGAN-1.png\",\"contentUrl\":\"https:\\\/\\\/lasentinelle.dz\\\/wp-content\\\/uploads\\\/2021\\\/09\\\/logo-sentinelleSLOGAN-1.png\",\"width\":615,\"height\":142,\"caption\":\"Quotidien La Sentinelle\"},\"image\":{\"@id\":\"https:\\\/\\\/lasentinelle.dz\\\/#\\\/schema\\\/logo\\\/image\\\/\"},\"sameAs\":[\"https:\\\/\\\/www.facebook.com\\\/La-Sentinelle-104059864394773\"]},{\"@type\":\"Person\",\"@id\":\"https:\\\/\\\/lasentinelle.dz\\\/#\\\/schema\\\/person\\\/d865044e22e70a75174ce8bcad3acfb3\",\"name\":\"La Sentinelle\",\"image\":{\"@type\":\"ImageObject\",\"inLanguage\":\"fr-FR\",\"@id\":\"https:\\\/\\\/secure.gravatar.com\\\/avatar\\\/57de8e5d4b15d43fb361a71fbb36338450fe67865b528a43dd10ef7c51a20392?s=96&d=mm&r=g\",\"url\":\"https:\\\/\\\/secure.gravatar.com\\\/avatar\\\/57de8e5d4b15d43fb361a71fbb36338450fe67865b528a43dd10ef7c51a20392?s=96&d=mm&r=g\",\"contentUrl\":\"https:\\\/\\\/secure.gravatar.com\\\/avatar\\\/57de8e5d4b15d43fb361a71fbb36338450fe67865b528a43dd10ef7c51a20392?s=96&d=mm&r=g\",\"caption\":\"La Sentinelle\"},\"sameAs\":[\"http:\\\/\\\/www.lasentinelle.dz\"],\"url\":\"https:\\\/\\\/lasentinelle.dz\\\/author\\\/redaction\\\/\"}]}<\/script>\n<!-- \/ Yoast SEO plugin. -->","yoast_head_json":{"title":"Syrie\u00a0:\u00a0Damas d\u00e9ment d\u00e9tenir le journaliste am\u00e9ricain Austin Tice - La Sentinelle","robots":{"index":"index","follow":"follow","max-snippet":"max-snippet:-1","max-image-preview":"max-image-preview:large","max-video-preview":"max-video-preview:-1"},"canonical":"https:\/\/lasentinelle.dz\/index.php\/2022\/08\/18\/syrie-damas-dement-detenir-le-journaliste-americain-austin-tice\/","og_locale":"fr_FR","og_type":"article","og_title":"Syrie\u00a0:\u00a0Damas d\u00e9ment d\u00e9tenir le journaliste am\u00e9ricain Austin Tice - La Sentinelle","og_description":"Le gouvernement syrien a d\u00e9menti hier d\u00e9tenir le journaliste am\u00e9ricain Austin Tice enlev\u00e9 pr\u00e8s de Damas il y a dix","og_url":"https:\/\/lasentinelle.dz\/index.php\/2022\/08\/18\/syrie-damas-dement-detenir-le-journaliste-americain-austin-tice\/","og_site_name":"La Sentinelle","article_publisher":"https:\/\/www.facebook.com\/La-Sentinelle-104059864394773","article_published_time":"2022-08-17T23:01:00+00:00","og_image":[{"width":1200,"height":630,"url":"https:\/\/lasentinelle.dz\/wp-content\/uploads\/2022\/08\/62fcba692000003400cb366a.jpeg","type":"image\/jpeg"}],"author":"La Sentinelle","twitter_card":"summary_large_image","twitter_misc":{"\u00c9crit par":"La Sentinelle","Dur\u00e9e de lecture estim\u00e9e":"2 minutes"},"schema":{"@context":"https:\/\/schema.org","@graph":[{"@type":"Article","@id":"https:\/\/lasentinelle.dz\/index.php\/2022\/08\/18\/syrie-damas-dement-detenir-le-journaliste-americain-austin-tice\/#article","isPartOf":{"@id":"https:\/\/lasentinelle.dz\/index.php\/2022\/08\/18\/syrie-damas-dement-detenir-le-journaliste-americain-austin-tice\/"},"author":{"name":"La Sentinelle","@id":"https:\/\/lasentinelle.dz\/#\/schema\/person\/d865044e22e70a75174ce8bcad3acfb3"},"headline":"Syrie\u00a0:\u00a0Damas d\u00e9ment d\u00e9tenir le journaliste am\u00e9ricain Austin Tice","datePublished":"2022-08-17T23:01:00+00:00","mainEntityOfPage":{"@id":"https:\/\/lasentinelle.dz\/index.php\/2022\/08\/18\/syrie-damas-dement-detenir-le-journaliste-americain-austin-tice\/"},"wordCount":335,"commentCount":0,"publisher":{"@id":"https:\/\/lasentinelle.dz\/#organization"},"image":{"@id":"https:\/\/lasentinelle.dz\/index.php\/2022\/08\/18\/syrie-damas-dement-detenir-le-journaliste-americain-austin-tice\/#primaryimage"},"thumbnailUrl":"https:\/\/lasentinelle.dz\/wp-content\/uploads\/2022\/08\/62fcba692000003400cb366a.jpeg","articleSection":["Monde"],"inLanguage":"fr-FR","potentialAction":[{"@type":"CommentAction","name":"Comment","target":["https:\/\/lasentinelle.dz\/index.php\/2022\/08\/18\/syrie-damas-dement-detenir-le-journaliste-americain-austin-tice\/#respond"]}]},{"@type":"WebPage","@id":"https:\/\/lasentinelle.dz\/index.php\/2022\/08\/18\/syrie-damas-dement-detenir-le-journaliste-americain-austin-tice\/","url":"https:\/\/lasentinelle.dz\/index.php\/2022\/08\/18\/syrie-damas-dement-detenir-le-journaliste-americain-austin-tice\/","name":"Syrie\u00a0:\u00a0Damas d\u00e9ment d\u00e9tenir le journaliste am\u00e9ricain Austin Tice - La Sentinelle","isPartOf":{"@id":"https:\/\/lasentinelle.dz\/#website"},"primaryImageOfPage":{"@id":"https:\/\/lasentinelle.dz\/index.php\/2022\/08\/18\/syrie-damas-dement-detenir-le-journaliste-americain-austin-tice\/#primaryimage"},"image":{"@id":"https:\/\/lasentinelle.dz\/index.php\/2022\/08\/18\/syrie-damas-dement-detenir-le-journaliste-americain-austin-tice\/#primaryimage"},"thumbnailUrl":"https:\/\/lasentinelle.dz\/wp-content\/uploads\/2022\/08\/62fcba692000003400cb366a.jpeg","datePublished":"2022-08-17T23:01:00+00:00","breadcrumb":{"@id":"https:\/\/lasentinelle.dz\/index.php\/2022\/08\/18\/syrie-damas-dement-detenir-le-journaliste-americain-austin-tice\/#breadcrumb"},"inLanguage":"fr-FR","potentialAction":[{"@type":"ReadAction","target":["https:\/\/lasentinelle.dz\/index.php\/2022\/08\/18\/syrie-damas-dement-detenir-le-journaliste-americain-austin-tice\/"]}]},{"@type":"ImageObject","inLanguage":"fr-FR","@id":"https:\/\/lasentinelle.dz\/index.php\/2022\/08\/18\/syrie-damas-dement-detenir-le-journaliste-americain-austin-tice\/#primaryimage","url":"https:\/\/lasentinelle.dz\/wp-content\/uploads\/2022\/08\/62fcba692000003400cb366a.jpeg","contentUrl":"https:\/\/lasentinelle.dz\/wp-content\/uploads\/2022\/08\/62fcba692000003400cb366a.jpeg","width":1200,"height":630},{"@type":"BreadcrumbList","@id":"https:\/\/lasentinelle.dz\/index.php\/2022\/08\/18\/syrie-damas-dement-detenir-le-journaliste-americain-austin-tice\/#breadcrumb","itemListElement":[{"@type":"ListItem","position":1,"name":"Accueil","item":"https:\/\/lasentinelle.dz\/"},{"@type":"ListItem","position":2,"name":"Syrie\u00a0:\u00a0Damas d\u00e9ment d\u00e9tenir le journaliste am\u00e9ricain Austin Tice"}]},{"@type":"WebSite","@id":"https:\/\/lasentinelle.dz\/#website","url":"https:\/\/lasentinelle.dz\/","name":"La Sentinelle","description":"Quotidien national d&#039;information","publisher":{"@id":"https:\/\/lasentinelle.dz\/#organization"},"potentialAction":[{"@type":"SearchAction","target":{"@type":"EntryPoint","urlTemplate":"https:\/\/lasentinelle.dz\/?s={search_term_string}"},"query-input":{"@type":"PropertyValueSpecification","valueRequired":true,"valueName":"search_term_string"}}],"inLanguage":"fr-FR"},{"@type":"Organization","@id":"https:\/\/lasentinelle.dz\/#organization","name":"Quotidien La Sentinelle","url":"https:\/\/lasentinelle.dz\/","logo":{"@type":"ImageObject","inLanguage":"fr-FR","@id":"https:\/\/lasentinelle.dz\/#\/schema\/logo\/image\/","url":"https:\/\/lasentinelle.dz\/wp-content\/uploads\/2021\/09\/logo-sentinelleSLOGAN-1.png","contentUrl":"https:\/\/lasentinelle.dz\/wp-content\/uploads\/2021\/09\/logo-sentinelleSLOGAN-1.png","width":615,"height":142,"caption":"Quotidien La Sentinelle"},"image":{"@id":"https:\/\/lasentinelle.dz\/#\/schema\/logo\/image\/"},"sameAs":["https:\/\/www.facebook.com\/La-Sentinelle-104059864394773"]},{"@type":"Person","@id":"https:\/\/lasentinelle.dz\/#\/schema\/person\/d865044e22e70a75174ce8bcad3acfb3","name":"La Sentinelle","image":{"@type":"ImageObject","inLanguage":"fr-FR","@id":"https:\/\/secure.gravatar.com\/avatar\/57de8e5d4b15d43fb361a71fbb36338450fe67865b528a43dd10ef7c51a20392?s=96&d=mm&r=g","url":"https:\/\/secure.gravatar.com\/avatar\/57de8e5d4b15d43fb361a71fbb36338450fe67865b528a43dd10ef7c51a20392?s=96&d=mm&r=g","contentUrl":"https:\/\/secure.gravatar.com\/avatar\/57de8e5d4b15d43fb361a71fbb36338450fe67865b528a43dd10ef7c51a20392?s=96&d=mm&r=g","caption":"La Sentinelle"},"sameAs":["http:\/\/www.lasentinelle.dz"],"url":"https:\/\/lasentinelle.dz\/author\/redaction\/"}]}},"_links":{"self":[{"href":"https:\/\/lasentinelle.dz\/index.php\/wp-json\/wp\/v2\/posts\/25873","targetHints":{"allow":["GET"]}}],"collection":[{"href":"https:\/\/lasentinelle.dz\/index.php\/wp-json\/wp\/v2\/posts"}],"about":[{"href":"https:\/\/lasentinelle.dz\/index.php\/wp-json\/wp\/v2\/types\/post"}],"author":[{"embeddable":true,"href":"https:\/\/lasentinelle.dz\/index.php\/wp-json\/wp\/v2\/users\/3"}],"replies":[{"embeddable":true,"href":"https:\/\/lasentinelle.dz\/index.php\/wp-json\/wp\/v2\/comments?post=25873"}],"version-history":[{"count":1,"href":"https:\/\/lasentinelle.dz\/index.php\/wp-json\/wp\/v2\/posts\/25873\/revisions"}],"predecessor-version":[{"id":25881,"href":"https:\/\/lasentinelle.dz\/index.php\/wp-json\/wp\/v2\/posts\/25873\/revisions\/25881"}],"wp:featuredmedia":[{"embeddable":true,"href":"https:\/\/lasentinelle.dz\/index.php\/wp-json\/wp\/v2\/media\/25878"}],"wp:attachment":[{"href":"https:\/\/lasentinelle.dz\/index.php\/wp-json\/wp\/v2\/media?parent=25873"}],"wp:term":[{"taxonomy":"category","embeddable":true,"href":"https:\/\/lasentinelle.dz\/index.php\/wp-json\/wp\/v2\/categories?post=25873"},{"taxonomy":"post_tag","embeddable":true,"href":"https:\/\/lasentinelle.dz\/index.php\/wp-json\/wp\/v2\/tags?post=25873"}],"curies":[{"name":"wp","href":"https:\/\/api.w.org\/{rel}","templated":true}]}}