{"id":25926,"date":"2022-08-18T00:05:00","date_gmt":"2022-08-17T23:05:00","guid":{"rendered":"https:\/\/lasentinelle.dz\/?p=25926"},"modified":"2022-08-17T19:56:25","modified_gmt":"2022-08-17T18:56:25","slug":"du-devoir-de-memoire","status":"publish","type":"post","link":"https:\/\/lasentinelle.dz\/index.php\/2022\/08\/18\/du-devoir-de-memoire\/","title":{"rendered":"Du devoir de m\u00e9moire"},"content":{"rendered":"\n<p>Comme \u00e0 chaque ann\u00e9e, l\u2019Alg\u00e9rie c\u00e9l\u00e8bre deux rep\u00e8res importants ancr\u00e9s dans son histoire. Il s\u2019agit de la comm\u00e9moration de la&nbsp;Journ\u00e9e nationale du Moudjahid qui marque \u00e9galement deux jalons de l\u2019histoire de la guerre de lib\u00e9ration nationale. Le premier repr\u00e9sente l\u2019Offensive du Nord du Constantinois du 20 ao\u00fbt 1955 tandis que le second est le Congr\u00e8s de la Soummam du 20 ao\u00fbt 1956. La c\u00e9l\u00e9bration de&nbsp;ce&nbsp;double anniversaire&nbsp;rev\u00eat une dimension particuli\u00e8re cette ann\u00e9e, d\u2019autant qu\u2019elle&nbsp;entre dans le cadre de la c\u00e9l\u00e9bration du 60e anniversaire du recouvrement de la souverainet\u00e9 nationale.&nbsp;Il faut dire que&nbsp;le pr\u00e9sident de la R\u00e9publique a, dans le discours qu\u2019il a prononc\u00e9 en pr\u00e9sidant le d\u00e9fil\u00e9 militaire&nbsp;du 5-juillet,&nbsp;&nbsp;a appel\u00e9&nbsp;\u00e0 \u00abfaire des diff\u00e9rentes occasions historiques immortalis\u00e9es dans la lutte du peuple alg\u00e9rien des stations qui t\u00e9moignent de la fid\u00e9lit\u00e9 aux martyrs et \u00bb. Dans l&rsquo;\u00e9ditorial&nbsp;de la Revue \u00ab&nbsp;El-Djeich&nbsp;\u00bb&nbsp;du mois de juillet,&nbsp;le Pr\u00e9sident Tebboune&nbsp;a soulign\u00e9 que \u00able dossier de la m\u00e9moire nationale est au c\u0153ur des pr\u00e9occupations de l&rsquo;Etat et qu&rsquo;il s&rsquo;agit d&rsquo;un devoir national sacr\u00e9\u00bb. La date du 20 ao\u00fbt marque deux \u00e9tapes importantes dans l&rsquo;histoire de la r\u00e9volution de lib\u00e9ration au regard des r\u00e9sultats marquants qui ont soutenu le chemin de la lib\u00e9ration de l&rsquo;Alg\u00e9rie du joug du colonialisme fran\u00e7ais \u00e0 travers l&rsquo;internationalisation de la question alg\u00e9rienne d&rsquo;une part et l&rsquo;organisation et la structuration de la lutte militaire et politique d&rsquo;autre part.&nbsp;Ainsi, l&rsquo;offensive du Nord-Constantinois men\u00e9e en 1955 a permis de faire retentir la voix du peuple alg\u00e9rien qui refusait de se soumettre au colonisateur fran\u00e7ais, et a eu pour r\u00e9sultat, l&rsquo;inscription de la question alg\u00e9rienne \u00e0 l&rsquo;ordre du jour de l&rsquo;Assembl\u00e9e g\u00e9n\u00e9rale (AG) de l&rsquo;ONU, tenue en septembre 1955, comme \u00e9tant une question de d\u00e9colonisation et non une affaire interne tel que pr\u00e9sent\u00e9 \u00e0 l&rsquo;\u00e9poque par la France.&nbsp;Dix mois apr\u00e8s le d\u00e9clenchement de la r\u00e9volution, Zighoud Youcef, Chef de la Zone II (Nord-Constantinois) et son adjoint, Lakhdar Bentobal d\u00e9cident de mener en plein jour une offensive d&rsquo;envergure contre des objectifs colons dans cette r\u00e9gion qui comprend essentiellement les villes de Constantine, Guelma, Skikda et Collo.<\/p>\n\n\n\n<p>L&rsquo;objectif \u00e9tait de desserrer l&rsquo;\u00e9tau sur plusieurs r\u00e9gions notamment l&rsquo;Aur\u00e8s assi\u00e9g\u00e9es par l&rsquo;arm\u00e9e coloniale depuis le d\u00e9clenchement de la guerre de lib\u00e9ration nationale et dont la population \u00e9tait victime d&rsquo;une large campagne de r\u00e9pression sanglante, ayant fait pr\u00e8s de 12.000 martyrs parmi les civils alg\u00e9riens sans d\u00e9fense.&nbsp;L\u2019offensive du Nord-Constantinois a marqu\u00e9 un grand tournant dans la lutte arm\u00e9e, en consacrant le caract\u00e8re populaire de la R\u00e9volution et en contribuant au ralliement des classes moyennes et des dirigeants politiques, toutes tendances confondues, aux rangs de la R\u00e9volution.&nbsp;En effet, \u00e0 partir du 20 ao\u00fbt 1955, la R\u00e9volution a pris un v\u00e9ritable envol qui se confirmera lors du Congr\u00e8s de la Soummam, qui a v\u00e9ritablement structur\u00e9 et organis\u00e9 la R\u00e9volution, car jusque-l\u00e0, le Front de lib\u00e9ration nationale (FLN) ne disposait ni d\u2019une direction centrale ni d\u2019une organisation politique et militaire claire.C\u2019est \u00e0 cette \u00e9poque que s\u2019est illustr\u00e9 un ancien militant du Parti du peuple alg\u00e9rien (PPA), le chahid Abane Ramdane, qui avait \u00e9t\u00e9 arr\u00eat\u00e9 en 1950 et lib\u00e9r\u00e9 en janvier 1955. Ses contacts avec les chefs de la R\u00e9volution, notamment apr\u00e8s sa rencontre avec Larbi Ben M&rsquo;hidi, ont eu des r\u00e9sultats tr\u00e8s positifs.&nbsp;Une rencontre devait alors se tenir entre les chefs de la R\u00e9volution dans la r\u00e9gion des Bibans fin juillet 1956, mais pour des raisons de s\u00e9curit\u00e9, la rencontre a \u00e9t\u00e9 organis\u00e9e \u00e0 partir du 20 ao\u00fbt de la m\u00eame ann\u00e9e dans la r\u00e9gion d&rsquo;Ifri pr\u00e8s d&rsquo;Ighzer Amokrane sur la rive de la vall\u00e9e de la Soummam.&nbsp;Cette rencontre \u00e0 huis clos a r\u00e9uni Larbi Ben M\u2019hidi, qui repr\u00e9sentait l\u2019Oranie, Abane Ramdane, qui repr\u00e9sentait l&rsquo;ALN, Amar Ouamrane, qui repr\u00e9sentait l\u2019Alg\u00e9rois, Krim Belkacem, qui repr\u00e9sentait la Kabylie et Zighoud Youcef et son adjoint Lakhdar Bentobal, qui repr\u00e9sentaient le Nord-Constantinois.&nbsp;Malgr\u00e9 l&rsquo;absence des d\u00e9l\u00e9gations du Front de lib\u00e9ration nationale \u00e0 l&rsquo;\u00e9tranger et de la F\u00e9d\u00e9ration de France et des repr\u00e9sentants de la Zone I\u2019(Aur\u00e8s-Nememcha), le Congr\u00e8s, qui a dur\u00e9 plusieurs jours, a d\u00e9bouch\u00e9 sur des d\u00e9cisions historiques, dont le remplacement des cinq zones en vigueur depuis le 1er novembre 1954 par six wilayas (Aur\u00e8s-Nememcha, Nord-Constantinois, Kabylie, Alg\u00e9rois, Oranie et Sud) subdivis\u00e9es en zones, r\u00e9gions et secteurs.&nbsp;Autre d\u00e9cision embl\u00e9matique du Congr\u00e8s de la Soummam, l\u2019unification de l&rsquo;Arm\u00e9e de lib\u00e9ration nationale \u00e0 l\u2019\u00e9chelle nationale dans sa structure, ses grades et son organisation \u00e0 l\u2019image d\u2019une arm\u00e9e r\u00e9guli\u00e8re.&nbsp;Le Congr\u00e8s a \u00e9galement permis de structurer la R\u00e9volution nationale militairement et politiquement, avec notamment la cr\u00e9ation d\u2019un Conseil national de la R\u00e9volution alg\u00e9rienne (CNRA), compos\u00e9 de 34 membres (17 titulaires et 17 suppl\u00e9ants), et d\u2019un Comit\u00e9 de coordination et d\u2019ex\u00e9cution (CCE).&nbsp;C\u2019est aussi lors de ce Congr\u00e8s que la primaut\u00e9 du politique sur le militaire et de l\u2019int\u00e9rieur par rapport \u00e0 l\u2019ext\u00e9rieur a \u00e9t\u00e9 consacr\u00e9e.<\/p>\n\n\n\n<p><strong>Salim Abdenour<\/strong><\/p>\n","protected":false},"excerpt":{"rendered":"<p>Comme \u00e0 chaque ann\u00e9e, l\u2019Alg\u00e9rie c\u00e9l\u00e8bre deux rep\u00e8res importants ancr\u00e9s dans son histoire. Il s\u2019agit de la comm\u00e9moration de la&nbsp;Journ\u00e9e<\/p>\n","protected":false},"author":3,"featured_media":25929,"comment_status":"open","ping_status":"closed","sticky":false,"template":"","format":"standard","meta":{"colormag_page_container_layout":"default_layout","colormag_page_sidebar_layout":"default_layout","om_disable_all_campaigns":false,"_monsterinsights_skip_tracking":false,"_monsterinsights_sitenote_active":false,"_monsterinsights_sitenote_note":"","_monsterinsights_sitenote_category":0,"footnotes":"","_wpscppro_dont_share_socialmedia":false,"_wpscppro_custom_social_share_image":0,"_facebook_share_type":"","_twitter_share_type":"","_linkedin_share_type":"","_pinterest_share_type":"","_linkedin_share_type_page":"","_instagram_share_type":"","_medium_share_type":"","_threads_share_type":"","_google_business_share_type":"","_selected_social_profile":[],"_wpsp_enable_custom_social_template":false,"_wpsp_social_scheduling":{"enabled":false,"datetime":null,"platforms":[],"status":"template_only","dateOption":"today","timeOption":"now","customDays":"","customHours":"","customDate":"","customTime":"","schedulingType":"absolute"},"_wpsp_active_default_template":true},"categories":[27],"tags":[],"class_list":["post-25926","post","type-post","status-publish","format-standard","has-post-thumbnail","hentry","category-actualite"],"aioseo_notices":[],"yoast_head":"<!-- This site is optimized with the Yoast SEO plugin v27.5 - https:\/\/yoast.com\/product\/yoast-seo-wordpress\/ -->\n<title>Du devoir de m\u00e9moire - La Sentinelle<\/title>\n<meta name=\"robots\" content=\"index, follow, max-snippet:-1, max-image-preview:large, max-video-preview:-1\" \/>\n<link rel=\"canonical\" href=\"https:\/\/lasentinelle.dz\/index.php\/2022\/08\/18\/du-devoir-de-memoire\/\" \/>\n<meta property=\"og:locale\" content=\"fr_FR\" \/>\n<meta property=\"og:type\" content=\"article\" \/>\n<meta property=\"og:title\" content=\"Du devoir de m\u00e9moire - La Sentinelle\" \/>\n<meta property=\"og:description\" content=\"Comme \u00e0 chaque ann\u00e9e, l\u2019Alg\u00e9rie c\u00e9l\u00e8bre deux rep\u00e8res importants ancr\u00e9s dans son histoire. Il s\u2019agit de la comm\u00e9moration de la&nbsp;Journ\u00e9e\" \/>\n<meta property=\"og:url\" content=\"https:\/\/lasentinelle.dz\/index.php\/2022\/08\/18\/du-devoir-de-memoire\/\" \/>\n<meta property=\"og:site_name\" content=\"La Sentinelle\" \/>\n<meta property=\"article:publisher\" content=\"https:\/\/www.facebook.com\/La-Sentinelle-104059864394773\" \/>\n<meta property=\"article:published_time\" content=\"2022-08-17T23:05:00+00:00\" \/>\n<meta property=\"og:image\" content=\"https:\/\/lasentinelle.dz\/wp-content\/uploads\/2022\/08\/soumm.png\" \/>\n\t<meta property=\"og:image:width\" content=\"1301\" \/>\n\t<meta property=\"og:image:height\" content=\"900\" \/>\n\t<meta property=\"og:image:type\" content=\"image\/png\" \/>\n<meta name=\"author\" content=\"La Sentinelle\" \/>\n<meta name=\"twitter:card\" content=\"summary_large_image\" \/>\n<meta name=\"twitter:label1\" content=\"\u00c9crit par\" \/>\n\t<meta name=\"twitter:data1\" content=\"La Sentinelle\" \/>\n\t<meta name=\"twitter:label2\" content=\"Dur\u00e9e de lecture estim\u00e9e\" \/>\n\t<meta name=\"twitter:data2\" content=\"5 minutes\" \/>\n<script type=\"application\/ld+json\" class=\"yoast-schema-graph\">{\"@context\":\"https:\\\/\\\/schema.org\",\"@graph\":[{\"@type\":\"Article\",\"@id\":\"https:\\\/\\\/lasentinelle.dz\\\/index.php\\\/2022\\\/08\\\/18\\\/du-devoir-de-memoire\\\/#article\",\"isPartOf\":{\"@id\":\"https:\\\/\\\/lasentinelle.dz\\\/index.php\\\/2022\\\/08\\\/18\\\/du-devoir-de-memoire\\\/\"},\"author\":{\"name\":\"La Sentinelle\",\"@id\":\"https:\\\/\\\/lasentinelle.dz\\\/#\\\/schema\\\/person\\\/d865044e22e70a75174ce8bcad3acfb3\"},\"headline\":\"Du devoir de m\u00e9moire\",\"datePublished\":\"2022-08-17T23:05:00+00:00\",\"mainEntityOfPage\":{\"@id\":\"https:\\\/\\\/lasentinelle.dz\\\/index.php\\\/2022\\\/08\\\/18\\\/du-devoir-de-memoire\\\/\"},\"wordCount\":997,\"commentCount\":0,\"publisher\":{\"@id\":\"https:\\\/\\\/lasentinelle.dz\\\/#organization\"},\"image\":{\"@id\":\"https:\\\/\\\/lasentinelle.dz\\\/index.php\\\/2022\\\/08\\\/18\\\/du-devoir-de-memoire\\\/#primaryimage\"},\"thumbnailUrl\":\"https:\\\/\\\/lasentinelle.dz\\\/wp-content\\\/uploads\\\/2022\\\/08\\\/soumm.png\",\"articleSection\":[\"Actualit\u00e9\"],\"inLanguage\":\"fr-FR\",\"potentialAction\":[{\"@type\":\"CommentAction\",\"name\":\"Comment\",\"target\":[\"https:\\\/\\\/lasentinelle.dz\\\/index.php\\\/2022\\\/08\\\/18\\\/du-devoir-de-memoire\\\/#respond\"]}]},{\"@type\":\"WebPage\",\"@id\":\"https:\\\/\\\/lasentinelle.dz\\\/index.php\\\/2022\\\/08\\\/18\\\/du-devoir-de-memoire\\\/\",\"url\":\"https:\\\/\\\/lasentinelle.dz\\\/index.php\\\/2022\\\/08\\\/18\\\/du-devoir-de-memoire\\\/\",\"name\":\"Du devoir de m\u00e9moire - La Sentinelle\",\"isPartOf\":{\"@id\":\"https:\\\/\\\/lasentinelle.dz\\\/#website\"},\"primaryImageOfPage\":{\"@id\":\"https:\\\/\\\/lasentinelle.dz\\\/index.php\\\/2022\\\/08\\\/18\\\/du-devoir-de-memoire\\\/#primaryimage\"},\"image\":{\"@id\":\"https:\\\/\\\/lasentinelle.dz\\\/index.php\\\/2022\\\/08\\\/18\\\/du-devoir-de-memoire\\\/#primaryimage\"},\"thumbnailUrl\":\"https:\\\/\\\/lasentinelle.dz\\\/wp-content\\\/uploads\\\/2022\\\/08\\\/soumm.png\",\"datePublished\":\"2022-08-17T23:05:00+00:00\",\"breadcrumb\":{\"@id\":\"https:\\\/\\\/lasentinelle.dz\\\/index.php\\\/2022\\\/08\\\/18\\\/du-devoir-de-memoire\\\/#breadcrumb\"},\"inLanguage\":\"fr-FR\",\"potentialAction\":[{\"@type\":\"ReadAction\",\"target\":[\"https:\\\/\\\/lasentinelle.dz\\\/index.php\\\/2022\\\/08\\\/18\\\/du-devoir-de-memoire\\\/\"]}]},{\"@type\":\"ImageObject\",\"inLanguage\":\"fr-FR\",\"@id\":\"https:\\\/\\\/lasentinelle.dz\\\/index.php\\\/2022\\\/08\\\/18\\\/du-devoir-de-memoire\\\/#primaryimage\",\"url\":\"https:\\\/\\\/lasentinelle.dz\\\/wp-content\\\/uploads\\\/2022\\\/08\\\/soumm.png\",\"contentUrl\":\"https:\\\/\\\/lasentinelle.dz\\\/wp-content\\\/uploads\\\/2022\\\/08\\\/soumm.png\",\"width\":1301,\"height\":900},{\"@type\":\"BreadcrumbList\",\"@id\":\"https:\\\/\\\/lasentinelle.dz\\\/index.php\\\/2022\\\/08\\\/18\\\/du-devoir-de-memoire\\\/#breadcrumb\",\"itemListElement\":[{\"@type\":\"ListItem\",\"position\":1,\"name\":\"Accueil\",\"item\":\"https:\\\/\\\/lasentinelle.dz\\\/\"},{\"@type\":\"ListItem\",\"position\":2,\"name\":\"Du devoir de m\u00e9moire\"}]},{\"@type\":\"WebSite\",\"@id\":\"https:\\\/\\\/lasentinelle.dz\\\/#website\",\"url\":\"https:\\\/\\\/lasentinelle.dz\\\/\",\"name\":\"La Sentinelle\",\"description\":\"Quotidien national d&#039;information\",\"publisher\":{\"@id\":\"https:\\\/\\\/lasentinelle.dz\\\/#organization\"},\"potentialAction\":[{\"@type\":\"SearchAction\",\"target\":{\"@type\":\"EntryPoint\",\"urlTemplate\":\"https:\\\/\\\/lasentinelle.dz\\\/?s={search_term_string}\"},\"query-input\":{\"@type\":\"PropertyValueSpecification\",\"valueRequired\":true,\"valueName\":\"search_term_string\"}}],\"inLanguage\":\"fr-FR\"},{\"@type\":\"Organization\",\"@id\":\"https:\\\/\\\/lasentinelle.dz\\\/#organization\",\"name\":\"Quotidien La Sentinelle\",\"url\":\"https:\\\/\\\/lasentinelle.dz\\\/\",\"logo\":{\"@type\":\"ImageObject\",\"inLanguage\":\"fr-FR\",\"@id\":\"https:\\\/\\\/lasentinelle.dz\\\/#\\\/schema\\\/logo\\\/image\\\/\",\"url\":\"https:\\\/\\\/lasentinelle.dz\\\/wp-content\\\/uploads\\\/2021\\\/09\\\/logo-sentinelleSLOGAN-1.png\",\"contentUrl\":\"https:\\\/\\\/lasentinelle.dz\\\/wp-content\\\/uploads\\\/2021\\\/09\\\/logo-sentinelleSLOGAN-1.png\",\"width\":615,\"height\":142,\"caption\":\"Quotidien La Sentinelle\"},\"image\":{\"@id\":\"https:\\\/\\\/lasentinelle.dz\\\/#\\\/schema\\\/logo\\\/image\\\/\"},\"sameAs\":[\"https:\\\/\\\/www.facebook.com\\\/La-Sentinelle-104059864394773\"]},{\"@type\":\"Person\",\"@id\":\"https:\\\/\\\/lasentinelle.dz\\\/#\\\/schema\\\/person\\\/d865044e22e70a75174ce8bcad3acfb3\",\"name\":\"La Sentinelle\",\"image\":{\"@type\":\"ImageObject\",\"inLanguage\":\"fr-FR\",\"@id\":\"https:\\\/\\\/secure.gravatar.com\\\/avatar\\\/57de8e5d4b15d43fb361a71fbb36338450fe67865b528a43dd10ef7c51a20392?s=96&d=mm&r=g\",\"url\":\"https:\\\/\\\/secure.gravatar.com\\\/avatar\\\/57de8e5d4b15d43fb361a71fbb36338450fe67865b528a43dd10ef7c51a20392?s=96&d=mm&r=g\",\"contentUrl\":\"https:\\\/\\\/secure.gravatar.com\\\/avatar\\\/57de8e5d4b15d43fb361a71fbb36338450fe67865b528a43dd10ef7c51a20392?s=96&d=mm&r=g\",\"caption\":\"La Sentinelle\"},\"sameAs\":[\"http:\\\/\\\/www.lasentinelle.dz\"],\"url\":\"https:\\\/\\\/lasentinelle.dz\\\/author\\\/redaction\\\/\"}]}<\/script>\n<!-- \/ Yoast SEO plugin. -->","yoast_head_json":{"title":"Du devoir de m\u00e9moire - La Sentinelle","robots":{"index":"index","follow":"follow","max-snippet":"max-snippet:-1","max-image-preview":"max-image-preview:large","max-video-preview":"max-video-preview:-1"},"canonical":"https:\/\/lasentinelle.dz\/index.php\/2022\/08\/18\/du-devoir-de-memoire\/","og_locale":"fr_FR","og_type":"article","og_title":"Du devoir de m\u00e9moire - La Sentinelle","og_description":"Comme \u00e0 chaque ann\u00e9e, l\u2019Alg\u00e9rie c\u00e9l\u00e8bre deux rep\u00e8res importants ancr\u00e9s dans son histoire. Il s\u2019agit de la comm\u00e9moration de la&nbsp;Journ\u00e9e","og_url":"https:\/\/lasentinelle.dz\/index.php\/2022\/08\/18\/du-devoir-de-memoire\/","og_site_name":"La Sentinelle","article_publisher":"https:\/\/www.facebook.com\/La-Sentinelle-104059864394773","article_published_time":"2022-08-17T23:05:00+00:00","og_image":[{"width":1301,"height":900,"url":"https:\/\/lasentinelle.dz\/wp-content\/uploads\/2022\/08\/soumm.png","type":"image\/png"}],"author":"La Sentinelle","twitter_card":"summary_large_image","twitter_misc":{"\u00c9crit par":"La Sentinelle","Dur\u00e9e de lecture estim\u00e9e":"5 minutes"},"schema":{"@context":"https:\/\/schema.org","@graph":[{"@type":"Article","@id":"https:\/\/lasentinelle.dz\/index.php\/2022\/08\/18\/du-devoir-de-memoire\/#article","isPartOf":{"@id":"https:\/\/lasentinelle.dz\/index.php\/2022\/08\/18\/du-devoir-de-memoire\/"},"author":{"name":"La Sentinelle","@id":"https:\/\/lasentinelle.dz\/#\/schema\/person\/d865044e22e70a75174ce8bcad3acfb3"},"headline":"Du devoir de m\u00e9moire","datePublished":"2022-08-17T23:05:00+00:00","mainEntityOfPage":{"@id":"https:\/\/lasentinelle.dz\/index.php\/2022\/08\/18\/du-devoir-de-memoire\/"},"wordCount":997,"commentCount":0,"publisher":{"@id":"https:\/\/lasentinelle.dz\/#organization"},"image":{"@id":"https:\/\/lasentinelle.dz\/index.php\/2022\/08\/18\/du-devoir-de-memoire\/#primaryimage"},"thumbnailUrl":"https:\/\/lasentinelle.dz\/wp-content\/uploads\/2022\/08\/soumm.png","articleSection":["Actualit\u00e9"],"inLanguage":"fr-FR","potentialAction":[{"@type":"CommentAction","name":"Comment","target":["https:\/\/lasentinelle.dz\/index.php\/2022\/08\/18\/du-devoir-de-memoire\/#respond"]}]},{"@type":"WebPage","@id":"https:\/\/lasentinelle.dz\/index.php\/2022\/08\/18\/du-devoir-de-memoire\/","url":"https:\/\/lasentinelle.dz\/index.php\/2022\/08\/18\/du-devoir-de-memoire\/","name":"Du devoir de m\u00e9moire - La Sentinelle","isPartOf":{"@id":"https:\/\/lasentinelle.dz\/#website"},"primaryImageOfPage":{"@id":"https:\/\/lasentinelle.dz\/index.php\/2022\/08\/18\/du-devoir-de-memoire\/#primaryimage"},"image":{"@id":"https:\/\/lasentinelle.dz\/index.php\/2022\/08\/18\/du-devoir-de-memoire\/#primaryimage"},"thumbnailUrl":"https:\/\/lasentinelle.dz\/wp-content\/uploads\/2022\/08\/soumm.png","datePublished":"2022-08-17T23:05:00+00:00","breadcrumb":{"@id":"https:\/\/lasentinelle.dz\/index.php\/2022\/08\/18\/du-devoir-de-memoire\/#breadcrumb"},"inLanguage":"fr-FR","potentialAction":[{"@type":"ReadAction","target":["https:\/\/lasentinelle.dz\/index.php\/2022\/08\/18\/du-devoir-de-memoire\/"]}]},{"@type":"ImageObject","inLanguage":"fr-FR","@id":"https:\/\/lasentinelle.dz\/index.php\/2022\/08\/18\/du-devoir-de-memoire\/#primaryimage","url":"https:\/\/lasentinelle.dz\/wp-content\/uploads\/2022\/08\/soumm.png","contentUrl":"https:\/\/lasentinelle.dz\/wp-content\/uploads\/2022\/08\/soumm.png","width":1301,"height":900},{"@type":"BreadcrumbList","@id":"https:\/\/lasentinelle.dz\/index.php\/2022\/08\/18\/du-devoir-de-memoire\/#breadcrumb","itemListElement":[{"@type":"ListItem","position":1,"name":"Accueil","item":"https:\/\/lasentinelle.dz\/"},{"@type":"ListItem","position":2,"name":"Du devoir de m\u00e9moire"}]},{"@type":"WebSite","@id":"https:\/\/lasentinelle.dz\/#website","url":"https:\/\/lasentinelle.dz\/","name":"La Sentinelle","description":"Quotidien national d&#039;information","publisher":{"@id":"https:\/\/lasentinelle.dz\/#organization"},"potentialAction":[{"@type":"SearchAction","target":{"@type":"EntryPoint","urlTemplate":"https:\/\/lasentinelle.dz\/?s={search_term_string}"},"query-input":{"@type":"PropertyValueSpecification","valueRequired":true,"valueName":"search_term_string"}}],"inLanguage":"fr-FR"},{"@type":"Organization","@id":"https:\/\/lasentinelle.dz\/#organization","name":"Quotidien La Sentinelle","url":"https:\/\/lasentinelle.dz\/","logo":{"@type":"ImageObject","inLanguage":"fr-FR","@id":"https:\/\/lasentinelle.dz\/#\/schema\/logo\/image\/","url":"https:\/\/lasentinelle.dz\/wp-content\/uploads\/2021\/09\/logo-sentinelleSLOGAN-1.png","contentUrl":"https:\/\/lasentinelle.dz\/wp-content\/uploads\/2021\/09\/logo-sentinelleSLOGAN-1.png","width":615,"height":142,"caption":"Quotidien La Sentinelle"},"image":{"@id":"https:\/\/lasentinelle.dz\/#\/schema\/logo\/image\/"},"sameAs":["https:\/\/www.facebook.com\/La-Sentinelle-104059864394773"]},{"@type":"Person","@id":"https:\/\/lasentinelle.dz\/#\/schema\/person\/d865044e22e70a75174ce8bcad3acfb3","name":"La Sentinelle","image":{"@type":"ImageObject","inLanguage":"fr-FR","@id":"https:\/\/secure.gravatar.com\/avatar\/57de8e5d4b15d43fb361a71fbb36338450fe67865b528a43dd10ef7c51a20392?s=96&d=mm&r=g","url":"https:\/\/secure.gravatar.com\/avatar\/57de8e5d4b15d43fb361a71fbb36338450fe67865b528a43dd10ef7c51a20392?s=96&d=mm&r=g","contentUrl":"https:\/\/secure.gravatar.com\/avatar\/57de8e5d4b15d43fb361a71fbb36338450fe67865b528a43dd10ef7c51a20392?s=96&d=mm&r=g","caption":"La Sentinelle"},"sameAs":["http:\/\/www.lasentinelle.dz"],"url":"https:\/\/lasentinelle.dz\/author\/redaction\/"}]}},"_links":{"self":[{"href":"https:\/\/lasentinelle.dz\/index.php\/wp-json\/wp\/v2\/posts\/25926","targetHints":{"allow":["GET"]}}],"collection":[{"href":"https:\/\/lasentinelle.dz\/index.php\/wp-json\/wp\/v2\/posts"}],"about":[{"href":"https:\/\/lasentinelle.dz\/index.php\/wp-json\/wp\/v2\/types\/post"}],"author":[{"embeddable":true,"href":"https:\/\/lasentinelle.dz\/index.php\/wp-json\/wp\/v2\/users\/3"}],"replies":[{"embeddable":true,"href":"https:\/\/lasentinelle.dz\/index.php\/wp-json\/wp\/v2\/comments?post=25926"}],"version-history":[{"count":1,"href":"https:\/\/lasentinelle.dz\/index.php\/wp-json\/wp\/v2\/posts\/25926\/revisions"}],"predecessor-version":[{"id":25930,"href":"https:\/\/lasentinelle.dz\/index.php\/wp-json\/wp\/v2\/posts\/25926\/revisions\/25930"}],"wp:featuredmedia":[{"embeddable":true,"href":"https:\/\/lasentinelle.dz\/index.php\/wp-json\/wp\/v2\/media\/25929"}],"wp:attachment":[{"href":"https:\/\/lasentinelle.dz\/index.php\/wp-json\/wp\/v2\/media?parent=25926"}],"wp:term":[{"taxonomy":"category","embeddable":true,"href":"https:\/\/lasentinelle.dz\/index.php\/wp-json\/wp\/v2\/categories?post=25926"},{"taxonomy":"post_tag","embeddable":true,"href":"https:\/\/lasentinelle.dz\/index.php\/wp-json\/wp\/v2\/tags?post=25926"}],"curies":[{"name":"wp","href":"https:\/\/api.w.org\/{rel}","templated":true}]}}