{"id":25953,"date":"2022-08-21T00:05:00","date_gmt":"2022-08-20T23:05:00","guid":{"rendered":"https:\/\/lasentinelle.dz\/?p=25953"},"modified":"2022-08-20T19:17:56","modified_gmt":"2022-08-20T18:17:56","slug":"incendies-a-lest-du-pays-un-elan-de-solidarite-exemplaire","status":"publish","type":"post","link":"https:\/\/lasentinelle.dz\/index.php\/2022\/08\/21\/incendies-a-lest-du-pays-un-elan-de-solidarite-exemplaire\/","title":{"rendered":"Des aides achemin\u00e9es des quatre coins du pays\u00a0: Un\u00a0\u00e9lan de solidarit\u00e9\u00a0exemplaire"},"content":{"rendered":"\n<p>C\u2019est une v\u00e9ritable&nbsp;cha\u00eene&nbsp;de solidarit\u00e9 qui s\u2019est mise en place&nbsp;dans plusieurs wilayas du pays o\u00f9&nbsp;plusieurs op\u00e9rations de collecte de m\u00e9dicaments, de nourriture, de v\u00eatements et de literies, entre autres, ont \u00e9t\u00e9 organis\u00e9s et continues de l\u2019\u00eatre, afin de venir en aide aux nombreuses familles sinistr\u00e9es, dont les maisons ont \u00e9t\u00e9 ravag\u00e9es par les flammes. Un \u00e9lan de solidarit\u00e9 impliquant outre, les citoyens de plusieurs wilayas, des institutions&nbsp;et des entreprises nationales, \u00e0 l\u2019image de la Sonatrach qui&nbsp;a&nbsp;achemin\u00e9 deux caravanes de solidarit\u00e9 charg\u00e9s de vivres&nbsp;et de produits&nbsp;de premi\u00e8re n\u00e9cessit\u00e9, de m\u00e9dicaments et de fournitures m\u00e9dicales au profit des sinistr\u00e9s des incendies qui ont touch\u00e9 les wilayas de l&rsquo;Est du pays. L&rsquo;entreprise a \u00e9galement confirm\u00e9 que cette action de solidarit\u00e9 se poursuivra dans les prochains jours, qui touche les wilayas affect\u00e9es par les incendies, dans le respect de la responsabilit\u00e9 sociale du complexe.&nbsp;Idem&nbsp;pour Alg\u00e9rie Poste qui&nbsp;a organis\u00e9 une op\u00e9ration de collecte d\u2019aides aux sinistr\u00e9s des incendies de l\u2019est du pays. AlgeriePoste&nbsp;a, dans un communiqu\u00e9, exprim\u00e9 sa solidarit\u00e9 avec les wilayas touch\u00e9es par les incendies. Dans le m\u00eame contexte, le Croissant Rouge Alg\u00e9rien (CRA) n\u2019a pas d\u00e9rog\u00e9 \u00e0 la r\u00e8gle. Des op\u00e9rations de collectes de produits de premi\u00e8re n\u00e9cessit\u00e9 destin\u00e9s aux sinistr\u00e9s des incendies \u00e0 l\u2019Est du pays&nbsp;on \u00e9t\u00e9 organis\u00e9es.&nbsp;Aussi&nbsp;plusieurs op\u00e9rations de collecte de dons humanitaires sont organis\u00e9es dans plusieurs wilayas du pays, afin d\u2019\u00eatre achemin\u00e9s vers les sinistr\u00e9s de Souk Ahras et d\u2019El Tarf vers lesquelles affluent, depuis&nbsp;jeudi, des files de convois compos\u00e9s de dizaines de camions charg\u00e9s de tonnes d\u2019aides humanitaires, en provenance de diverses wilayas du pays. Des camions charg\u00e9s surtout de produits alimentaires (semoule, huile, sucre), de couverture, de matelas, de m\u00e9dicaments et de mat\u00e9riels pharmaceutiques envoy\u00e9s par les wilayas de Guelma, S\u00e9tif, T\u00e9bessa, M\u2019sila et Alger, entre autres. Par ailleurs, pas moins de 500 b\u00e9n\u00e9voles se sont mobilis\u00e9s pour venir en aide aux sinistr\u00e9s qui ont \u00e9t\u00e9 pris en charge, et plac\u00e9s dans les \u00e9tablissements scolaires disposant de repas chauds. Pour rappel, les incendies qui se sont d\u00e9clar\u00e9s \u00e0 l\u2019est du pays, ont fait plusieurs victimes. Selon un bilan de la protection civile&nbsp;38&nbsp;personnes, dont des enfants, sont d\u00e9c\u00e9d\u00e9es \u00e0 El Tarf&nbsp;et 183&nbsp;autres ont \u00e9t\u00e9&nbsp;bless\u00e9es. Le bilan le plus lourd est celui du sinistre du parc d&rsquo;attractions de \u00ab Brabtia \u00bb et un minibus, \u00e0 son bord des femmes et des enfants, encercl\u00e9 par les flammes, non loin du parc zoologique (Brabtia). Quant \u00e0 la wilaya de Souk Ahras c\u2019est toute une famille qui a \u00e9t\u00e9 d\u00e9cim\u00e9e par le feu, alors qu\u2019une m\u00e8re et sa fille sont d\u00e9c\u00e9d\u00e9es \u00e0 S\u00e9tif, pendant qu\u2019un d\u00e9c\u00e8s a \u00e9t\u00e9 enregistr\u00e9 \u00e0 Guelma.&nbsp;Dans les wilayas de l\u2019Est du pays, dont notamment Souk Ahras et El Tarf, les&nbsp;journ\u00e9es&nbsp;de mercredi et jeudi ont \u00e9t\u00e9 apocalyptiques tant pour les habitants que pour le b\u00e9tail et le cheptel. Le couvert forestier dans ces wilayas s\u2019est en quelques secondes transform\u00e9 en tsunami de flammes ravageant tout sur son passage. Les conditions climatiques, dont les violents vents ont aid\u00e9 \u00e0 la propagation du feu,&nbsp;face&nbsp;auquel des moyens humains et mat\u00e9riels \u00e9normes ont \u00e9t\u00e9 mobilis\u00e9s. Ces incendies meurtriers sont malheureusement, l\u2019acte d\u00e9lib\u00e9r\u00e9 d\u2019incendiaires. Dans ce sens, la gendarmerie nationale d&rsquo;El-Tarf a arr\u00eat\u00e9, ce jeudi, trois personnes qui sont accus\u00e9es d\u2019avoir d\u00e9lib\u00e9r\u00e9ment mis le feu aux r\u00e9coltes agricoles appartenant \u00e0 autrui dans la commune&nbsp;\u00ab&nbsp;Le&nbsp;Lac des oiseaux&nbsp;\u00bb. Originaires d\u2019El Tarf, les 3 hommes, \u00e2g\u00e9s de 70 et 40 ans, seront pr\u00e9sent\u00e9s aujourd\u2019hui, dimanche devant l\u2019instance de&nbsp;Justice comp\u00e9tente. Dans le m\u00eame contexte, un pr\u00e9sum\u00e9 incendiaire a \u00e9t\u00e9 arr\u00eat\u00e9 \u00e0 Souk Ahras et plac\u00e9 en d\u00e9tention. Le pr\u00e9venu a \u00e9t\u00e9 interpell\u00e9&nbsp;en&nbsp;for\u00eat en possession&nbsp;de 3&nbsp;briquets, apr\u00e8s avoir a mis le feu \u00e0 la for\u00eat adjacente&nbsp;\u00e0&nbsp;la cit\u00e9&nbsp;\u00ab&nbsp;400 logements&nbsp;\u00bb.&nbsp;Ag\u00e9 de 28 ans, le pr\u00e9ven,&nbsp;un&nbsp;repris de justice a \u00e9t\u00e9 plac\u00e9 en d\u00e9tention provisoire par le magistrat instructeur qui a demand\u00e9 l&rsquo;ouverture \u00e0 son encontre.&nbsp;<\/p>\n\n\n\n<p><strong>Sofia Chahine<\/strong><\/p>\n","protected":false},"excerpt":{"rendered":"<p>C\u2019est une v\u00e9ritable&nbsp;cha\u00eene&nbsp;de solidarit\u00e9 qui s\u2019est mise en place&nbsp;dans plusieurs wilayas du pays o\u00f9&nbsp;plusieurs op\u00e9rations de collecte de m\u00e9dicaments, de<\/p>\n","protected":false},"author":3,"featured_media":25993,"comment_status":"open","ping_status":"closed","sticky":false,"template":"","format":"standard","meta":{"colormag_page_container_layout":"default_layout","colormag_page_sidebar_layout":"default_layout","om_disable_all_campaigns":false,"_monsterinsights_skip_tracking":false,"_monsterinsights_sitenote_active":false,"_monsterinsights_sitenote_note":"","_monsterinsights_sitenote_category":0,"footnotes":"","_wpscppro_dont_share_socialmedia":false,"_wpscppro_custom_social_share_image":0,"_facebook_share_type":"","_twitter_share_type":"","_linkedin_share_type":"","_pinterest_share_type":"","_linkedin_share_type_page":"","_instagram_share_type":"","_medium_share_type":"","_threads_share_type":"","_google_business_share_type":"","_selected_social_profile":[],"_wpsp_enable_custom_social_template":false,"_wpsp_social_scheduling":{"enabled":false,"datetime":null,"platforms":[],"status":"template_only","dateOption":"today","timeOption":"now","customDays":"","customHours":"","customDate":"","customTime":"","schedulingType":"absolute"},"_wpsp_active_default_template":true},"categories":[27],"tags":[],"class_list":["post-25953","post","type-post","status-publish","format-standard","has-post-thumbnail","hentry","category-actualite"],"aioseo_notices":[],"yoast_head":"<!-- This site is optimized with the Yoast SEO plugin v27.5 - https:\/\/yoast.com\/product\/yoast-seo-wordpress\/ -->\n<title>Des aides achemin\u00e9es des quatre coins du pays\u00a0: Un\u00a0\u00e9lan de solidarit\u00e9\u00a0exemplaire - La Sentinelle<\/title>\n<meta name=\"robots\" content=\"index, follow, max-snippet:-1, max-image-preview:large, max-video-preview:-1\" \/>\n<link rel=\"canonical\" href=\"https:\/\/lasentinelle.dz\/index.php\/2022\/08\/21\/incendies-a-lest-du-pays-un-elan-de-solidarite-exemplaire\/\" \/>\n<meta property=\"og:locale\" content=\"fr_FR\" \/>\n<meta property=\"og:type\" content=\"article\" \/>\n<meta property=\"og:title\" content=\"Des aides achemin\u00e9es des quatre coins du pays\u00a0: Un\u00a0\u00e9lan de solidarit\u00e9\u00a0exemplaire - La Sentinelle\" \/>\n<meta property=\"og:description\" content=\"C\u2019est une v\u00e9ritable&nbsp;cha\u00eene&nbsp;de solidarit\u00e9 qui s\u2019est mise en place&nbsp;dans plusieurs wilayas du pays o\u00f9&nbsp;plusieurs op\u00e9rations de collecte de m\u00e9dicaments, de\" \/>\n<meta property=\"og:url\" content=\"https:\/\/lasentinelle.dz\/index.php\/2022\/08\/21\/incendies-a-lest-du-pays-un-elan-de-solidarite-exemplaire\/\" \/>\n<meta property=\"og:site_name\" content=\"La Sentinelle\" \/>\n<meta property=\"article:publisher\" content=\"https:\/\/www.facebook.com\/La-Sentinelle-104059864394773\" \/>\n<meta property=\"article:published_time\" content=\"2022-08-20T23:05:00+00:00\" \/>\n<meta property=\"og:image\" content=\"https:\/\/lasentinelle.dz\/wp-content\/uploads\/2022\/08\/FB_IMG_1628879728676.png\" \/>\n\t<meta property=\"og:image:width\" content=\"1601\" \/>\n\t<meta property=\"og:image:height\" content=\"900\" \/>\n\t<meta property=\"og:image:type\" content=\"image\/png\" \/>\n<meta name=\"author\" content=\"La Sentinelle\" \/>\n<meta name=\"twitter:card\" content=\"summary_large_image\" \/>\n<meta name=\"twitter:label1\" content=\"\u00c9crit par\" \/>\n\t<meta name=\"twitter:data1\" content=\"La Sentinelle\" \/>\n\t<meta name=\"twitter:label2\" content=\"Dur\u00e9e de lecture estim\u00e9e\" \/>\n\t<meta name=\"twitter:data2\" content=\"4 minutes\" \/>\n<script type=\"application\/ld+json\" class=\"yoast-schema-graph\">{\"@context\":\"https:\\\/\\\/schema.org\",\"@graph\":[{\"@type\":\"Article\",\"@id\":\"https:\\\/\\\/lasentinelle.dz\\\/index.php\\\/2022\\\/08\\\/21\\\/incendies-a-lest-du-pays-un-elan-de-solidarite-exemplaire\\\/#article\",\"isPartOf\":{\"@id\":\"https:\\\/\\\/lasentinelle.dz\\\/index.php\\\/2022\\\/08\\\/21\\\/incendies-a-lest-du-pays-un-elan-de-solidarite-exemplaire\\\/\"},\"author\":{\"name\":\"La Sentinelle\",\"@id\":\"https:\\\/\\\/lasentinelle.dz\\\/#\\\/schema\\\/person\\\/d865044e22e70a75174ce8bcad3acfb3\"},\"headline\":\"Des aides achemin\u00e9es des quatre coins du pays\u00a0: Un\u00a0\u00e9lan de solidarit\u00e9\u00a0exemplaire\",\"datePublished\":\"2022-08-20T23:05:00+00:00\",\"mainEntityOfPage\":{\"@id\":\"https:\\\/\\\/lasentinelle.dz\\\/index.php\\\/2022\\\/08\\\/21\\\/incendies-a-lest-du-pays-un-elan-de-solidarite-exemplaire\\\/\"},\"wordCount\":813,\"commentCount\":0,\"publisher\":{\"@id\":\"https:\\\/\\\/lasentinelle.dz\\\/#organization\"},\"image\":{\"@id\":\"https:\\\/\\\/lasentinelle.dz\\\/index.php\\\/2022\\\/08\\\/21\\\/incendies-a-lest-du-pays-un-elan-de-solidarite-exemplaire\\\/#primaryimage\"},\"thumbnailUrl\":\"https:\\\/\\\/lasentinelle.dz\\\/wp-content\\\/uploads\\\/2022\\\/08\\\/FB_IMG_1628879728676.png\",\"articleSection\":[\"Actualit\u00e9\"],\"inLanguage\":\"fr-FR\",\"potentialAction\":[{\"@type\":\"CommentAction\",\"name\":\"Comment\",\"target\":[\"https:\\\/\\\/lasentinelle.dz\\\/index.php\\\/2022\\\/08\\\/21\\\/incendies-a-lest-du-pays-un-elan-de-solidarite-exemplaire\\\/#respond\"]}]},{\"@type\":\"WebPage\",\"@id\":\"https:\\\/\\\/lasentinelle.dz\\\/index.php\\\/2022\\\/08\\\/21\\\/incendies-a-lest-du-pays-un-elan-de-solidarite-exemplaire\\\/\",\"url\":\"https:\\\/\\\/lasentinelle.dz\\\/index.php\\\/2022\\\/08\\\/21\\\/incendies-a-lest-du-pays-un-elan-de-solidarite-exemplaire\\\/\",\"name\":\"Des aides achemin\u00e9es des quatre coins du pays\u00a0: Un\u00a0\u00e9lan de solidarit\u00e9\u00a0exemplaire - La Sentinelle\",\"isPartOf\":{\"@id\":\"https:\\\/\\\/lasentinelle.dz\\\/#website\"},\"primaryImageOfPage\":{\"@id\":\"https:\\\/\\\/lasentinelle.dz\\\/index.php\\\/2022\\\/08\\\/21\\\/incendies-a-lest-du-pays-un-elan-de-solidarite-exemplaire\\\/#primaryimage\"},\"image\":{\"@id\":\"https:\\\/\\\/lasentinelle.dz\\\/index.php\\\/2022\\\/08\\\/21\\\/incendies-a-lest-du-pays-un-elan-de-solidarite-exemplaire\\\/#primaryimage\"},\"thumbnailUrl\":\"https:\\\/\\\/lasentinelle.dz\\\/wp-content\\\/uploads\\\/2022\\\/08\\\/FB_IMG_1628879728676.png\",\"datePublished\":\"2022-08-20T23:05:00+00:00\",\"breadcrumb\":{\"@id\":\"https:\\\/\\\/lasentinelle.dz\\\/index.php\\\/2022\\\/08\\\/21\\\/incendies-a-lest-du-pays-un-elan-de-solidarite-exemplaire\\\/#breadcrumb\"},\"inLanguage\":\"fr-FR\",\"potentialAction\":[{\"@type\":\"ReadAction\",\"target\":[\"https:\\\/\\\/lasentinelle.dz\\\/index.php\\\/2022\\\/08\\\/21\\\/incendies-a-lest-du-pays-un-elan-de-solidarite-exemplaire\\\/\"]}]},{\"@type\":\"ImageObject\",\"inLanguage\":\"fr-FR\",\"@id\":\"https:\\\/\\\/lasentinelle.dz\\\/index.php\\\/2022\\\/08\\\/21\\\/incendies-a-lest-du-pays-un-elan-de-solidarite-exemplaire\\\/#primaryimage\",\"url\":\"https:\\\/\\\/lasentinelle.dz\\\/wp-content\\\/uploads\\\/2022\\\/08\\\/FB_IMG_1628879728676.png\",\"contentUrl\":\"https:\\\/\\\/lasentinelle.dz\\\/wp-content\\\/uploads\\\/2022\\\/08\\\/FB_IMG_1628879728676.png\",\"width\":1601,\"height\":900},{\"@type\":\"BreadcrumbList\",\"@id\":\"https:\\\/\\\/lasentinelle.dz\\\/index.php\\\/2022\\\/08\\\/21\\\/incendies-a-lest-du-pays-un-elan-de-solidarite-exemplaire\\\/#breadcrumb\",\"itemListElement\":[{\"@type\":\"ListItem\",\"position\":1,\"name\":\"Accueil\",\"item\":\"https:\\\/\\\/lasentinelle.dz\\\/\"},{\"@type\":\"ListItem\",\"position\":2,\"name\":\"Des aides achemin\u00e9es des quatre coins du pays\u00a0: Un\u00a0\u00e9lan de solidarit\u00e9\u00a0exemplaire\"}]},{\"@type\":\"WebSite\",\"@id\":\"https:\\\/\\\/lasentinelle.dz\\\/#website\",\"url\":\"https:\\\/\\\/lasentinelle.dz\\\/\",\"name\":\"La Sentinelle\",\"description\":\"Quotidien national d&#039;information\",\"publisher\":{\"@id\":\"https:\\\/\\\/lasentinelle.dz\\\/#organization\"},\"potentialAction\":[{\"@type\":\"SearchAction\",\"target\":{\"@type\":\"EntryPoint\",\"urlTemplate\":\"https:\\\/\\\/lasentinelle.dz\\\/?s={search_term_string}\"},\"query-input\":{\"@type\":\"PropertyValueSpecification\",\"valueRequired\":true,\"valueName\":\"search_term_string\"}}],\"inLanguage\":\"fr-FR\"},{\"@type\":\"Organization\",\"@id\":\"https:\\\/\\\/lasentinelle.dz\\\/#organization\",\"name\":\"Quotidien La Sentinelle\",\"url\":\"https:\\\/\\\/lasentinelle.dz\\\/\",\"logo\":{\"@type\":\"ImageObject\",\"inLanguage\":\"fr-FR\",\"@id\":\"https:\\\/\\\/lasentinelle.dz\\\/#\\\/schema\\\/logo\\\/image\\\/\",\"url\":\"https:\\\/\\\/lasentinelle.dz\\\/wp-content\\\/uploads\\\/2021\\\/09\\\/logo-sentinelleSLOGAN-1.png\",\"contentUrl\":\"https:\\\/\\\/lasentinelle.dz\\\/wp-content\\\/uploads\\\/2021\\\/09\\\/logo-sentinelleSLOGAN-1.png\",\"width\":615,\"height\":142,\"caption\":\"Quotidien La Sentinelle\"},\"image\":{\"@id\":\"https:\\\/\\\/lasentinelle.dz\\\/#\\\/schema\\\/logo\\\/image\\\/\"},\"sameAs\":[\"https:\\\/\\\/www.facebook.com\\\/La-Sentinelle-104059864394773\"]},{\"@type\":\"Person\",\"@id\":\"https:\\\/\\\/lasentinelle.dz\\\/#\\\/schema\\\/person\\\/d865044e22e70a75174ce8bcad3acfb3\",\"name\":\"La Sentinelle\",\"image\":{\"@type\":\"ImageObject\",\"inLanguage\":\"fr-FR\",\"@id\":\"https:\\\/\\\/secure.gravatar.com\\\/avatar\\\/57de8e5d4b15d43fb361a71fbb36338450fe67865b528a43dd10ef7c51a20392?s=96&d=mm&r=g\",\"url\":\"https:\\\/\\\/secure.gravatar.com\\\/avatar\\\/57de8e5d4b15d43fb361a71fbb36338450fe67865b528a43dd10ef7c51a20392?s=96&d=mm&r=g\",\"contentUrl\":\"https:\\\/\\\/secure.gravatar.com\\\/avatar\\\/57de8e5d4b15d43fb361a71fbb36338450fe67865b528a43dd10ef7c51a20392?s=96&d=mm&r=g\",\"caption\":\"La Sentinelle\"},\"sameAs\":[\"http:\\\/\\\/www.lasentinelle.dz\"],\"url\":\"https:\\\/\\\/lasentinelle.dz\\\/author\\\/redaction\\\/\"}]}<\/script>\n<!-- \/ Yoast SEO plugin. -->","yoast_head_json":{"title":"Des aides achemin\u00e9es des quatre coins du pays\u00a0: Un\u00a0\u00e9lan de solidarit\u00e9\u00a0exemplaire - La Sentinelle","robots":{"index":"index","follow":"follow","max-snippet":"max-snippet:-1","max-image-preview":"max-image-preview:large","max-video-preview":"max-video-preview:-1"},"canonical":"https:\/\/lasentinelle.dz\/index.php\/2022\/08\/21\/incendies-a-lest-du-pays-un-elan-de-solidarite-exemplaire\/","og_locale":"fr_FR","og_type":"article","og_title":"Des aides achemin\u00e9es des quatre coins du pays\u00a0: Un\u00a0\u00e9lan de solidarit\u00e9\u00a0exemplaire - La Sentinelle","og_description":"C\u2019est une v\u00e9ritable&nbsp;cha\u00eene&nbsp;de solidarit\u00e9 qui s\u2019est mise en place&nbsp;dans plusieurs wilayas du pays o\u00f9&nbsp;plusieurs op\u00e9rations de collecte de m\u00e9dicaments, de","og_url":"https:\/\/lasentinelle.dz\/index.php\/2022\/08\/21\/incendies-a-lest-du-pays-un-elan-de-solidarite-exemplaire\/","og_site_name":"La Sentinelle","article_publisher":"https:\/\/www.facebook.com\/La-Sentinelle-104059864394773","article_published_time":"2022-08-20T23:05:00+00:00","og_image":[{"width":1601,"height":900,"url":"https:\/\/lasentinelle.dz\/wp-content\/uploads\/2022\/08\/FB_IMG_1628879728676.png","type":"image\/png"}],"author":"La Sentinelle","twitter_card":"summary_large_image","twitter_misc":{"\u00c9crit par":"La Sentinelle","Dur\u00e9e de lecture estim\u00e9e":"4 minutes"},"schema":{"@context":"https:\/\/schema.org","@graph":[{"@type":"Article","@id":"https:\/\/lasentinelle.dz\/index.php\/2022\/08\/21\/incendies-a-lest-du-pays-un-elan-de-solidarite-exemplaire\/#article","isPartOf":{"@id":"https:\/\/lasentinelle.dz\/index.php\/2022\/08\/21\/incendies-a-lest-du-pays-un-elan-de-solidarite-exemplaire\/"},"author":{"name":"La Sentinelle","@id":"https:\/\/lasentinelle.dz\/#\/schema\/person\/d865044e22e70a75174ce8bcad3acfb3"},"headline":"Des aides achemin\u00e9es des quatre coins du pays\u00a0: Un\u00a0\u00e9lan de solidarit\u00e9\u00a0exemplaire","datePublished":"2022-08-20T23:05:00+00:00","mainEntityOfPage":{"@id":"https:\/\/lasentinelle.dz\/index.php\/2022\/08\/21\/incendies-a-lest-du-pays-un-elan-de-solidarite-exemplaire\/"},"wordCount":813,"commentCount":0,"publisher":{"@id":"https:\/\/lasentinelle.dz\/#organization"},"image":{"@id":"https:\/\/lasentinelle.dz\/index.php\/2022\/08\/21\/incendies-a-lest-du-pays-un-elan-de-solidarite-exemplaire\/#primaryimage"},"thumbnailUrl":"https:\/\/lasentinelle.dz\/wp-content\/uploads\/2022\/08\/FB_IMG_1628879728676.png","articleSection":["Actualit\u00e9"],"inLanguage":"fr-FR","potentialAction":[{"@type":"CommentAction","name":"Comment","target":["https:\/\/lasentinelle.dz\/index.php\/2022\/08\/21\/incendies-a-lest-du-pays-un-elan-de-solidarite-exemplaire\/#respond"]}]},{"@type":"WebPage","@id":"https:\/\/lasentinelle.dz\/index.php\/2022\/08\/21\/incendies-a-lest-du-pays-un-elan-de-solidarite-exemplaire\/","url":"https:\/\/lasentinelle.dz\/index.php\/2022\/08\/21\/incendies-a-lest-du-pays-un-elan-de-solidarite-exemplaire\/","name":"Des aides achemin\u00e9es des quatre coins du pays\u00a0: Un\u00a0\u00e9lan de solidarit\u00e9\u00a0exemplaire - La Sentinelle","isPartOf":{"@id":"https:\/\/lasentinelle.dz\/#website"},"primaryImageOfPage":{"@id":"https:\/\/lasentinelle.dz\/index.php\/2022\/08\/21\/incendies-a-lest-du-pays-un-elan-de-solidarite-exemplaire\/#primaryimage"},"image":{"@id":"https:\/\/lasentinelle.dz\/index.php\/2022\/08\/21\/incendies-a-lest-du-pays-un-elan-de-solidarite-exemplaire\/#primaryimage"},"thumbnailUrl":"https:\/\/lasentinelle.dz\/wp-content\/uploads\/2022\/08\/FB_IMG_1628879728676.png","datePublished":"2022-08-20T23:05:00+00:00","breadcrumb":{"@id":"https:\/\/lasentinelle.dz\/index.php\/2022\/08\/21\/incendies-a-lest-du-pays-un-elan-de-solidarite-exemplaire\/#breadcrumb"},"inLanguage":"fr-FR","potentialAction":[{"@type":"ReadAction","target":["https:\/\/lasentinelle.dz\/index.php\/2022\/08\/21\/incendies-a-lest-du-pays-un-elan-de-solidarite-exemplaire\/"]}]},{"@type":"ImageObject","inLanguage":"fr-FR","@id":"https:\/\/lasentinelle.dz\/index.php\/2022\/08\/21\/incendies-a-lest-du-pays-un-elan-de-solidarite-exemplaire\/#primaryimage","url":"https:\/\/lasentinelle.dz\/wp-content\/uploads\/2022\/08\/FB_IMG_1628879728676.png","contentUrl":"https:\/\/lasentinelle.dz\/wp-content\/uploads\/2022\/08\/FB_IMG_1628879728676.png","width":1601,"height":900},{"@type":"BreadcrumbList","@id":"https:\/\/lasentinelle.dz\/index.php\/2022\/08\/21\/incendies-a-lest-du-pays-un-elan-de-solidarite-exemplaire\/#breadcrumb","itemListElement":[{"@type":"ListItem","position":1,"name":"Accueil","item":"https:\/\/lasentinelle.dz\/"},{"@type":"ListItem","position":2,"name":"Des aides achemin\u00e9es des quatre coins du pays\u00a0: Un\u00a0\u00e9lan de solidarit\u00e9\u00a0exemplaire"}]},{"@type":"WebSite","@id":"https:\/\/lasentinelle.dz\/#website","url":"https:\/\/lasentinelle.dz\/","name":"La Sentinelle","description":"Quotidien national d&#039;information","publisher":{"@id":"https:\/\/lasentinelle.dz\/#organization"},"potentialAction":[{"@type":"SearchAction","target":{"@type":"EntryPoint","urlTemplate":"https:\/\/lasentinelle.dz\/?s={search_term_string}"},"query-input":{"@type":"PropertyValueSpecification","valueRequired":true,"valueName":"search_term_string"}}],"inLanguage":"fr-FR"},{"@type":"Organization","@id":"https:\/\/lasentinelle.dz\/#organization","name":"Quotidien La Sentinelle","url":"https:\/\/lasentinelle.dz\/","logo":{"@type":"ImageObject","inLanguage":"fr-FR","@id":"https:\/\/lasentinelle.dz\/#\/schema\/logo\/image\/","url":"https:\/\/lasentinelle.dz\/wp-content\/uploads\/2021\/09\/logo-sentinelleSLOGAN-1.png","contentUrl":"https:\/\/lasentinelle.dz\/wp-content\/uploads\/2021\/09\/logo-sentinelleSLOGAN-1.png","width":615,"height":142,"caption":"Quotidien La Sentinelle"},"image":{"@id":"https:\/\/lasentinelle.dz\/#\/schema\/logo\/image\/"},"sameAs":["https:\/\/www.facebook.com\/La-Sentinelle-104059864394773"]},{"@type":"Person","@id":"https:\/\/lasentinelle.dz\/#\/schema\/person\/d865044e22e70a75174ce8bcad3acfb3","name":"La Sentinelle","image":{"@type":"ImageObject","inLanguage":"fr-FR","@id":"https:\/\/secure.gravatar.com\/avatar\/57de8e5d4b15d43fb361a71fbb36338450fe67865b528a43dd10ef7c51a20392?s=96&d=mm&r=g","url":"https:\/\/secure.gravatar.com\/avatar\/57de8e5d4b15d43fb361a71fbb36338450fe67865b528a43dd10ef7c51a20392?s=96&d=mm&r=g","contentUrl":"https:\/\/secure.gravatar.com\/avatar\/57de8e5d4b15d43fb361a71fbb36338450fe67865b528a43dd10ef7c51a20392?s=96&d=mm&r=g","caption":"La Sentinelle"},"sameAs":["http:\/\/www.lasentinelle.dz"],"url":"https:\/\/lasentinelle.dz\/author\/redaction\/"}]}},"_links":{"self":[{"href":"https:\/\/lasentinelle.dz\/index.php\/wp-json\/wp\/v2\/posts\/25953","targetHints":{"allow":["GET"]}}],"collection":[{"href":"https:\/\/lasentinelle.dz\/index.php\/wp-json\/wp\/v2\/posts"}],"about":[{"href":"https:\/\/lasentinelle.dz\/index.php\/wp-json\/wp\/v2\/types\/post"}],"author":[{"embeddable":true,"href":"https:\/\/lasentinelle.dz\/index.php\/wp-json\/wp\/v2\/users\/3"}],"replies":[{"embeddable":true,"href":"https:\/\/lasentinelle.dz\/index.php\/wp-json\/wp\/v2\/comments?post=25953"}],"version-history":[{"count":2,"href":"https:\/\/lasentinelle.dz\/index.php\/wp-json\/wp\/v2\/posts\/25953\/revisions"}],"predecessor-version":[{"id":26005,"href":"https:\/\/lasentinelle.dz\/index.php\/wp-json\/wp\/v2\/posts\/25953\/revisions\/26005"}],"wp:featuredmedia":[{"embeddable":true,"href":"https:\/\/lasentinelle.dz\/index.php\/wp-json\/wp\/v2\/media\/25993"}],"wp:attachment":[{"href":"https:\/\/lasentinelle.dz\/index.php\/wp-json\/wp\/v2\/media?parent=25953"}],"wp:term":[{"taxonomy":"category","embeddable":true,"href":"https:\/\/lasentinelle.dz\/index.php\/wp-json\/wp\/v2\/categories?post=25953"},{"taxonomy":"post_tag","embeddable":true,"href":"https:\/\/lasentinelle.dz\/index.php\/wp-json\/wp\/v2\/tags?post=25953"}],"curies":[{"name":"wp","href":"https:\/\/api.w.org\/{rel}","templated":true}]}}