{"id":25971,"date":"2022-08-21T00:01:00","date_gmt":"2022-08-20T23:01:00","guid":{"rendered":"https:\/\/lasentinelle.dz\/?p=25971"},"modified":"2022-08-20T16:35:10","modified_gmt":"2022-08-20T15:35:10","slug":"constantine-le-domicile-du-president-de-la-cour-cambriole","status":"publish","type":"post","link":"https:\/\/lasentinelle.dz\/index.php\/2022\/08\/21\/constantine-le-domicile-du-president-de-la-cour-cambriole\/","title":{"rendered":"Constantine\u00a0: Le domicile\u00a0du pr\u00e9sident de la\u00a0Cour\u00a0cambriol\u00e9"},"content":{"rendered":"\n<p>Des&nbsp;cambrioleurs, encore non identifi\u00e9s,&nbsp;se sont introduits dans le domicile du pr\u00e9sident de la Cour de Constantine o\u00f9 ils ont subtilis\u00e9&nbsp;l\u2019arme \u00e0 feu du magistrat, un t\u00e9l\u00e9phone portable et des documents&nbsp;!<\/p>\n\n\n\n<p>C\u2019est ce&nbsp;que nous confie&nbsp;une source s\u00e9curitaire qui a pr\u00e9cis\u00e9 qu\u2019aussit\u00f4t le vol d\u00e9couvert,&nbsp;&nbsp;les services de s\u00e9curit\u00e9 ont \u00e9t\u00e9 inform\u00e9s de l&rsquo;affaire. D\u00e9p\u00each\u00e9s au domicile du magistrat, les \u00e9l\u00e9ments de la police scientifique, de l\u2019identit\u00e9 et de la brigade criminelle de la police judiciaire de la&nbsp;S\u00fbret\u00e9 de Constantine ont proc\u00e9d\u00e9 \u00e0 toutes les op\u00e9rations constat et prise d&#8217;empreintes digitales et la collecte de preuves et d&rsquo;indices&nbsp;&nbsp;pouvant aider \u00e0 identifier le ou les auteurs de ce vol, nous explique t-on.&nbsp;&nbsp;Selon la m\u00eame source les diff\u00e9rentes \u00e9quipes op\u00e9rationnelles des \u00e9l\u00e9ments de la police judiciaire poursuivent l\u2019 op\u00e9rations de recherche \u00e0 travers le territoire de la wilaya, \u00e0 la recherche du&nbsp;ou des auteurs qui se sont&nbsp;&nbsp;introduits, jeudi matin, dans la r\u00e9sidence du pr\u00e9sident de la&nbsp;Cour de Constantine et surtout, afin&nbsp;&nbsp;de r\u00e9cup\u00e9rer les objets vol\u00e9s,&nbsp;dont l&rsquo;arme personnelle du premier magistrat de la&nbsp;Cour de Constantine, son t\u00e9l\u00e9phone portable , des documents et d&rsquo;autres&nbsp;objets, qui \u00e9taient dans un placard dans l&rsquo;un des appartements du logement de fonction du&nbsp;magistrat. Les services de s\u00e9curit\u00e9 charg\u00e9s de l\u2019affaire ont visionn\u00e9 les 10 cam\u00e9ras de surveillance install\u00e9es au niveau du b\u00e2timent des logements de fonction de l&rsquo;autorit\u00e9 ex\u00e9cutive des cadres de l&rsquo;\u00c9tat, compos\u00e9 d\u2019un rez-de-chauss\u00e9e et un \u00e9tage.&nbsp;&nbsp;Selon les m\u00eames sources, toutes les \u00e9quipes op\u00e9rationnelles et de renseignement affili\u00e9es aux diff\u00e9rentes forces de s\u00e9curit\u00e9 ont \u00e9t\u00e9 mobilis\u00e9es pour intensifier les op\u00e9rations de recherche. Selon notre source, c\u2019est l\u2019alerte&nbsp;&nbsp;maximale sur le territoire de la wilaya de Constantine&nbsp;&nbsp;et des wilayas avoisinantes qui connaissent&nbsp;&nbsp;une forte&nbsp;&nbsp;mobilisation des diff\u00e9rentes \u00e9quipes op\u00e9rationnelles et de renseignement afin d&rsquo;arriver \u00e0 localiser le ou les auteurs dans les meilleurs d\u00e9lais, et de r\u00e9cup\u00e9rer les objets vol\u00e9s.&nbsp;<\/p>\n\n\n\n<p><strong>Sofia Chahine<\/strong><\/p>\n","protected":false},"excerpt":{"rendered":"<p>Des&nbsp;cambrioleurs, encore non identifi\u00e9s,&nbsp;se sont introduits dans le domicile du pr\u00e9sident de la Cour de Constantine o\u00f9 ils ont subtilis\u00e9&nbsp;l\u2019arme<\/p>\n","protected":false},"author":3,"featured_media":25972,"comment_status":"open","ping_status":"closed","sticky":false,"template":"","format":"standard","meta":{"colormag_page_container_layout":"default_layout","colormag_page_sidebar_layout":"default_layout","om_disable_all_campaigns":false,"_monsterinsights_skip_tracking":false,"_monsterinsights_sitenote_active":false,"_monsterinsights_sitenote_note":"","_monsterinsights_sitenote_category":0,"footnotes":"","_wpscppro_dont_share_socialmedia":false,"_wpscppro_custom_social_share_image":0,"_facebook_share_type":"","_twitter_share_type":"","_linkedin_share_type":"","_pinterest_share_type":"","_linkedin_share_type_page":"","_instagram_share_type":"","_medium_share_type":"","_threads_share_type":"","_google_business_share_type":"","_selected_social_profile":[],"_wpsp_enable_custom_social_template":false,"_wpsp_social_scheduling":{"enabled":false,"datetime":null,"platforms":[],"status":"template_only","dateOption":"today","timeOption":"now","customDays":"","customHours":"","customDate":"","customTime":"","schedulingType":"absolute"},"_wpsp_active_default_template":true},"categories":[31],"tags":[],"class_list":["post-25971","post","type-post","status-publish","format-standard","has-post-thumbnail","hentry","category-regions"],"aioseo_notices":[],"yoast_head":"<!-- This site is optimized with the Yoast SEO plugin v27.4 - https:\/\/yoast.com\/product\/yoast-seo-wordpress\/ -->\n<title>Constantine\u00a0: Le domicile\u00a0du pr\u00e9sident de la\u00a0Cour\u00a0cambriol\u00e9 - La Sentinelle<\/title>\n<meta name=\"robots\" content=\"index, follow, max-snippet:-1, max-image-preview:large, max-video-preview:-1\" \/>\n<link rel=\"canonical\" href=\"https:\/\/lasentinelle.dz\/index.php\/2022\/08\/21\/constantine-le-domicile-du-president-de-la-cour-cambriole\/\" \/>\n<meta property=\"og:locale\" content=\"fr_FR\" \/>\n<meta property=\"og:type\" content=\"article\" \/>\n<meta property=\"og:title\" content=\"Constantine\u00a0: Le domicile\u00a0du pr\u00e9sident de la\u00a0Cour\u00a0cambriol\u00e9 - La Sentinelle\" \/>\n<meta property=\"og:description\" content=\"Des&nbsp;cambrioleurs, encore non identifi\u00e9s,&nbsp;se sont introduits dans le domicile du pr\u00e9sident de la Cour de Constantine o\u00f9 ils ont subtilis\u00e9&nbsp;l\u2019arme\" \/>\n<meta property=\"og:url\" content=\"https:\/\/lasentinelle.dz\/index.php\/2022\/08\/21\/constantine-le-domicile-du-president-de-la-cour-cambriole\/\" \/>\n<meta property=\"og:site_name\" content=\"La Sentinelle\" \/>\n<meta property=\"article:publisher\" content=\"https:\/\/www.facebook.com\/La-Sentinelle-104059864394773\" \/>\n<meta property=\"article:published_time\" content=\"2022-08-20T23:01:00+00:00\" \/>\n<meta property=\"og:image\" content=\"https:\/\/lasentinelle.dz\/wp-content\/uploads\/2022\/08\/justice.png\" \/>\n\t<meta property=\"og:image:width\" content=\"1349\" \/>\n\t<meta property=\"og:image:height\" content=\"900\" \/>\n\t<meta property=\"og:image:type\" content=\"image\/png\" \/>\n<meta name=\"author\" content=\"La Sentinelle\" \/>\n<meta name=\"twitter:card\" content=\"summary_large_image\" \/>\n<meta name=\"twitter:label1\" content=\"\u00c9crit par\" \/>\n\t<meta name=\"twitter:data1\" content=\"La Sentinelle\" \/>\n\t<meta name=\"twitter:label2\" content=\"Dur\u00e9e de lecture estim\u00e9e\" \/>\n\t<meta name=\"twitter:data2\" content=\"2 minutes\" \/>\n<script type=\"application\/ld+json\" class=\"yoast-schema-graph\">{\"@context\":\"https:\\\/\\\/schema.org\",\"@graph\":[{\"@type\":\"Article\",\"@id\":\"https:\\\/\\\/lasentinelle.dz\\\/index.php\\\/2022\\\/08\\\/21\\\/constantine-le-domicile-du-president-de-la-cour-cambriole\\\/#article\",\"isPartOf\":{\"@id\":\"https:\\\/\\\/lasentinelle.dz\\\/index.php\\\/2022\\\/08\\\/21\\\/constantine-le-domicile-du-president-de-la-cour-cambriole\\\/\"},\"author\":{\"name\":\"La Sentinelle\",\"@id\":\"https:\\\/\\\/lasentinelle.dz\\\/#\\\/schema\\\/person\\\/d865044e22e70a75174ce8bcad3acfb3\"},\"headline\":\"Constantine\u00a0: Le domicile\u00a0du pr\u00e9sident de la\u00a0Cour\u00a0cambriol\u00e9\",\"datePublished\":\"2022-08-20T23:01:00+00:00\",\"mainEntityOfPage\":{\"@id\":\"https:\\\/\\\/lasentinelle.dz\\\/index.php\\\/2022\\\/08\\\/21\\\/constantine-le-domicile-du-president-de-la-cour-cambriole\\\/\"},\"wordCount\":422,\"commentCount\":0,\"publisher\":{\"@id\":\"https:\\\/\\\/lasentinelle.dz\\\/#organization\"},\"image\":{\"@id\":\"https:\\\/\\\/lasentinelle.dz\\\/index.php\\\/2022\\\/08\\\/21\\\/constantine-le-domicile-du-president-de-la-cour-cambriole\\\/#primaryimage\"},\"thumbnailUrl\":\"https:\\\/\\\/lasentinelle.dz\\\/wp-content\\\/uploads\\\/2022\\\/08\\\/justice.png\",\"articleSection\":[\"R\u00e9gions\"],\"inLanguage\":\"fr-FR\",\"potentialAction\":[{\"@type\":\"CommentAction\",\"name\":\"Comment\",\"target\":[\"https:\\\/\\\/lasentinelle.dz\\\/index.php\\\/2022\\\/08\\\/21\\\/constantine-le-domicile-du-president-de-la-cour-cambriole\\\/#respond\"]}]},{\"@type\":\"WebPage\",\"@id\":\"https:\\\/\\\/lasentinelle.dz\\\/index.php\\\/2022\\\/08\\\/21\\\/constantine-le-domicile-du-president-de-la-cour-cambriole\\\/\",\"url\":\"https:\\\/\\\/lasentinelle.dz\\\/index.php\\\/2022\\\/08\\\/21\\\/constantine-le-domicile-du-president-de-la-cour-cambriole\\\/\",\"name\":\"Constantine\u00a0: Le domicile\u00a0du pr\u00e9sident de la\u00a0Cour\u00a0cambriol\u00e9 - La Sentinelle\",\"isPartOf\":{\"@id\":\"https:\\\/\\\/lasentinelle.dz\\\/#website\"},\"primaryImageOfPage\":{\"@id\":\"https:\\\/\\\/lasentinelle.dz\\\/index.php\\\/2022\\\/08\\\/21\\\/constantine-le-domicile-du-president-de-la-cour-cambriole\\\/#primaryimage\"},\"image\":{\"@id\":\"https:\\\/\\\/lasentinelle.dz\\\/index.php\\\/2022\\\/08\\\/21\\\/constantine-le-domicile-du-president-de-la-cour-cambriole\\\/#primaryimage\"},\"thumbnailUrl\":\"https:\\\/\\\/lasentinelle.dz\\\/wp-content\\\/uploads\\\/2022\\\/08\\\/justice.png\",\"datePublished\":\"2022-08-20T23:01:00+00:00\",\"breadcrumb\":{\"@id\":\"https:\\\/\\\/lasentinelle.dz\\\/index.php\\\/2022\\\/08\\\/21\\\/constantine-le-domicile-du-president-de-la-cour-cambriole\\\/#breadcrumb\"},\"inLanguage\":\"fr-FR\",\"potentialAction\":[{\"@type\":\"ReadAction\",\"target\":[\"https:\\\/\\\/lasentinelle.dz\\\/index.php\\\/2022\\\/08\\\/21\\\/constantine-le-domicile-du-president-de-la-cour-cambriole\\\/\"]}]},{\"@type\":\"ImageObject\",\"inLanguage\":\"fr-FR\",\"@id\":\"https:\\\/\\\/lasentinelle.dz\\\/index.php\\\/2022\\\/08\\\/21\\\/constantine-le-domicile-du-president-de-la-cour-cambriole\\\/#primaryimage\",\"url\":\"https:\\\/\\\/lasentinelle.dz\\\/wp-content\\\/uploads\\\/2022\\\/08\\\/justice.png\",\"contentUrl\":\"https:\\\/\\\/lasentinelle.dz\\\/wp-content\\\/uploads\\\/2022\\\/08\\\/justice.png\",\"width\":1349,\"height\":900},{\"@type\":\"BreadcrumbList\",\"@id\":\"https:\\\/\\\/lasentinelle.dz\\\/index.php\\\/2022\\\/08\\\/21\\\/constantine-le-domicile-du-president-de-la-cour-cambriole\\\/#breadcrumb\",\"itemListElement\":[{\"@type\":\"ListItem\",\"position\":1,\"name\":\"Accueil\",\"item\":\"https:\\\/\\\/lasentinelle.dz\\\/\"},{\"@type\":\"ListItem\",\"position\":2,\"name\":\"Constantine\u00a0: Le domicile\u00a0du pr\u00e9sident de la\u00a0Cour\u00a0cambriol\u00e9\"}]},{\"@type\":\"WebSite\",\"@id\":\"https:\\\/\\\/lasentinelle.dz\\\/#website\",\"url\":\"https:\\\/\\\/lasentinelle.dz\\\/\",\"name\":\"La Sentinelle\",\"description\":\"Quotidien national d&#039;information\",\"publisher\":{\"@id\":\"https:\\\/\\\/lasentinelle.dz\\\/#organization\"},\"potentialAction\":[{\"@type\":\"SearchAction\",\"target\":{\"@type\":\"EntryPoint\",\"urlTemplate\":\"https:\\\/\\\/lasentinelle.dz\\\/?s={search_term_string}\"},\"query-input\":{\"@type\":\"PropertyValueSpecification\",\"valueRequired\":true,\"valueName\":\"search_term_string\"}}],\"inLanguage\":\"fr-FR\"},{\"@type\":\"Organization\",\"@id\":\"https:\\\/\\\/lasentinelle.dz\\\/#organization\",\"name\":\"Quotidien La Sentinelle\",\"url\":\"https:\\\/\\\/lasentinelle.dz\\\/\",\"logo\":{\"@type\":\"ImageObject\",\"inLanguage\":\"fr-FR\",\"@id\":\"https:\\\/\\\/lasentinelle.dz\\\/#\\\/schema\\\/logo\\\/image\\\/\",\"url\":\"https:\\\/\\\/lasentinelle.dz\\\/wp-content\\\/uploads\\\/2021\\\/09\\\/logo-sentinelleSLOGAN-1.png\",\"contentUrl\":\"https:\\\/\\\/lasentinelle.dz\\\/wp-content\\\/uploads\\\/2021\\\/09\\\/logo-sentinelleSLOGAN-1.png\",\"width\":615,\"height\":142,\"caption\":\"Quotidien La Sentinelle\"},\"image\":{\"@id\":\"https:\\\/\\\/lasentinelle.dz\\\/#\\\/schema\\\/logo\\\/image\\\/\"},\"sameAs\":[\"https:\\\/\\\/www.facebook.com\\\/La-Sentinelle-104059864394773\"]},{\"@type\":\"Person\",\"@id\":\"https:\\\/\\\/lasentinelle.dz\\\/#\\\/schema\\\/person\\\/d865044e22e70a75174ce8bcad3acfb3\",\"name\":\"La Sentinelle\",\"image\":{\"@type\":\"ImageObject\",\"inLanguage\":\"fr-FR\",\"@id\":\"https:\\\/\\\/secure.gravatar.com\\\/avatar\\\/57de8e5d4b15d43fb361a71fbb36338450fe67865b528a43dd10ef7c51a20392?s=96&d=mm&r=g\",\"url\":\"https:\\\/\\\/secure.gravatar.com\\\/avatar\\\/57de8e5d4b15d43fb361a71fbb36338450fe67865b528a43dd10ef7c51a20392?s=96&d=mm&r=g\",\"contentUrl\":\"https:\\\/\\\/secure.gravatar.com\\\/avatar\\\/57de8e5d4b15d43fb361a71fbb36338450fe67865b528a43dd10ef7c51a20392?s=96&d=mm&r=g\",\"caption\":\"La Sentinelle\"},\"sameAs\":[\"http:\\\/\\\/www.lasentinelle.dz\"],\"url\":\"https:\\\/\\\/lasentinelle.dz\\\/author\\\/redaction\\\/\"}]}<\/script>\n<!-- \/ Yoast SEO plugin. -->","yoast_head_json":{"title":"Constantine\u00a0: Le domicile\u00a0du pr\u00e9sident de la\u00a0Cour\u00a0cambriol\u00e9 - La Sentinelle","robots":{"index":"index","follow":"follow","max-snippet":"max-snippet:-1","max-image-preview":"max-image-preview:large","max-video-preview":"max-video-preview:-1"},"canonical":"https:\/\/lasentinelle.dz\/index.php\/2022\/08\/21\/constantine-le-domicile-du-president-de-la-cour-cambriole\/","og_locale":"fr_FR","og_type":"article","og_title":"Constantine\u00a0: Le domicile\u00a0du pr\u00e9sident de la\u00a0Cour\u00a0cambriol\u00e9 - La Sentinelle","og_description":"Des&nbsp;cambrioleurs, encore non identifi\u00e9s,&nbsp;se sont introduits dans le domicile du pr\u00e9sident de la Cour de Constantine o\u00f9 ils ont subtilis\u00e9&nbsp;l\u2019arme","og_url":"https:\/\/lasentinelle.dz\/index.php\/2022\/08\/21\/constantine-le-domicile-du-president-de-la-cour-cambriole\/","og_site_name":"La Sentinelle","article_publisher":"https:\/\/www.facebook.com\/La-Sentinelle-104059864394773","article_published_time":"2022-08-20T23:01:00+00:00","og_image":[{"width":1349,"height":900,"url":"https:\/\/lasentinelle.dz\/wp-content\/uploads\/2022\/08\/justice.png","type":"image\/png"}],"author":"La Sentinelle","twitter_card":"summary_large_image","twitter_misc":{"\u00c9crit par":"La Sentinelle","Dur\u00e9e de lecture estim\u00e9e":"2 minutes"},"schema":{"@context":"https:\/\/schema.org","@graph":[{"@type":"Article","@id":"https:\/\/lasentinelle.dz\/index.php\/2022\/08\/21\/constantine-le-domicile-du-president-de-la-cour-cambriole\/#article","isPartOf":{"@id":"https:\/\/lasentinelle.dz\/index.php\/2022\/08\/21\/constantine-le-domicile-du-president-de-la-cour-cambriole\/"},"author":{"name":"La Sentinelle","@id":"https:\/\/lasentinelle.dz\/#\/schema\/person\/d865044e22e70a75174ce8bcad3acfb3"},"headline":"Constantine\u00a0: Le domicile\u00a0du pr\u00e9sident de la\u00a0Cour\u00a0cambriol\u00e9","datePublished":"2022-08-20T23:01:00+00:00","mainEntityOfPage":{"@id":"https:\/\/lasentinelle.dz\/index.php\/2022\/08\/21\/constantine-le-domicile-du-president-de-la-cour-cambriole\/"},"wordCount":422,"commentCount":0,"publisher":{"@id":"https:\/\/lasentinelle.dz\/#organization"},"image":{"@id":"https:\/\/lasentinelle.dz\/index.php\/2022\/08\/21\/constantine-le-domicile-du-president-de-la-cour-cambriole\/#primaryimage"},"thumbnailUrl":"https:\/\/lasentinelle.dz\/wp-content\/uploads\/2022\/08\/justice.png","articleSection":["R\u00e9gions"],"inLanguage":"fr-FR","potentialAction":[{"@type":"CommentAction","name":"Comment","target":["https:\/\/lasentinelle.dz\/index.php\/2022\/08\/21\/constantine-le-domicile-du-president-de-la-cour-cambriole\/#respond"]}]},{"@type":"WebPage","@id":"https:\/\/lasentinelle.dz\/index.php\/2022\/08\/21\/constantine-le-domicile-du-president-de-la-cour-cambriole\/","url":"https:\/\/lasentinelle.dz\/index.php\/2022\/08\/21\/constantine-le-domicile-du-president-de-la-cour-cambriole\/","name":"Constantine\u00a0: Le domicile\u00a0du pr\u00e9sident de la\u00a0Cour\u00a0cambriol\u00e9 - La Sentinelle","isPartOf":{"@id":"https:\/\/lasentinelle.dz\/#website"},"primaryImageOfPage":{"@id":"https:\/\/lasentinelle.dz\/index.php\/2022\/08\/21\/constantine-le-domicile-du-president-de-la-cour-cambriole\/#primaryimage"},"image":{"@id":"https:\/\/lasentinelle.dz\/index.php\/2022\/08\/21\/constantine-le-domicile-du-president-de-la-cour-cambriole\/#primaryimage"},"thumbnailUrl":"https:\/\/lasentinelle.dz\/wp-content\/uploads\/2022\/08\/justice.png","datePublished":"2022-08-20T23:01:00+00:00","breadcrumb":{"@id":"https:\/\/lasentinelle.dz\/index.php\/2022\/08\/21\/constantine-le-domicile-du-president-de-la-cour-cambriole\/#breadcrumb"},"inLanguage":"fr-FR","potentialAction":[{"@type":"ReadAction","target":["https:\/\/lasentinelle.dz\/index.php\/2022\/08\/21\/constantine-le-domicile-du-president-de-la-cour-cambriole\/"]}]},{"@type":"ImageObject","inLanguage":"fr-FR","@id":"https:\/\/lasentinelle.dz\/index.php\/2022\/08\/21\/constantine-le-domicile-du-president-de-la-cour-cambriole\/#primaryimage","url":"https:\/\/lasentinelle.dz\/wp-content\/uploads\/2022\/08\/justice.png","contentUrl":"https:\/\/lasentinelle.dz\/wp-content\/uploads\/2022\/08\/justice.png","width":1349,"height":900},{"@type":"BreadcrumbList","@id":"https:\/\/lasentinelle.dz\/index.php\/2022\/08\/21\/constantine-le-domicile-du-president-de-la-cour-cambriole\/#breadcrumb","itemListElement":[{"@type":"ListItem","position":1,"name":"Accueil","item":"https:\/\/lasentinelle.dz\/"},{"@type":"ListItem","position":2,"name":"Constantine\u00a0: Le domicile\u00a0du pr\u00e9sident de la\u00a0Cour\u00a0cambriol\u00e9"}]},{"@type":"WebSite","@id":"https:\/\/lasentinelle.dz\/#website","url":"https:\/\/lasentinelle.dz\/","name":"La Sentinelle","description":"Quotidien national d&#039;information","publisher":{"@id":"https:\/\/lasentinelle.dz\/#organization"},"potentialAction":[{"@type":"SearchAction","target":{"@type":"EntryPoint","urlTemplate":"https:\/\/lasentinelle.dz\/?s={search_term_string}"},"query-input":{"@type":"PropertyValueSpecification","valueRequired":true,"valueName":"search_term_string"}}],"inLanguage":"fr-FR"},{"@type":"Organization","@id":"https:\/\/lasentinelle.dz\/#organization","name":"Quotidien La Sentinelle","url":"https:\/\/lasentinelle.dz\/","logo":{"@type":"ImageObject","inLanguage":"fr-FR","@id":"https:\/\/lasentinelle.dz\/#\/schema\/logo\/image\/","url":"https:\/\/lasentinelle.dz\/wp-content\/uploads\/2021\/09\/logo-sentinelleSLOGAN-1.png","contentUrl":"https:\/\/lasentinelle.dz\/wp-content\/uploads\/2021\/09\/logo-sentinelleSLOGAN-1.png","width":615,"height":142,"caption":"Quotidien La Sentinelle"},"image":{"@id":"https:\/\/lasentinelle.dz\/#\/schema\/logo\/image\/"},"sameAs":["https:\/\/www.facebook.com\/La-Sentinelle-104059864394773"]},{"@type":"Person","@id":"https:\/\/lasentinelle.dz\/#\/schema\/person\/d865044e22e70a75174ce8bcad3acfb3","name":"La Sentinelle","image":{"@type":"ImageObject","inLanguage":"fr-FR","@id":"https:\/\/secure.gravatar.com\/avatar\/57de8e5d4b15d43fb361a71fbb36338450fe67865b528a43dd10ef7c51a20392?s=96&d=mm&r=g","url":"https:\/\/secure.gravatar.com\/avatar\/57de8e5d4b15d43fb361a71fbb36338450fe67865b528a43dd10ef7c51a20392?s=96&d=mm&r=g","contentUrl":"https:\/\/secure.gravatar.com\/avatar\/57de8e5d4b15d43fb361a71fbb36338450fe67865b528a43dd10ef7c51a20392?s=96&d=mm&r=g","caption":"La Sentinelle"},"sameAs":["http:\/\/www.lasentinelle.dz"],"url":"https:\/\/lasentinelle.dz\/author\/redaction\/"}]}},"_links":{"self":[{"href":"https:\/\/lasentinelle.dz\/index.php\/wp-json\/wp\/v2\/posts\/25971","targetHints":{"allow":["GET"]}}],"collection":[{"href":"https:\/\/lasentinelle.dz\/index.php\/wp-json\/wp\/v2\/posts"}],"about":[{"href":"https:\/\/lasentinelle.dz\/index.php\/wp-json\/wp\/v2\/types\/post"}],"author":[{"embeddable":true,"href":"https:\/\/lasentinelle.dz\/index.php\/wp-json\/wp\/v2\/users\/3"}],"replies":[{"embeddable":true,"href":"https:\/\/lasentinelle.dz\/index.php\/wp-json\/wp\/v2\/comments?post=25971"}],"version-history":[{"count":1,"href":"https:\/\/lasentinelle.dz\/index.php\/wp-json\/wp\/v2\/posts\/25971\/revisions"}],"predecessor-version":[{"id":25973,"href":"https:\/\/lasentinelle.dz\/index.php\/wp-json\/wp\/v2\/posts\/25971\/revisions\/25973"}],"wp:featuredmedia":[{"embeddable":true,"href":"https:\/\/lasentinelle.dz\/index.php\/wp-json\/wp\/v2\/media\/25972"}],"wp:attachment":[{"href":"https:\/\/lasentinelle.dz\/index.php\/wp-json\/wp\/v2\/media?parent=25971"}],"wp:term":[{"taxonomy":"category","embeddable":true,"href":"https:\/\/lasentinelle.dz\/index.php\/wp-json\/wp\/v2\/categories?post=25971"},{"taxonomy":"post_tag","embeddable":true,"href":"https:\/\/lasentinelle.dz\/index.php\/wp-json\/wp\/v2\/tags?post=25971"}],"curies":[{"name":"wp","href":"https:\/\/api.w.org\/{rel}","templated":true}]}}