{"id":25987,"date":"2022-08-21T00:12:00","date_gmt":"2022-08-20T23:12:00","guid":{"rendered":"https:\/\/lasentinelle.dz\/?p=25987"},"modified":"2022-08-20T20:29:46","modified_gmt":"2022-08-20T19:29:46","slug":"en-quete-de-la-causalite-des-incendies-la-gendarmerie-nationale-lance-les-investigations","status":"publish","type":"post","link":"https:\/\/lasentinelle.dz\/index.php\/2022\/08\/21\/en-quete-de-la-causalite-des-incendies-la-gendarmerie-nationale-lance-les-investigations\/","title":{"rendered":"Incendies \u00e0 l\u2019Est du pays\u00a0:\u00a0La\u00a0Gendarmerie nationale lance les investigations"},"content":{"rendered":"\n<p>Une enqu\u00eate a \u00e9t\u00e9 ouverte par la Gendarmerie nationale pour d\u00e9terminer les causes et responsabilit\u00e9s dans les incendies qui ont lourdement affect\u00e9 l\u2019Est du pays \u00e0 la fin de la semaine derni\u00e8re.&nbsp;<\/p>\n\n\n\n<p>Les unit\u00e9s de la Gendarmerie nationale, appuy\u00e9es par les experts de l&rsquo;annexe de l&rsquo;Institut national de criminalistique et de criminologie (INCC) de la Gendarmerie nationale au niveau du 5e Commandement r\u00e9gional de Constantine&nbsp;ont lanc\u00e9 les investigations. C\u2019est ce qu\u2019a indiqu\u00e9&nbsp;un&nbsp;communiqu\u00e9 du&nbsp;Commandement de la&nbsp;Gendarmerie nationale, expliquant qu\u2019\u00abune d&rsquo;experts, relevant de l&rsquo;annexe de l&rsquo;Institut national de criminalistique et de criminologie de la Gendarmerie nationale, a \u00e9t\u00e9 d\u00e9p\u00each\u00e9e sur les lieux\u00bb. Elle aura pour mission,&nbsp;\u00ab&nbsp;d\u2019\u00e9tablir les constatations n\u00e9cessaires, en commen\u00e7ant par l&rsquo;identification des corps des victimes par le pr\u00e9l\u00e8vement d&rsquo;\u00e9chantillons biologiques en vue de la comparaison avec leurs proches, avant d&rsquo;envoyer ces \u00e9chantillons par avion \u00e0 l&rsquo;INCC \u00e0 Bouchaoui dans la wilaya d\u2019Alger\u00bb, a-t-on ajout\u00e9. Le Commandement de la Gendarmerie nationale a, selon la m\u00eame source, activ\u00e9 des cellules de crise au niveau de l&rsquo;Etat-major, du 5e Commandement r\u00e9gional de Constantine&nbsp;et&nbsp;des Groupements territoriaux o\u00f9 des d\u00e9parts de feux ont \u00e9t\u00e9 enregistr\u00e9s et des Groupements des r\u00e9gions limitrophes, d\u00e8s le d\u00e9clenchement des feux, le 17 ao\u00fbt dernier. Les \u00e9l\u00e9ments de la&nbsp;Gendarmerie nationale ont, ajoute la m\u00eame source, particip\u00e9 \u00e0 l&rsquo;extinction des feux, aux c\u00f4t\u00e9s des \u00e9l\u00e9ments de la Protection civile, de l&rsquo;Arm\u00e9e nationale populaire, de la police et des citoyens, et \u00e9vacu\u00e9 les bless\u00e9s, retir\u00e9 les corps et aid\u00e9 \u00e0 leur transport vers l&rsquo;h\u00f4pital\u00bb. Le communiqu\u00e9 a ajout\u00e9 que les \u00e9l\u00e9ments des unit\u00e9s de s\u00e9curit\u00e9 routi\u00e8re ont jalonn\u00e9 les lieux des incendies, organis\u00e9 et facilit\u00e9 la circulation routi\u00e8re tout en interdisant entre temps aux fl\u00e2neurs de s&rsquo;approcher des lieux des feux\u00bb, rappelant \u00abla fermeture \u00e0 la circulation automobile de certaines routes impact\u00e9es\u00bb par les feux, en plus de la mise en place d\u2019une formation sp\u00e9ciale ayant pour mission d\u2019asseoir la s\u00e9r\u00e9nit\u00e9 chez les populations des zones impact\u00e9es par les incendies. D\u2019autant plus que ces habitants ont, dans plus d\u2019une r\u00e9gion, \u00e9t\u00e9 contraints d\u2019\u00e9vacuer les lieux et d\u2019abandonner leurs habitations en raison de l\u2019ampleur des incendies.&nbsp;<\/p>\n\n\n\n<p><strong>Salim Abdenour<\/strong><\/p>\n","protected":false},"excerpt":{"rendered":"<p>Une enqu\u00eate a \u00e9t\u00e9 ouverte par la Gendarmerie nationale pour d\u00e9terminer les causes et responsabilit\u00e9s dans les incendies qui ont<\/p>\n","protected":false},"author":3,"featured_media":25988,"comment_status":"open","ping_status":"closed","sticky":false,"template":"","format":"standard","meta":{"colormag_page_container_layout":"default_layout","colormag_page_sidebar_layout":"default_layout","om_disable_all_campaigns":false,"_monsterinsights_skip_tracking":false,"_monsterinsights_sitenote_active":false,"_monsterinsights_sitenote_note":"","_monsterinsights_sitenote_category":0,"footnotes":"","_wpscppro_dont_share_socialmedia":false,"_wpscppro_custom_social_share_image":0,"_facebook_share_type":"","_twitter_share_type":"","_linkedin_share_type":"","_pinterest_share_type":"","_linkedin_share_type_page":"","_instagram_share_type":"","_medium_share_type":"","_threads_share_type":"","_google_business_share_type":"","_selected_social_profile":[],"_wpsp_enable_custom_social_template":false,"_wpsp_social_scheduling":{"enabled":false,"datetime":null,"platforms":[],"status":"template_only","dateOption":"today","timeOption":"now","customDays":"","customHours":"","customDate":"","customTime":"","schedulingType":"absolute"},"_wpsp_active_default_template":true},"categories":[52,27],"tags":[],"class_list":["post-25987","post","type-post","status-publish","format-standard","has-post-thumbnail","hentry","category-a-la-une","category-actualite"],"aioseo_notices":[],"yoast_head":"<!-- This site is optimized with the Yoast SEO plugin v27.5 - https:\/\/yoast.com\/product\/yoast-seo-wordpress\/ -->\n<title>Incendies \u00e0 l\u2019Est du pays\u00a0:\u00a0La\u00a0Gendarmerie nationale lance les investigations - La Sentinelle<\/title>\n<meta name=\"robots\" content=\"index, follow, max-snippet:-1, max-image-preview:large, max-video-preview:-1\" \/>\n<link rel=\"canonical\" href=\"https:\/\/lasentinelle.dz\/index.php\/2022\/08\/21\/en-quete-de-la-causalite-des-incendies-la-gendarmerie-nationale-lance-les-investigations\/\" \/>\n<meta property=\"og:locale\" content=\"fr_FR\" \/>\n<meta property=\"og:type\" content=\"article\" \/>\n<meta property=\"og:title\" content=\"Incendies \u00e0 l\u2019Est du pays\u00a0:\u00a0La\u00a0Gendarmerie nationale lance les investigations - La Sentinelle\" \/>\n<meta property=\"og:description\" content=\"Une enqu\u00eate a \u00e9t\u00e9 ouverte par la Gendarmerie nationale pour d\u00e9terminer les causes et responsabilit\u00e9s dans les incendies qui ont\" \/>\n<meta property=\"og:url\" content=\"https:\/\/lasentinelle.dz\/index.php\/2022\/08\/21\/en-quete-de-la-causalite-des-incendies-la-gendarmerie-nationale-lance-les-investigations\/\" \/>\n<meta property=\"og:site_name\" content=\"La Sentinelle\" \/>\n<meta property=\"article:publisher\" content=\"https:\/\/www.facebook.com\/La-Sentinelle-104059864394773\" \/>\n<meta property=\"article:published_time\" content=\"2022-08-20T23:12:00+00:00\" \/>\n<meta property=\"og:image\" content=\"https:\/\/lasentinelle.dz\/wp-content\/uploads\/2022\/08\/Feux-1024x576.png\" \/>\n\t<meta property=\"og:image:width\" content=\"1024\" \/>\n\t<meta property=\"og:image:height\" content=\"576\" \/>\n\t<meta property=\"og:image:type\" content=\"image\/png\" \/>\n<meta name=\"author\" content=\"La Sentinelle\" \/>\n<meta name=\"twitter:card\" content=\"summary_large_image\" \/>\n<meta name=\"twitter:label1\" content=\"\u00c9crit par\" \/>\n\t<meta name=\"twitter:data1\" content=\"La Sentinelle\" \/>\n\t<meta name=\"twitter:label2\" content=\"Dur\u00e9e de lecture estim\u00e9e\" \/>\n\t<meta name=\"twitter:data2\" content=\"2 minutes\" \/>\n<script type=\"application\/ld+json\" class=\"yoast-schema-graph\">{\"@context\":\"https:\\\/\\\/schema.org\",\"@graph\":[{\"@type\":\"Article\",\"@id\":\"https:\\\/\\\/lasentinelle.dz\\\/index.php\\\/2022\\\/08\\\/21\\\/en-quete-de-la-causalite-des-incendies-la-gendarmerie-nationale-lance-les-investigations\\\/#article\",\"isPartOf\":{\"@id\":\"https:\\\/\\\/lasentinelle.dz\\\/index.php\\\/2022\\\/08\\\/21\\\/en-quete-de-la-causalite-des-incendies-la-gendarmerie-nationale-lance-les-investigations\\\/\"},\"author\":{\"name\":\"La Sentinelle\",\"@id\":\"https:\\\/\\\/lasentinelle.dz\\\/#\\\/schema\\\/person\\\/d865044e22e70a75174ce8bcad3acfb3\"},\"headline\":\"Incendies \u00e0 l\u2019Est du pays\u00a0:\u00a0La\u00a0Gendarmerie nationale lance les investigations\",\"datePublished\":\"2022-08-20T23:12:00+00:00\",\"mainEntityOfPage\":{\"@id\":\"https:\\\/\\\/lasentinelle.dz\\\/index.php\\\/2022\\\/08\\\/21\\\/en-quete-de-la-causalite-des-incendies-la-gendarmerie-nationale-lance-les-investigations\\\/\"},\"wordCount\":439,\"commentCount\":0,\"publisher\":{\"@id\":\"https:\\\/\\\/lasentinelle.dz\\\/#organization\"},\"image\":{\"@id\":\"https:\\\/\\\/lasentinelle.dz\\\/index.php\\\/2022\\\/08\\\/21\\\/en-quete-de-la-causalite-des-incendies-la-gendarmerie-nationale-lance-les-investigations\\\/#primaryimage\"},\"thumbnailUrl\":\"https:\\\/\\\/lasentinelle.dz\\\/wp-content\\\/uploads\\\/2022\\\/08\\\/Feux.png\",\"articleSection\":[\"\u00c0 la Une\",\"Actualit\u00e9\"],\"inLanguage\":\"fr-FR\",\"potentialAction\":[{\"@type\":\"CommentAction\",\"name\":\"Comment\",\"target\":[\"https:\\\/\\\/lasentinelle.dz\\\/index.php\\\/2022\\\/08\\\/21\\\/en-quete-de-la-causalite-des-incendies-la-gendarmerie-nationale-lance-les-investigations\\\/#respond\"]}]},{\"@type\":\"WebPage\",\"@id\":\"https:\\\/\\\/lasentinelle.dz\\\/index.php\\\/2022\\\/08\\\/21\\\/en-quete-de-la-causalite-des-incendies-la-gendarmerie-nationale-lance-les-investigations\\\/\",\"url\":\"https:\\\/\\\/lasentinelle.dz\\\/index.php\\\/2022\\\/08\\\/21\\\/en-quete-de-la-causalite-des-incendies-la-gendarmerie-nationale-lance-les-investigations\\\/\",\"name\":\"Incendies \u00e0 l\u2019Est du pays\u00a0:\u00a0La\u00a0Gendarmerie nationale lance les investigations - La Sentinelle\",\"isPartOf\":{\"@id\":\"https:\\\/\\\/lasentinelle.dz\\\/#website\"},\"primaryImageOfPage\":{\"@id\":\"https:\\\/\\\/lasentinelle.dz\\\/index.php\\\/2022\\\/08\\\/21\\\/en-quete-de-la-causalite-des-incendies-la-gendarmerie-nationale-lance-les-investigations\\\/#primaryimage\"},\"image\":{\"@id\":\"https:\\\/\\\/lasentinelle.dz\\\/index.php\\\/2022\\\/08\\\/21\\\/en-quete-de-la-causalite-des-incendies-la-gendarmerie-nationale-lance-les-investigations\\\/#primaryimage\"},\"thumbnailUrl\":\"https:\\\/\\\/lasentinelle.dz\\\/wp-content\\\/uploads\\\/2022\\\/08\\\/Feux.png\",\"datePublished\":\"2022-08-20T23:12:00+00:00\",\"breadcrumb\":{\"@id\":\"https:\\\/\\\/lasentinelle.dz\\\/index.php\\\/2022\\\/08\\\/21\\\/en-quete-de-la-causalite-des-incendies-la-gendarmerie-nationale-lance-les-investigations\\\/#breadcrumb\"},\"inLanguage\":\"fr-FR\",\"potentialAction\":[{\"@type\":\"ReadAction\",\"target\":[\"https:\\\/\\\/lasentinelle.dz\\\/index.php\\\/2022\\\/08\\\/21\\\/en-quete-de-la-causalite-des-incendies-la-gendarmerie-nationale-lance-les-investigations\\\/\"]}]},{\"@type\":\"ImageObject\",\"inLanguage\":\"fr-FR\",\"@id\":\"https:\\\/\\\/lasentinelle.dz\\\/index.php\\\/2022\\\/08\\\/21\\\/en-quete-de-la-causalite-des-incendies-la-gendarmerie-nationale-lance-les-investigations\\\/#primaryimage\",\"url\":\"https:\\\/\\\/lasentinelle.dz\\\/wp-content\\\/uploads\\\/2022\\\/08\\\/Feux.png\",\"contentUrl\":\"https:\\\/\\\/lasentinelle.dz\\\/wp-content\\\/uploads\\\/2022\\\/08\\\/Feux.png\",\"width\":1600,\"height\":900},{\"@type\":\"BreadcrumbList\",\"@id\":\"https:\\\/\\\/lasentinelle.dz\\\/index.php\\\/2022\\\/08\\\/21\\\/en-quete-de-la-causalite-des-incendies-la-gendarmerie-nationale-lance-les-investigations\\\/#breadcrumb\",\"itemListElement\":[{\"@type\":\"ListItem\",\"position\":1,\"name\":\"Accueil\",\"item\":\"https:\\\/\\\/lasentinelle.dz\\\/\"},{\"@type\":\"ListItem\",\"position\":2,\"name\":\"Incendies \u00e0 l\u2019Est du pays\u00a0:\u00a0La\u00a0Gendarmerie nationale lance les investigations\"}]},{\"@type\":\"WebSite\",\"@id\":\"https:\\\/\\\/lasentinelle.dz\\\/#website\",\"url\":\"https:\\\/\\\/lasentinelle.dz\\\/\",\"name\":\"La Sentinelle\",\"description\":\"Quotidien national d&#039;information\",\"publisher\":{\"@id\":\"https:\\\/\\\/lasentinelle.dz\\\/#organization\"},\"potentialAction\":[{\"@type\":\"SearchAction\",\"target\":{\"@type\":\"EntryPoint\",\"urlTemplate\":\"https:\\\/\\\/lasentinelle.dz\\\/?s={search_term_string}\"},\"query-input\":{\"@type\":\"PropertyValueSpecification\",\"valueRequired\":true,\"valueName\":\"search_term_string\"}}],\"inLanguage\":\"fr-FR\"},{\"@type\":\"Organization\",\"@id\":\"https:\\\/\\\/lasentinelle.dz\\\/#organization\",\"name\":\"Quotidien La Sentinelle\",\"url\":\"https:\\\/\\\/lasentinelle.dz\\\/\",\"logo\":{\"@type\":\"ImageObject\",\"inLanguage\":\"fr-FR\",\"@id\":\"https:\\\/\\\/lasentinelle.dz\\\/#\\\/schema\\\/logo\\\/image\\\/\",\"url\":\"https:\\\/\\\/lasentinelle.dz\\\/wp-content\\\/uploads\\\/2021\\\/09\\\/logo-sentinelleSLOGAN-1.png\",\"contentUrl\":\"https:\\\/\\\/lasentinelle.dz\\\/wp-content\\\/uploads\\\/2021\\\/09\\\/logo-sentinelleSLOGAN-1.png\",\"width\":615,\"height\":142,\"caption\":\"Quotidien La Sentinelle\"},\"image\":{\"@id\":\"https:\\\/\\\/lasentinelle.dz\\\/#\\\/schema\\\/logo\\\/image\\\/\"},\"sameAs\":[\"https:\\\/\\\/www.facebook.com\\\/La-Sentinelle-104059864394773\"]},{\"@type\":\"Person\",\"@id\":\"https:\\\/\\\/lasentinelle.dz\\\/#\\\/schema\\\/person\\\/d865044e22e70a75174ce8bcad3acfb3\",\"name\":\"La Sentinelle\",\"image\":{\"@type\":\"ImageObject\",\"inLanguage\":\"fr-FR\",\"@id\":\"https:\\\/\\\/secure.gravatar.com\\\/avatar\\\/57de8e5d4b15d43fb361a71fbb36338450fe67865b528a43dd10ef7c51a20392?s=96&d=mm&r=g\",\"url\":\"https:\\\/\\\/secure.gravatar.com\\\/avatar\\\/57de8e5d4b15d43fb361a71fbb36338450fe67865b528a43dd10ef7c51a20392?s=96&d=mm&r=g\",\"contentUrl\":\"https:\\\/\\\/secure.gravatar.com\\\/avatar\\\/57de8e5d4b15d43fb361a71fbb36338450fe67865b528a43dd10ef7c51a20392?s=96&d=mm&r=g\",\"caption\":\"La Sentinelle\"},\"sameAs\":[\"http:\\\/\\\/www.lasentinelle.dz\"],\"url\":\"https:\\\/\\\/lasentinelle.dz\\\/author\\\/redaction\\\/\"}]}<\/script>\n<!-- \/ Yoast SEO plugin. -->","yoast_head_json":{"title":"Incendies \u00e0 l\u2019Est du pays\u00a0:\u00a0La\u00a0Gendarmerie nationale lance les investigations - La Sentinelle","robots":{"index":"index","follow":"follow","max-snippet":"max-snippet:-1","max-image-preview":"max-image-preview:large","max-video-preview":"max-video-preview:-1"},"canonical":"https:\/\/lasentinelle.dz\/index.php\/2022\/08\/21\/en-quete-de-la-causalite-des-incendies-la-gendarmerie-nationale-lance-les-investigations\/","og_locale":"fr_FR","og_type":"article","og_title":"Incendies \u00e0 l\u2019Est du pays\u00a0:\u00a0La\u00a0Gendarmerie nationale lance les investigations - La Sentinelle","og_description":"Une enqu\u00eate a \u00e9t\u00e9 ouverte par la Gendarmerie nationale pour d\u00e9terminer les causes et responsabilit\u00e9s dans les incendies qui ont","og_url":"https:\/\/lasentinelle.dz\/index.php\/2022\/08\/21\/en-quete-de-la-causalite-des-incendies-la-gendarmerie-nationale-lance-les-investigations\/","og_site_name":"La Sentinelle","article_publisher":"https:\/\/www.facebook.com\/La-Sentinelle-104059864394773","article_published_time":"2022-08-20T23:12:00+00:00","og_image":[{"width":1024,"height":576,"url":"https:\/\/lasentinelle.dz\/wp-content\/uploads\/2022\/08\/Feux-1024x576.png","type":"image\/png"}],"author":"La Sentinelle","twitter_card":"summary_large_image","twitter_misc":{"\u00c9crit par":"La Sentinelle","Dur\u00e9e de lecture estim\u00e9e":"2 minutes"},"schema":{"@context":"https:\/\/schema.org","@graph":[{"@type":"Article","@id":"https:\/\/lasentinelle.dz\/index.php\/2022\/08\/21\/en-quete-de-la-causalite-des-incendies-la-gendarmerie-nationale-lance-les-investigations\/#article","isPartOf":{"@id":"https:\/\/lasentinelle.dz\/index.php\/2022\/08\/21\/en-quete-de-la-causalite-des-incendies-la-gendarmerie-nationale-lance-les-investigations\/"},"author":{"name":"La Sentinelle","@id":"https:\/\/lasentinelle.dz\/#\/schema\/person\/d865044e22e70a75174ce8bcad3acfb3"},"headline":"Incendies \u00e0 l\u2019Est du pays\u00a0:\u00a0La\u00a0Gendarmerie nationale lance les investigations","datePublished":"2022-08-20T23:12:00+00:00","mainEntityOfPage":{"@id":"https:\/\/lasentinelle.dz\/index.php\/2022\/08\/21\/en-quete-de-la-causalite-des-incendies-la-gendarmerie-nationale-lance-les-investigations\/"},"wordCount":439,"commentCount":0,"publisher":{"@id":"https:\/\/lasentinelle.dz\/#organization"},"image":{"@id":"https:\/\/lasentinelle.dz\/index.php\/2022\/08\/21\/en-quete-de-la-causalite-des-incendies-la-gendarmerie-nationale-lance-les-investigations\/#primaryimage"},"thumbnailUrl":"https:\/\/lasentinelle.dz\/wp-content\/uploads\/2022\/08\/Feux.png","articleSection":["\u00c0 la Une","Actualit\u00e9"],"inLanguage":"fr-FR","potentialAction":[{"@type":"CommentAction","name":"Comment","target":["https:\/\/lasentinelle.dz\/index.php\/2022\/08\/21\/en-quete-de-la-causalite-des-incendies-la-gendarmerie-nationale-lance-les-investigations\/#respond"]}]},{"@type":"WebPage","@id":"https:\/\/lasentinelle.dz\/index.php\/2022\/08\/21\/en-quete-de-la-causalite-des-incendies-la-gendarmerie-nationale-lance-les-investigations\/","url":"https:\/\/lasentinelle.dz\/index.php\/2022\/08\/21\/en-quete-de-la-causalite-des-incendies-la-gendarmerie-nationale-lance-les-investigations\/","name":"Incendies \u00e0 l\u2019Est du pays\u00a0:\u00a0La\u00a0Gendarmerie nationale lance les investigations - La Sentinelle","isPartOf":{"@id":"https:\/\/lasentinelle.dz\/#website"},"primaryImageOfPage":{"@id":"https:\/\/lasentinelle.dz\/index.php\/2022\/08\/21\/en-quete-de-la-causalite-des-incendies-la-gendarmerie-nationale-lance-les-investigations\/#primaryimage"},"image":{"@id":"https:\/\/lasentinelle.dz\/index.php\/2022\/08\/21\/en-quete-de-la-causalite-des-incendies-la-gendarmerie-nationale-lance-les-investigations\/#primaryimage"},"thumbnailUrl":"https:\/\/lasentinelle.dz\/wp-content\/uploads\/2022\/08\/Feux.png","datePublished":"2022-08-20T23:12:00+00:00","breadcrumb":{"@id":"https:\/\/lasentinelle.dz\/index.php\/2022\/08\/21\/en-quete-de-la-causalite-des-incendies-la-gendarmerie-nationale-lance-les-investigations\/#breadcrumb"},"inLanguage":"fr-FR","potentialAction":[{"@type":"ReadAction","target":["https:\/\/lasentinelle.dz\/index.php\/2022\/08\/21\/en-quete-de-la-causalite-des-incendies-la-gendarmerie-nationale-lance-les-investigations\/"]}]},{"@type":"ImageObject","inLanguage":"fr-FR","@id":"https:\/\/lasentinelle.dz\/index.php\/2022\/08\/21\/en-quete-de-la-causalite-des-incendies-la-gendarmerie-nationale-lance-les-investigations\/#primaryimage","url":"https:\/\/lasentinelle.dz\/wp-content\/uploads\/2022\/08\/Feux.png","contentUrl":"https:\/\/lasentinelle.dz\/wp-content\/uploads\/2022\/08\/Feux.png","width":1600,"height":900},{"@type":"BreadcrumbList","@id":"https:\/\/lasentinelle.dz\/index.php\/2022\/08\/21\/en-quete-de-la-causalite-des-incendies-la-gendarmerie-nationale-lance-les-investigations\/#breadcrumb","itemListElement":[{"@type":"ListItem","position":1,"name":"Accueil","item":"https:\/\/lasentinelle.dz\/"},{"@type":"ListItem","position":2,"name":"Incendies \u00e0 l\u2019Est du pays\u00a0:\u00a0La\u00a0Gendarmerie nationale lance les investigations"}]},{"@type":"WebSite","@id":"https:\/\/lasentinelle.dz\/#website","url":"https:\/\/lasentinelle.dz\/","name":"La Sentinelle","description":"Quotidien national d&#039;information","publisher":{"@id":"https:\/\/lasentinelle.dz\/#organization"},"potentialAction":[{"@type":"SearchAction","target":{"@type":"EntryPoint","urlTemplate":"https:\/\/lasentinelle.dz\/?s={search_term_string}"},"query-input":{"@type":"PropertyValueSpecification","valueRequired":true,"valueName":"search_term_string"}}],"inLanguage":"fr-FR"},{"@type":"Organization","@id":"https:\/\/lasentinelle.dz\/#organization","name":"Quotidien La Sentinelle","url":"https:\/\/lasentinelle.dz\/","logo":{"@type":"ImageObject","inLanguage":"fr-FR","@id":"https:\/\/lasentinelle.dz\/#\/schema\/logo\/image\/","url":"https:\/\/lasentinelle.dz\/wp-content\/uploads\/2021\/09\/logo-sentinelleSLOGAN-1.png","contentUrl":"https:\/\/lasentinelle.dz\/wp-content\/uploads\/2021\/09\/logo-sentinelleSLOGAN-1.png","width":615,"height":142,"caption":"Quotidien La Sentinelle"},"image":{"@id":"https:\/\/lasentinelle.dz\/#\/schema\/logo\/image\/"},"sameAs":["https:\/\/www.facebook.com\/La-Sentinelle-104059864394773"]},{"@type":"Person","@id":"https:\/\/lasentinelle.dz\/#\/schema\/person\/d865044e22e70a75174ce8bcad3acfb3","name":"La Sentinelle","image":{"@type":"ImageObject","inLanguage":"fr-FR","@id":"https:\/\/secure.gravatar.com\/avatar\/57de8e5d4b15d43fb361a71fbb36338450fe67865b528a43dd10ef7c51a20392?s=96&d=mm&r=g","url":"https:\/\/secure.gravatar.com\/avatar\/57de8e5d4b15d43fb361a71fbb36338450fe67865b528a43dd10ef7c51a20392?s=96&d=mm&r=g","contentUrl":"https:\/\/secure.gravatar.com\/avatar\/57de8e5d4b15d43fb361a71fbb36338450fe67865b528a43dd10ef7c51a20392?s=96&d=mm&r=g","caption":"La Sentinelle"},"sameAs":["http:\/\/www.lasentinelle.dz"],"url":"https:\/\/lasentinelle.dz\/author\/redaction\/"}]}},"_links":{"self":[{"href":"https:\/\/lasentinelle.dz\/index.php\/wp-json\/wp\/v2\/posts\/25987","targetHints":{"allow":["GET"]}}],"collection":[{"href":"https:\/\/lasentinelle.dz\/index.php\/wp-json\/wp\/v2\/posts"}],"about":[{"href":"https:\/\/lasentinelle.dz\/index.php\/wp-json\/wp\/v2\/types\/post"}],"author":[{"embeddable":true,"href":"https:\/\/lasentinelle.dz\/index.php\/wp-json\/wp\/v2\/users\/3"}],"replies":[{"embeddable":true,"href":"https:\/\/lasentinelle.dz\/index.php\/wp-json\/wp\/v2\/comments?post=25987"}],"version-history":[{"count":2,"href":"https:\/\/lasentinelle.dz\/index.php\/wp-json\/wp\/v2\/posts\/25987\/revisions"}],"predecessor-version":[{"id":26009,"href":"https:\/\/lasentinelle.dz\/index.php\/wp-json\/wp\/v2\/posts\/25987\/revisions\/26009"}],"wp:featuredmedia":[{"embeddable":true,"href":"https:\/\/lasentinelle.dz\/index.php\/wp-json\/wp\/v2\/media\/25988"}],"wp:attachment":[{"href":"https:\/\/lasentinelle.dz\/index.php\/wp-json\/wp\/v2\/media?parent=25987"}],"wp:term":[{"taxonomy":"category","embeddable":true,"href":"https:\/\/lasentinelle.dz\/index.php\/wp-json\/wp\/v2\/categories?post=25987"},{"taxonomy":"post_tag","embeddable":true,"href":"https:\/\/lasentinelle.dz\/index.php\/wp-json\/wp\/v2\/tags?post=25987"}],"curies":[{"name":"wp","href":"https:\/\/api.w.org\/{rel}","templated":true}]}}