{"id":25996,"date":"2022-08-21T00:05:00","date_gmt":"2022-08-20T23:05:00","guid":{"rendered":"https:\/\/lasentinelle.dz\/?p=25996"},"modified":"2022-08-20T19:18:34","modified_gmt":"2022-08-20T18:18:34","slug":"journee-nationale-du-moudjahid-une-halte-pour-rappeler-les-valeurs-de-lunification-des-rangs","status":"publish","type":"post","link":"https:\/\/lasentinelle.dz\/index.php\/2022\/08\/21\/journee-nationale-du-moudjahid-une-halte-pour-rappeler-les-valeurs-de-lunification-des-rangs\/","title":{"rendered":"Journ\u00e9e nationale du Moudjahid\u00a0: Une halte pour rappeler les valeurs de l&rsquo;unification des rangs"},"content":{"rendered":"\n<p>La c\u00e9l\u00e9bration de la Journ\u00e9e nationale du Moudjahid co\u00efncidant avec le double anniversaire de l&rsquo;Offensive du Nord-Constantinois et du Congr\u00e8s de la Soummam (20 ao\u00fbt 1955 et 1956) est une halte pour rappeler les valeurs de rassemblement et d&rsquo;unification des rangs du peuple alg\u00e9rien et sa coh\u00e9sion avec l&rsquo;Arm\u00e9e de lib\u00e9ration nationale (ALN) contre la colonisation fran\u00e7aise, ont affirm\u00e9 samedi des universitaires et des historiens.&nbsp;Lors d&rsquo;une conf\u00e9rence organis\u00e9e \u00e0 l&rsquo;Institut national des \u00e9tudes strat\u00e9giques globales (INESG), la ministre de la Culture et des Arts, Soraya Mouloudji a mis l&rsquo;accent sur l&rsquo;importance de tirer les enseignements n\u00e9cessaires de ces haltes historiques en veillant \u00e0 se rapprocher davantage des artisans de la Glorieuse r\u00e9volution, \u00ab\u00a0impr\u00e9gn\u00e9s de patriotisme et des sens d&rsquo;unification des rangs de la soci\u00e9t\u00e9 pour la seule et unique cause\u00a0\u00bb.&nbsp;Intervenant \u00e0 l&rsquo;occasion, le directeur g\u00e9n\u00e9ral de l&rsquo;INESG, Abdelaziz Medjahed a expliqu\u00e9 que ces deux \u00e9v\u00e8nements phares mettent en exergue le r\u00f4le jou\u00e9 par l&rsquo;\u00e9lite r\u00e9volutionnaire qui a \u00ab\u00a0jet\u00e9 les fondements de l&rsquo;Etat national\u00a0\u00bb.&nbsp;Pour sa part, l&rsquo;universitaire Boudelaa Riadh (universit\u00e9 de Skikda) a rappel\u00e9 dans son intervention que le plan de l&rsquo;Offensive du Nord-Constantinois mis en place par le chahid Zighoud Youcef reposait sur l&rsquo;implication du peuple dans la lutte contre l&rsquo;occupation fran\u00e7aise.&nbsp;Ces offensives ont atteint l&rsquo;un des objectifs trac\u00e9s dans la d\u00e9claration du Premier Novembre, en l&rsquo;occurrence la mobilisation des forces populaires pour l&rsquo;\u00e9radication du joug colonial, a poursuivi le conf\u00e9rencier.&nbsp;Pr Djamel Tounsi de l&rsquo;Universit\u00e9 de Khemis Miliana a estim\u00e9 que ces offensives avaient co\u00efncid\u00e9 avec une p\u00e9riode de la r\u00e9volution o\u00f9 les forces militaires du colonialisme ont resserr\u00e9 l&rsquo;\u00e9tau sur la r\u00e9gion des Aur\u00e8s pour an\u00e9antir la r\u00e9volution, or ces offensives ont redonn\u00e9 la confiance aux Alg\u00e9riens qui, nombreux sont-ils, ont ralli\u00e9 les rangs du FLN.&nbsp;Pr Mohamed Lahcene Zeghidi de l&rsquo;Universit\u00e9 d&rsquo;Alger 2 a affirm\u00e9, quant \u00e0 lui, que le Congr\u00e8s de la Soummam \u00ab\u00a0s&rsquo;est fond\u00e9 sur la symbolique de l&rsquo;unification et le principe du resserrement du rang de la nation alg\u00e9rienne, cons\u00e9quemment au parcours militant de l&rsquo;Emir Abdelkader, qui s&rsquo;est poursuivi avec le Mouvement national\u00a0\u00bb.&nbsp;Le congr\u00e8s de la Soummam a r\u00e9ussi \u00e0 rassembler les Alg\u00e9riens en \u00e9voquant, dans ses textes, \u00ab\u00a0le principe de l&rsquo;unification de la r\u00e9volution tant sur la forme que sur le fond\u00a0\u00bb et en exhortant \u00e0 la pr\u00e9servation du \u00ab\u00a0principe r\u00e9volutionnaire noble, \u00e0 savoir la destruction des barrages colonialistes et le renforcement de l&rsquo;unit\u00e9 et de la fraternit\u00e9 du peuple alg\u00e9rien sur de nouvelles bases\u00a0\u00bb.<\/p>\n\n\n\n<p>APS<\/p>\n","protected":false},"excerpt":{"rendered":"<p>La c\u00e9l\u00e9bration de la Journ\u00e9e nationale du Moudjahid co\u00efncidant avec le double anniversaire de l&rsquo;Offensive du Nord-Constantinois et du Congr\u00e8s<\/p>\n","protected":false},"author":3,"featured_media":26004,"comment_status":"open","ping_status":"closed","sticky":false,"template":"","format":"standard","meta":{"colormag_page_container_layout":"default_layout","colormag_page_sidebar_layout":"default_layout","om_disable_all_campaigns":false,"_monsterinsights_skip_tracking":false,"_monsterinsights_sitenote_active":false,"_monsterinsights_sitenote_note":"","_monsterinsights_sitenote_category":0,"footnotes":"","_wpscppro_dont_share_socialmedia":false,"_wpscppro_custom_social_share_image":0,"_facebook_share_type":"","_twitter_share_type":"","_linkedin_share_type":"","_pinterest_share_type":"","_linkedin_share_type_page":"","_instagram_share_type":"","_medium_share_type":"","_threads_share_type":"","_google_business_share_type":"","_selected_social_profile":[],"_wpsp_enable_custom_social_template":false,"_wpsp_social_scheduling":{"enabled":false,"datetime":null,"platforms":[],"status":"template_only","dateOption":"today","timeOption":"now","customDays":"","customHours":"","customDate":"","customTime":"","schedulingType":"absolute"},"_wpsp_active_default_template":true},"categories":[27],"tags":[],"class_list":["post-25996","post","type-post","status-publish","format-standard","has-post-thumbnail","hentry","category-actualite"],"aioseo_notices":[],"yoast_head":"<!-- This site is optimized with the Yoast SEO plugin v27.5 - https:\/\/yoast.com\/product\/yoast-seo-wordpress\/ -->\n<title>Journ\u00e9e nationale du Moudjahid\u00a0: Une halte pour rappeler les valeurs de l&rsquo;unification des rangs - La Sentinelle<\/title>\n<meta name=\"robots\" content=\"index, follow, max-snippet:-1, max-image-preview:large, max-video-preview:-1\" \/>\n<link rel=\"canonical\" href=\"https:\/\/lasentinelle.dz\/index.php\/2022\/08\/21\/journee-nationale-du-moudjahid-une-halte-pour-rappeler-les-valeurs-de-lunification-des-rangs\/\" \/>\n<meta property=\"og:locale\" content=\"fr_FR\" \/>\n<meta property=\"og:type\" content=\"article\" \/>\n<meta property=\"og:title\" content=\"Journ\u00e9e nationale du Moudjahid\u00a0: Une halte pour rappeler les valeurs de l&rsquo;unification des rangs - La Sentinelle\" \/>\n<meta property=\"og:description\" content=\"La c\u00e9l\u00e9bration de la Journ\u00e9e nationale du Moudjahid co\u00efncidant avec le double anniversaire de l&rsquo;Offensive du Nord-Constantinois et du Congr\u00e8s\" \/>\n<meta property=\"og:url\" content=\"https:\/\/lasentinelle.dz\/index.php\/2022\/08\/21\/journee-nationale-du-moudjahid-une-halte-pour-rappeler-les-valeurs-de-lunification-des-rangs\/\" \/>\n<meta property=\"og:site_name\" content=\"La Sentinelle\" \/>\n<meta property=\"article:publisher\" content=\"https:\/\/www.facebook.com\/La-Sentinelle-104059864394773\" \/>\n<meta property=\"article:published_time\" content=\"2022-08-20T23:05:00+00:00\" \/>\n<meta property=\"og:image\" content=\"https:\/\/lasentinelle.dz\/wp-content\/uploads\/2022\/08\/5ssydsfv.png\" \/>\n\t<meta property=\"og:image:width\" content=\"1350\" \/>\n\t<meta property=\"og:image:height\" content=\"900\" \/>\n\t<meta property=\"og:image:type\" content=\"image\/png\" \/>\n<meta name=\"author\" content=\"La Sentinelle\" \/>\n<meta name=\"twitter:card\" content=\"summary_large_image\" \/>\n<meta name=\"twitter:label1\" content=\"\u00c9crit par\" \/>\n\t<meta name=\"twitter:data1\" content=\"La Sentinelle\" \/>\n\t<meta name=\"twitter:label2\" content=\"Dur\u00e9e de lecture estim\u00e9e\" \/>\n\t<meta name=\"twitter:data2\" content=\"3 minutes\" \/>\n<script type=\"application\/ld+json\" class=\"yoast-schema-graph\">{\"@context\":\"https:\\\/\\\/schema.org\",\"@graph\":[{\"@type\":\"Article\",\"@id\":\"https:\\\/\\\/lasentinelle.dz\\\/index.php\\\/2022\\\/08\\\/21\\\/journee-nationale-du-moudjahid-une-halte-pour-rappeler-les-valeurs-de-lunification-des-rangs\\\/#article\",\"isPartOf\":{\"@id\":\"https:\\\/\\\/lasentinelle.dz\\\/index.php\\\/2022\\\/08\\\/21\\\/journee-nationale-du-moudjahid-une-halte-pour-rappeler-les-valeurs-de-lunification-des-rangs\\\/\"},\"author\":{\"name\":\"La Sentinelle\",\"@id\":\"https:\\\/\\\/lasentinelle.dz\\\/#\\\/schema\\\/person\\\/d865044e22e70a75174ce8bcad3acfb3\"},\"headline\":\"Journ\u00e9e nationale du Moudjahid\u00a0: Une halte pour rappeler les valeurs de l&rsquo;unification des rangs\",\"datePublished\":\"2022-08-20T23:05:00+00:00\",\"mainEntityOfPage\":{\"@id\":\"https:\\\/\\\/lasentinelle.dz\\\/index.php\\\/2022\\\/08\\\/21\\\/journee-nationale-du-moudjahid-une-halte-pour-rappeler-les-valeurs-de-lunification-des-rangs\\\/\"},\"wordCount\":496,\"commentCount\":0,\"publisher\":{\"@id\":\"https:\\\/\\\/lasentinelle.dz\\\/#organization\"},\"image\":{\"@id\":\"https:\\\/\\\/lasentinelle.dz\\\/index.php\\\/2022\\\/08\\\/21\\\/journee-nationale-du-moudjahid-une-halte-pour-rappeler-les-valeurs-de-lunification-des-rangs\\\/#primaryimage\"},\"thumbnailUrl\":\"https:\\\/\\\/lasentinelle.dz\\\/wp-content\\\/uploads\\\/2022\\\/08\\\/5ssydsfv.png\",\"articleSection\":[\"Actualit\u00e9\"],\"inLanguage\":\"fr-FR\",\"potentialAction\":[{\"@type\":\"CommentAction\",\"name\":\"Comment\",\"target\":[\"https:\\\/\\\/lasentinelle.dz\\\/index.php\\\/2022\\\/08\\\/21\\\/journee-nationale-du-moudjahid-une-halte-pour-rappeler-les-valeurs-de-lunification-des-rangs\\\/#respond\"]}]},{\"@type\":\"WebPage\",\"@id\":\"https:\\\/\\\/lasentinelle.dz\\\/index.php\\\/2022\\\/08\\\/21\\\/journee-nationale-du-moudjahid-une-halte-pour-rappeler-les-valeurs-de-lunification-des-rangs\\\/\",\"url\":\"https:\\\/\\\/lasentinelle.dz\\\/index.php\\\/2022\\\/08\\\/21\\\/journee-nationale-du-moudjahid-une-halte-pour-rappeler-les-valeurs-de-lunification-des-rangs\\\/\",\"name\":\"Journ\u00e9e nationale du Moudjahid\u00a0: Une halte pour rappeler les valeurs de l&rsquo;unification des rangs - La Sentinelle\",\"isPartOf\":{\"@id\":\"https:\\\/\\\/lasentinelle.dz\\\/#website\"},\"primaryImageOfPage\":{\"@id\":\"https:\\\/\\\/lasentinelle.dz\\\/index.php\\\/2022\\\/08\\\/21\\\/journee-nationale-du-moudjahid-une-halte-pour-rappeler-les-valeurs-de-lunification-des-rangs\\\/#primaryimage\"},\"image\":{\"@id\":\"https:\\\/\\\/lasentinelle.dz\\\/index.php\\\/2022\\\/08\\\/21\\\/journee-nationale-du-moudjahid-une-halte-pour-rappeler-les-valeurs-de-lunification-des-rangs\\\/#primaryimage\"},\"thumbnailUrl\":\"https:\\\/\\\/lasentinelle.dz\\\/wp-content\\\/uploads\\\/2022\\\/08\\\/5ssydsfv.png\",\"datePublished\":\"2022-08-20T23:05:00+00:00\",\"breadcrumb\":{\"@id\":\"https:\\\/\\\/lasentinelle.dz\\\/index.php\\\/2022\\\/08\\\/21\\\/journee-nationale-du-moudjahid-une-halte-pour-rappeler-les-valeurs-de-lunification-des-rangs\\\/#breadcrumb\"},\"inLanguage\":\"fr-FR\",\"potentialAction\":[{\"@type\":\"ReadAction\",\"target\":[\"https:\\\/\\\/lasentinelle.dz\\\/index.php\\\/2022\\\/08\\\/21\\\/journee-nationale-du-moudjahid-une-halte-pour-rappeler-les-valeurs-de-lunification-des-rangs\\\/\"]}]},{\"@type\":\"ImageObject\",\"inLanguage\":\"fr-FR\",\"@id\":\"https:\\\/\\\/lasentinelle.dz\\\/index.php\\\/2022\\\/08\\\/21\\\/journee-nationale-du-moudjahid-une-halte-pour-rappeler-les-valeurs-de-lunification-des-rangs\\\/#primaryimage\",\"url\":\"https:\\\/\\\/lasentinelle.dz\\\/wp-content\\\/uploads\\\/2022\\\/08\\\/5ssydsfv.png\",\"contentUrl\":\"https:\\\/\\\/lasentinelle.dz\\\/wp-content\\\/uploads\\\/2022\\\/08\\\/5ssydsfv.png\",\"width\":1350,\"height\":900},{\"@type\":\"BreadcrumbList\",\"@id\":\"https:\\\/\\\/lasentinelle.dz\\\/index.php\\\/2022\\\/08\\\/21\\\/journee-nationale-du-moudjahid-une-halte-pour-rappeler-les-valeurs-de-lunification-des-rangs\\\/#breadcrumb\",\"itemListElement\":[{\"@type\":\"ListItem\",\"position\":1,\"name\":\"Accueil\",\"item\":\"https:\\\/\\\/lasentinelle.dz\\\/\"},{\"@type\":\"ListItem\",\"position\":2,\"name\":\"Journ\u00e9e nationale du Moudjahid\u00a0: Une halte pour rappeler les valeurs de l&rsquo;unification des rangs\"}]},{\"@type\":\"WebSite\",\"@id\":\"https:\\\/\\\/lasentinelle.dz\\\/#website\",\"url\":\"https:\\\/\\\/lasentinelle.dz\\\/\",\"name\":\"La Sentinelle\",\"description\":\"Quotidien national d&#039;information\",\"publisher\":{\"@id\":\"https:\\\/\\\/lasentinelle.dz\\\/#organization\"},\"potentialAction\":[{\"@type\":\"SearchAction\",\"target\":{\"@type\":\"EntryPoint\",\"urlTemplate\":\"https:\\\/\\\/lasentinelle.dz\\\/?s={search_term_string}\"},\"query-input\":{\"@type\":\"PropertyValueSpecification\",\"valueRequired\":true,\"valueName\":\"search_term_string\"}}],\"inLanguage\":\"fr-FR\"},{\"@type\":\"Organization\",\"@id\":\"https:\\\/\\\/lasentinelle.dz\\\/#organization\",\"name\":\"Quotidien La Sentinelle\",\"url\":\"https:\\\/\\\/lasentinelle.dz\\\/\",\"logo\":{\"@type\":\"ImageObject\",\"inLanguage\":\"fr-FR\",\"@id\":\"https:\\\/\\\/lasentinelle.dz\\\/#\\\/schema\\\/logo\\\/image\\\/\",\"url\":\"https:\\\/\\\/lasentinelle.dz\\\/wp-content\\\/uploads\\\/2021\\\/09\\\/logo-sentinelleSLOGAN-1.png\",\"contentUrl\":\"https:\\\/\\\/lasentinelle.dz\\\/wp-content\\\/uploads\\\/2021\\\/09\\\/logo-sentinelleSLOGAN-1.png\",\"width\":615,\"height\":142,\"caption\":\"Quotidien La Sentinelle\"},\"image\":{\"@id\":\"https:\\\/\\\/lasentinelle.dz\\\/#\\\/schema\\\/logo\\\/image\\\/\"},\"sameAs\":[\"https:\\\/\\\/www.facebook.com\\\/La-Sentinelle-104059864394773\"]},{\"@type\":\"Person\",\"@id\":\"https:\\\/\\\/lasentinelle.dz\\\/#\\\/schema\\\/person\\\/d865044e22e70a75174ce8bcad3acfb3\",\"name\":\"La Sentinelle\",\"image\":{\"@type\":\"ImageObject\",\"inLanguage\":\"fr-FR\",\"@id\":\"https:\\\/\\\/secure.gravatar.com\\\/avatar\\\/57de8e5d4b15d43fb361a71fbb36338450fe67865b528a43dd10ef7c51a20392?s=96&d=mm&r=g\",\"url\":\"https:\\\/\\\/secure.gravatar.com\\\/avatar\\\/57de8e5d4b15d43fb361a71fbb36338450fe67865b528a43dd10ef7c51a20392?s=96&d=mm&r=g\",\"contentUrl\":\"https:\\\/\\\/secure.gravatar.com\\\/avatar\\\/57de8e5d4b15d43fb361a71fbb36338450fe67865b528a43dd10ef7c51a20392?s=96&d=mm&r=g\",\"caption\":\"La Sentinelle\"},\"sameAs\":[\"http:\\\/\\\/www.lasentinelle.dz\"],\"url\":\"https:\\\/\\\/lasentinelle.dz\\\/author\\\/redaction\\\/\"}]}<\/script>\n<!-- \/ Yoast SEO plugin. -->","yoast_head_json":{"title":"Journ\u00e9e nationale du Moudjahid\u00a0: Une halte pour rappeler les valeurs de l&rsquo;unification des rangs - La Sentinelle","robots":{"index":"index","follow":"follow","max-snippet":"max-snippet:-1","max-image-preview":"max-image-preview:large","max-video-preview":"max-video-preview:-1"},"canonical":"https:\/\/lasentinelle.dz\/index.php\/2022\/08\/21\/journee-nationale-du-moudjahid-une-halte-pour-rappeler-les-valeurs-de-lunification-des-rangs\/","og_locale":"fr_FR","og_type":"article","og_title":"Journ\u00e9e nationale du Moudjahid\u00a0: Une halte pour rappeler les valeurs de l&rsquo;unification des rangs - La Sentinelle","og_description":"La c\u00e9l\u00e9bration de la Journ\u00e9e nationale du Moudjahid co\u00efncidant avec le double anniversaire de l&rsquo;Offensive du Nord-Constantinois et du Congr\u00e8s","og_url":"https:\/\/lasentinelle.dz\/index.php\/2022\/08\/21\/journee-nationale-du-moudjahid-une-halte-pour-rappeler-les-valeurs-de-lunification-des-rangs\/","og_site_name":"La Sentinelle","article_publisher":"https:\/\/www.facebook.com\/La-Sentinelle-104059864394773","article_published_time":"2022-08-20T23:05:00+00:00","og_image":[{"width":1350,"height":900,"url":"https:\/\/lasentinelle.dz\/wp-content\/uploads\/2022\/08\/5ssydsfv.png","type":"image\/png"}],"author":"La Sentinelle","twitter_card":"summary_large_image","twitter_misc":{"\u00c9crit par":"La Sentinelle","Dur\u00e9e de lecture estim\u00e9e":"3 minutes"},"schema":{"@context":"https:\/\/schema.org","@graph":[{"@type":"Article","@id":"https:\/\/lasentinelle.dz\/index.php\/2022\/08\/21\/journee-nationale-du-moudjahid-une-halte-pour-rappeler-les-valeurs-de-lunification-des-rangs\/#article","isPartOf":{"@id":"https:\/\/lasentinelle.dz\/index.php\/2022\/08\/21\/journee-nationale-du-moudjahid-une-halte-pour-rappeler-les-valeurs-de-lunification-des-rangs\/"},"author":{"name":"La Sentinelle","@id":"https:\/\/lasentinelle.dz\/#\/schema\/person\/d865044e22e70a75174ce8bcad3acfb3"},"headline":"Journ\u00e9e nationale du Moudjahid\u00a0: Une halte pour rappeler les valeurs de l&rsquo;unification des rangs","datePublished":"2022-08-20T23:05:00+00:00","mainEntityOfPage":{"@id":"https:\/\/lasentinelle.dz\/index.php\/2022\/08\/21\/journee-nationale-du-moudjahid-une-halte-pour-rappeler-les-valeurs-de-lunification-des-rangs\/"},"wordCount":496,"commentCount":0,"publisher":{"@id":"https:\/\/lasentinelle.dz\/#organization"},"image":{"@id":"https:\/\/lasentinelle.dz\/index.php\/2022\/08\/21\/journee-nationale-du-moudjahid-une-halte-pour-rappeler-les-valeurs-de-lunification-des-rangs\/#primaryimage"},"thumbnailUrl":"https:\/\/lasentinelle.dz\/wp-content\/uploads\/2022\/08\/5ssydsfv.png","articleSection":["Actualit\u00e9"],"inLanguage":"fr-FR","potentialAction":[{"@type":"CommentAction","name":"Comment","target":["https:\/\/lasentinelle.dz\/index.php\/2022\/08\/21\/journee-nationale-du-moudjahid-une-halte-pour-rappeler-les-valeurs-de-lunification-des-rangs\/#respond"]}]},{"@type":"WebPage","@id":"https:\/\/lasentinelle.dz\/index.php\/2022\/08\/21\/journee-nationale-du-moudjahid-une-halte-pour-rappeler-les-valeurs-de-lunification-des-rangs\/","url":"https:\/\/lasentinelle.dz\/index.php\/2022\/08\/21\/journee-nationale-du-moudjahid-une-halte-pour-rappeler-les-valeurs-de-lunification-des-rangs\/","name":"Journ\u00e9e nationale du Moudjahid\u00a0: Une halte pour rappeler les valeurs de l&rsquo;unification des rangs - La Sentinelle","isPartOf":{"@id":"https:\/\/lasentinelle.dz\/#website"},"primaryImageOfPage":{"@id":"https:\/\/lasentinelle.dz\/index.php\/2022\/08\/21\/journee-nationale-du-moudjahid-une-halte-pour-rappeler-les-valeurs-de-lunification-des-rangs\/#primaryimage"},"image":{"@id":"https:\/\/lasentinelle.dz\/index.php\/2022\/08\/21\/journee-nationale-du-moudjahid-une-halte-pour-rappeler-les-valeurs-de-lunification-des-rangs\/#primaryimage"},"thumbnailUrl":"https:\/\/lasentinelle.dz\/wp-content\/uploads\/2022\/08\/5ssydsfv.png","datePublished":"2022-08-20T23:05:00+00:00","breadcrumb":{"@id":"https:\/\/lasentinelle.dz\/index.php\/2022\/08\/21\/journee-nationale-du-moudjahid-une-halte-pour-rappeler-les-valeurs-de-lunification-des-rangs\/#breadcrumb"},"inLanguage":"fr-FR","potentialAction":[{"@type":"ReadAction","target":["https:\/\/lasentinelle.dz\/index.php\/2022\/08\/21\/journee-nationale-du-moudjahid-une-halte-pour-rappeler-les-valeurs-de-lunification-des-rangs\/"]}]},{"@type":"ImageObject","inLanguage":"fr-FR","@id":"https:\/\/lasentinelle.dz\/index.php\/2022\/08\/21\/journee-nationale-du-moudjahid-une-halte-pour-rappeler-les-valeurs-de-lunification-des-rangs\/#primaryimage","url":"https:\/\/lasentinelle.dz\/wp-content\/uploads\/2022\/08\/5ssydsfv.png","contentUrl":"https:\/\/lasentinelle.dz\/wp-content\/uploads\/2022\/08\/5ssydsfv.png","width":1350,"height":900},{"@type":"BreadcrumbList","@id":"https:\/\/lasentinelle.dz\/index.php\/2022\/08\/21\/journee-nationale-du-moudjahid-une-halte-pour-rappeler-les-valeurs-de-lunification-des-rangs\/#breadcrumb","itemListElement":[{"@type":"ListItem","position":1,"name":"Accueil","item":"https:\/\/lasentinelle.dz\/"},{"@type":"ListItem","position":2,"name":"Journ\u00e9e nationale du Moudjahid\u00a0: Une halte pour rappeler les valeurs de l&rsquo;unification des rangs"}]},{"@type":"WebSite","@id":"https:\/\/lasentinelle.dz\/#website","url":"https:\/\/lasentinelle.dz\/","name":"La Sentinelle","description":"Quotidien national d&#039;information","publisher":{"@id":"https:\/\/lasentinelle.dz\/#organization"},"potentialAction":[{"@type":"SearchAction","target":{"@type":"EntryPoint","urlTemplate":"https:\/\/lasentinelle.dz\/?s={search_term_string}"},"query-input":{"@type":"PropertyValueSpecification","valueRequired":true,"valueName":"search_term_string"}}],"inLanguage":"fr-FR"},{"@type":"Organization","@id":"https:\/\/lasentinelle.dz\/#organization","name":"Quotidien La Sentinelle","url":"https:\/\/lasentinelle.dz\/","logo":{"@type":"ImageObject","inLanguage":"fr-FR","@id":"https:\/\/lasentinelle.dz\/#\/schema\/logo\/image\/","url":"https:\/\/lasentinelle.dz\/wp-content\/uploads\/2021\/09\/logo-sentinelleSLOGAN-1.png","contentUrl":"https:\/\/lasentinelle.dz\/wp-content\/uploads\/2021\/09\/logo-sentinelleSLOGAN-1.png","width":615,"height":142,"caption":"Quotidien La Sentinelle"},"image":{"@id":"https:\/\/lasentinelle.dz\/#\/schema\/logo\/image\/"},"sameAs":["https:\/\/www.facebook.com\/La-Sentinelle-104059864394773"]},{"@type":"Person","@id":"https:\/\/lasentinelle.dz\/#\/schema\/person\/d865044e22e70a75174ce8bcad3acfb3","name":"La Sentinelle","image":{"@type":"ImageObject","inLanguage":"fr-FR","@id":"https:\/\/secure.gravatar.com\/avatar\/57de8e5d4b15d43fb361a71fbb36338450fe67865b528a43dd10ef7c51a20392?s=96&d=mm&r=g","url":"https:\/\/secure.gravatar.com\/avatar\/57de8e5d4b15d43fb361a71fbb36338450fe67865b528a43dd10ef7c51a20392?s=96&d=mm&r=g","contentUrl":"https:\/\/secure.gravatar.com\/avatar\/57de8e5d4b15d43fb361a71fbb36338450fe67865b528a43dd10ef7c51a20392?s=96&d=mm&r=g","caption":"La Sentinelle"},"sameAs":["http:\/\/www.lasentinelle.dz"],"url":"https:\/\/lasentinelle.dz\/author\/redaction\/"}]}},"_links":{"self":[{"href":"https:\/\/lasentinelle.dz\/index.php\/wp-json\/wp\/v2\/posts\/25996","targetHints":{"allow":["GET"]}}],"collection":[{"href":"https:\/\/lasentinelle.dz\/index.php\/wp-json\/wp\/v2\/posts"}],"about":[{"href":"https:\/\/lasentinelle.dz\/index.php\/wp-json\/wp\/v2\/types\/post"}],"author":[{"embeddable":true,"href":"https:\/\/lasentinelle.dz\/index.php\/wp-json\/wp\/v2\/users\/3"}],"replies":[{"embeddable":true,"href":"https:\/\/lasentinelle.dz\/index.php\/wp-json\/wp\/v2\/comments?post=25996"}],"version-history":[{"count":1,"href":"https:\/\/lasentinelle.dz\/index.php\/wp-json\/wp\/v2\/posts\/25996\/revisions"}],"predecessor-version":[{"id":26007,"href":"https:\/\/lasentinelle.dz\/index.php\/wp-json\/wp\/v2\/posts\/25996\/revisions\/26007"}],"wp:featuredmedia":[{"embeddable":true,"href":"https:\/\/lasentinelle.dz\/index.php\/wp-json\/wp\/v2\/media\/26004"}],"wp:attachment":[{"href":"https:\/\/lasentinelle.dz\/index.php\/wp-json\/wp\/v2\/media?parent=25996"}],"wp:term":[{"taxonomy":"category","embeddable":true,"href":"https:\/\/lasentinelle.dz\/index.php\/wp-json\/wp\/v2\/categories?post=25996"},{"taxonomy":"post_tag","embeddable":true,"href":"https:\/\/lasentinelle.dz\/index.php\/wp-json\/wp\/v2\/tags?post=25996"}],"curies":[{"name":"wp","href":"https:\/\/api.w.org\/{rel}","templated":true}]}}