{"id":26038,"date":"2022-08-22T00:01:00","date_gmt":"2022-08-21T23:01:00","guid":{"rendered":"https:\/\/lasentinelle.dz\/?p=26038"},"modified":"2022-08-21T16:53:19","modified_gmt":"2022-08-21T15:53:19","slug":"colombie-larmee-change-de-tetes-petro-veut-quelle-oeuvre-a-la-paix","status":"publish","type":"post","link":"https:\/\/lasentinelle.dz\/index.php\/2022\/08\/22\/colombie-larmee-change-de-tetes-petro-veut-quelle-oeuvre-a-la-paix\/","title":{"rendered":"Colombie\u00a0:\u00a0L&rsquo;arm\u00e9e change de t\u00eates, Petro veut qu&rsquo;elle \u0153uvre \u00e0 la paix"},"content":{"rendered":"\n<p>Apr\u00e8s des ann\u00e9es de violences \u00ab fratricides \u00bb en Colombie, l&rsquo;arm\u00e9e colombienne a vocation \u00e0 \u00ab\u00a0construire la paix\u00a0\u00bb et \u00e0 devenir \u00ab\u00a0une arm\u00e9e de paix\u00a0\u00bb, a plaid\u00e9 samedi soir le pr\u00e9sident Gustavo Petro, \u00e0 l&rsquo;occasion de la prise de fonction officielle du nouveau commandement de l&rsquo;arm\u00e9e. Au cours d&rsquo;une c\u00e9r\u00e9monie avec revue des troupes dans une \u00e9cole militaire de Bogota, le nouveau chef des arm\u00e9es, de m\u00eame que les commandants de l&rsquo;arm\u00e9e de terre, de l&rsquo;air et de la marine ont pr\u00eat\u00e9 serment devant le premier pr\u00e9sident de gauche de l&rsquo;histoire du pays, \u00e9lu en juin dernier. \u00ab\u00a0Je vous invite \u00e0 une r\u00e9flexion sur la signification de l&rsquo;\u00e9lection, un message commun (&#8230;) qu&rsquo;il faut savoir \u00e9couter: la population a vot\u00e9 pour un changement\u00a0\u00bb, a lanc\u00e9 M. Petro devant un parterre d&rsquo;officiers, accompagn\u00e9 de son ministre de la D\u00e9fense r\u00e9cemment nomm\u00e9, Ivan Velasquez Gomez. Apr\u00e8s des \u00ab\u00a0d\u00e9cennies de massacres\u00a0\u00bb \u00e0 \u00ab\u00a0nous tuer les uns les autres dans une guerre fratricide, une violence permanente, (&#8230;) le changement veut dire sortir de cette guerre perp\u00e9tuelle et construire la paix (&#8230;), c&rsquo;est un ordre du peuple\u00a0\u00bb. \u00ab\u00a0Que cela signifie-t-il pour l&rsquo;arm\u00e9e? (&#8230;) Il ne s&rsquo;agit pas de remplacer un g\u00e9n\u00e9ral par un autre (&#8230;). L&rsquo;arm\u00e9e doit non seulement se pr\u00e9parer \u00e0 la guerre, mais elle doit aussi se pr\u00e9parer \u00e0 la paix, terminer comme une arm\u00e9e de paix\u00a0\u00bb, a soulign\u00e9 le pr\u00e9sident de 62 ans, ancien membre d&rsquo;une gu\u00e9rilla urbaine d&rsquo;extr\u00eame-gauche dans les ann\u00e9es 1980 et que l&rsquo;arm\u00e9e colombienne avait alors durement combattue. Le 12 ao\u00fbt, le nouveau chef de l&rsquo;Etat a remplac\u00e9 tout le commandement militaire, police compris, soulignant que sa mission serait \u00ab\u00a0la r\u00e9duction de la violence, de la criminalit\u00e9, et une augmentation substantielle du respect des droits de l&rsquo;homme et des libert\u00e9s publiques\u00a0\u00bb. Il a nomm\u00e9 comme commandant en chef le g\u00e9n\u00e9ral Helder Fernan Giraldo, un officier de 55 ans jusque l\u00e0 charg\u00e9 des op\u00e9rations le long de la violente fronti\u00e8re de 2.200 kilom\u00e8tres avec le Venezuela. Le g\u00e9n\u00e9ral Luis Mauricio Ospina a pris le commandement de l&rsquo;arm\u00e9e de terre, le g\u00e9n\u00e9ral Luis Carlos Cordoba celui de l&rsquo;arm\u00e9e de l&rsquo;air, et le vice-amiral Francisco Hernando Cubides celui de la marine. Le g\u00e9n\u00e9ral Henry Armando Sanabria a pris la t\u00eate de la police, sous l&rsquo;autorit\u00e9 du minist\u00e8re de la D\u00e9fense, mais dont M. Petro a d\u00e9j\u00e0 promis une \u00ab\u00a0transformation profonde\u00a0\u00bb avec passage sous un nouveau minist\u00e8re de tutelle.<\/p>\n\n\n\n<p>Agences&nbsp;<\/p>\n","protected":false},"excerpt":{"rendered":"<p>Apr\u00e8s des ann\u00e9es de violences \u00ab fratricides \u00bb en Colombie, l&rsquo;arm\u00e9e colombienne a vocation \u00e0 \u00ab\u00a0construire la paix\u00a0\u00bb et \u00e0<\/p>\n","protected":false},"author":3,"featured_media":26052,"comment_status":"open","ping_status":"closed","sticky":false,"template":"","format":"standard","meta":{"colormag_page_container_layout":"default_layout","colormag_page_sidebar_layout":"default_layout","om_disable_all_campaigns":false,"_monsterinsights_skip_tracking":false,"_monsterinsights_sitenote_active":false,"_monsterinsights_sitenote_note":"","_monsterinsights_sitenote_category":0,"footnotes":"","_wpscppro_dont_share_socialmedia":false,"_wpscppro_custom_social_share_image":0,"_facebook_share_type":"","_twitter_share_type":"","_linkedin_share_type":"","_pinterest_share_type":"","_linkedin_share_type_page":"","_instagram_share_type":"","_medium_share_type":"","_threads_share_type":"","_google_business_share_type":"","_selected_social_profile":[],"_wpsp_enable_custom_social_template":false,"_wpsp_social_scheduling":{"enabled":false,"datetime":null,"platforms":[],"status":"template_only","dateOption":"today","timeOption":"now","customDays":"","customHours":"","customDate":"","customTime":"","schedulingType":"absolute"},"_wpsp_active_default_template":true},"categories":[37],"tags":[],"class_list":["post-26038","post","type-post","status-publish","format-standard","has-post-thumbnail","hentry","category-monde"],"aioseo_notices":[],"yoast_head":"<!-- This site is optimized with the Yoast SEO plugin v27.5 - https:\/\/yoast.com\/product\/yoast-seo-wordpress\/ -->\n<title>Colombie\u00a0:\u00a0L&rsquo;arm\u00e9e change de t\u00eates, Petro veut qu&rsquo;elle \u0153uvre \u00e0 la paix - La Sentinelle<\/title>\n<meta name=\"robots\" content=\"index, follow, max-snippet:-1, max-image-preview:large, max-video-preview:-1\" \/>\n<link rel=\"canonical\" href=\"https:\/\/lasentinelle.dz\/index.php\/2022\/08\/22\/colombie-larmee-change-de-tetes-petro-veut-quelle-oeuvre-a-la-paix\/\" \/>\n<meta property=\"og:locale\" content=\"fr_FR\" \/>\n<meta property=\"og:type\" content=\"article\" \/>\n<meta property=\"og:title\" content=\"Colombie\u00a0:\u00a0L&rsquo;arm\u00e9e change de t\u00eates, Petro veut qu&rsquo;elle \u0153uvre \u00e0 la paix - La Sentinelle\" \/>\n<meta property=\"og:description\" content=\"Apr\u00e8s des ann\u00e9es de violences \u00ab fratricides \u00bb en Colombie, l&rsquo;arm\u00e9e colombienne a vocation \u00e0 \u00ab\u00a0construire la paix\u00a0\u00bb et \u00e0\" \/>\n<meta property=\"og:url\" content=\"https:\/\/lasentinelle.dz\/index.php\/2022\/08\/22\/colombie-larmee-change-de-tetes-petro-veut-quelle-oeuvre-a-la-paix\/\" \/>\n<meta property=\"og:site_name\" content=\"La Sentinelle\" \/>\n<meta property=\"article:publisher\" content=\"https:\/\/www.facebook.com\/La-Sentinelle-104059864394773\" \/>\n<meta property=\"article:published_time\" content=\"2022-08-21T23:01:00+00:00\" \/>\n<meta property=\"og:image\" content=\"https:\/\/lasentinelle.dz\/wp-content\/uploads\/2022\/08\/661-actu-afp-news-8a0-e1d-09737730fecb46e8a00590dabb-colombie-petro-prend-les-renes-de-l-armee-veut-qu-elle-oeuvre-a-la-paix000_32GV2AX-highDef.jpg\" \/>\n\t<meta property=\"og:image:width\" content=\"768\" \/>\n\t<meta property=\"og:image:height\" content=\"510\" \/>\n\t<meta property=\"og:image:type\" content=\"image\/jpeg\" \/>\n<meta name=\"author\" content=\"La Sentinelle\" \/>\n<meta name=\"twitter:card\" content=\"summary_large_image\" \/>\n<meta name=\"twitter:label1\" content=\"\u00c9crit par\" \/>\n\t<meta name=\"twitter:data1\" content=\"La Sentinelle\" \/>\n\t<meta name=\"twitter:label2\" content=\"Dur\u00e9e de lecture estim\u00e9e\" \/>\n\t<meta name=\"twitter:data2\" content=\"2 minutes\" \/>\n<script type=\"application\/ld+json\" class=\"yoast-schema-graph\">{\"@context\":\"https:\\\/\\\/schema.org\",\"@graph\":[{\"@type\":\"Article\",\"@id\":\"https:\\\/\\\/lasentinelle.dz\\\/index.php\\\/2022\\\/08\\\/22\\\/colombie-larmee-change-de-tetes-petro-veut-quelle-oeuvre-a-la-paix\\\/#article\",\"isPartOf\":{\"@id\":\"https:\\\/\\\/lasentinelle.dz\\\/index.php\\\/2022\\\/08\\\/22\\\/colombie-larmee-change-de-tetes-petro-veut-quelle-oeuvre-a-la-paix\\\/\"},\"author\":{\"name\":\"La Sentinelle\",\"@id\":\"https:\\\/\\\/lasentinelle.dz\\\/#\\\/schema\\\/person\\\/d865044e22e70a75174ce8bcad3acfb3\"},\"headline\":\"Colombie\u00a0:\u00a0L&rsquo;arm\u00e9e change de t\u00eates, Petro veut qu&rsquo;elle \u0153uvre \u00e0 la paix\",\"datePublished\":\"2022-08-21T23:01:00+00:00\",\"mainEntityOfPage\":{\"@id\":\"https:\\\/\\\/lasentinelle.dz\\\/index.php\\\/2022\\\/08\\\/22\\\/colombie-larmee-change-de-tetes-petro-veut-quelle-oeuvre-a-la-paix\\\/\"},\"wordCount\":471,\"commentCount\":0,\"publisher\":{\"@id\":\"https:\\\/\\\/lasentinelle.dz\\\/#organization\"},\"image\":{\"@id\":\"https:\\\/\\\/lasentinelle.dz\\\/index.php\\\/2022\\\/08\\\/22\\\/colombie-larmee-change-de-tetes-petro-veut-quelle-oeuvre-a-la-paix\\\/#primaryimage\"},\"thumbnailUrl\":\"https:\\\/\\\/lasentinelle.dz\\\/wp-content\\\/uploads\\\/2022\\\/08\\\/661-actu-afp-news-8a0-e1d-09737730fecb46e8a00590dabb-colombie-petro-prend-les-renes-de-l-armee-veut-qu-elle-oeuvre-a-la-paix000_32GV2AX-highDef.jpg\",\"articleSection\":[\"Monde\"],\"inLanguage\":\"fr-FR\",\"potentialAction\":[{\"@type\":\"CommentAction\",\"name\":\"Comment\",\"target\":[\"https:\\\/\\\/lasentinelle.dz\\\/index.php\\\/2022\\\/08\\\/22\\\/colombie-larmee-change-de-tetes-petro-veut-quelle-oeuvre-a-la-paix\\\/#respond\"]}]},{\"@type\":\"WebPage\",\"@id\":\"https:\\\/\\\/lasentinelle.dz\\\/index.php\\\/2022\\\/08\\\/22\\\/colombie-larmee-change-de-tetes-petro-veut-quelle-oeuvre-a-la-paix\\\/\",\"url\":\"https:\\\/\\\/lasentinelle.dz\\\/index.php\\\/2022\\\/08\\\/22\\\/colombie-larmee-change-de-tetes-petro-veut-quelle-oeuvre-a-la-paix\\\/\",\"name\":\"Colombie\u00a0:\u00a0L&rsquo;arm\u00e9e change de t\u00eates, Petro veut qu&rsquo;elle \u0153uvre \u00e0 la paix - La Sentinelle\",\"isPartOf\":{\"@id\":\"https:\\\/\\\/lasentinelle.dz\\\/#website\"},\"primaryImageOfPage\":{\"@id\":\"https:\\\/\\\/lasentinelle.dz\\\/index.php\\\/2022\\\/08\\\/22\\\/colombie-larmee-change-de-tetes-petro-veut-quelle-oeuvre-a-la-paix\\\/#primaryimage\"},\"image\":{\"@id\":\"https:\\\/\\\/lasentinelle.dz\\\/index.php\\\/2022\\\/08\\\/22\\\/colombie-larmee-change-de-tetes-petro-veut-quelle-oeuvre-a-la-paix\\\/#primaryimage\"},\"thumbnailUrl\":\"https:\\\/\\\/lasentinelle.dz\\\/wp-content\\\/uploads\\\/2022\\\/08\\\/661-actu-afp-news-8a0-e1d-09737730fecb46e8a00590dabb-colombie-petro-prend-les-renes-de-l-armee-veut-qu-elle-oeuvre-a-la-paix000_32GV2AX-highDef.jpg\",\"datePublished\":\"2022-08-21T23:01:00+00:00\",\"breadcrumb\":{\"@id\":\"https:\\\/\\\/lasentinelle.dz\\\/index.php\\\/2022\\\/08\\\/22\\\/colombie-larmee-change-de-tetes-petro-veut-quelle-oeuvre-a-la-paix\\\/#breadcrumb\"},\"inLanguage\":\"fr-FR\",\"potentialAction\":[{\"@type\":\"ReadAction\",\"target\":[\"https:\\\/\\\/lasentinelle.dz\\\/index.php\\\/2022\\\/08\\\/22\\\/colombie-larmee-change-de-tetes-petro-veut-quelle-oeuvre-a-la-paix\\\/\"]}]},{\"@type\":\"ImageObject\",\"inLanguage\":\"fr-FR\",\"@id\":\"https:\\\/\\\/lasentinelle.dz\\\/index.php\\\/2022\\\/08\\\/22\\\/colombie-larmee-change-de-tetes-petro-veut-quelle-oeuvre-a-la-paix\\\/#primaryimage\",\"url\":\"https:\\\/\\\/lasentinelle.dz\\\/wp-content\\\/uploads\\\/2022\\\/08\\\/661-actu-afp-news-8a0-e1d-09737730fecb46e8a00590dabb-colombie-petro-prend-les-renes-de-l-armee-veut-qu-elle-oeuvre-a-la-paix000_32GV2AX-highDef.jpg\",\"contentUrl\":\"https:\\\/\\\/lasentinelle.dz\\\/wp-content\\\/uploads\\\/2022\\\/08\\\/661-actu-afp-news-8a0-e1d-09737730fecb46e8a00590dabb-colombie-petro-prend-les-renes-de-l-armee-veut-qu-elle-oeuvre-a-la-paix000_32GV2AX-highDef.jpg\",\"width\":768,\"height\":510},{\"@type\":\"BreadcrumbList\",\"@id\":\"https:\\\/\\\/lasentinelle.dz\\\/index.php\\\/2022\\\/08\\\/22\\\/colombie-larmee-change-de-tetes-petro-veut-quelle-oeuvre-a-la-paix\\\/#breadcrumb\",\"itemListElement\":[{\"@type\":\"ListItem\",\"position\":1,\"name\":\"Accueil\",\"item\":\"https:\\\/\\\/lasentinelle.dz\\\/\"},{\"@type\":\"ListItem\",\"position\":2,\"name\":\"Colombie\u00a0:\u00a0L&rsquo;arm\u00e9e change de t\u00eates, Petro veut qu&rsquo;elle \u0153uvre \u00e0 la paix\"}]},{\"@type\":\"WebSite\",\"@id\":\"https:\\\/\\\/lasentinelle.dz\\\/#website\",\"url\":\"https:\\\/\\\/lasentinelle.dz\\\/\",\"name\":\"La Sentinelle\",\"description\":\"Quotidien national d&#039;information\",\"publisher\":{\"@id\":\"https:\\\/\\\/lasentinelle.dz\\\/#organization\"},\"potentialAction\":[{\"@type\":\"SearchAction\",\"target\":{\"@type\":\"EntryPoint\",\"urlTemplate\":\"https:\\\/\\\/lasentinelle.dz\\\/?s={search_term_string}\"},\"query-input\":{\"@type\":\"PropertyValueSpecification\",\"valueRequired\":true,\"valueName\":\"search_term_string\"}}],\"inLanguage\":\"fr-FR\"},{\"@type\":\"Organization\",\"@id\":\"https:\\\/\\\/lasentinelle.dz\\\/#organization\",\"name\":\"Quotidien La Sentinelle\",\"url\":\"https:\\\/\\\/lasentinelle.dz\\\/\",\"logo\":{\"@type\":\"ImageObject\",\"inLanguage\":\"fr-FR\",\"@id\":\"https:\\\/\\\/lasentinelle.dz\\\/#\\\/schema\\\/logo\\\/image\\\/\",\"url\":\"https:\\\/\\\/lasentinelle.dz\\\/wp-content\\\/uploads\\\/2021\\\/09\\\/logo-sentinelleSLOGAN-1.png\",\"contentUrl\":\"https:\\\/\\\/lasentinelle.dz\\\/wp-content\\\/uploads\\\/2021\\\/09\\\/logo-sentinelleSLOGAN-1.png\",\"width\":615,\"height\":142,\"caption\":\"Quotidien La Sentinelle\"},\"image\":{\"@id\":\"https:\\\/\\\/lasentinelle.dz\\\/#\\\/schema\\\/logo\\\/image\\\/\"},\"sameAs\":[\"https:\\\/\\\/www.facebook.com\\\/La-Sentinelle-104059864394773\"]},{\"@type\":\"Person\",\"@id\":\"https:\\\/\\\/lasentinelle.dz\\\/#\\\/schema\\\/person\\\/d865044e22e70a75174ce8bcad3acfb3\",\"name\":\"La Sentinelle\",\"image\":{\"@type\":\"ImageObject\",\"inLanguage\":\"fr-FR\",\"@id\":\"https:\\\/\\\/secure.gravatar.com\\\/avatar\\\/57de8e5d4b15d43fb361a71fbb36338450fe67865b528a43dd10ef7c51a20392?s=96&d=mm&r=g\",\"url\":\"https:\\\/\\\/secure.gravatar.com\\\/avatar\\\/57de8e5d4b15d43fb361a71fbb36338450fe67865b528a43dd10ef7c51a20392?s=96&d=mm&r=g\",\"contentUrl\":\"https:\\\/\\\/secure.gravatar.com\\\/avatar\\\/57de8e5d4b15d43fb361a71fbb36338450fe67865b528a43dd10ef7c51a20392?s=96&d=mm&r=g\",\"caption\":\"La Sentinelle\"},\"sameAs\":[\"http:\\\/\\\/www.lasentinelle.dz\"],\"url\":\"https:\\\/\\\/lasentinelle.dz\\\/author\\\/redaction\\\/\"}]}<\/script>\n<!-- \/ Yoast SEO plugin. -->","yoast_head_json":{"title":"Colombie\u00a0:\u00a0L&rsquo;arm\u00e9e change de t\u00eates, Petro veut qu&rsquo;elle \u0153uvre \u00e0 la paix - La Sentinelle","robots":{"index":"index","follow":"follow","max-snippet":"max-snippet:-1","max-image-preview":"max-image-preview:large","max-video-preview":"max-video-preview:-1"},"canonical":"https:\/\/lasentinelle.dz\/index.php\/2022\/08\/22\/colombie-larmee-change-de-tetes-petro-veut-quelle-oeuvre-a-la-paix\/","og_locale":"fr_FR","og_type":"article","og_title":"Colombie\u00a0:\u00a0L&rsquo;arm\u00e9e change de t\u00eates, Petro veut qu&rsquo;elle \u0153uvre \u00e0 la paix - La Sentinelle","og_description":"Apr\u00e8s des ann\u00e9es de violences \u00ab fratricides \u00bb en Colombie, l&rsquo;arm\u00e9e colombienne a vocation \u00e0 \u00ab\u00a0construire la paix\u00a0\u00bb et \u00e0","og_url":"https:\/\/lasentinelle.dz\/index.php\/2022\/08\/22\/colombie-larmee-change-de-tetes-petro-veut-quelle-oeuvre-a-la-paix\/","og_site_name":"La Sentinelle","article_publisher":"https:\/\/www.facebook.com\/La-Sentinelle-104059864394773","article_published_time":"2022-08-21T23:01:00+00:00","og_image":[{"width":768,"height":510,"url":"https:\/\/lasentinelle.dz\/wp-content\/uploads\/2022\/08\/661-actu-afp-news-8a0-e1d-09737730fecb46e8a00590dabb-colombie-petro-prend-les-renes-de-l-armee-veut-qu-elle-oeuvre-a-la-paix000_32GV2AX-highDef.jpg","type":"image\/jpeg"}],"author":"La Sentinelle","twitter_card":"summary_large_image","twitter_misc":{"\u00c9crit par":"La Sentinelle","Dur\u00e9e de lecture estim\u00e9e":"2 minutes"},"schema":{"@context":"https:\/\/schema.org","@graph":[{"@type":"Article","@id":"https:\/\/lasentinelle.dz\/index.php\/2022\/08\/22\/colombie-larmee-change-de-tetes-petro-veut-quelle-oeuvre-a-la-paix\/#article","isPartOf":{"@id":"https:\/\/lasentinelle.dz\/index.php\/2022\/08\/22\/colombie-larmee-change-de-tetes-petro-veut-quelle-oeuvre-a-la-paix\/"},"author":{"name":"La Sentinelle","@id":"https:\/\/lasentinelle.dz\/#\/schema\/person\/d865044e22e70a75174ce8bcad3acfb3"},"headline":"Colombie\u00a0:\u00a0L&rsquo;arm\u00e9e change de t\u00eates, Petro veut qu&rsquo;elle \u0153uvre \u00e0 la paix","datePublished":"2022-08-21T23:01:00+00:00","mainEntityOfPage":{"@id":"https:\/\/lasentinelle.dz\/index.php\/2022\/08\/22\/colombie-larmee-change-de-tetes-petro-veut-quelle-oeuvre-a-la-paix\/"},"wordCount":471,"commentCount":0,"publisher":{"@id":"https:\/\/lasentinelle.dz\/#organization"},"image":{"@id":"https:\/\/lasentinelle.dz\/index.php\/2022\/08\/22\/colombie-larmee-change-de-tetes-petro-veut-quelle-oeuvre-a-la-paix\/#primaryimage"},"thumbnailUrl":"https:\/\/lasentinelle.dz\/wp-content\/uploads\/2022\/08\/661-actu-afp-news-8a0-e1d-09737730fecb46e8a00590dabb-colombie-petro-prend-les-renes-de-l-armee-veut-qu-elle-oeuvre-a-la-paix000_32GV2AX-highDef.jpg","articleSection":["Monde"],"inLanguage":"fr-FR","potentialAction":[{"@type":"CommentAction","name":"Comment","target":["https:\/\/lasentinelle.dz\/index.php\/2022\/08\/22\/colombie-larmee-change-de-tetes-petro-veut-quelle-oeuvre-a-la-paix\/#respond"]}]},{"@type":"WebPage","@id":"https:\/\/lasentinelle.dz\/index.php\/2022\/08\/22\/colombie-larmee-change-de-tetes-petro-veut-quelle-oeuvre-a-la-paix\/","url":"https:\/\/lasentinelle.dz\/index.php\/2022\/08\/22\/colombie-larmee-change-de-tetes-petro-veut-quelle-oeuvre-a-la-paix\/","name":"Colombie\u00a0:\u00a0L&rsquo;arm\u00e9e change de t\u00eates, Petro veut qu&rsquo;elle \u0153uvre \u00e0 la paix - La Sentinelle","isPartOf":{"@id":"https:\/\/lasentinelle.dz\/#website"},"primaryImageOfPage":{"@id":"https:\/\/lasentinelle.dz\/index.php\/2022\/08\/22\/colombie-larmee-change-de-tetes-petro-veut-quelle-oeuvre-a-la-paix\/#primaryimage"},"image":{"@id":"https:\/\/lasentinelle.dz\/index.php\/2022\/08\/22\/colombie-larmee-change-de-tetes-petro-veut-quelle-oeuvre-a-la-paix\/#primaryimage"},"thumbnailUrl":"https:\/\/lasentinelle.dz\/wp-content\/uploads\/2022\/08\/661-actu-afp-news-8a0-e1d-09737730fecb46e8a00590dabb-colombie-petro-prend-les-renes-de-l-armee-veut-qu-elle-oeuvre-a-la-paix000_32GV2AX-highDef.jpg","datePublished":"2022-08-21T23:01:00+00:00","breadcrumb":{"@id":"https:\/\/lasentinelle.dz\/index.php\/2022\/08\/22\/colombie-larmee-change-de-tetes-petro-veut-quelle-oeuvre-a-la-paix\/#breadcrumb"},"inLanguage":"fr-FR","potentialAction":[{"@type":"ReadAction","target":["https:\/\/lasentinelle.dz\/index.php\/2022\/08\/22\/colombie-larmee-change-de-tetes-petro-veut-quelle-oeuvre-a-la-paix\/"]}]},{"@type":"ImageObject","inLanguage":"fr-FR","@id":"https:\/\/lasentinelle.dz\/index.php\/2022\/08\/22\/colombie-larmee-change-de-tetes-petro-veut-quelle-oeuvre-a-la-paix\/#primaryimage","url":"https:\/\/lasentinelle.dz\/wp-content\/uploads\/2022\/08\/661-actu-afp-news-8a0-e1d-09737730fecb46e8a00590dabb-colombie-petro-prend-les-renes-de-l-armee-veut-qu-elle-oeuvre-a-la-paix000_32GV2AX-highDef.jpg","contentUrl":"https:\/\/lasentinelle.dz\/wp-content\/uploads\/2022\/08\/661-actu-afp-news-8a0-e1d-09737730fecb46e8a00590dabb-colombie-petro-prend-les-renes-de-l-armee-veut-qu-elle-oeuvre-a-la-paix000_32GV2AX-highDef.jpg","width":768,"height":510},{"@type":"BreadcrumbList","@id":"https:\/\/lasentinelle.dz\/index.php\/2022\/08\/22\/colombie-larmee-change-de-tetes-petro-veut-quelle-oeuvre-a-la-paix\/#breadcrumb","itemListElement":[{"@type":"ListItem","position":1,"name":"Accueil","item":"https:\/\/lasentinelle.dz\/"},{"@type":"ListItem","position":2,"name":"Colombie\u00a0:\u00a0L&rsquo;arm\u00e9e change de t\u00eates, Petro veut qu&rsquo;elle \u0153uvre \u00e0 la paix"}]},{"@type":"WebSite","@id":"https:\/\/lasentinelle.dz\/#website","url":"https:\/\/lasentinelle.dz\/","name":"La Sentinelle","description":"Quotidien national d&#039;information","publisher":{"@id":"https:\/\/lasentinelle.dz\/#organization"},"potentialAction":[{"@type":"SearchAction","target":{"@type":"EntryPoint","urlTemplate":"https:\/\/lasentinelle.dz\/?s={search_term_string}"},"query-input":{"@type":"PropertyValueSpecification","valueRequired":true,"valueName":"search_term_string"}}],"inLanguage":"fr-FR"},{"@type":"Organization","@id":"https:\/\/lasentinelle.dz\/#organization","name":"Quotidien La Sentinelle","url":"https:\/\/lasentinelle.dz\/","logo":{"@type":"ImageObject","inLanguage":"fr-FR","@id":"https:\/\/lasentinelle.dz\/#\/schema\/logo\/image\/","url":"https:\/\/lasentinelle.dz\/wp-content\/uploads\/2021\/09\/logo-sentinelleSLOGAN-1.png","contentUrl":"https:\/\/lasentinelle.dz\/wp-content\/uploads\/2021\/09\/logo-sentinelleSLOGAN-1.png","width":615,"height":142,"caption":"Quotidien La Sentinelle"},"image":{"@id":"https:\/\/lasentinelle.dz\/#\/schema\/logo\/image\/"},"sameAs":["https:\/\/www.facebook.com\/La-Sentinelle-104059864394773"]},{"@type":"Person","@id":"https:\/\/lasentinelle.dz\/#\/schema\/person\/d865044e22e70a75174ce8bcad3acfb3","name":"La Sentinelle","image":{"@type":"ImageObject","inLanguage":"fr-FR","@id":"https:\/\/secure.gravatar.com\/avatar\/57de8e5d4b15d43fb361a71fbb36338450fe67865b528a43dd10ef7c51a20392?s=96&d=mm&r=g","url":"https:\/\/secure.gravatar.com\/avatar\/57de8e5d4b15d43fb361a71fbb36338450fe67865b528a43dd10ef7c51a20392?s=96&d=mm&r=g","contentUrl":"https:\/\/secure.gravatar.com\/avatar\/57de8e5d4b15d43fb361a71fbb36338450fe67865b528a43dd10ef7c51a20392?s=96&d=mm&r=g","caption":"La Sentinelle"},"sameAs":["http:\/\/www.lasentinelle.dz"],"url":"https:\/\/lasentinelle.dz\/author\/redaction\/"}]}},"_links":{"self":[{"href":"https:\/\/lasentinelle.dz\/index.php\/wp-json\/wp\/v2\/posts\/26038","targetHints":{"allow":["GET"]}}],"collection":[{"href":"https:\/\/lasentinelle.dz\/index.php\/wp-json\/wp\/v2\/posts"}],"about":[{"href":"https:\/\/lasentinelle.dz\/index.php\/wp-json\/wp\/v2\/types\/post"}],"author":[{"embeddable":true,"href":"https:\/\/lasentinelle.dz\/index.php\/wp-json\/wp\/v2\/users\/3"}],"replies":[{"embeddable":true,"href":"https:\/\/lasentinelle.dz\/index.php\/wp-json\/wp\/v2\/comments?post=26038"}],"version-history":[{"count":1,"href":"https:\/\/lasentinelle.dz\/index.php\/wp-json\/wp\/v2\/posts\/26038\/revisions"}],"predecessor-version":[{"id":26053,"href":"https:\/\/lasentinelle.dz\/index.php\/wp-json\/wp\/v2\/posts\/26038\/revisions\/26053"}],"wp:featuredmedia":[{"embeddable":true,"href":"https:\/\/lasentinelle.dz\/index.php\/wp-json\/wp\/v2\/media\/26052"}],"wp:attachment":[{"href":"https:\/\/lasentinelle.dz\/index.php\/wp-json\/wp\/v2\/media?parent=26038"}],"wp:term":[{"taxonomy":"category","embeddable":true,"href":"https:\/\/lasentinelle.dz\/index.php\/wp-json\/wp\/v2\/categories?post=26038"},{"taxonomy":"post_tag","embeddable":true,"href":"https:\/\/lasentinelle.dz\/index.php\/wp-json\/wp\/v2\/tags?post=26038"}],"curies":[{"name":"wp","href":"https:\/\/api.w.org\/{rel}","templated":true}]}}