{"id":26124,"date":"2022-08-23T00:01:00","date_gmt":"2022-08-22T23:01:00","guid":{"rendered":"https:\/\/lasentinelle.dz\/?p=26124"},"modified":"2022-08-22T16:31:39","modified_gmt":"2022-08-22T15:31:39","slug":"dossier-du-nucleaire-iranien-teheran-critique-le-retard-de-la-reponse-americaine","status":"publish","type":"post","link":"https:\/\/lasentinelle.dz\/index.php\/2022\/08\/23\/dossier-du-nucleaire-iranien-teheran-critique-le-retard-de-la-reponse-americaine\/","title":{"rendered":"Dossier du nucl\u00e9aire iranien\u00a0:\u00a0T\u00e9h\u00e9ran critique le retard de la r\u00e9ponse am\u00e9ricaine"},"content":{"rendered":"\n<p>L&rsquo;Iran a critiqu\u00e9 hier les Etats-Unis pour leur&nbsp;\u00ab&nbsp;retard&nbsp;\u00bb&nbsp;\u00e0 donner leur avis sur les propositions iraniennes au \u00ab\u00a0texte final\u00a0\u00bb soumis par l&rsquo;Union europ\u00e9enne afin de relancer l&rsquo;accord sur le nucl\u00e9aire. \u00ab\u00a0Ce qui est important, c&rsquo;est le retard pris par la partie am\u00e9ricaine pour donner sa r\u00e9ponse, alors que nous, nous avons r\u00e9agi dans les temps\u00a0\u00bb, a d\u00e9clar\u00e9 le porte-parole du minist\u00e8re iranien des Affaires \u00e9trang\u00e8res, Nasser Kanani, lors de sa conf\u00e9rence de presse hebdomadaire. Le 16 ao\u00fbt, l&rsquo;UE et les Etats-Unis ont dit examiner la r\u00e9ponse de l&rsquo;Iran \u00e0 un \u00ab\u00a0texte final\u00a0\u00bb propos\u00e9 par l&rsquo;UE, apr\u00e8s que l&rsquo;Iran a dit avoir fait part de ses \u00ab\u00a0propositions finales\u00a0\u00bb. \u00ab\u00a0Le gouvernement am\u00e9ricain est responsable de la situation actuelle. S&rsquo;il montre sa d\u00e9termination politique dans la pratique et agit de mani\u00e8re responsable, nous pouvons passer \u00e0 l&rsquo;\u00e9tape suivante\u00a0\u00bb, a ajout\u00e9 M. Kanani. Apr\u00e8s plusieurs mois de blocage, les discussions ont repris le 4 ao\u00fbt dans la capitale autrichienne pour une \u00e9ni\u00e8me tentative de sauver l&rsquo;accord international conclu en 2015 entre d&rsquo;une part l&rsquo;Iran et de l&rsquo;autre les&nbsp;\u00c9tats-Unis, la Grande-Bretagne, la Chine, la France, l&rsquo;Allemagne et la Russie. Ce pacte vise \u00e0 garantir le caract\u00e8re civil du programme nucl\u00e9aire de l&rsquo;Iran, accus\u00e9 de chercher \u00e0 se doter de l&rsquo;arme atomique malgr\u00e9 ses d\u00e9mentis. Mais apr\u00e8s le retrait unilat\u00e9ral des&nbsp;\u00c9tats-Unis de l&rsquo;accord en 2018 sous l&rsquo;impulsion de Donald Trump et du r\u00e9tablissement des sanctions am\u00e9ricaines, T\u00e9h\u00e9ran s&rsquo;est progressivement affranchi de ses obligations. L&rsquo;objectif des pourparlers en cours \u00e0 Vienne, auxquels les Etats-Unis participent de mani\u00e8re indirecte, est de remettre le processus sur les rails.Le 26 juillet, le chef de la diplomatie europ\u00e9enne et coordinateur pour le dossier du nucl\u00e9aire iranien, Josep Borrell, a soumis un projet de compromis et a appel\u00e9 les parties engag\u00e9es dans les pourparlers \u00e0 l&rsquo;accepter pour \u00e9viter une \u00ab\u00a0dangereuse crise\u00a0\u00bb.<\/p>\n\n\n\n<p><strong>R.I.<\/strong><\/p>\n","protected":false},"excerpt":{"rendered":"<p>L&rsquo;Iran a critiqu\u00e9 hier les Etats-Unis pour leur&nbsp;\u00ab&nbsp;retard&nbsp;\u00bb&nbsp;\u00e0 donner leur avis sur les propositions iraniennes au \u00ab\u00a0texte final\u00a0\u00bb soumis par<\/p>\n","protected":false},"author":3,"featured_media":26126,"comment_status":"open","ping_status":"closed","sticky":false,"template":"","format":"standard","meta":{"colormag_page_container_layout":"default_layout","colormag_page_sidebar_layout":"default_layout","om_disable_all_campaigns":false,"_monsterinsights_skip_tracking":false,"_monsterinsights_sitenote_active":false,"_monsterinsights_sitenote_note":"","_monsterinsights_sitenote_category":0,"footnotes":"","_wpscppro_dont_share_socialmedia":false,"_wpscppro_custom_social_share_image":0,"_facebook_share_type":"","_twitter_share_type":"","_linkedin_share_type":"","_pinterest_share_type":"","_linkedin_share_type_page":"","_instagram_share_type":"","_medium_share_type":"","_threads_share_type":"","_google_business_share_type":"","_selected_social_profile":[],"_wpsp_enable_custom_social_template":false,"_wpsp_social_scheduling":{"enabled":false,"datetime":null,"platforms":[],"status":"template_only","dateOption":"today","timeOption":"now","customDays":"","customHours":"","customDate":"","customTime":"","schedulingType":"absolute"},"_wpsp_active_default_template":true},"categories":[37],"tags":[],"class_list":["post-26124","post","type-post","status-publish","format-standard","has-post-thumbnail","hentry","category-monde"],"aioseo_notices":[],"yoast_head":"<!-- This site is optimized with the Yoast SEO plugin v27.5 - https:\/\/yoast.com\/product\/yoast-seo-wordpress\/ -->\n<title>Dossier du nucl\u00e9aire iranien\u00a0:\u00a0T\u00e9h\u00e9ran critique le retard de la r\u00e9ponse am\u00e9ricaine - La Sentinelle<\/title>\n<meta name=\"robots\" content=\"index, follow, max-snippet:-1, max-image-preview:large, max-video-preview:-1\" \/>\n<link rel=\"canonical\" href=\"https:\/\/lasentinelle.dz\/index.php\/2022\/08\/23\/dossier-du-nucleaire-iranien-teheran-critique-le-retard-de-la-reponse-americaine\/\" \/>\n<meta property=\"og:locale\" content=\"fr_FR\" \/>\n<meta property=\"og:type\" content=\"article\" \/>\n<meta property=\"og:title\" content=\"Dossier du nucl\u00e9aire iranien\u00a0:\u00a0T\u00e9h\u00e9ran critique le retard de la r\u00e9ponse am\u00e9ricaine - La Sentinelle\" \/>\n<meta property=\"og:description\" content=\"L&rsquo;Iran a critiqu\u00e9 hier les Etats-Unis pour leur&nbsp;\u00ab&nbsp;retard&nbsp;\u00bb&nbsp;\u00e0 donner leur avis sur les propositions iraniennes au \u00ab\u00a0texte final\u00a0\u00bb soumis par\" \/>\n<meta property=\"og:url\" content=\"https:\/\/lasentinelle.dz\/index.php\/2022\/08\/23\/dossier-du-nucleaire-iranien-teheran-critique-le-retard-de-la-reponse-americaine\/\" \/>\n<meta property=\"og:site_name\" content=\"La Sentinelle\" \/>\n<meta property=\"article:publisher\" content=\"https:\/\/www.facebook.com\/La-Sentinelle-104059864394773\" \/>\n<meta property=\"article:published_time\" content=\"2022-08-22T23:01:00+00:00\" \/>\n<meta property=\"og:image\" content=\"https:\/\/lasentinelle.dz\/wp-content\/uploads\/2022\/08\/5a7a038738236c00c2bb1442dcdd09f4.jpg\" \/>\n\t<meta property=\"og:image:width\" content=\"1024\" \/>\n\t<meta property=\"og:image:height\" content=\"683\" \/>\n\t<meta property=\"og:image:type\" content=\"image\/jpeg\" \/>\n<meta name=\"author\" content=\"La Sentinelle\" \/>\n<meta name=\"twitter:card\" content=\"summary_large_image\" \/>\n<meta name=\"twitter:label1\" content=\"\u00c9crit par\" \/>\n\t<meta name=\"twitter:data1\" content=\"La Sentinelle\" \/>\n\t<meta name=\"twitter:label2\" content=\"Dur\u00e9e de lecture estim\u00e9e\" \/>\n\t<meta name=\"twitter:data2\" content=\"2 minutes\" \/>\n<script type=\"application\/ld+json\" class=\"yoast-schema-graph\">{\"@context\":\"https:\\\/\\\/schema.org\",\"@graph\":[{\"@type\":\"Article\",\"@id\":\"https:\\\/\\\/lasentinelle.dz\\\/index.php\\\/2022\\\/08\\\/23\\\/dossier-du-nucleaire-iranien-teheran-critique-le-retard-de-la-reponse-americaine\\\/#article\",\"isPartOf\":{\"@id\":\"https:\\\/\\\/lasentinelle.dz\\\/index.php\\\/2022\\\/08\\\/23\\\/dossier-du-nucleaire-iranien-teheran-critique-le-retard-de-la-reponse-americaine\\\/\"},\"author\":{\"name\":\"La Sentinelle\",\"@id\":\"https:\\\/\\\/lasentinelle.dz\\\/#\\\/schema\\\/person\\\/d865044e22e70a75174ce8bcad3acfb3\"},\"headline\":\"Dossier du nucl\u00e9aire iranien\u00a0:\u00a0T\u00e9h\u00e9ran critique le retard de la r\u00e9ponse am\u00e9ricaine\",\"datePublished\":\"2022-08-22T23:01:00+00:00\",\"mainEntityOfPage\":{\"@id\":\"https:\\\/\\\/lasentinelle.dz\\\/index.php\\\/2022\\\/08\\\/23\\\/dossier-du-nucleaire-iranien-teheran-critique-le-retard-de-la-reponse-americaine\\\/\"},\"wordCount\":369,\"commentCount\":0,\"publisher\":{\"@id\":\"https:\\\/\\\/lasentinelle.dz\\\/#organization\"},\"image\":{\"@id\":\"https:\\\/\\\/lasentinelle.dz\\\/index.php\\\/2022\\\/08\\\/23\\\/dossier-du-nucleaire-iranien-teheran-critique-le-retard-de-la-reponse-americaine\\\/#primaryimage\"},\"thumbnailUrl\":\"https:\\\/\\\/lasentinelle.dz\\\/wp-content\\\/uploads\\\/2022\\\/08\\\/5a7a038738236c00c2bb1442dcdd09f4.jpg\",\"articleSection\":[\"Monde\"],\"inLanguage\":\"fr-FR\",\"potentialAction\":[{\"@type\":\"CommentAction\",\"name\":\"Comment\",\"target\":[\"https:\\\/\\\/lasentinelle.dz\\\/index.php\\\/2022\\\/08\\\/23\\\/dossier-du-nucleaire-iranien-teheran-critique-le-retard-de-la-reponse-americaine\\\/#respond\"]}]},{\"@type\":\"WebPage\",\"@id\":\"https:\\\/\\\/lasentinelle.dz\\\/index.php\\\/2022\\\/08\\\/23\\\/dossier-du-nucleaire-iranien-teheran-critique-le-retard-de-la-reponse-americaine\\\/\",\"url\":\"https:\\\/\\\/lasentinelle.dz\\\/index.php\\\/2022\\\/08\\\/23\\\/dossier-du-nucleaire-iranien-teheran-critique-le-retard-de-la-reponse-americaine\\\/\",\"name\":\"Dossier du nucl\u00e9aire iranien\u00a0:\u00a0T\u00e9h\u00e9ran critique le retard de la r\u00e9ponse am\u00e9ricaine - La Sentinelle\",\"isPartOf\":{\"@id\":\"https:\\\/\\\/lasentinelle.dz\\\/#website\"},\"primaryImageOfPage\":{\"@id\":\"https:\\\/\\\/lasentinelle.dz\\\/index.php\\\/2022\\\/08\\\/23\\\/dossier-du-nucleaire-iranien-teheran-critique-le-retard-de-la-reponse-americaine\\\/#primaryimage\"},\"image\":{\"@id\":\"https:\\\/\\\/lasentinelle.dz\\\/index.php\\\/2022\\\/08\\\/23\\\/dossier-du-nucleaire-iranien-teheran-critique-le-retard-de-la-reponse-americaine\\\/#primaryimage\"},\"thumbnailUrl\":\"https:\\\/\\\/lasentinelle.dz\\\/wp-content\\\/uploads\\\/2022\\\/08\\\/5a7a038738236c00c2bb1442dcdd09f4.jpg\",\"datePublished\":\"2022-08-22T23:01:00+00:00\",\"breadcrumb\":{\"@id\":\"https:\\\/\\\/lasentinelle.dz\\\/index.php\\\/2022\\\/08\\\/23\\\/dossier-du-nucleaire-iranien-teheran-critique-le-retard-de-la-reponse-americaine\\\/#breadcrumb\"},\"inLanguage\":\"fr-FR\",\"potentialAction\":[{\"@type\":\"ReadAction\",\"target\":[\"https:\\\/\\\/lasentinelle.dz\\\/index.php\\\/2022\\\/08\\\/23\\\/dossier-du-nucleaire-iranien-teheran-critique-le-retard-de-la-reponse-americaine\\\/\"]}]},{\"@type\":\"ImageObject\",\"inLanguage\":\"fr-FR\",\"@id\":\"https:\\\/\\\/lasentinelle.dz\\\/index.php\\\/2022\\\/08\\\/23\\\/dossier-du-nucleaire-iranien-teheran-critique-le-retard-de-la-reponse-americaine\\\/#primaryimage\",\"url\":\"https:\\\/\\\/lasentinelle.dz\\\/wp-content\\\/uploads\\\/2022\\\/08\\\/5a7a038738236c00c2bb1442dcdd09f4.jpg\",\"contentUrl\":\"https:\\\/\\\/lasentinelle.dz\\\/wp-content\\\/uploads\\\/2022\\\/08\\\/5a7a038738236c00c2bb1442dcdd09f4.jpg\",\"width\":1024,\"height\":683},{\"@type\":\"BreadcrumbList\",\"@id\":\"https:\\\/\\\/lasentinelle.dz\\\/index.php\\\/2022\\\/08\\\/23\\\/dossier-du-nucleaire-iranien-teheran-critique-le-retard-de-la-reponse-americaine\\\/#breadcrumb\",\"itemListElement\":[{\"@type\":\"ListItem\",\"position\":1,\"name\":\"Accueil\",\"item\":\"https:\\\/\\\/lasentinelle.dz\\\/\"},{\"@type\":\"ListItem\",\"position\":2,\"name\":\"Dossier du nucl\u00e9aire iranien\u00a0:\u00a0T\u00e9h\u00e9ran critique le retard de la r\u00e9ponse am\u00e9ricaine\"}]},{\"@type\":\"WebSite\",\"@id\":\"https:\\\/\\\/lasentinelle.dz\\\/#website\",\"url\":\"https:\\\/\\\/lasentinelle.dz\\\/\",\"name\":\"La Sentinelle\",\"description\":\"Quotidien national d&#039;information\",\"publisher\":{\"@id\":\"https:\\\/\\\/lasentinelle.dz\\\/#organization\"},\"potentialAction\":[{\"@type\":\"SearchAction\",\"target\":{\"@type\":\"EntryPoint\",\"urlTemplate\":\"https:\\\/\\\/lasentinelle.dz\\\/?s={search_term_string}\"},\"query-input\":{\"@type\":\"PropertyValueSpecification\",\"valueRequired\":true,\"valueName\":\"search_term_string\"}}],\"inLanguage\":\"fr-FR\"},{\"@type\":\"Organization\",\"@id\":\"https:\\\/\\\/lasentinelle.dz\\\/#organization\",\"name\":\"Quotidien La Sentinelle\",\"url\":\"https:\\\/\\\/lasentinelle.dz\\\/\",\"logo\":{\"@type\":\"ImageObject\",\"inLanguage\":\"fr-FR\",\"@id\":\"https:\\\/\\\/lasentinelle.dz\\\/#\\\/schema\\\/logo\\\/image\\\/\",\"url\":\"https:\\\/\\\/lasentinelle.dz\\\/wp-content\\\/uploads\\\/2021\\\/09\\\/logo-sentinelleSLOGAN-1.png\",\"contentUrl\":\"https:\\\/\\\/lasentinelle.dz\\\/wp-content\\\/uploads\\\/2021\\\/09\\\/logo-sentinelleSLOGAN-1.png\",\"width\":615,\"height\":142,\"caption\":\"Quotidien La Sentinelle\"},\"image\":{\"@id\":\"https:\\\/\\\/lasentinelle.dz\\\/#\\\/schema\\\/logo\\\/image\\\/\"},\"sameAs\":[\"https:\\\/\\\/www.facebook.com\\\/La-Sentinelle-104059864394773\"]},{\"@type\":\"Person\",\"@id\":\"https:\\\/\\\/lasentinelle.dz\\\/#\\\/schema\\\/person\\\/d865044e22e70a75174ce8bcad3acfb3\",\"name\":\"La Sentinelle\",\"image\":{\"@type\":\"ImageObject\",\"inLanguage\":\"fr-FR\",\"@id\":\"https:\\\/\\\/secure.gravatar.com\\\/avatar\\\/57de8e5d4b15d43fb361a71fbb36338450fe67865b528a43dd10ef7c51a20392?s=96&d=mm&r=g\",\"url\":\"https:\\\/\\\/secure.gravatar.com\\\/avatar\\\/57de8e5d4b15d43fb361a71fbb36338450fe67865b528a43dd10ef7c51a20392?s=96&d=mm&r=g\",\"contentUrl\":\"https:\\\/\\\/secure.gravatar.com\\\/avatar\\\/57de8e5d4b15d43fb361a71fbb36338450fe67865b528a43dd10ef7c51a20392?s=96&d=mm&r=g\",\"caption\":\"La Sentinelle\"},\"sameAs\":[\"http:\\\/\\\/www.lasentinelle.dz\"],\"url\":\"https:\\\/\\\/lasentinelle.dz\\\/author\\\/redaction\\\/\"}]}<\/script>\n<!-- \/ Yoast SEO plugin. -->","yoast_head_json":{"title":"Dossier du nucl\u00e9aire iranien\u00a0:\u00a0T\u00e9h\u00e9ran critique le retard de la r\u00e9ponse am\u00e9ricaine - La Sentinelle","robots":{"index":"index","follow":"follow","max-snippet":"max-snippet:-1","max-image-preview":"max-image-preview:large","max-video-preview":"max-video-preview:-1"},"canonical":"https:\/\/lasentinelle.dz\/index.php\/2022\/08\/23\/dossier-du-nucleaire-iranien-teheran-critique-le-retard-de-la-reponse-americaine\/","og_locale":"fr_FR","og_type":"article","og_title":"Dossier du nucl\u00e9aire iranien\u00a0:\u00a0T\u00e9h\u00e9ran critique le retard de la r\u00e9ponse am\u00e9ricaine - La Sentinelle","og_description":"L&rsquo;Iran a critiqu\u00e9 hier les Etats-Unis pour leur&nbsp;\u00ab&nbsp;retard&nbsp;\u00bb&nbsp;\u00e0 donner leur avis sur les propositions iraniennes au \u00ab\u00a0texte final\u00a0\u00bb soumis par","og_url":"https:\/\/lasentinelle.dz\/index.php\/2022\/08\/23\/dossier-du-nucleaire-iranien-teheran-critique-le-retard-de-la-reponse-americaine\/","og_site_name":"La Sentinelle","article_publisher":"https:\/\/www.facebook.com\/La-Sentinelle-104059864394773","article_published_time":"2022-08-22T23:01:00+00:00","og_image":[{"width":1024,"height":683,"url":"https:\/\/lasentinelle.dz\/wp-content\/uploads\/2022\/08\/5a7a038738236c00c2bb1442dcdd09f4.jpg","type":"image\/jpeg"}],"author":"La Sentinelle","twitter_card":"summary_large_image","twitter_misc":{"\u00c9crit par":"La Sentinelle","Dur\u00e9e de lecture estim\u00e9e":"2 minutes"},"schema":{"@context":"https:\/\/schema.org","@graph":[{"@type":"Article","@id":"https:\/\/lasentinelle.dz\/index.php\/2022\/08\/23\/dossier-du-nucleaire-iranien-teheran-critique-le-retard-de-la-reponse-americaine\/#article","isPartOf":{"@id":"https:\/\/lasentinelle.dz\/index.php\/2022\/08\/23\/dossier-du-nucleaire-iranien-teheran-critique-le-retard-de-la-reponse-americaine\/"},"author":{"name":"La Sentinelle","@id":"https:\/\/lasentinelle.dz\/#\/schema\/person\/d865044e22e70a75174ce8bcad3acfb3"},"headline":"Dossier du nucl\u00e9aire iranien\u00a0:\u00a0T\u00e9h\u00e9ran critique le retard de la r\u00e9ponse am\u00e9ricaine","datePublished":"2022-08-22T23:01:00+00:00","mainEntityOfPage":{"@id":"https:\/\/lasentinelle.dz\/index.php\/2022\/08\/23\/dossier-du-nucleaire-iranien-teheran-critique-le-retard-de-la-reponse-americaine\/"},"wordCount":369,"commentCount":0,"publisher":{"@id":"https:\/\/lasentinelle.dz\/#organization"},"image":{"@id":"https:\/\/lasentinelle.dz\/index.php\/2022\/08\/23\/dossier-du-nucleaire-iranien-teheran-critique-le-retard-de-la-reponse-americaine\/#primaryimage"},"thumbnailUrl":"https:\/\/lasentinelle.dz\/wp-content\/uploads\/2022\/08\/5a7a038738236c00c2bb1442dcdd09f4.jpg","articleSection":["Monde"],"inLanguage":"fr-FR","potentialAction":[{"@type":"CommentAction","name":"Comment","target":["https:\/\/lasentinelle.dz\/index.php\/2022\/08\/23\/dossier-du-nucleaire-iranien-teheran-critique-le-retard-de-la-reponse-americaine\/#respond"]}]},{"@type":"WebPage","@id":"https:\/\/lasentinelle.dz\/index.php\/2022\/08\/23\/dossier-du-nucleaire-iranien-teheran-critique-le-retard-de-la-reponse-americaine\/","url":"https:\/\/lasentinelle.dz\/index.php\/2022\/08\/23\/dossier-du-nucleaire-iranien-teheran-critique-le-retard-de-la-reponse-americaine\/","name":"Dossier du nucl\u00e9aire iranien\u00a0:\u00a0T\u00e9h\u00e9ran critique le retard de la r\u00e9ponse am\u00e9ricaine - La Sentinelle","isPartOf":{"@id":"https:\/\/lasentinelle.dz\/#website"},"primaryImageOfPage":{"@id":"https:\/\/lasentinelle.dz\/index.php\/2022\/08\/23\/dossier-du-nucleaire-iranien-teheran-critique-le-retard-de-la-reponse-americaine\/#primaryimage"},"image":{"@id":"https:\/\/lasentinelle.dz\/index.php\/2022\/08\/23\/dossier-du-nucleaire-iranien-teheran-critique-le-retard-de-la-reponse-americaine\/#primaryimage"},"thumbnailUrl":"https:\/\/lasentinelle.dz\/wp-content\/uploads\/2022\/08\/5a7a038738236c00c2bb1442dcdd09f4.jpg","datePublished":"2022-08-22T23:01:00+00:00","breadcrumb":{"@id":"https:\/\/lasentinelle.dz\/index.php\/2022\/08\/23\/dossier-du-nucleaire-iranien-teheran-critique-le-retard-de-la-reponse-americaine\/#breadcrumb"},"inLanguage":"fr-FR","potentialAction":[{"@type":"ReadAction","target":["https:\/\/lasentinelle.dz\/index.php\/2022\/08\/23\/dossier-du-nucleaire-iranien-teheran-critique-le-retard-de-la-reponse-americaine\/"]}]},{"@type":"ImageObject","inLanguage":"fr-FR","@id":"https:\/\/lasentinelle.dz\/index.php\/2022\/08\/23\/dossier-du-nucleaire-iranien-teheran-critique-le-retard-de-la-reponse-americaine\/#primaryimage","url":"https:\/\/lasentinelle.dz\/wp-content\/uploads\/2022\/08\/5a7a038738236c00c2bb1442dcdd09f4.jpg","contentUrl":"https:\/\/lasentinelle.dz\/wp-content\/uploads\/2022\/08\/5a7a038738236c00c2bb1442dcdd09f4.jpg","width":1024,"height":683},{"@type":"BreadcrumbList","@id":"https:\/\/lasentinelle.dz\/index.php\/2022\/08\/23\/dossier-du-nucleaire-iranien-teheran-critique-le-retard-de-la-reponse-americaine\/#breadcrumb","itemListElement":[{"@type":"ListItem","position":1,"name":"Accueil","item":"https:\/\/lasentinelle.dz\/"},{"@type":"ListItem","position":2,"name":"Dossier du nucl\u00e9aire iranien\u00a0:\u00a0T\u00e9h\u00e9ran critique le retard de la r\u00e9ponse am\u00e9ricaine"}]},{"@type":"WebSite","@id":"https:\/\/lasentinelle.dz\/#website","url":"https:\/\/lasentinelle.dz\/","name":"La Sentinelle","description":"Quotidien national d&#039;information","publisher":{"@id":"https:\/\/lasentinelle.dz\/#organization"},"potentialAction":[{"@type":"SearchAction","target":{"@type":"EntryPoint","urlTemplate":"https:\/\/lasentinelle.dz\/?s={search_term_string}"},"query-input":{"@type":"PropertyValueSpecification","valueRequired":true,"valueName":"search_term_string"}}],"inLanguage":"fr-FR"},{"@type":"Organization","@id":"https:\/\/lasentinelle.dz\/#organization","name":"Quotidien La Sentinelle","url":"https:\/\/lasentinelle.dz\/","logo":{"@type":"ImageObject","inLanguage":"fr-FR","@id":"https:\/\/lasentinelle.dz\/#\/schema\/logo\/image\/","url":"https:\/\/lasentinelle.dz\/wp-content\/uploads\/2021\/09\/logo-sentinelleSLOGAN-1.png","contentUrl":"https:\/\/lasentinelle.dz\/wp-content\/uploads\/2021\/09\/logo-sentinelleSLOGAN-1.png","width":615,"height":142,"caption":"Quotidien La Sentinelle"},"image":{"@id":"https:\/\/lasentinelle.dz\/#\/schema\/logo\/image\/"},"sameAs":["https:\/\/www.facebook.com\/La-Sentinelle-104059864394773"]},{"@type":"Person","@id":"https:\/\/lasentinelle.dz\/#\/schema\/person\/d865044e22e70a75174ce8bcad3acfb3","name":"La Sentinelle","image":{"@type":"ImageObject","inLanguage":"fr-FR","@id":"https:\/\/secure.gravatar.com\/avatar\/57de8e5d4b15d43fb361a71fbb36338450fe67865b528a43dd10ef7c51a20392?s=96&d=mm&r=g","url":"https:\/\/secure.gravatar.com\/avatar\/57de8e5d4b15d43fb361a71fbb36338450fe67865b528a43dd10ef7c51a20392?s=96&d=mm&r=g","contentUrl":"https:\/\/secure.gravatar.com\/avatar\/57de8e5d4b15d43fb361a71fbb36338450fe67865b528a43dd10ef7c51a20392?s=96&d=mm&r=g","caption":"La Sentinelle"},"sameAs":["http:\/\/www.lasentinelle.dz"],"url":"https:\/\/lasentinelle.dz\/author\/redaction\/"}]}},"_links":{"self":[{"href":"https:\/\/lasentinelle.dz\/index.php\/wp-json\/wp\/v2\/posts\/26124","targetHints":{"allow":["GET"]}}],"collection":[{"href":"https:\/\/lasentinelle.dz\/index.php\/wp-json\/wp\/v2\/posts"}],"about":[{"href":"https:\/\/lasentinelle.dz\/index.php\/wp-json\/wp\/v2\/types\/post"}],"author":[{"embeddable":true,"href":"https:\/\/lasentinelle.dz\/index.php\/wp-json\/wp\/v2\/users\/3"}],"replies":[{"embeddable":true,"href":"https:\/\/lasentinelle.dz\/index.php\/wp-json\/wp\/v2\/comments?post=26124"}],"version-history":[{"count":1,"href":"https:\/\/lasentinelle.dz\/index.php\/wp-json\/wp\/v2\/posts\/26124\/revisions"}],"predecessor-version":[{"id":26127,"href":"https:\/\/lasentinelle.dz\/index.php\/wp-json\/wp\/v2\/posts\/26124\/revisions\/26127"}],"wp:featuredmedia":[{"embeddable":true,"href":"https:\/\/lasentinelle.dz\/index.php\/wp-json\/wp\/v2\/media\/26126"}],"wp:attachment":[{"href":"https:\/\/lasentinelle.dz\/index.php\/wp-json\/wp\/v2\/media?parent=26124"}],"wp:term":[{"taxonomy":"category","embeddable":true,"href":"https:\/\/lasentinelle.dz\/index.php\/wp-json\/wp\/v2\/categories?post=26124"},{"taxonomy":"post_tag","embeddable":true,"href":"https:\/\/lasentinelle.dz\/index.php\/wp-json\/wp\/v2\/tags?post=26124"}],"curies":[{"name":"wp","href":"https:\/\/api.w.org\/{rel}","templated":true}]}}