{"id":26200,"date":"2022-08-24T00:01:00","date_gmt":"2022-08-23T23:01:00","guid":{"rendered":"https:\/\/lasentinelle.dz\/?p=26200"},"modified":"2022-08-23T16:10:52","modified_gmt":"2022-08-23T15:10:52","slug":"cooperation-securitaire-le-secretaire-general-de-lonu-appelle-a-un-nouveau-consensus-mondial","status":"publish","type":"post","link":"https:\/\/lasentinelle.dz\/index.php\/2022\/08\/24\/cooperation-securitaire-le-secretaire-general-de-lonu-appelle-a-un-nouveau-consensus-mondial\/","title":{"rendered":"Coop\u00e9ration s\u00e9curitaire\u00a0:\u00a0Le secr\u00e9taire g\u00e9n\u00e9ral de l&rsquo;ONU appelle \u00e0 un nouveau consensus mondial"},"content":{"rendered":"\n<p>Le secr\u00e9taire g\u00e9n\u00e9ral de l&rsquo;ONU Antonio Guterres a soulign\u00e9 depuis New York \u00ab\u00a0la n\u00e9cessit\u00e9 de forger un nouveau consensus mondial sur la coop\u00e9ration n\u00e9cessaire pour assurer la s\u00e9curit\u00e9&nbsp;&nbsp;&nbsp;collective de tous\u00a0\u00bb. \u00ab\u00a0Notre s\u00e9curit\u00e9 collective exige que nous saisissons toutes les opportunit\u00e9s pour construire une compr\u00e9hension commune des menaces et des d\u00e9fis qui nous attendent &#8211; et surtout pour fa\u00e7onner des r\u00e9ponses unies \u00e0 ceux-ci\u00a0\u00bb, a-t-il affirm\u00e9 lors d&rsquo;une r\u00e9union du Conseil de s\u00e9curit\u00e9&nbsp;&nbsp;&nbsp;consacr\u00e9e \u00e0 la promotion de la s\u00e9curit\u00e9 commune par le dialogue et la coop\u00e9ration. \u00ab\u00a0Comme le sujet de ce briefing le montre clairement, le chemin qui conduit \u00e0 la paix est trac\u00e9 par le dialogue et la coop\u00e9ration\u00a0\u00bb, a-t-il d\u00e9clar\u00e9. Le Conseil de s\u00e9curit\u00e9 repr\u00e9sente un \u00e9l\u00e9ment vital du processus de paix et de pr\u00e9vention. Mais le syst\u00e8me de s\u00e9curit\u00e9 collective est aujourd&rsquo;hui mis \u00e0 l&rsquo;\u00e9preuve comme jamais auparavant, a soulign\u00e9 M. Guterres. \u00ab\u00a0Notre monde est d\u00e9chir\u00e9 par les divisions g\u00e9opolitiques, les conflits et l&rsquo;instabilit\u00e9. Des coups d&rsquo;Etat militaires aux conflits inter\u00e9tatiques en passant par les invasions et par des guerres qui se prolongent ann\u00e9e apr\u00e8s ann\u00e9e&#8230; Les divergences persistantes entre grandes puissances mondiales, y compris au sein de ce conseil, continuent \u00e0 limiter nos capacit\u00e9s \u00e0 r\u00e9agir collectivement. Les capacit\u00e9s d&rsquo;aide humanitaire sont proches de leur point de rupture. Les droits de l&rsquo;Homme et l&rsquo;\u00c9tat de droit sont attaqu\u00e9s. La&nbsp;&nbsp;&nbsp;confiance se fait rare\u00a0\u00bb, a-t-il not\u00e9.&nbsp;&nbsp;&nbsp;&nbsp;&nbsp;\u00ab\u00a0Une grande partie des syst\u00e8mes cr\u00e9\u00e9s il y a plusieurs d\u00e9cennies sont d\u00e9sormais confront\u00e9s \u00e0 des d\u00e9fis inimaginables pour nos pr\u00e9d\u00e9cesseurs &#8211; la guerre informatique, le terrorisme et les armes l\u00e9tales autonomes. Et le risque nucl\u00e9aire est \u00e0 son plus haut niveau depuis des d\u00e9cennies\u00a0\u00bb, a-t-il&nbsp;&nbsp;&nbsp;ajout\u00e9.<\/p>\n\n\n\n<p>R.I.<\/p>\n","protected":false},"excerpt":{"rendered":"<p>Le secr\u00e9taire g\u00e9n\u00e9ral de l&rsquo;ONU Antonio Guterres a soulign\u00e9 depuis New York \u00ab\u00a0la n\u00e9cessit\u00e9 de forger un nouveau consensus mondial<\/p>\n","protected":false},"author":3,"featured_media":26217,"comment_status":"open","ping_status":"closed","sticky":false,"template":"","format":"standard","meta":{"colormag_page_container_layout":"default_layout","colormag_page_sidebar_layout":"default_layout","om_disable_all_campaigns":false,"_monsterinsights_skip_tracking":false,"_monsterinsights_sitenote_active":false,"_monsterinsights_sitenote_note":"","_monsterinsights_sitenote_category":0,"footnotes":"","_wpscppro_dont_share_socialmedia":false,"_wpscppro_custom_social_share_image":0,"_facebook_share_type":"","_twitter_share_type":"","_linkedin_share_type":"","_pinterest_share_type":"","_linkedin_share_type_page":"","_instagram_share_type":"","_medium_share_type":"","_threads_share_type":"","_google_business_share_type":"","_selected_social_profile":[],"_wpsp_enable_custom_social_template":false,"_wpsp_social_scheduling":{"enabled":false,"datetime":null,"platforms":[],"status":"template_only","dateOption":"today","timeOption":"now","customDays":"","customHours":"","customDate":"","customTime":"","schedulingType":"absolute"},"_wpsp_active_default_template":true},"categories":[37],"tags":[],"class_list":["post-26200","post","type-post","status-publish","format-standard","has-post-thumbnail","hentry","category-monde"],"aioseo_notices":[],"yoast_head":"<!-- This site is optimized with the Yoast SEO plugin v27.5 - https:\/\/yoast.com\/product\/yoast-seo-wordpress\/ -->\n<title>Coop\u00e9ration s\u00e9curitaire\u00a0:\u00a0Le secr\u00e9taire g\u00e9n\u00e9ral de l&rsquo;ONU appelle \u00e0 un nouveau consensus mondial - La Sentinelle<\/title>\n<meta name=\"robots\" content=\"index, follow, max-snippet:-1, max-image-preview:large, max-video-preview:-1\" \/>\n<link rel=\"canonical\" href=\"https:\/\/lasentinelle.dz\/index.php\/2022\/08\/24\/cooperation-securitaire-le-secretaire-general-de-lonu-appelle-a-un-nouveau-consensus-mondial\/\" \/>\n<meta property=\"og:locale\" content=\"fr_FR\" \/>\n<meta property=\"og:type\" content=\"article\" \/>\n<meta property=\"og:title\" content=\"Coop\u00e9ration s\u00e9curitaire\u00a0:\u00a0Le secr\u00e9taire g\u00e9n\u00e9ral de l&rsquo;ONU appelle \u00e0 un nouveau consensus mondial - La Sentinelle\" \/>\n<meta property=\"og:description\" content=\"Le secr\u00e9taire g\u00e9n\u00e9ral de l&rsquo;ONU Antonio Guterres a soulign\u00e9 depuis New York \u00ab\u00a0la n\u00e9cessit\u00e9 de forger un nouveau consensus mondial\" \/>\n<meta property=\"og:url\" content=\"https:\/\/lasentinelle.dz\/index.php\/2022\/08\/24\/cooperation-securitaire-le-secretaire-general-de-lonu-appelle-a-un-nouveau-consensus-mondial\/\" \/>\n<meta property=\"og:site_name\" content=\"La Sentinelle\" \/>\n<meta property=\"article:publisher\" content=\"https:\/\/www.facebook.com\/La-Sentinelle-104059864394773\" \/>\n<meta property=\"article:published_time\" content=\"2022-08-23T23:01:00+00:00\" \/>\n<meta property=\"og:image\" content=\"https:\/\/lasentinelle.dz\/wp-content\/uploads\/2022\/08\/image770x420cropped.jpg\" \/>\n\t<meta property=\"og:image:width\" content=\"770\" \/>\n\t<meta property=\"og:image:height\" content=\"420\" \/>\n\t<meta property=\"og:image:type\" content=\"image\/jpeg\" \/>\n<meta name=\"author\" content=\"La Sentinelle\" \/>\n<meta name=\"twitter:card\" content=\"summary_large_image\" \/>\n<meta name=\"twitter:label1\" content=\"\u00c9crit par\" \/>\n\t<meta name=\"twitter:data1\" content=\"La Sentinelle\" \/>\n\t<meta name=\"twitter:label2\" content=\"Dur\u00e9e de lecture estim\u00e9e\" \/>\n\t<meta name=\"twitter:data2\" content=\"2 minutes\" \/>\n<script type=\"application\/ld+json\" class=\"yoast-schema-graph\">{\"@context\":\"https:\\\/\\\/schema.org\",\"@graph\":[{\"@type\":\"Article\",\"@id\":\"https:\\\/\\\/lasentinelle.dz\\\/index.php\\\/2022\\\/08\\\/24\\\/cooperation-securitaire-le-secretaire-general-de-lonu-appelle-a-un-nouveau-consensus-mondial\\\/#article\",\"isPartOf\":{\"@id\":\"https:\\\/\\\/lasentinelle.dz\\\/index.php\\\/2022\\\/08\\\/24\\\/cooperation-securitaire-le-secretaire-general-de-lonu-appelle-a-un-nouveau-consensus-mondial\\\/\"},\"author\":{\"name\":\"La Sentinelle\",\"@id\":\"https:\\\/\\\/lasentinelle.dz\\\/#\\\/schema\\\/person\\\/d865044e22e70a75174ce8bcad3acfb3\"},\"headline\":\"Coop\u00e9ration s\u00e9curitaire\u00a0:\u00a0Le secr\u00e9taire g\u00e9n\u00e9ral de l&rsquo;ONU appelle \u00e0 un nouveau consensus mondial\",\"datePublished\":\"2022-08-23T23:01:00+00:00\",\"mainEntityOfPage\":{\"@id\":\"https:\\\/\\\/lasentinelle.dz\\\/index.php\\\/2022\\\/08\\\/24\\\/cooperation-securitaire-le-secretaire-general-de-lonu-appelle-a-un-nouveau-consensus-mondial\\\/\"},\"wordCount\":363,\"commentCount\":0,\"publisher\":{\"@id\":\"https:\\\/\\\/lasentinelle.dz\\\/#organization\"},\"image\":{\"@id\":\"https:\\\/\\\/lasentinelle.dz\\\/index.php\\\/2022\\\/08\\\/24\\\/cooperation-securitaire-le-secretaire-general-de-lonu-appelle-a-un-nouveau-consensus-mondial\\\/#primaryimage\"},\"thumbnailUrl\":\"https:\\\/\\\/lasentinelle.dz\\\/wp-content\\\/uploads\\\/2022\\\/08\\\/image770x420cropped.jpg\",\"articleSection\":[\"Monde\"],\"inLanguage\":\"fr-FR\",\"potentialAction\":[{\"@type\":\"CommentAction\",\"name\":\"Comment\",\"target\":[\"https:\\\/\\\/lasentinelle.dz\\\/index.php\\\/2022\\\/08\\\/24\\\/cooperation-securitaire-le-secretaire-general-de-lonu-appelle-a-un-nouveau-consensus-mondial\\\/#respond\"]}]},{\"@type\":\"WebPage\",\"@id\":\"https:\\\/\\\/lasentinelle.dz\\\/index.php\\\/2022\\\/08\\\/24\\\/cooperation-securitaire-le-secretaire-general-de-lonu-appelle-a-un-nouveau-consensus-mondial\\\/\",\"url\":\"https:\\\/\\\/lasentinelle.dz\\\/index.php\\\/2022\\\/08\\\/24\\\/cooperation-securitaire-le-secretaire-general-de-lonu-appelle-a-un-nouveau-consensus-mondial\\\/\",\"name\":\"Coop\u00e9ration s\u00e9curitaire\u00a0:\u00a0Le secr\u00e9taire g\u00e9n\u00e9ral de l&rsquo;ONU appelle \u00e0 un nouveau consensus mondial - La Sentinelle\",\"isPartOf\":{\"@id\":\"https:\\\/\\\/lasentinelle.dz\\\/#website\"},\"primaryImageOfPage\":{\"@id\":\"https:\\\/\\\/lasentinelle.dz\\\/index.php\\\/2022\\\/08\\\/24\\\/cooperation-securitaire-le-secretaire-general-de-lonu-appelle-a-un-nouveau-consensus-mondial\\\/#primaryimage\"},\"image\":{\"@id\":\"https:\\\/\\\/lasentinelle.dz\\\/index.php\\\/2022\\\/08\\\/24\\\/cooperation-securitaire-le-secretaire-general-de-lonu-appelle-a-un-nouveau-consensus-mondial\\\/#primaryimage\"},\"thumbnailUrl\":\"https:\\\/\\\/lasentinelle.dz\\\/wp-content\\\/uploads\\\/2022\\\/08\\\/image770x420cropped.jpg\",\"datePublished\":\"2022-08-23T23:01:00+00:00\",\"breadcrumb\":{\"@id\":\"https:\\\/\\\/lasentinelle.dz\\\/index.php\\\/2022\\\/08\\\/24\\\/cooperation-securitaire-le-secretaire-general-de-lonu-appelle-a-un-nouveau-consensus-mondial\\\/#breadcrumb\"},\"inLanguage\":\"fr-FR\",\"potentialAction\":[{\"@type\":\"ReadAction\",\"target\":[\"https:\\\/\\\/lasentinelle.dz\\\/index.php\\\/2022\\\/08\\\/24\\\/cooperation-securitaire-le-secretaire-general-de-lonu-appelle-a-un-nouveau-consensus-mondial\\\/\"]}]},{\"@type\":\"ImageObject\",\"inLanguage\":\"fr-FR\",\"@id\":\"https:\\\/\\\/lasentinelle.dz\\\/index.php\\\/2022\\\/08\\\/24\\\/cooperation-securitaire-le-secretaire-general-de-lonu-appelle-a-un-nouveau-consensus-mondial\\\/#primaryimage\",\"url\":\"https:\\\/\\\/lasentinelle.dz\\\/wp-content\\\/uploads\\\/2022\\\/08\\\/image770x420cropped.jpg\",\"contentUrl\":\"https:\\\/\\\/lasentinelle.dz\\\/wp-content\\\/uploads\\\/2022\\\/08\\\/image770x420cropped.jpg\",\"width\":770,\"height\":420},{\"@type\":\"BreadcrumbList\",\"@id\":\"https:\\\/\\\/lasentinelle.dz\\\/index.php\\\/2022\\\/08\\\/24\\\/cooperation-securitaire-le-secretaire-general-de-lonu-appelle-a-un-nouveau-consensus-mondial\\\/#breadcrumb\",\"itemListElement\":[{\"@type\":\"ListItem\",\"position\":1,\"name\":\"Accueil\",\"item\":\"https:\\\/\\\/lasentinelle.dz\\\/\"},{\"@type\":\"ListItem\",\"position\":2,\"name\":\"Coop\u00e9ration s\u00e9curitaire\u00a0:\u00a0Le secr\u00e9taire g\u00e9n\u00e9ral de l&rsquo;ONU appelle \u00e0 un nouveau consensus mondial\"}]},{\"@type\":\"WebSite\",\"@id\":\"https:\\\/\\\/lasentinelle.dz\\\/#website\",\"url\":\"https:\\\/\\\/lasentinelle.dz\\\/\",\"name\":\"La Sentinelle\",\"description\":\"Quotidien national d&#039;information\",\"publisher\":{\"@id\":\"https:\\\/\\\/lasentinelle.dz\\\/#organization\"},\"potentialAction\":[{\"@type\":\"SearchAction\",\"target\":{\"@type\":\"EntryPoint\",\"urlTemplate\":\"https:\\\/\\\/lasentinelle.dz\\\/?s={search_term_string}\"},\"query-input\":{\"@type\":\"PropertyValueSpecification\",\"valueRequired\":true,\"valueName\":\"search_term_string\"}}],\"inLanguage\":\"fr-FR\"},{\"@type\":\"Organization\",\"@id\":\"https:\\\/\\\/lasentinelle.dz\\\/#organization\",\"name\":\"Quotidien La Sentinelle\",\"url\":\"https:\\\/\\\/lasentinelle.dz\\\/\",\"logo\":{\"@type\":\"ImageObject\",\"inLanguage\":\"fr-FR\",\"@id\":\"https:\\\/\\\/lasentinelle.dz\\\/#\\\/schema\\\/logo\\\/image\\\/\",\"url\":\"https:\\\/\\\/lasentinelle.dz\\\/wp-content\\\/uploads\\\/2021\\\/09\\\/logo-sentinelleSLOGAN-1.png\",\"contentUrl\":\"https:\\\/\\\/lasentinelle.dz\\\/wp-content\\\/uploads\\\/2021\\\/09\\\/logo-sentinelleSLOGAN-1.png\",\"width\":615,\"height\":142,\"caption\":\"Quotidien La Sentinelle\"},\"image\":{\"@id\":\"https:\\\/\\\/lasentinelle.dz\\\/#\\\/schema\\\/logo\\\/image\\\/\"},\"sameAs\":[\"https:\\\/\\\/www.facebook.com\\\/La-Sentinelle-104059864394773\"]},{\"@type\":\"Person\",\"@id\":\"https:\\\/\\\/lasentinelle.dz\\\/#\\\/schema\\\/person\\\/d865044e22e70a75174ce8bcad3acfb3\",\"name\":\"La Sentinelle\",\"image\":{\"@type\":\"ImageObject\",\"inLanguage\":\"fr-FR\",\"@id\":\"https:\\\/\\\/secure.gravatar.com\\\/avatar\\\/57de8e5d4b15d43fb361a71fbb36338450fe67865b528a43dd10ef7c51a20392?s=96&d=mm&r=g\",\"url\":\"https:\\\/\\\/secure.gravatar.com\\\/avatar\\\/57de8e5d4b15d43fb361a71fbb36338450fe67865b528a43dd10ef7c51a20392?s=96&d=mm&r=g\",\"contentUrl\":\"https:\\\/\\\/secure.gravatar.com\\\/avatar\\\/57de8e5d4b15d43fb361a71fbb36338450fe67865b528a43dd10ef7c51a20392?s=96&d=mm&r=g\",\"caption\":\"La Sentinelle\"},\"sameAs\":[\"http:\\\/\\\/www.lasentinelle.dz\"],\"url\":\"https:\\\/\\\/lasentinelle.dz\\\/author\\\/redaction\\\/\"}]}<\/script>\n<!-- \/ Yoast SEO plugin. -->","yoast_head_json":{"title":"Coop\u00e9ration s\u00e9curitaire\u00a0:\u00a0Le secr\u00e9taire g\u00e9n\u00e9ral de l&rsquo;ONU appelle \u00e0 un nouveau consensus mondial - La Sentinelle","robots":{"index":"index","follow":"follow","max-snippet":"max-snippet:-1","max-image-preview":"max-image-preview:large","max-video-preview":"max-video-preview:-1"},"canonical":"https:\/\/lasentinelle.dz\/index.php\/2022\/08\/24\/cooperation-securitaire-le-secretaire-general-de-lonu-appelle-a-un-nouveau-consensus-mondial\/","og_locale":"fr_FR","og_type":"article","og_title":"Coop\u00e9ration s\u00e9curitaire\u00a0:\u00a0Le secr\u00e9taire g\u00e9n\u00e9ral de l&rsquo;ONU appelle \u00e0 un nouveau consensus mondial - La Sentinelle","og_description":"Le secr\u00e9taire g\u00e9n\u00e9ral de l&rsquo;ONU Antonio Guterres a soulign\u00e9 depuis New York \u00ab\u00a0la n\u00e9cessit\u00e9 de forger un nouveau consensus mondial","og_url":"https:\/\/lasentinelle.dz\/index.php\/2022\/08\/24\/cooperation-securitaire-le-secretaire-general-de-lonu-appelle-a-un-nouveau-consensus-mondial\/","og_site_name":"La Sentinelle","article_publisher":"https:\/\/www.facebook.com\/La-Sentinelle-104059864394773","article_published_time":"2022-08-23T23:01:00+00:00","og_image":[{"width":770,"height":420,"url":"https:\/\/lasentinelle.dz\/wp-content\/uploads\/2022\/08\/image770x420cropped.jpg","type":"image\/jpeg"}],"author":"La Sentinelle","twitter_card":"summary_large_image","twitter_misc":{"\u00c9crit par":"La Sentinelle","Dur\u00e9e de lecture estim\u00e9e":"2 minutes"},"schema":{"@context":"https:\/\/schema.org","@graph":[{"@type":"Article","@id":"https:\/\/lasentinelle.dz\/index.php\/2022\/08\/24\/cooperation-securitaire-le-secretaire-general-de-lonu-appelle-a-un-nouveau-consensus-mondial\/#article","isPartOf":{"@id":"https:\/\/lasentinelle.dz\/index.php\/2022\/08\/24\/cooperation-securitaire-le-secretaire-general-de-lonu-appelle-a-un-nouveau-consensus-mondial\/"},"author":{"name":"La Sentinelle","@id":"https:\/\/lasentinelle.dz\/#\/schema\/person\/d865044e22e70a75174ce8bcad3acfb3"},"headline":"Coop\u00e9ration s\u00e9curitaire\u00a0:\u00a0Le secr\u00e9taire g\u00e9n\u00e9ral de l&rsquo;ONU appelle \u00e0 un nouveau consensus mondial","datePublished":"2022-08-23T23:01:00+00:00","mainEntityOfPage":{"@id":"https:\/\/lasentinelle.dz\/index.php\/2022\/08\/24\/cooperation-securitaire-le-secretaire-general-de-lonu-appelle-a-un-nouveau-consensus-mondial\/"},"wordCount":363,"commentCount":0,"publisher":{"@id":"https:\/\/lasentinelle.dz\/#organization"},"image":{"@id":"https:\/\/lasentinelle.dz\/index.php\/2022\/08\/24\/cooperation-securitaire-le-secretaire-general-de-lonu-appelle-a-un-nouveau-consensus-mondial\/#primaryimage"},"thumbnailUrl":"https:\/\/lasentinelle.dz\/wp-content\/uploads\/2022\/08\/image770x420cropped.jpg","articleSection":["Monde"],"inLanguage":"fr-FR","potentialAction":[{"@type":"CommentAction","name":"Comment","target":["https:\/\/lasentinelle.dz\/index.php\/2022\/08\/24\/cooperation-securitaire-le-secretaire-general-de-lonu-appelle-a-un-nouveau-consensus-mondial\/#respond"]}]},{"@type":"WebPage","@id":"https:\/\/lasentinelle.dz\/index.php\/2022\/08\/24\/cooperation-securitaire-le-secretaire-general-de-lonu-appelle-a-un-nouveau-consensus-mondial\/","url":"https:\/\/lasentinelle.dz\/index.php\/2022\/08\/24\/cooperation-securitaire-le-secretaire-general-de-lonu-appelle-a-un-nouveau-consensus-mondial\/","name":"Coop\u00e9ration s\u00e9curitaire\u00a0:\u00a0Le secr\u00e9taire g\u00e9n\u00e9ral de l&rsquo;ONU appelle \u00e0 un nouveau consensus mondial - La Sentinelle","isPartOf":{"@id":"https:\/\/lasentinelle.dz\/#website"},"primaryImageOfPage":{"@id":"https:\/\/lasentinelle.dz\/index.php\/2022\/08\/24\/cooperation-securitaire-le-secretaire-general-de-lonu-appelle-a-un-nouveau-consensus-mondial\/#primaryimage"},"image":{"@id":"https:\/\/lasentinelle.dz\/index.php\/2022\/08\/24\/cooperation-securitaire-le-secretaire-general-de-lonu-appelle-a-un-nouveau-consensus-mondial\/#primaryimage"},"thumbnailUrl":"https:\/\/lasentinelle.dz\/wp-content\/uploads\/2022\/08\/image770x420cropped.jpg","datePublished":"2022-08-23T23:01:00+00:00","breadcrumb":{"@id":"https:\/\/lasentinelle.dz\/index.php\/2022\/08\/24\/cooperation-securitaire-le-secretaire-general-de-lonu-appelle-a-un-nouveau-consensus-mondial\/#breadcrumb"},"inLanguage":"fr-FR","potentialAction":[{"@type":"ReadAction","target":["https:\/\/lasentinelle.dz\/index.php\/2022\/08\/24\/cooperation-securitaire-le-secretaire-general-de-lonu-appelle-a-un-nouveau-consensus-mondial\/"]}]},{"@type":"ImageObject","inLanguage":"fr-FR","@id":"https:\/\/lasentinelle.dz\/index.php\/2022\/08\/24\/cooperation-securitaire-le-secretaire-general-de-lonu-appelle-a-un-nouveau-consensus-mondial\/#primaryimage","url":"https:\/\/lasentinelle.dz\/wp-content\/uploads\/2022\/08\/image770x420cropped.jpg","contentUrl":"https:\/\/lasentinelle.dz\/wp-content\/uploads\/2022\/08\/image770x420cropped.jpg","width":770,"height":420},{"@type":"BreadcrumbList","@id":"https:\/\/lasentinelle.dz\/index.php\/2022\/08\/24\/cooperation-securitaire-le-secretaire-general-de-lonu-appelle-a-un-nouveau-consensus-mondial\/#breadcrumb","itemListElement":[{"@type":"ListItem","position":1,"name":"Accueil","item":"https:\/\/lasentinelle.dz\/"},{"@type":"ListItem","position":2,"name":"Coop\u00e9ration s\u00e9curitaire\u00a0:\u00a0Le secr\u00e9taire g\u00e9n\u00e9ral de l&rsquo;ONU appelle \u00e0 un nouveau consensus mondial"}]},{"@type":"WebSite","@id":"https:\/\/lasentinelle.dz\/#website","url":"https:\/\/lasentinelle.dz\/","name":"La Sentinelle","description":"Quotidien national d&#039;information","publisher":{"@id":"https:\/\/lasentinelle.dz\/#organization"},"potentialAction":[{"@type":"SearchAction","target":{"@type":"EntryPoint","urlTemplate":"https:\/\/lasentinelle.dz\/?s={search_term_string}"},"query-input":{"@type":"PropertyValueSpecification","valueRequired":true,"valueName":"search_term_string"}}],"inLanguage":"fr-FR"},{"@type":"Organization","@id":"https:\/\/lasentinelle.dz\/#organization","name":"Quotidien La Sentinelle","url":"https:\/\/lasentinelle.dz\/","logo":{"@type":"ImageObject","inLanguage":"fr-FR","@id":"https:\/\/lasentinelle.dz\/#\/schema\/logo\/image\/","url":"https:\/\/lasentinelle.dz\/wp-content\/uploads\/2021\/09\/logo-sentinelleSLOGAN-1.png","contentUrl":"https:\/\/lasentinelle.dz\/wp-content\/uploads\/2021\/09\/logo-sentinelleSLOGAN-1.png","width":615,"height":142,"caption":"Quotidien La Sentinelle"},"image":{"@id":"https:\/\/lasentinelle.dz\/#\/schema\/logo\/image\/"},"sameAs":["https:\/\/www.facebook.com\/La-Sentinelle-104059864394773"]},{"@type":"Person","@id":"https:\/\/lasentinelle.dz\/#\/schema\/person\/d865044e22e70a75174ce8bcad3acfb3","name":"La Sentinelle","image":{"@type":"ImageObject","inLanguage":"fr-FR","@id":"https:\/\/secure.gravatar.com\/avatar\/57de8e5d4b15d43fb361a71fbb36338450fe67865b528a43dd10ef7c51a20392?s=96&d=mm&r=g","url":"https:\/\/secure.gravatar.com\/avatar\/57de8e5d4b15d43fb361a71fbb36338450fe67865b528a43dd10ef7c51a20392?s=96&d=mm&r=g","contentUrl":"https:\/\/secure.gravatar.com\/avatar\/57de8e5d4b15d43fb361a71fbb36338450fe67865b528a43dd10ef7c51a20392?s=96&d=mm&r=g","caption":"La Sentinelle"},"sameAs":["http:\/\/www.lasentinelle.dz"],"url":"https:\/\/lasentinelle.dz\/author\/redaction\/"}]}},"_links":{"self":[{"href":"https:\/\/lasentinelle.dz\/index.php\/wp-json\/wp\/v2\/posts\/26200","targetHints":{"allow":["GET"]}}],"collection":[{"href":"https:\/\/lasentinelle.dz\/index.php\/wp-json\/wp\/v2\/posts"}],"about":[{"href":"https:\/\/lasentinelle.dz\/index.php\/wp-json\/wp\/v2\/types\/post"}],"author":[{"embeddable":true,"href":"https:\/\/lasentinelle.dz\/index.php\/wp-json\/wp\/v2\/users\/3"}],"replies":[{"embeddable":true,"href":"https:\/\/lasentinelle.dz\/index.php\/wp-json\/wp\/v2\/comments?post=26200"}],"version-history":[{"count":1,"href":"https:\/\/lasentinelle.dz\/index.php\/wp-json\/wp\/v2\/posts\/26200\/revisions"}],"predecessor-version":[{"id":26218,"href":"https:\/\/lasentinelle.dz\/index.php\/wp-json\/wp\/v2\/posts\/26200\/revisions\/26218"}],"wp:featuredmedia":[{"embeddable":true,"href":"https:\/\/lasentinelle.dz\/index.php\/wp-json\/wp\/v2\/media\/26217"}],"wp:attachment":[{"href":"https:\/\/lasentinelle.dz\/index.php\/wp-json\/wp\/v2\/media?parent=26200"}],"wp:term":[{"taxonomy":"category","embeddable":true,"href":"https:\/\/lasentinelle.dz\/index.php\/wp-json\/wp\/v2\/categories?post=26200"},{"taxonomy":"post_tag","embeddable":true,"href":"https:\/\/lasentinelle.dz\/index.php\/wp-json\/wp\/v2\/tags?post=26200"}],"curies":[{"name":"wp","href":"https:\/\/api.w.org\/{rel}","templated":true}]}}