{"id":26210,"date":"2022-08-24T00:01:00","date_gmt":"2022-08-23T23:01:00","guid":{"rendered":"https:\/\/lasentinelle.dz\/?p=26210"},"modified":"2022-08-23T16:03:52","modified_gmt":"2022-08-23T15:03:52","slug":"amerique-centrale-une-nouvelle-caravane-de-migrants-a-destination-des-usa","status":"publish","type":"post","link":"https:\/\/lasentinelle.dz\/index.php\/2022\/08\/24\/amerique-centrale-une-nouvelle-caravane-de-migrants-a-destination-des-usa\/","title":{"rendered":"Am\u00e9rique Centrale\u00a0:\u00a0Une nouvelle caravane de migrants \u00e0 destination des\u00a0USA"},"content":{"rendered":"\n<p>Une nouvelle caravane comprenant environ 500 migrants originaires d&rsquo;Am\u00e9rique centrale et d&rsquo;Am\u00e9rique du Sud a quitt\u00e9 lundi l&rsquo;Etat mexicain du Chiapas (sud) \u00e0 destination des Etats-Unis, ont&nbsp;&nbsp;&nbsp;rapport\u00e9 hier les m\u00e9dias locaux.&nbsp;&nbsp;La caravane est partie du parc central Miguel Hidalgo dans la ville de Tapachula, \u00e0 la fronti\u00e8re avec le Guatemala, o\u00f9 de nombreux migrants sont bloqu\u00e9s depuis plusieurs jours en attendant que soient trait\u00e9s les documents n\u00e9cessaires pour traverser l\u00e9galement le Mexique vers sa fronti\u00e8re nord avec les Etats-Unis.&nbsp;&nbsp;La caravane a franchi un poste de contr\u00f4le de l&rsquo;immigration \u00e0 environ 6 km au nord de Tapachula sans qu&rsquo;il y ait eu d&rsquo;incidents ou d&rsquo;affrontements avec les autorit\u00e9s, selon les m\u00e9dias locaux.&nbsp;&nbsp;Les migrants pr\u00e9voient de parcourir quelque 300 km \u00e0 pied ces prochains jours pour atteindre San Pedro Tapanatepec dans l&rsquo;Etat voisin d&rsquo;Oaxaca, o\u00f9 ils esp\u00e8rent obtenir des documents de voyage plus rapidement qu&rsquo;\u00e0 Tapachula. Plusieurs caravanes de migrants sont parties de Tapachula ces derniers mois et tout au long de l&rsquo;ann\u00e9e 2021, mais la plupart ont \u00e9t\u00e9 dispers\u00e9es par les autorit\u00e9s mexicaines, selon les m\u00e9dias locaux. Certains migrants ont accept\u00e9 des offres d&#8217;emploi dans des r\u00e9gions o\u00f9 les flux d&rsquo;immigration sont moins importants qu&rsquo;au Chiapas, o\u00f9 les migrants arrivent sans interruption, principalement d&rsquo;Am\u00e9rique centrale et d&rsquo;Am\u00e9rique du Sud. La plus grande caravane de cette ann\u00e9e avait quitt\u00e9 Tapachula le 6 juin et \u00e9tait compos\u00e9e de plus de 10.000 migrants, mais elle s&rsquo;est dispers\u00e9e cinq jours plus tard apr\u00e8s la conclusion d&rsquo;un accord avec les services&nbsp;&nbsp;&nbsp;d&rsquo;immigration.&nbsp;&nbsp;<\/p>\n\n\n\n<p>APS<\/p>\n","protected":false},"excerpt":{"rendered":"<p>Une nouvelle caravane comprenant environ 500 migrants originaires d&rsquo;Am\u00e9rique centrale et d&rsquo;Am\u00e9rique du Sud a quitt\u00e9 lundi l&rsquo;Etat mexicain du<\/p>\n","protected":false},"author":3,"featured_media":26212,"comment_status":"open","ping_status":"closed","sticky":false,"template":"","format":"standard","meta":{"colormag_page_container_layout":"default_layout","colormag_page_sidebar_layout":"default_layout","om_disable_all_campaigns":false,"_monsterinsights_skip_tracking":false,"_monsterinsights_sitenote_active":false,"_monsterinsights_sitenote_note":"","_monsterinsights_sitenote_category":0,"footnotes":"","_wpscppro_dont_share_socialmedia":false,"_wpscppro_custom_social_share_image":0,"_facebook_share_type":"","_twitter_share_type":"","_linkedin_share_type":"","_pinterest_share_type":"","_linkedin_share_type_page":"","_instagram_share_type":"","_medium_share_type":"","_threads_share_type":"","_google_business_share_type":"","_selected_social_profile":[],"_wpsp_enable_custom_social_template":false,"_wpsp_social_scheduling":{"enabled":false,"datetime":null,"platforms":[],"status":"template_only","dateOption":"today","timeOption":"now","customDays":"","customHours":"","customDate":"","customTime":"","schedulingType":"absolute"},"_wpsp_active_default_template":true},"categories":[37],"tags":[],"class_list":["post-26210","post","type-post","status-publish","format-standard","has-post-thumbnail","hentry","category-monde"],"aioseo_notices":[],"yoast_head":"<!-- This site is optimized with the Yoast SEO plugin v27.5 - https:\/\/yoast.com\/product\/yoast-seo-wordpress\/ -->\n<title>Am\u00e9rique Centrale\u00a0:\u00a0Une nouvelle caravane de migrants \u00e0 destination des\u00a0USA - La Sentinelle<\/title>\n<meta name=\"robots\" content=\"index, follow, max-snippet:-1, max-image-preview:large, max-video-preview:-1\" \/>\n<link rel=\"canonical\" href=\"https:\/\/lasentinelle.dz\/index.php\/2022\/08\/24\/amerique-centrale-une-nouvelle-caravane-de-migrants-a-destination-des-usa\/\" \/>\n<meta property=\"og:locale\" content=\"fr_FR\" \/>\n<meta property=\"og:type\" content=\"article\" \/>\n<meta property=\"og:title\" content=\"Am\u00e9rique Centrale\u00a0:\u00a0Une nouvelle caravane de migrants \u00e0 destination des\u00a0USA - La Sentinelle\" \/>\n<meta property=\"og:description\" content=\"Une nouvelle caravane comprenant environ 500 migrants originaires d&rsquo;Am\u00e9rique centrale et d&rsquo;Am\u00e9rique du Sud a quitt\u00e9 lundi l&rsquo;Etat mexicain du\" \/>\n<meta property=\"og:url\" content=\"https:\/\/lasentinelle.dz\/index.php\/2022\/08\/24\/amerique-centrale-une-nouvelle-caravane-de-migrants-a-destination-des-usa\/\" \/>\n<meta property=\"og:site_name\" content=\"La Sentinelle\" \/>\n<meta property=\"article:publisher\" content=\"https:\/\/www.facebook.com\/La-Sentinelle-104059864394773\" \/>\n<meta property=\"article:published_time\" content=\"2022-08-23T23:01:00+00:00\" \/>\n<meta property=\"og:image\" content=\"https:\/\/lasentinelle.dz\/wp-content\/uploads\/2022\/08\/phpzx9ESW.jpg\" \/>\n\t<meta property=\"og:image:width\" content=\"752\" \/>\n\t<meta property=\"og:image:height\" content=\"423\" \/>\n\t<meta property=\"og:image:type\" content=\"image\/jpeg\" \/>\n<meta name=\"author\" content=\"La Sentinelle\" \/>\n<meta name=\"twitter:card\" content=\"summary_large_image\" \/>\n<meta name=\"twitter:label1\" content=\"\u00c9crit par\" \/>\n\t<meta name=\"twitter:data1\" content=\"La Sentinelle\" \/>\n\t<meta name=\"twitter:label2\" content=\"Dur\u00e9e de lecture estim\u00e9e\" \/>\n\t<meta name=\"twitter:data2\" content=\"2 minutes\" \/>\n<script type=\"application\/ld+json\" class=\"yoast-schema-graph\">{\"@context\":\"https:\\\/\\\/schema.org\",\"@graph\":[{\"@type\":\"Article\",\"@id\":\"https:\\\/\\\/lasentinelle.dz\\\/index.php\\\/2022\\\/08\\\/24\\\/amerique-centrale-une-nouvelle-caravane-de-migrants-a-destination-des-usa\\\/#article\",\"isPartOf\":{\"@id\":\"https:\\\/\\\/lasentinelle.dz\\\/index.php\\\/2022\\\/08\\\/24\\\/amerique-centrale-une-nouvelle-caravane-de-migrants-a-destination-des-usa\\\/\"},\"author\":{\"name\":\"La Sentinelle\",\"@id\":\"https:\\\/\\\/lasentinelle.dz\\\/#\\\/schema\\\/person\\\/d865044e22e70a75174ce8bcad3acfb3\"},\"headline\":\"Am\u00e9rique Centrale\u00a0:\u00a0Une nouvelle caravane de migrants \u00e0 destination des\u00a0USA\",\"datePublished\":\"2022-08-23T23:01:00+00:00\",\"mainEntityOfPage\":{\"@id\":\"https:\\\/\\\/lasentinelle.dz\\\/index.php\\\/2022\\\/08\\\/24\\\/amerique-centrale-une-nouvelle-caravane-de-migrants-a-destination-des-usa\\\/\"},\"wordCount\":309,\"commentCount\":0,\"publisher\":{\"@id\":\"https:\\\/\\\/lasentinelle.dz\\\/#organization\"},\"image\":{\"@id\":\"https:\\\/\\\/lasentinelle.dz\\\/index.php\\\/2022\\\/08\\\/24\\\/amerique-centrale-une-nouvelle-caravane-de-migrants-a-destination-des-usa\\\/#primaryimage\"},\"thumbnailUrl\":\"https:\\\/\\\/lasentinelle.dz\\\/wp-content\\\/uploads\\\/2022\\\/08\\\/phpzx9ESW.jpg\",\"articleSection\":[\"Monde\"],\"inLanguage\":\"fr-FR\",\"potentialAction\":[{\"@type\":\"CommentAction\",\"name\":\"Comment\",\"target\":[\"https:\\\/\\\/lasentinelle.dz\\\/index.php\\\/2022\\\/08\\\/24\\\/amerique-centrale-une-nouvelle-caravane-de-migrants-a-destination-des-usa\\\/#respond\"]}]},{\"@type\":\"WebPage\",\"@id\":\"https:\\\/\\\/lasentinelle.dz\\\/index.php\\\/2022\\\/08\\\/24\\\/amerique-centrale-une-nouvelle-caravane-de-migrants-a-destination-des-usa\\\/\",\"url\":\"https:\\\/\\\/lasentinelle.dz\\\/index.php\\\/2022\\\/08\\\/24\\\/amerique-centrale-une-nouvelle-caravane-de-migrants-a-destination-des-usa\\\/\",\"name\":\"Am\u00e9rique Centrale\u00a0:\u00a0Une nouvelle caravane de migrants \u00e0 destination des\u00a0USA - La Sentinelle\",\"isPartOf\":{\"@id\":\"https:\\\/\\\/lasentinelle.dz\\\/#website\"},\"primaryImageOfPage\":{\"@id\":\"https:\\\/\\\/lasentinelle.dz\\\/index.php\\\/2022\\\/08\\\/24\\\/amerique-centrale-une-nouvelle-caravane-de-migrants-a-destination-des-usa\\\/#primaryimage\"},\"image\":{\"@id\":\"https:\\\/\\\/lasentinelle.dz\\\/index.php\\\/2022\\\/08\\\/24\\\/amerique-centrale-une-nouvelle-caravane-de-migrants-a-destination-des-usa\\\/#primaryimage\"},\"thumbnailUrl\":\"https:\\\/\\\/lasentinelle.dz\\\/wp-content\\\/uploads\\\/2022\\\/08\\\/phpzx9ESW.jpg\",\"datePublished\":\"2022-08-23T23:01:00+00:00\",\"breadcrumb\":{\"@id\":\"https:\\\/\\\/lasentinelle.dz\\\/index.php\\\/2022\\\/08\\\/24\\\/amerique-centrale-une-nouvelle-caravane-de-migrants-a-destination-des-usa\\\/#breadcrumb\"},\"inLanguage\":\"fr-FR\",\"potentialAction\":[{\"@type\":\"ReadAction\",\"target\":[\"https:\\\/\\\/lasentinelle.dz\\\/index.php\\\/2022\\\/08\\\/24\\\/amerique-centrale-une-nouvelle-caravane-de-migrants-a-destination-des-usa\\\/\"]}]},{\"@type\":\"ImageObject\",\"inLanguage\":\"fr-FR\",\"@id\":\"https:\\\/\\\/lasentinelle.dz\\\/index.php\\\/2022\\\/08\\\/24\\\/amerique-centrale-une-nouvelle-caravane-de-migrants-a-destination-des-usa\\\/#primaryimage\",\"url\":\"https:\\\/\\\/lasentinelle.dz\\\/wp-content\\\/uploads\\\/2022\\\/08\\\/phpzx9ESW.jpg\",\"contentUrl\":\"https:\\\/\\\/lasentinelle.dz\\\/wp-content\\\/uploads\\\/2022\\\/08\\\/phpzx9ESW.jpg\",\"width\":752,\"height\":423},{\"@type\":\"BreadcrumbList\",\"@id\":\"https:\\\/\\\/lasentinelle.dz\\\/index.php\\\/2022\\\/08\\\/24\\\/amerique-centrale-une-nouvelle-caravane-de-migrants-a-destination-des-usa\\\/#breadcrumb\",\"itemListElement\":[{\"@type\":\"ListItem\",\"position\":1,\"name\":\"Accueil\",\"item\":\"https:\\\/\\\/lasentinelle.dz\\\/\"},{\"@type\":\"ListItem\",\"position\":2,\"name\":\"Am\u00e9rique Centrale\u00a0:\u00a0Une nouvelle caravane de migrants \u00e0 destination des\u00a0USA\"}]},{\"@type\":\"WebSite\",\"@id\":\"https:\\\/\\\/lasentinelle.dz\\\/#website\",\"url\":\"https:\\\/\\\/lasentinelle.dz\\\/\",\"name\":\"La Sentinelle\",\"description\":\"Quotidien national d&#039;information\",\"publisher\":{\"@id\":\"https:\\\/\\\/lasentinelle.dz\\\/#organization\"},\"potentialAction\":[{\"@type\":\"SearchAction\",\"target\":{\"@type\":\"EntryPoint\",\"urlTemplate\":\"https:\\\/\\\/lasentinelle.dz\\\/?s={search_term_string}\"},\"query-input\":{\"@type\":\"PropertyValueSpecification\",\"valueRequired\":true,\"valueName\":\"search_term_string\"}}],\"inLanguage\":\"fr-FR\"},{\"@type\":\"Organization\",\"@id\":\"https:\\\/\\\/lasentinelle.dz\\\/#organization\",\"name\":\"Quotidien La Sentinelle\",\"url\":\"https:\\\/\\\/lasentinelle.dz\\\/\",\"logo\":{\"@type\":\"ImageObject\",\"inLanguage\":\"fr-FR\",\"@id\":\"https:\\\/\\\/lasentinelle.dz\\\/#\\\/schema\\\/logo\\\/image\\\/\",\"url\":\"https:\\\/\\\/lasentinelle.dz\\\/wp-content\\\/uploads\\\/2021\\\/09\\\/logo-sentinelleSLOGAN-1.png\",\"contentUrl\":\"https:\\\/\\\/lasentinelle.dz\\\/wp-content\\\/uploads\\\/2021\\\/09\\\/logo-sentinelleSLOGAN-1.png\",\"width\":615,\"height\":142,\"caption\":\"Quotidien La Sentinelle\"},\"image\":{\"@id\":\"https:\\\/\\\/lasentinelle.dz\\\/#\\\/schema\\\/logo\\\/image\\\/\"},\"sameAs\":[\"https:\\\/\\\/www.facebook.com\\\/La-Sentinelle-104059864394773\"]},{\"@type\":\"Person\",\"@id\":\"https:\\\/\\\/lasentinelle.dz\\\/#\\\/schema\\\/person\\\/d865044e22e70a75174ce8bcad3acfb3\",\"name\":\"La Sentinelle\",\"image\":{\"@type\":\"ImageObject\",\"inLanguage\":\"fr-FR\",\"@id\":\"https:\\\/\\\/secure.gravatar.com\\\/avatar\\\/57de8e5d4b15d43fb361a71fbb36338450fe67865b528a43dd10ef7c51a20392?s=96&d=mm&r=g\",\"url\":\"https:\\\/\\\/secure.gravatar.com\\\/avatar\\\/57de8e5d4b15d43fb361a71fbb36338450fe67865b528a43dd10ef7c51a20392?s=96&d=mm&r=g\",\"contentUrl\":\"https:\\\/\\\/secure.gravatar.com\\\/avatar\\\/57de8e5d4b15d43fb361a71fbb36338450fe67865b528a43dd10ef7c51a20392?s=96&d=mm&r=g\",\"caption\":\"La Sentinelle\"},\"sameAs\":[\"http:\\\/\\\/www.lasentinelle.dz\"],\"url\":\"https:\\\/\\\/lasentinelle.dz\\\/author\\\/redaction\\\/\"}]}<\/script>\n<!-- \/ Yoast SEO plugin. -->","yoast_head_json":{"title":"Am\u00e9rique Centrale\u00a0:\u00a0Une nouvelle caravane de migrants \u00e0 destination des\u00a0USA - La Sentinelle","robots":{"index":"index","follow":"follow","max-snippet":"max-snippet:-1","max-image-preview":"max-image-preview:large","max-video-preview":"max-video-preview:-1"},"canonical":"https:\/\/lasentinelle.dz\/index.php\/2022\/08\/24\/amerique-centrale-une-nouvelle-caravane-de-migrants-a-destination-des-usa\/","og_locale":"fr_FR","og_type":"article","og_title":"Am\u00e9rique Centrale\u00a0:\u00a0Une nouvelle caravane de migrants \u00e0 destination des\u00a0USA - La Sentinelle","og_description":"Une nouvelle caravane comprenant environ 500 migrants originaires d&rsquo;Am\u00e9rique centrale et d&rsquo;Am\u00e9rique du Sud a quitt\u00e9 lundi l&rsquo;Etat mexicain du","og_url":"https:\/\/lasentinelle.dz\/index.php\/2022\/08\/24\/amerique-centrale-une-nouvelle-caravane-de-migrants-a-destination-des-usa\/","og_site_name":"La Sentinelle","article_publisher":"https:\/\/www.facebook.com\/La-Sentinelle-104059864394773","article_published_time":"2022-08-23T23:01:00+00:00","og_image":[{"width":752,"height":423,"url":"https:\/\/lasentinelle.dz\/wp-content\/uploads\/2022\/08\/phpzx9ESW.jpg","type":"image\/jpeg"}],"author":"La Sentinelle","twitter_card":"summary_large_image","twitter_misc":{"\u00c9crit par":"La Sentinelle","Dur\u00e9e de lecture estim\u00e9e":"2 minutes"},"schema":{"@context":"https:\/\/schema.org","@graph":[{"@type":"Article","@id":"https:\/\/lasentinelle.dz\/index.php\/2022\/08\/24\/amerique-centrale-une-nouvelle-caravane-de-migrants-a-destination-des-usa\/#article","isPartOf":{"@id":"https:\/\/lasentinelle.dz\/index.php\/2022\/08\/24\/amerique-centrale-une-nouvelle-caravane-de-migrants-a-destination-des-usa\/"},"author":{"name":"La Sentinelle","@id":"https:\/\/lasentinelle.dz\/#\/schema\/person\/d865044e22e70a75174ce8bcad3acfb3"},"headline":"Am\u00e9rique Centrale\u00a0:\u00a0Une nouvelle caravane de migrants \u00e0 destination des\u00a0USA","datePublished":"2022-08-23T23:01:00+00:00","mainEntityOfPage":{"@id":"https:\/\/lasentinelle.dz\/index.php\/2022\/08\/24\/amerique-centrale-une-nouvelle-caravane-de-migrants-a-destination-des-usa\/"},"wordCount":309,"commentCount":0,"publisher":{"@id":"https:\/\/lasentinelle.dz\/#organization"},"image":{"@id":"https:\/\/lasentinelle.dz\/index.php\/2022\/08\/24\/amerique-centrale-une-nouvelle-caravane-de-migrants-a-destination-des-usa\/#primaryimage"},"thumbnailUrl":"https:\/\/lasentinelle.dz\/wp-content\/uploads\/2022\/08\/phpzx9ESW.jpg","articleSection":["Monde"],"inLanguage":"fr-FR","potentialAction":[{"@type":"CommentAction","name":"Comment","target":["https:\/\/lasentinelle.dz\/index.php\/2022\/08\/24\/amerique-centrale-une-nouvelle-caravane-de-migrants-a-destination-des-usa\/#respond"]}]},{"@type":"WebPage","@id":"https:\/\/lasentinelle.dz\/index.php\/2022\/08\/24\/amerique-centrale-une-nouvelle-caravane-de-migrants-a-destination-des-usa\/","url":"https:\/\/lasentinelle.dz\/index.php\/2022\/08\/24\/amerique-centrale-une-nouvelle-caravane-de-migrants-a-destination-des-usa\/","name":"Am\u00e9rique Centrale\u00a0:\u00a0Une nouvelle caravane de migrants \u00e0 destination des\u00a0USA - La Sentinelle","isPartOf":{"@id":"https:\/\/lasentinelle.dz\/#website"},"primaryImageOfPage":{"@id":"https:\/\/lasentinelle.dz\/index.php\/2022\/08\/24\/amerique-centrale-une-nouvelle-caravane-de-migrants-a-destination-des-usa\/#primaryimage"},"image":{"@id":"https:\/\/lasentinelle.dz\/index.php\/2022\/08\/24\/amerique-centrale-une-nouvelle-caravane-de-migrants-a-destination-des-usa\/#primaryimage"},"thumbnailUrl":"https:\/\/lasentinelle.dz\/wp-content\/uploads\/2022\/08\/phpzx9ESW.jpg","datePublished":"2022-08-23T23:01:00+00:00","breadcrumb":{"@id":"https:\/\/lasentinelle.dz\/index.php\/2022\/08\/24\/amerique-centrale-une-nouvelle-caravane-de-migrants-a-destination-des-usa\/#breadcrumb"},"inLanguage":"fr-FR","potentialAction":[{"@type":"ReadAction","target":["https:\/\/lasentinelle.dz\/index.php\/2022\/08\/24\/amerique-centrale-une-nouvelle-caravane-de-migrants-a-destination-des-usa\/"]}]},{"@type":"ImageObject","inLanguage":"fr-FR","@id":"https:\/\/lasentinelle.dz\/index.php\/2022\/08\/24\/amerique-centrale-une-nouvelle-caravane-de-migrants-a-destination-des-usa\/#primaryimage","url":"https:\/\/lasentinelle.dz\/wp-content\/uploads\/2022\/08\/phpzx9ESW.jpg","contentUrl":"https:\/\/lasentinelle.dz\/wp-content\/uploads\/2022\/08\/phpzx9ESW.jpg","width":752,"height":423},{"@type":"BreadcrumbList","@id":"https:\/\/lasentinelle.dz\/index.php\/2022\/08\/24\/amerique-centrale-une-nouvelle-caravane-de-migrants-a-destination-des-usa\/#breadcrumb","itemListElement":[{"@type":"ListItem","position":1,"name":"Accueil","item":"https:\/\/lasentinelle.dz\/"},{"@type":"ListItem","position":2,"name":"Am\u00e9rique Centrale\u00a0:\u00a0Une nouvelle caravane de migrants \u00e0 destination des\u00a0USA"}]},{"@type":"WebSite","@id":"https:\/\/lasentinelle.dz\/#website","url":"https:\/\/lasentinelle.dz\/","name":"La Sentinelle","description":"Quotidien national d&#039;information","publisher":{"@id":"https:\/\/lasentinelle.dz\/#organization"},"potentialAction":[{"@type":"SearchAction","target":{"@type":"EntryPoint","urlTemplate":"https:\/\/lasentinelle.dz\/?s={search_term_string}"},"query-input":{"@type":"PropertyValueSpecification","valueRequired":true,"valueName":"search_term_string"}}],"inLanguage":"fr-FR"},{"@type":"Organization","@id":"https:\/\/lasentinelle.dz\/#organization","name":"Quotidien La Sentinelle","url":"https:\/\/lasentinelle.dz\/","logo":{"@type":"ImageObject","inLanguage":"fr-FR","@id":"https:\/\/lasentinelle.dz\/#\/schema\/logo\/image\/","url":"https:\/\/lasentinelle.dz\/wp-content\/uploads\/2021\/09\/logo-sentinelleSLOGAN-1.png","contentUrl":"https:\/\/lasentinelle.dz\/wp-content\/uploads\/2021\/09\/logo-sentinelleSLOGAN-1.png","width":615,"height":142,"caption":"Quotidien La Sentinelle"},"image":{"@id":"https:\/\/lasentinelle.dz\/#\/schema\/logo\/image\/"},"sameAs":["https:\/\/www.facebook.com\/La-Sentinelle-104059864394773"]},{"@type":"Person","@id":"https:\/\/lasentinelle.dz\/#\/schema\/person\/d865044e22e70a75174ce8bcad3acfb3","name":"La Sentinelle","image":{"@type":"ImageObject","inLanguage":"fr-FR","@id":"https:\/\/secure.gravatar.com\/avatar\/57de8e5d4b15d43fb361a71fbb36338450fe67865b528a43dd10ef7c51a20392?s=96&d=mm&r=g","url":"https:\/\/secure.gravatar.com\/avatar\/57de8e5d4b15d43fb361a71fbb36338450fe67865b528a43dd10ef7c51a20392?s=96&d=mm&r=g","contentUrl":"https:\/\/secure.gravatar.com\/avatar\/57de8e5d4b15d43fb361a71fbb36338450fe67865b528a43dd10ef7c51a20392?s=96&d=mm&r=g","caption":"La Sentinelle"},"sameAs":["http:\/\/www.lasentinelle.dz"],"url":"https:\/\/lasentinelle.dz\/author\/redaction\/"}]}},"_links":{"self":[{"href":"https:\/\/lasentinelle.dz\/index.php\/wp-json\/wp\/v2\/posts\/26210","targetHints":{"allow":["GET"]}}],"collection":[{"href":"https:\/\/lasentinelle.dz\/index.php\/wp-json\/wp\/v2\/posts"}],"about":[{"href":"https:\/\/lasentinelle.dz\/index.php\/wp-json\/wp\/v2\/types\/post"}],"author":[{"embeddable":true,"href":"https:\/\/lasentinelle.dz\/index.php\/wp-json\/wp\/v2\/users\/3"}],"replies":[{"embeddable":true,"href":"https:\/\/lasentinelle.dz\/index.php\/wp-json\/wp\/v2\/comments?post=26210"}],"version-history":[{"count":1,"href":"https:\/\/lasentinelle.dz\/index.php\/wp-json\/wp\/v2\/posts\/26210\/revisions"}],"predecessor-version":[{"id":26213,"href":"https:\/\/lasentinelle.dz\/index.php\/wp-json\/wp\/v2\/posts\/26210\/revisions\/26213"}],"wp:featuredmedia":[{"embeddable":true,"href":"https:\/\/lasentinelle.dz\/index.php\/wp-json\/wp\/v2\/media\/26212"}],"wp:attachment":[{"href":"https:\/\/lasentinelle.dz\/index.php\/wp-json\/wp\/v2\/media?parent=26210"}],"wp:term":[{"taxonomy":"category","embeddable":true,"href":"https:\/\/lasentinelle.dz\/index.php\/wp-json\/wp\/v2\/categories?post=26210"},{"taxonomy":"post_tag","embeddable":true,"href":"https:\/\/lasentinelle.dz\/index.php\/wp-json\/wp\/v2\/tags?post=26210"}],"curies":[{"name":"wp","href":"https:\/\/api.w.org\/{rel}","templated":true}]}}