{"id":26228,"date":"2022-08-24T00:08:00","date_gmt":"2022-08-23T23:08:00","guid":{"rendered":"https:\/\/lasentinelle.dz\/?p=26228"},"modified":"2022-08-23T18:23:05","modified_gmt":"2022-08-23T17:23:05","slug":"matchs-amicaux-des-verts-guinee-et-nigeria-en-septembre-bresil-reporte","status":"publish","type":"post","link":"https:\/\/lasentinelle.dz\/index.php\/2022\/08\/24\/matchs-amicaux-des-verts-guinee-et-nigeria-en-septembre-bresil-reporte\/","title":{"rendered":"Matchs amicaux des Verts\u00a0: Guin\u00e9e et Nigeria en septembre, Br\u00e9sil report\u00e9"},"content":{"rendered":"\n<p>Quelques jours avant le d\u00e9but du stage de pr\u00e9paration des Verts, le programme des matchs amicaux qu\u2019ils devront disputer, durant la tr\u00eave FIFA, a \u00e9t\u00e9 boucl\u00e9. Ils affronteront les s\u00e9lections de Guin\u00e9e et du Nigeria en septembre. Un match avec la Sele\u00e7ao est toujours d\u2019actualit\u00e9, m\u00eame si celle-ci devra attendre.&nbsp;<\/p>\n\n\n\n<p>Le match amical qui doit opposer les Fennecs \u00e0 la Sele\u00e7ao n\u2019a pas \u00e9t\u00e9 annul\u00e9, mais report\u00e9 \u00e0 l\u2019ann\u00e9e prochaine. C\u2019est ce qu\u2019a affirm\u00e9&nbsp;le porte-parole de la F\u00e9d\u00e9ration alg\u00e9rienne de football,&nbsp;Salah-Bey Aboud, dans une d\u00e9claration \u00e0 une chaine de t\u00e9l\u00e9vision priv\u00e9e. Une sortie qui met fin \u00e0 toutes sp\u00e9culations qui avaient entour\u00e9 la question au cours des derniers jours.&nbsp;Il y a&nbsp;une semaine, plusieurs m\u00e9dias europ\u00e9ens et br\u00e9siliens ont \u00e9voqu\u00e9 un \u00e9ventuel match amical entre l\u2019Alg\u00e9rie et le Br\u00e9sil lors de la prochaine&nbsp;tr\u00eave&nbsp;FIFA au mois de&nbsp;septembre, d\u2019autres l\u2019avaient annonc\u00e9e pour novembre juste avant le Mondial du Qatar.&nbsp;Avant que d\u2019autres informations sur l\u2019annulation de cette joute amicale pour des raisons financi\u00e8res n\u2019aient coup\u00e9 net l\u2019enthousiasme des inconditionnels des Verts. La d\u00e9claration de Aboud relance ainsi la question.&nbsp;&nbsp;\u00ab Il y avait une possibilit\u00e9 d\u2019affronter le Br\u00e9sil en amical au mois de septembre. Mais puisque la Fifa a tard\u00e9 \u00e0 prononcer le verdict concernant l\u2019affaire du match Br\u00e9sil-Argentine, on n\u2019a pas pu l\u2019officialiser \u00bb,&nbsp;r\u00e9v\u00e9l\u00e9&nbsp;le porte-parole de la FAF.&nbsp;&nbsp;\u00ab Le f\u00e9d\u00e9ration alg\u00e9rienne de football a trouv\u00e9 un accord de principe avec son homologue br\u00e9silienne pour la programmation d\u2019un match amical entre les deux nations. Il devrait avoir lieu l\u2019ann\u00e9e prochaine \u00bb, ajoute-il.<\/p>\n\n\n\n<p>Pour ce qui est du programme des matchs amicaux des Fennecs, ce dernier a \u00e9t\u00e9 officialis\u00e9 hier par la FAF. Celle-ci a annonc\u00e9 hier dans un communiqu\u00e9 que la S\u00e9lection&nbsp;nationale&nbsp;disputera deux matchs amicaux en septembre contre respectivement la Guin\u00e9e et le Nig\u00e9ria, au Stade du Complexe olympique Miloud-Hadefi d&rsquo;Oran.&nbsp;La premi\u00e8re rencontre contre la Guin\u00e9e aura lieu le vendredi 23 septembre \u00e0 20h00 et la seconde face au Nig\u00e9ria est pr\u00e9vue le mardi 27 septembre toujours \u00e0 20h00, pr\u00e9cise l&rsquo;instance f\u00e9d\u00e9rale .&nbsp;Les deux derni\u00e8res sorties des \u00ab\u00a0Verts\u00a0\u00bb remontent \u00e0 juin dernier, dans le cadre des deux premi\u00e8res journ\u00e9es des qualifications de la Coupe d&rsquo;Afrique des nations CAN-2023 (report\u00e9e \u00e0 2024, ndlr) en C\u00f4te d&rsquo;Ivoire.&nbsp;Lors du premier match, l&rsquo;Alg\u00e9rie s&rsquo;est impos\u00e9e le 4 juin face \u00e0 l&rsquo;Ouganda (2-0) au stade du 5-juillet d&rsquo;Alger, avant de l&#8217;emporter sur le m\u00eame score quatre jours plus tard \u00e0 Dar Es-Salam face \u00e0 la Tanzanie, pour le compte de la 2e journ\u00e9e (Gr.F).&nbsp;Les joueurs du s\u00e9lectionneur national Djamel Belmadi, disputeront un ou deux matchs amicaux en novembre prochain, soit \u00e0 quelques jours du coup d&rsquo;envoi de la Coupe du monde 2022 au Qatar (20 novembre &#8211; 18 d\u00e9cembre).&nbsp;La possibilit\u00e9 pour les Alg\u00e9riens de croiser le fer avec de grosses cylindr\u00e9es en novembre est plus qu&rsquo;envisageable, puisque les \u00ab\u00a0Mondialistes\u00a0\u00bb vont chercher pendant cette p\u00e9riode \u00e0 apporter les derniers r\u00e9glages avant d&rsquo;entamer le Mondial.&nbsp;Pour rappel, les 3e et 4e journ\u00e9es des qualifications de la CAN-2024, initialement pr\u00e9vues&nbsp;&nbsp;les 19 et 27 septembre, ont \u00e9t\u00e9 reprogramm\u00e9es pour les 20 et 28 mars 2023.<\/p>\n\n\n\n<p><strong>Chokri Hafed<\/strong><\/p>\n","protected":false},"excerpt":{"rendered":"<p>Quelques jours avant le d\u00e9but du stage de pr\u00e9paration des Verts, le programme des matchs amicaux qu\u2019ils devront disputer, durant<\/p>\n","protected":false},"author":3,"featured_media":26229,"comment_status":"open","ping_status":"closed","sticky":false,"template":"","format":"standard","meta":{"colormag_page_container_layout":"default_layout","colormag_page_sidebar_layout":"default_layout","om_disable_all_campaigns":false,"_monsterinsights_skip_tracking":false,"_monsterinsights_sitenote_active":false,"_monsterinsights_sitenote_note":"","_monsterinsights_sitenote_category":0,"footnotes":"","_wpscppro_dont_share_socialmedia":false,"_wpscppro_custom_social_share_image":0,"_facebook_share_type":"","_twitter_share_type":"","_linkedin_share_type":"","_pinterest_share_type":"","_linkedin_share_type_page":"","_instagram_share_type":"","_medium_share_type":"","_threads_share_type":"","_google_business_share_type":"","_selected_social_profile":[],"_wpsp_enable_custom_social_template":false,"_wpsp_social_scheduling":{"enabled":false,"datetime":null,"platforms":[],"status":"template_only","dateOption":"today","timeOption":"now","customDays":"","customHours":"","customDate":"","customTime":"","schedulingType":"absolute"},"_wpsp_active_default_template":true},"categories":[52,33],"tags":[],"class_list":["post-26228","post","type-post","status-publish","format-standard","has-post-thumbnail","hentry","category-a-la-une","category-sports"],"aioseo_notices":[],"yoast_head":"<!-- This site is optimized with the Yoast SEO plugin v27.5 - https:\/\/yoast.com\/product\/yoast-seo-wordpress\/ -->\n<title>Matchs amicaux des Verts\u00a0: Guin\u00e9e et Nigeria en septembre, Br\u00e9sil report\u00e9 - La Sentinelle<\/title>\n<meta name=\"robots\" content=\"index, follow, max-snippet:-1, max-image-preview:large, max-video-preview:-1\" \/>\n<link rel=\"canonical\" href=\"https:\/\/lasentinelle.dz\/index.php\/2022\/08\/24\/matchs-amicaux-des-verts-guinee-et-nigeria-en-septembre-bresil-reporte\/\" \/>\n<meta property=\"og:locale\" content=\"fr_FR\" \/>\n<meta property=\"og:type\" content=\"article\" \/>\n<meta property=\"og:title\" content=\"Matchs amicaux des Verts\u00a0: Guin\u00e9e et Nigeria en septembre, Br\u00e9sil report\u00e9 - La Sentinelle\" \/>\n<meta property=\"og:description\" content=\"Quelques jours avant le d\u00e9but du stage de pr\u00e9paration des Verts, le programme des matchs amicaux qu\u2019ils devront disputer, durant\" \/>\n<meta property=\"og:url\" content=\"https:\/\/lasentinelle.dz\/index.php\/2022\/08\/24\/matchs-amicaux-des-verts-guinee-et-nigeria-en-septembre-bresil-reporte\/\" \/>\n<meta property=\"og:site_name\" content=\"La Sentinelle\" \/>\n<meta property=\"article:publisher\" content=\"https:\/\/www.facebook.com\/La-Sentinelle-104059864394773\" \/>\n<meta property=\"article:published_time\" content=\"2022-08-23T23:08:00+00:00\" \/>\n<meta property=\"og:image\" content=\"https:\/\/lasentinelle.dz\/wp-content\/uploads\/2022\/08\/EN.png\" \/>\n\t<meta property=\"og:image:width\" content=\"1280\" \/>\n\t<meta property=\"og:image:height\" content=\"900\" \/>\n\t<meta property=\"og:image:type\" content=\"image\/png\" \/>\n<meta name=\"author\" content=\"La Sentinelle\" \/>\n<meta name=\"twitter:card\" content=\"summary_large_image\" \/>\n<meta name=\"twitter:label1\" content=\"\u00c9crit par\" \/>\n\t<meta name=\"twitter:data1\" content=\"La Sentinelle\" \/>\n\t<meta name=\"twitter:label2\" content=\"Dur\u00e9e de lecture estim\u00e9e\" \/>\n\t<meta name=\"twitter:data2\" content=\"3 minutes\" \/>\n<script type=\"application\/ld+json\" class=\"yoast-schema-graph\">{\"@context\":\"https:\\\/\\\/schema.org\",\"@graph\":[{\"@type\":\"Article\",\"@id\":\"https:\\\/\\\/lasentinelle.dz\\\/index.php\\\/2022\\\/08\\\/24\\\/matchs-amicaux-des-verts-guinee-et-nigeria-en-septembre-bresil-reporte\\\/#article\",\"isPartOf\":{\"@id\":\"https:\\\/\\\/lasentinelle.dz\\\/index.php\\\/2022\\\/08\\\/24\\\/matchs-amicaux-des-verts-guinee-et-nigeria-en-septembre-bresil-reporte\\\/\"},\"author\":{\"name\":\"La Sentinelle\",\"@id\":\"https:\\\/\\\/lasentinelle.dz\\\/#\\\/schema\\\/person\\\/d865044e22e70a75174ce8bcad3acfb3\"},\"headline\":\"Matchs amicaux des Verts\u00a0: Guin\u00e9e et Nigeria en septembre, Br\u00e9sil report\u00e9\",\"datePublished\":\"2022-08-23T23:08:00+00:00\",\"mainEntityOfPage\":{\"@id\":\"https:\\\/\\\/lasentinelle.dz\\\/index.php\\\/2022\\\/08\\\/24\\\/matchs-amicaux-des-verts-guinee-et-nigeria-en-septembre-bresil-reporte\\\/\"},\"wordCount\":625,\"commentCount\":0,\"publisher\":{\"@id\":\"https:\\\/\\\/lasentinelle.dz\\\/#organization\"},\"image\":{\"@id\":\"https:\\\/\\\/lasentinelle.dz\\\/index.php\\\/2022\\\/08\\\/24\\\/matchs-amicaux-des-verts-guinee-et-nigeria-en-septembre-bresil-reporte\\\/#primaryimage\"},\"thumbnailUrl\":\"https:\\\/\\\/lasentinelle.dz\\\/wp-content\\\/uploads\\\/2022\\\/08\\\/EN.png\",\"articleSection\":[\"\u00c0 la Une\",\"Sports\"],\"inLanguage\":\"fr-FR\",\"potentialAction\":[{\"@type\":\"CommentAction\",\"name\":\"Comment\",\"target\":[\"https:\\\/\\\/lasentinelle.dz\\\/index.php\\\/2022\\\/08\\\/24\\\/matchs-amicaux-des-verts-guinee-et-nigeria-en-septembre-bresil-reporte\\\/#respond\"]}]},{\"@type\":\"WebPage\",\"@id\":\"https:\\\/\\\/lasentinelle.dz\\\/index.php\\\/2022\\\/08\\\/24\\\/matchs-amicaux-des-verts-guinee-et-nigeria-en-septembre-bresil-reporte\\\/\",\"url\":\"https:\\\/\\\/lasentinelle.dz\\\/index.php\\\/2022\\\/08\\\/24\\\/matchs-amicaux-des-verts-guinee-et-nigeria-en-septembre-bresil-reporte\\\/\",\"name\":\"Matchs amicaux des Verts\u00a0: Guin\u00e9e et Nigeria en septembre, Br\u00e9sil report\u00e9 - La Sentinelle\",\"isPartOf\":{\"@id\":\"https:\\\/\\\/lasentinelle.dz\\\/#website\"},\"primaryImageOfPage\":{\"@id\":\"https:\\\/\\\/lasentinelle.dz\\\/index.php\\\/2022\\\/08\\\/24\\\/matchs-amicaux-des-verts-guinee-et-nigeria-en-septembre-bresil-reporte\\\/#primaryimage\"},\"image\":{\"@id\":\"https:\\\/\\\/lasentinelle.dz\\\/index.php\\\/2022\\\/08\\\/24\\\/matchs-amicaux-des-verts-guinee-et-nigeria-en-septembre-bresil-reporte\\\/#primaryimage\"},\"thumbnailUrl\":\"https:\\\/\\\/lasentinelle.dz\\\/wp-content\\\/uploads\\\/2022\\\/08\\\/EN.png\",\"datePublished\":\"2022-08-23T23:08:00+00:00\",\"breadcrumb\":{\"@id\":\"https:\\\/\\\/lasentinelle.dz\\\/index.php\\\/2022\\\/08\\\/24\\\/matchs-amicaux-des-verts-guinee-et-nigeria-en-septembre-bresil-reporte\\\/#breadcrumb\"},\"inLanguage\":\"fr-FR\",\"potentialAction\":[{\"@type\":\"ReadAction\",\"target\":[\"https:\\\/\\\/lasentinelle.dz\\\/index.php\\\/2022\\\/08\\\/24\\\/matchs-amicaux-des-verts-guinee-et-nigeria-en-septembre-bresil-reporte\\\/\"]}]},{\"@type\":\"ImageObject\",\"inLanguage\":\"fr-FR\",\"@id\":\"https:\\\/\\\/lasentinelle.dz\\\/index.php\\\/2022\\\/08\\\/24\\\/matchs-amicaux-des-verts-guinee-et-nigeria-en-septembre-bresil-reporte\\\/#primaryimage\",\"url\":\"https:\\\/\\\/lasentinelle.dz\\\/wp-content\\\/uploads\\\/2022\\\/08\\\/EN.png\",\"contentUrl\":\"https:\\\/\\\/lasentinelle.dz\\\/wp-content\\\/uploads\\\/2022\\\/08\\\/EN.png\",\"width\":1280,\"height\":900},{\"@type\":\"BreadcrumbList\",\"@id\":\"https:\\\/\\\/lasentinelle.dz\\\/index.php\\\/2022\\\/08\\\/24\\\/matchs-amicaux-des-verts-guinee-et-nigeria-en-septembre-bresil-reporte\\\/#breadcrumb\",\"itemListElement\":[{\"@type\":\"ListItem\",\"position\":1,\"name\":\"Accueil\",\"item\":\"https:\\\/\\\/lasentinelle.dz\\\/\"},{\"@type\":\"ListItem\",\"position\":2,\"name\":\"Matchs amicaux des Verts\u00a0: Guin\u00e9e et Nigeria en septembre, Br\u00e9sil report\u00e9\"}]},{\"@type\":\"WebSite\",\"@id\":\"https:\\\/\\\/lasentinelle.dz\\\/#website\",\"url\":\"https:\\\/\\\/lasentinelle.dz\\\/\",\"name\":\"La Sentinelle\",\"description\":\"Quotidien national d&#039;information\",\"publisher\":{\"@id\":\"https:\\\/\\\/lasentinelle.dz\\\/#organization\"},\"potentialAction\":[{\"@type\":\"SearchAction\",\"target\":{\"@type\":\"EntryPoint\",\"urlTemplate\":\"https:\\\/\\\/lasentinelle.dz\\\/?s={search_term_string}\"},\"query-input\":{\"@type\":\"PropertyValueSpecification\",\"valueRequired\":true,\"valueName\":\"search_term_string\"}}],\"inLanguage\":\"fr-FR\"},{\"@type\":\"Organization\",\"@id\":\"https:\\\/\\\/lasentinelle.dz\\\/#organization\",\"name\":\"Quotidien La Sentinelle\",\"url\":\"https:\\\/\\\/lasentinelle.dz\\\/\",\"logo\":{\"@type\":\"ImageObject\",\"inLanguage\":\"fr-FR\",\"@id\":\"https:\\\/\\\/lasentinelle.dz\\\/#\\\/schema\\\/logo\\\/image\\\/\",\"url\":\"https:\\\/\\\/lasentinelle.dz\\\/wp-content\\\/uploads\\\/2021\\\/09\\\/logo-sentinelleSLOGAN-1.png\",\"contentUrl\":\"https:\\\/\\\/lasentinelle.dz\\\/wp-content\\\/uploads\\\/2021\\\/09\\\/logo-sentinelleSLOGAN-1.png\",\"width\":615,\"height\":142,\"caption\":\"Quotidien La Sentinelle\"},\"image\":{\"@id\":\"https:\\\/\\\/lasentinelle.dz\\\/#\\\/schema\\\/logo\\\/image\\\/\"},\"sameAs\":[\"https:\\\/\\\/www.facebook.com\\\/La-Sentinelle-104059864394773\"]},{\"@type\":\"Person\",\"@id\":\"https:\\\/\\\/lasentinelle.dz\\\/#\\\/schema\\\/person\\\/d865044e22e70a75174ce8bcad3acfb3\",\"name\":\"La Sentinelle\",\"image\":{\"@type\":\"ImageObject\",\"inLanguage\":\"fr-FR\",\"@id\":\"https:\\\/\\\/secure.gravatar.com\\\/avatar\\\/57de8e5d4b15d43fb361a71fbb36338450fe67865b528a43dd10ef7c51a20392?s=96&d=mm&r=g\",\"url\":\"https:\\\/\\\/secure.gravatar.com\\\/avatar\\\/57de8e5d4b15d43fb361a71fbb36338450fe67865b528a43dd10ef7c51a20392?s=96&d=mm&r=g\",\"contentUrl\":\"https:\\\/\\\/secure.gravatar.com\\\/avatar\\\/57de8e5d4b15d43fb361a71fbb36338450fe67865b528a43dd10ef7c51a20392?s=96&d=mm&r=g\",\"caption\":\"La Sentinelle\"},\"sameAs\":[\"http:\\\/\\\/www.lasentinelle.dz\"],\"url\":\"https:\\\/\\\/lasentinelle.dz\\\/author\\\/redaction\\\/\"}]}<\/script>\n<!-- \/ Yoast SEO plugin. -->","yoast_head_json":{"title":"Matchs amicaux des Verts\u00a0: Guin\u00e9e et Nigeria en septembre, Br\u00e9sil report\u00e9 - La Sentinelle","robots":{"index":"index","follow":"follow","max-snippet":"max-snippet:-1","max-image-preview":"max-image-preview:large","max-video-preview":"max-video-preview:-1"},"canonical":"https:\/\/lasentinelle.dz\/index.php\/2022\/08\/24\/matchs-amicaux-des-verts-guinee-et-nigeria-en-septembre-bresil-reporte\/","og_locale":"fr_FR","og_type":"article","og_title":"Matchs amicaux des Verts\u00a0: Guin\u00e9e et Nigeria en septembre, Br\u00e9sil report\u00e9 - La Sentinelle","og_description":"Quelques jours avant le d\u00e9but du stage de pr\u00e9paration des Verts, le programme des matchs amicaux qu\u2019ils devront disputer, durant","og_url":"https:\/\/lasentinelle.dz\/index.php\/2022\/08\/24\/matchs-amicaux-des-verts-guinee-et-nigeria-en-septembre-bresil-reporte\/","og_site_name":"La Sentinelle","article_publisher":"https:\/\/www.facebook.com\/La-Sentinelle-104059864394773","article_published_time":"2022-08-23T23:08:00+00:00","og_image":[{"width":1280,"height":900,"url":"https:\/\/lasentinelle.dz\/wp-content\/uploads\/2022\/08\/EN.png","type":"image\/png"}],"author":"La Sentinelle","twitter_card":"summary_large_image","twitter_misc":{"\u00c9crit par":"La Sentinelle","Dur\u00e9e de lecture estim\u00e9e":"3 minutes"},"schema":{"@context":"https:\/\/schema.org","@graph":[{"@type":"Article","@id":"https:\/\/lasentinelle.dz\/index.php\/2022\/08\/24\/matchs-amicaux-des-verts-guinee-et-nigeria-en-septembre-bresil-reporte\/#article","isPartOf":{"@id":"https:\/\/lasentinelle.dz\/index.php\/2022\/08\/24\/matchs-amicaux-des-verts-guinee-et-nigeria-en-septembre-bresil-reporte\/"},"author":{"name":"La Sentinelle","@id":"https:\/\/lasentinelle.dz\/#\/schema\/person\/d865044e22e70a75174ce8bcad3acfb3"},"headline":"Matchs amicaux des Verts\u00a0: Guin\u00e9e et Nigeria en septembre, Br\u00e9sil report\u00e9","datePublished":"2022-08-23T23:08:00+00:00","mainEntityOfPage":{"@id":"https:\/\/lasentinelle.dz\/index.php\/2022\/08\/24\/matchs-amicaux-des-verts-guinee-et-nigeria-en-septembre-bresil-reporte\/"},"wordCount":625,"commentCount":0,"publisher":{"@id":"https:\/\/lasentinelle.dz\/#organization"},"image":{"@id":"https:\/\/lasentinelle.dz\/index.php\/2022\/08\/24\/matchs-amicaux-des-verts-guinee-et-nigeria-en-septembre-bresil-reporte\/#primaryimage"},"thumbnailUrl":"https:\/\/lasentinelle.dz\/wp-content\/uploads\/2022\/08\/EN.png","articleSection":["\u00c0 la Une","Sports"],"inLanguage":"fr-FR","potentialAction":[{"@type":"CommentAction","name":"Comment","target":["https:\/\/lasentinelle.dz\/index.php\/2022\/08\/24\/matchs-amicaux-des-verts-guinee-et-nigeria-en-septembre-bresil-reporte\/#respond"]}]},{"@type":"WebPage","@id":"https:\/\/lasentinelle.dz\/index.php\/2022\/08\/24\/matchs-amicaux-des-verts-guinee-et-nigeria-en-septembre-bresil-reporte\/","url":"https:\/\/lasentinelle.dz\/index.php\/2022\/08\/24\/matchs-amicaux-des-verts-guinee-et-nigeria-en-septembre-bresil-reporte\/","name":"Matchs amicaux des Verts\u00a0: Guin\u00e9e et Nigeria en septembre, Br\u00e9sil report\u00e9 - La Sentinelle","isPartOf":{"@id":"https:\/\/lasentinelle.dz\/#website"},"primaryImageOfPage":{"@id":"https:\/\/lasentinelle.dz\/index.php\/2022\/08\/24\/matchs-amicaux-des-verts-guinee-et-nigeria-en-septembre-bresil-reporte\/#primaryimage"},"image":{"@id":"https:\/\/lasentinelle.dz\/index.php\/2022\/08\/24\/matchs-amicaux-des-verts-guinee-et-nigeria-en-septembre-bresil-reporte\/#primaryimage"},"thumbnailUrl":"https:\/\/lasentinelle.dz\/wp-content\/uploads\/2022\/08\/EN.png","datePublished":"2022-08-23T23:08:00+00:00","breadcrumb":{"@id":"https:\/\/lasentinelle.dz\/index.php\/2022\/08\/24\/matchs-amicaux-des-verts-guinee-et-nigeria-en-septembre-bresil-reporte\/#breadcrumb"},"inLanguage":"fr-FR","potentialAction":[{"@type":"ReadAction","target":["https:\/\/lasentinelle.dz\/index.php\/2022\/08\/24\/matchs-amicaux-des-verts-guinee-et-nigeria-en-septembre-bresil-reporte\/"]}]},{"@type":"ImageObject","inLanguage":"fr-FR","@id":"https:\/\/lasentinelle.dz\/index.php\/2022\/08\/24\/matchs-amicaux-des-verts-guinee-et-nigeria-en-septembre-bresil-reporte\/#primaryimage","url":"https:\/\/lasentinelle.dz\/wp-content\/uploads\/2022\/08\/EN.png","contentUrl":"https:\/\/lasentinelle.dz\/wp-content\/uploads\/2022\/08\/EN.png","width":1280,"height":900},{"@type":"BreadcrumbList","@id":"https:\/\/lasentinelle.dz\/index.php\/2022\/08\/24\/matchs-amicaux-des-verts-guinee-et-nigeria-en-septembre-bresil-reporte\/#breadcrumb","itemListElement":[{"@type":"ListItem","position":1,"name":"Accueil","item":"https:\/\/lasentinelle.dz\/"},{"@type":"ListItem","position":2,"name":"Matchs amicaux des Verts\u00a0: Guin\u00e9e et Nigeria en septembre, Br\u00e9sil report\u00e9"}]},{"@type":"WebSite","@id":"https:\/\/lasentinelle.dz\/#website","url":"https:\/\/lasentinelle.dz\/","name":"La Sentinelle","description":"Quotidien national d&#039;information","publisher":{"@id":"https:\/\/lasentinelle.dz\/#organization"},"potentialAction":[{"@type":"SearchAction","target":{"@type":"EntryPoint","urlTemplate":"https:\/\/lasentinelle.dz\/?s={search_term_string}"},"query-input":{"@type":"PropertyValueSpecification","valueRequired":true,"valueName":"search_term_string"}}],"inLanguage":"fr-FR"},{"@type":"Organization","@id":"https:\/\/lasentinelle.dz\/#organization","name":"Quotidien La Sentinelle","url":"https:\/\/lasentinelle.dz\/","logo":{"@type":"ImageObject","inLanguage":"fr-FR","@id":"https:\/\/lasentinelle.dz\/#\/schema\/logo\/image\/","url":"https:\/\/lasentinelle.dz\/wp-content\/uploads\/2021\/09\/logo-sentinelleSLOGAN-1.png","contentUrl":"https:\/\/lasentinelle.dz\/wp-content\/uploads\/2021\/09\/logo-sentinelleSLOGAN-1.png","width":615,"height":142,"caption":"Quotidien La Sentinelle"},"image":{"@id":"https:\/\/lasentinelle.dz\/#\/schema\/logo\/image\/"},"sameAs":["https:\/\/www.facebook.com\/La-Sentinelle-104059864394773"]},{"@type":"Person","@id":"https:\/\/lasentinelle.dz\/#\/schema\/person\/d865044e22e70a75174ce8bcad3acfb3","name":"La Sentinelle","image":{"@type":"ImageObject","inLanguage":"fr-FR","@id":"https:\/\/secure.gravatar.com\/avatar\/57de8e5d4b15d43fb361a71fbb36338450fe67865b528a43dd10ef7c51a20392?s=96&d=mm&r=g","url":"https:\/\/secure.gravatar.com\/avatar\/57de8e5d4b15d43fb361a71fbb36338450fe67865b528a43dd10ef7c51a20392?s=96&d=mm&r=g","contentUrl":"https:\/\/secure.gravatar.com\/avatar\/57de8e5d4b15d43fb361a71fbb36338450fe67865b528a43dd10ef7c51a20392?s=96&d=mm&r=g","caption":"La Sentinelle"},"sameAs":["http:\/\/www.lasentinelle.dz"],"url":"https:\/\/lasentinelle.dz\/author\/redaction\/"}]}},"_links":{"self":[{"href":"https:\/\/lasentinelle.dz\/index.php\/wp-json\/wp\/v2\/posts\/26228","targetHints":{"allow":["GET"]}}],"collection":[{"href":"https:\/\/lasentinelle.dz\/index.php\/wp-json\/wp\/v2\/posts"}],"about":[{"href":"https:\/\/lasentinelle.dz\/index.php\/wp-json\/wp\/v2\/types\/post"}],"author":[{"embeddable":true,"href":"https:\/\/lasentinelle.dz\/index.php\/wp-json\/wp\/v2\/users\/3"}],"replies":[{"embeddable":true,"href":"https:\/\/lasentinelle.dz\/index.php\/wp-json\/wp\/v2\/comments?post=26228"}],"version-history":[{"count":1,"href":"https:\/\/lasentinelle.dz\/index.php\/wp-json\/wp\/v2\/posts\/26228\/revisions"}],"predecessor-version":[{"id":26230,"href":"https:\/\/lasentinelle.dz\/index.php\/wp-json\/wp\/v2\/posts\/26228\/revisions\/26230"}],"wp:featuredmedia":[{"embeddable":true,"href":"https:\/\/lasentinelle.dz\/index.php\/wp-json\/wp\/v2\/media\/26229"}],"wp:attachment":[{"href":"https:\/\/lasentinelle.dz\/index.php\/wp-json\/wp\/v2\/media?parent=26228"}],"wp:term":[{"taxonomy":"category","embeddable":true,"href":"https:\/\/lasentinelle.dz\/index.php\/wp-json\/wp\/v2\/categories?post=26228"},{"taxonomy":"post_tag","embeddable":true,"href":"https:\/\/lasentinelle.dz\/index.php\/wp-json\/wp\/v2\/tags?post=26228"}],"curies":[{"name":"wp","href":"https:\/\/api.w.org\/{rel}","templated":true}]}}