{"id":26248,"date":"2022-08-24T00:08:00","date_gmt":"2022-08-23T23:08:00","guid":{"rendered":"https:\/\/lasentinelle.dz\/?p=26248"},"modified":"2022-08-23T20:27:25","modified_gmt":"2022-08-23T19:27:25","slug":"indemnisations-des-sinistres-beldjoud-et-henni-insistent-lacceleration-des-procedures","status":"publish","type":"post","link":"https:\/\/lasentinelle.dz\/index.php\/2022\/08\/24\/indemnisations-des-sinistres-beldjoud-et-henni-insistent-lacceleration-des-procedures\/","title":{"rendered":"Indemnisations des sinistr\u00e9s\u00a0:\u00a0Beldjoud et Henni insistent sur l\u2019acc\u00e9l\u00e9ration des proc\u00e9dures"},"content":{"rendered":"\n<p>La commission sectorielle nationale et op\u00e9rationnelle charg\u00e9e de l&rsquo;indemnisation des agriculteurs touch\u00e9s par les feux de for\u00eat. Celle-ci doit commencer \u00e0 r\u00e9ceptionner les rapports d\u2019\u00e9valuation des d\u00e9g\u00e2ts d\u00e8s aujourd\u2019hui, avant de proc\u00e9der, au plus vite, \u00e0 l\u2019indemnisation des sinistr\u00e9s.&nbsp;<\/p>\n\n\n\n<p>\u00abLe ministre de l&rsquo;Int\u00e9rieur, des Collectivit\u00e9s locales et de l&rsquo;Am\u00e9nagement du Territoire, Kamal Beldjoud, a mis l\u2019accent sur \u00abla n\u00e9cessit\u00e9 de parachever le recensement des d\u00e9g\u00e2ts provoqu\u00e9s par les feux ayant touch\u00e9 certaines wilayas du pays pour proc\u00e9der aux indemnisations\u00bb, a indiqu\u00e9 un communiqu\u00e9 du minist\u00e8re. Ayant pr\u00e9sid\u00e9 lundi une r\u00e9union de coordination par visioconf\u00e9rence regroupant les walis, les ministre de l\u2019Int\u00e9rieur et des&nbsp;Collectivit\u00e9s locale est revenu sur \u00able bilan des feux enregistr\u00e9s dans certaines wilayas du pays\u00bb,&nbsp;et a insist\u00e9&nbsp;sur la n\u00e9cessit\u00e9 d&rsquo;achever le recensement des d\u00e9g\u00e2ts de quelque nature que ce soit pour proc\u00e9der aux indemnisations, tout en maintenant un niveau \u00e9lev\u00e9 d&rsquo;alerte et de vigilance\u00bb. Prenant en compte la n\u00e9cessit\u00e9 de la pr\u00e9vention des risques majeurs, le ministre a \u00e9galement insist\u00e9 sur \u00abl\u2019imp\u00e9ratif de poursuivre les vastes campagnes de nettoyage de l&rsquo;environnement et des oueds et de prendre en charge les points noirs, en coordination avec diff\u00e9rents services, pour \u00e9viter les r\u00e9percussions des intemp\u00e9ries et des \u00e9ventuelles inondations saisonni\u00e8res, notamment \u00e0 cette p\u00e9riode de l&rsquo;ann\u00e9e\u00bb. Pour sa part, le ministre de l&rsquo;Agriculture et du D\u00e9veloppement rural, Mohamed Abdelhafid Henni, a mis l\u2019accent sur \u00abla n\u00e9cessit\u00e9 d\u2019acc\u00e9l\u00e9rer de l&rsquo;op\u00e9ration de recensement des sinistr\u00e9s des incendies ayant touch\u00e9s plusieurs wilayas de la partie est du pays&nbsp;\u00bb. Ayant pr\u00e9sid\u00e9 l&rsquo;installation de la commission sectorielle nationale et op\u00e9rationnelle charg\u00e9e de l&rsquo;indemnisation des agriculteurs touch\u00e9s par les feux de for\u00eat, le ministre a donn\u00e9 des instructions allant dans le sens de \u00abpermettre \u00e0 la commission sectorielle op\u00e9rationnelle de suivre les op\u00e9rations d&rsquo;indemnisation dans les meilleurs conditions et les plus brefs d\u00e9lais\u00bb, a soulign\u00e9&nbsp;un&nbsp;communiqu\u00e9 du minist\u00e8re. \u00abLa commission aura pour mission principale la coordination avec la commission nationale d&rsquo;indemnisation install\u00e9e au niveau du minist\u00e8re de l&rsquo;Int\u00e9rieur, des Collectivit\u00e9s locales et de l&rsquo;Am\u00e9nagement du Territoire\u00bb, a pr\u00e9cis\u00e9 la m\u00eame source. Le directeur g\u00e9n\u00e9ral des for\u00eats (DGF) pr\u00e9sidera cette commission sectorielle qui entamera son travail sur le terrain, d\u00e8s ce mercredi (aujourd\u2019hui, NDLR) en effectuant des d\u00e9placements dans les wilayas concern\u00e9es\u00bb, a ajout\u00e9 le minist\u00e8re, relevant&nbsp;&nbsp;que \u00abla commission install\u00e9e est compos\u00e9e de repr\u00e9sentants du minist\u00e8re et des pr\u00e9sidents directeurs g\u00e9n\u00e9raux des entreprises \u00e9conomiques publiques sous tutelle\u00bb. La m\u00eame source a soulign\u00e9 que \u00able secteur \u00abdispose de tous les moyens pour r\u00e9pondre aux besoins des sinistr\u00e9s\u00bb.<\/p>\n\n\n\n<p><strong>Amar Malki<\/strong><\/p>\n","protected":false},"excerpt":{"rendered":"<p>La commission sectorielle nationale et op\u00e9rationnelle charg\u00e9e de l&rsquo;indemnisation des agriculteurs touch\u00e9s par les feux de for\u00eat. Celle-ci doit commencer<\/p>\n","protected":false},"author":3,"featured_media":26249,"comment_status":"open","ping_status":"closed","sticky":false,"template":"","format":"standard","meta":{"colormag_page_container_layout":"default_layout","colormag_page_sidebar_layout":"default_layout","om_disable_all_campaigns":false,"_monsterinsights_skip_tracking":false,"_monsterinsights_sitenote_active":false,"_monsterinsights_sitenote_note":"","_monsterinsights_sitenote_category":0,"footnotes":"","_wpscppro_dont_share_socialmedia":false,"_wpscppro_custom_social_share_image":0,"_facebook_share_type":"","_twitter_share_type":"","_linkedin_share_type":"","_pinterest_share_type":"","_linkedin_share_type_page":"","_instagram_share_type":"","_medium_share_type":"","_threads_share_type":"","_google_business_share_type":"","_selected_social_profile":[],"_wpsp_enable_custom_social_template":false,"_wpsp_social_scheduling":{"enabled":false,"datetime":null,"platforms":[],"status":"template_only","dateOption":"today","timeOption":"now","customDays":"","customHours":"","customDate":"","customTime":"","schedulingType":"absolute"},"_wpsp_active_default_template":true},"categories":[52,27],"tags":[],"class_list":["post-26248","post","type-post","status-publish","format-standard","has-post-thumbnail","hentry","category-a-la-une","category-actualite"],"aioseo_notices":[],"yoast_head":"<!-- This site is optimized with the Yoast SEO plugin v27.5 - https:\/\/yoast.com\/product\/yoast-seo-wordpress\/ -->\n<title>Indemnisations des sinistr\u00e9s\u00a0:\u00a0Beldjoud et Henni insistent sur l\u2019acc\u00e9l\u00e9ration des proc\u00e9dures - La Sentinelle<\/title>\n<meta name=\"robots\" content=\"index, follow, max-snippet:-1, max-image-preview:large, max-video-preview:-1\" \/>\n<link rel=\"canonical\" href=\"https:\/\/lasentinelle.dz\/index.php\/2022\/08\/24\/indemnisations-des-sinistres-beldjoud-et-henni-insistent-lacceleration-des-procedures\/\" \/>\n<meta property=\"og:locale\" content=\"fr_FR\" \/>\n<meta property=\"og:type\" content=\"article\" \/>\n<meta property=\"og:title\" content=\"Indemnisations des sinistr\u00e9s\u00a0:\u00a0Beldjoud et Henni insistent sur l\u2019acc\u00e9l\u00e9ration des proc\u00e9dures - La Sentinelle\" \/>\n<meta property=\"og:description\" content=\"La commission sectorielle nationale et op\u00e9rationnelle charg\u00e9e de l&rsquo;indemnisation des agriculteurs touch\u00e9s par les feux de for\u00eat. Celle-ci doit commencer\" \/>\n<meta property=\"og:url\" content=\"https:\/\/lasentinelle.dz\/index.php\/2022\/08\/24\/indemnisations-des-sinistres-beldjoud-et-henni-insistent-lacceleration-des-procedures\/\" \/>\n<meta property=\"og:site_name\" content=\"La Sentinelle\" \/>\n<meta property=\"article:publisher\" content=\"https:\/\/www.facebook.com\/La-Sentinelle-104059864394773\" \/>\n<meta property=\"article:published_time\" content=\"2022-08-23T23:08:00+00:00\" \/>\n<meta property=\"og:image\" content=\"https:\/\/lasentinelle.dz\/wp-content\/uploads\/2022\/08\/commission-1.png\" \/>\n\t<meta property=\"og:image:width\" content=\"1350\" \/>\n\t<meta property=\"og:image:height\" content=\"900\" \/>\n\t<meta property=\"og:image:type\" content=\"image\/png\" \/>\n<meta name=\"author\" content=\"La Sentinelle\" \/>\n<meta name=\"twitter:card\" content=\"summary_large_image\" \/>\n<meta name=\"twitter:label1\" content=\"\u00c9crit par\" \/>\n\t<meta name=\"twitter:data1\" content=\"La Sentinelle\" \/>\n\t<meta name=\"twitter:label2\" content=\"Dur\u00e9e de lecture estim\u00e9e\" \/>\n\t<meta name=\"twitter:data2\" content=\"3 minutes\" \/>\n<script type=\"application\/ld+json\" class=\"yoast-schema-graph\">{\"@context\":\"https:\\\/\\\/schema.org\",\"@graph\":[{\"@type\":\"Article\",\"@id\":\"https:\\\/\\\/lasentinelle.dz\\\/index.php\\\/2022\\\/08\\\/24\\\/indemnisations-des-sinistres-beldjoud-et-henni-insistent-lacceleration-des-procedures\\\/#article\",\"isPartOf\":{\"@id\":\"https:\\\/\\\/lasentinelle.dz\\\/index.php\\\/2022\\\/08\\\/24\\\/indemnisations-des-sinistres-beldjoud-et-henni-insistent-lacceleration-des-procedures\\\/\"},\"author\":{\"name\":\"La Sentinelle\",\"@id\":\"https:\\\/\\\/lasentinelle.dz\\\/#\\\/schema\\\/person\\\/d865044e22e70a75174ce8bcad3acfb3\"},\"headline\":\"Indemnisations des sinistr\u00e9s\u00a0:\u00a0Beldjoud et Henni insistent sur l\u2019acc\u00e9l\u00e9ration des proc\u00e9dures\",\"datePublished\":\"2022-08-23T23:08:00+00:00\",\"mainEntityOfPage\":{\"@id\":\"https:\\\/\\\/lasentinelle.dz\\\/index.php\\\/2022\\\/08\\\/24\\\/indemnisations-des-sinistres-beldjoud-et-henni-insistent-lacceleration-des-procedures\\\/\"},\"wordCount\":540,\"commentCount\":0,\"publisher\":{\"@id\":\"https:\\\/\\\/lasentinelle.dz\\\/#organization\"},\"image\":{\"@id\":\"https:\\\/\\\/lasentinelle.dz\\\/index.php\\\/2022\\\/08\\\/24\\\/indemnisations-des-sinistres-beldjoud-et-henni-insistent-lacceleration-des-procedures\\\/#primaryimage\"},\"thumbnailUrl\":\"https:\\\/\\\/lasentinelle.dz\\\/wp-content\\\/uploads\\\/2022\\\/08\\\/commission-1.png\",\"articleSection\":[\"\u00c0 la Une\",\"Actualit\u00e9\"],\"inLanguage\":\"fr-FR\",\"potentialAction\":[{\"@type\":\"CommentAction\",\"name\":\"Comment\",\"target\":[\"https:\\\/\\\/lasentinelle.dz\\\/index.php\\\/2022\\\/08\\\/24\\\/indemnisations-des-sinistres-beldjoud-et-henni-insistent-lacceleration-des-procedures\\\/#respond\"]}]},{\"@type\":\"WebPage\",\"@id\":\"https:\\\/\\\/lasentinelle.dz\\\/index.php\\\/2022\\\/08\\\/24\\\/indemnisations-des-sinistres-beldjoud-et-henni-insistent-lacceleration-des-procedures\\\/\",\"url\":\"https:\\\/\\\/lasentinelle.dz\\\/index.php\\\/2022\\\/08\\\/24\\\/indemnisations-des-sinistres-beldjoud-et-henni-insistent-lacceleration-des-procedures\\\/\",\"name\":\"Indemnisations des sinistr\u00e9s\u00a0:\u00a0Beldjoud et Henni insistent sur l\u2019acc\u00e9l\u00e9ration des proc\u00e9dures - La Sentinelle\",\"isPartOf\":{\"@id\":\"https:\\\/\\\/lasentinelle.dz\\\/#website\"},\"primaryImageOfPage\":{\"@id\":\"https:\\\/\\\/lasentinelle.dz\\\/index.php\\\/2022\\\/08\\\/24\\\/indemnisations-des-sinistres-beldjoud-et-henni-insistent-lacceleration-des-procedures\\\/#primaryimage\"},\"image\":{\"@id\":\"https:\\\/\\\/lasentinelle.dz\\\/index.php\\\/2022\\\/08\\\/24\\\/indemnisations-des-sinistres-beldjoud-et-henni-insistent-lacceleration-des-procedures\\\/#primaryimage\"},\"thumbnailUrl\":\"https:\\\/\\\/lasentinelle.dz\\\/wp-content\\\/uploads\\\/2022\\\/08\\\/commission-1.png\",\"datePublished\":\"2022-08-23T23:08:00+00:00\",\"breadcrumb\":{\"@id\":\"https:\\\/\\\/lasentinelle.dz\\\/index.php\\\/2022\\\/08\\\/24\\\/indemnisations-des-sinistres-beldjoud-et-henni-insistent-lacceleration-des-procedures\\\/#breadcrumb\"},\"inLanguage\":\"fr-FR\",\"potentialAction\":[{\"@type\":\"ReadAction\",\"target\":[\"https:\\\/\\\/lasentinelle.dz\\\/index.php\\\/2022\\\/08\\\/24\\\/indemnisations-des-sinistres-beldjoud-et-henni-insistent-lacceleration-des-procedures\\\/\"]}]},{\"@type\":\"ImageObject\",\"inLanguage\":\"fr-FR\",\"@id\":\"https:\\\/\\\/lasentinelle.dz\\\/index.php\\\/2022\\\/08\\\/24\\\/indemnisations-des-sinistres-beldjoud-et-henni-insistent-lacceleration-des-procedures\\\/#primaryimage\",\"url\":\"https:\\\/\\\/lasentinelle.dz\\\/wp-content\\\/uploads\\\/2022\\\/08\\\/commission-1.png\",\"contentUrl\":\"https:\\\/\\\/lasentinelle.dz\\\/wp-content\\\/uploads\\\/2022\\\/08\\\/commission-1.png\",\"width\":1350,\"height\":900},{\"@type\":\"BreadcrumbList\",\"@id\":\"https:\\\/\\\/lasentinelle.dz\\\/index.php\\\/2022\\\/08\\\/24\\\/indemnisations-des-sinistres-beldjoud-et-henni-insistent-lacceleration-des-procedures\\\/#breadcrumb\",\"itemListElement\":[{\"@type\":\"ListItem\",\"position\":1,\"name\":\"Accueil\",\"item\":\"https:\\\/\\\/lasentinelle.dz\\\/\"},{\"@type\":\"ListItem\",\"position\":2,\"name\":\"Indemnisations des sinistr\u00e9s\u00a0:\u00a0Beldjoud et Henni insistent sur l\u2019acc\u00e9l\u00e9ration des proc\u00e9dures\"}]},{\"@type\":\"WebSite\",\"@id\":\"https:\\\/\\\/lasentinelle.dz\\\/#website\",\"url\":\"https:\\\/\\\/lasentinelle.dz\\\/\",\"name\":\"La Sentinelle\",\"description\":\"Quotidien national d&#039;information\",\"publisher\":{\"@id\":\"https:\\\/\\\/lasentinelle.dz\\\/#organization\"},\"potentialAction\":[{\"@type\":\"SearchAction\",\"target\":{\"@type\":\"EntryPoint\",\"urlTemplate\":\"https:\\\/\\\/lasentinelle.dz\\\/?s={search_term_string}\"},\"query-input\":{\"@type\":\"PropertyValueSpecification\",\"valueRequired\":true,\"valueName\":\"search_term_string\"}}],\"inLanguage\":\"fr-FR\"},{\"@type\":\"Organization\",\"@id\":\"https:\\\/\\\/lasentinelle.dz\\\/#organization\",\"name\":\"Quotidien La Sentinelle\",\"url\":\"https:\\\/\\\/lasentinelle.dz\\\/\",\"logo\":{\"@type\":\"ImageObject\",\"inLanguage\":\"fr-FR\",\"@id\":\"https:\\\/\\\/lasentinelle.dz\\\/#\\\/schema\\\/logo\\\/image\\\/\",\"url\":\"https:\\\/\\\/lasentinelle.dz\\\/wp-content\\\/uploads\\\/2021\\\/09\\\/logo-sentinelleSLOGAN-1.png\",\"contentUrl\":\"https:\\\/\\\/lasentinelle.dz\\\/wp-content\\\/uploads\\\/2021\\\/09\\\/logo-sentinelleSLOGAN-1.png\",\"width\":615,\"height\":142,\"caption\":\"Quotidien La Sentinelle\"},\"image\":{\"@id\":\"https:\\\/\\\/lasentinelle.dz\\\/#\\\/schema\\\/logo\\\/image\\\/\"},\"sameAs\":[\"https:\\\/\\\/www.facebook.com\\\/La-Sentinelle-104059864394773\"]},{\"@type\":\"Person\",\"@id\":\"https:\\\/\\\/lasentinelle.dz\\\/#\\\/schema\\\/person\\\/d865044e22e70a75174ce8bcad3acfb3\",\"name\":\"La Sentinelle\",\"image\":{\"@type\":\"ImageObject\",\"inLanguage\":\"fr-FR\",\"@id\":\"https:\\\/\\\/secure.gravatar.com\\\/avatar\\\/57de8e5d4b15d43fb361a71fbb36338450fe67865b528a43dd10ef7c51a20392?s=96&d=mm&r=g\",\"url\":\"https:\\\/\\\/secure.gravatar.com\\\/avatar\\\/57de8e5d4b15d43fb361a71fbb36338450fe67865b528a43dd10ef7c51a20392?s=96&d=mm&r=g\",\"contentUrl\":\"https:\\\/\\\/secure.gravatar.com\\\/avatar\\\/57de8e5d4b15d43fb361a71fbb36338450fe67865b528a43dd10ef7c51a20392?s=96&d=mm&r=g\",\"caption\":\"La Sentinelle\"},\"sameAs\":[\"http:\\\/\\\/www.lasentinelle.dz\"],\"url\":\"https:\\\/\\\/lasentinelle.dz\\\/author\\\/redaction\\\/\"}]}<\/script>\n<!-- \/ Yoast SEO plugin. -->","yoast_head_json":{"title":"Indemnisations des sinistr\u00e9s\u00a0:\u00a0Beldjoud et Henni insistent sur l\u2019acc\u00e9l\u00e9ration des proc\u00e9dures - La Sentinelle","robots":{"index":"index","follow":"follow","max-snippet":"max-snippet:-1","max-image-preview":"max-image-preview:large","max-video-preview":"max-video-preview:-1"},"canonical":"https:\/\/lasentinelle.dz\/index.php\/2022\/08\/24\/indemnisations-des-sinistres-beldjoud-et-henni-insistent-lacceleration-des-procedures\/","og_locale":"fr_FR","og_type":"article","og_title":"Indemnisations des sinistr\u00e9s\u00a0:\u00a0Beldjoud et Henni insistent sur l\u2019acc\u00e9l\u00e9ration des proc\u00e9dures - La Sentinelle","og_description":"La commission sectorielle nationale et op\u00e9rationnelle charg\u00e9e de l&rsquo;indemnisation des agriculteurs touch\u00e9s par les feux de for\u00eat. Celle-ci doit commencer","og_url":"https:\/\/lasentinelle.dz\/index.php\/2022\/08\/24\/indemnisations-des-sinistres-beldjoud-et-henni-insistent-lacceleration-des-procedures\/","og_site_name":"La Sentinelle","article_publisher":"https:\/\/www.facebook.com\/La-Sentinelle-104059864394773","article_published_time":"2022-08-23T23:08:00+00:00","og_image":[{"width":1350,"height":900,"url":"https:\/\/lasentinelle.dz\/wp-content\/uploads\/2022\/08\/commission-1.png","type":"image\/png"}],"author":"La Sentinelle","twitter_card":"summary_large_image","twitter_misc":{"\u00c9crit par":"La Sentinelle","Dur\u00e9e de lecture estim\u00e9e":"3 minutes"},"schema":{"@context":"https:\/\/schema.org","@graph":[{"@type":"Article","@id":"https:\/\/lasentinelle.dz\/index.php\/2022\/08\/24\/indemnisations-des-sinistres-beldjoud-et-henni-insistent-lacceleration-des-procedures\/#article","isPartOf":{"@id":"https:\/\/lasentinelle.dz\/index.php\/2022\/08\/24\/indemnisations-des-sinistres-beldjoud-et-henni-insistent-lacceleration-des-procedures\/"},"author":{"name":"La Sentinelle","@id":"https:\/\/lasentinelle.dz\/#\/schema\/person\/d865044e22e70a75174ce8bcad3acfb3"},"headline":"Indemnisations des sinistr\u00e9s\u00a0:\u00a0Beldjoud et Henni insistent sur l\u2019acc\u00e9l\u00e9ration des proc\u00e9dures","datePublished":"2022-08-23T23:08:00+00:00","mainEntityOfPage":{"@id":"https:\/\/lasentinelle.dz\/index.php\/2022\/08\/24\/indemnisations-des-sinistres-beldjoud-et-henni-insistent-lacceleration-des-procedures\/"},"wordCount":540,"commentCount":0,"publisher":{"@id":"https:\/\/lasentinelle.dz\/#organization"},"image":{"@id":"https:\/\/lasentinelle.dz\/index.php\/2022\/08\/24\/indemnisations-des-sinistres-beldjoud-et-henni-insistent-lacceleration-des-procedures\/#primaryimage"},"thumbnailUrl":"https:\/\/lasentinelle.dz\/wp-content\/uploads\/2022\/08\/commission-1.png","articleSection":["\u00c0 la Une","Actualit\u00e9"],"inLanguage":"fr-FR","potentialAction":[{"@type":"CommentAction","name":"Comment","target":["https:\/\/lasentinelle.dz\/index.php\/2022\/08\/24\/indemnisations-des-sinistres-beldjoud-et-henni-insistent-lacceleration-des-procedures\/#respond"]}]},{"@type":"WebPage","@id":"https:\/\/lasentinelle.dz\/index.php\/2022\/08\/24\/indemnisations-des-sinistres-beldjoud-et-henni-insistent-lacceleration-des-procedures\/","url":"https:\/\/lasentinelle.dz\/index.php\/2022\/08\/24\/indemnisations-des-sinistres-beldjoud-et-henni-insistent-lacceleration-des-procedures\/","name":"Indemnisations des sinistr\u00e9s\u00a0:\u00a0Beldjoud et Henni insistent sur l\u2019acc\u00e9l\u00e9ration des proc\u00e9dures - La Sentinelle","isPartOf":{"@id":"https:\/\/lasentinelle.dz\/#website"},"primaryImageOfPage":{"@id":"https:\/\/lasentinelle.dz\/index.php\/2022\/08\/24\/indemnisations-des-sinistres-beldjoud-et-henni-insistent-lacceleration-des-procedures\/#primaryimage"},"image":{"@id":"https:\/\/lasentinelle.dz\/index.php\/2022\/08\/24\/indemnisations-des-sinistres-beldjoud-et-henni-insistent-lacceleration-des-procedures\/#primaryimage"},"thumbnailUrl":"https:\/\/lasentinelle.dz\/wp-content\/uploads\/2022\/08\/commission-1.png","datePublished":"2022-08-23T23:08:00+00:00","breadcrumb":{"@id":"https:\/\/lasentinelle.dz\/index.php\/2022\/08\/24\/indemnisations-des-sinistres-beldjoud-et-henni-insistent-lacceleration-des-procedures\/#breadcrumb"},"inLanguage":"fr-FR","potentialAction":[{"@type":"ReadAction","target":["https:\/\/lasentinelle.dz\/index.php\/2022\/08\/24\/indemnisations-des-sinistres-beldjoud-et-henni-insistent-lacceleration-des-procedures\/"]}]},{"@type":"ImageObject","inLanguage":"fr-FR","@id":"https:\/\/lasentinelle.dz\/index.php\/2022\/08\/24\/indemnisations-des-sinistres-beldjoud-et-henni-insistent-lacceleration-des-procedures\/#primaryimage","url":"https:\/\/lasentinelle.dz\/wp-content\/uploads\/2022\/08\/commission-1.png","contentUrl":"https:\/\/lasentinelle.dz\/wp-content\/uploads\/2022\/08\/commission-1.png","width":1350,"height":900},{"@type":"BreadcrumbList","@id":"https:\/\/lasentinelle.dz\/index.php\/2022\/08\/24\/indemnisations-des-sinistres-beldjoud-et-henni-insistent-lacceleration-des-procedures\/#breadcrumb","itemListElement":[{"@type":"ListItem","position":1,"name":"Accueil","item":"https:\/\/lasentinelle.dz\/"},{"@type":"ListItem","position":2,"name":"Indemnisations des sinistr\u00e9s\u00a0:\u00a0Beldjoud et Henni insistent sur l\u2019acc\u00e9l\u00e9ration des proc\u00e9dures"}]},{"@type":"WebSite","@id":"https:\/\/lasentinelle.dz\/#website","url":"https:\/\/lasentinelle.dz\/","name":"La Sentinelle","description":"Quotidien national d&#039;information","publisher":{"@id":"https:\/\/lasentinelle.dz\/#organization"},"potentialAction":[{"@type":"SearchAction","target":{"@type":"EntryPoint","urlTemplate":"https:\/\/lasentinelle.dz\/?s={search_term_string}"},"query-input":{"@type":"PropertyValueSpecification","valueRequired":true,"valueName":"search_term_string"}}],"inLanguage":"fr-FR"},{"@type":"Organization","@id":"https:\/\/lasentinelle.dz\/#organization","name":"Quotidien La Sentinelle","url":"https:\/\/lasentinelle.dz\/","logo":{"@type":"ImageObject","inLanguage":"fr-FR","@id":"https:\/\/lasentinelle.dz\/#\/schema\/logo\/image\/","url":"https:\/\/lasentinelle.dz\/wp-content\/uploads\/2021\/09\/logo-sentinelleSLOGAN-1.png","contentUrl":"https:\/\/lasentinelle.dz\/wp-content\/uploads\/2021\/09\/logo-sentinelleSLOGAN-1.png","width":615,"height":142,"caption":"Quotidien La Sentinelle"},"image":{"@id":"https:\/\/lasentinelle.dz\/#\/schema\/logo\/image\/"},"sameAs":["https:\/\/www.facebook.com\/La-Sentinelle-104059864394773"]},{"@type":"Person","@id":"https:\/\/lasentinelle.dz\/#\/schema\/person\/d865044e22e70a75174ce8bcad3acfb3","name":"La Sentinelle","image":{"@type":"ImageObject","inLanguage":"fr-FR","@id":"https:\/\/secure.gravatar.com\/avatar\/57de8e5d4b15d43fb361a71fbb36338450fe67865b528a43dd10ef7c51a20392?s=96&d=mm&r=g","url":"https:\/\/secure.gravatar.com\/avatar\/57de8e5d4b15d43fb361a71fbb36338450fe67865b528a43dd10ef7c51a20392?s=96&d=mm&r=g","contentUrl":"https:\/\/secure.gravatar.com\/avatar\/57de8e5d4b15d43fb361a71fbb36338450fe67865b528a43dd10ef7c51a20392?s=96&d=mm&r=g","caption":"La Sentinelle"},"sameAs":["http:\/\/www.lasentinelle.dz"],"url":"https:\/\/lasentinelle.dz\/author\/redaction\/"}]}},"_links":{"self":[{"href":"https:\/\/lasentinelle.dz\/index.php\/wp-json\/wp\/v2\/posts\/26248","targetHints":{"allow":["GET"]}}],"collection":[{"href":"https:\/\/lasentinelle.dz\/index.php\/wp-json\/wp\/v2\/posts"}],"about":[{"href":"https:\/\/lasentinelle.dz\/index.php\/wp-json\/wp\/v2\/types\/post"}],"author":[{"embeddable":true,"href":"https:\/\/lasentinelle.dz\/index.php\/wp-json\/wp\/v2\/users\/3"}],"replies":[{"embeddable":true,"href":"https:\/\/lasentinelle.dz\/index.php\/wp-json\/wp\/v2\/comments?post=26248"}],"version-history":[{"count":2,"href":"https:\/\/lasentinelle.dz\/index.php\/wp-json\/wp\/v2\/posts\/26248\/revisions"}],"predecessor-version":[{"id":26261,"href":"https:\/\/lasentinelle.dz\/index.php\/wp-json\/wp\/v2\/posts\/26248\/revisions\/26261"}],"wp:featuredmedia":[{"embeddable":true,"href":"https:\/\/lasentinelle.dz\/index.php\/wp-json\/wp\/v2\/media\/26249"}],"wp:attachment":[{"href":"https:\/\/lasentinelle.dz\/index.php\/wp-json\/wp\/v2\/media?parent=26248"}],"wp:term":[{"taxonomy":"category","embeddable":true,"href":"https:\/\/lasentinelle.dz\/index.php\/wp-json\/wp\/v2\/categories?post=26248"},{"taxonomy":"post_tag","embeddable":true,"href":"https:\/\/lasentinelle.dz\/index.php\/wp-json\/wp\/v2\/tags?post=26248"}],"curies":[{"name":"wp","href":"https:\/\/api.w.org\/{rel}","templated":true}]}}