{"id":26274,"date":"2022-08-25T00:05:00","date_gmt":"2022-08-24T23:05:00","guid":{"rendered":"https:\/\/lasentinelle.dz\/?p=26274"},"modified":"2022-08-24T17:39:39","modified_gmt":"2022-08-24T16:39:39","slug":"a-quelques-jours-de-la-rentree-scolaire-les-prix-des-fournitures-scolaires-senvolent","status":"publish","type":"post","link":"https:\/\/lasentinelle.dz\/index.php\/2022\/08\/25\/a-quelques-jours-de-la-rentree-scolaire-les-prix-des-fournitures-scolaires-senvolent\/","title":{"rendered":"\u00c0 quelques jours de la rentr\u00e9e scolaire\u00a0: Les prix des fournitures scolaires s\u2019envolent"},"content":{"rendered":"\n<p>&nbsp;\u00c0 quelques jours de la rentr\u00e9e, les prix des&nbsp;fournitures&nbsp;scolaires ont connu une hausse sans pr\u00e9c\u00e9dent.&nbsp;&nbsp;Une&nbsp;&nbsp;flamb\u00e9e&nbsp;&nbsp;appel\u00e9e \u00e0 se poursuivre jusqu&rsquo;apr\u00e8s la rentr\u00e9e.&nbsp;C\u2019est une v\u00e9ritable tourmente qui s\u2019installe chez les chefs de familles, avec cette hausse incontr\u00f4l\u00e9e des prix des fournitures scolaires.&nbsp;&nbsp;Une augmentation fulgurante qui d\u00e9passe par endroits les 150%. Au moment o\u00f9&nbsp;les \u00e9l\u00e8ves s\u2019appr\u00eatent \u00e0 regagner sans le moindre souci, les bancs de l\u2019\u00e9cole, les parents,&nbsp;eux, sont compl\u00e8tement d\u00e9sempar\u00e9s face \u00e0 la chert\u00e9 de la vie. L\u2019inflation aidant, les prix des articles et fournitures scolaires donnent d\u00e9j\u00e0 le tournis. Dans la rue Bouscarein&nbsp;&nbsp;en plein centre-ville d\u2019Annaba, les tabliers pour filles et gar\u00e7ons ainsi que les cartables sont inabordables si on tenait compte des&nbsp;revenus moyens&nbsp;des familles. Un tablier&nbsp;&nbsp;simple&nbsp;&nbsp;co\u00fbte 1500 DA&nbsp;contre&nbsp;850 DA, l\u2019ann\u00e9e derni\u00e8re. Les commer\u00e7ants ont toujours une r\u00e9ponse, pour&nbsp;se justifier devant les&nbsp;chefs de familles qui s\u2019interrogent sur l\u2019incessante augmentation des prix. Ils justifient cette&nbsp;&nbsp;hausse de ces prix&nbsp;par&nbsp;des facteurs exog\u00e8nes. Il s\u2019agit, selon eux,&nbsp;du&nbsp;Covid-19 qui a \u00e9norm\u00e9ment affect\u00e9 leurs activit\u00e9s commerciales d\u2019une part, et la suspension des importations d\u00e9cid\u00e9e par les pouvoirs publics d\u2019autre part. Sur le grand boulevard de la rue Gambetta, les magasins ne d\u00e9semplissent pas, mais la plupart des citoyens manifestent leur d\u00e9sapprobation des prix affich\u00e9s.&nbsp;&nbsp;Certains chefs de familles disent ne pas \u00eatre en mesure d\u2019acheter trois tabliers \u00e0 raison de 1.500 DA chacun, surtout qu\u2019il s\u2019agit de produits de mauvaise qualit\u00e9.&nbsp;Il en est de m\u00eame pour les sacs \u00e0 dos, dont le prix&nbsp;&nbsp;varie entre 2000 et 2.950 DA.&nbsp;&nbsp;Les fournitures scolaires quant \u00e0 elles, affichent des prix d\u00e9passant&nbsp;&nbsp;tout entendement. Dans les librairies il n&rsquo;y a pas foule. Seuls quelques chefs de familles avec leurs enfants scolaris\u00e9s, font des all\u00e9s&nbsp;&nbsp;et retours dans les rayons, mais finissent par sortir bredouille. Un stylo fait 150&nbsp;DA, une trousse compl\u00e8te varie entre 650 et 700 DA. Les cahiers, couvertures et autres articles,&nbsp;il n\u2019y&nbsp;a pas photo. Aucun n\u2019est capable d\u2019acheter le moindre article. Car, tout simplement un cahier de 96 pages co\u00fbte 350DA ! Pour ne citer que ces exemples, traduisant parfaitement l\u2019ampleur du d\u00e9sarroi des parents. Ces derniers n\u2019ont d\u2019autres alternatives que de se tourner vers les marchands ambulants. Ils sont des dizaines \u00e0 squatter les grandes art\u00e8res du centre-ville vendant toutes&nbsp;sortes d\u2019articles scolaires. M\u00eame s\u2019ils sont de tr\u00e8s mauvaise qualit\u00e9, ils sont pris d\u2019assaut par les citoyens. La marchandise qu\u2019ils exposent attire un grand nombre de parents car, les prix&nbsp;&nbsp;sont moins excessifs. Pour une diff\u00e9rence de 10 et 20 DA, les parents d\u2019\u00e9l\u00e8ves pr\u00e9f\u00e8rent se rabattre sur ces articles, dont l\u2019origine douteuse a toujours fait r\u00e9agir les associations de la protection du consommateur. Mais&nbsp;point d\u2019entendeur, l\u2019inflation et la d\u00e9gradation du pouvoir d\u2019achat&nbsp;ne laissent gu\u00e8re de choix&nbsp;!<\/p>\n\n\n\n<p><strong>Sofia Chahine<\/strong><\/p>\n","protected":false},"excerpt":{"rendered":"<p>&nbsp;\u00c0 quelques jours de la rentr\u00e9e, les prix des&nbsp;fournitures&nbsp;scolaires ont connu une hausse sans pr\u00e9c\u00e9dent.&nbsp;&nbsp;Une&nbsp;&nbsp;flamb\u00e9e&nbsp;&nbsp;appel\u00e9e \u00e0 se poursuivre jusqu&rsquo;apr\u00e8s la<\/p>\n","protected":false},"author":3,"featured_media":26304,"comment_status":"open","ping_status":"closed","sticky":false,"template":"","format":"standard","meta":{"colormag_page_container_layout":"default_layout","colormag_page_sidebar_layout":"default_layout","om_disable_all_campaigns":false,"_monsterinsights_skip_tracking":false,"_monsterinsights_sitenote_active":false,"_monsterinsights_sitenote_note":"","_monsterinsights_sitenote_category":0,"footnotes":"","_wpscppro_dont_share_socialmedia":false,"_wpscppro_custom_social_share_image":0,"_facebook_share_type":"","_twitter_share_type":"","_linkedin_share_type":"","_pinterest_share_type":"","_linkedin_share_type_page":"","_instagram_share_type":"","_medium_share_type":"","_threads_share_type":"","_google_business_share_type":"","_selected_social_profile":[],"_wpsp_enable_custom_social_template":false,"_wpsp_social_scheduling":{"enabled":false,"datetime":null,"platforms":[],"status":"template_only","dateOption":"today","timeOption":"now","customDays":"","customHours":"","customDate":"","customTime":"","schedulingType":"absolute"},"_wpsp_active_default_template":true},"categories":[27],"tags":[],"class_list":["post-26274","post","type-post","status-publish","format-standard","has-post-thumbnail","hentry","category-actualite"],"aioseo_notices":[],"yoast_head":"<!-- This site is optimized with the Yoast SEO plugin v27.5 - https:\/\/yoast.com\/product\/yoast-seo-wordpress\/ -->\n<title>\u00c0 quelques jours de la rentr\u00e9e scolaire\u00a0: Les prix des fournitures scolaires s\u2019envolent - La Sentinelle<\/title>\n<meta name=\"robots\" content=\"index, follow, max-snippet:-1, max-image-preview:large, max-video-preview:-1\" \/>\n<link rel=\"canonical\" href=\"https:\/\/lasentinelle.dz\/index.php\/2022\/08\/25\/a-quelques-jours-de-la-rentree-scolaire-les-prix-des-fournitures-scolaires-senvolent\/\" \/>\n<meta property=\"og:locale\" content=\"fr_FR\" \/>\n<meta property=\"og:type\" content=\"article\" \/>\n<meta property=\"og:title\" content=\"\u00c0 quelques jours de la rentr\u00e9e scolaire\u00a0: Les prix des fournitures scolaires s\u2019envolent - La Sentinelle\" \/>\n<meta property=\"og:description\" content=\"&nbsp;\u00c0 quelques jours de la rentr\u00e9e, les prix des&nbsp;fournitures&nbsp;scolaires ont connu une hausse sans pr\u00e9c\u00e9dent.&nbsp;&nbsp;Une&nbsp;&nbsp;flamb\u00e9e&nbsp;&nbsp;appel\u00e9e \u00e0 se poursuivre jusqu&rsquo;apr\u00e8s la\" \/>\n<meta property=\"og:url\" content=\"https:\/\/lasentinelle.dz\/index.php\/2022\/08\/25\/a-quelques-jours-de-la-rentree-scolaire-les-prix-des-fournitures-scolaires-senvolent\/\" \/>\n<meta property=\"og:site_name\" content=\"La Sentinelle\" \/>\n<meta property=\"article:publisher\" content=\"https:\/\/www.facebook.com\/La-Sentinelle-104059864394773\" \/>\n<meta property=\"article:published_time\" content=\"2022-08-24T23:05:00+00:00\" \/>\n<meta property=\"og:image\" content=\"https:\/\/lasentinelle.dz\/wp-content\/uploads\/2022\/08\/fournitures.png\" \/>\n\t<meta property=\"og:image:width\" content=\"1361\" \/>\n\t<meta property=\"og:image:height\" content=\"900\" \/>\n\t<meta property=\"og:image:type\" content=\"image\/png\" \/>\n<meta name=\"author\" content=\"La Sentinelle\" \/>\n<meta name=\"twitter:card\" content=\"summary_large_image\" \/>\n<meta name=\"twitter:label1\" content=\"\u00c9crit par\" \/>\n\t<meta name=\"twitter:data1\" content=\"La Sentinelle\" \/>\n\t<meta name=\"twitter:label2\" content=\"Dur\u00e9e de lecture estim\u00e9e\" \/>\n\t<meta name=\"twitter:data2\" content=\"3 minutes\" \/>\n<script type=\"application\/ld+json\" class=\"yoast-schema-graph\">{\"@context\":\"https:\\\/\\\/schema.org\",\"@graph\":[{\"@type\":\"Article\",\"@id\":\"https:\\\/\\\/lasentinelle.dz\\\/index.php\\\/2022\\\/08\\\/25\\\/a-quelques-jours-de-la-rentree-scolaire-les-prix-des-fournitures-scolaires-senvolent\\\/#article\",\"isPartOf\":{\"@id\":\"https:\\\/\\\/lasentinelle.dz\\\/index.php\\\/2022\\\/08\\\/25\\\/a-quelques-jours-de-la-rentree-scolaire-les-prix-des-fournitures-scolaires-senvolent\\\/\"},\"author\":{\"name\":\"La Sentinelle\",\"@id\":\"https:\\\/\\\/lasentinelle.dz\\\/#\\\/schema\\\/person\\\/d865044e22e70a75174ce8bcad3acfb3\"},\"headline\":\"\u00c0 quelques jours de la rentr\u00e9e scolaire\u00a0: Les prix des fournitures scolaires s\u2019envolent\",\"datePublished\":\"2022-08-24T23:05:00+00:00\",\"mainEntityOfPage\":{\"@id\":\"https:\\\/\\\/lasentinelle.dz\\\/index.php\\\/2022\\\/08\\\/25\\\/a-quelques-jours-de-la-rentree-scolaire-les-prix-des-fournitures-scolaires-senvolent\\\/\"},\"wordCount\":596,\"commentCount\":0,\"publisher\":{\"@id\":\"https:\\\/\\\/lasentinelle.dz\\\/#organization\"},\"image\":{\"@id\":\"https:\\\/\\\/lasentinelle.dz\\\/index.php\\\/2022\\\/08\\\/25\\\/a-quelques-jours-de-la-rentree-scolaire-les-prix-des-fournitures-scolaires-senvolent\\\/#primaryimage\"},\"thumbnailUrl\":\"https:\\\/\\\/lasentinelle.dz\\\/wp-content\\\/uploads\\\/2022\\\/08\\\/fournitures.png\",\"articleSection\":[\"Actualit\u00e9\"],\"inLanguage\":\"fr-FR\",\"potentialAction\":[{\"@type\":\"CommentAction\",\"name\":\"Comment\",\"target\":[\"https:\\\/\\\/lasentinelle.dz\\\/index.php\\\/2022\\\/08\\\/25\\\/a-quelques-jours-de-la-rentree-scolaire-les-prix-des-fournitures-scolaires-senvolent\\\/#respond\"]}]},{\"@type\":\"WebPage\",\"@id\":\"https:\\\/\\\/lasentinelle.dz\\\/index.php\\\/2022\\\/08\\\/25\\\/a-quelques-jours-de-la-rentree-scolaire-les-prix-des-fournitures-scolaires-senvolent\\\/\",\"url\":\"https:\\\/\\\/lasentinelle.dz\\\/index.php\\\/2022\\\/08\\\/25\\\/a-quelques-jours-de-la-rentree-scolaire-les-prix-des-fournitures-scolaires-senvolent\\\/\",\"name\":\"\u00c0 quelques jours de la rentr\u00e9e scolaire\u00a0: Les prix des fournitures scolaires s\u2019envolent - La Sentinelle\",\"isPartOf\":{\"@id\":\"https:\\\/\\\/lasentinelle.dz\\\/#website\"},\"primaryImageOfPage\":{\"@id\":\"https:\\\/\\\/lasentinelle.dz\\\/index.php\\\/2022\\\/08\\\/25\\\/a-quelques-jours-de-la-rentree-scolaire-les-prix-des-fournitures-scolaires-senvolent\\\/#primaryimage\"},\"image\":{\"@id\":\"https:\\\/\\\/lasentinelle.dz\\\/index.php\\\/2022\\\/08\\\/25\\\/a-quelques-jours-de-la-rentree-scolaire-les-prix-des-fournitures-scolaires-senvolent\\\/#primaryimage\"},\"thumbnailUrl\":\"https:\\\/\\\/lasentinelle.dz\\\/wp-content\\\/uploads\\\/2022\\\/08\\\/fournitures.png\",\"datePublished\":\"2022-08-24T23:05:00+00:00\",\"breadcrumb\":{\"@id\":\"https:\\\/\\\/lasentinelle.dz\\\/index.php\\\/2022\\\/08\\\/25\\\/a-quelques-jours-de-la-rentree-scolaire-les-prix-des-fournitures-scolaires-senvolent\\\/#breadcrumb\"},\"inLanguage\":\"fr-FR\",\"potentialAction\":[{\"@type\":\"ReadAction\",\"target\":[\"https:\\\/\\\/lasentinelle.dz\\\/index.php\\\/2022\\\/08\\\/25\\\/a-quelques-jours-de-la-rentree-scolaire-les-prix-des-fournitures-scolaires-senvolent\\\/\"]}]},{\"@type\":\"ImageObject\",\"inLanguage\":\"fr-FR\",\"@id\":\"https:\\\/\\\/lasentinelle.dz\\\/index.php\\\/2022\\\/08\\\/25\\\/a-quelques-jours-de-la-rentree-scolaire-les-prix-des-fournitures-scolaires-senvolent\\\/#primaryimage\",\"url\":\"https:\\\/\\\/lasentinelle.dz\\\/wp-content\\\/uploads\\\/2022\\\/08\\\/fournitures.png\",\"contentUrl\":\"https:\\\/\\\/lasentinelle.dz\\\/wp-content\\\/uploads\\\/2022\\\/08\\\/fournitures.png\",\"width\":1361,\"height\":900},{\"@type\":\"BreadcrumbList\",\"@id\":\"https:\\\/\\\/lasentinelle.dz\\\/index.php\\\/2022\\\/08\\\/25\\\/a-quelques-jours-de-la-rentree-scolaire-les-prix-des-fournitures-scolaires-senvolent\\\/#breadcrumb\",\"itemListElement\":[{\"@type\":\"ListItem\",\"position\":1,\"name\":\"Accueil\",\"item\":\"https:\\\/\\\/lasentinelle.dz\\\/\"},{\"@type\":\"ListItem\",\"position\":2,\"name\":\"\u00c0 quelques jours de la rentr\u00e9e scolaire\u00a0: Les prix des fournitures scolaires s\u2019envolent\"}]},{\"@type\":\"WebSite\",\"@id\":\"https:\\\/\\\/lasentinelle.dz\\\/#website\",\"url\":\"https:\\\/\\\/lasentinelle.dz\\\/\",\"name\":\"La Sentinelle\",\"description\":\"Quotidien national d&#039;information\",\"publisher\":{\"@id\":\"https:\\\/\\\/lasentinelle.dz\\\/#organization\"},\"potentialAction\":[{\"@type\":\"SearchAction\",\"target\":{\"@type\":\"EntryPoint\",\"urlTemplate\":\"https:\\\/\\\/lasentinelle.dz\\\/?s={search_term_string}\"},\"query-input\":{\"@type\":\"PropertyValueSpecification\",\"valueRequired\":true,\"valueName\":\"search_term_string\"}}],\"inLanguage\":\"fr-FR\"},{\"@type\":\"Organization\",\"@id\":\"https:\\\/\\\/lasentinelle.dz\\\/#organization\",\"name\":\"Quotidien La Sentinelle\",\"url\":\"https:\\\/\\\/lasentinelle.dz\\\/\",\"logo\":{\"@type\":\"ImageObject\",\"inLanguage\":\"fr-FR\",\"@id\":\"https:\\\/\\\/lasentinelle.dz\\\/#\\\/schema\\\/logo\\\/image\\\/\",\"url\":\"https:\\\/\\\/lasentinelle.dz\\\/wp-content\\\/uploads\\\/2021\\\/09\\\/logo-sentinelleSLOGAN-1.png\",\"contentUrl\":\"https:\\\/\\\/lasentinelle.dz\\\/wp-content\\\/uploads\\\/2021\\\/09\\\/logo-sentinelleSLOGAN-1.png\",\"width\":615,\"height\":142,\"caption\":\"Quotidien La Sentinelle\"},\"image\":{\"@id\":\"https:\\\/\\\/lasentinelle.dz\\\/#\\\/schema\\\/logo\\\/image\\\/\"},\"sameAs\":[\"https:\\\/\\\/www.facebook.com\\\/La-Sentinelle-104059864394773\"]},{\"@type\":\"Person\",\"@id\":\"https:\\\/\\\/lasentinelle.dz\\\/#\\\/schema\\\/person\\\/d865044e22e70a75174ce8bcad3acfb3\",\"name\":\"La Sentinelle\",\"image\":{\"@type\":\"ImageObject\",\"inLanguage\":\"fr-FR\",\"@id\":\"https:\\\/\\\/secure.gravatar.com\\\/avatar\\\/57de8e5d4b15d43fb361a71fbb36338450fe67865b528a43dd10ef7c51a20392?s=96&d=mm&r=g\",\"url\":\"https:\\\/\\\/secure.gravatar.com\\\/avatar\\\/57de8e5d4b15d43fb361a71fbb36338450fe67865b528a43dd10ef7c51a20392?s=96&d=mm&r=g\",\"contentUrl\":\"https:\\\/\\\/secure.gravatar.com\\\/avatar\\\/57de8e5d4b15d43fb361a71fbb36338450fe67865b528a43dd10ef7c51a20392?s=96&d=mm&r=g\",\"caption\":\"La Sentinelle\"},\"sameAs\":[\"http:\\\/\\\/www.lasentinelle.dz\"],\"url\":\"https:\\\/\\\/lasentinelle.dz\\\/author\\\/redaction\\\/\"}]}<\/script>\n<!-- \/ Yoast SEO plugin. -->","yoast_head_json":{"title":"\u00c0 quelques jours de la rentr\u00e9e scolaire\u00a0: Les prix des fournitures scolaires s\u2019envolent - La Sentinelle","robots":{"index":"index","follow":"follow","max-snippet":"max-snippet:-1","max-image-preview":"max-image-preview:large","max-video-preview":"max-video-preview:-1"},"canonical":"https:\/\/lasentinelle.dz\/index.php\/2022\/08\/25\/a-quelques-jours-de-la-rentree-scolaire-les-prix-des-fournitures-scolaires-senvolent\/","og_locale":"fr_FR","og_type":"article","og_title":"\u00c0 quelques jours de la rentr\u00e9e scolaire\u00a0: Les prix des fournitures scolaires s\u2019envolent - La Sentinelle","og_description":"&nbsp;\u00c0 quelques jours de la rentr\u00e9e, les prix des&nbsp;fournitures&nbsp;scolaires ont connu une hausse sans pr\u00e9c\u00e9dent.&nbsp;&nbsp;Une&nbsp;&nbsp;flamb\u00e9e&nbsp;&nbsp;appel\u00e9e \u00e0 se poursuivre jusqu&rsquo;apr\u00e8s la","og_url":"https:\/\/lasentinelle.dz\/index.php\/2022\/08\/25\/a-quelques-jours-de-la-rentree-scolaire-les-prix-des-fournitures-scolaires-senvolent\/","og_site_name":"La Sentinelle","article_publisher":"https:\/\/www.facebook.com\/La-Sentinelle-104059864394773","article_published_time":"2022-08-24T23:05:00+00:00","og_image":[{"width":1361,"height":900,"url":"https:\/\/lasentinelle.dz\/wp-content\/uploads\/2022\/08\/fournitures.png","type":"image\/png"}],"author":"La Sentinelle","twitter_card":"summary_large_image","twitter_misc":{"\u00c9crit par":"La Sentinelle","Dur\u00e9e de lecture estim\u00e9e":"3 minutes"},"schema":{"@context":"https:\/\/schema.org","@graph":[{"@type":"Article","@id":"https:\/\/lasentinelle.dz\/index.php\/2022\/08\/25\/a-quelques-jours-de-la-rentree-scolaire-les-prix-des-fournitures-scolaires-senvolent\/#article","isPartOf":{"@id":"https:\/\/lasentinelle.dz\/index.php\/2022\/08\/25\/a-quelques-jours-de-la-rentree-scolaire-les-prix-des-fournitures-scolaires-senvolent\/"},"author":{"name":"La Sentinelle","@id":"https:\/\/lasentinelle.dz\/#\/schema\/person\/d865044e22e70a75174ce8bcad3acfb3"},"headline":"\u00c0 quelques jours de la rentr\u00e9e scolaire\u00a0: Les prix des fournitures scolaires s\u2019envolent","datePublished":"2022-08-24T23:05:00+00:00","mainEntityOfPage":{"@id":"https:\/\/lasentinelle.dz\/index.php\/2022\/08\/25\/a-quelques-jours-de-la-rentree-scolaire-les-prix-des-fournitures-scolaires-senvolent\/"},"wordCount":596,"commentCount":0,"publisher":{"@id":"https:\/\/lasentinelle.dz\/#organization"},"image":{"@id":"https:\/\/lasentinelle.dz\/index.php\/2022\/08\/25\/a-quelques-jours-de-la-rentree-scolaire-les-prix-des-fournitures-scolaires-senvolent\/#primaryimage"},"thumbnailUrl":"https:\/\/lasentinelle.dz\/wp-content\/uploads\/2022\/08\/fournitures.png","articleSection":["Actualit\u00e9"],"inLanguage":"fr-FR","potentialAction":[{"@type":"CommentAction","name":"Comment","target":["https:\/\/lasentinelle.dz\/index.php\/2022\/08\/25\/a-quelques-jours-de-la-rentree-scolaire-les-prix-des-fournitures-scolaires-senvolent\/#respond"]}]},{"@type":"WebPage","@id":"https:\/\/lasentinelle.dz\/index.php\/2022\/08\/25\/a-quelques-jours-de-la-rentree-scolaire-les-prix-des-fournitures-scolaires-senvolent\/","url":"https:\/\/lasentinelle.dz\/index.php\/2022\/08\/25\/a-quelques-jours-de-la-rentree-scolaire-les-prix-des-fournitures-scolaires-senvolent\/","name":"\u00c0 quelques jours de la rentr\u00e9e scolaire\u00a0: Les prix des fournitures scolaires s\u2019envolent - La Sentinelle","isPartOf":{"@id":"https:\/\/lasentinelle.dz\/#website"},"primaryImageOfPage":{"@id":"https:\/\/lasentinelle.dz\/index.php\/2022\/08\/25\/a-quelques-jours-de-la-rentree-scolaire-les-prix-des-fournitures-scolaires-senvolent\/#primaryimage"},"image":{"@id":"https:\/\/lasentinelle.dz\/index.php\/2022\/08\/25\/a-quelques-jours-de-la-rentree-scolaire-les-prix-des-fournitures-scolaires-senvolent\/#primaryimage"},"thumbnailUrl":"https:\/\/lasentinelle.dz\/wp-content\/uploads\/2022\/08\/fournitures.png","datePublished":"2022-08-24T23:05:00+00:00","breadcrumb":{"@id":"https:\/\/lasentinelle.dz\/index.php\/2022\/08\/25\/a-quelques-jours-de-la-rentree-scolaire-les-prix-des-fournitures-scolaires-senvolent\/#breadcrumb"},"inLanguage":"fr-FR","potentialAction":[{"@type":"ReadAction","target":["https:\/\/lasentinelle.dz\/index.php\/2022\/08\/25\/a-quelques-jours-de-la-rentree-scolaire-les-prix-des-fournitures-scolaires-senvolent\/"]}]},{"@type":"ImageObject","inLanguage":"fr-FR","@id":"https:\/\/lasentinelle.dz\/index.php\/2022\/08\/25\/a-quelques-jours-de-la-rentree-scolaire-les-prix-des-fournitures-scolaires-senvolent\/#primaryimage","url":"https:\/\/lasentinelle.dz\/wp-content\/uploads\/2022\/08\/fournitures.png","contentUrl":"https:\/\/lasentinelle.dz\/wp-content\/uploads\/2022\/08\/fournitures.png","width":1361,"height":900},{"@type":"BreadcrumbList","@id":"https:\/\/lasentinelle.dz\/index.php\/2022\/08\/25\/a-quelques-jours-de-la-rentree-scolaire-les-prix-des-fournitures-scolaires-senvolent\/#breadcrumb","itemListElement":[{"@type":"ListItem","position":1,"name":"Accueil","item":"https:\/\/lasentinelle.dz\/"},{"@type":"ListItem","position":2,"name":"\u00c0 quelques jours de la rentr\u00e9e scolaire\u00a0: Les prix des fournitures scolaires s\u2019envolent"}]},{"@type":"WebSite","@id":"https:\/\/lasentinelle.dz\/#website","url":"https:\/\/lasentinelle.dz\/","name":"La Sentinelle","description":"Quotidien national d&#039;information","publisher":{"@id":"https:\/\/lasentinelle.dz\/#organization"},"potentialAction":[{"@type":"SearchAction","target":{"@type":"EntryPoint","urlTemplate":"https:\/\/lasentinelle.dz\/?s={search_term_string}"},"query-input":{"@type":"PropertyValueSpecification","valueRequired":true,"valueName":"search_term_string"}}],"inLanguage":"fr-FR"},{"@type":"Organization","@id":"https:\/\/lasentinelle.dz\/#organization","name":"Quotidien La Sentinelle","url":"https:\/\/lasentinelle.dz\/","logo":{"@type":"ImageObject","inLanguage":"fr-FR","@id":"https:\/\/lasentinelle.dz\/#\/schema\/logo\/image\/","url":"https:\/\/lasentinelle.dz\/wp-content\/uploads\/2021\/09\/logo-sentinelleSLOGAN-1.png","contentUrl":"https:\/\/lasentinelle.dz\/wp-content\/uploads\/2021\/09\/logo-sentinelleSLOGAN-1.png","width":615,"height":142,"caption":"Quotidien La Sentinelle"},"image":{"@id":"https:\/\/lasentinelle.dz\/#\/schema\/logo\/image\/"},"sameAs":["https:\/\/www.facebook.com\/La-Sentinelle-104059864394773"]},{"@type":"Person","@id":"https:\/\/lasentinelle.dz\/#\/schema\/person\/d865044e22e70a75174ce8bcad3acfb3","name":"La Sentinelle","image":{"@type":"ImageObject","inLanguage":"fr-FR","@id":"https:\/\/secure.gravatar.com\/avatar\/57de8e5d4b15d43fb361a71fbb36338450fe67865b528a43dd10ef7c51a20392?s=96&d=mm&r=g","url":"https:\/\/secure.gravatar.com\/avatar\/57de8e5d4b15d43fb361a71fbb36338450fe67865b528a43dd10ef7c51a20392?s=96&d=mm&r=g","contentUrl":"https:\/\/secure.gravatar.com\/avatar\/57de8e5d4b15d43fb361a71fbb36338450fe67865b528a43dd10ef7c51a20392?s=96&d=mm&r=g","caption":"La Sentinelle"},"sameAs":["http:\/\/www.lasentinelle.dz"],"url":"https:\/\/lasentinelle.dz\/author\/redaction\/"}]}},"_links":{"self":[{"href":"https:\/\/lasentinelle.dz\/index.php\/wp-json\/wp\/v2\/posts\/26274","targetHints":{"allow":["GET"]}}],"collection":[{"href":"https:\/\/lasentinelle.dz\/index.php\/wp-json\/wp\/v2\/posts"}],"about":[{"href":"https:\/\/lasentinelle.dz\/index.php\/wp-json\/wp\/v2\/types\/post"}],"author":[{"embeddable":true,"href":"https:\/\/lasentinelle.dz\/index.php\/wp-json\/wp\/v2\/users\/3"}],"replies":[{"embeddable":true,"href":"https:\/\/lasentinelle.dz\/index.php\/wp-json\/wp\/v2\/comments?post=26274"}],"version-history":[{"count":1,"href":"https:\/\/lasentinelle.dz\/index.php\/wp-json\/wp\/v2\/posts\/26274\/revisions"}],"predecessor-version":[{"id":26305,"href":"https:\/\/lasentinelle.dz\/index.php\/wp-json\/wp\/v2\/posts\/26274\/revisions\/26305"}],"wp:featuredmedia":[{"embeddable":true,"href":"https:\/\/lasentinelle.dz\/index.php\/wp-json\/wp\/v2\/media\/26304"}],"wp:attachment":[{"href":"https:\/\/lasentinelle.dz\/index.php\/wp-json\/wp\/v2\/media?parent=26274"}],"wp:term":[{"taxonomy":"category","embeddable":true,"href":"https:\/\/lasentinelle.dz\/index.php\/wp-json\/wp\/v2\/categories?post=26274"},{"taxonomy":"post_tag","embeddable":true,"href":"https:\/\/lasentinelle.dz\/index.php\/wp-json\/wp\/v2\/tags?post=26274"}],"curies":[{"name":"wp","href":"https:\/\/api.w.org\/{rel}","templated":true}]}}