{"id":26276,"date":"2022-08-25T00:01:00","date_gmt":"2022-08-24T23:01:00","guid":{"rendered":"https:\/\/lasentinelle.dz\/?p=26276"},"modified":"2022-08-24T16:14:57","modified_gmt":"2022-08-24T15:14:57","slug":"oran-assainir-les-structures-locales","status":"publish","type":"post","link":"https:\/\/lasentinelle.dz\/index.php\/2022\/08\/25\/oran-assainir-les-structures-locales\/","title":{"rendered":"Oran.\u00a0: Assainir les structures\u00a0locales"},"content":{"rendered":"\n<p>Le wali d\u2019Oran semble d\u00e9cid\u00e9 \u00e0 remettre de l\u2019ordre dans ses services. Le limogeage mardi sur Directeur de&nbsp;la sant\u00e9 publique sera, nous dit-on, lance une op\u00e9ration destin\u00e9e \u00e0 assainir les structures locales de toutes les pratiques tendant \u00e0 alimenter l\u2019inertie.&nbsp;&nbsp;<\/p>\n\n\n\n<p>La wilaya d\u2019Oran vit, ces derniers jours au rythme des \u00abfins de missions\u00bb prononc\u00e9es \u00e0 l\u2019encontre de plusieurs cadres ayant occup\u00e9 des postes clefs dans l\u2019administration locale. Le dernier en date remonte au milieu de cette semaine. Il s\u2019agit du Directeur de la sant\u00e9 qui a \u00e9t\u00e9 relev\u00e9 de ses fonctions. Le d\u00e9partement de Benbouzid a jug\u00e9 \u00abinsuffisant\u00bb le rendement dudit directeur, Boudaa Benaceur, notamment en ce qui concerne l\u2019avancement des projets li\u00e9s aux infrastructures sanitaires.&nbsp;&nbsp;Il s\u2019agit essentiellement des h\u00f4pitaux de Gdyel, de Nedjma (ex-Chteibo)&nbsp;et&nbsp;d\u2019El Karma ne fonctionnant pas. Ces \u00e9tablissements ont, certes, \u00e9t\u00e9 ouverts exceptionnellement dans le cadre de la lutte contre la covid 19, et servi de lieux de confinement et des soins pour les patients contamin\u00e9s. Ils ont baiss\u00e9 les rideaux aussit\u00f4t la lev\u00e9e du camp a \u00e9t\u00e9 prononc\u00e9e. Idem pour l\u2019h\u00f4pital des Grands br\u00fbl\u00e9s de l\u2019USTO, devant ouvrir ses portes dans les plus brefs d\u00e9lais. Faute de moyens humains et mat\u00e9riels, cette infrastructure est rest\u00e9e en l\u2019\u00e9tat, sans conna\u00eetre une avanc\u00e9e,&nbsp;aussi&nbsp;petite soit elle. Au niveau central, les appr\u00e9hensions sont totales eu \u00e9gard de la situation qui pr\u00e9vaut la r\u00e9gion m\u00e9diterran\u00e9enne, vuln\u00e9rable \u00e0 des feux de for\u00eats ravageurs. L\u2019h\u00f4pital des grands br\u00fbl\u00e9s d\u2019Oran est destin\u00e9 \u00e0 la couverture sanitaire des 15 wilayas de l\u2019ouest et du sud-ouest du pays. Il comprend 120&nbsp;lits, dont 40 places sont r\u00e9serv\u00e9es \u00e0 la prise en charge des grands br\u00fbl\u00e9s, 40 autres pour la chirurgie&nbsp;r\u00e9paratrice, en plus des urgences chirurgicales. Faute des \u00e9quipements et des moyens humains, il est rest\u00e9 totalement d\u00e9peupl\u00e9, hormis la mise en place des quelques lits et des \u00e9quipements rudimentaires \u00e0 pr\u00e9senter lors des visites officielles.&nbsp;&nbsp;Idem pour le Trauma center d\u2019Oued Tl\u00e9lat, devant servir de grand h\u00f4pital destin\u00e9 exclusivement \u00e0 abriter des services des urgences dans diff\u00e9rentes sp\u00e9cialit\u00e9s lors des accidents et des catastrophes, et dont les taux d\u2019avancement a atteint des niveaux appr\u00e9ciables. Cependant, son ouverture est, contre toute attente, renvoy\u00e9e aux calendes grecques.&nbsp;&nbsp;A noter que la wilaya d\u2019Oran est, au jour d\u2019aujourd\u2019hui, d\u00e9pourvue d\u2019un h\u00f4pital de ce genre. Une petite catastrophe naturelle comme les incendies de for\u00eats, pouvant s\u00e9vir dans la r\u00e9gion, serait d\u00e9sastreuse. Car, le service des grands br\u00fbl\u00e9s du CHU Benzerdjeb a \u00e9t\u00e9 d\u00e9moli en 2015, le service de la m\u00eame sp\u00e9cialit\u00e9 de l\u2019Ehu 1<sup>er<\/sup>&nbsp;-Novembre est dot\u00e9 de 8 lits seulement. Ce dernier devait \u00e0 m\u00eame \u00eatre vid\u00e9 de ses occupants pour les \u00e9vacuer vers l\u2019h\u00f4pital des Grand br\u00fbl\u00e9s de l\u2019USTO, \u00e0 l\u2019est de la ville. Celui-ci est toujours ferm\u00e9. D\u2019ailleurs, dans sa derni\u00e8re rencontre, l\u2019ayant regroup\u00e9 \u00e0 l\u2019aide de la technique de la visioconf\u00e9rence, le ministre de la sant\u00e9, Benbouzid, n\u2019a pas dissimul\u00e9 son irritation en s\u2019en prenant au directeur de la sant\u00e9 d\u2019Oran tout en lui reprochant \u00abson manque d\u2019initiative\u00bb. Auparavant, ce fut le secr\u00e9taire g\u00e9n\u00e9ral de la wilaya d\u2019Oran qui a \u00e9t\u00e9 relev\u00e9 de ses fonctions. Une semaine avant, le wali d\u2019Oran a op\u00e9r\u00e9 une sortie tonitruante en relevant \u00ables d\u00e9faillances\u00bb qui marque le secteur des sports, en s\u2019attaquant frontalement aux responsables du club du MC Oran, les sommant de rendre les comptes en \u00e9tablissant des bilans de la gestion du club, en plus de clarifier la question financi\u00e8re du club.&nbsp;&nbsp;Ce dernier a \u00e9t\u00e9 b\u00e9n\u00e9ficiaire, l\u2019ann\u00e9e pass\u00e9e, de 24 milliards de centimes et&nbsp;reste accabl\u00e9 par des&nbsp;dettes de plus de 20 milliards de centimes alors qu\u2019aucun des joueurs ni des techniciens n\u2019a per\u00e7u son salaire, d\u2019o\u00f9 le recours de ces derniers \u00e0 l\u2019arbitrage de la commission nationale de r\u00e9solution des litiges.<\/p>\n\n\n\n<p>Amar Malki<\/p>\n","protected":false},"excerpt":{"rendered":"<p>Le wali d\u2019Oran semble d\u00e9cid\u00e9 \u00e0 remettre de l\u2019ordre dans ses services. Le limogeage mardi sur Directeur de&nbsp;la sant\u00e9 publique<\/p>\n","protected":false},"author":3,"featured_media":26290,"comment_status":"open","ping_status":"closed","sticky":false,"template":"","format":"standard","meta":{"colormag_page_container_layout":"default_layout","colormag_page_sidebar_layout":"default_layout","om_disable_all_campaigns":false,"_monsterinsights_skip_tracking":false,"_monsterinsights_sitenote_active":false,"_monsterinsights_sitenote_note":"","_monsterinsights_sitenote_category":0,"footnotes":"","_wpscppro_dont_share_socialmedia":false,"_wpscppro_custom_social_share_image":0,"_facebook_share_type":"","_twitter_share_type":"","_linkedin_share_type":"","_pinterest_share_type":"","_linkedin_share_type_page":"","_instagram_share_type":"","_medium_share_type":"","_threads_share_type":"","_google_business_share_type":"","_selected_social_profile":[],"_wpsp_enable_custom_social_template":false,"_wpsp_social_scheduling":{"enabled":false,"datetime":null,"platforms":[],"status":"template_only","dateOption":"today","timeOption":"now","customDays":"","customHours":"","customDate":"","customTime":"","schedulingType":"absolute"},"_wpsp_active_default_template":true},"categories":[31],"tags":[],"class_list":["post-26276","post","type-post","status-publish","format-standard","has-post-thumbnail","hentry","category-regions"],"aioseo_notices":[],"yoast_head":"<!-- This site is optimized with the Yoast SEO plugin v27.5 - https:\/\/yoast.com\/product\/yoast-seo-wordpress\/ -->\n<title>Oran.\u00a0: Assainir les structures\u00a0locales - La Sentinelle<\/title>\n<meta name=\"robots\" content=\"index, follow, max-snippet:-1, max-image-preview:large, max-video-preview:-1\" \/>\n<link rel=\"canonical\" href=\"https:\/\/lasentinelle.dz\/index.php\/2022\/08\/25\/oran-assainir-les-structures-locales\/\" \/>\n<meta property=\"og:locale\" content=\"fr_FR\" \/>\n<meta property=\"og:type\" content=\"article\" \/>\n<meta property=\"og:title\" content=\"Oran.\u00a0: Assainir les structures\u00a0locales - La Sentinelle\" \/>\n<meta property=\"og:description\" content=\"Le wali d\u2019Oran semble d\u00e9cid\u00e9 \u00e0 remettre de l\u2019ordre dans ses services. Le limogeage mardi sur Directeur de&nbsp;la sant\u00e9 publique\" \/>\n<meta property=\"og:url\" content=\"https:\/\/lasentinelle.dz\/index.php\/2022\/08\/25\/oran-assainir-les-structures-locales\/\" \/>\n<meta property=\"og:site_name\" content=\"La Sentinelle\" \/>\n<meta property=\"article:publisher\" content=\"https:\/\/www.facebook.com\/La-Sentinelle-104059864394773\" \/>\n<meta property=\"article:published_time\" content=\"2022-08-24T23:01:00+00:00\" \/>\n<meta property=\"og:image\" content=\"https:\/\/lasentinelle.dz\/wp-content\/uploads\/2022\/08\/Oran.png\" \/>\n\t<meta property=\"og:image:width\" content=\"1204\" \/>\n\t<meta property=\"og:image:height\" content=\"900\" \/>\n\t<meta property=\"og:image:type\" content=\"image\/png\" \/>\n<meta name=\"author\" content=\"La Sentinelle\" \/>\n<meta name=\"twitter:card\" content=\"summary_large_image\" \/>\n<meta name=\"twitter:label1\" content=\"\u00c9crit par\" \/>\n\t<meta name=\"twitter:data1\" content=\"La Sentinelle\" \/>\n\t<meta name=\"twitter:label2\" content=\"Dur\u00e9e de lecture estim\u00e9e\" \/>\n\t<meta name=\"twitter:data2\" content=\"4 minutes\" \/>\n<script type=\"application\/ld+json\" class=\"yoast-schema-graph\">{\"@context\":\"https:\\\/\\\/schema.org\",\"@graph\":[{\"@type\":\"Article\",\"@id\":\"https:\\\/\\\/lasentinelle.dz\\\/index.php\\\/2022\\\/08\\\/25\\\/oran-assainir-les-structures-locales\\\/#article\",\"isPartOf\":{\"@id\":\"https:\\\/\\\/lasentinelle.dz\\\/index.php\\\/2022\\\/08\\\/25\\\/oran-assainir-les-structures-locales\\\/\"},\"author\":{\"name\":\"La Sentinelle\",\"@id\":\"https:\\\/\\\/lasentinelle.dz\\\/#\\\/schema\\\/person\\\/d865044e22e70a75174ce8bcad3acfb3\"},\"headline\":\"Oran.\u00a0: Assainir les structures\u00a0locales\",\"datePublished\":\"2022-08-24T23:01:00+00:00\",\"mainEntityOfPage\":{\"@id\":\"https:\\\/\\\/lasentinelle.dz\\\/index.php\\\/2022\\\/08\\\/25\\\/oran-assainir-les-structures-locales\\\/\"},\"wordCount\":741,\"commentCount\":0,\"publisher\":{\"@id\":\"https:\\\/\\\/lasentinelle.dz\\\/#organization\"},\"image\":{\"@id\":\"https:\\\/\\\/lasentinelle.dz\\\/index.php\\\/2022\\\/08\\\/25\\\/oran-assainir-les-structures-locales\\\/#primaryimage\"},\"thumbnailUrl\":\"https:\\\/\\\/lasentinelle.dz\\\/wp-content\\\/uploads\\\/2022\\\/08\\\/Oran.png\",\"articleSection\":[\"R\u00e9gions\"],\"inLanguage\":\"fr-FR\",\"potentialAction\":[{\"@type\":\"CommentAction\",\"name\":\"Comment\",\"target\":[\"https:\\\/\\\/lasentinelle.dz\\\/index.php\\\/2022\\\/08\\\/25\\\/oran-assainir-les-structures-locales\\\/#respond\"]}]},{\"@type\":\"WebPage\",\"@id\":\"https:\\\/\\\/lasentinelle.dz\\\/index.php\\\/2022\\\/08\\\/25\\\/oran-assainir-les-structures-locales\\\/\",\"url\":\"https:\\\/\\\/lasentinelle.dz\\\/index.php\\\/2022\\\/08\\\/25\\\/oran-assainir-les-structures-locales\\\/\",\"name\":\"Oran.\u00a0: Assainir les structures\u00a0locales - La Sentinelle\",\"isPartOf\":{\"@id\":\"https:\\\/\\\/lasentinelle.dz\\\/#website\"},\"primaryImageOfPage\":{\"@id\":\"https:\\\/\\\/lasentinelle.dz\\\/index.php\\\/2022\\\/08\\\/25\\\/oran-assainir-les-structures-locales\\\/#primaryimage\"},\"image\":{\"@id\":\"https:\\\/\\\/lasentinelle.dz\\\/index.php\\\/2022\\\/08\\\/25\\\/oran-assainir-les-structures-locales\\\/#primaryimage\"},\"thumbnailUrl\":\"https:\\\/\\\/lasentinelle.dz\\\/wp-content\\\/uploads\\\/2022\\\/08\\\/Oran.png\",\"datePublished\":\"2022-08-24T23:01:00+00:00\",\"breadcrumb\":{\"@id\":\"https:\\\/\\\/lasentinelle.dz\\\/index.php\\\/2022\\\/08\\\/25\\\/oran-assainir-les-structures-locales\\\/#breadcrumb\"},\"inLanguage\":\"fr-FR\",\"potentialAction\":[{\"@type\":\"ReadAction\",\"target\":[\"https:\\\/\\\/lasentinelle.dz\\\/index.php\\\/2022\\\/08\\\/25\\\/oran-assainir-les-structures-locales\\\/\"]}]},{\"@type\":\"ImageObject\",\"inLanguage\":\"fr-FR\",\"@id\":\"https:\\\/\\\/lasentinelle.dz\\\/index.php\\\/2022\\\/08\\\/25\\\/oran-assainir-les-structures-locales\\\/#primaryimage\",\"url\":\"https:\\\/\\\/lasentinelle.dz\\\/wp-content\\\/uploads\\\/2022\\\/08\\\/Oran.png\",\"contentUrl\":\"https:\\\/\\\/lasentinelle.dz\\\/wp-content\\\/uploads\\\/2022\\\/08\\\/Oran.png\",\"width\":1204,\"height\":900},{\"@type\":\"BreadcrumbList\",\"@id\":\"https:\\\/\\\/lasentinelle.dz\\\/index.php\\\/2022\\\/08\\\/25\\\/oran-assainir-les-structures-locales\\\/#breadcrumb\",\"itemListElement\":[{\"@type\":\"ListItem\",\"position\":1,\"name\":\"Accueil\",\"item\":\"https:\\\/\\\/lasentinelle.dz\\\/\"},{\"@type\":\"ListItem\",\"position\":2,\"name\":\"Oran.\u00a0: Assainir les structures\u00a0locales\"}]},{\"@type\":\"WebSite\",\"@id\":\"https:\\\/\\\/lasentinelle.dz\\\/#website\",\"url\":\"https:\\\/\\\/lasentinelle.dz\\\/\",\"name\":\"La Sentinelle\",\"description\":\"Quotidien national d&#039;information\",\"publisher\":{\"@id\":\"https:\\\/\\\/lasentinelle.dz\\\/#organization\"},\"potentialAction\":[{\"@type\":\"SearchAction\",\"target\":{\"@type\":\"EntryPoint\",\"urlTemplate\":\"https:\\\/\\\/lasentinelle.dz\\\/?s={search_term_string}\"},\"query-input\":{\"@type\":\"PropertyValueSpecification\",\"valueRequired\":true,\"valueName\":\"search_term_string\"}}],\"inLanguage\":\"fr-FR\"},{\"@type\":\"Organization\",\"@id\":\"https:\\\/\\\/lasentinelle.dz\\\/#organization\",\"name\":\"Quotidien La Sentinelle\",\"url\":\"https:\\\/\\\/lasentinelle.dz\\\/\",\"logo\":{\"@type\":\"ImageObject\",\"inLanguage\":\"fr-FR\",\"@id\":\"https:\\\/\\\/lasentinelle.dz\\\/#\\\/schema\\\/logo\\\/image\\\/\",\"url\":\"https:\\\/\\\/lasentinelle.dz\\\/wp-content\\\/uploads\\\/2021\\\/09\\\/logo-sentinelleSLOGAN-1.png\",\"contentUrl\":\"https:\\\/\\\/lasentinelle.dz\\\/wp-content\\\/uploads\\\/2021\\\/09\\\/logo-sentinelleSLOGAN-1.png\",\"width\":615,\"height\":142,\"caption\":\"Quotidien La Sentinelle\"},\"image\":{\"@id\":\"https:\\\/\\\/lasentinelle.dz\\\/#\\\/schema\\\/logo\\\/image\\\/\"},\"sameAs\":[\"https:\\\/\\\/www.facebook.com\\\/La-Sentinelle-104059864394773\"]},{\"@type\":\"Person\",\"@id\":\"https:\\\/\\\/lasentinelle.dz\\\/#\\\/schema\\\/person\\\/d865044e22e70a75174ce8bcad3acfb3\",\"name\":\"La Sentinelle\",\"image\":{\"@type\":\"ImageObject\",\"inLanguage\":\"fr-FR\",\"@id\":\"https:\\\/\\\/secure.gravatar.com\\\/avatar\\\/57de8e5d4b15d43fb361a71fbb36338450fe67865b528a43dd10ef7c51a20392?s=96&d=mm&r=g\",\"url\":\"https:\\\/\\\/secure.gravatar.com\\\/avatar\\\/57de8e5d4b15d43fb361a71fbb36338450fe67865b528a43dd10ef7c51a20392?s=96&d=mm&r=g\",\"contentUrl\":\"https:\\\/\\\/secure.gravatar.com\\\/avatar\\\/57de8e5d4b15d43fb361a71fbb36338450fe67865b528a43dd10ef7c51a20392?s=96&d=mm&r=g\",\"caption\":\"La Sentinelle\"},\"sameAs\":[\"http:\\\/\\\/www.lasentinelle.dz\"],\"url\":\"https:\\\/\\\/lasentinelle.dz\\\/author\\\/redaction\\\/\"}]}<\/script>\n<!-- \/ Yoast SEO plugin. -->","yoast_head_json":{"title":"Oran.\u00a0: Assainir les structures\u00a0locales - La Sentinelle","robots":{"index":"index","follow":"follow","max-snippet":"max-snippet:-1","max-image-preview":"max-image-preview:large","max-video-preview":"max-video-preview:-1"},"canonical":"https:\/\/lasentinelle.dz\/index.php\/2022\/08\/25\/oran-assainir-les-structures-locales\/","og_locale":"fr_FR","og_type":"article","og_title":"Oran.\u00a0: Assainir les structures\u00a0locales - La Sentinelle","og_description":"Le wali d\u2019Oran semble d\u00e9cid\u00e9 \u00e0 remettre de l\u2019ordre dans ses services. Le limogeage mardi sur Directeur de&nbsp;la sant\u00e9 publique","og_url":"https:\/\/lasentinelle.dz\/index.php\/2022\/08\/25\/oran-assainir-les-structures-locales\/","og_site_name":"La Sentinelle","article_publisher":"https:\/\/www.facebook.com\/La-Sentinelle-104059864394773","article_published_time":"2022-08-24T23:01:00+00:00","og_image":[{"width":1204,"height":900,"url":"https:\/\/lasentinelle.dz\/wp-content\/uploads\/2022\/08\/Oran.png","type":"image\/png"}],"author":"La Sentinelle","twitter_card":"summary_large_image","twitter_misc":{"\u00c9crit par":"La Sentinelle","Dur\u00e9e de lecture estim\u00e9e":"4 minutes"},"schema":{"@context":"https:\/\/schema.org","@graph":[{"@type":"Article","@id":"https:\/\/lasentinelle.dz\/index.php\/2022\/08\/25\/oran-assainir-les-structures-locales\/#article","isPartOf":{"@id":"https:\/\/lasentinelle.dz\/index.php\/2022\/08\/25\/oran-assainir-les-structures-locales\/"},"author":{"name":"La Sentinelle","@id":"https:\/\/lasentinelle.dz\/#\/schema\/person\/d865044e22e70a75174ce8bcad3acfb3"},"headline":"Oran.\u00a0: Assainir les structures\u00a0locales","datePublished":"2022-08-24T23:01:00+00:00","mainEntityOfPage":{"@id":"https:\/\/lasentinelle.dz\/index.php\/2022\/08\/25\/oran-assainir-les-structures-locales\/"},"wordCount":741,"commentCount":0,"publisher":{"@id":"https:\/\/lasentinelle.dz\/#organization"},"image":{"@id":"https:\/\/lasentinelle.dz\/index.php\/2022\/08\/25\/oran-assainir-les-structures-locales\/#primaryimage"},"thumbnailUrl":"https:\/\/lasentinelle.dz\/wp-content\/uploads\/2022\/08\/Oran.png","articleSection":["R\u00e9gions"],"inLanguage":"fr-FR","potentialAction":[{"@type":"CommentAction","name":"Comment","target":["https:\/\/lasentinelle.dz\/index.php\/2022\/08\/25\/oran-assainir-les-structures-locales\/#respond"]}]},{"@type":"WebPage","@id":"https:\/\/lasentinelle.dz\/index.php\/2022\/08\/25\/oran-assainir-les-structures-locales\/","url":"https:\/\/lasentinelle.dz\/index.php\/2022\/08\/25\/oran-assainir-les-structures-locales\/","name":"Oran.\u00a0: Assainir les structures\u00a0locales - La Sentinelle","isPartOf":{"@id":"https:\/\/lasentinelle.dz\/#website"},"primaryImageOfPage":{"@id":"https:\/\/lasentinelle.dz\/index.php\/2022\/08\/25\/oran-assainir-les-structures-locales\/#primaryimage"},"image":{"@id":"https:\/\/lasentinelle.dz\/index.php\/2022\/08\/25\/oran-assainir-les-structures-locales\/#primaryimage"},"thumbnailUrl":"https:\/\/lasentinelle.dz\/wp-content\/uploads\/2022\/08\/Oran.png","datePublished":"2022-08-24T23:01:00+00:00","breadcrumb":{"@id":"https:\/\/lasentinelle.dz\/index.php\/2022\/08\/25\/oran-assainir-les-structures-locales\/#breadcrumb"},"inLanguage":"fr-FR","potentialAction":[{"@type":"ReadAction","target":["https:\/\/lasentinelle.dz\/index.php\/2022\/08\/25\/oran-assainir-les-structures-locales\/"]}]},{"@type":"ImageObject","inLanguage":"fr-FR","@id":"https:\/\/lasentinelle.dz\/index.php\/2022\/08\/25\/oran-assainir-les-structures-locales\/#primaryimage","url":"https:\/\/lasentinelle.dz\/wp-content\/uploads\/2022\/08\/Oran.png","contentUrl":"https:\/\/lasentinelle.dz\/wp-content\/uploads\/2022\/08\/Oran.png","width":1204,"height":900},{"@type":"BreadcrumbList","@id":"https:\/\/lasentinelle.dz\/index.php\/2022\/08\/25\/oran-assainir-les-structures-locales\/#breadcrumb","itemListElement":[{"@type":"ListItem","position":1,"name":"Accueil","item":"https:\/\/lasentinelle.dz\/"},{"@type":"ListItem","position":2,"name":"Oran.\u00a0: Assainir les structures\u00a0locales"}]},{"@type":"WebSite","@id":"https:\/\/lasentinelle.dz\/#website","url":"https:\/\/lasentinelle.dz\/","name":"La Sentinelle","description":"Quotidien national d&#039;information","publisher":{"@id":"https:\/\/lasentinelle.dz\/#organization"},"potentialAction":[{"@type":"SearchAction","target":{"@type":"EntryPoint","urlTemplate":"https:\/\/lasentinelle.dz\/?s={search_term_string}"},"query-input":{"@type":"PropertyValueSpecification","valueRequired":true,"valueName":"search_term_string"}}],"inLanguage":"fr-FR"},{"@type":"Organization","@id":"https:\/\/lasentinelle.dz\/#organization","name":"Quotidien La Sentinelle","url":"https:\/\/lasentinelle.dz\/","logo":{"@type":"ImageObject","inLanguage":"fr-FR","@id":"https:\/\/lasentinelle.dz\/#\/schema\/logo\/image\/","url":"https:\/\/lasentinelle.dz\/wp-content\/uploads\/2021\/09\/logo-sentinelleSLOGAN-1.png","contentUrl":"https:\/\/lasentinelle.dz\/wp-content\/uploads\/2021\/09\/logo-sentinelleSLOGAN-1.png","width":615,"height":142,"caption":"Quotidien La Sentinelle"},"image":{"@id":"https:\/\/lasentinelle.dz\/#\/schema\/logo\/image\/"},"sameAs":["https:\/\/www.facebook.com\/La-Sentinelle-104059864394773"]},{"@type":"Person","@id":"https:\/\/lasentinelle.dz\/#\/schema\/person\/d865044e22e70a75174ce8bcad3acfb3","name":"La Sentinelle","image":{"@type":"ImageObject","inLanguage":"fr-FR","@id":"https:\/\/secure.gravatar.com\/avatar\/57de8e5d4b15d43fb361a71fbb36338450fe67865b528a43dd10ef7c51a20392?s=96&d=mm&r=g","url":"https:\/\/secure.gravatar.com\/avatar\/57de8e5d4b15d43fb361a71fbb36338450fe67865b528a43dd10ef7c51a20392?s=96&d=mm&r=g","contentUrl":"https:\/\/secure.gravatar.com\/avatar\/57de8e5d4b15d43fb361a71fbb36338450fe67865b528a43dd10ef7c51a20392?s=96&d=mm&r=g","caption":"La Sentinelle"},"sameAs":["http:\/\/www.lasentinelle.dz"],"url":"https:\/\/lasentinelle.dz\/author\/redaction\/"}]}},"_links":{"self":[{"href":"https:\/\/lasentinelle.dz\/index.php\/wp-json\/wp\/v2\/posts\/26276","targetHints":{"allow":["GET"]}}],"collection":[{"href":"https:\/\/lasentinelle.dz\/index.php\/wp-json\/wp\/v2\/posts"}],"about":[{"href":"https:\/\/lasentinelle.dz\/index.php\/wp-json\/wp\/v2\/types\/post"}],"author":[{"embeddable":true,"href":"https:\/\/lasentinelle.dz\/index.php\/wp-json\/wp\/v2\/users\/3"}],"replies":[{"embeddable":true,"href":"https:\/\/lasentinelle.dz\/index.php\/wp-json\/wp\/v2\/comments?post=26276"}],"version-history":[{"count":1,"href":"https:\/\/lasentinelle.dz\/index.php\/wp-json\/wp\/v2\/posts\/26276\/revisions"}],"predecessor-version":[{"id":26293,"href":"https:\/\/lasentinelle.dz\/index.php\/wp-json\/wp\/v2\/posts\/26276\/revisions\/26293"}],"wp:featuredmedia":[{"embeddable":true,"href":"https:\/\/lasentinelle.dz\/index.php\/wp-json\/wp\/v2\/media\/26290"}],"wp:attachment":[{"href":"https:\/\/lasentinelle.dz\/index.php\/wp-json\/wp\/v2\/media?parent=26276"}],"wp:term":[{"taxonomy":"category","embeddable":true,"href":"https:\/\/lasentinelle.dz\/index.php\/wp-json\/wp\/v2\/categories?post=26276"},{"taxonomy":"post_tag","embeddable":true,"href":"https:\/\/lasentinelle.dz\/index.php\/wp-json\/wp\/v2\/tags?post=26276"}],"curies":[{"name":"wp","href":"https:\/\/api.w.org\/{rel}","templated":true}]}}