{"id":26288,"date":"2022-08-25T00:05:00","date_gmt":"2022-08-24T23:05:00","guid":{"rendered":"https:\/\/lasentinelle.dz\/?p=26288"},"modified":"2022-08-24T17:39:44","modified_gmt":"2022-08-24T16:39:44","slug":"alors-que-le-dispositif-de-lutte-est-toujours-en-place-tous-les-incendies-ont-ete-eteints","status":"publish","type":"post","link":"https:\/\/lasentinelle.dz\/index.php\/2022\/08\/25\/alors-que-le-dispositif-de-lutte-est-toujours-en-place-tous-les-incendies-ont-ete-eteints\/","title":{"rendered":"Alors que le dispositif de lutte est toujours en place\u00a0:\u00a0Tous les incendies\u00a0ont \u00e9t\u00e9\u00a0\u00e9teints"},"content":{"rendered":"\n<p>Le plus gros de la menace li\u00e9e aux feux de for\u00eats est pass\u00e9. Les unit\u00e9s de la Protection civile ma\u00eetrise la situation sur le terrain et tous les incendies ont \u00e9t\u00e9 \u00e9teints.&nbsp;&nbsp;\u00abTous&nbsp;feux de for\u00eats ont \u00e9t\u00e9 \u00e9teints \u00bb, ont indiqu\u00e9 hier les services de la Protection civile.&nbsp;&nbsp;L\u2019accalmie est revenue, une semaine apr\u00e8s une lutte, ouverte sur plusieurs fronts, contre la propagation des incendies ayant caus\u00e9 des pertes humaines, des bless\u00e9s et d\u2019importants d\u00e9g\u00e2ts mat\u00e9riels, sans compter d\u2019importants espaces forestiers qui ont \u00e9t\u00e9 emport\u00e9s par les brasiers&nbsp;g\u00e9ants. Malgr\u00e9 cette accalmie, les services de la&nbsp;Protection civile soulignent \u00abla n\u00e9cessit\u00e9 de maintenir en place le dispositif&nbsp;de lutte&nbsp;\u00bb, expliquant que&nbsp;&nbsp;\u00ables moyens a\u00e9riens et terrestres du dispositif de lutte restent mobilis\u00e9s pour intervenir en cas de n\u00e9cessit\u00e9\u00bb. Jusqu\u2019\u00e0 hier matin, pr\u00e9cisent les m\u00eames sources, \u00abaucun incendie n&rsquo;est en cours\u00bb. \u00abTous les moyens a\u00e9riens et terrestres du dispositif de lutte contre les incendies de for\u00eats et r\u00e9coltes sont mobilis\u00e9s pour intervenir en cas de n\u00e9cessit\u00e9\u00bb, a-t-on ajout\u00e9. Dans un bilan diffus\u00e9 auparavant, la Protection civile&nbsp;a indiqu\u00e9 que ses \u00e9l\u00e9ments&nbsp;\u00absont intervenus pour l&rsquo;extinction de 58 incendies du couvert v\u00e9g\u00e9tal d\u00e9clench\u00e9s dans les wilayas de Tizi Ouzou, S\u00e9tif, Sidi Bel Abbes, Souk Ahras, Tipaza, Guelma, Chlef, B\u00e9ja\u00efa, Alger, M&rsquo;sila, Bordj Bou Arreridj, Tissemsilt, Mila et A\u00efn Defla\u00bb. Selon les m\u00eames sources, \u00abces feux ont caus\u00e9 des pertes estim\u00e9es \u00e0 40 hectares de for\u00eats, 1 hectare de maquis, 6 hectares de broussailles, 1.721 bottes de foin et 924 arbres fruitiers\u00bb. Dans un autre registre, le minist\u00e8re de l&rsquo;Int\u00e9rieur, des Collectivit\u00e9s locales et de l&rsquo;Am\u00e9nagement du Territoire, par le truchement du ministre Kamal Beldjoud, a mis l\u2019accent sur \u00abl\u2019ach\u00e8vement du recensement des d\u00e9g\u00e2ts caus\u00e9s par les feux enregistr\u00e9s dans certaines wilayas du pays pour proc\u00e9der aux indemnisations\u00bb, appelant au \u00abmaintien d&rsquo;alerte et de vigilance \u00bb, et dans le cadre \u00abde la pr\u00e9vention des risques majeurs\u00bb. Prenant en compte les al\u00e9as du d\u00e9but de la saison&nbsp;automnale&nbsp;et&nbsp;ses&nbsp;intemp\u00e9ries tr\u00e8s souvent n\u00e9fastes, le ministre a \u00e9galement soulign\u00e9 \u00abl&rsquo;imp\u00e9ratif de poursuivre les vastes campagnes de nettoyage de l&rsquo;environnement et des oueds et de prendre en charge les points noirs, en coordination avec diff\u00e9rents services, pour \u00e9viter les r\u00e9percussions des intemp\u00e9ries et des \u00e9ventuelles inondations saisonni\u00e8res, notamment \u00e0 cette p\u00e9riode de l&rsquo;ann\u00e9e\u00bb.<\/p>\n\n\n\n<p><strong>Salim Abdenour<\/strong><\/p>\n","protected":false},"excerpt":{"rendered":"<p>Le plus gros de la menace li\u00e9e aux feux de for\u00eats est pass\u00e9. Les unit\u00e9s de la Protection civile ma\u00eetrise<\/p>\n","protected":false},"author":3,"featured_media":26303,"comment_status":"open","ping_status":"closed","sticky":false,"template":"","format":"standard","meta":{"colormag_page_container_layout":"default_layout","colormag_page_sidebar_layout":"default_layout","om_disable_all_campaigns":false,"_monsterinsights_skip_tracking":false,"_monsterinsights_sitenote_active":false,"_monsterinsights_sitenote_note":"","_monsterinsights_sitenote_category":0,"footnotes":"","_wpscppro_dont_share_socialmedia":false,"_wpscppro_custom_social_share_image":0,"_facebook_share_type":"","_twitter_share_type":"","_linkedin_share_type":"","_pinterest_share_type":"","_linkedin_share_type_page":"","_instagram_share_type":"","_medium_share_type":"","_threads_share_type":"","_google_business_share_type":"","_selected_social_profile":[],"_wpsp_enable_custom_social_template":false,"_wpsp_social_scheduling":{"enabled":false,"datetime":null,"platforms":[],"status":"template_only","dateOption":"today","timeOption":"now","customDays":"","customHours":"","customDate":"","customTime":"","schedulingType":"absolute"},"_wpsp_active_default_template":true},"categories":[27],"tags":[],"class_list":["post-26288","post","type-post","status-publish","format-standard","has-post-thumbnail","hentry","category-actualite"],"aioseo_notices":[],"yoast_head":"<!-- This site is optimized with the Yoast SEO plugin v27.5 - https:\/\/yoast.com\/product\/yoast-seo-wordpress\/ -->\n<title>Alors que le dispositif de lutte est toujours en place\u00a0:\u00a0Tous les incendies\u00a0ont \u00e9t\u00e9\u00a0\u00e9teints - La Sentinelle<\/title>\n<meta name=\"robots\" content=\"index, follow, max-snippet:-1, max-image-preview:large, max-video-preview:-1\" \/>\n<link rel=\"canonical\" href=\"https:\/\/lasentinelle.dz\/index.php\/2022\/08\/25\/alors-que-le-dispositif-de-lutte-est-toujours-en-place-tous-les-incendies-ont-ete-eteints\/\" \/>\n<meta property=\"og:locale\" content=\"fr_FR\" \/>\n<meta property=\"og:type\" content=\"article\" \/>\n<meta property=\"og:title\" content=\"Alors que le dispositif de lutte est toujours en place\u00a0:\u00a0Tous les incendies\u00a0ont \u00e9t\u00e9\u00a0\u00e9teints - La Sentinelle\" \/>\n<meta property=\"og:description\" content=\"Le plus gros de la menace li\u00e9e aux feux de for\u00eats est pass\u00e9. Les unit\u00e9s de la Protection civile ma\u00eetrise\" \/>\n<meta property=\"og:url\" content=\"https:\/\/lasentinelle.dz\/index.php\/2022\/08\/25\/alors-que-le-dispositif-de-lutte-est-toujours-en-place-tous-les-incendies-ont-ete-eteints\/\" \/>\n<meta property=\"og:site_name\" content=\"La Sentinelle\" \/>\n<meta property=\"article:publisher\" content=\"https:\/\/www.facebook.com\/La-Sentinelle-104059864394773\" \/>\n<meta property=\"article:published_time\" content=\"2022-08-24T23:05:00+00:00\" \/>\n<meta property=\"og:image\" content=\"https:\/\/lasentinelle.dz\/wp-content\/uploads\/2022\/08\/pompiers-El-Tarf-1-1024x768.png\" \/>\n\t<meta property=\"og:image:width\" content=\"1024\" \/>\n\t<meta property=\"og:image:height\" content=\"768\" \/>\n\t<meta property=\"og:image:type\" content=\"image\/png\" \/>\n<meta name=\"author\" content=\"La Sentinelle\" \/>\n<meta name=\"twitter:card\" content=\"summary_large_image\" \/>\n<meta name=\"twitter:label1\" content=\"\u00c9crit par\" \/>\n\t<meta name=\"twitter:data1\" content=\"La Sentinelle\" \/>\n\t<meta name=\"twitter:label2\" content=\"Dur\u00e9e de lecture estim\u00e9e\" \/>\n\t<meta name=\"twitter:data2\" content=\"2 minutes\" \/>\n<script type=\"application\/ld+json\" class=\"yoast-schema-graph\">{\"@context\":\"https:\\\/\\\/schema.org\",\"@graph\":[{\"@type\":\"Article\",\"@id\":\"https:\\\/\\\/lasentinelle.dz\\\/index.php\\\/2022\\\/08\\\/25\\\/alors-que-le-dispositif-de-lutte-est-toujours-en-place-tous-les-incendies-ont-ete-eteints\\\/#article\",\"isPartOf\":{\"@id\":\"https:\\\/\\\/lasentinelle.dz\\\/index.php\\\/2022\\\/08\\\/25\\\/alors-que-le-dispositif-de-lutte-est-toujours-en-place-tous-les-incendies-ont-ete-eteints\\\/\"},\"author\":{\"name\":\"La Sentinelle\",\"@id\":\"https:\\\/\\\/lasentinelle.dz\\\/#\\\/schema\\\/person\\\/d865044e22e70a75174ce8bcad3acfb3\"},\"headline\":\"Alors que le dispositif de lutte est toujours en place\u00a0:\u00a0Tous les incendies\u00a0ont \u00e9t\u00e9\u00a0\u00e9teints\",\"datePublished\":\"2022-08-24T23:05:00+00:00\",\"mainEntityOfPage\":{\"@id\":\"https:\\\/\\\/lasentinelle.dz\\\/index.php\\\/2022\\\/08\\\/25\\\/alors-que-le-dispositif-de-lutte-est-toujours-en-place-tous-les-incendies-ont-ete-eteints\\\/\"},\"wordCount\":476,\"commentCount\":0,\"publisher\":{\"@id\":\"https:\\\/\\\/lasentinelle.dz\\\/#organization\"},\"image\":{\"@id\":\"https:\\\/\\\/lasentinelle.dz\\\/index.php\\\/2022\\\/08\\\/25\\\/alors-que-le-dispositif-de-lutte-est-toujours-en-place-tous-les-incendies-ont-ete-eteints\\\/#primaryimage\"},\"thumbnailUrl\":\"https:\\\/\\\/lasentinelle.dz\\\/wp-content\\\/uploads\\\/2022\\\/08\\\/pompiers-El-Tarf-1.png\",\"articleSection\":[\"Actualit\u00e9\"],\"inLanguage\":\"fr-FR\",\"potentialAction\":[{\"@type\":\"CommentAction\",\"name\":\"Comment\",\"target\":[\"https:\\\/\\\/lasentinelle.dz\\\/index.php\\\/2022\\\/08\\\/25\\\/alors-que-le-dispositif-de-lutte-est-toujours-en-place-tous-les-incendies-ont-ete-eteints\\\/#respond\"]}]},{\"@type\":\"WebPage\",\"@id\":\"https:\\\/\\\/lasentinelle.dz\\\/index.php\\\/2022\\\/08\\\/25\\\/alors-que-le-dispositif-de-lutte-est-toujours-en-place-tous-les-incendies-ont-ete-eteints\\\/\",\"url\":\"https:\\\/\\\/lasentinelle.dz\\\/index.php\\\/2022\\\/08\\\/25\\\/alors-que-le-dispositif-de-lutte-est-toujours-en-place-tous-les-incendies-ont-ete-eteints\\\/\",\"name\":\"Alors que le dispositif de lutte est toujours en place\u00a0:\u00a0Tous les incendies\u00a0ont \u00e9t\u00e9\u00a0\u00e9teints - La Sentinelle\",\"isPartOf\":{\"@id\":\"https:\\\/\\\/lasentinelle.dz\\\/#website\"},\"primaryImageOfPage\":{\"@id\":\"https:\\\/\\\/lasentinelle.dz\\\/index.php\\\/2022\\\/08\\\/25\\\/alors-que-le-dispositif-de-lutte-est-toujours-en-place-tous-les-incendies-ont-ete-eteints\\\/#primaryimage\"},\"image\":{\"@id\":\"https:\\\/\\\/lasentinelle.dz\\\/index.php\\\/2022\\\/08\\\/25\\\/alors-que-le-dispositif-de-lutte-est-toujours-en-place-tous-les-incendies-ont-ete-eteints\\\/#primaryimage\"},\"thumbnailUrl\":\"https:\\\/\\\/lasentinelle.dz\\\/wp-content\\\/uploads\\\/2022\\\/08\\\/pompiers-El-Tarf-1.png\",\"datePublished\":\"2022-08-24T23:05:00+00:00\",\"breadcrumb\":{\"@id\":\"https:\\\/\\\/lasentinelle.dz\\\/index.php\\\/2022\\\/08\\\/25\\\/alors-que-le-dispositif-de-lutte-est-toujours-en-place-tous-les-incendies-ont-ete-eteints\\\/#breadcrumb\"},\"inLanguage\":\"fr-FR\",\"potentialAction\":[{\"@type\":\"ReadAction\",\"target\":[\"https:\\\/\\\/lasentinelle.dz\\\/index.php\\\/2022\\\/08\\\/25\\\/alors-que-le-dispositif-de-lutte-est-toujours-en-place-tous-les-incendies-ont-ete-eteints\\\/\"]}]},{\"@type\":\"ImageObject\",\"inLanguage\":\"fr-FR\",\"@id\":\"https:\\\/\\\/lasentinelle.dz\\\/index.php\\\/2022\\\/08\\\/25\\\/alors-que-le-dispositif-de-lutte-est-toujours-en-place-tous-les-incendies-ont-ete-eteints\\\/#primaryimage\",\"url\":\"https:\\\/\\\/lasentinelle.dz\\\/wp-content\\\/uploads\\\/2022\\\/08\\\/pompiers-El-Tarf-1.png\",\"contentUrl\":\"https:\\\/\\\/lasentinelle.dz\\\/wp-content\\\/uploads\\\/2022\\\/08\\\/pompiers-El-Tarf-1.png\",\"width\":1200,\"height\":900},{\"@type\":\"BreadcrumbList\",\"@id\":\"https:\\\/\\\/lasentinelle.dz\\\/index.php\\\/2022\\\/08\\\/25\\\/alors-que-le-dispositif-de-lutte-est-toujours-en-place-tous-les-incendies-ont-ete-eteints\\\/#breadcrumb\",\"itemListElement\":[{\"@type\":\"ListItem\",\"position\":1,\"name\":\"Accueil\",\"item\":\"https:\\\/\\\/lasentinelle.dz\\\/\"},{\"@type\":\"ListItem\",\"position\":2,\"name\":\"Alors que le dispositif de lutte est toujours en place\u00a0:\u00a0Tous les incendies\u00a0ont \u00e9t\u00e9\u00a0\u00e9teints\"}]},{\"@type\":\"WebSite\",\"@id\":\"https:\\\/\\\/lasentinelle.dz\\\/#website\",\"url\":\"https:\\\/\\\/lasentinelle.dz\\\/\",\"name\":\"La Sentinelle\",\"description\":\"Quotidien national d&#039;information\",\"publisher\":{\"@id\":\"https:\\\/\\\/lasentinelle.dz\\\/#organization\"},\"potentialAction\":[{\"@type\":\"SearchAction\",\"target\":{\"@type\":\"EntryPoint\",\"urlTemplate\":\"https:\\\/\\\/lasentinelle.dz\\\/?s={search_term_string}\"},\"query-input\":{\"@type\":\"PropertyValueSpecification\",\"valueRequired\":true,\"valueName\":\"search_term_string\"}}],\"inLanguage\":\"fr-FR\"},{\"@type\":\"Organization\",\"@id\":\"https:\\\/\\\/lasentinelle.dz\\\/#organization\",\"name\":\"Quotidien La Sentinelle\",\"url\":\"https:\\\/\\\/lasentinelle.dz\\\/\",\"logo\":{\"@type\":\"ImageObject\",\"inLanguage\":\"fr-FR\",\"@id\":\"https:\\\/\\\/lasentinelle.dz\\\/#\\\/schema\\\/logo\\\/image\\\/\",\"url\":\"https:\\\/\\\/lasentinelle.dz\\\/wp-content\\\/uploads\\\/2021\\\/09\\\/logo-sentinelleSLOGAN-1.png\",\"contentUrl\":\"https:\\\/\\\/lasentinelle.dz\\\/wp-content\\\/uploads\\\/2021\\\/09\\\/logo-sentinelleSLOGAN-1.png\",\"width\":615,\"height\":142,\"caption\":\"Quotidien La Sentinelle\"},\"image\":{\"@id\":\"https:\\\/\\\/lasentinelle.dz\\\/#\\\/schema\\\/logo\\\/image\\\/\"},\"sameAs\":[\"https:\\\/\\\/www.facebook.com\\\/La-Sentinelle-104059864394773\"]},{\"@type\":\"Person\",\"@id\":\"https:\\\/\\\/lasentinelle.dz\\\/#\\\/schema\\\/person\\\/d865044e22e70a75174ce8bcad3acfb3\",\"name\":\"La Sentinelle\",\"image\":{\"@type\":\"ImageObject\",\"inLanguage\":\"fr-FR\",\"@id\":\"https:\\\/\\\/secure.gravatar.com\\\/avatar\\\/57de8e5d4b15d43fb361a71fbb36338450fe67865b528a43dd10ef7c51a20392?s=96&d=mm&r=g\",\"url\":\"https:\\\/\\\/secure.gravatar.com\\\/avatar\\\/57de8e5d4b15d43fb361a71fbb36338450fe67865b528a43dd10ef7c51a20392?s=96&d=mm&r=g\",\"contentUrl\":\"https:\\\/\\\/secure.gravatar.com\\\/avatar\\\/57de8e5d4b15d43fb361a71fbb36338450fe67865b528a43dd10ef7c51a20392?s=96&d=mm&r=g\",\"caption\":\"La Sentinelle\"},\"sameAs\":[\"http:\\\/\\\/www.lasentinelle.dz\"],\"url\":\"https:\\\/\\\/lasentinelle.dz\\\/author\\\/redaction\\\/\"}]}<\/script>\n<!-- \/ Yoast SEO plugin. -->","yoast_head_json":{"title":"Alors que le dispositif de lutte est toujours en place\u00a0:\u00a0Tous les incendies\u00a0ont \u00e9t\u00e9\u00a0\u00e9teints - La Sentinelle","robots":{"index":"index","follow":"follow","max-snippet":"max-snippet:-1","max-image-preview":"max-image-preview:large","max-video-preview":"max-video-preview:-1"},"canonical":"https:\/\/lasentinelle.dz\/index.php\/2022\/08\/25\/alors-que-le-dispositif-de-lutte-est-toujours-en-place-tous-les-incendies-ont-ete-eteints\/","og_locale":"fr_FR","og_type":"article","og_title":"Alors que le dispositif de lutte est toujours en place\u00a0:\u00a0Tous les incendies\u00a0ont \u00e9t\u00e9\u00a0\u00e9teints - La Sentinelle","og_description":"Le plus gros de la menace li\u00e9e aux feux de for\u00eats est pass\u00e9. Les unit\u00e9s de la Protection civile ma\u00eetrise","og_url":"https:\/\/lasentinelle.dz\/index.php\/2022\/08\/25\/alors-que-le-dispositif-de-lutte-est-toujours-en-place-tous-les-incendies-ont-ete-eteints\/","og_site_name":"La Sentinelle","article_publisher":"https:\/\/www.facebook.com\/La-Sentinelle-104059864394773","article_published_time":"2022-08-24T23:05:00+00:00","og_image":[{"width":1024,"height":768,"url":"https:\/\/lasentinelle.dz\/wp-content\/uploads\/2022\/08\/pompiers-El-Tarf-1-1024x768.png","type":"image\/png"}],"author":"La Sentinelle","twitter_card":"summary_large_image","twitter_misc":{"\u00c9crit par":"La Sentinelle","Dur\u00e9e de lecture estim\u00e9e":"2 minutes"},"schema":{"@context":"https:\/\/schema.org","@graph":[{"@type":"Article","@id":"https:\/\/lasentinelle.dz\/index.php\/2022\/08\/25\/alors-que-le-dispositif-de-lutte-est-toujours-en-place-tous-les-incendies-ont-ete-eteints\/#article","isPartOf":{"@id":"https:\/\/lasentinelle.dz\/index.php\/2022\/08\/25\/alors-que-le-dispositif-de-lutte-est-toujours-en-place-tous-les-incendies-ont-ete-eteints\/"},"author":{"name":"La Sentinelle","@id":"https:\/\/lasentinelle.dz\/#\/schema\/person\/d865044e22e70a75174ce8bcad3acfb3"},"headline":"Alors que le dispositif de lutte est toujours en place\u00a0:\u00a0Tous les incendies\u00a0ont \u00e9t\u00e9\u00a0\u00e9teints","datePublished":"2022-08-24T23:05:00+00:00","mainEntityOfPage":{"@id":"https:\/\/lasentinelle.dz\/index.php\/2022\/08\/25\/alors-que-le-dispositif-de-lutte-est-toujours-en-place-tous-les-incendies-ont-ete-eteints\/"},"wordCount":476,"commentCount":0,"publisher":{"@id":"https:\/\/lasentinelle.dz\/#organization"},"image":{"@id":"https:\/\/lasentinelle.dz\/index.php\/2022\/08\/25\/alors-que-le-dispositif-de-lutte-est-toujours-en-place-tous-les-incendies-ont-ete-eteints\/#primaryimage"},"thumbnailUrl":"https:\/\/lasentinelle.dz\/wp-content\/uploads\/2022\/08\/pompiers-El-Tarf-1.png","articleSection":["Actualit\u00e9"],"inLanguage":"fr-FR","potentialAction":[{"@type":"CommentAction","name":"Comment","target":["https:\/\/lasentinelle.dz\/index.php\/2022\/08\/25\/alors-que-le-dispositif-de-lutte-est-toujours-en-place-tous-les-incendies-ont-ete-eteints\/#respond"]}]},{"@type":"WebPage","@id":"https:\/\/lasentinelle.dz\/index.php\/2022\/08\/25\/alors-que-le-dispositif-de-lutte-est-toujours-en-place-tous-les-incendies-ont-ete-eteints\/","url":"https:\/\/lasentinelle.dz\/index.php\/2022\/08\/25\/alors-que-le-dispositif-de-lutte-est-toujours-en-place-tous-les-incendies-ont-ete-eteints\/","name":"Alors que le dispositif de lutte est toujours en place\u00a0:\u00a0Tous les incendies\u00a0ont \u00e9t\u00e9\u00a0\u00e9teints - La Sentinelle","isPartOf":{"@id":"https:\/\/lasentinelle.dz\/#website"},"primaryImageOfPage":{"@id":"https:\/\/lasentinelle.dz\/index.php\/2022\/08\/25\/alors-que-le-dispositif-de-lutte-est-toujours-en-place-tous-les-incendies-ont-ete-eteints\/#primaryimage"},"image":{"@id":"https:\/\/lasentinelle.dz\/index.php\/2022\/08\/25\/alors-que-le-dispositif-de-lutte-est-toujours-en-place-tous-les-incendies-ont-ete-eteints\/#primaryimage"},"thumbnailUrl":"https:\/\/lasentinelle.dz\/wp-content\/uploads\/2022\/08\/pompiers-El-Tarf-1.png","datePublished":"2022-08-24T23:05:00+00:00","breadcrumb":{"@id":"https:\/\/lasentinelle.dz\/index.php\/2022\/08\/25\/alors-que-le-dispositif-de-lutte-est-toujours-en-place-tous-les-incendies-ont-ete-eteints\/#breadcrumb"},"inLanguage":"fr-FR","potentialAction":[{"@type":"ReadAction","target":["https:\/\/lasentinelle.dz\/index.php\/2022\/08\/25\/alors-que-le-dispositif-de-lutte-est-toujours-en-place-tous-les-incendies-ont-ete-eteints\/"]}]},{"@type":"ImageObject","inLanguage":"fr-FR","@id":"https:\/\/lasentinelle.dz\/index.php\/2022\/08\/25\/alors-que-le-dispositif-de-lutte-est-toujours-en-place-tous-les-incendies-ont-ete-eteints\/#primaryimage","url":"https:\/\/lasentinelle.dz\/wp-content\/uploads\/2022\/08\/pompiers-El-Tarf-1.png","contentUrl":"https:\/\/lasentinelle.dz\/wp-content\/uploads\/2022\/08\/pompiers-El-Tarf-1.png","width":1200,"height":900},{"@type":"BreadcrumbList","@id":"https:\/\/lasentinelle.dz\/index.php\/2022\/08\/25\/alors-que-le-dispositif-de-lutte-est-toujours-en-place-tous-les-incendies-ont-ete-eteints\/#breadcrumb","itemListElement":[{"@type":"ListItem","position":1,"name":"Accueil","item":"https:\/\/lasentinelle.dz\/"},{"@type":"ListItem","position":2,"name":"Alors que le dispositif de lutte est toujours en place\u00a0:\u00a0Tous les incendies\u00a0ont \u00e9t\u00e9\u00a0\u00e9teints"}]},{"@type":"WebSite","@id":"https:\/\/lasentinelle.dz\/#website","url":"https:\/\/lasentinelle.dz\/","name":"La Sentinelle","description":"Quotidien national d&#039;information","publisher":{"@id":"https:\/\/lasentinelle.dz\/#organization"},"potentialAction":[{"@type":"SearchAction","target":{"@type":"EntryPoint","urlTemplate":"https:\/\/lasentinelle.dz\/?s={search_term_string}"},"query-input":{"@type":"PropertyValueSpecification","valueRequired":true,"valueName":"search_term_string"}}],"inLanguage":"fr-FR"},{"@type":"Organization","@id":"https:\/\/lasentinelle.dz\/#organization","name":"Quotidien La Sentinelle","url":"https:\/\/lasentinelle.dz\/","logo":{"@type":"ImageObject","inLanguage":"fr-FR","@id":"https:\/\/lasentinelle.dz\/#\/schema\/logo\/image\/","url":"https:\/\/lasentinelle.dz\/wp-content\/uploads\/2021\/09\/logo-sentinelleSLOGAN-1.png","contentUrl":"https:\/\/lasentinelle.dz\/wp-content\/uploads\/2021\/09\/logo-sentinelleSLOGAN-1.png","width":615,"height":142,"caption":"Quotidien La Sentinelle"},"image":{"@id":"https:\/\/lasentinelle.dz\/#\/schema\/logo\/image\/"},"sameAs":["https:\/\/www.facebook.com\/La-Sentinelle-104059864394773"]},{"@type":"Person","@id":"https:\/\/lasentinelle.dz\/#\/schema\/person\/d865044e22e70a75174ce8bcad3acfb3","name":"La Sentinelle","image":{"@type":"ImageObject","inLanguage":"fr-FR","@id":"https:\/\/secure.gravatar.com\/avatar\/57de8e5d4b15d43fb361a71fbb36338450fe67865b528a43dd10ef7c51a20392?s=96&d=mm&r=g","url":"https:\/\/secure.gravatar.com\/avatar\/57de8e5d4b15d43fb361a71fbb36338450fe67865b528a43dd10ef7c51a20392?s=96&d=mm&r=g","contentUrl":"https:\/\/secure.gravatar.com\/avatar\/57de8e5d4b15d43fb361a71fbb36338450fe67865b528a43dd10ef7c51a20392?s=96&d=mm&r=g","caption":"La Sentinelle"},"sameAs":["http:\/\/www.lasentinelle.dz"],"url":"https:\/\/lasentinelle.dz\/author\/redaction\/"}]}},"_links":{"self":[{"href":"https:\/\/lasentinelle.dz\/index.php\/wp-json\/wp\/v2\/posts\/26288","targetHints":{"allow":["GET"]}}],"collection":[{"href":"https:\/\/lasentinelle.dz\/index.php\/wp-json\/wp\/v2\/posts"}],"about":[{"href":"https:\/\/lasentinelle.dz\/index.php\/wp-json\/wp\/v2\/types\/post"}],"author":[{"embeddable":true,"href":"https:\/\/lasentinelle.dz\/index.php\/wp-json\/wp\/v2\/users\/3"}],"replies":[{"embeddable":true,"href":"https:\/\/lasentinelle.dz\/index.php\/wp-json\/wp\/v2\/comments?post=26288"}],"version-history":[{"count":2,"href":"https:\/\/lasentinelle.dz\/index.php\/wp-json\/wp\/v2\/posts\/26288\/revisions"}],"predecessor-version":[{"id":26306,"href":"https:\/\/lasentinelle.dz\/index.php\/wp-json\/wp\/v2\/posts\/26288\/revisions\/26306"}],"wp:featuredmedia":[{"embeddable":true,"href":"https:\/\/lasentinelle.dz\/index.php\/wp-json\/wp\/v2\/media\/26303"}],"wp:attachment":[{"href":"https:\/\/lasentinelle.dz\/index.php\/wp-json\/wp\/v2\/media?parent=26288"}],"wp:term":[{"taxonomy":"category","embeddable":true,"href":"https:\/\/lasentinelle.dz\/index.php\/wp-json\/wp\/v2\/categories?post=26288"},{"taxonomy":"post_tag","embeddable":true,"href":"https:\/\/lasentinelle.dz\/index.php\/wp-json\/wp\/v2\/tags?post=26288"}],"curies":[{"name":"wp","href":"https:\/\/api.w.org\/{rel}","templated":true}]}}