{"id":26317,"date":"2022-08-25T00:05:00","date_gmt":"2022-08-24T23:05:00","guid":{"rendered":"https:\/\/lasentinelle.dz\/?p=26317"},"modified":"2022-08-24T18:47:32","modified_gmt":"2022-08-24T17:47:32","slug":"elections-partielles-du-15-octobre-le-delai-pour-le-depot-des-candidatures-prendra-fin-aujourdhui","status":"publish","type":"post","link":"https:\/\/lasentinelle.dz\/index.php\/2022\/08\/25\/elections-partielles-du-15-octobre-le-delai-pour-le-depot-des-candidatures-prendra-fin-aujourdhui\/","title":{"rendered":"\u00c9lections partielles du 15 octobre\u00a0:\u00a0Le d\u00e9lai pour le d\u00e9p\u00f4t des candidatures prendra fin aujourd\u2019hui"},"content":{"rendered":"\n<p>C\u2019est aujourd\u2019hui que prendra fin le d\u00e9lai pour le d\u00e9p\u00f4t des candidatures concernant les \u00e9lections partielles des membres des Assembl\u00e9es populaires communales (APC) au niveau de quatre communes de la wilaya de B\u00e9ja\u00efa et de deux de Tizi-Ouzou. Les candidats doivent d\u00e9poser leurs souscriptions avant midi, au niveau des municipalit\u00e9s, alors que les listes doivent \u00eatre d\u00e9pos\u00e9es au niveau des d\u00e9l\u00e9gations de wilaya de l&rsquo;Autorit\u00e9 nationale ind\u00e9pendante des \u00e9lections (ANIE), avant minuit. Lundi dernier, le d\u00e9l\u00e9gu\u00e9 de Tizi Ouzou de l\u2019ANIE a indiqu\u00e9 que cinq partis politiques, \u00e0 savoir le Front des forces socialistes (FFS),&nbsp;<\/p>\n\n\n\n<p>Front de lib\u00e9ration nationale (FLN), le Rassemblement national d\u00e9mocratique (RND), le Mouvement des jeunes alg\u00e9riens (MJA) et le Front El-Moustakbal&nbsp;&nbsp;ainsi que six listes d\u2019ind\u00e9pendants ont retir\u00e9s les dossiers de candidatures. A B\u00e9jaia, ce sont sept partis, dont le FFS, FLN et RND, et neuf listes d\u2019ind\u00e9pendants qui ont retir\u00e9 les formulaires. Si jamais, ce d\u00e9lai n\u2019est pas prorog\u00e9, ce qui \u00e0 priori ne risque pas d\u2019arriver, les d\u00e9l\u00e9gations de wilayas de Tizi Ouzou et Bejaia de l\u2019ANIE disposent de huit jours pour statuer sur les listes d\u00e9pos\u00e9es. Bien entendu, ces \u00e9lections partielles ne sont pas un enjeu de premier ordre pour les formations politiques ayant d\u00e9cid\u00e9es d\u2019y participer, \u00e9tant donn\u00e9 que le nombre de communes concern\u00e9es est r\u00e9duit. N\u00e9anmoins, il est question de r\u00e9tablir la \u00abrepr\u00e9sentation partisane\u00bb \u00e0 leurs niveaux. Pour rappel, les \u00e9lections locales du 27 novembre 2021 n\u2019ont pas pu se tenir au niveau de ces six communes en raison d\u2019absence de listes de candidatures. Le contexte politique national ayant chang\u00e9, aujourd\u2019hui ces m\u00eames partis politiques et groupes d\u2019ind\u00e9pendants ont pu y d\u00e9poser des dossiers de candidatures. Pour le FFS, qui, \u00e0 priori, dispose d\u2019un plus important r\u00e9servoir \u00e9lectoral dans la r\u00e9gion par rapport \u00e0 ses concurrents, l\u2019objectif est de \u00abs\u2019accaparer des espaces dans les assembl\u00e9es communales\u00bb, comme d\u2019ailleurs il l\u2019avait indiqu\u00e9 le 23 juillet dernier en annon\u00e7ant sa participation. Il est question aussi de profiter de ce rendez-vous, au niveau des localit\u00e9s concern\u00e9es, afin \u00abde faire la promotion de son projet et sa vision de la gestion locale\u00bb. Il n\u2019est nullement question, donc, de laisser des communes, qui, d\u2019ailleurs, a eu \u00e0 les g\u00e9rer par le pass\u00e9, sans repr\u00e9sentation partisane. Chez le FLN \u00e9galement, il est question de ne pas laisser des municipalit\u00e9s sans repr\u00e9sentation. Du c\u00f4t\u00e9 des ind\u00e9pendants, certains d\u2019entre eux, comme c\u2019est le cas pour ceux regroup\u00e9s au sein de la liste portant l\u2019appellation \u00abTagmats\u00bb, dont le plus gros des effectifs sont d\u2019ex-militants de partis politiques activant dans la r\u00e9gion, le plus important est \u00abd\u2019agrandir le cercle\u00bb, \u00e9tant donn\u00e9 que sous cette m\u00eame appellation, des si\u00e8ges ont \u00e9t\u00e9 arrach\u00e9s le 27 novembre dernier au niveau d\u2019autres localit\u00e9s. Il est \u00e0 rappeler, en dernier lieu, que c\u2019est le 17 juillet dernier que le corps \u00e9lectoral a \u00e9t\u00e9 convoqu\u00e9 par le pr\u00e9sident de la R\u00e9publique, Abdelmadjid Tebboune, en vue de ces \u00e9lections partielles.<\/p>\n\n\n\n<p>Elyas Nour<\/p>\n","protected":false},"excerpt":{"rendered":"<p>C\u2019est aujourd\u2019hui que prendra fin le d\u00e9lai pour le d\u00e9p\u00f4t des candidatures concernant les \u00e9lections partielles des membres des Assembl\u00e9es<\/p>\n","protected":false},"author":3,"featured_media":24347,"comment_status":"open","ping_status":"closed","sticky":false,"template":"","format":"standard","meta":{"colormag_page_container_layout":"default_layout","colormag_page_sidebar_layout":"default_layout","om_disable_all_campaigns":false,"_monsterinsights_skip_tracking":false,"_monsterinsights_sitenote_active":false,"_monsterinsights_sitenote_note":"","_monsterinsights_sitenote_category":0,"footnotes":"","_wpscppro_dont_share_socialmedia":false,"_wpscppro_custom_social_share_image":0,"_facebook_share_type":"","_twitter_share_type":"","_linkedin_share_type":"","_pinterest_share_type":"","_linkedin_share_type_page":"","_instagram_share_type":"","_medium_share_type":"","_threads_share_type":"","_google_business_share_type":"","_selected_social_profile":[],"_wpsp_enable_custom_social_template":false,"_wpsp_social_scheduling":{"enabled":false,"datetime":null,"platforms":[],"status":"template_only","dateOption":"today","timeOption":"now","customDays":"","customHours":"","customDate":"","customTime":"","schedulingType":"absolute"},"_wpsp_active_default_template":true},"categories":[27],"tags":[],"class_list":["post-26317","post","type-post","status-publish","format-standard","has-post-thumbnail","hentry","category-actualite"],"aioseo_notices":[],"yoast_head":"<!-- This site is optimized with the Yoast SEO plugin v27.4 - https:\/\/yoast.com\/product\/yoast-seo-wordpress\/ -->\n<title>\u00c9lections partielles du 15 octobre\u00a0:\u00a0Le d\u00e9lai pour le d\u00e9p\u00f4t des candidatures prendra fin aujourd\u2019hui - La Sentinelle<\/title>\n<meta name=\"robots\" content=\"index, follow, max-snippet:-1, max-image-preview:large, max-video-preview:-1\" \/>\n<link rel=\"canonical\" href=\"https:\/\/lasentinelle.dz\/index.php\/2022\/08\/25\/elections-partielles-du-15-octobre-le-delai-pour-le-depot-des-candidatures-prendra-fin-aujourdhui\/\" \/>\n<meta property=\"og:locale\" content=\"fr_FR\" \/>\n<meta property=\"og:type\" content=\"article\" \/>\n<meta property=\"og:title\" content=\"\u00c9lections partielles du 15 octobre\u00a0:\u00a0Le d\u00e9lai pour le d\u00e9p\u00f4t des candidatures prendra fin aujourd\u2019hui - La Sentinelle\" \/>\n<meta property=\"og:description\" content=\"C\u2019est aujourd\u2019hui que prendra fin le d\u00e9lai pour le d\u00e9p\u00f4t des candidatures concernant les \u00e9lections partielles des membres des Assembl\u00e9es\" \/>\n<meta property=\"og:url\" content=\"https:\/\/lasentinelle.dz\/index.php\/2022\/08\/25\/elections-partielles-du-15-octobre-le-delai-pour-le-depot-des-candidatures-prendra-fin-aujourdhui\/\" \/>\n<meta property=\"og:site_name\" content=\"La Sentinelle\" \/>\n<meta property=\"article:publisher\" content=\"https:\/\/www.facebook.com\/La-Sentinelle-104059864394773\" \/>\n<meta property=\"article:published_time\" content=\"2022-08-24T23:05:00+00:00\" \/>\n<meta property=\"og:image\" content=\"https:\/\/lasentinelle.dz\/wp-content\/uploads\/2022\/07\/vote.png\" \/>\n\t<meta property=\"og:image:width\" content=\"1491\" \/>\n\t<meta property=\"og:image:height\" content=\"900\" \/>\n\t<meta property=\"og:image:type\" content=\"image\/png\" \/>\n<meta name=\"author\" content=\"La Sentinelle\" \/>\n<meta name=\"twitter:card\" content=\"summary_large_image\" \/>\n<meta name=\"twitter:label1\" content=\"\u00c9crit par\" \/>\n\t<meta name=\"twitter:data1\" content=\"La Sentinelle\" \/>\n\t<meta name=\"twitter:label2\" content=\"Dur\u00e9e de lecture estim\u00e9e\" \/>\n\t<meta name=\"twitter:data2\" content=\"3 minutes\" \/>\n<script type=\"application\/ld+json\" class=\"yoast-schema-graph\">{\"@context\":\"https:\\\/\\\/schema.org\",\"@graph\":[{\"@type\":\"Article\",\"@id\":\"https:\\\/\\\/lasentinelle.dz\\\/index.php\\\/2022\\\/08\\\/25\\\/elections-partielles-du-15-octobre-le-delai-pour-le-depot-des-candidatures-prendra-fin-aujourdhui\\\/#article\",\"isPartOf\":{\"@id\":\"https:\\\/\\\/lasentinelle.dz\\\/index.php\\\/2022\\\/08\\\/25\\\/elections-partielles-du-15-octobre-le-delai-pour-le-depot-des-candidatures-prendra-fin-aujourdhui\\\/\"},\"author\":{\"name\":\"La Sentinelle\",\"@id\":\"https:\\\/\\\/lasentinelle.dz\\\/#\\\/schema\\\/person\\\/d865044e22e70a75174ce8bcad3acfb3\"},\"headline\":\"\u00c9lections partielles du 15 octobre\u00a0:\u00a0Le d\u00e9lai pour le d\u00e9p\u00f4t des candidatures prendra fin aujourd\u2019hui\",\"datePublished\":\"2022-08-24T23:05:00+00:00\",\"mainEntityOfPage\":{\"@id\":\"https:\\\/\\\/lasentinelle.dz\\\/index.php\\\/2022\\\/08\\\/25\\\/elections-partielles-du-15-octobre-le-delai-pour-le-depot-des-candidatures-prendra-fin-aujourdhui\\\/\"},\"wordCount\":578,\"commentCount\":0,\"publisher\":{\"@id\":\"https:\\\/\\\/lasentinelle.dz\\\/#organization\"},\"image\":{\"@id\":\"https:\\\/\\\/lasentinelle.dz\\\/index.php\\\/2022\\\/08\\\/25\\\/elections-partielles-du-15-octobre-le-delai-pour-le-depot-des-candidatures-prendra-fin-aujourdhui\\\/#primaryimage\"},\"thumbnailUrl\":\"https:\\\/\\\/lasentinelle.dz\\\/wp-content\\\/uploads\\\/2022\\\/07\\\/vote.png\",\"articleSection\":[\"Actualit\u00e9\"],\"inLanguage\":\"fr-FR\",\"potentialAction\":[{\"@type\":\"CommentAction\",\"name\":\"Comment\",\"target\":[\"https:\\\/\\\/lasentinelle.dz\\\/index.php\\\/2022\\\/08\\\/25\\\/elections-partielles-du-15-octobre-le-delai-pour-le-depot-des-candidatures-prendra-fin-aujourdhui\\\/#respond\"]}]},{\"@type\":\"WebPage\",\"@id\":\"https:\\\/\\\/lasentinelle.dz\\\/index.php\\\/2022\\\/08\\\/25\\\/elections-partielles-du-15-octobre-le-delai-pour-le-depot-des-candidatures-prendra-fin-aujourdhui\\\/\",\"url\":\"https:\\\/\\\/lasentinelle.dz\\\/index.php\\\/2022\\\/08\\\/25\\\/elections-partielles-du-15-octobre-le-delai-pour-le-depot-des-candidatures-prendra-fin-aujourdhui\\\/\",\"name\":\"\u00c9lections partielles du 15 octobre\u00a0:\u00a0Le d\u00e9lai pour le d\u00e9p\u00f4t des candidatures prendra fin aujourd\u2019hui - La Sentinelle\",\"isPartOf\":{\"@id\":\"https:\\\/\\\/lasentinelle.dz\\\/#website\"},\"primaryImageOfPage\":{\"@id\":\"https:\\\/\\\/lasentinelle.dz\\\/index.php\\\/2022\\\/08\\\/25\\\/elections-partielles-du-15-octobre-le-delai-pour-le-depot-des-candidatures-prendra-fin-aujourdhui\\\/#primaryimage\"},\"image\":{\"@id\":\"https:\\\/\\\/lasentinelle.dz\\\/index.php\\\/2022\\\/08\\\/25\\\/elections-partielles-du-15-octobre-le-delai-pour-le-depot-des-candidatures-prendra-fin-aujourdhui\\\/#primaryimage\"},\"thumbnailUrl\":\"https:\\\/\\\/lasentinelle.dz\\\/wp-content\\\/uploads\\\/2022\\\/07\\\/vote.png\",\"datePublished\":\"2022-08-24T23:05:00+00:00\",\"breadcrumb\":{\"@id\":\"https:\\\/\\\/lasentinelle.dz\\\/index.php\\\/2022\\\/08\\\/25\\\/elections-partielles-du-15-octobre-le-delai-pour-le-depot-des-candidatures-prendra-fin-aujourdhui\\\/#breadcrumb\"},\"inLanguage\":\"fr-FR\",\"potentialAction\":[{\"@type\":\"ReadAction\",\"target\":[\"https:\\\/\\\/lasentinelle.dz\\\/index.php\\\/2022\\\/08\\\/25\\\/elections-partielles-du-15-octobre-le-delai-pour-le-depot-des-candidatures-prendra-fin-aujourdhui\\\/\"]}]},{\"@type\":\"ImageObject\",\"inLanguage\":\"fr-FR\",\"@id\":\"https:\\\/\\\/lasentinelle.dz\\\/index.php\\\/2022\\\/08\\\/25\\\/elections-partielles-du-15-octobre-le-delai-pour-le-depot-des-candidatures-prendra-fin-aujourdhui\\\/#primaryimage\",\"url\":\"https:\\\/\\\/lasentinelle.dz\\\/wp-content\\\/uploads\\\/2022\\\/07\\\/vote.png\",\"contentUrl\":\"https:\\\/\\\/lasentinelle.dz\\\/wp-content\\\/uploads\\\/2022\\\/07\\\/vote.png\",\"width\":1491,\"height\":900},{\"@type\":\"BreadcrumbList\",\"@id\":\"https:\\\/\\\/lasentinelle.dz\\\/index.php\\\/2022\\\/08\\\/25\\\/elections-partielles-du-15-octobre-le-delai-pour-le-depot-des-candidatures-prendra-fin-aujourdhui\\\/#breadcrumb\",\"itemListElement\":[{\"@type\":\"ListItem\",\"position\":1,\"name\":\"Accueil\",\"item\":\"https:\\\/\\\/lasentinelle.dz\\\/\"},{\"@type\":\"ListItem\",\"position\":2,\"name\":\"\u00c9lections partielles du 15 octobre\u00a0:\u00a0Le d\u00e9lai pour le d\u00e9p\u00f4t des candidatures prendra fin aujourd\u2019hui\"}]},{\"@type\":\"WebSite\",\"@id\":\"https:\\\/\\\/lasentinelle.dz\\\/#website\",\"url\":\"https:\\\/\\\/lasentinelle.dz\\\/\",\"name\":\"La Sentinelle\",\"description\":\"Quotidien national d&#039;information\",\"publisher\":{\"@id\":\"https:\\\/\\\/lasentinelle.dz\\\/#organization\"},\"potentialAction\":[{\"@type\":\"SearchAction\",\"target\":{\"@type\":\"EntryPoint\",\"urlTemplate\":\"https:\\\/\\\/lasentinelle.dz\\\/?s={search_term_string}\"},\"query-input\":{\"@type\":\"PropertyValueSpecification\",\"valueRequired\":true,\"valueName\":\"search_term_string\"}}],\"inLanguage\":\"fr-FR\"},{\"@type\":\"Organization\",\"@id\":\"https:\\\/\\\/lasentinelle.dz\\\/#organization\",\"name\":\"Quotidien La Sentinelle\",\"url\":\"https:\\\/\\\/lasentinelle.dz\\\/\",\"logo\":{\"@type\":\"ImageObject\",\"inLanguage\":\"fr-FR\",\"@id\":\"https:\\\/\\\/lasentinelle.dz\\\/#\\\/schema\\\/logo\\\/image\\\/\",\"url\":\"https:\\\/\\\/lasentinelle.dz\\\/wp-content\\\/uploads\\\/2021\\\/09\\\/logo-sentinelleSLOGAN-1.png\",\"contentUrl\":\"https:\\\/\\\/lasentinelle.dz\\\/wp-content\\\/uploads\\\/2021\\\/09\\\/logo-sentinelleSLOGAN-1.png\",\"width\":615,\"height\":142,\"caption\":\"Quotidien La Sentinelle\"},\"image\":{\"@id\":\"https:\\\/\\\/lasentinelle.dz\\\/#\\\/schema\\\/logo\\\/image\\\/\"},\"sameAs\":[\"https:\\\/\\\/www.facebook.com\\\/La-Sentinelle-104059864394773\"]},{\"@type\":\"Person\",\"@id\":\"https:\\\/\\\/lasentinelle.dz\\\/#\\\/schema\\\/person\\\/d865044e22e70a75174ce8bcad3acfb3\",\"name\":\"La Sentinelle\",\"image\":{\"@type\":\"ImageObject\",\"inLanguage\":\"fr-FR\",\"@id\":\"https:\\\/\\\/secure.gravatar.com\\\/avatar\\\/57de8e5d4b15d43fb361a71fbb36338450fe67865b528a43dd10ef7c51a20392?s=96&d=mm&r=g\",\"url\":\"https:\\\/\\\/secure.gravatar.com\\\/avatar\\\/57de8e5d4b15d43fb361a71fbb36338450fe67865b528a43dd10ef7c51a20392?s=96&d=mm&r=g\",\"contentUrl\":\"https:\\\/\\\/secure.gravatar.com\\\/avatar\\\/57de8e5d4b15d43fb361a71fbb36338450fe67865b528a43dd10ef7c51a20392?s=96&d=mm&r=g\",\"caption\":\"La Sentinelle\"},\"sameAs\":[\"http:\\\/\\\/www.lasentinelle.dz\"],\"url\":\"https:\\\/\\\/lasentinelle.dz\\\/author\\\/redaction\\\/\"}]}<\/script>\n<!-- \/ Yoast SEO plugin. -->","yoast_head_json":{"title":"\u00c9lections partielles du 15 octobre\u00a0:\u00a0Le d\u00e9lai pour le d\u00e9p\u00f4t des candidatures prendra fin aujourd\u2019hui - La Sentinelle","robots":{"index":"index","follow":"follow","max-snippet":"max-snippet:-1","max-image-preview":"max-image-preview:large","max-video-preview":"max-video-preview:-1"},"canonical":"https:\/\/lasentinelle.dz\/index.php\/2022\/08\/25\/elections-partielles-du-15-octobre-le-delai-pour-le-depot-des-candidatures-prendra-fin-aujourdhui\/","og_locale":"fr_FR","og_type":"article","og_title":"\u00c9lections partielles du 15 octobre\u00a0:\u00a0Le d\u00e9lai pour le d\u00e9p\u00f4t des candidatures prendra fin aujourd\u2019hui - La Sentinelle","og_description":"C\u2019est aujourd\u2019hui que prendra fin le d\u00e9lai pour le d\u00e9p\u00f4t des candidatures concernant les \u00e9lections partielles des membres des Assembl\u00e9es","og_url":"https:\/\/lasentinelle.dz\/index.php\/2022\/08\/25\/elections-partielles-du-15-octobre-le-delai-pour-le-depot-des-candidatures-prendra-fin-aujourdhui\/","og_site_name":"La Sentinelle","article_publisher":"https:\/\/www.facebook.com\/La-Sentinelle-104059864394773","article_published_time":"2022-08-24T23:05:00+00:00","og_image":[{"width":1491,"height":900,"url":"https:\/\/lasentinelle.dz\/wp-content\/uploads\/2022\/07\/vote.png","type":"image\/png"}],"author":"La Sentinelle","twitter_card":"summary_large_image","twitter_misc":{"\u00c9crit par":"La Sentinelle","Dur\u00e9e de lecture estim\u00e9e":"3 minutes"},"schema":{"@context":"https:\/\/schema.org","@graph":[{"@type":"Article","@id":"https:\/\/lasentinelle.dz\/index.php\/2022\/08\/25\/elections-partielles-du-15-octobre-le-delai-pour-le-depot-des-candidatures-prendra-fin-aujourdhui\/#article","isPartOf":{"@id":"https:\/\/lasentinelle.dz\/index.php\/2022\/08\/25\/elections-partielles-du-15-octobre-le-delai-pour-le-depot-des-candidatures-prendra-fin-aujourdhui\/"},"author":{"name":"La Sentinelle","@id":"https:\/\/lasentinelle.dz\/#\/schema\/person\/d865044e22e70a75174ce8bcad3acfb3"},"headline":"\u00c9lections partielles du 15 octobre\u00a0:\u00a0Le d\u00e9lai pour le d\u00e9p\u00f4t des candidatures prendra fin aujourd\u2019hui","datePublished":"2022-08-24T23:05:00+00:00","mainEntityOfPage":{"@id":"https:\/\/lasentinelle.dz\/index.php\/2022\/08\/25\/elections-partielles-du-15-octobre-le-delai-pour-le-depot-des-candidatures-prendra-fin-aujourdhui\/"},"wordCount":578,"commentCount":0,"publisher":{"@id":"https:\/\/lasentinelle.dz\/#organization"},"image":{"@id":"https:\/\/lasentinelle.dz\/index.php\/2022\/08\/25\/elections-partielles-du-15-octobre-le-delai-pour-le-depot-des-candidatures-prendra-fin-aujourdhui\/#primaryimage"},"thumbnailUrl":"https:\/\/lasentinelle.dz\/wp-content\/uploads\/2022\/07\/vote.png","articleSection":["Actualit\u00e9"],"inLanguage":"fr-FR","potentialAction":[{"@type":"CommentAction","name":"Comment","target":["https:\/\/lasentinelle.dz\/index.php\/2022\/08\/25\/elections-partielles-du-15-octobre-le-delai-pour-le-depot-des-candidatures-prendra-fin-aujourdhui\/#respond"]}]},{"@type":"WebPage","@id":"https:\/\/lasentinelle.dz\/index.php\/2022\/08\/25\/elections-partielles-du-15-octobre-le-delai-pour-le-depot-des-candidatures-prendra-fin-aujourdhui\/","url":"https:\/\/lasentinelle.dz\/index.php\/2022\/08\/25\/elections-partielles-du-15-octobre-le-delai-pour-le-depot-des-candidatures-prendra-fin-aujourdhui\/","name":"\u00c9lections partielles du 15 octobre\u00a0:\u00a0Le d\u00e9lai pour le d\u00e9p\u00f4t des candidatures prendra fin aujourd\u2019hui - La Sentinelle","isPartOf":{"@id":"https:\/\/lasentinelle.dz\/#website"},"primaryImageOfPage":{"@id":"https:\/\/lasentinelle.dz\/index.php\/2022\/08\/25\/elections-partielles-du-15-octobre-le-delai-pour-le-depot-des-candidatures-prendra-fin-aujourdhui\/#primaryimage"},"image":{"@id":"https:\/\/lasentinelle.dz\/index.php\/2022\/08\/25\/elections-partielles-du-15-octobre-le-delai-pour-le-depot-des-candidatures-prendra-fin-aujourdhui\/#primaryimage"},"thumbnailUrl":"https:\/\/lasentinelle.dz\/wp-content\/uploads\/2022\/07\/vote.png","datePublished":"2022-08-24T23:05:00+00:00","breadcrumb":{"@id":"https:\/\/lasentinelle.dz\/index.php\/2022\/08\/25\/elections-partielles-du-15-octobre-le-delai-pour-le-depot-des-candidatures-prendra-fin-aujourdhui\/#breadcrumb"},"inLanguage":"fr-FR","potentialAction":[{"@type":"ReadAction","target":["https:\/\/lasentinelle.dz\/index.php\/2022\/08\/25\/elections-partielles-du-15-octobre-le-delai-pour-le-depot-des-candidatures-prendra-fin-aujourdhui\/"]}]},{"@type":"ImageObject","inLanguage":"fr-FR","@id":"https:\/\/lasentinelle.dz\/index.php\/2022\/08\/25\/elections-partielles-du-15-octobre-le-delai-pour-le-depot-des-candidatures-prendra-fin-aujourdhui\/#primaryimage","url":"https:\/\/lasentinelle.dz\/wp-content\/uploads\/2022\/07\/vote.png","contentUrl":"https:\/\/lasentinelle.dz\/wp-content\/uploads\/2022\/07\/vote.png","width":1491,"height":900},{"@type":"BreadcrumbList","@id":"https:\/\/lasentinelle.dz\/index.php\/2022\/08\/25\/elections-partielles-du-15-octobre-le-delai-pour-le-depot-des-candidatures-prendra-fin-aujourdhui\/#breadcrumb","itemListElement":[{"@type":"ListItem","position":1,"name":"Accueil","item":"https:\/\/lasentinelle.dz\/"},{"@type":"ListItem","position":2,"name":"\u00c9lections partielles du 15 octobre\u00a0:\u00a0Le d\u00e9lai pour le d\u00e9p\u00f4t des candidatures prendra fin aujourd\u2019hui"}]},{"@type":"WebSite","@id":"https:\/\/lasentinelle.dz\/#website","url":"https:\/\/lasentinelle.dz\/","name":"La Sentinelle","description":"Quotidien national d&#039;information","publisher":{"@id":"https:\/\/lasentinelle.dz\/#organization"},"potentialAction":[{"@type":"SearchAction","target":{"@type":"EntryPoint","urlTemplate":"https:\/\/lasentinelle.dz\/?s={search_term_string}"},"query-input":{"@type":"PropertyValueSpecification","valueRequired":true,"valueName":"search_term_string"}}],"inLanguage":"fr-FR"},{"@type":"Organization","@id":"https:\/\/lasentinelle.dz\/#organization","name":"Quotidien La Sentinelle","url":"https:\/\/lasentinelle.dz\/","logo":{"@type":"ImageObject","inLanguage":"fr-FR","@id":"https:\/\/lasentinelle.dz\/#\/schema\/logo\/image\/","url":"https:\/\/lasentinelle.dz\/wp-content\/uploads\/2021\/09\/logo-sentinelleSLOGAN-1.png","contentUrl":"https:\/\/lasentinelle.dz\/wp-content\/uploads\/2021\/09\/logo-sentinelleSLOGAN-1.png","width":615,"height":142,"caption":"Quotidien La Sentinelle"},"image":{"@id":"https:\/\/lasentinelle.dz\/#\/schema\/logo\/image\/"},"sameAs":["https:\/\/www.facebook.com\/La-Sentinelle-104059864394773"]},{"@type":"Person","@id":"https:\/\/lasentinelle.dz\/#\/schema\/person\/d865044e22e70a75174ce8bcad3acfb3","name":"La Sentinelle","image":{"@type":"ImageObject","inLanguage":"fr-FR","@id":"https:\/\/secure.gravatar.com\/avatar\/57de8e5d4b15d43fb361a71fbb36338450fe67865b528a43dd10ef7c51a20392?s=96&d=mm&r=g","url":"https:\/\/secure.gravatar.com\/avatar\/57de8e5d4b15d43fb361a71fbb36338450fe67865b528a43dd10ef7c51a20392?s=96&d=mm&r=g","contentUrl":"https:\/\/secure.gravatar.com\/avatar\/57de8e5d4b15d43fb361a71fbb36338450fe67865b528a43dd10ef7c51a20392?s=96&d=mm&r=g","caption":"La Sentinelle"},"sameAs":["http:\/\/www.lasentinelle.dz"],"url":"https:\/\/lasentinelle.dz\/author\/redaction\/"}]}},"_links":{"self":[{"href":"https:\/\/lasentinelle.dz\/index.php\/wp-json\/wp\/v2\/posts\/26317","targetHints":{"allow":["GET"]}}],"collection":[{"href":"https:\/\/lasentinelle.dz\/index.php\/wp-json\/wp\/v2\/posts"}],"about":[{"href":"https:\/\/lasentinelle.dz\/index.php\/wp-json\/wp\/v2\/types\/post"}],"author":[{"embeddable":true,"href":"https:\/\/lasentinelle.dz\/index.php\/wp-json\/wp\/v2\/users\/3"}],"replies":[{"embeddable":true,"href":"https:\/\/lasentinelle.dz\/index.php\/wp-json\/wp\/v2\/comments?post=26317"}],"version-history":[{"count":1,"href":"https:\/\/lasentinelle.dz\/index.php\/wp-json\/wp\/v2\/posts\/26317\/revisions"}],"predecessor-version":[{"id":26327,"href":"https:\/\/lasentinelle.dz\/index.php\/wp-json\/wp\/v2\/posts\/26317\/revisions\/26327"}],"wp:featuredmedia":[{"embeddable":true,"href":"https:\/\/lasentinelle.dz\/index.php\/wp-json\/wp\/v2\/media\/24347"}],"wp:attachment":[{"href":"https:\/\/lasentinelle.dz\/index.php\/wp-json\/wp\/v2\/media?parent=26317"}],"wp:term":[{"taxonomy":"category","embeddable":true,"href":"https:\/\/lasentinelle.dz\/index.php\/wp-json\/wp\/v2\/categories?post=26317"},{"taxonomy":"post_tag","embeddable":true,"href":"https:\/\/lasentinelle.dz\/index.php\/wp-json\/wp\/v2\/tags?post=26317"}],"curies":[{"name":"wp","href":"https:\/\/api.w.org\/{rel}","templated":true}]}}