{"id":26341,"date":"2022-08-25T00:08:00","date_gmt":"2022-08-24T23:08:00","guid":{"rendered":"https:\/\/lasentinelle.dz\/?p=26341"},"modified":"2022-08-24T19:30:06","modified_gmt":"2022-08-24T18:30:06","slug":"championnat-de-ligue-1-cest-parti","status":"publish","type":"post","link":"https:\/\/lasentinelle.dz\/index.php\/2022\/08\/25\/championnat-de-ligue-1-cest-parti\/","title":{"rendered":"Championnat de Ligue 1\u00a0: C\u2019est parti\u00a0!"},"content":{"rendered":"\n<p>Apr\u00e8s une pause estivale studieuses, les 16 clubs de la Ligue 1 de football renoueront avec la comp\u00e9tition d\u00e8s demain, \u00e0 la faveur d\u2019une premi\u00e8re journ\u00e9e, demain et samedi, au cours de laquelle les nouveaux promus seront oppos\u00e9s aux poids lourds du championnat.&nbsp;<\/p>\n\n\n\n<p>Bien que le triple champion en titre s\u2019impose d\u00e9j\u00e0 comme le favoris de la comp\u00e9tition, les grands clubs, notamment la JSK, l\u2019USMA, le MCA et la JSS auront mis \u00e0 profit l\u2019intersaison pour intensifier la pr\u00e9paration, en pr\u00e9vision de la reprise du championnat mais aussi en pr\u00e9vision des comp\u00e9titions continentales auxquelles prennent par le CRB, la JSK, la JSS et l\u2019USMA. Une intersaison qui aura \u00e9galement \u00e9t\u00e9 intense sur le march\u00e9 des transferts avec des clubs comme le Chabab, ou les Canaris qui se seront illustr\u00e9s par pour leur dynamisme lors d\u2019un mercato estival qui se fermera aujourd\u2019hui.&nbsp;&nbsp;Le club de Belouizdad qui a op\u00e9r\u00e9 plus de 13 acquisitions cet \u00e9t\u00e9 part en grand favoris. Des clubs tels que le CR Belouizdad, le MC Alger, ou encore la JS Kabylie, ont d&#8217;embl\u00e9e affich\u00e9 leurs ambitions \u00e0 jouer les premiers r\u00f4les, en se renfor\u00e7ant qualitativement durant l&rsquo;intersaison, en attendant la r\u00e9alit\u00e9 du terrain. Le CR Belouizdad, premier club de l&rsquo;histoire du championnat national \u00e0 aligner trois titres de rang, aura \u00e0 c\u0153ur d&rsquo;entrer un peu plus dans la l\u00e9gende, en visant une quatri\u00e8me cons\u00e9cration, une mani\u00e8re de confirmer sa supr\u00e9matie. La direction du Chabab, \u00e0 sa t\u00eate le pr\u00e9sident du Conseil d&rsquo;administration Mohamed Benhadj, a cass\u00e9 sa tirelire en attirant des joueurs connus sur la sc\u00e8ne, tels que Boussouf (ex-SK Lommel\/ Belgique), Rebia\u00ef (MCA), et Laouafi (ex- ES Sahel\/ Tunisie). Si le titre de la Ligue 1 reste l&rsquo;\u00e9ternel objectif des Alg\u00e9rois, la Ligue des champions d&rsquo;Afrique est la comp\u00e9tition qui fait r\u00eaver le Chabab par excellence. Sous la conduite du nouvel entra\u00eeneur tunisien Nabil Kouki, le CRB esp\u00e8re faire mieux qu&rsquo;une place de quart de finaliste r\u00e9alis\u00e9e lors de la pr\u00e9c\u00e9dente \u00e9dition. A l&rsquo;instar du Chabab, le vice-champion d&rsquo;Alg\u00e9rie la JS Kabylie, a \u00e9galement enregistr\u00e9 l&rsquo;arriv\u00e9e du nouveau coach belge Jos\u00e9 Riga, tout engageant une dizaine de joueurs, \u00e0 l&rsquo;image de Guenina (MCO), Guemroud (CSC), et Chera\u00eftia (CRB). Les \u00ab\u00a0Canaris\u00a0\u00bb esp\u00e8rent mettre fin \u00e0 une longue p\u00e9riode de disette en championnat, puisque le dernier titre remonte \u00e0 2008. La JS Saoura, qui s&rsquo;est de nouveau invit\u00e9e sur le podium la saison derni\u00e8re (3e) pour la deuxi\u00e8me fois de rang, figure parmi les favoris, alors que le club phare de B\u00e9char a r\u00e9ussi \u00e0 pr\u00e9server l\u2019ossature de son effectif, en confiant la barre technique \u00e0 l&rsquo;entra\u00eeneur tunisien Nacif Bayaoui. D&rsquo;autres clubs sont pressentis \u00e9galement pour disputer le leadership, tels que le MC Alger et l&rsquo;ES S\u00e9tif, qui ont enregistr\u00e9 l&rsquo;arriv\u00e9e \u00e0 la barre technique respectivement de Franco-bosnien Faruk Hadzibegic et de l&rsquo;Egyptien Houssam Al-Badry. Pour leur part, l&rsquo;USM Alger, le Paradou AC, ou encore le CS Constantine, voudront jouer les trouble-f\u00eate et tenter d&rsquo;aller bousculer les t\u00e9nors. Les deux promus, l&rsquo;USM Khenchela et le MC El-Bayadh, auront \u00e0 c\u0153ur de se frayer un chemin parmi les \u00ab\u00a0grands\u00a0\u00bb, m\u00eame si leur t\u00e2che s&rsquo;annonce d&rsquo;ores et d\u00e9j\u00e0 difficile. L&rsquo;USMK, qui a retrouv\u00e9 l&rsquo;\u00e9lite pour la premi\u00e8re fois depuis pr\u00e8s de 50 ans, a fait appel aux services d&rsquo;un certain Nabil Neghiz, pass\u00e9 notamment par le MCA, la JSS, ou encore l&rsquo;IR Tanger (Maroc). La formation de Khenchela, a r\u00e9alis\u00e9 une v\u00e9ritable remue-m\u00e9nage dans son effectif, en engageant des joueurs d&rsquo;exp\u00e9rience tels que Za\u00efdi (MCA) et Sa\u00e2dou (Al-Djabala\u00efne\/ Arabie saoudite), tout en prolongeant certains de ses cadres. De son c\u00f4t\u00e9, le MC El-Bayadh, est parvenu \u00e0 r\u00e9aliser une accession historique en Ligue 1, coiffant au poteau des clubs r\u00e9put\u00e9s tels que le RC Kouba et le CR T\u00e9mouchent. L&rsquo;apprentissage du MCEB parmi \u00e9lite s&rsquo;annonce dur, eu \u00e9gard au manque d&rsquo;exp\u00e9rience de ses joueurs, appel\u00e9s \u00e0 puiser dans leur ressources pour faire face aux cadors. Le RC Arba\u00e2 et le HB Chelghoum-La\u00efd, qui avaient retrouv\u00e9 la Ligue 1 la saison derni\u00e8re, devront sortir le grand jeu pour \u00e9viter de retourner au purgatoire, eux qui avaient assur\u00e9 leur maintien aux forceps. Le HBCL a compl\u00e8tement rat\u00e9 son intersaison, marqu\u00e9e par un d\u00e9part massif de ses joueurs, l&rsquo;absence d&rsquo;un entra\u00eeneur, et surtout une pr\u00e9paration qui n&rsquo;a jamais eu lieu.&nbsp;&nbsp;Le fait marquant de cette nouvelle \u00e9dition c&rsquo;est la baisse du nombre de clubs de la Ligue 1, passant de 18 \u00e0 16, une d\u00e9cision prise par la F\u00e9d\u00e9ration alg\u00e9rienne (FAF) dans le cadre de la r\u00e9forme des comp\u00e9titions nationales. Avec un calendrier \u00e0 30 journ\u00e9es, les \u00e9quipes du palier sup\u00e9rieur reviennent ainsi \u00e0 l&rsquo;ancien rythme de comp\u00e9tition, avec deux phases de 15 journ\u00e9es chacune.<\/p>\n\n\n\n<p><strong>Chokri Hafed<\/strong><\/p>\n","protected":false},"excerpt":{"rendered":"<p>Apr\u00e8s une pause estivale studieuses, les 16 clubs de la Ligue 1 de football renoueront avec la comp\u00e9tition d\u00e8s demain,<\/p>\n","protected":false},"author":3,"featured_media":26342,"comment_status":"open","ping_status":"closed","sticky":false,"template":"","format":"standard","meta":{"colormag_page_container_layout":"default_layout","colormag_page_sidebar_layout":"default_layout","om_disable_all_campaigns":false,"_monsterinsights_skip_tracking":false,"_monsterinsights_sitenote_active":false,"_monsterinsights_sitenote_note":"","_monsterinsights_sitenote_category":0,"footnotes":"","_wpscppro_dont_share_socialmedia":false,"_wpscppro_custom_social_share_image":0,"_facebook_share_type":"","_twitter_share_type":"","_linkedin_share_type":"","_pinterest_share_type":"","_linkedin_share_type_page":"","_instagram_share_type":"","_medium_share_type":"","_threads_share_type":"","_google_business_share_type":"","_selected_social_profile":[],"_wpsp_enable_custom_social_template":false,"_wpsp_social_scheduling":{"enabled":false,"datetime":null,"platforms":[],"status":"template_only","dateOption":"today","timeOption":"now","customDays":"","customHours":"","customDate":"","customTime":"","schedulingType":"absolute"},"_wpsp_active_default_template":true},"categories":[52,33],"tags":[],"class_list":["post-26341","post","type-post","status-publish","format-standard","has-post-thumbnail","hentry","category-a-la-une","category-sports"],"aioseo_notices":[],"yoast_head":"<!-- This site is optimized with the Yoast SEO plugin v27.5 - https:\/\/yoast.com\/product\/yoast-seo-wordpress\/ -->\n<title>Championnat de Ligue 1\u00a0: C\u2019est parti\u00a0! - La Sentinelle<\/title>\n<meta name=\"robots\" content=\"index, follow, max-snippet:-1, max-image-preview:large, max-video-preview:-1\" \/>\n<link rel=\"canonical\" href=\"https:\/\/lasentinelle.dz\/index.php\/2022\/08\/25\/championnat-de-ligue-1-cest-parti\/\" \/>\n<meta property=\"og:locale\" content=\"fr_FR\" \/>\n<meta property=\"og:type\" content=\"article\" \/>\n<meta property=\"og:title\" content=\"Championnat de Ligue 1\u00a0: C\u2019est parti\u00a0! - La Sentinelle\" \/>\n<meta property=\"og:description\" content=\"Apr\u00e8s une pause estivale studieuses, les 16 clubs de la Ligue 1 de football renoueront avec la comp\u00e9tition d\u00e8s demain,\" \/>\n<meta property=\"og:url\" content=\"https:\/\/lasentinelle.dz\/index.php\/2022\/08\/25\/championnat-de-ligue-1-cest-parti\/\" \/>\n<meta property=\"og:site_name\" content=\"La Sentinelle\" \/>\n<meta property=\"article:publisher\" content=\"https:\/\/www.facebook.com\/La-Sentinelle-104059864394773\" \/>\n<meta property=\"article:published_time\" content=\"2022-08-24T23:08:00+00:00\" \/>\n<meta property=\"og:image\" content=\"https:\/\/lasentinelle.dz\/wp-content\/uploads\/2022\/08\/ligue1.png\" \/>\n\t<meta property=\"og:image:width\" content=\"1423\" \/>\n\t<meta property=\"og:image:height\" content=\"900\" \/>\n\t<meta property=\"og:image:type\" content=\"image\/png\" \/>\n<meta name=\"author\" content=\"La Sentinelle\" \/>\n<meta name=\"twitter:card\" content=\"summary_large_image\" \/>\n<meta name=\"twitter:label1\" content=\"\u00c9crit par\" \/>\n\t<meta name=\"twitter:data1\" content=\"La Sentinelle\" \/>\n\t<meta name=\"twitter:label2\" content=\"Dur\u00e9e de lecture estim\u00e9e\" \/>\n\t<meta name=\"twitter:data2\" content=\"4 minutes\" \/>\n<script type=\"application\/ld+json\" class=\"yoast-schema-graph\">{\"@context\":\"https:\\\/\\\/schema.org\",\"@graph\":[{\"@type\":\"Article\",\"@id\":\"https:\\\/\\\/lasentinelle.dz\\\/index.php\\\/2022\\\/08\\\/25\\\/championnat-de-ligue-1-cest-parti\\\/#article\",\"isPartOf\":{\"@id\":\"https:\\\/\\\/lasentinelle.dz\\\/index.php\\\/2022\\\/08\\\/25\\\/championnat-de-ligue-1-cest-parti\\\/\"},\"author\":{\"name\":\"La Sentinelle\",\"@id\":\"https:\\\/\\\/lasentinelle.dz\\\/#\\\/schema\\\/person\\\/d865044e22e70a75174ce8bcad3acfb3\"},\"headline\":\"Championnat de Ligue 1\u00a0: C\u2019est parti\u00a0!\",\"datePublished\":\"2022-08-24T23:08:00+00:00\",\"mainEntityOfPage\":{\"@id\":\"https:\\\/\\\/lasentinelle.dz\\\/index.php\\\/2022\\\/08\\\/25\\\/championnat-de-ligue-1-cest-parti\\\/\"},\"wordCount\":885,\"commentCount\":0,\"publisher\":{\"@id\":\"https:\\\/\\\/lasentinelle.dz\\\/#organization\"},\"image\":{\"@id\":\"https:\\\/\\\/lasentinelle.dz\\\/index.php\\\/2022\\\/08\\\/25\\\/championnat-de-ligue-1-cest-parti\\\/#primaryimage\"},\"thumbnailUrl\":\"https:\\\/\\\/lasentinelle.dz\\\/wp-content\\\/uploads\\\/2022\\\/08\\\/ligue1.png\",\"articleSection\":[\"\u00c0 la Une\",\"Sports\"],\"inLanguage\":\"fr-FR\",\"potentialAction\":[{\"@type\":\"CommentAction\",\"name\":\"Comment\",\"target\":[\"https:\\\/\\\/lasentinelle.dz\\\/index.php\\\/2022\\\/08\\\/25\\\/championnat-de-ligue-1-cest-parti\\\/#respond\"]}]},{\"@type\":\"WebPage\",\"@id\":\"https:\\\/\\\/lasentinelle.dz\\\/index.php\\\/2022\\\/08\\\/25\\\/championnat-de-ligue-1-cest-parti\\\/\",\"url\":\"https:\\\/\\\/lasentinelle.dz\\\/index.php\\\/2022\\\/08\\\/25\\\/championnat-de-ligue-1-cest-parti\\\/\",\"name\":\"Championnat de Ligue 1\u00a0: C\u2019est parti\u00a0! - La Sentinelle\",\"isPartOf\":{\"@id\":\"https:\\\/\\\/lasentinelle.dz\\\/#website\"},\"primaryImageOfPage\":{\"@id\":\"https:\\\/\\\/lasentinelle.dz\\\/index.php\\\/2022\\\/08\\\/25\\\/championnat-de-ligue-1-cest-parti\\\/#primaryimage\"},\"image\":{\"@id\":\"https:\\\/\\\/lasentinelle.dz\\\/index.php\\\/2022\\\/08\\\/25\\\/championnat-de-ligue-1-cest-parti\\\/#primaryimage\"},\"thumbnailUrl\":\"https:\\\/\\\/lasentinelle.dz\\\/wp-content\\\/uploads\\\/2022\\\/08\\\/ligue1.png\",\"datePublished\":\"2022-08-24T23:08:00+00:00\",\"breadcrumb\":{\"@id\":\"https:\\\/\\\/lasentinelle.dz\\\/index.php\\\/2022\\\/08\\\/25\\\/championnat-de-ligue-1-cest-parti\\\/#breadcrumb\"},\"inLanguage\":\"fr-FR\",\"potentialAction\":[{\"@type\":\"ReadAction\",\"target\":[\"https:\\\/\\\/lasentinelle.dz\\\/index.php\\\/2022\\\/08\\\/25\\\/championnat-de-ligue-1-cest-parti\\\/\"]}]},{\"@type\":\"ImageObject\",\"inLanguage\":\"fr-FR\",\"@id\":\"https:\\\/\\\/lasentinelle.dz\\\/index.php\\\/2022\\\/08\\\/25\\\/championnat-de-ligue-1-cest-parti\\\/#primaryimage\",\"url\":\"https:\\\/\\\/lasentinelle.dz\\\/wp-content\\\/uploads\\\/2022\\\/08\\\/ligue1.png\",\"contentUrl\":\"https:\\\/\\\/lasentinelle.dz\\\/wp-content\\\/uploads\\\/2022\\\/08\\\/ligue1.png\",\"width\":1423,\"height\":900},{\"@type\":\"BreadcrumbList\",\"@id\":\"https:\\\/\\\/lasentinelle.dz\\\/index.php\\\/2022\\\/08\\\/25\\\/championnat-de-ligue-1-cest-parti\\\/#breadcrumb\",\"itemListElement\":[{\"@type\":\"ListItem\",\"position\":1,\"name\":\"Accueil\",\"item\":\"https:\\\/\\\/lasentinelle.dz\\\/\"},{\"@type\":\"ListItem\",\"position\":2,\"name\":\"Championnat de Ligue 1\u00a0: C\u2019est parti\u00a0!\"}]},{\"@type\":\"WebSite\",\"@id\":\"https:\\\/\\\/lasentinelle.dz\\\/#website\",\"url\":\"https:\\\/\\\/lasentinelle.dz\\\/\",\"name\":\"La Sentinelle\",\"description\":\"Quotidien national d&#039;information\",\"publisher\":{\"@id\":\"https:\\\/\\\/lasentinelle.dz\\\/#organization\"},\"potentialAction\":[{\"@type\":\"SearchAction\",\"target\":{\"@type\":\"EntryPoint\",\"urlTemplate\":\"https:\\\/\\\/lasentinelle.dz\\\/?s={search_term_string}\"},\"query-input\":{\"@type\":\"PropertyValueSpecification\",\"valueRequired\":true,\"valueName\":\"search_term_string\"}}],\"inLanguage\":\"fr-FR\"},{\"@type\":\"Organization\",\"@id\":\"https:\\\/\\\/lasentinelle.dz\\\/#organization\",\"name\":\"Quotidien La Sentinelle\",\"url\":\"https:\\\/\\\/lasentinelle.dz\\\/\",\"logo\":{\"@type\":\"ImageObject\",\"inLanguage\":\"fr-FR\",\"@id\":\"https:\\\/\\\/lasentinelle.dz\\\/#\\\/schema\\\/logo\\\/image\\\/\",\"url\":\"https:\\\/\\\/lasentinelle.dz\\\/wp-content\\\/uploads\\\/2021\\\/09\\\/logo-sentinelleSLOGAN-1.png\",\"contentUrl\":\"https:\\\/\\\/lasentinelle.dz\\\/wp-content\\\/uploads\\\/2021\\\/09\\\/logo-sentinelleSLOGAN-1.png\",\"width\":615,\"height\":142,\"caption\":\"Quotidien La Sentinelle\"},\"image\":{\"@id\":\"https:\\\/\\\/lasentinelle.dz\\\/#\\\/schema\\\/logo\\\/image\\\/\"},\"sameAs\":[\"https:\\\/\\\/www.facebook.com\\\/La-Sentinelle-104059864394773\"]},{\"@type\":\"Person\",\"@id\":\"https:\\\/\\\/lasentinelle.dz\\\/#\\\/schema\\\/person\\\/d865044e22e70a75174ce8bcad3acfb3\",\"name\":\"La Sentinelle\",\"image\":{\"@type\":\"ImageObject\",\"inLanguage\":\"fr-FR\",\"@id\":\"https:\\\/\\\/secure.gravatar.com\\\/avatar\\\/57de8e5d4b15d43fb361a71fbb36338450fe67865b528a43dd10ef7c51a20392?s=96&d=mm&r=g\",\"url\":\"https:\\\/\\\/secure.gravatar.com\\\/avatar\\\/57de8e5d4b15d43fb361a71fbb36338450fe67865b528a43dd10ef7c51a20392?s=96&d=mm&r=g\",\"contentUrl\":\"https:\\\/\\\/secure.gravatar.com\\\/avatar\\\/57de8e5d4b15d43fb361a71fbb36338450fe67865b528a43dd10ef7c51a20392?s=96&d=mm&r=g\",\"caption\":\"La Sentinelle\"},\"sameAs\":[\"http:\\\/\\\/www.lasentinelle.dz\"],\"url\":\"https:\\\/\\\/lasentinelle.dz\\\/author\\\/redaction\\\/\"}]}<\/script>\n<!-- \/ Yoast SEO plugin. -->","yoast_head_json":{"title":"Championnat de Ligue 1\u00a0: C\u2019est parti\u00a0! - La Sentinelle","robots":{"index":"index","follow":"follow","max-snippet":"max-snippet:-1","max-image-preview":"max-image-preview:large","max-video-preview":"max-video-preview:-1"},"canonical":"https:\/\/lasentinelle.dz\/index.php\/2022\/08\/25\/championnat-de-ligue-1-cest-parti\/","og_locale":"fr_FR","og_type":"article","og_title":"Championnat de Ligue 1\u00a0: C\u2019est parti\u00a0! - La Sentinelle","og_description":"Apr\u00e8s une pause estivale studieuses, les 16 clubs de la Ligue 1 de football renoueront avec la comp\u00e9tition d\u00e8s demain,","og_url":"https:\/\/lasentinelle.dz\/index.php\/2022\/08\/25\/championnat-de-ligue-1-cest-parti\/","og_site_name":"La Sentinelle","article_publisher":"https:\/\/www.facebook.com\/La-Sentinelle-104059864394773","article_published_time":"2022-08-24T23:08:00+00:00","og_image":[{"width":1423,"height":900,"url":"https:\/\/lasentinelle.dz\/wp-content\/uploads\/2022\/08\/ligue1.png","type":"image\/png"}],"author":"La Sentinelle","twitter_card":"summary_large_image","twitter_misc":{"\u00c9crit par":"La Sentinelle","Dur\u00e9e de lecture estim\u00e9e":"4 minutes"},"schema":{"@context":"https:\/\/schema.org","@graph":[{"@type":"Article","@id":"https:\/\/lasentinelle.dz\/index.php\/2022\/08\/25\/championnat-de-ligue-1-cest-parti\/#article","isPartOf":{"@id":"https:\/\/lasentinelle.dz\/index.php\/2022\/08\/25\/championnat-de-ligue-1-cest-parti\/"},"author":{"name":"La Sentinelle","@id":"https:\/\/lasentinelle.dz\/#\/schema\/person\/d865044e22e70a75174ce8bcad3acfb3"},"headline":"Championnat de Ligue 1\u00a0: C\u2019est parti\u00a0!","datePublished":"2022-08-24T23:08:00+00:00","mainEntityOfPage":{"@id":"https:\/\/lasentinelle.dz\/index.php\/2022\/08\/25\/championnat-de-ligue-1-cest-parti\/"},"wordCount":885,"commentCount":0,"publisher":{"@id":"https:\/\/lasentinelle.dz\/#organization"},"image":{"@id":"https:\/\/lasentinelle.dz\/index.php\/2022\/08\/25\/championnat-de-ligue-1-cest-parti\/#primaryimage"},"thumbnailUrl":"https:\/\/lasentinelle.dz\/wp-content\/uploads\/2022\/08\/ligue1.png","articleSection":["\u00c0 la Une","Sports"],"inLanguage":"fr-FR","potentialAction":[{"@type":"CommentAction","name":"Comment","target":["https:\/\/lasentinelle.dz\/index.php\/2022\/08\/25\/championnat-de-ligue-1-cest-parti\/#respond"]}]},{"@type":"WebPage","@id":"https:\/\/lasentinelle.dz\/index.php\/2022\/08\/25\/championnat-de-ligue-1-cest-parti\/","url":"https:\/\/lasentinelle.dz\/index.php\/2022\/08\/25\/championnat-de-ligue-1-cest-parti\/","name":"Championnat de Ligue 1\u00a0: C\u2019est parti\u00a0! - La Sentinelle","isPartOf":{"@id":"https:\/\/lasentinelle.dz\/#website"},"primaryImageOfPage":{"@id":"https:\/\/lasentinelle.dz\/index.php\/2022\/08\/25\/championnat-de-ligue-1-cest-parti\/#primaryimage"},"image":{"@id":"https:\/\/lasentinelle.dz\/index.php\/2022\/08\/25\/championnat-de-ligue-1-cest-parti\/#primaryimage"},"thumbnailUrl":"https:\/\/lasentinelle.dz\/wp-content\/uploads\/2022\/08\/ligue1.png","datePublished":"2022-08-24T23:08:00+00:00","breadcrumb":{"@id":"https:\/\/lasentinelle.dz\/index.php\/2022\/08\/25\/championnat-de-ligue-1-cest-parti\/#breadcrumb"},"inLanguage":"fr-FR","potentialAction":[{"@type":"ReadAction","target":["https:\/\/lasentinelle.dz\/index.php\/2022\/08\/25\/championnat-de-ligue-1-cest-parti\/"]}]},{"@type":"ImageObject","inLanguage":"fr-FR","@id":"https:\/\/lasentinelle.dz\/index.php\/2022\/08\/25\/championnat-de-ligue-1-cest-parti\/#primaryimage","url":"https:\/\/lasentinelle.dz\/wp-content\/uploads\/2022\/08\/ligue1.png","contentUrl":"https:\/\/lasentinelle.dz\/wp-content\/uploads\/2022\/08\/ligue1.png","width":1423,"height":900},{"@type":"BreadcrumbList","@id":"https:\/\/lasentinelle.dz\/index.php\/2022\/08\/25\/championnat-de-ligue-1-cest-parti\/#breadcrumb","itemListElement":[{"@type":"ListItem","position":1,"name":"Accueil","item":"https:\/\/lasentinelle.dz\/"},{"@type":"ListItem","position":2,"name":"Championnat de Ligue 1\u00a0: C\u2019est parti\u00a0!"}]},{"@type":"WebSite","@id":"https:\/\/lasentinelle.dz\/#website","url":"https:\/\/lasentinelle.dz\/","name":"La Sentinelle","description":"Quotidien national d&#039;information","publisher":{"@id":"https:\/\/lasentinelle.dz\/#organization"},"potentialAction":[{"@type":"SearchAction","target":{"@type":"EntryPoint","urlTemplate":"https:\/\/lasentinelle.dz\/?s={search_term_string}"},"query-input":{"@type":"PropertyValueSpecification","valueRequired":true,"valueName":"search_term_string"}}],"inLanguage":"fr-FR"},{"@type":"Organization","@id":"https:\/\/lasentinelle.dz\/#organization","name":"Quotidien La Sentinelle","url":"https:\/\/lasentinelle.dz\/","logo":{"@type":"ImageObject","inLanguage":"fr-FR","@id":"https:\/\/lasentinelle.dz\/#\/schema\/logo\/image\/","url":"https:\/\/lasentinelle.dz\/wp-content\/uploads\/2021\/09\/logo-sentinelleSLOGAN-1.png","contentUrl":"https:\/\/lasentinelle.dz\/wp-content\/uploads\/2021\/09\/logo-sentinelleSLOGAN-1.png","width":615,"height":142,"caption":"Quotidien La Sentinelle"},"image":{"@id":"https:\/\/lasentinelle.dz\/#\/schema\/logo\/image\/"},"sameAs":["https:\/\/www.facebook.com\/La-Sentinelle-104059864394773"]},{"@type":"Person","@id":"https:\/\/lasentinelle.dz\/#\/schema\/person\/d865044e22e70a75174ce8bcad3acfb3","name":"La Sentinelle","image":{"@type":"ImageObject","inLanguage":"fr-FR","@id":"https:\/\/secure.gravatar.com\/avatar\/57de8e5d4b15d43fb361a71fbb36338450fe67865b528a43dd10ef7c51a20392?s=96&d=mm&r=g","url":"https:\/\/secure.gravatar.com\/avatar\/57de8e5d4b15d43fb361a71fbb36338450fe67865b528a43dd10ef7c51a20392?s=96&d=mm&r=g","contentUrl":"https:\/\/secure.gravatar.com\/avatar\/57de8e5d4b15d43fb361a71fbb36338450fe67865b528a43dd10ef7c51a20392?s=96&d=mm&r=g","caption":"La Sentinelle"},"sameAs":["http:\/\/www.lasentinelle.dz"],"url":"https:\/\/lasentinelle.dz\/author\/redaction\/"}]}},"_links":{"self":[{"href":"https:\/\/lasentinelle.dz\/index.php\/wp-json\/wp\/v2\/posts\/26341","targetHints":{"allow":["GET"]}}],"collection":[{"href":"https:\/\/lasentinelle.dz\/index.php\/wp-json\/wp\/v2\/posts"}],"about":[{"href":"https:\/\/lasentinelle.dz\/index.php\/wp-json\/wp\/v2\/types\/post"}],"author":[{"embeddable":true,"href":"https:\/\/lasentinelle.dz\/index.php\/wp-json\/wp\/v2\/users\/3"}],"replies":[{"embeddable":true,"href":"https:\/\/lasentinelle.dz\/index.php\/wp-json\/wp\/v2\/comments?post=26341"}],"version-history":[{"count":1,"href":"https:\/\/lasentinelle.dz\/index.php\/wp-json\/wp\/v2\/posts\/26341\/revisions"}],"predecessor-version":[{"id":26343,"href":"https:\/\/lasentinelle.dz\/index.php\/wp-json\/wp\/v2\/posts\/26341\/revisions\/26343"}],"wp:featuredmedia":[{"embeddable":true,"href":"https:\/\/lasentinelle.dz\/index.php\/wp-json\/wp\/v2\/media\/26342"}],"wp:attachment":[{"href":"https:\/\/lasentinelle.dz\/index.php\/wp-json\/wp\/v2\/media?parent=26341"}],"wp:term":[{"taxonomy":"category","embeddable":true,"href":"https:\/\/lasentinelle.dz\/index.php\/wp-json\/wp\/v2\/categories?post=26341"},{"taxonomy":"post_tag","embeddable":true,"href":"https:\/\/lasentinelle.dz\/index.php\/wp-json\/wp\/v2\/tags?post=26341"}],"curies":[{"name":"wp","href":"https:\/\/api.w.org\/{rel}","templated":true}]}}