{"id":26363,"date":"2022-08-28T00:01:00","date_gmt":"2022-08-27T23:01:00","guid":{"rendered":"https:\/\/lasentinelle.dz\/?p=26363"},"modified":"2022-08-27T16:32:29","modified_gmt":"2022-08-27T15:32:29","slug":"pakistan-plus-de-1000-morts-dans-des-inondations","status":"publish","type":"post","link":"https:\/\/lasentinelle.dz\/index.php\/2022\/08\/28\/pakistan-plus-de-1000-morts-dans-des-inondations\/","title":{"rendered":"Pakistan\u00a0:\u00a0Plus de 1000 morts dans des inondations"},"content":{"rendered":"\n<p>Des milliers de personnes vivant pr\u00e8s de rivi\u00e8res en crue dans le nord du Pakistan ont re\u00e7u l&rsquo;ordre d&rsquo;\u00e9vacuer leurs habitations samedi, apr\u00e8s que les pluies d\u00e9vastatrices de la mousson eurent d\u00e9j\u00e0 fait pr\u00e8s de 1000 morts. De nombreuses rivi\u00e8res de la province de Khyber Pahktunkhwa &#8211; parcourue de montagnes et de vall\u00e9es escarp\u00e9es &#8211; ont d\u00e9bord\u00e9 et d\u00e9truit des dizaines de b\u00e2timents, dont un h\u00f4tel de 150 chambres emport\u00e9 par des eaux d\u00e9cha\u00een\u00e9es. La mousson, qui dure habituellement de juin \u00e0 septembre, est essentielle pour l&rsquo;irrigation des plantations et pour reconstituer les ressources en eau du sous-continent indien. Mais elle apporte aussi chaque ann\u00e9e son lot de drames et destructions. Plus de 33 millions de personnes &#8211; un Pakistanais sur sept &#8211; ont \u00e9t\u00e9 touch\u00e9es par les inondations et pr\u00e8s d&rsquo;un million de maisons ont \u00e9t\u00e9 d\u00e9truites ou gravement endommag\u00e9es, selon le gouvernement. Hier, les autorit\u00e9s ont ordonn\u00e9 \u00e0 des milliers d&rsquo;habitants du district de Swat d&rsquo;\u00e9vacuer leurs habitations avant que les rivi\u00e8res ne sortent de leur lit. Selon les autorit\u00e9s, ces intemp\u00e9ries sont comparables \u00e0 celles de 2010, ann\u00e9e au cours de laquelle 2000 personnes avaient \u00e9t\u00e9 tu\u00e9es et pr\u00e8s d&rsquo;un cinqui\u00e8me du pays submerg\u00e9 par les pluies. Les responsables pakistanais attribuent ces intemp\u00e9ries d\u00e9vastatrices au changement climatique, affirmant que le Pakistan subit injustement les cons\u00e9quences de pratiques environnementales irresponsables ailleurs dans le monde. Le Pakistan est particuli\u00e8rement vuln\u00e9rable au d\u00e9r\u00e8glement climatique. Il figure en 8e position des pays les plus menac\u00e9s par les ph\u00e9nom\u00e8nes m\u00e9t\u00e9orologiques extr\u00eames, selon une \u00e9tude de l&rsquo;ONG Germanwatch. Pourtant, les habitants ont aussi leur part de responsabilit\u00e9 dans les d\u00e9g\u00e2ts provoqu\u00e9s. La corruption et des programmes d&rsquo;urbanisme mal \u00e9tablis ont conduit \u00e0 la construction de milliers de b\u00e2timents dans des zones inondables. Le gouvernement a d\u00e9clar\u00e9 vendredi l&rsquo;\u00e9tat d&rsquo;urgence et mobilis\u00e9 l&rsquo;arm\u00e9e pour faire face \u00e0 cette \u00abcatastrophe d&rsquo;une rare ampleur\u00bb, comme l&rsquo;a qualifi\u00e9e la ministre du Changement climatique, Sherry Rehman.<\/p>\n\n\n\n<p>R.I.<\/p>\n","protected":false},"excerpt":{"rendered":"<p>Des milliers de personnes vivant pr\u00e8s de rivi\u00e8res en crue dans le nord du Pakistan ont re\u00e7u l&rsquo;ordre d&rsquo;\u00e9vacuer leurs<\/p>\n","protected":false},"author":3,"featured_media":26389,"comment_status":"open","ping_status":"closed","sticky":false,"template":"","format":"standard","meta":{"colormag_page_container_layout":"default_layout","colormag_page_sidebar_layout":"default_layout","om_disable_all_campaigns":false,"_monsterinsights_skip_tracking":false,"_monsterinsights_sitenote_active":false,"_monsterinsights_sitenote_note":"","_monsterinsights_sitenote_category":0,"footnotes":"","_wpscppro_dont_share_socialmedia":false,"_wpscppro_custom_social_share_image":0,"_facebook_share_type":"","_twitter_share_type":"","_linkedin_share_type":"","_pinterest_share_type":"","_linkedin_share_type_page":"","_instagram_share_type":"","_medium_share_type":"","_threads_share_type":"","_google_business_share_type":"","_selected_social_profile":[],"_wpsp_enable_custom_social_template":false,"_wpsp_social_scheduling":{"enabled":false,"datetime":null,"platforms":[],"status":"template_only","dateOption":"today","timeOption":"now","customDays":"","customHours":"","customDate":"","customTime":"","schedulingType":"absolute"},"_wpsp_active_default_template":true},"categories":[37],"tags":[],"class_list":["post-26363","post","type-post","status-publish","format-standard","has-post-thumbnail","hentry","category-monde"],"aioseo_notices":[],"yoast_head":"<!-- This site is optimized with the Yoast SEO plugin v27.5 - https:\/\/yoast.com\/product\/yoast-seo-wordpress\/ -->\n<title>Pakistan\u00a0:\u00a0Plus de 1000 morts dans des inondations - La Sentinelle<\/title>\n<meta name=\"robots\" content=\"index, follow, max-snippet:-1, max-image-preview:large, max-video-preview:-1\" \/>\n<link rel=\"canonical\" href=\"https:\/\/lasentinelle.dz\/index.php\/2022\/08\/28\/pakistan-plus-de-1000-morts-dans-des-inondations\/\" \/>\n<meta property=\"og:locale\" content=\"fr_FR\" \/>\n<meta property=\"og:type\" content=\"article\" \/>\n<meta property=\"og:title\" content=\"Pakistan\u00a0:\u00a0Plus de 1000 morts dans des inondations - La Sentinelle\" \/>\n<meta property=\"og:description\" content=\"Des milliers de personnes vivant pr\u00e8s de rivi\u00e8res en crue dans le nord du Pakistan ont re\u00e7u l&rsquo;ordre d&rsquo;\u00e9vacuer leurs\" \/>\n<meta property=\"og:url\" content=\"https:\/\/lasentinelle.dz\/index.php\/2022\/08\/28\/pakistan-plus-de-1000-morts-dans-des-inondations\/\" \/>\n<meta property=\"og:site_name\" content=\"La Sentinelle\" \/>\n<meta property=\"article:publisher\" content=\"https:\/\/www.facebook.com\/La-Sentinelle-104059864394773\" \/>\n<meta property=\"article:published_time\" content=\"2022-08-27T23:01:00+00:00\" \/>\n<meta property=\"og:image\" content=\"https:\/\/lasentinelle.dz\/wp-content\/uploads\/2022\/08\/9bcb80c824e20e41b7b43eb5d91360b4d5cff6a76de1cdc5996a5ec466e25ec3.jpg\" \/>\n\t<meta property=\"og:image:width\" content=\"704\" \/>\n\t<meta property=\"og:image:height\" content=\"469\" \/>\n\t<meta property=\"og:image:type\" content=\"image\/jpeg\" \/>\n<meta name=\"author\" content=\"La Sentinelle\" \/>\n<meta name=\"twitter:card\" content=\"summary_large_image\" \/>\n<meta name=\"twitter:label1\" content=\"\u00c9crit par\" \/>\n\t<meta name=\"twitter:data1\" content=\"La Sentinelle\" \/>\n\t<meta name=\"twitter:label2\" content=\"Dur\u00e9e de lecture estim\u00e9e\" \/>\n\t<meta name=\"twitter:data2\" content=\"2 minutes\" \/>\n<script type=\"application\/ld+json\" class=\"yoast-schema-graph\">{\"@context\":\"https:\\\/\\\/schema.org\",\"@graph\":[{\"@type\":\"Article\",\"@id\":\"https:\\\/\\\/lasentinelle.dz\\\/index.php\\\/2022\\\/08\\\/28\\\/pakistan-plus-de-1000-morts-dans-des-inondations\\\/#article\",\"isPartOf\":{\"@id\":\"https:\\\/\\\/lasentinelle.dz\\\/index.php\\\/2022\\\/08\\\/28\\\/pakistan-plus-de-1000-morts-dans-des-inondations\\\/\"},\"author\":{\"name\":\"La Sentinelle\",\"@id\":\"https:\\\/\\\/lasentinelle.dz\\\/#\\\/schema\\\/person\\\/d865044e22e70a75174ce8bcad3acfb3\"},\"headline\":\"Pakistan\u00a0:\u00a0Plus de 1000 morts dans des inondations\",\"datePublished\":\"2022-08-27T23:01:00+00:00\",\"mainEntityOfPage\":{\"@id\":\"https:\\\/\\\/lasentinelle.dz\\\/index.php\\\/2022\\\/08\\\/28\\\/pakistan-plus-de-1000-morts-dans-des-inondations\\\/\"},\"wordCount\":381,\"commentCount\":0,\"publisher\":{\"@id\":\"https:\\\/\\\/lasentinelle.dz\\\/#organization\"},\"image\":{\"@id\":\"https:\\\/\\\/lasentinelle.dz\\\/index.php\\\/2022\\\/08\\\/28\\\/pakistan-plus-de-1000-morts-dans-des-inondations\\\/#primaryimage\"},\"thumbnailUrl\":\"https:\\\/\\\/lasentinelle.dz\\\/wp-content\\\/uploads\\\/2022\\\/08\\\/9bcb80c824e20e41b7b43eb5d91360b4d5cff6a76de1cdc5996a5ec466e25ec3.jpg\",\"articleSection\":[\"Monde\"],\"inLanguage\":\"fr-FR\",\"potentialAction\":[{\"@type\":\"CommentAction\",\"name\":\"Comment\",\"target\":[\"https:\\\/\\\/lasentinelle.dz\\\/index.php\\\/2022\\\/08\\\/28\\\/pakistan-plus-de-1000-morts-dans-des-inondations\\\/#respond\"]}]},{\"@type\":\"WebPage\",\"@id\":\"https:\\\/\\\/lasentinelle.dz\\\/index.php\\\/2022\\\/08\\\/28\\\/pakistan-plus-de-1000-morts-dans-des-inondations\\\/\",\"url\":\"https:\\\/\\\/lasentinelle.dz\\\/index.php\\\/2022\\\/08\\\/28\\\/pakistan-plus-de-1000-morts-dans-des-inondations\\\/\",\"name\":\"Pakistan\u00a0:\u00a0Plus de 1000 morts dans des inondations - La Sentinelle\",\"isPartOf\":{\"@id\":\"https:\\\/\\\/lasentinelle.dz\\\/#website\"},\"primaryImageOfPage\":{\"@id\":\"https:\\\/\\\/lasentinelle.dz\\\/index.php\\\/2022\\\/08\\\/28\\\/pakistan-plus-de-1000-morts-dans-des-inondations\\\/#primaryimage\"},\"image\":{\"@id\":\"https:\\\/\\\/lasentinelle.dz\\\/index.php\\\/2022\\\/08\\\/28\\\/pakistan-plus-de-1000-morts-dans-des-inondations\\\/#primaryimage\"},\"thumbnailUrl\":\"https:\\\/\\\/lasentinelle.dz\\\/wp-content\\\/uploads\\\/2022\\\/08\\\/9bcb80c824e20e41b7b43eb5d91360b4d5cff6a76de1cdc5996a5ec466e25ec3.jpg\",\"datePublished\":\"2022-08-27T23:01:00+00:00\",\"breadcrumb\":{\"@id\":\"https:\\\/\\\/lasentinelle.dz\\\/index.php\\\/2022\\\/08\\\/28\\\/pakistan-plus-de-1000-morts-dans-des-inondations\\\/#breadcrumb\"},\"inLanguage\":\"fr-FR\",\"potentialAction\":[{\"@type\":\"ReadAction\",\"target\":[\"https:\\\/\\\/lasentinelle.dz\\\/index.php\\\/2022\\\/08\\\/28\\\/pakistan-plus-de-1000-morts-dans-des-inondations\\\/\"]}]},{\"@type\":\"ImageObject\",\"inLanguage\":\"fr-FR\",\"@id\":\"https:\\\/\\\/lasentinelle.dz\\\/index.php\\\/2022\\\/08\\\/28\\\/pakistan-plus-de-1000-morts-dans-des-inondations\\\/#primaryimage\",\"url\":\"https:\\\/\\\/lasentinelle.dz\\\/wp-content\\\/uploads\\\/2022\\\/08\\\/9bcb80c824e20e41b7b43eb5d91360b4d5cff6a76de1cdc5996a5ec466e25ec3.jpg\",\"contentUrl\":\"https:\\\/\\\/lasentinelle.dz\\\/wp-content\\\/uploads\\\/2022\\\/08\\\/9bcb80c824e20e41b7b43eb5d91360b4d5cff6a76de1cdc5996a5ec466e25ec3.jpg\",\"width\":704,\"height\":469,\"caption\":\"A general view of a flooded area after heavy monsoon rains is pictured from atop a bridge in Charsadda district in the Khyber Pakhtunkhwa province of Pakistan on August 27, 2022. - Heavy rain pounded much of Pakistan on August 26 after the government declared an emergency to deal with monsoon flooding it said had affected more than 30 million people. (Photo by Abdul MAJEED \\\/ AFP)\"},{\"@type\":\"BreadcrumbList\",\"@id\":\"https:\\\/\\\/lasentinelle.dz\\\/index.php\\\/2022\\\/08\\\/28\\\/pakistan-plus-de-1000-morts-dans-des-inondations\\\/#breadcrumb\",\"itemListElement\":[{\"@type\":\"ListItem\",\"position\":1,\"name\":\"Accueil\",\"item\":\"https:\\\/\\\/lasentinelle.dz\\\/\"},{\"@type\":\"ListItem\",\"position\":2,\"name\":\"Pakistan\u00a0:\u00a0Plus de 1000 morts dans des inondations\"}]},{\"@type\":\"WebSite\",\"@id\":\"https:\\\/\\\/lasentinelle.dz\\\/#website\",\"url\":\"https:\\\/\\\/lasentinelle.dz\\\/\",\"name\":\"La Sentinelle\",\"description\":\"Quotidien national d&#039;information\",\"publisher\":{\"@id\":\"https:\\\/\\\/lasentinelle.dz\\\/#organization\"},\"potentialAction\":[{\"@type\":\"SearchAction\",\"target\":{\"@type\":\"EntryPoint\",\"urlTemplate\":\"https:\\\/\\\/lasentinelle.dz\\\/?s={search_term_string}\"},\"query-input\":{\"@type\":\"PropertyValueSpecification\",\"valueRequired\":true,\"valueName\":\"search_term_string\"}}],\"inLanguage\":\"fr-FR\"},{\"@type\":\"Organization\",\"@id\":\"https:\\\/\\\/lasentinelle.dz\\\/#organization\",\"name\":\"Quotidien La Sentinelle\",\"url\":\"https:\\\/\\\/lasentinelle.dz\\\/\",\"logo\":{\"@type\":\"ImageObject\",\"inLanguage\":\"fr-FR\",\"@id\":\"https:\\\/\\\/lasentinelle.dz\\\/#\\\/schema\\\/logo\\\/image\\\/\",\"url\":\"https:\\\/\\\/lasentinelle.dz\\\/wp-content\\\/uploads\\\/2021\\\/09\\\/logo-sentinelleSLOGAN-1.png\",\"contentUrl\":\"https:\\\/\\\/lasentinelle.dz\\\/wp-content\\\/uploads\\\/2021\\\/09\\\/logo-sentinelleSLOGAN-1.png\",\"width\":615,\"height\":142,\"caption\":\"Quotidien La Sentinelle\"},\"image\":{\"@id\":\"https:\\\/\\\/lasentinelle.dz\\\/#\\\/schema\\\/logo\\\/image\\\/\"},\"sameAs\":[\"https:\\\/\\\/www.facebook.com\\\/La-Sentinelle-104059864394773\"]},{\"@type\":\"Person\",\"@id\":\"https:\\\/\\\/lasentinelle.dz\\\/#\\\/schema\\\/person\\\/d865044e22e70a75174ce8bcad3acfb3\",\"name\":\"La Sentinelle\",\"image\":{\"@type\":\"ImageObject\",\"inLanguage\":\"fr-FR\",\"@id\":\"https:\\\/\\\/secure.gravatar.com\\\/avatar\\\/57de8e5d4b15d43fb361a71fbb36338450fe67865b528a43dd10ef7c51a20392?s=96&d=mm&r=g\",\"url\":\"https:\\\/\\\/secure.gravatar.com\\\/avatar\\\/57de8e5d4b15d43fb361a71fbb36338450fe67865b528a43dd10ef7c51a20392?s=96&d=mm&r=g\",\"contentUrl\":\"https:\\\/\\\/secure.gravatar.com\\\/avatar\\\/57de8e5d4b15d43fb361a71fbb36338450fe67865b528a43dd10ef7c51a20392?s=96&d=mm&r=g\",\"caption\":\"La Sentinelle\"},\"sameAs\":[\"http:\\\/\\\/www.lasentinelle.dz\"],\"url\":\"https:\\\/\\\/lasentinelle.dz\\\/author\\\/redaction\\\/\"}]}<\/script>\n<!-- \/ Yoast SEO plugin. -->","yoast_head_json":{"title":"Pakistan\u00a0:\u00a0Plus de 1000 morts dans des inondations - La Sentinelle","robots":{"index":"index","follow":"follow","max-snippet":"max-snippet:-1","max-image-preview":"max-image-preview:large","max-video-preview":"max-video-preview:-1"},"canonical":"https:\/\/lasentinelle.dz\/index.php\/2022\/08\/28\/pakistan-plus-de-1000-morts-dans-des-inondations\/","og_locale":"fr_FR","og_type":"article","og_title":"Pakistan\u00a0:\u00a0Plus de 1000 morts dans des inondations - La Sentinelle","og_description":"Des milliers de personnes vivant pr\u00e8s de rivi\u00e8res en crue dans le nord du Pakistan ont re\u00e7u l&rsquo;ordre d&rsquo;\u00e9vacuer leurs","og_url":"https:\/\/lasentinelle.dz\/index.php\/2022\/08\/28\/pakistan-plus-de-1000-morts-dans-des-inondations\/","og_site_name":"La Sentinelle","article_publisher":"https:\/\/www.facebook.com\/La-Sentinelle-104059864394773","article_published_time":"2022-08-27T23:01:00+00:00","og_image":[{"width":704,"height":469,"url":"https:\/\/lasentinelle.dz\/wp-content\/uploads\/2022\/08\/9bcb80c824e20e41b7b43eb5d91360b4d5cff6a76de1cdc5996a5ec466e25ec3.jpg","type":"image\/jpeg"}],"author":"La Sentinelle","twitter_card":"summary_large_image","twitter_misc":{"\u00c9crit par":"La Sentinelle","Dur\u00e9e de lecture estim\u00e9e":"2 minutes"},"schema":{"@context":"https:\/\/schema.org","@graph":[{"@type":"Article","@id":"https:\/\/lasentinelle.dz\/index.php\/2022\/08\/28\/pakistan-plus-de-1000-morts-dans-des-inondations\/#article","isPartOf":{"@id":"https:\/\/lasentinelle.dz\/index.php\/2022\/08\/28\/pakistan-plus-de-1000-morts-dans-des-inondations\/"},"author":{"name":"La Sentinelle","@id":"https:\/\/lasentinelle.dz\/#\/schema\/person\/d865044e22e70a75174ce8bcad3acfb3"},"headline":"Pakistan\u00a0:\u00a0Plus de 1000 morts dans des inondations","datePublished":"2022-08-27T23:01:00+00:00","mainEntityOfPage":{"@id":"https:\/\/lasentinelle.dz\/index.php\/2022\/08\/28\/pakistan-plus-de-1000-morts-dans-des-inondations\/"},"wordCount":381,"commentCount":0,"publisher":{"@id":"https:\/\/lasentinelle.dz\/#organization"},"image":{"@id":"https:\/\/lasentinelle.dz\/index.php\/2022\/08\/28\/pakistan-plus-de-1000-morts-dans-des-inondations\/#primaryimage"},"thumbnailUrl":"https:\/\/lasentinelle.dz\/wp-content\/uploads\/2022\/08\/9bcb80c824e20e41b7b43eb5d91360b4d5cff6a76de1cdc5996a5ec466e25ec3.jpg","articleSection":["Monde"],"inLanguage":"fr-FR","potentialAction":[{"@type":"CommentAction","name":"Comment","target":["https:\/\/lasentinelle.dz\/index.php\/2022\/08\/28\/pakistan-plus-de-1000-morts-dans-des-inondations\/#respond"]}]},{"@type":"WebPage","@id":"https:\/\/lasentinelle.dz\/index.php\/2022\/08\/28\/pakistan-plus-de-1000-morts-dans-des-inondations\/","url":"https:\/\/lasentinelle.dz\/index.php\/2022\/08\/28\/pakistan-plus-de-1000-morts-dans-des-inondations\/","name":"Pakistan\u00a0:\u00a0Plus de 1000 morts dans des inondations - La Sentinelle","isPartOf":{"@id":"https:\/\/lasentinelle.dz\/#website"},"primaryImageOfPage":{"@id":"https:\/\/lasentinelle.dz\/index.php\/2022\/08\/28\/pakistan-plus-de-1000-morts-dans-des-inondations\/#primaryimage"},"image":{"@id":"https:\/\/lasentinelle.dz\/index.php\/2022\/08\/28\/pakistan-plus-de-1000-morts-dans-des-inondations\/#primaryimage"},"thumbnailUrl":"https:\/\/lasentinelle.dz\/wp-content\/uploads\/2022\/08\/9bcb80c824e20e41b7b43eb5d91360b4d5cff6a76de1cdc5996a5ec466e25ec3.jpg","datePublished":"2022-08-27T23:01:00+00:00","breadcrumb":{"@id":"https:\/\/lasentinelle.dz\/index.php\/2022\/08\/28\/pakistan-plus-de-1000-morts-dans-des-inondations\/#breadcrumb"},"inLanguage":"fr-FR","potentialAction":[{"@type":"ReadAction","target":["https:\/\/lasentinelle.dz\/index.php\/2022\/08\/28\/pakistan-plus-de-1000-morts-dans-des-inondations\/"]}]},{"@type":"ImageObject","inLanguage":"fr-FR","@id":"https:\/\/lasentinelle.dz\/index.php\/2022\/08\/28\/pakistan-plus-de-1000-morts-dans-des-inondations\/#primaryimage","url":"https:\/\/lasentinelle.dz\/wp-content\/uploads\/2022\/08\/9bcb80c824e20e41b7b43eb5d91360b4d5cff6a76de1cdc5996a5ec466e25ec3.jpg","contentUrl":"https:\/\/lasentinelle.dz\/wp-content\/uploads\/2022\/08\/9bcb80c824e20e41b7b43eb5d91360b4d5cff6a76de1cdc5996a5ec466e25ec3.jpg","width":704,"height":469,"caption":"A general view of a flooded area after heavy monsoon rains is pictured from atop a bridge in Charsadda district in the Khyber Pakhtunkhwa province of Pakistan on August 27, 2022. - Heavy rain pounded much of Pakistan on August 26 after the government declared an emergency to deal with monsoon flooding it said had affected more than 30 million people. (Photo by Abdul MAJEED \/ AFP)"},{"@type":"BreadcrumbList","@id":"https:\/\/lasentinelle.dz\/index.php\/2022\/08\/28\/pakistan-plus-de-1000-morts-dans-des-inondations\/#breadcrumb","itemListElement":[{"@type":"ListItem","position":1,"name":"Accueil","item":"https:\/\/lasentinelle.dz\/"},{"@type":"ListItem","position":2,"name":"Pakistan\u00a0:\u00a0Plus de 1000 morts dans des inondations"}]},{"@type":"WebSite","@id":"https:\/\/lasentinelle.dz\/#website","url":"https:\/\/lasentinelle.dz\/","name":"La Sentinelle","description":"Quotidien national d&#039;information","publisher":{"@id":"https:\/\/lasentinelle.dz\/#organization"},"potentialAction":[{"@type":"SearchAction","target":{"@type":"EntryPoint","urlTemplate":"https:\/\/lasentinelle.dz\/?s={search_term_string}"},"query-input":{"@type":"PropertyValueSpecification","valueRequired":true,"valueName":"search_term_string"}}],"inLanguage":"fr-FR"},{"@type":"Organization","@id":"https:\/\/lasentinelle.dz\/#organization","name":"Quotidien La Sentinelle","url":"https:\/\/lasentinelle.dz\/","logo":{"@type":"ImageObject","inLanguage":"fr-FR","@id":"https:\/\/lasentinelle.dz\/#\/schema\/logo\/image\/","url":"https:\/\/lasentinelle.dz\/wp-content\/uploads\/2021\/09\/logo-sentinelleSLOGAN-1.png","contentUrl":"https:\/\/lasentinelle.dz\/wp-content\/uploads\/2021\/09\/logo-sentinelleSLOGAN-1.png","width":615,"height":142,"caption":"Quotidien La Sentinelle"},"image":{"@id":"https:\/\/lasentinelle.dz\/#\/schema\/logo\/image\/"},"sameAs":["https:\/\/www.facebook.com\/La-Sentinelle-104059864394773"]},{"@type":"Person","@id":"https:\/\/lasentinelle.dz\/#\/schema\/person\/d865044e22e70a75174ce8bcad3acfb3","name":"La Sentinelle","image":{"@type":"ImageObject","inLanguage":"fr-FR","@id":"https:\/\/secure.gravatar.com\/avatar\/57de8e5d4b15d43fb361a71fbb36338450fe67865b528a43dd10ef7c51a20392?s=96&d=mm&r=g","url":"https:\/\/secure.gravatar.com\/avatar\/57de8e5d4b15d43fb361a71fbb36338450fe67865b528a43dd10ef7c51a20392?s=96&d=mm&r=g","contentUrl":"https:\/\/secure.gravatar.com\/avatar\/57de8e5d4b15d43fb361a71fbb36338450fe67865b528a43dd10ef7c51a20392?s=96&d=mm&r=g","caption":"La Sentinelle"},"sameAs":["http:\/\/www.lasentinelle.dz"],"url":"https:\/\/lasentinelle.dz\/author\/redaction\/"}]}},"_links":{"self":[{"href":"https:\/\/lasentinelle.dz\/index.php\/wp-json\/wp\/v2\/posts\/26363","targetHints":{"allow":["GET"]}}],"collection":[{"href":"https:\/\/lasentinelle.dz\/index.php\/wp-json\/wp\/v2\/posts"}],"about":[{"href":"https:\/\/lasentinelle.dz\/index.php\/wp-json\/wp\/v2\/types\/post"}],"author":[{"embeddable":true,"href":"https:\/\/lasentinelle.dz\/index.php\/wp-json\/wp\/v2\/users\/3"}],"replies":[{"embeddable":true,"href":"https:\/\/lasentinelle.dz\/index.php\/wp-json\/wp\/v2\/comments?post=26363"}],"version-history":[{"count":2,"href":"https:\/\/lasentinelle.dz\/index.php\/wp-json\/wp\/v2\/posts\/26363\/revisions"}],"predecessor-version":[{"id":26388,"href":"https:\/\/lasentinelle.dz\/index.php\/wp-json\/wp\/v2\/posts\/26363\/revisions\/26388"}],"wp:featuredmedia":[{"embeddable":true,"href":"https:\/\/lasentinelle.dz\/index.php\/wp-json\/wp\/v2\/media\/26389"}],"wp:attachment":[{"href":"https:\/\/lasentinelle.dz\/index.php\/wp-json\/wp\/v2\/media?parent=26363"}],"wp:term":[{"taxonomy":"category","embeddable":true,"href":"https:\/\/lasentinelle.dz\/index.php\/wp-json\/wp\/v2\/categories?post=26363"},{"taxonomy":"post_tag","embeddable":true,"href":"https:\/\/lasentinelle.dz\/index.php\/wp-json\/wp\/v2\/tags?post=26363"}],"curies":[{"name":"wp","href":"https:\/\/api.w.org\/{rel}","templated":true}]}}