{"id":26392,"date":"2022-08-28T00:01:00","date_gmt":"2022-08-27T23:01:00","guid":{"rendered":"https:\/\/lasentinelle.dz\/?p=26392"},"modified":"2022-08-27T17:38:34","modified_gmt":"2022-08-27T16:38:34","slug":"ligue-1-1re-journee-le-chabab-annonce-la-couleur","status":"publish","type":"post","link":"https:\/\/lasentinelle.dz\/index.php\/2022\/08\/28\/ligue-1-1re-journee-le-chabab-annonce-la-couleur\/","title":{"rendered":"Ligue 1 (1re journ\u00e9e)\u00a0: Le Chabab annonce la couleur"},"content":{"rendered":"\n<p>Le triple tenant du titre affiche ses ambitions et cherche \u00e0 ajouter un nouvel exploit \u00e0 celui qu\u2019il a r\u00e9alis\u00e9 la saison derni\u00e8re. Il s\u2019en donne les moyens gr\u00e2ce \u00e0 mercato particuli\u00e8rement dynamique et donne le ton. Face \u00e0 HB Chelghoum qui a \u00e9vit\u00e9 la rel\u00e9gation la saison derni\u00e8re, le Chabab a \u00e9t\u00e9 flamboyant et s\u2019est impos\u00e9 par un score sans appel de 4 buts \u00e0 1.&nbsp;<\/p>\n\n\n\n<p>Le CR Belouizdad, triple tenant du titre et candidat \u00e0 sa propre succession pour la quatri\u00e8me fois cons\u00e9cutive, a d\u00e9marr\u00e9 la saison 2022-2023 de la plus belle des mani\u00e8res, en atomisant vendredi le HB Chelghoum-La\u00efd (4-1), pour le compte de la premi\u00e8re journ\u00e9e de Ligue 1 de football, ayant vu les trois autres clubs recevant : le CS Constantine, le RC Arba\u00e2 et l&rsquo;ASO Chlef l&#8217;emporter respectivement (3-1) contre l&rsquo;USM Khenchela, (3-1) contre le MC Oran et (1-0) contre la JS Kabylie.<\/p>\n\n\n\n<p>Les Rouge et Blanc ont d\u00e9bloqu\u00e9 la situation d&rsquo;entr\u00e9e de jeu, puisque leur avant-centre Aribi a trouv\u00e9 le chemin des filets d\u00e8s la sixi\u00e8me minute, en transformant un p\u00e9nalty (1-0), avant de revenir \u00e0 la charge, juste avant la fin de la premi\u00e8re mi-temps pour s&rsquo;offrir un doubl\u00e9 (42&prime;).&nbsp;Au retour des vestiaires, le Chabab a poursuivi sa domination et a vu ses efforts r\u00e9compens\u00e9s par un troisi\u00e8me but, sign\u00e9 Belkheir \u00e0 la 71&prime;, avant que Zouad ne sauve l&rsquo;honneur pour les visiteurs \u00e0 la 83&prime;.&nbsp;Quoique, malgr\u00e9 l&rsquo;ambiance morose, due \u00e0 l&rsquo;absence du public, le club champion d&rsquo;Alg\u00e9rie en titre a continu\u00e9 \u00e0 jouer l&rsquo;attaque \u00e0 outrance, ce qui lui a permis d&rsquo;ajouter un quatri\u00e8me et dernier but par l&rsquo;interm\u00e9diaire de son meneur de jeu, Bourdim, \u00e0 la 90&prime;.&nbsp;Le CS Constantine et le RC Arba\u00e2 ont \u00e9galement fait parler la poudre au cours de cette premi\u00e8re journ\u00e9e du championnat, en r\u00e9ussissant&nbsp;&nbsp;l&rsquo;un comme l&rsquo;autre \u00e0 passer trois buts \u00e0 leurs adversaires du jour.&nbsp;Les Sanafir ont domin\u00e9 le nouveau promu l&rsquo;USM Khenchela gr\u00e2ce aux r\u00e9alisations de Dib (25&prime;), Koupkou (61&prime;) et Khaldi (70&prime;), alors que le RCA s&rsquo;en est remis au trio Kessili (45&rsquo;+2), Tayeb (62&prime;) et Toumi (83&prime;) pour renverser le club d&rsquo;El Hamri, qui avait ouvert le score \u00e0 la 18&prime; par Bouguettaya.&nbsp;Ce dernier aurait m\u00eame pu s&rsquo;offrir un doubl\u00e9, en changeant peut-\u00eatre l&rsquo;issue de cette rencontre, sur p\u00e9nalty, au d\u00e9but de la seconde p\u00e9riode, mais Chouih, le gardien v\u00e9t\u00e9ran du RCA \u00e9tait \u00e0 la parade.<\/p>\n\n\n\n<p>Le dauphin de la saison qui s\u2019est \u00e9coul\u00e9, s\u2019est lui \u00e9croul\u00e9 face l\u2019ASO qui a r\u00e9ussi \u00e0 \u00e0 d\u00e9faire \u00e0 domicile les Canaris.&nbsp;<\/p>\n\n\n\n<p>La JS Kabylie a tenu bon pendant pratiquement tout le match, avant de s&rsquo;\u00e9crouler \u00e0 la 86&prime; sur un but assassin du Tunisien Djendoubi, qui a offert une courte mais pr\u00e9cieuse victoire aux locaux (1-0).&nbsp;Enfin les Hamraouas se sont inclin\u00e9s devant le RC Larba\u00e2. Il est vrai que le club d\u2019El Bahia fait face certaines difficult\u00e9s financi\u00e8res qui ont empoisonn\u00e9 son intersaison, malgr\u00e9 l\u2019aide apport\u00e9e par les autorit\u00e9s locales et n\u2019a pu sauver son mercato estival et valider ses nouveaux recrutements que de justesse.&nbsp;<\/p>\n\n\n\n<p>Pour rappel, le MCO&nbsp;a convenu \u00e0 apurer partiellement ses dettes envers la Chambre nationale de r\u00e9solution des litiges (CNRL) estim\u00e9es \u00e0 230 millions de dinars ce qui lui a permis de qualifier in extremis ses nouvelles recrues, jeudi soir quelques heures avant la cl\u00f4ture du mercato estival.&nbsp;<\/p>\n\n\n\n<p>R.S.<\/p>\n\n\n\n<p><strong>R\u00e9sultats partiels&nbsp;<\/strong><\/p>\n\n\n\n<p>CS Constantine \u2013 USM Khenchela&nbsp;&nbsp;&nbsp;&nbsp;&nbsp;&nbsp;&nbsp;&nbsp;&nbsp;&nbsp;&nbsp;&nbsp;&nbsp;&nbsp;&nbsp;&nbsp;&nbsp;3-1<\/p>\n\n\n\n<p>ASO Chlef \u2013 JS Kabylie&nbsp;&nbsp;&nbsp;&nbsp;&nbsp;&nbsp;&nbsp;&nbsp;&nbsp;&nbsp;&nbsp;&nbsp;&nbsp;&nbsp;&nbsp;&nbsp;&nbsp;&nbsp;&nbsp;&nbsp;&nbsp;&nbsp;&nbsp;&nbsp;&nbsp;&nbsp;&nbsp;&nbsp;&nbsp;&nbsp;&nbsp;&nbsp;&nbsp;&nbsp;&nbsp;1-0<\/p>\n\n\n\n<p>CR Belouizdad \u2013 HB Chelghoum-La\u00efd&nbsp;&nbsp;&nbsp;&nbsp;&nbsp;&nbsp;&nbsp;&nbsp;&nbsp;&nbsp;&nbsp;&nbsp;4-1<\/p>\n\n\n\n<p>RC Arba\u00e2 \u2013 MC Oran&nbsp;&nbsp;&nbsp;&nbsp;&nbsp;&nbsp;&nbsp;&nbsp;&nbsp;&nbsp;&nbsp;&nbsp;&nbsp;&nbsp;&nbsp;&nbsp;&nbsp;&nbsp;&nbsp;&nbsp;&nbsp;&nbsp;&nbsp;&nbsp;&nbsp;&nbsp;&nbsp;&nbsp;&nbsp;&nbsp;&nbsp;&nbsp;&nbsp;&nbsp;&nbsp;&nbsp;&nbsp;3-1<\/p>\n","protected":false},"excerpt":{"rendered":"<p>Le triple tenant du titre affiche ses ambitions et cherche \u00e0 ajouter un nouvel exploit \u00e0 celui qu\u2019il a r\u00e9alis\u00e9<\/p>\n","protected":false},"author":3,"featured_media":26399,"comment_status":"open","ping_status":"closed","sticky":false,"template":"","format":"standard","meta":{"colormag_page_container_layout":"default_layout","colormag_page_sidebar_layout":"default_layout","om_disable_all_campaigns":false,"_monsterinsights_skip_tracking":false,"_monsterinsights_sitenote_active":false,"_monsterinsights_sitenote_note":"","_monsterinsights_sitenote_category":0,"footnotes":"","_wpscppro_dont_share_socialmedia":false,"_wpscppro_custom_social_share_image":0,"_facebook_share_type":"","_twitter_share_type":"","_linkedin_share_type":"","_pinterest_share_type":"","_linkedin_share_type_page":"","_instagram_share_type":"","_medium_share_type":"","_threads_share_type":"","_google_business_share_type":"","_selected_social_profile":[],"_wpsp_enable_custom_social_template":false,"_wpsp_social_scheduling":{"enabled":false,"datetime":null,"platforms":[],"status":"template_only","dateOption":"today","timeOption":"now","customDays":"","customHours":"","customDate":"","customTime":"","schedulingType":"absolute"},"_wpsp_active_default_template":true},"categories":[33],"tags":[],"class_list":["post-26392","post","type-post","status-publish","format-standard","has-post-thumbnail","hentry","category-sports"],"aioseo_notices":[],"yoast_head":"<!-- This site is optimized with the Yoast SEO plugin v27.5 - https:\/\/yoast.com\/product\/yoast-seo-wordpress\/ -->\n<title>Ligue 1 (1re journ\u00e9e)\u00a0: Le Chabab annonce la couleur - La Sentinelle<\/title>\n<meta name=\"robots\" content=\"index, follow, max-snippet:-1, max-image-preview:large, max-video-preview:-1\" \/>\n<link rel=\"canonical\" href=\"https:\/\/lasentinelle.dz\/index.php\/2022\/08\/28\/ligue-1-1re-journee-le-chabab-annonce-la-couleur\/\" \/>\n<meta property=\"og:locale\" content=\"fr_FR\" \/>\n<meta property=\"og:type\" content=\"article\" \/>\n<meta property=\"og:title\" content=\"Ligue 1 (1re journ\u00e9e)\u00a0: Le Chabab annonce la couleur - La Sentinelle\" \/>\n<meta property=\"og:description\" content=\"Le triple tenant du titre affiche ses ambitions et cherche \u00e0 ajouter un nouvel exploit \u00e0 celui qu\u2019il a r\u00e9alis\u00e9\" \/>\n<meta property=\"og:url\" content=\"https:\/\/lasentinelle.dz\/index.php\/2022\/08\/28\/ligue-1-1re-journee-le-chabab-annonce-la-couleur\/\" \/>\n<meta property=\"og:site_name\" content=\"La Sentinelle\" \/>\n<meta property=\"article:publisher\" content=\"https:\/\/www.facebook.com\/La-Sentinelle-104059864394773\" \/>\n<meta property=\"article:published_time\" content=\"2022-08-27T23:01:00+00:00\" \/>\n<meta property=\"og:image\" content=\"https:\/\/lasentinelle.dz\/wp-content\/uploads\/2022\/08\/CRB.png\" \/>\n\t<meta property=\"og:image:width\" content=\"1409\" \/>\n\t<meta property=\"og:image:height\" content=\"900\" \/>\n\t<meta property=\"og:image:type\" content=\"image\/png\" \/>\n<meta name=\"author\" content=\"La Sentinelle\" \/>\n<meta name=\"twitter:card\" content=\"summary_large_image\" \/>\n<meta name=\"twitter:label1\" content=\"\u00c9crit par\" \/>\n\t<meta name=\"twitter:data1\" content=\"La Sentinelle\" \/>\n\t<meta name=\"twitter:label2\" content=\"Dur\u00e9e de lecture estim\u00e9e\" \/>\n\t<meta name=\"twitter:data2\" content=\"3 minutes\" \/>\n<script type=\"application\/ld+json\" class=\"yoast-schema-graph\">{\"@context\":\"https:\\\/\\\/schema.org\",\"@graph\":[{\"@type\":\"Article\",\"@id\":\"https:\\\/\\\/lasentinelle.dz\\\/index.php\\\/2022\\\/08\\\/28\\\/ligue-1-1re-journee-le-chabab-annonce-la-couleur\\\/#article\",\"isPartOf\":{\"@id\":\"https:\\\/\\\/lasentinelle.dz\\\/index.php\\\/2022\\\/08\\\/28\\\/ligue-1-1re-journee-le-chabab-annonce-la-couleur\\\/\"},\"author\":{\"name\":\"La Sentinelle\",\"@id\":\"https:\\\/\\\/lasentinelle.dz\\\/#\\\/schema\\\/person\\\/d865044e22e70a75174ce8bcad3acfb3\"},\"headline\":\"Ligue 1 (1re journ\u00e9e)\u00a0: Le Chabab annonce la couleur\",\"datePublished\":\"2022-08-27T23:01:00+00:00\",\"mainEntityOfPage\":{\"@id\":\"https:\\\/\\\/lasentinelle.dz\\\/index.php\\\/2022\\\/08\\\/28\\\/ligue-1-1re-journee-le-chabab-annonce-la-couleur\\\/\"},\"wordCount\":743,\"commentCount\":0,\"publisher\":{\"@id\":\"https:\\\/\\\/lasentinelle.dz\\\/#organization\"},\"image\":{\"@id\":\"https:\\\/\\\/lasentinelle.dz\\\/index.php\\\/2022\\\/08\\\/28\\\/ligue-1-1re-journee-le-chabab-annonce-la-couleur\\\/#primaryimage\"},\"thumbnailUrl\":\"https:\\\/\\\/lasentinelle.dz\\\/wp-content\\\/uploads\\\/2022\\\/08\\\/CRB.png\",\"articleSection\":[\"Sports\"],\"inLanguage\":\"fr-FR\",\"potentialAction\":[{\"@type\":\"CommentAction\",\"name\":\"Comment\",\"target\":[\"https:\\\/\\\/lasentinelle.dz\\\/index.php\\\/2022\\\/08\\\/28\\\/ligue-1-1re-journee-le-chabab-annonce-la-couleur\\\/#respond\"]}]},{\"@type\":\"WebPage\",\"@id\":\"https:\\\/\\\/lasentinelle.dz\\\/index.php\\\/2022\\\/08\\\/28\\\/ligue-1-1re-journee-le-chabab-annonce-la-couleur\\\/\",\"url\":\"https:\\\/\\\/lasentinelle.dz\\\/index.php\\\/2022\\\/08\\\/28\\\/ligue-1-1re-journee-le-chabab-annonce-la-couleur\\\/\",\"name\":\"Ligue 1 (1re journ\u00e9e)\u00a0: Le Chabab annonce la couleur - La Sentinelle\",\"isPartOf\":{\"@id\":\"https:\\\/\\\/lasentinelle.dz\\\/#website\"},\"primaryImageOfPage\":{\"@id\":\"https:\\\/\\\/lasentinelle.dz\\\/index.php\\\/2022\\\/08\\\/28\\\/ligue-1-1re-journee-le-chabab-annonce-la-couleur\\\/#primaryimage\"},\"image\":{\"@id\":\"https:\\\/\\\/lasentinelle.dz\\\/index.php\\\/2022\\\/08\\\/28\\\/ligue-1-1re-journee-le-chabab-annonce-la-couleur\\\/#primaryimage\"},\"thumbnailUrl\":\"https:\\\/\\\/lasentinelle.dz\\\/wp-content\\\/uploads\\\/2022\\\/08\\\/CRB.png\",\"datePublished\":\"2022-08-27T23:01:00+00:00\",\"breadcrumb\":{\"@id\":\"https:\\\/\\\/lasentinelle.dz\\\/index.php\\\/2022\\\/08\\\/28\\\/ligue-1-1re-journee-le-chabab-annonce-la-couleur\\\/#breadcrumb\"},\"inLanguage\":\"fr-FR\",\"potentialAction\":[{\"@type\":\"ReadAction\",\"target\":[\"https:\\\/\\\/lasentinelle.dz\\\/index.php\\\/2022\\\/08\\\/28\\\/ligue-1-1re-journee-le-chabab-annonce-la-couleur\\\/\"]}]},{\"@type\":\"ImageObject\",\"inLanguage\":\"fr-FR\",\"@id\":\"https:\\\/\\\/lasentinelle.dz\\\/index.php\\\/2022\\\/08\\\/28\\\/ligue-1-1re-journee-le-chabab-annonce-la-couleur\\\/#primaryimage\",\"url\":\"https:\\\/\\\/lasentinelle.dz\\\/wp-content\\\/uploads\\\/2022\\\/08\\\/CRB.png\",\"contentUrl\":\"https:\\\/\\\/lasentinelle.dz\\\/wp-content\\\/uploads\\\/2022\\\/08\\\/CRB.png\",\"width\":1409,\"height\":900},{\"@type\":\"BreadcrumbList\",\"@id\":\"https:\\\/\\\/lasentinelle.dz\\\/index.php\\\/2022\\\/08\\\/28\\\/ligue-1-1re-journee-le-chabab-annonce-la-couleur\\\/#breadcrumb\",\"itemListElement\":[{\"@type\":\"ListItem\",\"position\":1,\"name\":\"Accueil\",\"item\":\"https:\\\/\\\/lasentinelle.dz\\\/\"},{\"@type\":\"ListItem\",\"position\":2,\"name\":\"Ligue 1 (1re journ\u00e9e)\u00a0: Le Chabab annonce la couleur\"}]},{\"@type\":\"WebSite\",\"@id\":\"https:\\\/\\\/lasentinelle.dz\\\/#website\",\"url\":\"https:\\\/\\\/lasentinelle.dz\\\/\",\"name\":\"La Sentinelle\",\"description\":\"Quotidien national d&#039;information\",\"publisher\":{\"@id\":\"https:\\\/\\\/lasentinelle.dz\\\/#organization\"},\"potentialAction\":[{\"@type\":\"SearchAction\",\"target\":{\"@type\":\"EntryPoint\",\"urlTemplate\":\"https:\\\/\\\/lasentinelle.dz\\\/?s={search_term_string}\"},\"query-input\":{\"@type\":\"PropertyValueSpecification\",\"valueRequired\":true,\"valueName\":\"search_term_string\"}}],\"inLanguage\":\"fr-FR\"},{\"@type\":\"Organization\",\"@id\":\"https:\\\/\\\/lasentinelle.dz\\\/#organization\",\"name\":\"Quotidien La Sentinelle\",\"url\":\"https:\\\/\\\/lasentinelle.dz\\\/\",\"logo\":{\"@type\":\"ImageObject\",\"inLanguage\":\"fr-FR\",\"@id\":\"https:\\\/\\\/lasentinelle.dz\\\/#\\\/schema\\\/logo\\\/image\\\/\",\"url\":\"https:\\\/\\\/lasentinelle.dz\\\/wp-content\\\/uploads\\\/2021\\\/09\\\/logo-sentinelleSLOGAN-1.png\",\"contentUrl\":\"https:\\\/\\\/lasentinelle.dz\\\/wp-content\\\/uploads\\\/2021\\\/09\\\/logo-sentinelleSLOGAN-1.png\",\"width\":615,\"height\":142,\"caption\":\"Quotidien La Sentinelle\"},\"image\":{\"@id\":\"https:\\\/\\\/lasentinelle.dz\\\/#\\\/schema\\\/logo\\\/image\\\/\"},\"sameAs\":[\"https:\\\/\\\/www.facebook.com\\\/La-Sentinelle-104059864394773\"]},{\"@type\":\"Person\",\"@id\":\"https:\\\/\\\/lasentinelle.dz\\\/#\\\/schema\\\/person\\\/d865044e22e70a75174ce8bcad3acfb3\",\"name\":\"La Sentinelle\",\"image\":{\"@type\":\"ImageObject\",\"inLanguage\":\"fr-FR\",\"@id\":\"https:\\\/\\\/secure.gravatar.com\\\/avatar\\\/57de8e5d4b15d43fb361a71fbb36338450fe67865b528a43dd10ef7c51a20392?s=96&d=mm&r=g\",\"url\":\"https:\\\/\\\/secure.gravatar.com\\\/avatar\\\/57de8e5d4b15d43fb361a71fbb36338450fe67865b528a43dd10ef7c51a20392?s=96&d=mm&r=g\",\"contentUrl\":\"https:\\\/\\\/secure.gravatar.com\\\/avatar\\\/57de8e5d4b15d43fb361a71fbb36338450fe67865b528a43dd10ef7c51a20392?s=96&d=mm&r=g\",\"caption\":\"La Sentinelle\"},\"sameAs\":[\"http:\\\/\\\/www.lasentinelle.dz\"],\"url\":\"https:\\\/\\\/lasentinelle.dz\\\/author\\\/redaction\\\/\"}]}<\/script>\n<!-- \/ Yoast SEO plugin. -->","yoast_head_json":{"title":"Ligue 1 (1re journ\u00e9e)\u00a0: Le Chabab annonce la couleur - La Sentinelle","robots":{"index":"index","follow":"follow","max-snippet":"max-snippet:-1","max-image-preview":"max-image-preview:large","max-video-preview":"max-video-preview:-1"},"canonical":"https:\/\/lasentinelle.dz\/index.php\/2022\/08\/28\/ligue-1-1re-journee-le-chabab-annonce-la-couleur\/","og_locale":"fr_FR","og_type":"article","og_title":"Ligue 1 (1re journ\u00e9e)\u00a0: Le Chabab annonce la couleur - La Sentinelle","og_description":"Le triple tenant du titre affiche ses ambitions et cherche \u00e0 ajouter un nouvel exploit \u00e0 celui qu\u2019il a r\u00e9alis\u00e9","og_url":"https:\/\/lasentinelle.dz\/index.php\/2022\/08\/28\/ligue-1-1re-journee-le-chabab-annonce-la-couleur\/","og_site_name":"La Sentinelle","article_publisher":"https:\/\/www.facebook.com\/La-Sentinelle-104059864394773","article_published_time":"2022-08-27T23:01:00+00:00","og_image":[{"width":1409,"height":900,"url":"https:\/\/lasentinelle.dz\/wp-content\/uploads\/2022\/08\/CRB.png","type":"image\/png"}],"author":"La Sentinelle","twitter_card":"summary_large_image","twitter_misc":{"\u00c9crit par":"La Sentinelle","Dur\u00e9e de lecture estim\u00e9e":"3 minutes"},"schema":{"@context":"https:\/\/schema.org","@graph":[{"@type":"Article","@id":"https:\/\/lasentinelle.dz\/index.php\/2022\/08\/28\/ligue-1-1re-journee-le-chabab-annonce-la-couleur\/#article","isPartOf":{"@id":"https:\/\/lasentinelle.dz\/index.php\/2022\/08\/28\/ligue-1-1re-journee-le-chabab-annonce-la-couleur\/"},"author":{"name":"La Sentinelle","@id":"https:\/\/lasentinelle.dz\/#\/schema\/person\/d865044e22e70a75174ce8bcad3acfb3"},"headline":"Ligue 1 (1re journ\u00e9e)\u00a0: Le Chabab annonce la couleur","datePublished":"2022-08-27T23:01:00+00:00","mainEntityOfPage":{"@id":"https:\/\/lasentinelle.dz\/index.php\/2022\/08\/28\/ligue-1-1re-journee-le-chabab-annonce-la-couleur\/"},"wordCount":743,"commentCount":0,"publisher":{"@id":"https:\/\/lasentinelle.dz\/#organization"},"image":{"@id":"https:\/\/lasentinelle.dz\/index.php\/2022\/08\/28\/ligue-1-1re-journee-le-chabab-annonce-la-couleur\/#primaryimage"},"thumbnailUrl":"https:\/\/lasentinelle.dz\/wp-content\/uploads\/2022\/08\/CRB.png","articleSection":["Sports"],"inLanguage":"fr-FR","potentialAction":[{"@type":"CommentAction","name":"Comment","target":["https:\/\/lasentinelle.dz\/index.php\/2022\/08\/28\/ligue-1-1re-journee-le-chabab-annonce-la-couleur\/#respond"]}]},{"@type":"WebPage","@id":"https:\/\/lasentinelle.dz\/index.php\/2022\/08\/28\/ligue-1-1re-journee-le-chabab-annonce-la-couleur\/","url":"https:\/\/lasentinelle.dz\/index.php\/2022\/08\/28\/ligue-1-1re-journee-le-chabab-annonce-la-couleur\/","name":"Ligue 1 (1re journ\u00e9e)\u00a0: Le Chabab annonce la couleur - La Sentinelle","isPartOf":{"@id":"https:\/\/lasentinelle.dz\/#website"},"primaryImageOfPage":{"@id":"https:\/\/lasentinelle.dz\/index.php\/2022\/08\/28\/ligue-1-1re-journee-le-chabab-annonce-la-couleur\/#primaryimage"},"image":{"@id":"https:\/\/lasentinelle.dz\/index.php\/2022\/08\/28\/ligue-1-1re-journee-le-chabab-annonce-la-couleur\/#primaryimage"},"thumbnailUrl":"https:\/\/lasentinelle.dz\/wp-content\/uploads\/2022\/08\/CRB.png","datePublished":"2022-08-27T23:01:00+00:00","breadcrumb":{"@id":"https:\/\/lasentinelle.dz\/index.php\/2022\/08\/28\/ligue-1-1re-journee-le-chabab-annonce-la-couleur\/#breadcrumb"},"inLanguage":"fr-FR","potentialAction":[{"@type":"ReadAction","target":["https:\/\/lasentinelle.dz\/index.php\/2022\/08\/28\/ligue-1-1re-journee-le-chabab-annonce-la-couleur\/"]}]},{"@type":"ImageObject","inLanguage":"fr-FR","@id":"https:\/\/lasentinelle.dz\/index.php\/2022\/08\/28\/ligue-1-1re-journee-le-chabab-annonce-la-couleur\/#primaryimage","url":"https:\/\/lasentinelle.dz\/wp-content\/uploads\/2022\/08\/CRB.png","contentUrl":"https:\/\/lasentinelle.dz\/wp-content\/uploads\/2022\/08\/CRB.png","width":1409,"height":900},{"@type":"BreadcrumbList","@id":"https:\/\/lasentinelle.dz\/index.php\/2022\/08\/28\/ligue-1-1re-journee-le-chabab-annonce-la-couleur\/#breadcrumb","itemListElement":[{"@type":"ListItem","position":1,"name":"Accueil","item":"https:\/\/lasentinelle.dz\/"},{"@type":"ListItem","position":2,"name":"Ligue 1 (1re journ\u00e9e)\u00a0: Le Chabab annonce la couleur"}]},{"@type":"WebSite","@id":"https:\/\/lasentinelle.dz\/#website","url":"https:\/\/lasentinelle.dz\/","name":"La Sentinelle","description":"Quotidien national d&#039;information","publisher":{"@id":"https:\/\/lasentinelle.dz\/#organization"},"potentialAction":[{"@type":"SearchAction","target":{"@type":"EntryPoint","urlTemplate":"https:\/\/lasentinelle.dz\/?s={search_term_string}"},"query-input":{"@type":"PropertyValueSpecification","valueRequired":true,"valueName":"search_term_string"}}],"inLanguage":"fr-FR"},{"@type":"Organization","@id":"https:\/\/lasentinelle.dz\/#organization","name":"Quotidien La Sentinelle","url":"https:\/\/lasentinelle.dz\/","logo":{"@type":"ImageObject","inLanguage":"fr-FR","@id":"https:\/\/lasentinelle.dz\/#\/schema\/logo\/image\/","url":"https:\/\/lasentinelle.dz\/wp-content\/uploads\/2021\/09\/logo-sentinelleSLOGAN-1.png","contentUrl":"https:\/\/lasentinelle.dz\/wp-content\/uploads\/2021\/09\/logo-sentinelleSLOGAN-1.png","width":615,"height":142,"caption":"Quotidien La Sentinelle"},"image":{"@id":"https:\/\/lasentinelle.dz\/#\/schema\/logo\/image\/"},"sameAs":["https:\/\/www.facebook.com\/La-Sentinelle-104059864394773"]},{"@type":"Person","@id":"https:\/\/lasentinelle.dz\/#\/schema\/person\/d865044e22e70a75174ce8bcad3acfb3","name":"La Sentinelle","image":{"@type":"ImageObject","inLanguage":"fr-FR","@id":"https:\/\/secure.gravatar.com\/avatar\/57de8e5d4b15d43fb361a71fbb36338450fe67865b528a43dd10ef7c51a20392?s=96&d=mm&r=g","url":"https:\/\/secure.gravatar.com\/avatar\/57de8e5d4b15d43fb361a71fbb36338450fe67865b528a43dd10ef7c51a20392?s=96&d=mm&r=g","contentUrl":"https:\/\/secure.gravatar.com\/avatar\/57de8e5d4b15d43fb361a71fbb36338450fe67865b528a43dd10ef7c51a20392?s=96&d=mm&r=g","caption":"La Sentinelle"},"sameAs":["http:\/\/www.lasentinelle.dz"],"url":"https:\/\/lasentinelle.dz\/author\/redaction\/"}]}},"_links":{"self":[{"href":"https:\/\/lasentinelle.dz\/index.php\/wp-json\/wp\/v2\/posts\/26392","targetHints":{"allow":["GET"]}}],"collection":[{"href":"https:\/\/lasentinelle.dz\/index.php\/wp-json\/wp\/v2\/posts"}],"about":[{"href":"https:\/\/lasentinelle.dz\/index.php\/wp-json\/wp\/v2\/types\/post"}],"author":[{"embeddable":true,"href":"https:\/\/lasentinelle.dz\/index.php\/wp-json\/wp\/v2\/users\/3"}],"replies":[{"embeddable":true,"href":"https:\/\/lasentinelle.dz\/index.php\/wp-json\/wp\/v2\/comments?post=26392"}],"version-history":[{"count":1,"href":"https:\/\/lasentinelle.dz\/index.php\/wp-json\/wp\/v2\/posts\/26392\/revisions"}],"predecessor-version":[{"id":26400,"href":"https:\/\/lasentinelle.dz\/index.php\/wp-json\/wp\/v2\/posts\/26392\/revisions\/26400"}],"wp:featuredmedia":[{"embeddable":true,"href":"https:\/\/lasentinelle.dz\/index.php\/wp-json\/wp\/v2\/media\/26399"}],"wp:attachment":[{"href":"https:\/\/lasentinelle.dz\/index.php\/wp-json\/wp\/v2\/media?parent=26392"}],"wp:term":[{"taxonomy":"category","embeddable":true,"href":"https:\/\/lasentinelle.dz\/index.php\/wp-json\/wp\/v2\/categories?post=26392"},{"taxonomy":"post_tag","embeddable":true,"href":"https:\/\/lasentinelle.dz\/index.php\/wp-json\/wp\/v2\/tags?post=26392"}],"curies":[{"name":"wp","href":"https:\/\/api.w.org\/{rel}","templated":true}]}}