{"id":26407,"date":"2022-08-28T00:05:00","date_gmt":"2022-08-27T23:05:00","guid":{"rendered":"https:\/\/lasentinelle.dz\/?p=26407"},"modified":"2022-08-27T19:27:48","modified_gmt":"2022-08-27T18:27:48","slug":"le-ministre-des-affaires-etrangeres-du-sahara-occidental-accuse-le-regime-marocain-execute-des-agendas-etrangers","status":"publish","type":"post","link":"https:\/\/lasentinelle.dz\/index.php\/2022\/08\/28\/le-ministre-des-affaires-etrangeres-du-sahara-occidental-accuse-le-regime-marocain-execute-des-agendas-etrangers\/","title":{"rendered":"Le ministre des\u00a0Affaires \u00e9trang\u00e8res du Sahara occidental accuse\u00a0:\u00a0\u00abLe r\u00e9gime marocain ex\u00e9cute des agendas \u00e9trangers\u00bb"},"content":{"rendered":"\n<p>Le minist\u00e8re des Affaires \u00e9trang\u00e8res sahraoui a, de nouveau, mis \u00e0 l\u2019index l\u2019attitude belliqueuse du Makhzen qui a ouvert un nouveau front avec la Tunisie apr\u00e8s l\u2019accueil du pr\u00e9sident sahraoui Brahim Ghali par son homologue tunisien Kais Saied. Il a ainsi rappel\u00e9 la mani\u00e8re dont&nbsp;&nbsp;le r\u00e9gime marocain a attest\u00e9 sa \u00abloyaut\u00e9\u00bb vis-\u00e0-vis des agendas \u00e9trangers subversifs, l\u2019objectif \u00e9tant de saquer la r\u00e9gion en ciblant sa stabilit\u00e9. Selon le minist\u00e8re sahraoui des Affaires \u00e9trang\u00e8res, \u00able Maroc cherche&nbsp;\u00e9galement \u00e0 porter atteinte \u00e0 la coh\u00e9sion et \u00e0 l&rsquo;unit\u00e9 des pays et des peuples de l&rsquo;Union africaine, l\u2019UA&nbsp;\u00bb. Les d\u00e9clarations de la diplomatie sahraouie interviennent en r\u00e9ponse au communiqu\u00e9 rendu public par le minist\u00e8re marocain des Affaires \u00e9trang\u00e8res apr\u00e8s l&rsquo;accueil du pr\u00e9sident sahraoui, Brahim Ghali, par son homologue tunisien, Ka\u00efs Sa\u00efed, dans le cadre de la 8e Conf\u00e9rence internationale de Tokyo sur le d\u00e9veloppement de l&rsquo;Afrique (TICAD 8),&nbsp;qui s\u2019est ouverte&nbsp;&nbsp;hier&nbsp;\u00e0 Tunis. Selon le minist\u00e8re sahraoui, l&rsquo;accueil de Brahim Ghali par le pr\u00e9sident tunisien s&rsquo;inscrit dans le cadre du \u00abtraitement sur un pied d&rsquo;\u00e9galit\u00e9 de tous les chefs d&rsquo;Etats et de Gouvernements et des d\u00e9l\u00e9gations membres de l&rsquo;UA accueillis \u00e0 l&rsquo;a\u00e9roport international de Carthage\u00bb, rapporte l&rsquo;Agence de presse sahraouie, SPS, accusant le Maroc d\u2019avoir \u00abformul\u00e9&nbsp;\u00e0 tort un communiqu\u00e9 \u00bb, d\u2019un \u00ablangage d&rsquo;arrogance et de m\u00e9pris envers la Tunisie, qui a agi en tant que pays h\u00f4te de la Conf\u00e9rence et dont le devoir est d&rsquo;accueillir les pays membres de l&rsquo;UA, conform\u00e9ment aux r\u00e9solutions de l&rsquo;organisation panafricaine et aux protocoles r\u00e9gissant ce type de manifestations\u00bb. Et de poursuivre : \u00abces pratiques (marocaines) ne peuvent \u00eatre justifi\u00e9es que par des objectifs dissimul\u00e9s \u00bb, soulignant qu\u2019\u00abelles sont li\u00e9es notamment \u00e0 l&rsquo;ex\u00e9cution d&rsquo;agendas \u00e9trangers subversifs ciblant la paix et la stabilit\u00e9 dans la r\u00e9gion\u00bb. La m\u00eame source rappelle que \u00abdepuis l&rsquo;adh\u00e9sion du Royaume du Maroc \u00e0 l&rsquo;UA, la R\u00e9publique sahraouie n&rsquo;a eu de cesse de mettre en garde que le r\u00e9gime marocain cherchait, avant tout, \u00e0 attenter \u00e0 la coh\u00e9sion et \u00e0 l&rsquo;unit\u00e9 des pays et des peuples de l&rsquo;UA \u00bb. \u00abIl semblerait que le Maroc ne fait d\u00e9sormais que reculer, en recourant de nouveau \u00e0 la politique de la chaise vide, adopt\u00e9e dans les ann\u00e9es 80 et 90 du si\u00e8cle dernier \u00bb, a fait savoir la m\u00eame source. \u00abSouffrant de plus en plus d&rsquo;un isolement croissant, l&rsquo;\u00c9tat d&rsquo;occupation marocain se d\u00e9m\u00e8ne pour sortir de l&rsquo;impasse, notamment face \u00e0 la d\u00e9n\u00e9gation par la communaut\u00e9 internationale de la souverainet\u00e9 du Maroc sur le Sahara Occidental. Il se d\u00e9m\u00e8ne \u00e9galement face au fait que la R\u00e9publique sahraouie constitue une r\u00e9alit\u00e9 nationale, r\u00e9gionale et internationale ind\u00e9niable et irr\u00e9vocable\u00bb, a-t-elle ajout\u00e9, rappelant \u00e9galement que \u00abdepuis son adh\u00e9sion \u00e0 l&rsquo;UA en 2017, le Royaume du Maroc aura particip\u00e9, aux c\u00f4t\u00e9s de la R\u00e9publique sahraouie, \u00e0 tous les sommets, conf\u00e9rences, s\u00e9minaires et activit\u00e9s de l&rsquo;Union, dont la R\u00e9publique sahraouie est l&rsquo;un des membres fondateurs, apr\u00e8s que le Royaume ait bien entendu sign\u00e9 l&rsquo;Acte constitutif de l&rsquo;UA et publi\u00e9 sa ratification dans son journal officiel\u00bb. La m\u00eame source a \u00e9galement rappel\u00e9 que \u00abMaroc a \u00e9galement particip\u00e9, tout comme la R\u00e9publique sahraouie, au cinqui\u00e8me Sommet UA-UE tenu \u00e0 Abidjan, en 2017, et lors duquel le royaume occupant est rest\u00e9 les bras crois\u00e9s et a acquiesc\u00e9 \u00e0 la d\u00e9cision de l&rsquo;UA sur le droit des Etats membres d&rsquo;assister \u00e0 toutes les conf\u00e9rences et \u00e9v\u00e9nements de l&rsquo;UA\u00bb. Le Royaume a particip\u00e9 aussi \u00e0 la 6e Conf\u00e9rence de la TICAD au Mozambique en 2017, toujours en pr\u00e9sence de la d\u00e9l\u00e9gation sahraouie, et malgr\u00e9 le comportement agressif dont a fait montre la d\u00e9l\u00e9gation marocaine, le minist\u00e8re marocain des Affaires \u00e9trang\u00e8res n&rsquo;avait pas publi\u00e9 de communiqu\u00e9 comme l&rsquo;a fait contre la Tunisie. Le pr\u00e9sident sahraoui, ainsi que ses homologues africains, ont assist\u00e9, encore une fois, \u00e0 la 7e Conf\u00e9rence de la TICAD \u00e0 Yokohama (Japon), en ao\u00fbt 2019, en pr\u00e9sence d&rsquo;une d\u00e9l\u00e9gation marocaine. Pourtant, le Royaume n&rsquo;a ni protest\u00e9, ni il s&rsquo;est retir\u00e9, ni a rappel\u00e9 son ambassadeur au Japon \u00bb, a fait savoir le communiqu\u00e9.<\/p>\n\n\n\n<p><strong>Amar Malki<\/strong><\/p>\n","protected":false},"excerpt":{"rendered":"<p>Le minist\u00e8re des Affaires \u00e9trang\u00e8res sahraoui a, de nouveau, mis \u00e0 l\u2019index l\u2019attitude belliqueuse du Makhzen qui a ouvert un<\/p>\n","protected":false},"author":3,"featured_media":26412,"comment_status":"open","ping_status":"closed","sticky":false,"template":"","format":"standard","meta":{"colormag_page_container_layout":"default_layout","colormag_page_sidebar_layout":"default_layout","om_disable_all_campaigns":false,"_monsterinsights_skip_tracking":false,"_monsterinsights_sitenote_active":false,"_monsterinsights_sitenote_note":"","_monsterinsights_sitenote_category":0,"footnotes":"","_wpscppro_dont_share_socialmedia":false,"_wpscppro_custom_social_share_image":0,"_facebook_share_type":"","_twitter_share_type":"","_linkedin_share_type":"","_pinterest_share_type":"","_linkedin_share_type_page":"","_instagram_share_type":"","_medium_share_type":"","_threads_share_type":"","_google_business_share_type":"","_selected_social_profile":[],"_wpsp_enable_custom_social_template":false,"_wpsp_social_scheduling":{"enabled":false,"datetime":null,"platforms":[],"status":"template_only","dateOption":"today","timeOption":"now","customDays":"","customHours":"","customDate":"","customTime":"","schedulingType":"absolute"},"_wpsp_active_default_template":true},"categories":[27],"tags":[],"class_list":["post-26407","post","type-post","status-publish","format-standard","has-post-thumbnail","hentry","category-actualite"],"aioseo_notices":[],"yoast_head":"<!-- This site is optimized with the Yoast SEO plugin v27.5 - https:\/\/yoast.com\/product\/yoast-seo-wordpress\/ -->\n<title>Le ministre des\u00a0Affaires \u00e9trang\u00e8res du Sahara occidental accuse\u00a0:\u00a0\u00abLe r\u00e9gime marocain ex\u00e9cute des agendas \u00e9trangers\u00bb - La Sentinelle<\/title>\n<meta name=\"robots\" content=\"index, follow, max-snippet:-1, max-image-preview:large, max-video-preview:-1\" \/>\n<link rel=\"canonical\" href=\"https:\/\/lasentinelle.dz\/index.php\/2022\/08\/28\/le-ministre-des-affaires-etrangeres-du-sahara-occidental-accuse-le-regime-marocain-execute-des-agendas-etrangers\/\" \/>\n<meta property=\"og:locale\" content=\"fr_FR\" \/>\n<meta property=\"og:type\" content=\"article\" \/>\n<meta property=\"og:title\" content=\"Le ministre des\u00a0Affaires \u00e9trang\u00e8res du Sahara occidental accuse\u00a0:\u00a0\u00abLe r\u00e9gime marocain ex\u00e9cute des agendas \u00e9trangers\u00bb - La Sentinelle\" \/>\n<meta property=\"og:description\" content=\"Le minist\u00e8re des Affaires \u00e9trang\u00e8res sahraoui a, de nouveau, mis \u00e0 l\u2019index l\u2019attitude belliqueuse du Makhzen qui a ouvert un\" \/>\n<meta property=\"og:url\" content=\"https:\/\/lasentinelle.dz\/index.php\/2022\/08\/28\/le-ministre-des-affaires-etrangeres-du-sahara-occidental-accuse-le-regime-marocain-execute-des-agendas-etrangers\/\" \/>\n<meta property=\"og:site_name\" content=\"La Sentinelle\" \/>\n<meta property=\"article:publisher\" content=\"https:\/\/www.facebook.com\/La-Sentinelle-104059864394773\" \/>\n<meta property=\"article:published_time\" content=\"2022-08-27T23:05:00+00:00\" \/>\n<meta property=\"og:image\" content=\"https:\/\/lasentinelle.dz\/wp-content\/uploads\/2022\/08\/45454454.png\" \/>\n\t<meta property=\"og:image:width\" content=\"1299\" \/>\n\t<meta property=\"og:image:height\" content=\"900\" \/>\n\t<meta property=\"og:image:type\" content=\"image\/png\" \/>\n<meta name=\"author\" content=\"La Sentinelle\" \/>\n<meta name=\"twitter:card\" content=\"summary_large_image\" \/>\n<meta name=\"twitter:label1\" content=\"\u00c9crit par\" \/>\n\t<meta name=\"twitter:data1\" content=\"La Sentinelle\" \/>\n\t<meta name=\"twitter:label2\" content=\"Dur\u00e9e de lecture estim\u00e9e\" \/>\n\t<meta name=\"twitter:data2\" content=\"4 minutes\" \/>\n<script type=\"application\/ld+json\" class=\"yoast-schema-graph\">{\"@context\":\"https:\\\/\\\/schema.org\",\"@graph\":[{\"@type\":\"Article\",\"@id\":\"https:\\\/\\\/lasentinelle.dz\\\/index.php\\\/2022\\\/08\\\/28\\\/le-ministre-des-affaires-etrangeres-du-sahara-occidental-accuse-le-regime-marocain-execute-des-agendas-etrangers\\\/#article\",\"isPartOf\":{\"@id\":\"https:\\\/\\\/lasentinelle.dz\\\/index.php\\\/2022\\\/08\\\/28\\\/le-ministre-des-affaires-etrangeres-du-sahara-occidental-accuse-le-regime-marocain-execute-des-agendas-etrangers\\\/\"},\"author\":{\"name\":\"La Sentinelle\",\"@id\":\"https:\\\/\\\/lasentinelle.dz\\\/#\\\/schema\\\/person\\\/d865044e22e70a75174ce8bcad3acfb3\"},\"headline\":\"Le ministre des\u00a0Affaires \u00e9trang\u00e8res du Sahara occidental accuse\u00a0:\u00a0\u00abLe r\u00e9gime marocain ex\u00e9cute des agendas \u00e9trangers\u00bb\",\"datePublished\":\"2022-08-27T23:05:00+00:00\",\"mainEntityOfPage\":{\"@id\":\"https:\\\/\\\/lasentinelle.dz\\\/index.php\\\/2022\\\/08\\\/28\\\/le-ministre-des-affaires-etrangeres-du-sahara-occidental-accuse-le-regime-marocain-execute-des-agendas-etrangers\\\/\"},\"wordCount\":791,\"commentCount\":0,\"publisher\":{\"@id\":\"https:\\\/\\\/lasentinelle.dz\\\/#organization\"},\"image\":{\"@id\":\"https:\\\/\\\/lasentinelle.dz\\\/index.php\\\/2022\\\/08\\\/28\\\/le-ministre-des-affaires-etrangeres-du-sahara-occidental-accuse-le-regime-marocain-execute-des-agendas-etrangers\\\/#primaryimage\"},\"thumbnailUrl\":\"https:\\\/\\\/lasentinelle.dz\\\/wp-content\\\/uploads\\\/2022\\\/08\\\/45454454.png\",\"articleSection\":[\"Actualit\u00e9\"],\"inLanguage\":\"fr-FR\",\"potentialAction\":[{\"@type\":\"CommentAction\",\"name\":\"Comment\",\"target\":[\"https:\\\/\\\/lasentinelle.dz\\\/index.php\\\/2022\\\/08\\\/28\\\/le-ministre-des-affaires-etrangeres-du-sahara-occidental-accuse-le-regime-marocain-execute-des-agendas-etrangers\\\/#respond\"]}]},{\"@type\":\"WebPage\",\"@id\":\"https:\\\/\\\/lasentinelle.dz\\\/index.php\\\/2022\\\/08\\\/28\\\/le-ministre-des-affaires-etrangeres-du-sahara-occidental-accuse-le-regime-marocain-execute-des-agendas-etrangers\\\/\",\"url\":\"https:\\\/\\\/lasentinelle.dz\\\/index.php\\\/2022\\\/08\\\/28\\\/le-ministre-des-affaires-etrangeres-du-sahara-occidental-accuse-le-regime-marocain-execute-des-agendas-etrangers\\\/\",\"name\":\"Le ministre des\u00a0Affaires \u00e9trang\u00e8res du Sahara occidental accuse\u00a0:\u00a0\u00abLe r\u00e9gime marocain ex\u00e9cute des agendas \u00e9trangers\u00bb - La Sentinelle\",\"isPartOf\":{\"@id\":\"https:\\\/\\\/lasentinelle.dz\\\/#website\"},\"primaryImageOfPage\":{\"@id\":\"https:\\\/\\\/lasentinelle.dz\\\/index.php\\\/2022\\\/08\\\/28\\\/le-ministre-des-affaires-etrangeres-du-sahara-occidental-accuse-le-regime-marocain-execute-des-agendas-etrangers\\\/#primaryimage\"},\"image\":{\"@id\":\"https:\\\/\\\/lasentinelle.dz\\\/index.php\\\/2022\\\/08\\\/28\\\/le-ministre-des-affaires-etrangeres-du-sahara-occidental-accuse-le-regime-marocain-execute-des-agendas-etrangers\\\/#primaryimage\"},\"thumbnailUrl\":\"https:\\\/\\\/lasentinelle.dz\\\/wp-content\\\/uploads\\\/2022\\\/08\\\/45454454.png\",\"datePublished\":\"2022-08-27T23:05:00+00:00\",\"breadcrumb\":{\"@id\":\"https:\\\/\\\/lasentinelle.dz\\\/index.php\\\/2022\\\/08\\\/28\\\/le-ministre-des-affaires-etrangeres-du-sahara-occidental-accuse-le-regime-marocain-execute-des-agendas-etrangers\\\/#breadcrumb\"},\"inLanguage\":\"fr-FR\",\"potentialAction\":[{\"@type\":\"ReadAction\",\"target\":[\"https:\\\/\\\/lasentinelle.dz\\\/index.php\\\/2022\\\/08\\\/28\\\/le-ministre-des-affaires-etrangeres-du-sahara-occidental-accuse-le-regime-marocain-execute-des-agendas-etrangers\\\/\"]}]},{\"@type\":\"ImageObject\",\"inLanguage\":\"fr-FR\",\"@id\":\"https:\\\/\\\/lasentinelle.dz\\\/index.php\\\/2022\\\/08\\\/28\\\/le-ministre-des-affaires-etrangeres-du-sahara-occidental-accuse-le-regime-marocain-execute-des-agendas-etrangers\\\/#primaryimage\",\"url\":\"https:\\\/\\\/lasentinelle.dz\\\/wp-content\\\/uploads\\\/2022\\\/08\\\/45454454.png\",\"contentUrl\":\"https:\\\/\\\/lasentinelle.dz\\\/wp-content\\\/uploads\\\/2022\\\/08\\\/45454454.png\",\"width\":1299,\"height\":900},{\"@type\":\"BreadcrumbList\",\"@id\":\"https:\\\/\\\/lasentinelle.dz\\\/index.php\\\/2022\\\/08\\\/28\\\/le-ministre-des-affaires-etrangeres-du-sahara-occidental-accuse-le-regime-marocain-execute-des-agendas-etrangers\\\/#breadcrumb\",\"itemListElement\":[{\"@type\":\"ListItem\",\"position\":1,\"name\":\"Accueil\",\"item\":\"https:\\\/\\\/lasentinelle.dz\\\/\"},{\"@type\":\"ListItem\",\"position\":2,\"name\":\"Le ministre des\u00a0Affaires \u00e9trang\u00e8res du Sahara occidental accuse\u00a0:\u00a0\u00abLe r\u00e9gime marocain ex\u00e9cute des agendas \u00e9trangers\u00bb\"}]},{\"@type\":\"WebSite\",\"@id\":\"https:\\\/\\\/lasentinelle.dz\\\/#website\",\"url\":\"https:\\\/\\\/lasentinelle.dz\\\/\",\"name\":\"La Sentinelle\",\"description\":\"Quotidien national d&#039;information\",\"publisher\":{\"@id\":\"https:\\\/\\\/lasentinelle.dz\\\/#organization\"},\"potentialAction\":[{\"@type\":\"SearchAction\",\"target\":{\"@type\":\"EntryPoint\",\"urlTemplate\":\"https:\\\/\\\/lasentinelle.dz\\\/?s={search_term_string}\"},\"query-input\":{\"@type\":\"PropertyValueSpecification\",\"valueRequired\":true,\"valueName\":\"search_term_string\"}}],\"inLanguage\":\"fr-FR\"},{\"@type\":\"Organization\",\"@id\":\"https:\\\/\\\/lasentinelle.dz\\\/#organization\",\"name\":\"Quotidien La Sentinelle\",\"url\":\"https:\\\/\\\/lasentinelle.dz\\\/\",\"logo\":{\"@type\":\"ImageObject\",\"inLanguage\":\"fr-FR\",\"@id\":\"https:\\\/\\\/lasentinelle.dz\\\/#\\\/schema\\\/logo\\\/image\\\/\",\"url\":\"https:\\\/\\\/lasentinelle.dz\\\/wp-content\\\/uploads\\\/2021\\\/09\\\/logo-sentinelleSLOGAN-1.png\",\"contentUrl\":\"https:\\\/\\\/lasentinelle.dz\\\/wp-content\\\/uploads\\\/2021\\\/09\\\/logo-sentinelleSLOGAN-1.png\",\"width\":615,\"height\":142,\"caption\":\"Quotidien La Sentinelle\"},\"image\":{\"@id\":\"https:\\\/\\\/lasentinelle.dz\\\/#\\\/schema\\\/logo\\\/image\\\/\"},\"sameAs\":[\"https:\\\/\\\/www.facebook.com\\\/La-Sentinelle-104059864394773\"]},{\"@type\":\"Person\",\"@id\":\"https:\\\/\\\/lasentinelle.dz\\\/#\\\/schema\\\/person\\\/d865044e22e70a75174ce8bcad3acfb3\",\"name\":\"La Sentinelle\",\"image\":{\"@type\":\"ImageObject\",\"inLanguage\":\"fr-FR\",\"@id\":\"https:\\\/\\\/secure.gravatar.com\\\/avatar\\\/57de8e5d4b15d43fb361a71fbb36338450fe67865b528a43dd10ef7c51a20392?s=96&d=mm&r=g\",\"url\":\"https:\\\/\\\/secure.gravatar.com\\\/avatar\\\/57de8e5d4b15d43fb361a71fbb36338450fe67865b528a43dd10ef7c51a20392?s=96&d=mm&r=g\",\"contentUrl\":\"https:\\\/\\\/secure.gravatar.com\\\/avatar\\\/57de8e5d4b15d43fb361a71fbb36338450fe67865b528a43dd10ef7c51a20392?s=96&d=mm&r=g\",\"caption\":\"La Sentinelle\"},\"sameAs\":[\"http:\\\/\\\/www.lasentinelle.dz\"],\"url\":\"https:\\\/\\\/lasentinelle.dz\\\/author\\\/redaction\\\/\"}]}<\/script>\n<!-- \/ Yoast SEO plugin. -->","yoast_head_json":{"title":"Le ministre des\u00a0Affaires \u00e9trang\u00e8res du Sahara occidental accuse\u00a0:\u00a0\u00abLe r\u00e9gime marocain ex\u00e9cute des agendas \u00e9trangers\u00bb - La Sentinelle","robots":{"index":"index","follow":"follow","max-snippet":"max-snippet:-1","max-image-preview":"max-image-preview:large","max-video-preview":"max-video-preview:-1"},"canonical":"https:\/\/lasentinelle.dz\/index.php\/2022\/08\/28\/le-ministre-des-affaires-etrangeres-du-sahara-occidental-accuse-le-regime-marocain-execute-des-agendas-etrangers\/","og_locale":"fr_FR","og_type":"article","og_title":"Le ministre des\u00a0Affaires \u00e9trang\u00e8res du Sahara occidental accuse\u00a0:\u00a0\u00abLe r\u00e9gime marocain ex\u00e9cute des agendas \u00e9trangers\u00bb - La Sentinelle","og_description":"Le minist\u00e8re des Affaires \u00e9trang\u00e8res sahraoui a, de nouveau, mis \u00e0 l\u2019index l\u2019attitude belliqueuse du Makhzen qui a ouvert un","og_url":"https:\/\/lasentinelle.dz\/index.php\/2022\/08\/28\/le-ministre-des-affaires-etrangeres-du-sahara-occidental-accuse-le-regime-marocain-execute-des-agendas-etrangers\/","og_site_name":"La Sentinelle","article_publisher":"https:\/\/www.facebook.com\/La-Sentinelle-104059864394773","article_published_time":"2022-08-27T23:05:00+00:00","og_image":[{"width":1299,"height":900,"url":"https:\/\/lasentinelle.dz\/wp-content\/uploads\/2022\/08\/45454454.png","type":"image\/png"}],"author":"La Sentinelle","twitter_card":"summary_large_image","twitter_misc":{"\u00c9crit par":"La Sentinelle","Dur\u00e9e de lecture estim\u00e9e":"4 minutes"},"schema":{"@context":"https:\/\/schema.org","@graph":[{"@type":"Article","@id":"https:\/\/lasentinelle.dz\/index.php\/2022\/08\/28\/le-ministre-des-affaires-etrangeres-du-sahara-occidental-accuse-le-regime-marocain-execute-des-agendas-etrangers\/#article","isPartOf":{"@id":"https:\/\/lasentinelle.dz\/index.php\/2022\/08\/28\/le-ministre-des-affaires-etrangeres-du-sahara-occidental-accuse-le-regime-marocain-execute-des-agendas-etrangers\/"},"author":{"name":"La Sentinelle","@id":"https:\/\/lasentinelle.dz\/#\/schema\/person\/d865044e22e70a75174ce8bcad3acfb3"},"headline":"Le ministre des\u00a0Affaires \u00e9trang\u00e8res du Sahara occidental accuse\u00a0:\u00a0\u00abLe r\u00e9gime marocain ex\u00e9cute des agendas \u00e9trangers\u00bb","datePublished":"2022-08-27T23:05:00+00:00","mainEntityOfPage":{"@id":"https:\/\/lasentinelle.dz\/index.php\/2022\/08\/28\/le-ministre-des-affaires-etrangeres-du-sahara-occidental-accuse-le-regime-marocain-execute-des-agendas-etrangers\/"},"wordCount":791,"commentCount":0,"publisher":{"@id":"https:\/\/lasentinelle.dz\/#organization"},"image":{"@id":"https:\/\/lasentinelle.dz\/index.php\/2022\/08\/28\/le-ministre-des-affaires-etrangeres-du-sahara-occidental-accuse-le-regime-marocain-execute-des-agendas-etrangers\/#primaryimage"},"thumbnailUrl":"https:\/\/lasentinelle.dz\/wp-content\/uploads\/2022\/08\/45454454.png","articleSection":["Actualit\u00e9"],"inLanguage":"fr-FR","potentialAction":[{"@type":"CommentAction","name":"Comment","target":["https:\/\/lasentinelle.dz\/index.php\/2022\/08\/28\/le-ministre-des-affaires-etrangeres-du-sahara-occidental-accuse-le-regime-marocain-execute-des-agendas-etrangers\/#respond"]}]},{"@type":"WebPage","@id":"https:\/\/lasentinelle.dz\/index.php\/2022\/08\/28\/le-ministre-des-affaires-etrangeres-du-sahara-occidental-accuse-le-regime-marocain-execute-des-agendas-etrangers\/","url":"https:\/\/lasentinelle.dz\/index.php\/2022\/08\/28\/le-ministre-des-affaires-etrangeres-du-sahara-occidental-accuse-le-regime-marocain-execute-des-agendas-etrangers\/","name":"Le ministre des\u00a0Affaires \u00e9trang\u00e8res du Sahara occidental accuse\u00a0:\u00a0\u00abLe r\u00e9gime marocain ex\u00e9cute des agendas \u00e9trangers\u00bb - La Sentinelle","isPartOf":{"@id":"https:\/\/lasentinelle.dz\/#website"},"primaryImageOfPage":{"@id":"https:\/\/lasentinelle.dz\/index.php\/2022\/08\/28\/le-ministre-des-affaires-etrangeres-du-sahara-occidental-accuse-le-regime-marocain-execute-des-agendas-etrangers\/#primaryimage"},"image":{"@id":"https:\/\/lasentinelle.dz\/index.php\/2022\/08\/28\/le-ministre-des-affaires-etrangeres-du-sahara-occidental-accuse-le-regime-marocain-execute-des-agendas-etrangers\/#primaryimage"},"thumbnailUrl":"https:\/\/lasentinelle.dz\/wp-content\/uploads\/2022\/08\/45454454.png","datePublished":"2022-08-27T23:05:00+00:00","breadcrumb":{"@id":"https:\/\/lasentinelle.dz\/index.php\/2022\/08\/28\/le-ministre-des-affaires-etrangeres-du-sahara-occidental-accuse-le-regime-marocain-execute-des-agendas-etrangers\/#breadcrumb"},"inLanguage":"fr-FR","potentialAction":[{"@type":"ReadAction","target":["https:\/\/lasentinelle.dz\/index.php\/2022\/08\/28\/le-ministre-des-affaires-etrangeres-du-sahara-occidental-accuse-le-regime-marocain-execute-des-agendas-etrangers\/"]}]},{"@type":"ImageObject","inLanguage":"fr-FR","@id":"https:\/\/lasentinelle.dz\/index.php\/2022\/08\/28\/le-ministre-des-affaires-etrangeres-du-sahara-occidental-accuse-le-regime-marocain-execute-des-agendas-etrangers\/#primaryimage","url":"https:\/\/lasentinelle.dz\/wp-content\/uploads\/2022\/08\/45454454.png","contentUrl":"https:\/\/lasentinelle.dz\/wp-content\/uploads\/2022\/08\/45454454.png","width":1299,"height":900},{"@type":"BreadcrumbList","@id":"https:\/\/lasentinelle.dz\/index.php\/2022\/08\/28\/le-ministre-des-affaires-etrangeres-du-sahara-occidental-accuse-le-regime-marocain-execute-des-agendas-etrangers\/#breadcrumb","itemListElement":[{"@type":"ListItem","position":1,"name":"Accueil","item":"https:\/\/lasentinelle.dz\/"},{"@type":"ListItem","position":2,"name":"Le ministre des\u00a0Affaires \u00e9trang\u00e8res du Sahara occidental accuse\u00a0:\u00a0\u00abLe r\u00e9gime marocain ex\u00e9cute des agendas \u00e9trangers\u00bb"}]},{"@type":"WebSite","@id":"https:\/\/lasentinelle.dz\/#website","url":"https:\/\/lasentinelle.dz\/","name":"La Sentinelle","description":"Quotidien national d&#039;information","publisher":{"@id":"https:\/\/lasentinelle.dz\/#organization"},"potentialAction":[{"@type":"SearchAction","target":{"@type":"EntryPoint","urlTemplate":"https:\/\/lasentinelle.dz\/?s={search_term_string}"},"query-input":{"@type":"PropertyValueSpecification","valueRequired":true,"valueName":"search_term_string"}}],"inLanguage":"fr-FR"},{"@type":"Organization","@id":"https:\/\/lasentinelle.dz\/#organization","name":"Quotidien La Sentinelle","url":"https:\/\/lasentinelle.dz\/","logo":{"@type":"ImageObject","inLanguage":"fr-FR","@id":"https:\/\/lasentinelle.dz\/#\/schema\/logo\/image\/","url":"https:\/\/lasentinelle.dz\/wp-content\/uploads\/2021\/09\/logo-sentinelleSLOGAN-1.png","contentUrl":"https:\/\/lasentinelle.dz\/wp-content\/uploads\/2021\/09\/logo-sentinelleSLOGAN-1.png","width":615,"height":142,"caption":"Quotidien La Sentinelle"},"image":{"@id":"https:\/\/lasentinelle.dz\/#\/schema\/logo\/image\/"},"sameAs":["https:\/\/www.facebook.com\/La-Sentinelle-104059864394773"]},{"@type":"Person","@id":"https:\/\/lasentinelle.dz\/#\/schema\/person\/d865044e22e70a75174ce8bcad3acfb3","name":"La Sentinelle","image":{"@type":"ImageObject","inLanguage":"fr-FR","@id":"https:\/\/secure.gravatar.com\/avatar\/57de8e5d4b15d43fb361a71fbb36338450fe67865b528a43dd10ef7c51a20392?s=96&d=mm&r=g","url":"https:\/\/secure.gravatar.com\/avatar\/57de8e5d4b15d43fb361a71fbb36338450fe67865b528a43dd10ef7c51a20392?s=96&d=mm&r=g","contentUrl":"https:\/\/secure.gravatar.com\/avatar\/57de8e5d4b15d43fb361a71fbb36338450fe67865b528a43dd10ef7c51a20392?s=96&d=mm&r=g","caption":"La Sentinelle"},"sameAs":["http:\/\/www.lasentinelle.dz"],"url":"https:\/\/lasentinelle.dz\/author\/redaction\/"}]}},"_links":{"self":[{"href":"https:\/\/lasentinelle.dz\/index.php\/wp-json\/wp\/v2\/posts\/26407","targetHints":{"allow":["GET"]}}],"collection":[{"href":"https:\/\/lasentinelle.dz\/index.php\/wp-json\/wp\/v2\/posts"}],"about":[{"href":"https:\/\/lasentinelle.dz\/index.php\/wp-json\/wp\/v2\/types\/post"}],"author":[{"embeddable":true,"href":"https:\/\/lasentinelle.dz\/index.php\/wp-json\/wp\/v2\/users\/3"}],"replies":[{"embeddable":true,"href":"https:\/\/lasentinelle.dz\/index.php\/wp-json\/wp\/v2\/comments?post=26407"}],"version-history":[{"count":1,"href":"https:\/\/lasentinelle.dz\/index.php\/wp-json\/wp\/v2\/posts\/26407\/revisions"}],"predecessor-version":[{"id":26413,"href":"https:\/\/lasentinelle.dz\/index.php\/wp-json\/wp\/v2\/posts\/26407\/revisions\/26413"}],"wp:featuredmedia":[{"embeddable":true,"href":"https:\/\/lasentinelle.dz\/index.php\/wp-json\/wp\/v2\/media\/26412"}],"wp:attachment":[{"href":"https:\/\/lasentinelle.dz\/index.php\/wp-json\/wp\/v2\/media?parent=26407"}],"wp:term":[{"taxonomy":"category","embeddable":true,"href":"https:\/\/lasentinelle.dz\/index.php\/wp-json\/wp\/v2\/categories?post=26407"},{"taxonomy":"post_tag","embeddable":true,"href":"https:\/\/lasentinelle.dz\/index.php\/wp-json\/wp\/v2\/tags?post=26407"}],"curies":[{"name":"wp","href":"https:\/\/api.w.org\/{rel}","templated":true}]}}