{"id":26450,"date":"2022-08-29T00:01:00","date_gmt":"2022-08-28T23:01:00","guid":{"rendered":"https:\/\/lasentinelle.dz\/?p=26450"},"modified":"2022-08-28T16:58:14","modified_gmt":"2022-08-28T15:58:14","slug":"mediterranee-la-turquie-accuse-la-grece-daction-hostile-contre-ses-avions","status":"publish","type":"post","link":"https:\/\/lasentinelle.dz\/index.php\/2022\/08\/29\/mediterranee-la-turquie-accuse-la-grece-daction-hostile-contre-ses-avions\/","title":{"rendered":"M\u00e9diterran\u00e9e\u00a0:\u00a0La Turquie accuse la Gr\u00e8ce d&rsquo;\u00abaction hostile\u00bb contre ses avions"},"content":{"rendered":"\n<p>Le syst\u00e8me de d\u00e9fense a\u00e9rienne grec d\u00e9ploy\u00e9 en Cr\u00e8te aurait \u00abverrouill\u00e9\u00bb mardi dernier des jets F-16 turcs, affirme Ankara. La Turquie a affirm\u00e9 hier que des avions turcs en mission dans la mer \u00c9g\u00e9e et en M\u00e9diterran\u00e9e orientale avaient \u00e9t\u00e9 vis\u00e9s par le syst\u00e8me de d\u00e9fense a\u00e9rienne S-300 de la Gr\u00e8ce et a d\u00e9nonc\u00e9 une \u00abaction hostile\u00bb. Le syst\u00e8me de d\u00e9fense a\u00e9rienne grec d\u00e9ploy\u00e9 en Cr\u00e8te a \u00abverrouill\u00e9\u00bb mardi dernier des jets F-16 turcs (capteurs concentr\u00e9s sur les jets, NDLR), en mission de reconnaissance \u00e0 10.000 pieds \u00e0 l&rsquo;ouest de l&rsquo;\u00eele de Rhodes, ont d\u00e9clar\u00e9 des sources du minist\u00e8re turc de la D\u00e9fense. Cela \u00e9quivaut \u00e0 des \u00abactes hostiles\u00bb selon les r\u00e8gles d&rsquo;engagement de l&rsquo;OTAN, a-t-on d\u00e9clar\u00e9 de m\u00eames sources. \u00ab Les avions \u00e0 r\u00e9action turcs ont n\u00e9anmoins \u00abaccompli les missions pr\u00e9vues et sont rentr\u00e9s \u00e0 leur base en toute s\u00e9curit\u00e9\u00bb, a-t-on pr\u00e9cis\u00e9. Ces derniers mois, la Turquie s&rsquo;est plainte d&rsquo;actions de la Gr\u00e8ce, selon elle provocatrices et pr\u00e9judiciables aux efforts de paix. Les deux voisins, tous deux membres de l&rsquo;OTAN, ont des diff\u00e9rends de longue date concernant leurs fronti\u00e8res maritimes et a\u00e9riennes, ce qui conduit les forces a\u00e9riennes \u00e0 effectuer des patrouilles et des missions d&rsquo;interception quasi quotidiennes, principalement autour des \u00eeles grecques proches des c\u00f4tes turques. Ath\u00e8nes accuse Ankara de survoler les \u00eeles grecques. La Turquie, pour sa part, affirme que la Gr\u00e8ce stationne des troupes sur des \u00eeles de la mer \u00c9g\u00e9e en violation des trait\u00e9s de paix sign\u00e9s apr\u00e8s les deux guerres mondiales.<\/p>\n\n\n\n<p>K.L.<\/p>\n","protected":false},"excerpt":{"rendered":"<p>Le syst\u00e8me de d\u00e9fense a\u00e9rienne grec d\u00e9ploy\u00e9 en Cr\u00e8te aurait \u00abverrouill\u00e9\u00bb mardi dernier des jets F-16 turcs, affirme Ankara. La<\/p>\n","protected":false},"author":3,"featured_media":26455,"comment_status":"open","ping_status":"closed","sticky":false,"template":"","format":"standard","meta":{"colormag_page_container_layout":"default_layout","colormag_page_sidebar_layout":"default_layout","om_disable_all_campaigns":false,"_monsterinsights_skip_tracking":false,"_monsterinsights_sitenote_active":false,"_monsterinsights_sitenote_note":"","_monsterinsights_sitenote_category":0,"footnotes":"","_wpscppro_dont_share_socialmedia":false,"_wpscppro_custom_social_share_image":0,"_facebook_share_type":"","_twitter_share_type":"","_linkedin_share_type":"","_pinterest_share_type":"","_linkedin_share_type_page":"","_instagram_share_type":"","_medium_share_type":"","_threads_share_type":"","_google_business_share_type":"","_selected_social_profile":[],"_wpsp_enable_custom_social_template":false,"_wpsp_social_scheduling":{"enabled":false,"datetime":null,"platforms":[],"status":"template_only","dateOption":"today","timeOption":"now","customDays":"","customHours":"","customDate":"","customTime":"","schedulingType":"absolute"},"_wpsp_active_default_template":true},"categories":[37],"tags":[],"class_list":["post-26450","post","type-post","status-publish","format-standard","has-post-thumbnail","hentry","category-monde"],"aioseo_notices":[],"yoast_head":"<!-- This site is optimized with the Yoast SEO plugin v27.5 - https:\/\/yoast.com\/product\/yoast-seo-wordpress\/ -->\n<title>M\u00e9diterran\u00e9e\u00a0:\u00a0La Turquie accuse la Gr\u00e8ce d&rsquo;\u00abaction hostile\u00bb contre ses avions - La Sentinelle<\/title>\n<meta name=\"robots\" content=\"index, follow, max-snippet:-1, max-image-preview:large, max-video-preview:-1\" \/>\n<link rel=\"canonical\" href=\"https:\/\/lasentinelle.dz\/index.php\/2022\/08\/29\/mediterranee-la-turquie-accuse-la-grece-daction-hostile-contre-ses-avions\/\" \/>\n<meta property=\"og:locale\" content=\"fr_FR\" \/>\n<meta property=\"og:type\" content=\"article\" \/>\n<meta property=\"og:title\" content=\"M\u00e9diterran\u00e9e\u00a0:\u00a0La Turquie accuse la Gr\u00e8ce d&rsquo;\u00abaction hostile\u00bb contre ses avions - La Sentinelle\" \/>\n<meta property=\"og:description\" content=\"Le syst\u00e8me de d\u00e9fense a\u00e9rienne grec d\u00e9ploy\u00e9 en Cr\u00e8te aurait \u00abverrouill\u00e9\u00bb mardi dernier des jets F-16 turcs, affirme Ankara. La\" \/>\n<meta property=\"og:url\" content=\"https:\/\/lasentinelle.dz\/index.php\/2022\/08\/29\/mediterranee-la-turquie-accuse-la-grece-daction-hostile-contre-ses-avions\/\" \/>\n<meta property=\"og:site_name\" content=\"La Sentinelle\" \/>\n<meta property=\"article:publisher\" content=\"https:\/\/www.facebook.com\/La-Sentinelle-104059864394773\" \/>\n<meta property=\"article:published_time\" content=\"2022-08-28T23:01:00+00:00\" \/>\n<meta property=\"og:image\" content=\"https:\/\/lasentinelle.dz\/wp-content\/uploads\/2022\/08\/MWKDSK5Z25EQPLSINEUPZ2NWPM.jpg\" \/>\n\t<meta property=\"og:image:width\" content=\"768\" \/>\n\t<meta property=\"og:image:height\" content=\"512\" \/>\n\t<meta property=\"og:image:type\" content=\"image\/jpeg\" \/>\n<meta name=\"author\" content=\"La Sentinelle\" \/>\n<meta name=\"twitter:card\" content=\"summary_large_image\" \/>\n<meta name=\"twitter:label1\" content=\"\u00c9crit par\" \/>\n\t<meta name=\"twitter:data1\" content=\"La Sentinelle\" \/>\n\t<meta name=\"twitter:label2\" content=\"Dur\u00e9e de lecture estim\u00e9e\" \/>\n\t<meta name=\"twitter:data2\" content=\"2 minutes\" \/>\n<script type=\"application\/ld+json\" class=\"yoast-schema-graph\">{\"@context\":\"https:\\\/\\\/schema.org\",\"@graph\":[{\"@type\":\"Article\",\"@id\":\"https:\\\/\\\/lasentinelle.dz\\\/index.php\\\/2022\\\/08\\\/29\\\/mediterranee-la-turquie-accuse-la-grece-daction-hostile-contre-ses-avions\\\/#article\",\"isPartOf\":{\"@id\":\"https:\\\/\\\/lasentinelle.dz\\\/index.php\\\/2022\\\/08\\\/29\\\/mediterranee-la-turquie-accuse-la-grece-daction-hostile-contre-ses-avions\\\/\"},\"author\":{\"name\":\"La Sentinelle\",\"@id\":\"https:\\\/\\\/lasentinelle.dz\\\/#\\\/schema\\\/person\\\/d865044e22e70a75174ce8bcad3acfb3\"},\"headline\":\"M\u00e9diterran\u00e9e\u00a0:\u00a0La Turquie accuse la Gr\u00e8ce d&rsquo;\u00abaction hostile\u00bb contre ses avions\",\"datePublished\":\"2022-08-28T23:01:00+00:00\",\"mainEntityOfPage\":{\"@id\":\"https:\\\/\\\/lasentinelle.dz\\\/index.php\\\/2022\\\/08\\\/29\\\/mediterranee-la-turquie-accuse-la-grece-daction-hostile-contre-ses-avions\\\/\"},\"wordCount\":310,\"commentCount\":0,\"publisher\":{\"@id\":\"https:\\\/\\\/lasentinelle.dz\\\/#organization\"},\"image\":{\"@id\":\"https:\\\/\\\/lasentinelle.dz\\\/index.php\\\/2022\\\/08\\\/29\\\/mediterranee-la-turquie-accuse-la-grece-daction-hostile-contre-ses-avions\\\/#primaryimage\"},\"thumbnailUrl\":\"https:\\\/\\\/lasentinelle.dz\\\/wp-content\\\/uploads\\\/2022\\\/08\\\/MWKDSK5Z25EQPLSINEUPZ2NWPM.jpg\",\"articleSection\":[\"Monde\"],\"inLanguage\":\"fr-FR\",\"potentialAction\":[{\"@type\":\"CommentAction\",\"name\":\"Comment\",\"target\":[\"https:\\\/\\\/lasentinelle.dz\\\/index.php\\\/2022\\\/08\\\/29\\\/mediterranee-la-turquie-accuse-la-grece-daction-hostile-contre-ses-avions\\\/#respond\"]}]},{\"@type\":\"WebPage\",\"@id\":\"https:\\\/\\\/lasentinelle.dz\\\/index.php\\\/2022\\\/08\\\/29\\\/mediterranee-la-turquie-accuse-la-grece-daction-hostile-contre-ses-avions\\\/\",\"url\":\"https:\\\/\\\/lasentinelle.dz\\\/index.php\\\/2022\\\/08\\\/29\\\/mediterranee-la-turquie-accuse-la-grece-daction-hostile-contre-ses-avions\\\/\",\"name\":\"M\u00e9diterran\u00e9e\u00a0:\u00a0La Turquie accuse la Gr\u00e8ce d&rsquo;\u00abaction hostile\u00bb contre ses avions - La Sentinelle\",\"isPartOf\":{\"@id\":\"https:\\\/\\\/lasentinelle.dz\\\/#website\"},\"primaryImageOfPage\":{\"@id\":\"https:\\\/\\\/lasentinelle.dz\\\/index.php\\\/2022\\\/08\\\/29\\\/mediterranee-la-turquie-accuse-la-grece-daction-hostile-contre-ses-avions\\\/#primaryimage\"},\"image\":{\"@id\":\"https:\\\/\\\/lasentinelle.dz\\\/index.php\\\/2022\\\/08\\\/29\\\/mediterranee-la-turquie-accuse-la-grece-daction-hostile-contre-ses-avions\\\/#primaryimage\"},\"thumbnailUrl\":\"https:\\\/\\\/lasentinelle.dz\\\/wp-content\\\/uploads\\\/2022\\\/08\\\/MWKDSK5Z25EQPLSINEUPZ2NWPM.jpg\",\"datePublished\":\"2022-08-28T23:01:00+00:00\",\"breadcrumb\":{\"@id\":\"https:\\\/\\\/lasentinelle.dz\\\/index.php\\\/2022\\\/08\\\/29\\\/mediterranee-la-turquie-accuse-la-grece-daction-hostile-contre-ses-avions\\\/#breadcrumb\"},\"inLanguage\":\"fr-FR\",\"potentialAction\":[{\"@type\":\"ReadAction\",\"target\":[\"https:\\\/\\\/lasentinelle.dz\\\/index.php\\\/2022\\\/08\\\/29\\\/mediterranee-la-turquie-accuse-la-grece-daction-hostile-contre-ses-avions\\\/\"]}]},{\"@type\":\"ImageObject\",\"inLanguage\":\"fr-FR\",\"@id\":\"https:\\\/\\\/lasentinelle.dz\\\/index.php\\\/2022\\\/08\\\/29\\\/mediterranee-la-turquie-accuse-la-grece-daction-hostile-contre-ses-avions\\\/#primaryimage\",\"url\":\"https:\\\/\\\/lasentinelle.dz\\\/wp-content\\\/uploads\\\/2022\\\/08\\\/MWKDSK5Z25EQPLSINEUPZ2NWPM.jpg\",\"contentUrl\":\"https:\\\/\\\/lasentinelle.dz\\\/wp-content\\\/uploads\\\/2022\\\/08\\\/MWKDSK5Z25EQPLSINEUPZ2NWPM.jpg\",\"width\":768,\"height\":512},{\"@type\":\"BreadcrumbList\",\"@id\":\"https:\\\/\\\/lasentinelle.dz\\\/index.php\\\/2022\\\/08\\\/29\\\/mediterranee-la-turquie-accuse-la-grece-daction-hostile-contre-ses-avions\\\/#breadcrumb\",\"itemListElement\":[{\"@type\":\"ListItem\",\"position\":1,\"name\":\"Accueil\",\"item\":\"https:\\\/\\\/lasentinelle.dz\\\/\"},{\"@type\":\"ListItem\",\"position\":2,\"name\":\"M\u00e9diterran\u00e9e\u00a0:\u00a0La Turquie accuse la Gr\u00e8ce d&rsquo;\u00abaction hostile\u00bb contre ses avions\"}]},{\"@type\":\"WebSite\",\"@id\":\"https:\\\/\\\/lasentinelle.dz\\\/#website\",\"url\":\"https:\\\/\\\/lasentinelle.dz\\\/\",\"name\":\"La Sentinelle\",\"description\":\"Quotidien national d&#039;information\",\"publisher\":{\"@id\":\"https:\\\/\\\/lasentinelle.dz\\\/#organization\"},\"potentialAction\":[{\"@type\":\"SearchAction\",\"target\":{\"@type\":\"EntryPoint\",\"urlTemplate\":\"https:\\\/\\\/lasentinelle.dz\\\/?s={search_term_string}\"},\"query-input\":{\"@type\":\"PropertyValueSpecification\",\"valueRequired\":true,\"valueName\":\"search_term_string\"}}],\"inLanguage\":\"fr-FR\"},{\"@type\":\"Organization\",\"@id\":\"https:\\\/\\\/lasentinelle.dz\\\/#organization\",\"name\":\"Quotidien La Sentinelle\",\"url\":\"https:\\\/\\\/lasentinelle.dz\\\/\",\"logo\":{\"@type\":\"ImageObject\",\"inLanguage\":\"fr-FR\",\"@id\":\"https:\\\/\\\/lasentinelle.dz\\\/#\\\/schema\\\/logo\\\/image\\\/\",\"url\":\"https:\\\/\\\/lasentinelle.dz\\\/wp-content\\\/uploads\\\/2021\\\/09\\\/logo-sentinelleSLOGAN-1.png\",\"contentUrl\":\"https:\\\/\\\/lasentinelle.dz\\\/wp-content\\\/uploads\\\/2021\\\/09\\\/logo-sentinelleSLOGAN-1.png\",\"width\":615,\"height\":142,\"caption\":\"Quotidien La Sentinelle\"},\"image\":{\"@id\":\"https:\\\/\\\/lasentinelle.dz\\\/#\\\/schema\\\/logo\\\/image\\\/\"},\"sameAs\":[\"https:\\\/\\\/www.facebook.com\\\/La-Sentinelle-104059864394773\"]},{\"@type\":\"Person\",\"@id\":\"https:\\\/\\\/lasentinelle.dz\\\/#\\\/schema\\\/person\\\/d865044e22e70a75174ce8bcad3acfb3\",\"name\":\"La Sentinelle\",\"image\":{\"@type\":\"ImageObject\",\"inLanguage\":\"fr-FR\",\"@id\":\"https:\\\/\\\/secure.gravatar.com\\\/avatar\\\/57de8e5d4b15d43fb361a71fbb36338450fe67865b528a43dd10ef7c51a20392?s=96&d=mm&r=g\",\"url\":\"https:\\\/\\\/secure.gravatar.com\\\/avatar\\\/57de8e5d4b15d43fb361a71fbb36338450fe67865b528a43dd10ef7c51a20392?s=96&d=mm&r=g\",\"contentUrl\":\"https:\\\/\\\/secure.gravatar.com\\\/avatar\\\/57de8e5d4b15d43fb361a71fbb36338450fe67865b528a43dd10ef7c51a20392?s=96&d=mm&r=g\",\"caption\":\"La Sentinelle\"},\"sameAs\":[\"http:\\\/\\\/www.lasentinelle.dz\"],\"url\":\"https:\\\/\\\/lasentinelle.dz\\\/author\\\/redaction\\\/\"}]}<\/script>\n<!-- \/ Yoast SEO plugin. -->","yoast_head_json":{"title":"M\u00e9diterran\u00e9e\u00a0:\u00a0La Turquie accuse la Gr\u00e8ce d&rsquo;\u00abaction hostile\u00bb contre ses avions - La Sentinelle","robots":{"index":"index","follow":"follow","max-snippet":"max-snippet:-1","max-image-preview":"max-image-preview:large","max-video-preview":"max-video-preview:-1"},"canonical":"https:\/\/lasentinelle.dz\/index.php\/2022\/08\/29\/mediterranee-la-turquie-accuse-la-grece-daction-hostile-contre-ses-avions\/","og_locale":"fr_FR","og_type":"article","og_title":"M\u00e9diterran\u00e9e\u00a0:\u00a0La Turquie accuse la Gr\u00e8ce d&rsquo;\u00abaction hostile\u00bb contre ses avions - La Sentinelle","og_description":"Le syst\u00e8me de d\u00e9fense a\u00e9rienne grec d\u00e9ploy\u00e9 en Cr\u00e8te aurait \u00abverrouill\u00e9\u00bb mardi dernier des jets F-16 turcs, affirme Ankara. La","og_url":"https:\/\/lasentinelle.dz\/index.php\/2022\/08\/29\/mediterranee-la-turquie-accuse-la-grece-daction-hostile-contre-ses-avions\/","og_site_name":"La Sentinelle","article_publisher":"https:\/\/www.facebook.com\/La-Sentinelle-104059864394773","article_published_time":"2022-08-28T23:01:00+00:00","og_image":[{"width":768,"height":512,"url":"https:\/\/lasentinelle.dz\/wp-content\/uploads\/2022\/08\/MWKDSK5Z25EQPLSINEUPZ2NWPM.jpg","type":"image\/jpeg"}],"author":"La Sentinelle","twitter_card":"summary_large_image","twitter_misc":{"\u00c9crit par":"La Sentinelle","Dur\u00e9e de lecture estim\u00e9e":"2 minutes"},"schema":{"@context":"https:\/\/schema.org","@graph":[{"@type":"Article","@id":"https:\/\/lasentinelle.dz\/index.php\/2022\/08\/29\/mediterranee-la-turquie-accuse-la-grece-daction-hostile-contre-ses-avions\/#article","isPartOf":{"@id":"https:\/\/lasentinelle.dz\/index.php\/2022\/08\/29\/mediterranee-la-turquie-accuse-la-grece-daction-hostile-contre-ses-avions\/"},"author":{"name":"La Sentinelle","@id":"https:\/\/lasentinelle.dz\/#\/schema\/person\/d865044e22e70a75174ce8bcad3acfb3"},"headline":"M\u00e9diterran\u00e9e\u00a0:\u00a0La Turquie accuse la Gr\u00e8ce d&rsquo;\u00abaction hostile\u00bb contre ses avions","datePublished":"2022-08-28T23:01:00+00:00","mainEntityOfPage":{"@id":"https:\/\/lasentinelle.dz\/index.php\/2022\/08\/29\/mediterranee-la-turquie-accuse-la-grece-daction-hostile-contre-ses-avions\/"},"wordCount":310,"commentCount":0,"publisher":{"@id":"https:\/\/lasentinelle.dz\/#organization"},"image":{"@id":"https:\/\/lasentinelle.dz\/index.php\/2022\/08\/29\/mediterranee-la-turquie-accuse-la-grece-daction-hostile-contre-ses-avions\/#primaryimage"},"thumbnailUrl":"https:\/\/lasentinelle.dz\/wp-content\/uploads\/2022\/08\/MWKDSK5Z25EQPLSINEUPZ2NWPM.jpg","articleSection":["Monde"],"inLanguage":"fr-FR","potentialAction":[{"@type":"CommentAction","name":"Comment","target":["https:\/\/lasentinelle.dz\/index.php\/2022\/08\/29\/mediterranee-la-turquie-accuse-la-grece-daction-hostile-contre-ses-avions\/#respond"]}]},{"@type":"WebPage","@id":"https:\/\/lasentinelle.dz\/index.php\/2022\/08\/29\/mediterranee-la-turquie-accuse-la-grece-daction-hostile-contre-ses-avions\/","url":"https:\/\/lasentinelle.dz\/index.php\/2022\/08\/29\/mediterranee-la-turquie-accuse-la-grece-daction-hostile-contre-ses-avions\/","name":"M\u00e9diterran\u00e9e\u00a0:\u00a0La Turquie accuse la Gr\u00e8ce d&rsquo;\u00abaction hostile\u00bb contre ses avions - La Sentinelle","isPartOf":{"@id":"https:\/\/lasentinelle.dz\/#website"},"primaryImageOfPage":{"@id":"https:\/\/lasentinelle.dz\/index.php\/2022\/08\/29\/mediterranee-la-turquie-accuse-la-grece-daction-hostile-contre-ses-avions\/#primaryimage"},"image":{"@id":"https:\/\/lasentinelle.dz\/index.php\/2022\/08\/29\/mediterranee-la-turquie-accuse-la-grece-daction-hostile-contre-ses-avions\/#primaryimage"},"thumbnailUrl":"https:\/\/lasentinelle.dz\/wp-content\/uploads\/2022\/08\/MWKDSK5Z25EQPLSINEUPZ2NWPM.jpg","datePublished":"2022-08-28T23:01:00+00:00","breadcrumb":{"@id":"https:\/\/lasentinelle.dz\/index.php\/2022\/08\/29\/mediterranee-la-turquie-accuse-la-grece-daction-hostile-contre-ses-avions\/#breadcrumb"},"inLanguage":"fr-FR","potentialAction":[{"@type":"ReadAction","target":["https:\/\/lasentinelle.dz\/index.php\/2022\/08\/29\/mediterranee-la-turquie-accuse-la-grece-daction-hostile-contre-ses-avions\/"]}]},{"@type":"ImageObject","inLanguage":"fr-FR","@id":"https:\/\/lasentinelle.dz\/index.php\/2022\/08\/29\/mediterranee-la-turquie-accuse-la-grece-daction-hostile-contre-ses-avions\/#primaryimage","url":"https:\/\/lasentinelle.dz\/wp-content\/uploads\/2022\/08\/MWKDSK5Z25EQPLSINEUPZ2NWPM.jpg","contentUrl":"https:\/\/lasentinelle.dz\/wp-content\/uploads\/2022\/08\/MWKDSK5Z25EQPLSINEUPZ2NWPM.jpg","width":768,"height":512},{"@type":"BreadcrumbList","@id":"https:\/\/lasentinelle.dz\/index.php\/2022\/08\/29\/mediterranee-la-turquie-accuse-la-grece-daction-hostile-contre-ses-avions\/#breadcrumb","itemListElement":[{"@type":"ListItem","position":1,"name":"Accueil","item":"https:\/\/lasentinelle.dz\/"},{"@type":"ListItem","position":2,"name":"M\u00e9diterran\u00e9e\u00a0:\u00a0La Turquie accuse la Gr\u00e8ce d&rsquo;\u00abaction hostile\u00bb contre ses avions"}]},{"@type":"WebSite","@id":"https:\/\/lasentinelle.dz\/#website","url":"https:\/\/lasentinelle.dz\/","name":"La Sentinelle","description":"Quotidien national d&#039;information","publisher":{"@id":"https:\/\/lasentinelle.dz\/#organization"},"potentialAction":[{"@type":"SearchAction","target":{"@type":"EntryPoint","urlTemplate":"https:\/\/lasentinelle.dz\/?s={search_term_string}"},"query-input":{"@type":"PropertyValueSpecification","valueRequired":true,"valueName":"search_term_string"}}],"inLanguage":"fr-FR"},{"@type":"Organization","@id":"https:\/\/lasentinelle.dz\/#organization","name":"Quotidien La Sentinelle","url":"https:\/\/lasentinelle.dz\/","logo":{"@type":"ImageObject","inLanguage":"fr-FR","@id":"https:\/\/lasentinelle.dz\/#\/schema\/logo\/image\/","url":"https:\/\/lasentinelle.dz\/wp-content\/uploads\/2021\/09\/logo-sentinelleSLOGAN-1.png","contentUrl":"https:\/\/lasentinelle.dz\/wp-content\/uploads\/2021\/09\/logo-sentinelleSLOGAN-1.png","width":615,"height":142,"caption":"Quotidien La Sentinelle"},"image":{"@id":"https:\/\/lasentinelle.dz\/#\/schema\/logo\/image\/"},"sameAs":["https:\/\/www.facebook.com\/La-Sentinelle-104059864394773"]},{"@type":"Person","@id":"https:\/\/lasentinelle.dz\/#\/schema\/person\/d865044e22e70a75174ce8bcad3acfb3","name":"La Sentinelle","image":{"@type":"ImageObject","inLanguage":"fr-FR","@id":"https:\/\/secure.gravatar.com\/avatar\/57de8e5d4b15d43fb361a71fbb36338450fe67865b528a43dd10ef7c51a20392?s=96&d=mm&r=g","url":"https:\/\/secure.gravatar.com\/avatar\/57de8e5d4b15d43fb361a71fbb36338450fe67865b528a43dd10ef7c51a20392?s=96&d=mm&r=g","contentUrl":"https:\/\/secure.gravatar.com\/avatar\/57de8e5d4b15d43fb361a71fbb36338450fe67865b528a43dd10ef7c51a20392?s=96&d=mm&r=g","caption":"La Sentinelle"},"sameAs":["http:\/\/www.lasentinelle.dz"],"url":"https:\/\/lasentinelle.dz\/author\/redaction\/"}]}},"_links":{"self":[{"href":"https:\/\/lasentinelle.dz\/index.php\/wp-json\/wp\/v2\/posts\/26450","targetHints":{"allow":["GET"]}}],"collection":[{"href":"https:\/\/lasentinelle.dz\/index.php\/wp-json\/wp\/v2\/posts"}],"about":[{"href":"https:\/\/lasentinelle.dz\/index.php\/wp-json\/wp\/v2\/types\/post"}],"author":[{"embeddable":true,"href":"https:\/\/lasentinelle.dz\/index.php\/wp-json\/wp\/v2\/users\/3"}],"replies":[{"embeddable":true,"href":"https:\/\/lasentinelle.dz\/index.php\/wp-json\/wp\/v2\/comments?post=26450"}],"version-history":[{"count":1,"href":"https:\/\/lasentinelle.dz\/index.php\/wp-json\/wp\/v2\/posts\/26450\/revisions"}],"predecessor-version":[{"id":26456,"href":"https:\/\/lasentinelle.dz\/index.php\/wp-json\/wp\/v2\/posts\/26450\/revisions\/26456"}],"wp:featuredmedia":[{"embeddable":true,"href":"https:\/\/lasentinelle.dz\/index.php\/wp-json\/wp\/v2\/media\/26455"}],"wp:attachment":[{"href":"https:\/\/lasentinelle.dz\/index.php\/wp-json\/wp\/v2\/media?parent=26450"}],"wp:term":[{"taxonomy":"category","embeddable":true,"href":"https:\/\/lasentinelle.dz\/index.php\/wp-json\/wp\/v2\/categories?post=26450"},{"taxonomy":"post_tag","embeddable":true,"href":"https:\/\/lasentinelle.dz\/index.php\/wp-json\/wp\/v2\/tags?post=26450"}],"curies":[{"name":"wp","href":"https:\/\/api.w.org\/{rel}","templated":true}]}}