{"id":26457,"date":"2022-08-29T00:01:00","date_gmt":"2022-08-28T23:01:00","guid":{"rendered":"https:\/\/lasentinelle.dz\/?p=26457"},"modified":"2022-08-28T17:09:10","modified_gmt":"2022-08-28T16:09:10","slug":"cambriolage-du-domicile-du-president-de-la-cour-de-constantine-detention-provisoire-pour-13-accuses","status":"publish","type":"post","link":"https:\/\/lasentinelle.dz\/index.php\/2022\/08\/29\/cambriolage-du-domicile-du-president-de-la-cour-de-constantine-detention-provisoire-pour-13-accuses\/","title":{"rendered":"Cambriolage\u00a0du domicile\u00a0du pr\u00e9sident de la\u00a0Cour de Constantine\u00a0:\u00a0D\u00e9tention provisoire pour 13 accus\u00e9s\u00a0"},"content":{"rendered":"\n<p>Parmi les accus\u00e9s&nbsp;figurent&nbsp;deux jeunes filles femme et trois repris de justice,&nbsp;en plus de plusieurs bijoutiers \u00e0 Constantine et Oum El Bouaghi.<\/p>\n\n\n\n<p>Le doyen des juges d&rsquo;instruction du tribunal de premi\u00e8re instance de Constantine a ordonn\u00e9&nbsp;la mise&nbsp;en d\u00e9tention provisoire,&nbsp;de 13 accus\u00e9s dans&nbsp;le cambriolage du domicile&nbsp;du pr\u00e9sident de la&nbsp;Cour de justice de Constantine, dans l&rsquo;attente de l&rsquo;instruction, apprend- de source judiciaire. Celle-ci a fait savoir qu\u2019une grande partie des objets vol\u00e9s a \u00e9t\u00e9 r\u00e9cup\u00e9r\u00e9e, dont les documents subtilis\u00e9s par les principaux pr\u00e9venus. Selon les d\u00e9tails apport\u00e9s par notre source sur cette affaire, trois personnes dont une jeune fille, se sont infiltr\u00e9s, le jour du vol, dans le domicile du magistrat et ont d\u00e9rob\u00e9 l\u2019arme \u00e0 feu personnelle du magistrat, des documents, bijoux, deux t\u00e9l\u00e9phones portables dont un Smartphone en plus d\u2019autres objets, avant de fuir&nbsp;vers&nbsp;une destination inconnue. Une fois inform\u00e9s du cambriolage, les services de s\u00e9curit\u00e9, d\u00e9p\u00each\u00e9s sur les lieux&nbsp;et&nbsp;accompagn\u00e9s de la police scientifique entre autres, ont aussit\u00f4t entam\u00e9 les proc\u00e9dures pour identifier les auteurs du vol. De leur c\u00f4t\u00e9 les diff\u00e9rentes \u00e9quipes op\u00e9rationnelles de la police judiciaire de la s\u00fbret\u00e9 de wilaya se sont d\u00e9ploy\u00e9es sur le terrain dans des op\u00e9rations de recherche et d&rsquo;investigation, aboutissant \u00e0 l\u2019arrestation, en un temps record, des&nbsp;deux principaux suspects, nous dit-on. Il s\u2019agit, a pr\u00e9cis\u00e9 la m\u00eame source, de deux repris de justice, dont une jeune fille. R\u00e9sidente \u00e0 la nouvelle-ville d\u2019Ali Mendjeli (Constantine) , la jeune fille a \u00e9t\u00e9 arr\u00eat\u00e9e par les \u00e9l\u00e9ments de recherches et d\u2019investigations, dans la commune de Berrahal (Annaba). Les deux suspects ont \u00e9t\u00e9 conduits au si\u00e8ge des services de s\u00e9curit\u00e9 o\u00f9 ils ont \u00e9t\u00e9 soumis \u00e0 l&rsquo;enqu\u00eate pr\u00e9liminaire, apr\u00e8s que l&rsquo;agent de s\u00e9curit\u00e9 et de pr\u00e9vention de la r\u00e9sidence de fonction de la wilaya&nbsp;ait&nbsp;\u00e9t\u00e9 arr\u00eat\u00e9 la semaine derni\u00e8re. Le pr\u00e9venu a \u00e9t\u00e9 pr\u00e9sent\u00e9, le 23 ao\u00fbt, devant le procureur de la&nbsp;R\u00e9publique du tribunal de premi\u00e8re instance de Constantine, a r\u00e9v\u00e9l\u00e9 notre source. Le magistrat instructeur a r\u00e9dig\u00e9 une requ\u00eate inaugurale dans laquelle il a inculp\u00e9 et d\u00e9f\u00e9r\u00e9, l\u2019agent, par citation imm\u00e9diate en correctionnel devant le juge qui l\u2019a&nbsp;condamn\u00e9 \u00e0 3 ans de prison pour le d\u00e9lit de n\u00e9gligence apparente ayant entra\u00een\u00e9 le vol de&nbsp;biens&nbsp;priv\u00e9s. Parall\u00e8lement, la police judiciaire de la brigade criminelle, en coordination avec la brigade de recherche et d&rsquo;intervention, a poursuivi les investigations&nbsp;qui ont abouti \u00e0 l&rsquo;arrestation de plusieurs propri\u00e9taires de bijouteries du centre-ville de Constantine et \u00e0 la nouvelle-ville&nbsp;\u00ab&nbsp;Ali Mendjli&nbsp;\u00bb&nbsp;ainsi qu\u2019 \u00e0 Ain Mlila et \u00e0 Oum El Bouaghi, qui ont \u00e9t\u00e9 arr\u00eat\u00e9s et conduits au si\u00e8ge de la s\u00fbret\u00e9. \u00c0 priori et selon certaines indiscr\u00e9tions, les bijoutiers interpell\u00e9s seraient des receleurs, impliqu\u00e9s dans l\u2019achat des bijoux vol\u00e9s dans la maison du pr\u00e9sident de la cour de justice de Constantine. \u00c0 l\u2019issue de l\u2019enqu\u00eate pr\u00e9liminaire men\u00e9e par la police judicaire, tous les pr\u00e9venus ont \u00e9t\u00e9 d\u00e9f\u00e9r\u00e9s, ce jeudi par devant le procureur de la&nbsp;R\u00e9publique pr\u00e8s la m\u00eame instance de justice, qui a r\u00e9dig\u00e9 une requ\u00eate d\u2019ouverture, dans laquelle il a inculp\u00e9 les accus\u00e9s et les a renvoy\u00e9s au doyen des juges d&rsquo;instruction pour l\u2019accomplissement de l&rsquo;instruction judiciaire de l&rsquo;affaire.<\/p>\n\n\n\n<p><strong>Sofia Chahine<\/strong><\/p>\n","protected":false},"excerpt":{"rendered":"<p>Parmi les accus\u00e9s&nbsp;figurent&nbsp;deux jeunes filles femme et trois repris de justice,&nbsp;en plus de plusieurs bijoutiers \u00e0 Constantine et Oum El<\/p>\n","protected":false},"author":3,"featured_media":26458,"comment_status":"open","ping_status":"closed","sticky":false,"template":"","format":"standard","meta":{"colormag_page_container_layout":"default_layout","colormag_page_sidebar_layout":"default_layout","om_disable_all_campaigns":false,"_monsterinsights_skip_tracking":false,"_monsterinsights_sitenote_active":false,"_monsterinsights_sitenote_note":"","_monsterinsights_sitenote_category":0,"footnotes":"","_wpscppro_dont_share_socialmedia":false,"_wpscppro_custom_social_share_image":0,"_facebook_share_type":"","_twitter_share_type":"","_linkedin_share_type":"","_pinterest_share_type":"","_linkedin_share_type_page":"","_instagram_share_type":"","_medium_share_type":"","_threads_share_type":"","_google_business_share_type":"","_selected_social_profile":[],"_wpsp_enable_custom_social_template":false,"_wpsp_social_scheduling":{"enabled":false,"datetime":null,"platforms":[],"status":"template_only","dateOption":"today","timeOption":"now","customDays":"","customHours":"","customDate":"","customTime":"","schedulingType":"absolute"},"_wpsp_active_default_template":true},"categories":[31],"tags":[],"class_list":["post-26457","post","type-post","status-publish","format-standard","has-post-thumbnail","hentry","category-regions"],"aioseo_notices":[],"yoast_head":"<!-- This site is optimized with the Yoast SEO plugin v27.5 - https:\/\/yoast.com\/product\/yoast-seo-wordpress\/ -->\n<title>Cambriolage\u00a0du domicile\u00a0du pr\u00e9sident de la\u00a0Cour de Constantine\u00a0:\u00a0D\u00e9tention provisoire pour 13 accus\u00e9s\u00a0 - La Sentinelle<\/title>\n<meta name=\"robots\" content=\"index, follow, max-snippet:-1, max-image-preview:large, max-video-preview:-1\" \/>\n<link rel=\"canonical\" href=\"https:\/\/lasentinelle.dz\/index.php\/2022\/08\/29\/cambriolage-du-domicile-du-president-de-la-cour-de-constantine-detention-provisoire-pour-13-accuses\/\" \/>\n<meta property=\"og:locale\" content=\"fr_FR\" \/>\n<meta property=\"og:type\" content=\"article\" \/>\n<meta property=\"og:title\" content=\"Cambriolage\u00a0du domicile\u00a0du pr\u00e9sident de la\u00a0Cour de Constantine\u00a0:\u00a0D\u00e9tention provisoire pour 13 accus\u00e9s\u00a0 - La Sentinelle\" \/>\n<meta property=\"og:description\" content=\"Parmi les accus\u00e9s&nbsp;figurent&nbsp;deux jeunes filles femme et trois repris de justice,&nbsp;en plus de plusieurs bijoutiers \u00e0 Constantine et Oum El\" \/>\n<meta property=\"og:url\" content=\"https:\/\/lasentinelle.dz\/index.php\/2022\/08\/29\/cambriolage-du-domicile-du-president-de-la-cour-de-constantine-detention-provisoire-pour-13-accuses\/\" \/>\n<meta property=\"og:site_name\" content=\"La Sentinelle\" \/>\n<meta property=\"article:publisher\" content=\"https:\/\/www.facebook.com\/La-Sentinelle-104059864394773\" \/>\n<meta property=\"article:published_time\" content=\"2022-08-28T23:01:00+00:00\" \/>\n<meta property=\"og:image\" content=\"https:\/\/lasentinelle.dz\/wp-content\/uploads\/2022\/08\/Justice-2.png\" \/>\n\t<meta property=\"og:image:width\" content=\"1600\" \/>\n\t<meta property=\"og:image:height\" content=\"900\" \/>\n\t<meta property=\"og:image:type\" content=\"image\/png\" \/>\n<meta name=\"author\" content=\"La Sentinelle\" \/>\n<meta name=\"twitter:card\" content=\"summary_large_image\" \/>\n<meta name=\"twitter:label1\" content=\"\u00c9crit par\" \/>\n\t<meta name=\"twitter:data1\" content=\"La Sentinelle\" \/>\n\t<meta name=\"twitter:label2\" content=\"Dur\u00e9e de lecture estim\u00e9e\" \/>\n\t<meta name=\"twitter:data2\" content=\"3 minutes\" \/>\n<script type=\"application\/ld+json\" class=\"yoast-schema-graph\">{\"@context\":\"https:\\\/\\\/schema.org\",\"@graph\":[{\"@type\":\"Article\",\"@id\":\"https:\\\/\\\/lasentinelle.dz\\\/index.php\\\/2022\\\/08\\\/29\\\/cambriolage-du-domicile-du-president-de-la-cour-de-constantine-detention-provisoire-pour-13-accuses\\\/#article\",\"isPartOf\":{\"@id\":\"https:\\\/\\\/lasentinelle.dz\\\/index.php\\\/2022\\\/08\\\/29\\\/cambriolage-du-domicile-du-president-de-la-cour-de-constantine-detention-provisoire-pour-13-accuses\\\/\"},\"author\":{\"name\":\"La Sentinelle\",\"@id\":\"https:\\\/\\\/lasentinelle.dz\\\/#\\\/schema\\\/person\\\/d865044e22e70a75174ce8bcad3acfb3\"},\"headline\":\"Cambriolage\u00a0du domicile\u00a0du pr\u00e9sident de la\u00a0Cour de Constantine\u00a0:\u00a0D\u00e9tention provisoire pour 13 accus\u00e9s\u00a0\",\"datePublished\":\"2022-08-28T23:01:00+00:00\",\"mainEntityOfPage\":{\"@id\":\"https:\\\/\\\/lasentinelle.dz\\\/index.php\\\/2022\\\/08\\\/29\\\/cambriolage-du-domicile-du-president-de-la-cour-de-constantine-detention-provisoire-pour-13-accuses\\\/\"},\"wordCount\":670,\"commentCount\":0,\"publisher\":{\"@id\":\"https:\\\/\\\/lasentinelle.dz\\\/#organization\"},\"image\":{\"@id\":\"https:\\\/\\\/lasentinelle.dz\\\/index.php\\\/2022\\\/08\\\/29\\\/cambriolage-du-domicile-du-president-de-la-cour-de-constantine-detention-provisoire-pour-13-accuses\\\/#primaryimage\"},\"thumbnailUrl\":\"https:\\\/\\\/lasentinelle.dz\\\/wp-content\\\/uploads\\\/2022\\\/08\\\/Justice-2.png\",\"articleSection\":[\"R\u00e9gions\"],\"inLanguage\":\"fr-FR\",\"potentialAction\":[{\"@type\":\"CommentAction\",\"name\":\"Comment\",\"target\":[\"https:\\\/\\\/lasentinelle.dz\\\/index.php\\\/2022\\\/08\\\/29\\\/cambriolage-du-domicile-du-president-de-la-cour-de-constantine-detention-provisoire-pour-13-accuses\\\/#respond\"]}]},{\"@type\":\"WebPage\",\"@id\":\"https:\\\/\\\/lasentinelle.dz\\\/index.php\\\/2022\\\/08\\\/29\\\/cambriolage-du-domicile-du-president-de-la-cour-de-constantine-detention-provisoire-pour-13-accuses\\\/\",\"url\":\"https:\\\/\\\/lasentinelle.dz\\\/index.php\\\/2022\\\/08\\\/29\\\/cambriolage-du-domicile-du-president-de-la-cour-de-constantine-detention-provisoire-pour-13-accuses\\\/\",\"name\":\"Cambriolage\u00a0du domicile\u00a0du pr\u00e9sident de la\u00a0Cour de Constantine\u00a0:\u00a0D\u00e9tention provisoire pour 13 accus\u00e9s\u00a0 - La Sentinelle\",\"isPartOf\":{\"@id\":\"https:\\\/\\\/lasentinelle.dz\\\/#website\"},\"primaryImageOfPage\":{\"@id\":\"https:\\\/\\\/lasentinelle.dz\\\/index.php\\\/2022\\\/08\\\/29\\\/cambriolage-du-domicile-du-president-de-la-cour-de-constantine-detention-provisoire-pour-13-accuses\\\/#primaryimage\"},\"image\":{\"@id\":\"https:\\\/\\\/lasentinelle.dz\\\/index.php\\\/2022\\\/08\\\/29\\\/cambriolage-du-domicile-du-president-de-la-cour-de-constantine-detention-provisoire-pour-13-accuses\\\/#primaryimage\"},\"thumbnailUrl\":\"https:\\\/\\\/lasentinelle.dz\\\/wp-content\\\/uploads\\\/2022\\\/08\\\/Justice-2.png\",\"datePublished\":\"2022-08-28T23:01:00+00:00\",\"breadcrumb\":{\"@id\":\"https:\\\/\\\/lasentinelle.dz\\\/index.php\\\/2022\\\/08\\\/29\\\/cambriolage-du-domicile-du-president-de-la-cour-de-constantine-detention-provisoire-pour-13-accuses\\\/#breadcrumb\"},\"inLanguage\":\"fr-FR\",\"potentialAction\":[{\"@type\":\"ReadAction\",\"target\":[\"https:\\\/\\\/lasentinelle.dz\\\/index.php\\\/2022\\\/08\\\/29\\\/cambriolage-du-domicile-du-president-de-la-cour-de-constantine-detention-provisoire-pour-13-accuses\\\/\"]}]},{\"@type\":\"ImageObject\",\"inLanguage\":\"fr-FR\",\"@id\":\"https:\\\/\\\/lasentinelle.dz\\\/index.php\\\/2022\\\/08\\\/29\\\/cambriolage-du-domicile-du-president-de-la-cour-de-constantine-detention-provisoire-pour-13-accuses\\\/#primaryimage\",\"url\":\"https:\\\/\\\/lasentinelle.dz\\\/wp-content\\\/uploads\\\/2022\\\/08\\\/Justice-2.png\",\"contentUrl\":\"https:\\\/\\\/lasentinelle.dz\\\/wp-content\\\/uploads\\\/2022\\\/08\\\/Justice-2.png\",\"width\":1600,\"height\":900},{\"@type\":\"BreadcrumbList\",\"@id\":\"https:\\\/\\\/lasentinelle.dz\\\/index.php\\\/2022\\\/08\\\/29\\\/cambriolage-du-domicile-du-president-de-la-cour-de-constantine-detention-provisoire-pour-13-accuses\\\/#breadcrumb\",\"itemListElement\":[{\"@type\":\"ListItem\",\"position\":1,\"name\":\"Accueil\",\"item\":\"https:\\\/\\\/lasentinelle.dz\\\/\"},{\"@type\":\"ListItem\",\"position\":2,\"name\":\"Cambriolage\u00a0du domicile\u00a0du pr\u00e9sident de la\u00a0Cour de Constantine\u00a0:\u00a0D\u00e9tention provisoire pour 13 accus\u00e9s\u00a0\"}]},{\"@type\":\"WebSite\",\"@id\":\"https:\\\/\\\/lasentinelle.dz\\\/#website\",\"url\":\"https:\\\/\\\/lasentinelle.dz\\\/\",\"name\":\"La Sentinelle\",\"description\":\"Quotidien national d&#039;information\",\"publisher\":{\"@id\":\"https:\\\/\\\/lasentinelle.dz\\\/#organization\"},\"potentialAction\":[{\"@type\":\"SearchAction\",\"target\":{\"@type\":\"EntryPoint\",\"urlTemplate\":\"https:\\\/\\\/lasentinelle.dz\\\/?s={search_term_string}\"},\"query-input\":{\"@type\":\"PropertyValueSpecification\",\"valueRequired\":true,\"valueName\":\"search_term_string\"}}],\"inLanguage\":\"fr-FR\"},{\"@type\":\"Organization\",\"@id\":\"https:\\\/\\\/lasentinelle.dz\\\/#organization\",\"name\":\"Quotidien La Sentinelle\",\"url\":\"https:\\\/\\\/lasentinelle.dz\\\/\",\"logo\":{\"@type\":\"ImageObject\",\"inLanguage\":\"fr-FR\",\"@id\":\"https:\\\/\\\/lasentinelle.dz\\\/#\\\/schema\\\/logo\\\/image\\\/\",\"url\":\"https:\\\/\\\/lasentinelle.dz\\\/wp-content\\\/uploads\\\/2021\\\/09\\\/logo-sentinelleSLOGAN-1.png\",\"contentUrl\":\"https:\\\/\\\/lasentinelle.dz\\\/wp-content\\\/uploads\\\/2021\\\/09\\\/logo-sentinelleSLOGAN-1.png\",\"width\":615,\"height\":142,\"caption\":\"Quotidien La Sentinelle\"},\"image\":{\"@id\":\"https:\\\/\\\/lasentinelle.dz\\\/#\\\/schema\\\/logo\\\/image\\\/\"},\"sameAs\":[\"https:\\\/\\\/www.facebook.com\\\/La-Sentinelle-104059864394773\"]},{\"@type\":\"Person\",\"@id\":\"https:\\\/\\\/lasentinelle.dz\\\/#\\\/schema\\\/person\\\/d865044e22e70a75174ce8bcad3acfb3\",\"name\":\"La Sentinelle\",\"image\":{\"@type\":\"ImageObject\",\"inLanguage\":\"fr-FR\",\"@id\":\"https:\\\/\\\/secure.gravatar.com\\\/avatar\\\/57de8e5d4b15d43fb361a71fbb36338450fe67865b528a43dd10ef7c51a20392?s=96&d=mm&r=g\",\"url\":\"https:\\\/\\\/secure.gravatar.com\\\/avatar\\\/57de8e5d4b15d43fb361a71fbb36338450fe67865b528a43dd10ef7c51a20392?s=96&d=mm&r=g\",\"contentUrl\":\"https:\\\/\\\/secure.gravatar.com\\\/avatar\\\/57de8e5d4b15d43fb361a71fbb36338450fe67865b528a43dd10ef7c51a20392?s=96&d=mm&r=g\",\"caption\":\"La Sentinelle\"},\"sameAs\":[\"http:\\\/\\\/www.lasentinelle.dz\"],\"url\":\"https:\\\/\\\/lasentinelle.dz\\\/author\\\/redaction\\\/\"}]}<\/script>\n<!-- \/ Yoast SEO plugin. -->","yoast_head_json":{"title":"Cambriolage\u00a0du domicile\u00a0du pr\u00e9sident de la\u00a0Cour de Constantine\u00a0:\u00a0D\u00e9tention provisoire pour 13 accus\u00e9s\u00a0 - La Sentinelle","robots":{"index":"index","follow":"follow","max-snippet":"max-snippet:-1","max-image-preview":"max-image-preview:large","max-video-preview":"max-video-preview:-1"},"canonical":"https:\/\/lasentinelle.dz\/index.php\/2022\/08\/29\/cambriolage-du-domicile-du-president-de-la-cour-de-constantine-detention-provisoire-pour-13-accuses\/","og_locale":"fr_FR","og_type":"article","og_title":"Cambriolage\u00a0du domicile\u00a0du pr\u00e9sident de la\u00a0Cour de Constantine\u00a0:\u00a0D\u00e9tention provisoire pour 13 accus\u00e9s\u00a0 - La Sentinelle","og_description":"Parmi les accus\u00e9s&nbsp;figurent&nbsp;deux jeunes filles femme et trois repris de justice,&nbsp;en plus de plusieurs bijoutiers \u00e0 Constantine et Oum El","og_url":"https:\/\/lasentinelle.dz\/index.php\/2022\/08\/29\/cambriolage-du-domicile-du-president-de-la-cour-de-constantine-detention-provisoire-pour-13-accuses\/","og_site_name":"La Sentinelle","article_publisher":"https:\/\/www.facebook.com\/La-Sentinelle-104059864394773","article_published_time":"2022-08-28T23:01:00+00:00","og_image":[{"width":1600,"height":900,"url":"https:\/\/lasentinelle.dz\/wp-content\/uploads\/2022\/08\/Justice-2.png","type":"image\/png"}],"author":"La Sentinelle","twitter_card":"summary_large_image","twitter_misc":{"\u00c9crit par":"La Sentinelle","Dur\u00e9e de lecture estim\u00e9e":"3 minutes"},"schema":{"@context":"https:\/\/schema.org","@graph":[{"@type":"Article","@id":"https:\/\/lasentinelle.dz\/index.php\/2022\/08\/29\/cambriolage-du-domicile-du-president-de-la-cour-de-constantine-detention-provisoire-pour-13-accuses\/#article","isPartOf":{"@id":"https:\/\/lasentinelle.dz\/index.php\/2022\/08\/29\/cambriolage-du-domicile-du-president-de-la-cour-de-constantine-detention-provisoire-pour-13-accuses\/"},"author":{"name":"La Sentinelle","@id":"https:\/\/lasentinelle.dz\/#\/schema\/person\/d865044e22e70a75174ce8bcad3acfb3"},"headline":"Cambriolage\u00a0du domicile\u00a0du pr\u00e9sident de la\u00a0Cour de Constantine\u00a0:\u00a0D\u00e9tention provisoire pour 13 accus\u00e9s\u00a0","datePublished":"2022-08-28T23:01:00+00:00","mainEntityOfPage":{"@id":"https:\/\/lasentinelle.dz\/index.php\/2022\/08\/29\/cambriolage-du-domicile-du-president-de-la-cour-de-constantine-detention-provisoire-pour-13-accuses\/"},"wordCount":670,"commentCount":0,"publisher":{"@id":"https:\/\/lasentinelle.dz\/#organization"},"image":{"@id":"https:\/\/lasentinelle.dz\/index.php\/2022\/08\/29\/cambriolage-du-domicile-du-president-de-la-cour-de-constantine-detention-provisoire-pour-13-accuses\/#primaryimage"},"thumbnailUrl":"https:\/\/lasentinelle.dz\/wp-content\/uploads\/2022\/08\/Justice-2.png","articleSection":["R\u00e9gions"],"inLanguage":"fr-FR","potentialAction":[{"@type":"CommentAction","name":"Comment","target":["https:\/\/lasentinelle.dz\/index.php\/2022\/08\/29\/cambriolage-du-domicile-du-president-de-la-cour-de-constantine-detention-provisoire-pour-13-accuses\/#respond"]}]},{"@type":"WebPage","@id":"https:\/\/lasentinelle.dz\/index.php\/2022\/08\/29\/cambriolage-du-domicile-du-president-de-la-cour-de-constantine-detention-provisoire-pour-13-accuses\/","url":"https:\/\/lasentinelle.dz\/index.php\/2022\/08\/29\/cambriolage-du-domicile-du-president-de-la-cour-de-constantine-detention-provisoire-pour-13-accuses\/","name":"Cambriolage\u00a0du domicile\u00a0du pr\u00e9sident de la\u00a0Cour de Constantine\u00a0:\u00a0D\u00e9tention provisoire pour 13 accus\u00e9s\u00a0 - La Sentinelle","isPartOf":{"@id":"https:\/\/lasentinelle.dz\/#website"},"primaryImageOfPage":{"@id":"https:\/\/lasentinelle.dz\/index.php\/2022\/08\/29\/cambriolage-du-domicile-du-president-de-la-cour-de-constantine-detention-provisoire-pour-13-accuses\/#primaryimage"},"image":{"@id":"https:\/\/lasentinelle.dz\/index.php\/2022\/08\/29\/cambriolage-du-domicile-du-president-de-la-cour-de-constantine-detention-provisoire-pour-13-accuses\/#primaryimage"},"thumbnailUrl":"https:\/\/lasentinelle.dz\/wp-content\/uploads\/2022\/08\/Justice-2.png","datePublished":"2022-08-28T23:01:00+00:00","breadcrumb":{"@id":"https:\/\/lasentinelle.dz\/index.php\/2022\/08\/29\/cambriolage-du-domicile-du-president-de-la-cour-de-constantine-detention-provisoire-pour-13-accuses\/#breadcrumb"},"inLanguage":"fr-FR","potentialAction":[{"@type":"ReadAction","target":["https:\/\/lasentinelle.dz\/index.php\/2022\/08\/29\/cambriolage-du-domicile-du-president-de-la-cour-de-constantine-detention-provisoire-pour-13-accuses\/"]}]},{"@type":"ImageObject","inLanguage":"fr-FR","@id":"https:\/\/lasentinelle.dz\/index.php\/2022\/08\/29\/cambriolage-du-domicile-du-president-de-la-cour-de-constantine-detention-provisoire-pour-13-accuses\/#primaryimage","url":"https:\/\/lasentinelle.dz\/wp-content\/uploads\/2022\/08\/Justice-2.png","contentUrl":"https:\/\/lasentinelle.dz\/wp-content\/uploads\/2022\/08\/Justice-2.png","width":1600,"height":900},{"@type":"BreadcrumbList","@id":"https:\/\/lasentinelle.dz\/index.php\/2022\/08\/29\/cambriolage-du-domicile-du-president-de-la-cour-de-constantine-detention-provisoire-pour-13-accuses\/#breadcrumb","itemListElement":[{"@type":"ListItem","position":1,"name":"Accueil","item":"https:\/\/lasentinelle.dz\/"},{"@type":"ListItem","position":2,"name":"Cambriolage\u00a0du domicile\u00a0du pr\u00e9sident de la\u00a0Cour de Constantine\u00a0:\u00a0D\u00e9tention provisoire pour 13 accus\u00e9s\u00a0"}]},{"@type":"WebSite","@id":"https:\/\/lasentinelle.dz\/#website","url":"https:\/\/lasentinelle.dz\/","name":"La Sentinelle","description":"Quotidien national d&#039;information","publisher":{"@id":"https:\/\/lasentinelle.dz\/#organization"},"potentialAction":[{"@type":"SearchAction","target":{"@type":"EntryPoint","urlTemplate":"https:\/\/lasentinelle.dz\/?s={search_term_string}"},"query-input":{"@type":"PropertyValueSpecification","valueRequired":true,"valueName":"search_term_string"}}],"inLanguage":"fr-FR"},{"@type":"Organization","@id":"https:\/\/lasentinelle.dz\/#organization","name":"Quotidien La Sentinelle","url":"https:\/\/lasentinelle.dz\/","logo":{"@type":"ImageObject","inLanguage":"fr-FR","@id":"https:\/\/lasentinelle.dz\/#\/schema\/logo\/image\/","url":"https:\/\/lasentinelle.dz\/wp-content\/uploads\/2021\/09\/logo-sentinelleSLOGAN-1.png","contentUrl":"https:\/\/lasentinelle.dz\/wp-content\/uploads\/2021\/09\/logo-sentinelleSLOGAN-1.png","width":615,"height":142,"caption":"Quotidien La Sentinelle"},"image":{"@id":"https:\/\/lasentinelle.dz\/#\/schema\/logo\/image\/"},"sameAs":["https:\/\/www.facebook.com\/La-Sentinelle-104059864394773"]},{"@type":"Person","@id":"https:\/\/lasentinelle.dz\/#\/schema\/person\/d865044e22e70a75174ce8bcad3acfb3","name":"La Sentinelle","image":{"@type":"ImageObject","inLanguage":"fr-FR","@id":"https:\/\/secure.gravatar.com\/avatar\/57de8e5d4b15d43fb361a71fbb36338450fe67865b528a43dd10ef7c51a20392?s=96&d=mm&r=g","url":"https:\/\/secure.gravatar.com\/avatar\/57de8e5d4b15d43fb361a71fbb36338450fe67865b528a43dd10ef7c51a20392?s=96&d=mm&r=g","contentUrl":"https:\/\/secure.gravatar.com\/avatar\/57de8e5d4b15d43fb361a71fbb36338450fe67865b528a43dd10ef7c51a20392?s=96&d=mm&r=g","caption":"La Sentinelle"},"sameAs":["http:\/\/www.lasentinelle.dz"],"url":"https:\/\/lasentinelle.dz\/author\/redaction\/"}]}},"_links":{"self":[{"href":"https:\/\/lasentinelle.dz\/index.php\/wp-json\/wp\/v2\/posts\/26457","targetHints":{"allow":["GET"]}}],"collection":[{"href":"https:\/\/lasentinelle.dz\/index.php\/wp-json\/wp\/v2\/posts"}],"about":[{"href":"https:\/\/lasentinelle.dz\/index.php\/wp-json\/wp\/v2\/types\/post"}],"author":[{"embeddable":true,"href":"https:\/\/lasentinelle.dz\/index.php\/wp-json\/wp\/v2\/users\/3"}],"replies":[{"embeddable":true,"href":"https:\/\/lasentinelle.dz\/index.php\/wp-json\/wp\/v2\/comments?post=26457"}],"version-history":[{"count":1,"href":"https:\/\/lasentinelle.dz\/index.php\/wp-json\/wp\/v2\/posts\/26457\/revisions"}],"predecessor-version":[{"id":26459,"href":"https:\/\/lasentinelle.dz\/index.php\/wp-json\/wp\/v2\/posts\/26457\/revisions\/26459"}],"wp:featuredmedia":[{"embeddable":true,"href":"https:\/\/lasentinelle.dz\/index.php\/wp-json\/wp\/v2\/media\/26458"}],"wp:attachment":[{"href":"https:\/\/lasentinelle.dz\/index.php\/wp-json\/wp\/v2\/media?parent=26457"}],"wp:term":[{"taxonomy":"category","embeddable":true,"href":"https:\/\/lasentinelle.dz\/index.php\/wp-json\/wp\/v2\/categories?post=26457"},{"taxonomy":"post_tag","embeddable":true,"href":"https:\/\/lasentinelle.dz\/index.php\/wp-json\/wp\/v2\/tags?post=26457"}],"curies":[{"name":"wp","href":"https:\/\/api.w.org\/{rel}","templated":true}]}}