{"id":26479,"date":"2022-08-29T00:15:00","date_gmt":"2022-08-28T23:15:00","guid":{"rendered":"https:\/\/lasentinelle.dz\/?p=26479"},"modified":"2022-08-28T20:13:57","modified_gmt":"2022-08-28T19:13:57","slug":"renforcement-du-programme-des-vols-dair-algerie-la-majorite-des-lignes-vers-villes-francaises-rouvertes","status":"publish","type":"post","link":"https:\/\/lasentinelle.dz\/index.php\/2022\/08\/29\/renforcement-du-programme-des-vols-dair-algerie-la-majorite-des-lignes-vers-villes-francaises-rouvertes\/","title":{"rendered":"Renforcement du programme des vols d\u2019Air Alg\u00e9rie\u00a0: La majorit\u00e9 des lignes vers les villes fran\u00e7aises rouvertes"},"content":{"rendered":"\n<p>C\u2019est une bonne nouvelle pour la communaut\u00e9 nationale \u00e9tablie en France, mais aussi pour la communaut\u00e9 d\u2019affaires. La majorit\u00e9 des lignes a\u00e9riennes reliant les grandes villes alg\u00e9riennes et fran\u00e7aises sont rouvertes.&nbsp;<\/p>\n\n\n\n<p>Le minist\u00e8re des Transports a annonc\u00e9 hier le nouveau programme des vols internationaux des compagnies a\u00e9riennes nationales Air Alg\u00e9rie et Tassili Airlines. Un programme qui pr\u00e9voit la r\u00e9ouverture des lignes reliant les a\u00e9roports alg\u00e9riens aux villes fran\u00e7aises. Ainsi en plus des vols reliant actuellement Alger, Oran, Constantine, Annaba et B\u00e9ja\u00efa aux grandes villes fran\u00e7aises, Air Alg\u00e9rie reprendra ses dessertes \u00e0 partir des a\u00e9roports de S\u00e9tif, Biskra, Batna et Tlemcen vers l\u2019Hexagone. Et au-del\u00e0 des grandes villes de Paris, Marseille, Lyon, Montpellier et Toulouse, le nouveau programme permet la r\u00e9ouverture des lignes en direction d\u2019autres villes \u00e0 l\u2019image de Bordeaux, de Mulhouse, de Nice et de Metz. Au-total ce sont plus de 170 vols hebdomadaires (Aller-retour) qui seront assur\u00e9s par Air Alg\u00e9rie et Tassili Airlines entre la France et l\u2019Alg\u00e9rie. Un programme qui pr\u00e9voit \u00e9galement un renforcement des vols sur les principales lignes. Ainsi, la ligne Alger-Paris-Alger a \u00e9t\u00e9 renforc\u00e9e par 14 vols suppl\u00e9mentaires par semaine, pour atteindre 66 dessertes hebdomadaires, dont trois seront assur\u00e9s par Tassili Airlines. Idem pour la ligne Oran-Paris-Oran couvertes par 21 vols hebdomadaires gr\u00e2ce \u00e0 l\u2019ajout de deux nouveaux vols, ainsi que pour la ligne B\u00e9ja\u00efa-Paris-B\u00e9ja\u00efa qui se voit dot\u00e9e de 4 nouvelles dessertes hebdomadaires et atteindre les 11 chaque semaine. Il en est de m\u00eame pour la ligne Alger-Marseille-Alger, qui sera desservie par 21 vols par semaine, gr\u00e2ce \u00e0 l\u2019ajout de 7 dessertes.&nbsp;<\/p>\n\n\n\n<p>Il est utile de noter que l\u2019annonce de ce nouveau programme intervient au lendemain de la visite du pr\u00e9sident fran\u00e7ais Emmanuel Macron en Alg\u00e9rie. Une visite qui a \u00e9t\u00e9 marqu\u00e9e par une relance de la dynamique de partenariat et de dialogue entre les deux rives sur de nombreuses questions li\u00e9es \u00e0 la coop\u00e9ration \u00e9conomique, culturelle et sportives, ainsi que sur le dossier relatif \u00e0 la mobilit\u00e9 des personnes.&nbsp;<\/p>\n\n\n\n<p>Notons par ailleurs que ce nouveau programme entre, aussi, dans le cadre du renforcement des vols du pavillon national depuis la r\u00e9ouverture des fronti\u00e8res en juin 2021 apr\u00e8s une fermeture impos\u00e9e par la pand\u00e9mie de coronavirus. Un renforcement progressif qui a permis outre la reprise des vols r\u00e9guliers d\u2019Air Alg\u00e9rie en plus de l\u2019ouverture de nouvelles notamment vers le Moyen-Orient et l\u2019Afrique, avec l\u2019ouverture et la r\u00e9ouverture des lignes vers Dakar, Niamey et Nouakchott, en attendant l\u2019ouverture des lignes vers Abidjan, Bamako et Ouagadougou pr\u00e9vue pour septembre.&nbsp;&nbsp;<\/p>\n\n\n\n<p><strong>Chokri Hafed<\/strong><\/p>\n","protected":false},"excerpt":{"rendered":"<p>C\u2019est une bonne nouvelle pour la communaut\u00e9 nationale \u00e9tablie en France, mais aussi pour la communaut\u00e9 d\u2019affaires. La majorit\u00e9 des<\/p>\n","protected":false},"author":3,"featured_media":26483,"comment_status":"open","ping_status":"closed","sticky":false,"template":"","format":"standard","meta":{"colormag_page_container_layout":"default_layout","colormag_page_sidebar_layout":"default_layout","om_disable_all_campaigns":false,"_monsterinsights_skip_tracking":false,"_monsterinsights_sitenote_active":false,"_monsterinsights_sitenote_note":"","_monsterinsights_sitenote_category":0,"footnotes":"","_wpscppro_dont_share_socialmedia":false,"_wpscppro_custom_social_share_image":0,"_facebook_share_type":"","_twitter_share_type":"","_linkedin_share_type":"","_pinterest_share_type":"","_linkedin_share_type_page":"","_instagram_share_type":"","_medium_share_type":"","_threads_share_type":"","_google_business_share_type":"","_selected_social_profile":[],"_wpsp_enable_custom_social_template":false,"_wpsp_social_scheduling":{"enabled":false,"datetime":null,"platforms":[],"status":"template_only","dateOption":"today","timeOption":"now","customDays":"","customHours":"","customDate":"","customTime":"","schedulingType":"absolute"},"_wpsp_active_default_template":true},"categories":[52,27],"tags":[],"class_list":["post-26479","post","type-post","status-publish","format-standard","has-post-thumbnail","hentry","category-a-la-une","category-actualite"],"aioseo_notices":[],"yoast_head":"<!-- This site is optimized with the Yoast SEO plugin v27.5 - https:\/\/yoast.com\/product\/yoast-seo-wordpress\/ -->\n<title>Renforcement du programme des vols d\u2019Air Alg\u00e9rie\u00a0: La majorit\u00e9 des lignes vers les villes fran\u00e7aises rouvertes - La Sentinelle<\/title>\n<meta name=\"robots\" content=\"index, follow, max-snippet:-1, max-image-preview:large, max-video-preview:-1\" \/>\n<link rel=\"canonical\" href=\"https:\/\/lasentinelle.dz\/index.php\/2022\/08\/29\/renforcement-du-programme-des-vols-dair-algerie-la-majorite-des-lignes-vers-villes-francaises-rouvertes\/\" \/>\n<meta property=\"og:locale\" content=\"fr_FR\" \/>\n<meta property=\"og:type\" content=\"article\" \/>\n<meta property=\"og:title\" content=\"Renforcement du programme des vols d\u2019Air Alg\u00e9rie\u00a0: La majorit\u00e9 des lignes vers les villes fran\u00e7aises rouvertes - La Sentinelle\" \/>\n<meta property=\"og:description\" content=\"C\u2019est une bonne nouvelle pour la communaut\u00e9 nationale \u00e9tablie en France, mais aussi pour la communaut\u00e9 d\u2019affaires. La majorit\u00e9 des\" \/>\n<meta property=\"og:url\" content=\"https:\/\/lasentinelle.dz\/index.php\/2022\/08\/29\/renforcement-du-programme-des-vols-dair-algerie-la-majorite-des-lignes-vers-villes-francaises-rouvertes\/\" \/>\n<meta property=\"og:site_name\" content=\"La Sentinelle\" \/>\n<meta property=\"article:publisher\" content=\"https:\/\/www.facebook.com\/La-Sentinelle-104059864394773\" \/>\n<meta property=\"article:published_time\" content=\"2022-08-28T23:15:00+00:00\" \/>\n<meta property=\"og:image\" content=\"https:\/\/lasentinelle.dz\/wp-content\/uploads\/2022\/08\/AIR-ALGERIE.png\" \/>\n\t<meta property=\"og:image:width\" content=\"1600\" \/>\n\t<meta property=\"og:image:height\" content=\"900\" \/>\n\t<meta property=\"og:image:type\" content=\"image\/png\" \/>\n<meta name=\"author\" content=\"La Sentinelle\" \/>\n<meta name=\"twitter:card\" content=\"summary_large_image\" \/>\n<meta name=\"twitter:label1\" content=\"\u00c9crit par\" \/>\n\t<meta name=\"twitter:data1\" content=\"La Sentinelle\" \/>\n\t<meta name=\"twitter:label2\" content=\"Dur\u00e9e de lecture estim\u00e9e\" \/>\n\t<meta name=\"twitter:data2\" content=\"3 minutes\" \/>\n<script type=\"application\/ld+json\" class=\"yoast-schema-graph\">{\"@context\":\"https:\\\/\\\/schema.org\",\"@graph\":[{\"@type\":\"Article\",\"@id\":\"https:\\\/\\\/lasentinelle.dz\\\/index.php\\\/2022\\\/08\\\/29\\\/renforcement-du-programme-des-vols-dair-algerie-la-majorite-des-lignes-vers-villes-francaises-rouvertes\\\/#article\",\"isPartOf\":{\"@id\":\"https:\\\/\\\/lasentinelle.dz\\\/index.php\\\/2022\\\/08\\\/29\\\/renforcement-du-programme-des-vols-dair-algerie-la-majorite-des-lignes-vers-villes-francaises-rouvertes\\\/\"},\"author\":{\"name\":\"La Sentinelle\",\"@id\":\"https:\\\/\\\/lasentinelle.dz\\\/#\\\/schema\\\/person\\\/d865044e22e70a75174ce8bcad3acfb3\"},\"headline\":\"Renforcement du programme des vols d\u2019Air Alg\u00e9rie\u00a0: La majorit\u00e9 des lignes vers les villes fran\u00e7aises rouvertes\",\"datePublished\":\"2022-08-28T23:15:00+00:00\",\"mainEntityOfPage\":{\"@id\":\"https:\\\/\\\/lasentinelle.dz\\\/index.php\\\/2022\\\/08\\\/29\\\/renforcement-du-programme-des-vols-dair-algerie-la-majorite-des-lignes-vers-villes-francaises-rouvertes\\\/\"},\"wordCount\":487,\"commentCount\":0,\"publisher\":{\"@id\":\"https:\\\/\\\/lasentinelle.dz\\\/#organization\"},\"image\":{\"@id\":\"https:\\\/\\\/lasentinelle.dz\\\/index.php\\\/2022\\\/08\\\/29\\\/renforcement-du-programme-des-vols-dair-algerie-la-majorite-des-lignes-vers-villes-francaises-rouvertes\\\/#primaryimage\"},\"thumbnailUrl\":\"https:\\\/\\\/lasentinelle.dz\\\/wp-content\\\/uploads\\\/2022\\\/08\\\/AIR-ALGERIE.png\",\"articleSection\":[\"\u00c0 la Une\",\"Actualit\u00e9\"],\"inLanguage\":\"fr-FR\",\"potentialAction\":[{\"@type\":\"CommentAction\",\"name\":\"Comment\",\"target\":[\"https:\\\/\\\/lasentinelle.dz\\\/index.php\\\/2022\\\/08\\\/29\\\/renforcement-du-programme-des-vols-dair-algerie-la-majorite-des-lignes-vers-villes-francaises-rouvertes\\\/#respond\"]}]},{\"@type\":\"WebPage\",\"@id\":\"https:\\\/\\\/lasentinelle.dz\\\/index.php\\\/2022\\\/08\\\/29\\\/renforcement-du-programme-des-vols-dair-algerie-la-majorite-des-lignes-vers-villes-francaises-rouvertes\\\/\",\"url\":\"https:\\\/\\\/lasentinelle.dz\\\/index.php\\\/2022\\\/08\\\/29\\\/renforcement-du-programme-des-vols-dair-algerie-la-majorite-des-lignes-vers-villes-francaises-rouvertes\\\/\",\"name\":\"Renforcement du programme des vols d\u2019Air Alg\u00e9rie\u00a0: La majorit\u00e9 des lignes vers les villes fran\u00e7aises rouvertes - La Sentinelle\",\"isPartOf\":{\"@id\":\"https:\\\/\\\/lasentinelle.dz\\\/#website\"},\"primaryImageOfPage\":{\"@id\":\"https:\\\/\\\/lasentinelle.dz\\\/index.php\\\/2022\\\/08\\\/29\\\/renforcement-du-programme-des-vols-dair-algerie-la-majorite-des-lignes-vers-villes-francaises-rouvertes\\\/#primaryimage\"},\"image\":{\"@id\":\"https:\\\/\\\/lasentinelle.dz\\\/index.php\\\/2022\\\/08\\\/29\\\/renforcement-du-programme-des-vols-dair-algerie-la-majorite-des-lignes-vers-villes-francaises-rouvertes\\\/#primaryimage\"},\"thumbnailUrl\":\"https:\\\/\\\/lasentinelle.dz\\\/wp-content\\\/uploads\\\/2022\\\/08\\\/AIR-ALGERIE.png\",\"datePublished\":\"2022-08-28T23:15:00+00:00\",\"breadcrumb\":{\"@id\":\"https:\\\/\\\/lasentinelle.dz\\\/index.php\\\/2022\\\/08\\\/29\\\/renforcement-du-programme-des-vols-dair-algerie-la-majorite-des-lignes-vers-villes-francaises-rouvertes\\\/#breadcrumb\"},\"inLanguage\":\"fr-FR\",\"potentialAction\":[{\"@type\":\"ReadAction\",\"target\":[\"https:\\\/\\\/lasentinelle.dz\\\/index.php\\\/2022\\\/08\\\/29\\\/renforcement-du-programme-des-vols-dair-algerie-la-majorite-des-lignes-vers-villes-francaises-rouvertes\\\/\"]}]},{\"@type\":\"ImageObject\",\"inLanguage\":\"fr-FR\",\"@id\":\"https:\\\/\\\/lasentinelle.dz\\\/index.php\\\/2022\\\/08\\\/29\\\/renforcement-du-programme-des-vols-dair-algerie-la-majorite-des-lignes-vers-villes-francaises-rouvertes\\\/#primaryimage\",\"url\":\"https:\\\/\\\/lasentinelle.dz\\\/wp-content\\\/uploads\\\/2022\\\/08\\\/AIR-ALGERIE.png\",\"contentUrl\":\"https:\\\/\\\/lasentinelle.dz\\\/wp-content\\\/uploads\\\/2022\\\/08\\\/AIR-ALGERIE.png\",\"width\":1600,\"height\":900},{\"@type\":\"BreadcrumbList\",\"@id\":\"https:\\\/\\\/lasentinelle.dz\\\/index.php\\\/2022\\\/08\\\/29\\\/renforcement-du-programme-des-vols-dair-algerie-la-majorite-des-lignes-vers-villes-francaises-rouvertes\\\/#breadcrumb\",\"itemListElement\":[{\"@type\":\"ListItem\",\"position\":1,\"name\":\"Accueil\",\"item\":\"https:\\\/\\\/lasentinelle.dz\\\/\"},{\"@type\":\"ListItem\",\"position\":2,\"name\":\"Renforcement du programme des vols d\u2019Air Alg\u00e9rie\u00a0: La majorit\u00e9 des lignes vers les villes fran\u00e7aises rouvertes\"}]},{\"@type\":\"WebSite\",\"@id\":\"https:\\\/\\\/lasentinelle.dz\\\/#website\",\"url\":\"https:\\\/\\\/lasentinelle.dz\\\/\",\"name\":\"La Sentinelle\",\"description\":\"Quotidien national d&#039;information\",\"publisher\":{\"@id\":\"https:\\\/\\\/lasentinelle.dz\\\/#organization\"},\"potentialAction\":[{\"@type\":\"SearchAction\",\"target\":{\"@type\":\"EntryPoint\",\"urlTemplate\":\"https:\\\/\\\/lasentinelle.dz\\\/?s={search_term_string}\"},\"query-input\":{\"@type\":\"PropertyValueSpecification\",\"valueRequired\":true,\"valueName\":\"search_term_string\"}}],\"inLanguage\":\"fr-FR\"},{\"@type\":\"Organization\",\"@id\":\"https:\\\/\\\/lasentinelle.dz\\\/#organization\",\"name\":\"Quotidien La Sentinelle\",\"url\":\"https:\\\/\\\/lasentinelle.dz\\\/\",\"logo\":{\"@type\":\"ImageObject\",\"inLanguage\":\"fr-FR\",\"@id\":\"https:\\\/\\\/lasentinelle.dz\\\/#\\\/schema\\\/logo\\\/image\\\/\",\"url\":\"https:\\\/\\\/lasentinelle.dz\\\/wp-content\\\/uploads\\\/2021\\\/09\\\/logo-sentinelleSLOGAN-1.png\",\"contentUrl\":\"https:\\\/\\\/lasentinelle.dz\\\/wp-content\\\/uploads\\\/2021\\\/09\\\/logo-sentinelleSLOGAN-1.png\",\"width\":615,\"height\":142,\"caption\":\"Quotidien La Sentinelle\"},\"image\":{\"@id\":\"https:\\\/\\\/lasentinelle.dz\\\/#\\\/schema\\\/logo\\\/image\\\/\"},\"sameAs\":[\"https:\\\/\\\/www.facebook.com\\\/La-Sentinelle-104059864394773\"]},{\"@type\":\"Person\",\"@id\":\"https:\\\/\\\/lasentinelle.dz\\\/#\\\/schema\\\/person\\\/d865044e22e70a75174ce8bcad3acfb3\",\"name\":\"La Sentinelle\",\"image\":{\"@type\":\"ImageObject\",\"inLanguage\":\"fr-FR\",\"@id\":\"https:\\\/\\\/secure.gravatar.com\\\/avatar\\\/57de8e5d4b15d43fb361a71fbb36338450fe67865b528a43dd10ef7c51a20392?s=96&d=mm&r=g\",\"url\":\"https:\\\/\\\/secure.gravatar.com\\\/avatar\\\/57de8e5d4b15d43fb361a71fbb36338450fe67865b528a43dd10ef7c51a20392?s=96&d=mm&r=g\",\"contentUrl\":\"https:\\\/\\\/secure.gravatar.com\\\/avatar\\\/57de8e5d4b15d43fb361a71fbb36338450fe67865b528a43dd10ef7c51a20392?s=96&d=mm&r=g\",\"caption\":\"La Sentinelle\"},\"sameAs\":[\"http:\\\/\\\/www.lasentinelle.dz\"],\"url\":\"https:\\\/\\\/lasentinelle.dz\\\/author\\\/redaction\\\/\"}]}<\/script>\n<!-- \/ Yoast SEO plugin. -->","yoast_head_json":{"title":"Renforcement du programme des vols d\u2019Air Alg\u00e9rie\u00a0: La majorit\u00e9 des lignes vers les villes fran\u00e7aises rouvertes - La Sentinelle","robots":{"index":"index","follow":"follow","max-snippet":"max-snippet:-1","max-image-preview":"max-image-preview:large","max-video-preview":"max-video-preview:-1"},"canonical":"https:\/\/lasentinelle.dz\/index.php\/2022\/08\/29\/renforcement-du-programme-des-vols-dair-algerie-la-majorite-des-lignes-vers-villes-francaises-rouvertes\/","og_locale":"fr_FR","og_type":"article","og_title":"Renforcement du programme des vols d\u2019Air Alg\u00e9rie\u00a0: La majorit\u00e9 des lignes vers les villes fran\u00e7aises rouvertes - La Sentinelle","og_description":"C\u2019est une bonne nouvelle pour la communaut\u00e9 nationale \u00e9tablie en France, mais aussi pour la communaut\u00e9 d\u2019affaires. La majorit\u00e9 des","og_url":"https:\/\/lasentinelle.dz\/index.php\/2022\/08\/29\/renforcement-du-programme-des-vols-dair-algerie-la-majorite-des-lignes-vers-villes-francaises-rouvertes\/","og_site_name":"La Sentinelle","article_publisher":"https:\/\/www.facebook.com\/La-Sentinelle-104059864394773","article_published_time":"2022-08-28T23:15:00+00:00","og_image":[{"width":1600,"height":900,"url":"https:\/\/lasentinelle.dz\/wp-content\/uploads\/2022\/08\/AIR-ALGERIE.png","type":"image\/png"}],"author":"La Sentinelle","twitter_card":"summary_large_image","twitter_misc":{"\u00c9crit par":"La Sentinelle","Dur\u00e9e de lecture estim\u00e9e":"3 minutes"},"schema":{"@context":"https:\/\/schema.org","@graph":[{"@type":"Article","@id":"https:\/\/lasentinelle.dz\/index.php\/2022\/08\/29\/renforcement-du-programme-des-vols-dair-algerie-la-majorite-des-lignes-vers-villes-francaises-rouvertes\/#article","isPartOf":{"@id":"https:\/\/lasentinelle.dz\/index.php\/2022\/08\/29\/renforcement-du-programme-des-vols-dair-algerie-la-majorite-des-lignes-vers-villes-francaises-rouvertes\/"},"author":{"name":"La Sentinelle","@id":"https:\/\/lasentinelle.dz\/#\/schema\/person\/d865044e22e70a75174ce8bcad3acfb3"},"headline":"Renforcement du programme des vols d\u2019Air Alg\u00e9rie\u00a0: La majorit\u00e9 des lignes vers les villes fran\u00e7aises rouvertes","datePublished":"2022-08-28T23:15:00+00:00","mainEntityOfPage":{"@id":"https:\/\/lasentinelle.dz\/index.php\/2022\/08\/29\/renforcement-du-programme-des-vols-dair-algerie-la-majorite-des-lignes-vers-villes-francaises-rouvertes\/"},"wordCount":487,"commentCount":0,"publisher":{"@id":"https:\/\/lasentinelle.dz\/#organization"},"image":{"@id":"https:\/\/lasentinelle.dz\/index.php\/2022\/08\/29\/renforcement-du-programme-des-vols-dair-algerie-la-majorite-des-lignes-vers-villes-francaises-rouvertes\/#primaryimage"},"thumbnailUrl":"https:\/\/lasentinelle.dz\/wp-content\/uploads\/2022\/08\/AIR-ALGERIE.png","articleSection":["\u00c0 la Une","Actualit\u00e9"],"inLanguage":"fr-FR","potentialAction":[{"@type":"CommentAction","name":"Comment","target":["https:\/\/lasentinelle.dz\/index.php\/2022\/08\/29\/renforcement-du-programme-des-vols-dair-algerie-la-majorite-des-lignes-vers-villes-francaises-rouvertes\/#respond"]}]},{"@type":"WebPage","@id":"https:\/\/lasentinelle.dz\/index.php\/2022\/08\/29\/renforcement-du-programme-des-vols-dair-algerie-la-majorite-des-lignes-vers-villes-francaises-rouvertes\/","url":"https:\/\/lasentinelle.dz\/index.php\/2022\/08\/29\/renforcement-du-programme-des-vols-dair-algerie-la-majorite-des-lignes-vers-villes-francaises-rouvertes\/","name":"Renforcement du programme des vols d\u2019Air Alg\u00e9rie\u00a0: La majorit\u00e9 des lignes vers les villes fran\u00e7aises rouvertes - La Sentinelle","isPartOf":{"@id":"https:\/\/lasentinelle.dz\/#website"},"primaryImageOfPage":{"@id":"https:\/\/lasentinelle.dz\/index.php\/2022\/08\/29\/renforcement-du-programme-des-vols-dair-algerie-la-majorite-des-lignes-vers-villes-francaises-rouvertes\/#primaryimage"},"image":{"@id":"https:\/\/lasentinelle.dz\/index.php\/2022\/08\/29\/renforcement-du-programme-des-vols-dair-algerie-la-majorite-des-lignes-vers-villes-francaises-rouvertes\/#primaryimage"},"thumbnailUrl":"https:\/\/lasentinelle.dz\/wp-content\/uploads\/2022\/08\/AIR-ALGERIE.png","datePublished":"2022-08-28T23:15:00+00:00","breadcrumb":{"@id":"https:\/\/lasentinelle.dz\/index.php\/2022\/08\/29\/renforcement-du-programme-des-vols-dair-algerie-la-majorite-des-lignes-vers-villes-francaises-rouvertes\/#breadcrumb"},"inLanguage":"fr-FR","potentialAction":[{"@type":"ReadAction","target":["https:\/\/lasentinelle.dz\/index.php\/2022\/08\/29\/renforcement-du-programme-des-vols-dair-algerie-la-majorite-des-lignes-vers-villes-francaises-rouvertes\/"]}]},{"@type":"ImageObject","inLanguage":"fr-FR","@id":"https:\/\/lasentinelle.dz\/index.php\/2022\/08\/29\/renforcement-du-programme-des-vols-dair-algerie-la-majorite-des-lignes-vers-villes-francaises-rouvertes\/#primaryimage","url":"https:\/\/lasentinelle.dz\/wp-content\/uploads\/2022\/08\/AIR-ALGERIE.png","contentUrl":"https:\/\/lasentinelle.dz\/wp-content\/uploads\/2022\/08\/AIR-ALGERIE.png","width":1600,"height":900},{"@type":"BreadcrumbList","@id":"https:\/\/lasentinelle.dz\/index.php\/2022\/08\/29\/renforcement-du-programme-des-vols-dair-algerie-la-majorite-des-lignes-vers-villes-francaises-rouvertes\/#breadcrumb","itemListElement":[{"@type":"ListItem","position":1,"name":"Accueil","item":"https:\/\/lasentinelle.dz\/"},{"@type":"ListItem","position":2,"name":"Renforcement du programme des vols d\u2019Air Alg\u00e9rie\u00a0: La majorit\u00e9 des lignes vers les villes fran\u00e7aises rouvertes"}]},{"@type":"WebSite","@id":"https:\/\/lasentinelle.dz\/#website","url":"https:\/\/lasentinelle.dz\/","name":"La Sentinelle","description":"Quotidien national d&#039;information","publisher":{"@id":"https:\/\/lasentinelle.dz\/#organization"},"potentialAction":[{"@type":"SearchAction","target":{"@type":"EntryPoint","urlTemplate":"https:\/\/lasentinelle.dz\/?s={search_term_string}"},"query-input":{"@type":"PropertyValueSpecification","valueRequired":true,"valueName":"search_term_string"}}],"inLanguage":"fr-FR"},{"@type":"Organization","@id":"https:\/\/lasentinelle.dz\/#organization","name":"Quotidien La Sentinelle","url":"https:\/\/lasentinelle.dz\/","logo":{"@type":"ImageObject","inLanguage":"fr-FR","@id":"https:\/\/lasentinelle.dz\/#\/schema\/logo\/image\/","url":"https:\/\/lasentinelle.dz\/wp-content\/uploads\/2021\/09\/logo-sentinelleSLOGAN-1.png","contentUrl":"https:\/\/lasentinelle.dz\/wp-content\/uploads\/2021\/09\/logo-sentinelleSLOGAN-1.png","width":615,"height":142,"caption":"Quotidien La Sentinelle"},"image":{"@id":"https:\/\/lasentinelle.dz\/#\/schema\/logo\/image\/"},"sameAs":["https:\/\/www.facebook.com\/La-Sentinelle-104059864394773"]},{"@type":"Person","@id":"https:\/\/lasentinelle.dz\/#\/schema\/person\/d865044e22e70a75174ce8bcad3acfb3","name":"La Sentinelle","image":{"@type":"ImageObject","inLanguage":"fr-FR","@id":"https:\/\/secure.gravatar.com\/avatar\/57de8e5d4b15d43fb361a71fbb36338450fe67865b528a43dd10ef7c51a20392?s=96&d=mm&r=g","url":"https:\/\/secure.gravatar.com\/avatar\/57de8e5d4b15d43fb361a71fbb36338450fe67865b528a43dd10ef7c51a20392?s=96&d=mm&r=g","contentUrl":"https:\/\/secure.gravatar.com\/avatar\/57de8e5d4b15d43fb361a71fbb36338450fe67865b528a43dd10ef7c51a20392?s=96&d=mm&r=g","caption":"La Sentinelle"},"sameAs":["http:\/\/www.lasentinelle.dz"],"url":"https:\/\/lasentinelle.dz\/author\/redaction\/"}]}},"_links":{"self":[{"href":"https:\/\/lasentinelle.dz\/index.php\/wp-json\/wp\/v2\/posts\/26479","targetHints":{"allow":["GET"]}}],"collection":[{"href":"https:\/\/lasentinelle.dz\/index.php\/wp-json\/wp\/v2\/posts"}],"about":[{"href":"https:\/\/lasentinelle.dz\/index.php\/wp-json\/wp\/v2\/types\/post"}],"author":[{"embeddable":true,"href":"https:\/\/lasentinelle.dz\/index.php\/wp-json\/wp\/v2\/users\/3"}],"replies":[{"embeddable":true,"href":"https:\/\/lasentinelle.dz\/index.php\/wp-json\/wp\/v2\/comments?post=26479"}],"version-history":[{"count":2,"href":"https:\/\/lasentinelle.dz\/index.php\/wp-json\/wp\/v2\/posts\/26479\/revisions"}],"predecessor-version":[{"id":26494,"href":"https:\/\/lasentinelle.dz\/index.php\/wp-json\/wp\/v2\/posts\/26479\/revisions\/26494"}],"wp:featuredmedia":[{"embeddable":true,"href":"https:\/\/lasentinelle.dz\/index.php\/wp-json\/wp\/v2\/media\/26483"}],"wp:attachment":[{"href":"https:\/\/lasentinelle.dz\/index.php\/wp-json\/wp\/v2\/media?parent=26479"}],"wp:term":[{"taxonomy":"category","embeddable":true,"href":"https:\/\/lasentinelle.dz\/index.php\/wp-json\/wp\/v2\/categories?post=26479"},{"taxonomy":"post_tag","embeddable":true,"href":"https:\/\/lasentinelle.dz\/index.php\/wp-json\/wp\/v2\/tags?post=26479"}],"curies":[{"name":"wp","href":"https:\/\/api.w.org\/{rel}","templated":true}]}}