{"id":26501,"date":"2022-08-29T00:17:00","date_gmt":"2022-08-28T23:17:00","guid":{"rendered":"https:\/\/lasentinelle.dz\/?p=26501"},"modified":"2022-08-29T10:00:59","modified_gmt":"2022-08-29T09:00:59","slug":"tebboune-lance-le-processus-de-revision-des-salaires-et-de-lallocation-chomage-le-pouvoir-dachat-au-coeur-de-la-rentree","status":"publish","type":"post","link":"https:\/\/lasentinelle.dz\/index.php\/2022\/08\/29\/tebboune-lance-le-processus-de-revision-des-salaires-et-de-lallocation-chomage-le-pouvoir-dachat-au-coeur-de-la-rentree\/","title":{"rendered":"Tebboune lance le processus de r\u00e9vision des salaires et de l\u2019allocation ch\u00f4mage\u00a0:\u00a0Le pouvoir d\u2019achat au c\u0153ur de la rentr\u00e9e"},"content":{"rendered":"\n<p>Le pr\u00e9sident de la R\u00e9publique, Abdelmadjid Tebboune, a pr\u00e9sid\u00e9 hier son premier Conseil des ministres de la Rentr\u00e9e. Attendu sur les questions politiques, notamment celles relatives \u00e0 l\u2019initiative de rassemblement, le Conseil des ministres a \u00e9t\u00e9 domin\u00e9 par les questions sociales. Rentr\u00e9e scolaire, indemnisation des sinistr\u00e9s des incendies et surtout lancement du processus de r\u00e9vision \u00e0 la hausse des salaires ont \u00e9t\u00e9 le fil rouge de la r\u00e9union. Le ton est donn\u00e9, le pouvoir d\u2019achat des Alg\u00e9riens est au c\u0153ur de cette rentr\u00e9e.<\/p>\n\n\n\n<p>Le pouvoir d\u2019achat est au c\u0153ur de la rentr\u00e9e sociale. Pr\u00e9occupation majeure et facteur important pesant sur la coh\u00e9sion sociale, la question a souvent \u00e9t\u00e9 soulev\u00e9e lors du dialogue politique qui a \u00e9t\u00e9 ouvert dans le sillage du lancement de l\u2019initiative de rassemblement national par le pr\u00e9sident de la R\u00e9publique. Un dossier qui a d\u2019ailleurs \u00e9t\u00e9 soulev\u00e9 hier par le Pr\u00e9sident Tebboune lors du premier Conseil de la rentr\u00e9e. Une r\u00e9union qui a permis le lancement du processus de r\u00e9vision des salaires et de l\u2019allocation ch\u00f4mage sur laquelle s\u2019est engag\u00e9 le chef de l\u2019\u00c9tat d\u00e8s le mois d\u2019avril dernier. Engagement d\u2019ailleurs r\u00e9it\u00e9r\u00e9, il y a tout juste un mois lors de son dernier entretien avec un repr\u00e9sentant des m\u00e9dias nationaux.&nbsp;<\/p>\n\n\n\n<p>Le pr\u00e9sident de la R\u00e9publique a ordonn\u00e9 au Gouvernement de commencer \u00e0 r\u00e9viser le montant de l\u2019allocation ch\u00f4mage et les cat\u00e9gories de ses b\u00e9n\u00e9ficiaires, ainsi que les salaires et les pensions de retraites, en prenant en comptes les \u00e9quilibres financiers et d\u2019inclure ces r\u00e9visions dans la loi de finances pour 2023, a indiqu\u00e9 hier un communiqu\u00e9 des services de la pr\u00e9sidence de la R\u00e9publique qui a sanctionn\u00e9 les travaux du Conseil des ministres. Ainsi, et au-del\u00e0 d\u2019anticiper la revalorisation des pensions de retraites, op\u00e9ration qui intervient chaque mois de mai pour actualiser les pensions avec les taux d\u2019inflation, cette op\u00e9ration doit permettre de concr\u00e9tiser les engagements politiques du pr\u00e9sident de la R\u00e9publique, d\u2019autant que la question du pouvoir d\u2019achat devient centrale et que les attentes en la mati\u00e8re sont grandes, notamment dans un contexte d\u2019appr\u00e9ciation des revenus p\u00e9troliers et donc de hausse des recettes budg\u00e9taires que la conjoncture actuelle favorise. C\u2019est ainsi que le pr\u00e9sident de la R\u00e9publique avait assur\u00e9, le 30 juillet dernier, que la hausse actuelle des revenus permettait une r\u00e9vision \u00e0 la hausse de la grille indiciaire des salaires de la Fonction publique et de l\u2019allocation ch\u00f4mage afin d\u2019am\u00e9liorer le pouvoir d\u2019achat des Alg\u00e9riens. Il avait m\u00eame estim\u00e9 que la conjoncture actuelle permettait d\u2019esp\u00e9rer une revalorisation du dinar laquelle contribuerait \u00e9galement \u00e0 hausser le pouvoir d\u2019achat.&nbsp;<\/p>\n\n\n\n<p>Aussi le pouvoir d\u2019achat ne d\u00e9pendant pas seulement du facteur salaires et revenus, mais tributaire aussi de la maitrise des prix sur le march\u00e9, le Conseil des ministres s\u2019est pench\u00e9 sur certaines mesures devant contribuer \u00e0 limiter l\u2019effet de l\u2019inflation import\u00e9e en se tournant vers l\u2019am\u00e9lioration de la production locale et la promotion des r\u00e9seaux d\u2019approvisionnements favorisant le facteur proximit\u00e9. Le secteur de l\u2019agriculture a ainsi re\u00e7u une attention particuli\u00e8re lors de ce Conseil des ministres. Dans ce sens, le Pr\u00e9sident Tebboune a ordonn\u00e9 un travail de coordination entre les minist\u00e8res de l&rsquo;Agriculture et du Commerce, pour faciliter les \u00e9changes dans le domaine de l&rsquo;\u00e9levage et de la production de viande rouge avec les pays africains, afin de parvenir \u00e0 une diversification de la production et des approvisionnements et garantir la ma\u00eetrise des prix dans ce domaine. Il s\u2019est \u00e9galement attard\u00e9 sur le dossier du d\u00e9veloppement de la c\u00e9r\u00e9aliculture, de la collecte et du stockage des c\u00e9r\u00e9ales \u00e0 l\u2019ombre de la restauration du monopole de l\u2019OAIC.&nbsp;<\/p>\n\n\n\n<p>Les questions politiques renvoy\u00e9es<\/p>\n\n\n\n<p>Il a ainsi ordonn\u00e9 le lancement d\u2019une campagne nationale avec l&rsquo;implication de tous les acteurs, y compris les autorit\u00e9s locales et les agriculteurs, pour travailler rapidement \u00e0 l&rsquo;augmentation du rendement de la production \u00e0 l&rsquo;hectare de bl\u00e9 et d&rsquo;orge, avec l&rsquo;intensification du partenariat dans le but d&rsquo;atteindre un rendement moyen allant de 30 \u00e0 35 quintaux \u00e0 l\u2019hectare. Il a \u00e9galement ordonn\u00e9 l&rsquo;expansion de la capacit\u00e9 de stockage strat\u00e9gique des c\u00e9r\u00e9ales \u00e0 l&rsquo;\u00e9chelle nationale et la mise en place d&rsquo;un comit\u00e9 national sous la tutelle du Premier ministre et des walis pour une supervision directe de la campagne des labours-semailles, et l&rsquo;utilisation de la technologie d&rsquo;imagerie par drones, et en coordination entre les services agricoles et s\u00e9curitaires pour conna\u00eetre les superficies r\u00e9elles des terres cultiv\u00e9es. Il a soulign\u00e9 la n\u00e9cessit\u00e9 d&rsquo;exploiter les drones, pour conna\u00eetre les emplacements et les conditions de stockage des c\u00e9r\u00e9ales d\u00e8s la saison agricole. Il a aussi ordonn\u00e9 d&rsquo;acc\u00e9l\u00e9rer l&rsquo;indemnisation des agriculteurs sinistr\u00e9s avant le d\u00e9but de la saison agricole. Toujours au sujet des incendies, Abdelmadjid Tebboune a donn\u00e9 des instructions pour acc\u00e9l\u00e9rer le processus d&rsquo;acquisition de canadairs de tr\u00e8s grande capacit\u00e9 afin que le premier avion arrive en Alg\u00e9rie en d\u00e9cembre prochain et le second au premier semestre 2023 afin de consolider les moyens de lutte contre les feux de for\u00eats.&nbsp;<\/p>\n\n\n\n<p>Enfin, au sujet des questions politiques attendues en raisons de l\u2019examen des projets de lois relatifs au rassemblement national, \u00e0 l\u2019information et \u00e0 l\u2019audiovisuel, l\u2019ensemble de ces textes a \u00e9t\u00e9 renvoy\u00e9 pour enrichissement.&nbsp;<\/p>\n\n\n\n<p>Samira Ghrib<\/p>\n","protected":false},"excerpt":{"rendered":"<p>Le pr\u00e9sident de la R\u00e9publique, Abdelmadjid Tebboune, a pr\u00e9sid\u00e9 hier son premier Conseil des ministres de la Rentr\u00e9e. Attendu sur<\/p>\n","protected":false},"author":3,"featured_media":26503,"comment_status":"open","ping_status":"closed","sticky":false,"template":"","format":"standard","meta":{"colormag_page_container_layout":"default_layout","colormag_page_sidebar_layout":"default_layout","om_disable_all_campaigns":false,"_monsterinsights_skip_tracking":false,"_monsterinsights_sitenote_active":false,"_monsterinsights_sitenote_note":"","_monsterinsights_sitenote_category":0,"footnotes":"","_wpscppro_dont_share_socialmedia":false,"_wpscppro_custom_social_share_image":0,"_facebook_share_type":"","_twitter_share_type":"","_linkedin_share_type":"","_pinterest_share_type":"","_linkedin_share_type_page":"","_instagram_share_type":"","_medium_share_type":"","_threads_share_type":"","_google_business_share_type":"","_selected_social_profile":[],"_wpsp_enable_custom_social_template":false,"_wpsp_social_scheduling":{"enabled":false,"datetime":null,"platforms":[],"status":"template_only","dateOption":"today","timeOption":"now","customDays":"","customHours":"","customDate":"","customTime":"","schedulingType":"absolute"},"_wpsp_active_default_template":true},"categories":[52,27],"tags":[],"class_list":["post-26501","post","type-post","status-publish","format-standard","has-post-thumbnail","hentry","category-a-la-une","category-actualite"],"aioseo_notices":[],"yoast_head":"<!-- This site is optimized with the Yoast SEO plugin v27.5 - https:\/\/yoast.com\/product\/yoast-seo-wordpress\/ -->\n<title>Tebboune lance le processus de r\u00e9vision des salaires et de l\u2019allocation ch\u00f4mage\u00a0:\u00a0Le pouvoir d\u2019achat au c\u0153ur de la rentr\u00e9e - La Sentinelle<\/title>\n<meta name=\"robots\" content=\"index, follow, max-snippet:-1, max-image-preview:large, max-video-preview:-1\" \/>\n<link rel=\"canonical\" href=\"https:\/\/lasentinelle.dz\/index.php\/2022\/08\/29\/tebboune-lance-le-processus-de-revision-des-salaires-et-de-lallocation-chomage-le-pouvoir-dachat-au-coeur-de-la-rentree\/\" \/>\n<meta property=\"og:locale\" content=\"fr_FR\" \/>\n<meta property=\"og:type\" content=\"article\" \/>\n<meta property=\"og:title\" content=\"Tebboune lance le processus de r\u00e9vision des salaires et de l\u2019allocation ch\u00f4mage\u00a0:\u00a0Le pouvoir d\u2019achat au c\u0153ur de la rentr\u00e9e - La Sentinelle\" \/>\n<meta property=\"og:description\" content=\"Le pr\u00e9sident de la R\u00e9publique, Abdelmadjid Tebboune, a pr\u00e9sid\u00e9 hier son premier Conseil des ministres de la Rentr\u00e9e. Attendu sur\" \/>\n<meta property=\"og:url\" content=\"https:\/\/lasentinelle.dz\/index.php\/2022\/08\/29\/tebboune-lance-le-processus-de-revision-des-salaires-et-de-lallocation-chomage-le-pouvoir-dachat-au-coeur-de-la-rentree\/\" \/>\n<meta property=\"og:site_name\" content=\"La Sentinelle\" \/>\n<meta property=\"article:publisher\" content=\"https:\/\/www.facebook.com\/La-Sentinelle-104059864394773\" \/>\n<meta property=\"article:published_time\" content=\"2022-08-28T23:17:00+00:00\" \/>\n<meta property=\"article:modified_time\" content=\"2022-08-29T09:00:59+00:00\" \/>\n<meta property=\"og:image\" content=\"https:\/\/lasentinelle.dz\/wp-content\/uploads\/2022\/08\/pouvoir-dachat-1.png\" \/>\n\t<meta property=\"og:image:width\" content=\"1595\" \/>\n\t<meta property=\"og:image:height\" content=\"900\" \/>\n\t<meta property=\"og:image:type\" content=\"image\/png\" \/>\n<meta name=\"author\" content=\"La Sentinelle\" \/>\n<meta name=\"twitter:card\" content=\"summary_large_image\" \/>\n<meta name=\"twitter:label1\" content=\"\u00c9crit par\" \/>\n\t<meta name=\"twitter:data1\" content=\"La Sentinelle\" \/>\n\t<meta name=\"twitter:label2\" content=\"Dur\u00e9e de lecture estim\u00e9e\" \/>\n\t<meta name=\"twitter:data2\" content=\"5 minutes\" \/>\n<script type=\"application\/ld+json\" class=\"yoast-schema-graph\">{\"@context\":\"https:\\\/\\\/schema.org\",\"@graph\":[{\"@type\":\"Article\",\"@id\":\"https:\\\/\\\/lasentinelle.dz\\\/index.php\\\/2022\\\/08\\\/29\\\/tebboune-lance-le-processus-de-revision-des-salaires-et-de-lallocation-chomage-le-pouvoir-dachat-au-coeur-de-la-rentree\\\/#article\",\"isPartOf\":{\"@id\":\"https:\\\/\\\/lasentinelle.dz\\\/index.php\\\/2022\\\/08\\\/29\\\/tebboune-lance-le-processus-de-revision-des-salaires-et-de-lallocation-chomage-le-pouvoir-dachat-au-coeur-de-la-rentree\\\/\"},\"author\":{\"name\":\"La Sentinelle\",\"@id\":\"https:\\\/\\\/lasentinelle.dz\\\/#\\\/schema\\\/person\\\/d865044e22e70a75174ce8bcad3acfb3\"},\"headline\":\"Tebboune lance le processus de r\u00e9vision des salaires et de l\u2019allocation ch\u00f4mage\u00a0:\u00a0Le pouvoir d\u2019achat au c\u0153ur de la rentr\u00e9e\",\"datePublished\":\"2022-08-28T23:17:00+00:00\",\"dateModified\":\"2022-08-29T09:00:59+00:00\",\"mainEntityOfPage\":{\"@id\":\"https:\\\/\\\/lasentinelle.dz\\\/index.php\\\/2022\\\/08\\\/29\\\/tebboune-lance-le-processus-de-revision-des-salaires-et-de-lallocation-chomage-le-pouvoir-dachat-au-coeur-de-la-rentree\\\/\"},\"wordCount\":1003,\"commentCount\":0,\"publisher\":{\"@id\":\"https:\\\/\\\/lasentinelle.dz\\\/#organization\"},\"image\":{\"@id\":\"https:\\\/\\\/lasentinelle.dz\\\/index.php\\\/2022\\\/08\\\/29\\\/tebboune-lance-le-processus-de-revision-des-salaires-et-de-lallocation-chomage-le-pouvoir-dachat-au-coeur-de-la-rentree\\\/#primaryimage\"},\"thumbnailUrl\":\"https:\\\/\\\/lasentinelle.dz\\\/wp-content\\\/uploads\\\/2022\\\/08\\\/pouvoir-dachat-1.png\",\"articleSection\":[\"\u00c0 la Une\",\"Actualit\u00e9\"],\"inLanguage\":\"fr-FR\",\"potentialAction\":[{\"@type\":\"CommentAction\",\"name\":\"Comment\",\"target\":[\"https:\\\/\\\/lasentinelle.dz\\\/index.php\\\/2022\\\/08\\\/29\\\/tebboune-lance-le-processus-de-revision-des-salaires-et-de-lallocation-chomage-le-pouvoir-dachat-au-coeur-de-la-rentree\\\/#respond\"]}]},{\"@type\":\"WebPage\",\"@id\":\"https:\\\/\\\/lasentinelle.dz\\\/index.php\\\/2022\\\/08\\\/29\\\/tebboune-lance-le-processus-de-revision-des-salaires-et-de-lallocation-chomage-le-pouvoir-dachat-au-coeur-de-la-rentree\\\/\",\"url\":\"https:\\\/\\\/lasentinelle.dz\\\/index.php\\\/2022\\\/08\\\/29\\\/tebboune-lance-le-processus-de-revision-des-salaires-et-de-lallocation-chomage-le-pouvoir-dachat-au-coeur-de-la-rentree\\\/\",\"name\":\"Tebboune lance le processus de r\u00e9vision des salaires et de l\u2019allocation ch\u00f4mage\u00a0:\u00a0Le pouvoir d\u2019achat au c\u0153ur de la rentr\u00e9e - La Sentinelle\",\"isPartOf\":{\"@id\":\"https:\\\/\\\/lasentinelle.dz\\\/#website\"},\"primaryImageOfPage\":{\"@id\":\"https:\\\/\\\/lasentinelle.dz\\\/index.php\\\/2022\\\/08\\\/29\\\/tebboune-lance-le-processus-de-revision-des-salaires-et-de-lallocation-chomage-le-pouvoir-dachat-au-coeur-de-la-rentree\\\/#primaryimage\"},\"image\":{\"@id\":\"https:\\\/\\\/lasentinelle.dz\\\/index.php\\\/2022\\\/08\\\/29\\\/tebboune-lance-le-processus-de-revision-des-salaires-et-de-lallocation-chomage-le-pouvoir-dachat-au-coeur-de-la-rentree\\\/#primaryimage\"},\"thumbnailUrl\":\"https:\\\/\\\/lasentinelle.dz\\\/wp-content\\\/uploads\\\/2022\\\/08\\\/pouvoir-dachat-1.png\",\"datePublished\":\"2022-08-28T23:17:00+00:00\",\"dateModified\":\"2022-08-29T09:00:59+00:00\",\"breadcrumb\":{\"@id\":\"https:\\\/\\\/lasentinelle.dz\\\/index.php\\\/2022\\\/08\\\/29\\\/tebboune-lance-le-processus-de-revision-des-salaires-et-de-lallocation-chomage-le-pouvoir-dachat-au-coeur-de-la-rentree\\\/#breadcrumb\"},\"inLanguage\":\"fr-FR\",\"potentialAction\":[{\"@type\":\"ReadAction\",\"target\":[\"https:\\\/\\\/lasentinelle.dz\\\/index.php\\\/2022\\\/08\\\/29\\\/tebboune-lance-le-processus-de-revision-des-salaires-et-de-lallocation-chomage-le-pouvoir-dachat-au-coeur-de-la-rentree\\\/\"]}]},{\"@type\":\"ImageObject\",\"inLanguage\":\"fr-FR\",\"@id\":\"https:\\\/\\\/lasentinelle.dz\\\/index.php\\\/2022\\\/08\\\/29\\\/tebboune-lance-le-processus-de-revision-des-salaires-et-de-lallocation-chomage-le-pouvoir-dachat-au-coeur-de-la-rentree\\\/#primaryimage\",\"url\":\"https:\\\/\\\/lasentinelle.dz\\\/wp-content\\\/uploads\\\/2022\\\/08\\\/pouvoir-dachat-1.png\",\"contentUrl\":\"https:\\\/\\\/lasentinelle.dz\\\/wp-content\\\/uploads\\\/2022\\\/08\\\/pouvoir-dachat-1.png\",\"width\":1595,\"height\":900},{\"@type\":\"BreadcrumbList\",\"@id\":\"https:\\\/\\\/lasentinelle.dz\\\/index.php\\\/2022\\\/08\\\/29\\\/tebboune-lance-le-processus-de-revision-des-salaires-et-de-lallocation-chomage-le-pouvoir-dachat-au-coeur-de-la-rentree\\\/#breadcrumb\",\"itemListElement\":[{\"@type\":\"ListItem\",\"position\":1,\"name\":\"Accueil\",\"item\":\"https:\\\/\\\/lasentinelle.dz\\\/\"},{\"@type\":\"ListItem\",\"position\":2,\"name\":\"Tebboune lance le processus de r\u00e9vision des salaires et de l\u2019allocation ch\u00f4mage\u00a0:\u00a0Le pouvoir d\u2019achat au c\u0153ur de la rentr\u00e9e\"}]},{\"@type\":\"WebSite\",\"@id\":\"https:\\\/\\\/lasentinelle.dz\\\/#website\",\"url\":\"https:\\\/\\\/lasentinelle.dz\\\/\",\"name\":\"La Sentinelle\",\"description\":\"Quotidien national d&#039;information\",\"publisher\":{\"@id\":\"https:\\\/\\\/lasentinelle.dz\\\/#organization\"},\"potentialAction\":[{\"@type\":\"SearchAction\",\"target\":{\"@type\":\"EntryPoint\",\"urlTemplate\":\"https:\\\/\\\/lasentinelle.dz\\\/?s={search_term_string}\"},\"query-input\":{\"@type\":\"PropertyValueSpecification\",\"valueRequired\":true,\"valueName\":\"search_term_string\"}}],\"inLanguage\":\"fr-FR\"},{\"@type\":\"Organization\",\"@id\":\"https:\\\/\\\/lasentinelle.dz\\\/#organization\",\"name\":\"Quotidien La Sentinelle\",\"url\":\"https:\\\/\\\/lasentinelle.dz\\\/\",\"logo\":{\"@type\":\"ImageObject\",\"inLanguage\":\"fr-FR\",\"@id\":\"https:\\\/\\\/lasentinelle.dz\\\/#\\\/schema\\\/logo\\\/image\\\/\",\"url\":\"https:\\\/\\\/lasentinelle.dz\\\/wp-content\\\/uploads\\\/2021\\\/09\\\/logo-sentinelleSLOGAN-1.png\",\"contentUrl\":\"https:\\\/\\\/lasentinelle.dz\\\/wp-content\\\/uploads\\\/2021\\\/09\\\/logo-sentinelleSLOGAN-1.png\",\"width\":615,\"height\":142,\"caption\":\"Quotidien La Sentinelle\"},\"image\":{\"@id\":\"https:\\\/\\\/lasentinelle.dz\\\/#\\\/schema\\\/logo\\\/image\\\/\"},\"sameAs\":[\"https:\\\/\\\/www.facebook.com\\\/La-Sentinelle-104059864394773\"]},{\"@type\":\"Person\",\"@id\":\"https:\\\/\\\/lasentinelle.dz\\\/#\\\/schema\\\/person\\\/d865044e22e70a75174ce8bcad3acfb3\",\"name\":\"La Sentinelle\",\"image\":{\"@type\":\"ImageObject\",\"inLanguage\":\"fr-FR\",\"@id\":\"https:\\\/\\\/secure.gravatar.com\\\/avatar\\\/57de8e5d4b15d43fb361a71fbb36338450fe67865b528a43dd10ef7c51a20392?s=96&d=mm&r=g\",\"url\":\"https:\\\/\\\/secure.gravatar.com\\\/avatar\\\/57de8e5d4b15d43fb361a71fbb36338450fe67865b528a43dd10ef7c51a20392?s=96&d=mm&r=g\",\"contentUrl\":\"https:\\\/\\\/secure.gravatar.com\\\/avatar\\\/57de8e5d4b15d43fb361a71fbb36338450fe67865b528a43dd10ef7c51a20392?s=96&d=mm&r=g\",\"caption\":\"La Sentinelle\"},\"sameAs\":[\"http:\\\/\\\/www.lasentinelle.dz\"],\"url\":\"https:\\\/\\\/lasentinelle.dz\\\/author\\\/redaction\\\/\"}]}<\/script>\n<!-- \/ Yoast SEO plugin. -->","yoast_head_json":{"title":"Tebboune lance le processus de r\u00e9vision des salaires et de l\u2019allocation ch\u00f4mage\u00a0:\u00a0Le pouvoir d\u2019achat au c\u0153ur de la rentr\u00e9e - La Sentinelle","robots":{"index":"index","follow":"follow","max-snippet":"max-snippet:-1","max-image-preview":"max-image-preview:large","max-video-preview":"max-video-preview:-1"},"canonical":"https:\/\/lasentinelle.dz\/index.php\/2022\/08\/29\/tebboune-lance-le-processus-de-revision-des-salaires-et-de-lallocation-chomage-le-pouvoir-dachat-au-coeur-de-la-rentree\/","og_locale":"fr_FR","og_type":"article","og_title":"Tebboune lance le processus de r\u00e9vision des salaires et de l\u2019allocation ch\u00f4mage\u00a0:\u00a0Le pouvoir d\u2019achat au c\u0153ur de la rentr\u00e9e - La Sentinelle","og_description":"Le pr\u00e9sident de la R\u00e9publique, Abdelmadjid Tebboune, a pr\u00e9sid\u00e9 hier son premier Conseil des ministres de la Rentr\u00e9e. Attendu sur","og_url":"https:\/\/lasentinelle.dz\/index.php\/2022\/08\/29\/tebboune-lance-le-processus-de-revision-des-salaires-et-de-lallocation-chomage-le-pouvoir-dachat-au-coeur-de-la-rentree\/","og_site_name":"La Sentinelle","article_publisher":"https:\/\/www.facebook.com\/La-Sentinelle-104059864394773","article_published_time":"2022-08-28T23:17:00+00:00","article_modified_time":"2022-08-29T09:00:59+00:00","og_image":[{"width":1595,"height":900,"url":"https:\/\/lasentinelle.dz\/wp-content\/uploads\/2022\/08\/pouvoir-dachat-1.png","type":"image\/png"}],"author":"La Sentinelle","twitter_card":"summary_large_image","twitter_misc":{"\u00c9crit par":"La Sentinelle","Dur\u00e9e de lecture estim\u00e9e":"5 minutes"},"schema":{"@context":"https:\/\/schema.org","@graph":[{"@type":"Article","@id":"https:\/\/lasentinelle.dz\/index.php\/2022\/08\/29\/tebboune-lance-le-processus-de-revision-des-salaires-et-de-lallocation-chomage-le-pouvoir-dachat-au-coeur-de-la-rentree\/#article","isPartOf":{"@id":"https:\/\/lasentinelle.dz\/index.php\/2022\/08\/29\/tebboune-lance-le-processus-de-revision-des-salaires-et-de-lallocation-chomage-le-pouvoir-dachat-au-coeur-de-la-rentree\/"},"author":{"name":"La Sentinelle","@id":"https:\/\/lasentinelle.dz\/#\/schema\/person\/d865044e22e70a75174ce8bcad3acfb3"},"headline":"Tebboune lance le processus de r\u00e9vision des salaires et de l\u2019allocation ch\u00f4mage\u00a0:\u00a0Le pouvoir d\u2019achat au c\u0153ur de la rentr\u00e9e","datePublished":"2022-08-28T23:17:00+00:00","dateModified":"2022-08-29T09:00:59+00:00","mainEntityOfPage":{"@id":"https:\/\/lasentinelle.dz\/index.php\/2022\/08\/29\/tebboune-lance-le-processus-de-revision-des-salaires-et-de-lallocation-chomage-le-pouvoir-dachat-au-coeur-de-la-rentree\/"},"wordCount":1003,"commentCount":0,"publisher":{"@id":"https:\/\/lasentinelle.dz\/#organization"},"image":{"@id":"https:\/\/lasentinelle.dz\/index.php\/2022\/08\/29\/tebboune-lance-le-processus-de-revision-des-salaires-et-de-lallocation-chomage-le-pouvoir-dachat-au-coeur-de-la-rentree\/#primaryimage"},"thumbnailUrl":"https:\/\/lasentinelle.dz\/wp-content\/uploads\/2022\/08\/pouvoir-dachat-1.png","articleSection":["\u00c0 la Une","Actualit\u00e9"],"inLanguage":"fr-FR","potentialAction":[{"@type":"CommentAction","name":"Comment","target":["https:\/\/lasentinelle.dz\/index.php\/2022\/08\/29\/tebboune-lance-le-processus-de-revision-des-salaires-et-de-lallocation-chomage-le-pouvoir-dachat-au-coeur-de-la-rentree\/#respond"]}]},{"@type":"WebPage","@id":"https:\/\/lasentinelle.dz\/index.php\/2022\/08\/29\/tebboune-lance-le-processus-de-revision-des-salaires-et-de-lallocation-chomage-le-pouvoir-dachat-au-coeur-de-la-rentree\/","url":"https:\/\/lasentinelle.dz\/index.php\/2022\/08\/29\/tebboune-lance-le-processus-de-revision-des-salaires-et-de-lallocation-chomage-le-pouvoir-dachat-au-coeur-de-la-rentree\/","name":"Tebboune lance le processus de r\u00e9vision des salaires et de l\u2019allocation ch\u00f4mage\u00a0:\u00a0Le pouvoir d\u2019achat au c\u0153ur de la rentr\u00e9e - La Sentinelle","isPartOf":{"@id":"https:\/\/lasentinelle.dz\/#website"},"primaryImageOfPage":{"@id":"https:\/\/lasentinelle.dz\/index.php\/2022\/08\/29\/tebboune-lance-le-processus-de-revision-des-salaires-et-de-lallocation-chomage-le-pouvoir-dachat-au-coeur-de-la-rentree\/#primaryimage"},"image":{"@id":"https:\/\/lasentinelle.dz\/index.php\/2022\/08\/29\/tebboune-lance-le-processus-de-revision-des-salaires-et-de-lallocation-chomage-le-pouvoir-dachat-au-coeur-de-la-rentree\/#primaryimage"},"thumbnailUrl":"https:\/\/lasentinelle.dz\/wp-content\/uploads\/2022\/08\/pouvoir-dachat-1.png","datePublished":"2022-08-28T23:17:00+00:00","dateModified":"2022-08-29T09:00:59+00:00","breadcrumb":{"@id":"https:\/\/lasentinelle.dz\/index.php\/2022\/08\/29\/tebboune-lance-le-processus-de-revision-des-salaires-et-de-lallocation-chomage-le-pouvoir-dachat-au-coeur-de-la-rentree\/#breadcrumb"},"inLanguage":"fr-FR","potentialAction":[{"@type":"ReadAction","target":["https:\/\/lasentinelle.dz\/index.php\/2022\/08\/29\/tebboune-lance-le-processus-de-revision-des-salaires-et-de-lallocation-chomage-le-pouvoir-dachat-au-coeur-de-la-rentree\/"]}]},{"@type":"ImageObject","inLanguage":"fr-FR","@id":"https:\/\/lasentinelle.dz\/index.php\/2022\/08\/29\/tebboune-lance-le-processus-de-revision-des-salaires-et-de-lallocation-chomage-le-pouvoir-dachat-au-coeur-de-la-rentree\/#primaryimage","url":"https:\/\/lasentinelle.dz\/wp-content\/uploads\/2022\/08\/pouvoir-dachat-1.png","contentUrl":"https:\/\/lasentinelle.dz\/wp-content\/uploads\/2022\/08\/pouvoir-dachat-1.png","width":1595,"height":900},{"@type":"BreadcrumbList","@id":"https:\/\/lasentinelle.dz\/index.php\/2022\/08\/29\/tebboune-lance-le-processus-de-revision-des-salaires-et-de-lallocation-chomage-le-pouvoir-dachat-au-coeur-de-la-rentree\/#breadcrumb","itemListElement":[{"@type":"ListItem","position":1,"name":"Accueil","item":"https:\/\/lasentinelle.dz\/"},{"@type":"ListItem","position":2,"name":"Tebboune lance le processus de r\u00e9vision des salaires et de l\u2019allocation ch\u00f4mage\u00a0:\u00a0Le pouvoir d\u2019achat au c\u0153ur de la rentr\u00e9e"}]},{"@type":"WebSite","@id":"https:\/\/lasentinelle.dz\/#website","url":"https:\/\/lasentinelle.dz\/","name":"La Sentinelle","description":"Quotidien national d&#039;information","publisher":{"@id":"https:\/\/lasentinelle.dz\/#organization"},"potentialAction":[{"@type":"SearchAction","target":{"@type":"EntryPoint","urlTemplate":"https:\/\/lasentinelle.dz\/?s={search_term_string}"},"query-input":{"@type":"PropertyValueSpecification","valueRequired":true,"valueName":"search_term_string"}}],"inLanguage":"fr-FR"},{"@type":"Organization","@id":"https:\/\/lasentinelle.dz\/#organization","name":"Quotidien La Sentinelle","url":"https:\/\/lasentinelle.dz\/","logo":{"@type":"ImageObject","inLanguage":"fr-FR","@id":"https:\/\/lasentinelle.dz\/#\/schema\/logo\/image\/","url":"https:\/\/lasentinelle.dz\/wp-content\/uploads\/2021\/09\/logo-sentinelleSLOGAN-1.png","contentUrl":"https:\/\/lasentinelle.dz\/wp-content\/uploads\/2021\/09\/logo-sentinelleSLOGAN-1.png","width":615,"height":142,"caption":"Quotidien La Sentinelle"},"image":{"@id":"https:\/\/lasentinelle.dz\/#\/schema\/logo\/image\/"},"sameAs":["https:\/\/www.facebook.com\/La-Sentinelle-104059864394773"]},{"@type":"Person","@id":"https:\/\/lasentinelle.dz\/#\/schema\/person\/d865044e22e70a75174ce8bcad3acfb3","name":"La Sentinelle","image":{"@type":"ImageObject","inLanguage":"fr-FR","@id":"https:\/\/secure.gravatar.com\/avatar\/57de8e5d4b15d43fb361a71fbb36338450fe67865b528a43dd10ef7c51a20392?s=96&d=mm&r=g","url":"https:\/\/secure.gravatar.com\/avatar\/57de8e5d4b15d43fb361a71fbb36338450fe67865b528a43dd10ef7c51a20392?s=96&d=mm&r=g","contentUrl":"https:\/\/secure.gravatar.com\/avatar\/57de8e5d4b15d43fb361a71fbb36338450fe67865b528a43dd10ef7c51a20392?s=96&d=mm&r=g","caption":"La Sentinelle"},"sameAs":["http:\/\/www.lasentinelle.dz"],"url":"https:\/\/lasentinelle.dz\/author\/redaction\/"}]}},"_links":{"self":[{"href":"https:\/\/lasentinelle.dz\/index.php\/wp-json\/wp\/v2\/posts\/26501","targetHints":{"allow":["GET"]}}],"collection":[{"href":"https:\/\/lasentinelle.dz\/index.php\/wp-json\/wp\/v2\/posts"}],"about":[{"href":"https:\/\/lasentinelle.dz\/index.php\/wp-json\/wp\/v2\/types\/post"}],"author":[{"embeddable":true,"href":"https:\/\/lasentinelle.dz\/index.php\/wp-json\/wp\/v2\/users\/3"}],"replies":[{"embeddable":true,"href":"https:\/\/lasentinelle.dz\/index.php\/wp-json\/wp\/v2\/comments?post=26501"}],"version-history":[{"count":2,"href":"https:\/\/lasentinelle.dz\/index.php\/wp-json\/wp\/v2\/posts\/26501\/revisions"}],"predecessor-version":[{"id":26505,"href":"https:\/\/lasentinelle.dz\/index.php\/wp-json\/wp\/v2\/posts\/26501\/revisions\/26505"}],"wp:featuredmedia":[{"embeddable":true,"href":"https:\/\/lasentinelle.dz\/index.php\/wp-json\/wp\/v2\/media\/26503"}],"wp:attachment":[{"href":"https:\/\/lasentinelle.dz\/index.php\/wp-json\/wp\/v2\/media?parent=26501"}],"wp:term":[{"taxonomy":"category","embeddable":true,"href":"https:\/\/lasentinelle.dz\/index.php\/wp-json\/wp\/v2\/categories?post=26501"},{"taxonomy":"post_tag","embeddable":true,"href":"https:\/\/lasentinelle.dz\/index.php\/wp-json\/wp\/v2\/tags?post=26501"}],"curies":[{"name":"wp","href":"https:\/\/api.w.org\/{rel}","templated":true}]}}