{"id":26531,"date":"2022-08-30T00:01:00","date_gmt":"2022-08-29T23:01:00","guid":{"rendered":"https:\/\/lasentinelle.dz\/?p=26531"},"modified":"2022-08-29T16:50:21","modified_gmt":"2022-08-29T15:50:21","slug":"guerre-au-yemen-dix-soldats-tues-a-taez-malgre-la-treve","status":"publish","type":"post","link":"https:\/\/lasentinelle.dz\/index.php\/2022\/08\/30\/guerre-au-yemen-dix-soldats-tues-a-taez-malgre-la-treve\/","title":{"rendered":"Guerre au Y\u00e9men\u00a0:\u00a0Dix soldats tu\u00e9s \u00e0 Ta\u00ebz malgr\u00e9 la tr\u00eave"},"content":{"rendered":"\n<p>Dix soldats y\u00e9m\u00e9nites ont \u00e9t\u00e9 tu\u00e9s et sept bless\u00e9s dans une attaque des Houthis pr\u00e8s de Ta\u00ebz, dans le sud-ouest du Y\u00e9men, malgr\u00e9 la tr\u00eave en vigueur depuis avril, a annonc\u00e9 hier le gouvernement du pays ravag\u00e9 par la guerre. N\u00e9goci\u00e9 par l&rsquo;ONU, le cessez-le-feu, relativement respect\u00e9 \u00e0 l&rsquo;exception de violences sporadiques, offre un certain r\u00e9pit apr\u00e8s huit ans de conflit d\u00e9vastateur opposant les forces du gouvernement, appuy\u00e9es depuis 2015 par une coalition militaire emmen\u00e9e par l&rsquo;Arabie saoudite, et les Houthis proches de l&rsquo;Iran. Les&nbsp;Houthis&nbsp;ont attaqu\u00e9 dans la nuit de dimanche \u00e0 lundi des positions de l&rsquo;arm\u00e9e au sud-ouest de la ville disput\u00e9e de Ta\u00ebz, \u00ab\u00a0causant la mort de dix soldats et blessant sept autres\u00a0\u00bb, indique le gouvernement dans un communiqu\u00e9. Le bilan a \u00e9t\u00e9 confirm\u00e9 \u00e0 l&rsquo;AFP par des sources m\u00e9dicales. Aucune information n&rsquo;est disponible sur d&rsquo;\u00e9ventuelles victimes dans les rangs des Houthis, ces derniers communiquant rarement sur leurs pertes. Strat\u00e9gique depuis le d\u00e9but de la guerre, la ville de Ta\u00ebz est sous contr\u00f4le du gouvernement mais encercl\u00e9e par les Houthis. L&rsquo;objectif de l&rsquo;attaque \u00e9tait de bloquer la route reliant Ta\u00ebz \u00e0 Aden (sud), la capitale provisoire du gouvernement, affirme ce dernier, les&nbsp;Houthis&nbsp;ayant pris le contr\u00f4le de Sanaa en 2014. Le gouvernement d\u00e9nonce une \u00ab\u00a0dangereuse escalade\u00a0\u00bb des Houthis qui \u00ab\u00a0d\u00e9fient de mani\u00e8re flagrante\u00a0\u00bb les efforts de l&rsquo;ONU visant \u00e0 \u00e9largir la tr\u00eave, instaur\u00e9e le 2 avril, reconduite \u00e0 deux reprises et cens\u00e9e s&rsquo;achever le 2 octobre. Le si\u00e8ge de Ta\u00ebz, troisi\u00e8me plus grande ville du pays, complique l&rsquo;arriv\u00e9e de l&rsquo;aide humanitaire et contraint la population \u00e0 emprunter des routes montagneuses tr\u00e8s dangereuses. Hier, seize ONG ont appel\u00e9 les Houthis \u00e0 \u00ab\u00a0ouvrir imm\u00e9diatement les axes vitaux \u00e0 l&rsquo;int\u00e9rieur et autour de Ta\u00ebz\u00a0\u00bb et \u00e0 \u00ab\u00a0r\u00e9tablir la libert\u00e9 de mouvement des civils pour \u00e9viter une d\u00e9t\u00e9rioration de la situation humanitaire d\u00e9j\u00e0 tr\u00e8s grave\u00a0\u00bb. Dans un communiqu\u00e9 commun, ces organisations, dont Human Rights Watch et Amnesty International, d\u00e9plorent l&rsquo;absence de progr\u00e8s r\u00e9alis\u00e9s sur le d\u00e9blocage des routes autour de Ta\u00ebz, malgr\u00e9 les efforts de l&rsquo;\u00e9missaire de l&rsquo;ONU pour le Y\u00e9men, Hans Grundberg. La guerre au Y\u00e9men a fait des centaines de milliers de morts et plong\u00e9 le pays le plus pauvre de la p\u00e9ninsule arabique dans l&rsquo;une des pires crises humanitaires au monde, selon l&rsquo;ONU.&nbsp;<\/p>\n\n\n\n<p><strong>AFP<\/strong><\/p>\n","protected":false},"excerpt":{"rendered":"<p>Dix soldats y\u00e9m\u00e9nites ont \u00e9t\u00e9 tu\u00e9s et sept bless\u00e9s dans une attaque des Houthis pr\u00e8s de Ta\u00ebz, dans le sud-ouest<\/p>\n","protected":false},"author":3,"featured_media":26534,"comment_status":"open","ping_status":"closed","sticky":false,"template":"","format":"standard","meta":{"colormag_page_container_layout":"default_layout","colormag_page_sidebar_layout":"default_layout","om_disable_all_campaigns":false,"_monsterinsights_skip_tracking":false,"_monsterinsights_sitenote_active":false,"_monsterinsights_sitenote_note":"","_monsterinsights_sitenote_category":0,"footnotes":"","_wpscppro_dont_share_socialmedia":false,"_wpscppro_custom_social_share_image":0,"_facebook_share_type":"","_twitter_share_type":"","_linkedin_share_type":"","_pinterest_share_type":"","_linkedin_share_type_page":"","_instagram_share_type":"","_medium_share_type":"","_threads_share_type":"","_google_business_share_type":"","_selected_social_profile":[],"_wpsp_enable_custom_social_template":false,"_wpsp_social_scheduling":{"enabled":false,"datetime":null,"platforms":[],"status":"template_only","dateOption":"today","timeOption":"now","customDays":"","customHours":"","customDate":"","customTime":"","schedulingType":"absolute"},"_wpsp_active_default_template":true},"categories":[37],"tags":[],"class_list":["post-26531","post","type-post","status-publish","format-standard","has-post-thumbnail","hentry","category-monde"],"aioseo_notices":[],"yoast_head":"<!-- This site is optimized with the Yoast SEO plugin v27.5 - https:\/\/yoast.com\/product\/yoast-seo-wordpress\/ -->\n<title>Guerre au Y\u00e9men\u00a0:\u00a0Dix soldats tu\u00e9s \u00e0 Ta\u00ebz malgr\u00e9 la tr\u00eave - La Sentinelle<\/title>\n<meta name=\"robots\" content=\"index, follow, max-snippet:-1, max-image-preview:large, max-video-preview:-1\" \/>\n<link rel=\"canonical\" href=\"https:\/\/lasentinelle.dz\/index.php\/2022\/08\/30\/guerre-au-yemen-dix-soldats-tues-a-taez-malgre-la-treve\/\" \/>\n<meta property=\"og:locale\" content=\"fr_FR\" \/>\n<meta property=\"og:type\" content=\"article\" \/>\n<meta property=\"og:title\" content=\"Guerre au Y\u00e9men\u00a0:\u00a0Dix soldats tu\u00e9s \u00e0 Ta\u00ebz malgr\u00e9 la tr\u00eave - La Sentinelle\" \/>\n<meta property=\"og:description\" content=\"Dix soldats y\u00e9m\u00e9nites ont \u00e9t\u00e9 tu\u00e9s et sept bless\u00e9s dans une attaque des Houthis pr\u00e8s de Ta\u00ebz, dans le sud-ouest\" \/>\n<meta property=\"og:url\" content=\"https:\/\/lasentinelle.dz\/index.php\/2022\/08\/30\/guerre-au-yemen-dix-soldats-tues-a-taez-malgre-la-treve\/\" \/>\n<meta property=\"og:site_name\" content=\"La Sentinelle\" \/>\n<meta property=\"article:publisher\" content=\"https:\/\/www.facebook.com\/La-Sentinelle-104059864394773\" \/>\n<meta property=\"article:published_time\" content=\"2022-08-29T23:01:00+00:00\" \/>\n<meta property=\"og:image\" content=\"https:\/\/lasentinelle.dz\/wp-content\/uploads\/2022\/08\/resize-1.jpeg\" \/>\n\t<meta property=\"og:image:width\" content=\"1024\" \/>\n\t<meta property=\"og:image:height\" content=\"683\" \/>\n\t<meta property=\"og:image:type\" content=\"image\/jpeg\" \/>\n<meta name=\"author\" content=\"La Sentinelle\" \/>\n<meta name=\"twitter:card\" content=\"summary_large_image\" \/>\n<meta name=\"twitter:label1\" content=\"\u00c9crit par\" \/>\n\t<meta name=\"twitter:data1\" content=\"La Sentinelle\" \/>\n\t<meta name=\"twitter:label2\" content=\"Dur\u00e9e de lecture estim\u00e9e\" \/>\n\t<meta name=\"twitter:data2\" content=\"2 minutes\" \/>\n<script type=\"application\/ld+json\" class=\"yoast-schema-graph\">{\"@context\":\"https:\\\/\\\/schema.org\",\"@graph\":[{\"@type\":\"Article\",\"@id\":\"https:\\\/\\\/lasentinelle.dz\\\/index.php\\\/2022\\\/08\\\/30\\\/guerre-au-yemen-dix-soldats-tues-a-taez-malgre-la-treve\\\/#article\",\"isPartOf\":{\"@id\":\"https:\\\/\\\/lasentinelle.dz\\\/index.php\\\/2022\\\/08\\\/30\\\/guerre-au-yemen-dix-soldats-tues-a-taez-malgre-la-treve\\\/\"},\"author\":{\"name\":\"La Sentinelle\",\"@id\":\"https:\\\/\\\/lasentinelle.dz\\\/#\\\/schema\\\/person\\\/d865044e22e70a75174ce8bcad3acfb3\"},\"headline\":\"Guerre au Y\u00e9men\u00a0:\u00a0Dix soldats tu\u00e9s \u00e0 Ta\u00ebz malgr\u00e9 la tr\u00eave\",\"datePublished\":\"2022-08-29T23:01:00+00:00\",\"mainEntityOfPage\":{\"@id\":\"https:\\\/\\\/lasentinelle.dz\\\/index.php\\\/2022\\\/08\\\/30\\\/guerre-au-yemen-dix-soldats-tues-a-taez-malgre-la-treve\\\/\"},\"wordCount\":456,\"commentCount\":0,\"publisher\":{\"@id\":\"https:\\\/\\\/lasentinelle.dz\\\/#organization\"},\"image\":{\"@id\":\"https:\\\/\\\/lasentinelle.dz\\\/index.php\\\/2022\\\/08\\\/30\\\/guerre-au-yemen-dix-soldats-tues-a-taez-malgre-la-treve\\\/#primaryimage\"},\"thumbnailUrl\":\"https:\\\/\\\/lasentinelle.dz\\\/wp-content\\\/uploads\\\/2022\\\/08\\\/resize-1.jpeg\",\"articleSection\":[\"Monde\"],\"inLanguage\":\"fr-FR\",\"potentialAction\":[{\"@type\":\"CommentAction\",\"name\":\"Comment\",\"target\":[\"https:\\\/\\\/lasentinelle.dz\\\/index.php\\\/2022\\\/08\\\/30\\\/guerre-au-yemen-dix-soldats-tues-a-taez-malgre-la-treve\\\/#respond\"]}]},{\"@type\":\"WebPage\",\"@id\":\"https:\\\/\\\/lasentinelle.dz\\\/index.php\\\/2022\\\/08\\\/30\\\/guerre-au-yemen-dix-soldats-tues-a-taez-malgre-la-treve\\\/\",\"url\":\"https:\\\/\\\/lasentinelle.dz\\\/index.php\\\/2022\\\/08\\\/30\\\/guerre-au-yemen-dix-soldats-tues-a-taez-malgre-la-treve\\\/\",\"name\":\"Guerre au Y\u00e9men\u00a0:\u00a0Dix soldats tu\u00e9s \u00e0 Ta\u00ebz malgr\u00e9 la tr\u00eave - La Sentinelle\",\"isPartOf\":{\"@id\":\"https:\\\/\\\/lasentinelle.dz\\\/#website\"},\"primaryImageOfPage\":{\"@id\":\"https:\\\/\\\/lasentinelle.dz\\\/index.php\\\/2022\\\/08\\\/30\\\/guerre-au-yemen-dix-soldats-tues-a-taez-malgre-la-treve\\\/#primaryimage\"},\"image\":{\"@id\":\"https:\\\/\\\/lasentinelle.dz\\\/index.php\\\/2022\\\/08\\\/30\\\/guerre-au-yemen-dix-soldats-tues-a-taez-malgre-la-treve\\\/#primaryimage\"},\"thumbnailUrl\":\"https:\\\/\\\/lasentinelle.dz\\\/wp-content\\\/uploads\\\/2022\\\/08\\\/resize-1.jpeg\",\"datePublished\":\"2022-08-29T23:01:00+00:00\",\"breadcrumb\":{\"@id\":\"https:\\\/\\\/lasentinelle.dz\\\/index.php\\\/2022\\\/08\\\/30\\\/guerre-au-yemen-dix-soldats-tues-a-taez-malgre-la-treve\\\/#breadcrumb\"},\"inLanguage\":\"fr-FR\",\"potentialAction\":[{\"@type\":\"ReadAction\",\"target\":[\"https:\\\/\\\/lasentinelle.dz\\\/index.php\\\/2022\\\/08\\\/30\\\/guerre-au-yemen-dix-soldats-tues-a-taez-malgre-la-treve\\\/\"]}]},{\"@type\":\"ImageObject\",\"inLanguage\":\"fr-FR\",\"@id\":\"https:\\\/\\\/lasentinelle.dz\\\/index.php\\\/2022\\\/08\\\/30\\\/guerre-au-yemen-dix-soldats-tues-a-taez-malgre-la-treve\\\/#primaryimage\",\"url\":\"https:\\\/\\\/lasentinelle.dz\\\/wp-content\\\/uploads\\\/2022\\\/08\\\/resize-1.jpeg\",\"contentUrl\":\"https:\\\/\\\/lasentinelle.dz\\\/wp-content\\\/uploads\\\/2022\\\/08\\\/resize-1.jpeg\",\"width\":1024,\"height\":683},{\"@type\":\"BreadcrumbList\",\"@id\":\"https:\\\/\\\/lasentinelle.dz\\\/index.php\\\/2022\\\/08\\\/30\\\/guerre-au-yemen-dix-soldats-tues-a-taez-malgre-la-treve\\\/#breadcrumb\",\"itemListElement\":[{\"@type\":\"ListItem\",\"position\":1,\"name\":\"Accueil\",\"item\":\"https:\\\/\\\/lasentinelle.dz\\\/\"},{\"@type\":\"ListItem\",\"position\":2,\"name\":\"Guerre au Y\u00e9men\u00a0:\u00a0Dix soldats tu\u00e9s \u00e0 Ta\u00ebz malgr\u00e9 la tr\u00eave\"}]},{\"@type\":\"WebSite\",\"@id\":\"https:\\\/\\\/lasentinelle.dz\\\/#website\",\"url\":\"https:\\\/\\\/lasentinelle.dz\\\/\",\"name\":\"La Sentinelle\",\"description\":\"Quotidien national d&#039;information\",\"publisher\":{\"@id\":\"https:\\\/\\\/lasentinelle.dz\\\/#organization\"},\"potentialAction\":[{\"@type\":\"SearchAction\",\"target\":{\"@type\":\"EntryPoint\",\"urlTemplate\":\"https:\\\/\\\/lasentinelle.dz\\\/?s={search_term_string}\"},\"query-input\":{\"@type\":\"PropertyValueSpecification\",\"valueRequired\":true,\"valueName\":\"search_term_string\"}}],\"inLanguage\":\"fr-FR\"},{\"@type\":\"Organization\",\"@id\":\"https:\\\/\\\/lasentinelle.dz\\\/#organization\",\"name\":\"Quotidien La Sentinelle\",\"url\":\"https:\\\/\\\/lasentinelle.dz\\\/\",\"logo\":{\"@type\":\"ImageObject\",\"inLanguage\":\"fr-FR\",\"@id\":\"https:\\\/\\\/lasentinelle.dz\\\/#\\\/schema\\\/logo\\\/image\\\/\",\"url\":\"https:\\\/\\\/lasentinelle.dz\\\/wp-content\\\/uploads\\\/2021\\\/09\\\/logo-sentinelleSLOGAN-1.png\",\"contentUrl\":\"https:\\\/\\\/lasentinelle.dz\\\/wp-content\\\/uploads\\\/2021\\\/09\\\/logo-sentinelleSLOGAN-1.png\",\"width\":615,\"height\":142,\"caption\":\"Quotidien La Sentinelle\"},\"image\":{\"@id\":\"https:\\\/\\\/lasentinelle.dz\\\/#\\\/schema\\\/logo\\\/image\\\/\"},\"sameAs\":[\"https:\\\/\\\/www.facebook.com\\\/La-Sentinelle-104059864394773\"]},{\"@type\":\"Person\",\"@id\":\"https:\\\/\\\/lasentinelle.dz\\\/#\\\/schema\\\/person\\\/d865044e22e70a75174ce8bcad3acfb3\",\"name\":\"La Sentinelle\",\"image\":{\"@type\":\"ImageObject\",\"inLanguage\":\"fr-FR\",\"@id\":\"https:\\\/\\\/secure.gravatar.com\\\/avatar\\\/57de8e5d4b15d43fb361a71fbb36338450fe67865b528a43dd10ef7c51a20392?s=96&d=mm&r=g\",\"url\":\"https:\\\/\\\/secure.gravatar.com\\\/avatar\\\/57de8e5d4b15d43fb361a71fbb36338450fe67865b528a43dd10ef7c51a20392?s=96&d=mm&r=g\",\"contentUrl\":\"https:\\\/\\\/secure.gravatar.com\\\/avatar\\\/57de8e5d4b15d43fb361a71fbb36338450fe67865b528a43dd10ef7c51a20392?s=96&d=mm&r=g\",\"caption\":\"La Sentinelle\"},\"sameAs\":[\"http:\\\/\\\/www.lasentinelle.dz\"],\"url\":\"https:\\\/\\\/lasentinelle.dz\\\/author\\\/redaction\\\/\"}]}<\/script>\n<!-- \/ Yoast SEO plugin. -->","yoast_head_json":{"title":"Guerre au Y\u00e9men\u00a0:\u00a0Dix soldats tu\u00e9s \u00e0 Ta\u00ebz malgr\u00e9 la tr\u00eave - La Sentinelle","robots":{"index":"index","follow":"follow","max-snippet":"max-snippet:-1","max-image-preview":"max-image-preview:large","max-video-preview":"max-video-preview:-1"},"canonical":"https:\/\/lasentinelle.dz\/index.php\/2022\/08\/30\/guerre-au-yemen-dix-soldats-tues-a-taez-malgre-la-treve\/","og_locale":"fr_FR","og_type":"article","og_title":"Guerre au Y\u00e9men\u00a0:\u00a0Dix soldats tu\u00e9s \u00e0 Ta\u00ebz malgr\u00e9 la tr\u00eave - La Sentinelle","og_description":"Dix soldats y\u00e9m\u00e9nites ont \u00e9t\u00e9 tu\u00e9s et sept bless\u00e9s dans une attaque des Houthis pr\u00e8s de Ta\u00ebz, dans le sud-ouest","og_url":"https:\/\/lasentinelle.dz\/index.php\/2022\/08\/30\/guerre-au-yemen-dix-soldats-tues-a-taez-malgre-la-treve\/","og_site_name":"La Sentinelle","article_publisher":"https:\/\/www.facebook.com\/La-Sentinelle-104059864394773","article_published_time":"2022-08-29T23:01:00+00:00","og_image":[{"width":1024,"height":683,"url":"https:\/\/lasentinelle.dz\/wp-content\/uploads\/2022\/08\/resize-1.jpeg","type":"image\/jpeg"}],"author":"La Sentinelle","twitter_card":"summary_large_image","twitter_misc":{"\u00c9crit par":"La Sentinelle","Dur\u00e9e de lecture estim\u00e9e":"2 minutes"},"schema":{"@context":"https:\/\/schema.org","@graph":[{"@type":"Article","@id":"https:\/\/lasentinelle.dz\/index.php\/2022\/08\/30\/guerre-au-yemen-dix-soldats-tues-a-taez-malgre-la-treve\/#article","isPartOf":{"@id":"https:\/\/lasentinelle.dz\/index.php\/2022\/08\/30\/guerre-au-yemen-dix-soldats-tues-a-taez-malgre-la-treve\/"},"author":{"name":"La Sentinelle","@id":"https:\/\/lasentinelle.dz\/#\/schema\/person\/d865044e22e70a75174ce8bcad3acfb3"},"headline":"Guerre au Y\u00e9men\u00a0:\u00a0Dix soldats tu\u00e9s \u00e0 Ta\u00ebz malgr\u00e9 la tr\u00eave","datePublished":"2022-08-29T23:01:00+00:00","mainEntityOfPage":{"@id":"https:\/\/lasentinelle.dz\/index.php\/2022\/08\/30\/guerre-au-yemen-dix-soldats-tues-a-taez-malgre-la-treve\/"},"wordCount":456,"commentCount":0,"publisher":{"@id":"https:\/\/lasentinelle.dz\/#organization"},"image":{"@id":"https:\/\/lasentinelle.dz\/index.php\/2022\/08\/30\/guerre-au-yemen-dix-soldats-tues-a-taez-malgre-la-treve\/#primaryimage"},"thumbnailUrl":"https:\/\/lasentinelle.dz\/wp-content\/uploads\/2022\/08\/resize-1.jpeg","articleSection":["Monde"],"inLanguage":"fr-FR","potentialAction":[{"@type":"CommentAction","name":"Comment","target":["https:\/\/lasentinelle.dz\/index.php\/2022\/08\/30\/guerre-au-yemen-dix-soldats-tues-a-taez-malgre-la-treve\/#respond"]}]},{"@type":"WebPage","@id":"https:\/\/lasentinelle.dz\/index.php\/2022\/08\/30\/guerre-au-yemen-dix-soldats-tues-a-taez-malgre-la-treve\/","url":"https:\/\/lasentinelle.dz\/index.php\/2022\/08\/30\/guerre-au-yemen-dix-soldats-tues-a-taez-malgre-la-treve\/","name":"Guerre au Y\u00e9men\u00a0:\u00a0Dix soldats tu\u00e9s \u00e0 Ta\u00ebz malgr\u00e9 la tr\u00eave - La Sentinelle","isPartOf":{"@id":"https:\/\/lasentinelle.dz\/#website"},"primaryImageOfPage":{"@id":"https:\/\/lasentinelle.dz\/index.php\/2022\/08\/30\/guerre-au-yemen-dix-soldats-tues-a-taez-malgre-la-treve\/#primaryimage"},"image":{"@id":"https:\/\/lasentinelle.dz\/index.php\/2022\/08\/30\/guerre-au-yemen-dix-soldats-tues-a-taez-malgre-la-treve\/#primaryimage"},"thumbnailUrl":"https:\/\/lasentinelle.dz\/wp-content\/uploads\/2022\/08\/resize-1.jpeg","datePublished":"2022-08-29T23:01:00+00:00","breadcrumb":{"@id":"https:\/\/lasentinelle.dz\/index.php\/2022\/08\/30\/guerre-au-yemen-dix-soldats-tues-a-taez-malgre-la-treve\/#breadcrumb"},"inLanguage":"fr-FR","potentialAction":[{"@type":"ReadAction","target":["https:\/\/lasentinelle.dz\/index.php\/2022\/08\/30\/guerre-au-yemen-dix-soldats-tues-a-taez-malgre-la-treve\/"]}]},{"@type":"ImageObject","inLanguage":"fr-FR","@id":"https:\/\/lasentinelle.dz\/index.php\/2022\/08\/30\/guerre-au-yemen-dix-soldats-tues-a-taez-malgre-la-treve\/#primaryimage","url":"https:\/\/lasentinelle.dz\/wp-content\/uploads\/2022\/08\/resize-1.jpeg","contentUrl":"https:\/\/lasentinelle.dz\/wp-content\/uploads\/2022\/08\/resize-1.jpeg","width":1024,"height":683},{"@type":"BreadcrumbList","@id":"https:\/\/lasentinelle.dz\/index.php\/2022\/08\/30\/guerre-au-yemen-dix-soldats-tues-a-taez-malgre-la-treve\/#breadcrumb","itemListElement":[{"@type":"ListItem","position":1,"name":"Accueil","item":"https:\/\/lasentinelle.dz\/"},{"@type":"ListItem","position":2,"name":"Guerre au Y\u00e9men\u00a0:\u00a0Dix soldats tu\u00e9s \u00e0 Ta\u00ebz malgr\u00e9 la tr\u00eave"}]},{"@type":"WebSite","@id":"https:\/\/lasentinelle.dz\/#website","url":"https:\/\/lasentinelle.dz\/","name":"La Sentinelle","description":"Quotidien national d&#039;information","publisher":{"@id":"https:\/\/lasentinelle.dz\/#organization"},"potentialAction":[{"@type":"SearchAction","target":{"@type":"EntryPoint","urlTemplate":"https:\/\/lasentinelle.dz\/?s={search_term_string}"},"query-input":{"@type":"PropertyValueSpecification","valueRequired":true,"valueName":"search_term_string"}}],"inLanguage":"fr-FR"},{"@type":"Organization","@id":"https:\/\/lasentinelle.dz\/#organization","name":"Quotidien La Sentinelle","url":"https:\/\/lasentinelle.dz\/","logo":{"@type":"ImageObject","inLanguage":"fr-FR","@id":"https:\/\/lasentinelle.dz\/#\/schema\/logo\/image\/","url":"https:\/\/lasentinelle.dz\/wp-content\/uploads\/2021\/09\/logo-sentinelleSLOGAN-1.png","contentUrl":"https:\/\/lasentinelle.dz\/wp-content\/uploads\/2021\/09\/logo-sentinelleSLOGAN-1.png","width":615,"height":142,"caption":"Quotidien La Sentinelle"},"image":{"@id":"https:\/\/lasentinelle.dz\/#\/schema\/logo\/image\/"},"sameAs":["https:\/\/www.facebook.com\/La-Sentinelle-104059864394773"]},{"@type":"Person","@id":"https:\/\/lasentinelle.dz\/#\/schema\/person\/d865044e22e70a75174ce8bcad3acfb3","name":"La Sentinelle","image":{"@type":"ImageObject","inLanguage":"fr-FR","@id":"https:\/\/secure.gravatar.com\/avatar\/57de8e5d4b15d43fb361a71fbb36338450fe67865b528a43dd10ef7c51a20392?s=96&d=mm&r=g","url":"https:\/\/secure.gravatar.com\/avatar\/57de8e5d4b15d43fb361a71fbb36338450fe67865b528a43dd10ef7c51a20392?s=96&d=mm&r=g","contentUrl":"https:\/\/secure.gravatar.com\/avatar\/57de8e5d4b15d43fb361a71fbb36338450fe67865b528a43dd10ef7c51a20392?s=96&d=mm&r=g","caption":"La Sentinelle"},"sameAs":["http:\/\/www.lasentinelle.dz"],"url":"https:\/\/lasentinelle.dz\/author\/redaction\/"}]}},"_links":{"self":[{"href":"https:\/\/lasentinelle.dz\/index.php\/wp-json\/wp\/v2\/posts\/26531","targetHints":{"allow":["GET"]}}],"collection":[{"href":"https:\/\/lasentinelle.dz\/index.php\/wp-json\/wp\/v2\/posts"}],"about":[{"href":"https:\/\/lasentinelle.dz\/index.php\/wp-json\/wp\/v2\/types\/post"}],"author":[{"embeddable":true,"href":"https:\/\/lasentinelle.dz\/index.php\/wp-json\/wp\/v2\/users\/3"}],"replies":[{"embeddable":true,"href":"https:\/\/lasentinelle.dz\/index.php\/wp-json\/wp\/v2\/comments?post=26531"}],"version-history":[{"count":1,"href":"https:\/\/lasentinelle.dz\/index.php\/wp-json\/wp\/v2\/posts\/26531\/revisions"}],"predecessor-version":[{"id":26537,"href":"https:\/\/lasentinelle.dz\/index.php\/wp-json\/wp\/v2\/posts\/26531\/revisions\/26537"}],"wp:featuredmedia":[{"embeddable":true,"href":"https:\/\/lasentinelle.dz\/index.php\/wp-json\/wp\/v2\/media\/26534"}],"wp:attachment":[{"href":"https:\/\/lasentinelle.dz\/index.php\/wp-json\/wp\/v2\/media?parent=26531"}],"wp:term":[{"taxonomy":"category","embeddable":true,"href":"https:\/\/lasentinelle.dz\/index.php\/wp-json\/wp\/v2\/categories?post=26531"},{"taxonomy":"post_tag","embeddable":true,"href":"https:\/\/lasentinelle.dz\/index.php\/wp-json\/wp\/v2\/tags?post=26531"}],"curies":[{"name":"wp","href":"https:\/\/api.w.org\/{rel}","templated":true}]}}