{"id":26538,"date":"2022-08-30T00:05:00","date_gmt":"2022-08-29T23:05:00","guid":{"rendered":"https:\/\/lasentinelle.dz\/?p=26538"},"modified":"2022-08-29T19:06:02","modified_gmt":"2022-08-29T18:06:02","slug":"soupcons-de-detournement-des-aides-destinees-aux-sinistres-le-wali-del-tarf-prend-des-mesures-radicales","status":"publish","type":"post","link":"https:\/\/lasentinelle.dz\/index.php\/2022\/08\/30\/soupcons-de-detournement-des-aides-destinees-aux-sinistres-le-wali-del-tarf-prend-des-mesures-radicales\/","title":{"rendered":"Soup\u00e7ons de d\u00e9tournement des aides destin\u00e9es aux sinistr\u00e9s\u00a0: Le wali d\u2019El Tarf prend des mesures radicales"},"content":{"rendered":"\n<p>Pendant que les sinistr\u00e9s pansent leurs blessures, certaines associations ont fait des dons destin\u00e9s \u00e0 ces victimes affect\u00e9es par les incendies, un business lucratif.&nbsp;<\/p>\n\n\n\n<p>Insensibles \u00e0 l\u2019\u00e9tat des centaines de sinistr\u00e9es des incendies du 17&nbsp;ao\u00fbt dernier, certains membres d\u2019association&nbsp;ne&nbsp;se sont pas g\u00eaner&nbsp;pour&nbsp;d\u00e9tourner les aides achemin\u00e9es de diverses wilayas du pays, en aides aux sinistr\u00e9s des incendies qui ont r\u00e9duit plusieurs zones&nbsp;de&nbsp;la wilaya&nbsp;d\u2019El Tarf&nbsp;en&nbsp;cendres. Selon&nbsp;nos sources, de&nbsp;des&nbsp;aides ont \u00e9t\u00e9 d\u00e9tourn\u00e9es vers des destinations inconnues et d\u2019autres ont \u00e9t\u00e9 vendues. C\u2019est pourquoi le wali d\u2019El Tarf a d\u00e9cid\u00e9 la fermeture des \u00e9tablissements scolaires, r\u00e9serv\u00e9s \u00e0 la collecte des dons par les associations, au profit des victimes des incendies, a r\u00e9v\u00e9l\u00e9 notre source. Celle-ci a pr\u00e9cis\u00e9 que la d\u00e9cision du premier responsable de la wilaya, est motiv\u00e9e par la suspition d\u2019agissements&nbsp;frauduleux de certaines associations. La m\u00eame source a \u00e9galement fait savoir que des informations sont parvenues aux&nbsp;&nbsp;autorit\u00e9s locales et s\u00e9curitaires de la wilaya, sur un trafic auquel s\u2019adonnent certaines associations.&nbsp;&nbsp;Cens\u00e9s \u00eatre distribu\u00e9s aux victimes des incendies \u00e0 travers les villages et les bourgades, notamment les zones enclav\u00e9es de la wilaya, les aides ont \u00e9t\u00e9 d\u00e9tourn\u00e9es puis vendues aux propri\u00e9taires des surfaces commerciales. Les d\u00e9tournements ont touch\u00e9 notamment les eaux min\u00e9rales et les denr\u00e9es alimentaires, l\u2019huile de table et la semoule entre autres. Selon notre source, les services de s\u00e9curit\u00e9 ont ouvert des enqu\u00eates \u00e9largies afin&nbsp;d\u2019identifier&nbsp;&nbsp;les auteurs de ces agissements&nbsp;&nbsp;et les complices qui ont terni&nbsp;l\u2019image&nbsp;du mouvement associatif. Car, selon notre source, les centaines de convois charg\u00e9s de tonnes d\u2019aides,&nbsp;&nbsp;qui ont afflu\u00e9 depuis les quatre coins du pays et ont \u00e9t\u00e9 r\u00e9parties dans des \u00e9tablissements scolaires, afin de faciliter aux associations les op\u00e9rations de distribution.&nbsp;&nbsp;Ce qui a&nbsp;\u00e9veill\u00e9 le reflexe mercantiliste&nbsp;chez certains membres d\u2019associations. Comme c\u2019est le cas de l\u2019\u00e9cole d\u2019une \u00e9cole&nbsp;dans&nbsp;la ville d\u2019El Kala qui a fait office&nbsp;de centre&nbsp;d&rsquo;entreposage de dons, avant leur acheminement \u00e0 leurs&nbsp;b\u00e9n\u00e9ficiaires. L\u2019\u00e9tablissement scolaire a \u00e9t\u00e9 ferm\u00e9 sur d\u00e9cision du wali, apr\u00e8s que, nous dit-on,&nbsp;&nbsp;des intrus se soient introduits dans l&rsquo;enceinte de l&rsquo;\u00e9cole et se sont s&#8217;emparer de force et sans permission des vivres destin\u00e9s aux sinistr\u00e9s. Selon notre source, les intrus ont agi sans faire cas&nbsp;de&nbsp;la pr\u00e9sence des policiers qui assurent la s\u00e9curit\u00e9 des lieux. Autres&nbsp;&nbsp;agissements&nbsp;&nbsp;soulign\u00e9s, celui de familles n\u00e9cessiteuses, majoritairement des femmes. Elles ont pris d\u2019assaut l\u2019\u00e9cole d\u2019El Kala&nbsp;&nbsp;pour demander des denr\u00e9es alimentaires sous pr\u00e9texte qu&rsquo;elles \u00e9taient n\u00e9cessiteuses. Il&nbsp;&nbsp;leur a \u00e9t\u00e9 expliqu\u00e9 qu&rsquo;il ne s&rsquo;agissait pas du couffin du Ramadhan et que ces aides \u00e9taient destin\u00e9es aux victimes des incendies. Cet agissement indigne n\u2019est pas une sp\u00e9cificit\u00e9 des associations. Car, selon notre source, une situation similaire a \u00e9t\u00e9 enregistr\u00e9e chez les \u00e9lus locaux. Selon la m\u00eame source, au vu&nbsp;de la disponibilit\u00e9 de tr\u00e8s grandes quantit\u00e9s d\u2019aides, notamment les produits p\u00e9rissables,&nbsp;la&nbsp;wilaya a d\u00e9cid\u00e9 de donner une partie aux APC,&nbsp;&nbsp;afin d\u2019\u00eatre distribu\u00e9es aux&nbsp;&nbsp;n\u00e9cessiteux de leurs communes.&nbsp;&nbsp;Or, l\u2019op\u00e9ration de distribution des produits a \u00e9t\u00e9 \u00e9galement entach\u00e9e par l\u2019opacit\u00e9, a r\u00e9v\u00e9l\u00e9 notre source. S\u2019agissant des aides prises en charge par la commission de la wilaya, elles ont \u00e9t\u00e9 inventori\u00e9es et entrepos\u00e9es en toute transparence, avec des PV officiels, nous dit-on.<\/p>\n\n\n\n<p><strong>Sofia Chahine<\/strong><\/p>\n","protected":false},"excerpt":{"rendered":"<p>Pendant que les sinistr\u00e9s pansent leurs blessures, certaines associations ont fait des dons destin\u00e9s \u00e0 ces victimes affect\u00e9es par les<\/p>\n","protected":false},"author":3,"featured_media":26557,"comment_status":"open","ping_status":"closed","sticky":false,"template":"","format":"standard","meta":{"colormag_page_container_layout":"default_layout","colormag_page_sidebar_layout":"default_layout","om_disable_all_campaigns":false,"_monsterinsights_skip_tracking":false,"_monsterinsights_sitenote_active":false,"_monsterinsights_sitenote_note":"","_monsterinsights_sitenote_category":0,"footnotes":"","_wpscppro_dont_share_socialmedia":false,"_wpscppro_custom_social_share_image":0,"_facebook_share_type":"","_twitter_share_type":"","_linkedin_share_type":"","_pinterest_share_type":"","_linkedin_share_type_page":"","_instagram_share_type":"","_medium_share_type":"","_threads_share_type":"","_google_business_share_type":"","_selected_social_profile":[],"_wpsp_enable_custom_social_template":false,"_wpsp_social_scheduling":{"enabled":false,"datetime":null,"platforms":[],"status":"template_only","dateOption":"today","timeOption":"now","customDays":"","customHours":"","customDate":"","customTime":"","schedulingType":"absolute"},"_wpsp_active_default_template":true},"categories":[27],"tags":[],"class_list":["post-26538","post","type-post","status-publish","format-standard","has-post-thumbnail","hentry","category-actualite"],"aioseo_notices":[],"yoast_head":"<!-- This site is optimized with the Yoast SEO plugin v27.5 - https:\/\/yoast.com\/product\/yoast-seo-wordpress\/ -->\n<title>Soup\u00e7ons de d\u00e9tournement des aides destin\u00e9es aux sinistr\u00e9s\u00a0: Le wali d\u2019El Tarf prend des mesures radicales - La Sentinelle<\/title>\n<meta name=\"robots\" content=\"index, follow, max-snippet:-1, max-image-preview:large, max-video-preview:-1\" \/>\n<link rel=\"canonical\" href=\"https:\/\/lasentinelle.dz\/index.php\/2022\/08\/30\/soupcons-de-detournement-des-aides-destinees-aux-sinistres-le-wali-del-tarf-prend-des-mesures-radicales\/\" \/>\n<meta property=\"og:locale\" content=\"fr_FR\" \/>\n<meta property=\"og:type\" content=\"article\" \/>\n<meta property=\"og:title\" content=\"Soup\u00e7ons de d\u00e9tournement des aides destin\u00e9es aux sinistr\u00e9s\u00a0: Le wali d\u2019El Tarf prend des mesures radicales - La Sentinelle\" \/>\n<meta property=\"og:description\" content=\"Pendant que les sinistr\u00e9s pansent leurs blessures, certaines associations ont fait des dons destin\u00e9s \u00e0 ces victimes affect\u00e9es par les\" \/>\n<meta property=\"og:url\" content=\"https:\/\/lasentinelle.dz\/index.php\/2022\/08\/30\/soupcons-de-detournement-des-aides-destinees-aux-sinistres-le-wali-del-tarf-prend-des-mesures-radicales\/\" \/>\n<meta property=\"og:site_name\" content=\"La Sentinelle\" \/>\n<meta property=\"article:publisher\" content=\"https:\/\/www.facebook.com\/La-Sentinelle-104059864394773\" \/>\n<meta property=\"article:published_time\" content=\"2022-08-29T23:05:00+00:00\" \/>\n<meta property=\"og:image\" content=\"https:\/\/lasentinelle.dz\/wp-content\/uploads\/2022\/08\/don.png\" \/>\n\t<meta property=\"og:image:width\" content=\"1427\" \/>\n\t<meta property=\"og:image:height\" content=\"900\" \/>\n\t<meta property=\"og:image:type\" content=\"image\/png\" \/>\n<meta name=\"author\" content=\"La Sentinelle\" \/>\n<meta name=\"twitter:card\" content=\"summary_large_image\" \/>\n<meta name=\"twitter:label1\" content=\"\u00c9crit par\" \/>\n\t<meta name=\"twitter:data1\" content=\"La Sentinelle\" \/>\n\t<meta name=\"twitter:label2\" content=\"Dur\u00e9e de lecture estim\u00e9e\" \/>\n\t<meta name=\"twitter:data2\" content=\"3 minutes\" \/>\n<script type=\"application\/ld+json\" class=\"yoast-schema-graph\">{\"@context\":\"https:\\\/\\\/schema.org\",\"@graph\":[{\"@type\":\"Article\",\"@id\":\"https:\\\/\\\/lasentinelle.dz\\\/index.php\\\/2022\\\/08\\\/30\\\/soupcons-de-detournement-des-aides-destinees-aux-sinistres-le-wali-del-tarf-prend-des-mesures-radicales\\\/#article\",\"isPartOf\":{\"@id\":\"https:\\\/\\\/lasentinelle.dz\\\/index.php\\\/2022\\\/08\\\/30\\\/soupcons-de-detournement-des-aides-destinees-aux-sinistres-le-wali-del-tarf-prend-des-mesures-radicales\\\/\"},\"author\":{\"name\":\"La Sentinelle\",\"@id\":\"https:\\\/\\\/lasentinelle.dz\\\/#\\\/schema\\\/person\\\/d865044e22e70a75174ce8bcad3acfb3\"},\"headline\":\"Soup\u00e7ons de d\u00e9tournement des aides destin\u00e9es aux sinistr\u00e9s\u00a0: Le wali d\u2019El Tarf prend des mesures radicales\",\"datePublished\":\"2022-08-29T23:05:00+00:00\",\"mainEntityOfPage\":{\"@id\":\"https:\\\/\\\/lasentinelle.dz\\\/index.php\\\/2022\\\/08\\\/30\\\/soupcons-de-detournement-des-aides-destinees-aux-sinistres-le-wali-del-tarf-prend-des-mesures-radicales\\\/\"},\"wordCount\":715,\"commentCount\":0,\"publisher\":{\"@id\":\"https:\\\/\\\/lasentinelle.dz\\\/#organization\"},\"image\":{\"@id\":\"https:\\\/\\\/lasentinelle.dz\\\/index.php\\\/2022\\\/08\\\/30\\\/soupcons-de-detournement-des-aides-destinees-aux-sinistres-le-wali-del-tarf-prend-des-mesures-radicales\\\/#primaryimage\"},\"thumbnailUrl\":\"https:\\\/\\\/lasentinelle.dz\\\/wp-content\\\/uploads\\\/2022\\\/08\\\/don.png\",\"articleSection\":[\"Actualit\u00e9\"],\"inLanguage\":\"fr-FR\",\"potentialAction\":[{\"@type\":\"CommentAction\",\"name\":\"Comment\",\"target\":[\"https:\\\/\\\/lasentinelle.dz\\\/index.php\\\/2022\\\/08\\\/30\\\/soupcons-de-detournement-des-aides-destinees-aux-sinistres-le-wali-del-tarf-prend-des-mesures-radicales\\\/#respond\"]}]},{\"@type\":\"WebPage\",\"@id\":\"https:\\\/\\\/lasentinelle.dz\\\/index.php\\\/2022\\\/08\\\/30\\\/soupcons-de-detournement-des-aides-destinees-aux-sinistres-le-wali-del-tarf-prend-des-mesures-radicales\\\/\",\"url\":\"https:\\\/\\\/lasentinelle.dz\\\/index.php\\\/2022\\\/08\\\/30\\\/soupcons-de-detournement-des-aides-destinees-aux-sinistres-le-wali-del-tarf-prend-des-mesures-radicales\\\/\",\"name\":\"Soup\u00e7ons de d\u00e9tournement des aides destin\u00e9es aux sinistr\u00e9s\u00a0: Le wali d\u2019El Tarf prend des mesures radicales - La Sentinelle\",\"isPartOf\":{\"@id\":\"https:\\\/\\\/lasentinelle.dz\\\/#website\"},\"primaryImageOfPage\":{\"@id\":\"https:\\\/\\\/lasentinelle.dz\\\/index.php\\\/2022\\\/08\\\/30\\\/soupcons-de-detournement-des-aides-destinees-aux-sinistres-le-wali-del-tarf-prend-des-mesures-radicales\\\/#primaryimage\"},\"image\":{\"@id\":\"https:\\\/\\\/lasentinelle.dz\\\/index.php\\\/2022\\\/08\\\/30\\\/soupcons-de-detournement-des-aides-destinees-aux-sinistres-le-wali-del-tarf-prend-des-mesures-radicales\\\/#primaryimage\"},\"thumbnailUrl\":\"https:\\\/\\\/lasentinelle.dz\\\/wp-content\\\/uploads\\\/2022\\\/08\\\/don.png\",\"datePublished\":\"2022-08-29T23:05:00+00:00\",\"breadcrumb\":{\"@id\":\"https:\\\/\\\/lasentinelle.dz\\\/index.php\\\/2022\\\/08\\\/30\\\/soupcons-de-detournement-des-aides-destinees-aux-sinistres-le-wali-del-tarf-prend-des-mesures-radicales\\\/#breadcrumb\"},\"inLanguage\":\"fr-FR\",\"potentialAction\":[{\"@type\":\"ReadAction\",\"target\":[\"https:\\\/\\\/lasentinelle.dz\\\/index.php\\\/2022\\\/08\\\/30\\\/soupcons-de-detournement-des-aides-destinees-aux-sinistres-le-wali-del-tarf-prend-des-mesures-radicales\\\/\"]}]},{\"@type\":\"ImageObject\",\"inLanguage\":\"fr-FR\",\"@id\":\"https:\\\/\\\/lasentinelle.dz\\\/index.php\\\/2022\\\/08\\\/30\\\/soupcons-de-detournement-des-aides-destinees-aux-sinistres-le-wali-del-tarf-prend-des-mesures-radicales\\\/#primaryimage\",\"url\":\"https:\\\/\\\/lasentinelle.dz\\\/wp-content\\\/uploads\\\/2022\\\/08\\\/don.png\",\"contentUrl\":\"https:\\\/\\\/lasentinelle.dz\\\/wp-content\\\/uploads\\\/2022\\\/08\\\/don.png\",\"width\":1427,\"height\":900},{\"@type\":\"BreadcrumbList\",\"@id\":\"https:\\\/\\\/lasentinelle.dz\\\/index.php\\\/2022\\\/08\\\/30\\\/soupcons-de-detournement-des-aides-destinees-aux-sinistres-le-wali-del-tarf-prend-des-mesures-radicales\\\/#breadcrumb\",\"itemListElement\":[{\"@type\":\"ListItem\",\"position\":1,\"name\":\"Accueil\",\"item\":\"https:\\\/\\\/lasentinelle.dz\\\/\"},{\"@type\":\"ListItem\",\"position\":2,\"name\":\"Soup\u00e7ons de d\u00e9tournement des aides destin\u00e9es aux sinistr\u00e9s\u00a0: Le wali d\u2019El Tarf prend des mesures radicales\"}]},{\"@type\":\"WebSite\",\"@id\":\"https:\\\/\\\/lasentinelle.dz\\\/#website\",\"url\":\"https:\\\/\\\/lasentinelle.dz\\\/\",\"name\":\"La Sentinelle\",\"description\":\"Quotidien national d&#039;information\",\"publisher\":{\"@id\":\"https:\\\/\\\/lasentinelle.dz\\\/#organization\"},\"potentialAction\":[{\"@type\":\"SearchAction\",\"target\":{\"@type\":\"EntryPoint\",\"urlTemplate\":\"https:\\\/\\\/lasentinelle.dz\\\/?s={search_term_string}\"},\"query-input\":{\"@type\":\"PropertyValueSpecification\",\"valueRequired\":true,\"valueName\":\"search_term_string\"}}],\"inLanguage\":\"fr-FR\"},{\"@type\":\"Organization\",\"@id\":\"https:\\\/\\\/lasentinelle.dz\\\/#organization\",\"name\":\"Quotidien La Sentinelle\",\"url\":\"https:\\\/\\\/lasentinelle.dz\\\/\",\"logo\":{\"@type\":\"ImageObject\",\"inLanguage\":\"fr-FR\",\"@id\":\"https:\\\/\\\/lasentinelle.dz\\\/#\\\/schema\\\/logo\\\/image\\\/\",\"url\":\"https:\\\/\\\/lasentinelle.dz\\\/wp-content\\\/uploads\\\/2021\\\/09\\\/logo-sentinelleSLOGAN-1.png\",\"contentUrl\":\"https:\\\/\\\/lasentinelle.dz\\\/wp-content\\\/uploads\\\/2021\\\/09\\\/logo-sentinelleSLOGAN-1.png\",\"width\":615,\"height\":142,\"caption\":\"Quotidien La Sentinelle\"},\"image\":{\"@id\":\"https:\\\/\\\/lasentinelle.dz\\\/#\\\/schema\\\/logo\\\/image\\\/\"},\"sameAs\":[\"https:\\\/\\\/www.facebook.com\\\/La-Sentinelle-104059864394773\"]},{\"@type\":\"Person\",\"@id\":\"https:\\\/\\\/lasentinelle.dz\\\/#\\\/schema\\\/person\\\/d865044e22e70a75174ce8bcad3acfb3\",\"name\":\"La Sentinelle\",\"image\":{\"@type\":\"ImageObject\",\"inLanguage\":\"fr-FR\",\"@id\":\"https:\\\/\\\/secure.gravatar.com\\\/avatar\\\/57de8e5d4b15d43fb361a71fbb36338450fe67865b528a43dd10ef7c51a20392?s=96&d=mm&r=g\",\"url\":\"https:\\\/\\\/secure.gravatar.com\\\/avatar\\\/57de8e5d4b15d43fb361a71fbb36338450fe67865b528a43dd10ef7c51a20392?s=96&d=mm&r=g\",\"contentUrl\":\"https:\\\/\\\/secure.gravatar.com\\\/avatar\\\/57de8e5d4b15d43fb361a71fbb36338450fe67865b528a43dd10ef7c51a20392?s=96&d=mm&r=g\",\"caption\":\"La Sentinelle\"},\"sameAs\":[\"http:\\\/\\\/www.lasentinelle.dz\"],\"url\":\"https:\\\/\\\/lasentinelle.dz\\\/author\\\/redaction\\\/\"}]}<\/script>\n<!-- \/ Yoast SEO plugin. -->","yoast_head_json":{"title":"Soup\u00e7ons de d\u00e9tournement des aides destin\u00e9es aux sinistr\u00e9s\u00a0: Le wali d\u2019El Tarf prend des mesures radicales - La Sentinelle","robots":{"index":"index","follow":"follow","max-snippet":"max-snippet:-1","max-image-preview":"max-image-preview:large","max-video-preview":"max-video-preview:-1"},"canonical":"https:\/\/lasentinelle.dz\/index.php\/2022\/08\/30\/soupcons-de-detournement-des-aides-destinees-aux-sinistres-le-wali-del-tarf-prend-des-mesures-radicales\/","og_locale":"fr_FR","og_type":"article","og_title":"Soup\u00e7ons de d\u00e9tournement des aides destin\u00e9es aux sinistr\u00e9s\u00a0: Le wali d\u2019El Tarf prend des mesures radicales - La Sentinelle","og_description":"Pendant que les sinistr\u00e9s pansent leurs blessures, certaines associations ont fait des dons destin\u00e9s \u00e0 ces victimes affect\u00e9es par les","og_url":"https:\/\/lasentinelle.dz\/index.php\/2022\/08\/30\/soupcons-de-detournement-des-aides-destinees-aux-sinistres-le-wali-del-tarf-prend-des-mesures-radicales\/","og_site_name":"La Sentinelle","article_publisher":"https:\/\/www.facebook.com\/La-Sentinelle-104059864394773","article_published_time":"2022-08-29T23:05:00+00:00","og_image":[{"width":1427,"height":900,"url":"https:\/\/lasentinelle.dz\/wp-content\/uploads\/2022\/08\/don.png","type":"image\/png"}],"author":"La Sentinelle","twitter_card":"summary_large_image","twitter_misc":{"\u00c9crit par":"La Sentinelle","Dur\u00e9e de lecture estim\u00e9e":"3 minutes"},"schema":{"@context":"https:\/\/schema.org","@graph":[{"@type":"Article","@id":"https:\/\/lasentinelle.dz\/index.php\/2022\/08\/30\/soupcons-de-detournement-des-aides-destinees-aux-sinistres-le-wali-del-tarf-prend-des-mesures-radicales\/#article","isPartOf":{"@id":"https:\/\/lasentinelle.dz\/index.php\/2022\/08\/30\/soupcons-de-detournement-des-aides-destinees-aux-sinistres-le-wali-del-tarf-prend-des-mesures-radicales\/"},"author":{"name":"La Sentinelle","@id":"https:\/\/lasentinelle.dz\/#\/schema\/person\/d865044e22e70a75174ce8bcad3acfb3"},"headline":"Soup\u00e7ons de d\u00e9tournement des aides destin\u00e9es aux sinistr\u00e9s\u00a0: Le wali d\u2019El Tarf prend des mesures radicales","datePublished":"2022-08-29T23:05:00+00:00","mainEntityOfPage":{"@id":"https:\/\/lasentinelle.dz\/index.php\/2022\/08\/30\/soupcons-de-detournement-des-aides-destinees-aux-sinistres-le-wali-del-tarf-prend-des-mesures-radicales\/"},"wordCount":715,"commentCount":0,"publisher":{"@id":"https:\/\/lasentinelle.dz\/#organization"},"image":{"@id":"https:\/\/lasentinelle.dz\/index.php\/2022\/08\/30\/soupcons-de-detournement-des-aides-destinees-aux-sinistres-le-wali-del-tarf-prend-des-mesures-radicales\/#primaryimage"},"thumbnailUrl":"https:\/\/lasentinelle.dz\/wp-content\/uploads\/2022\/08\/don.png","articleSection":["Actualit\u00e9"],"inLanguage":"fr-FR","potentialAction":[{"@type":"CommentAction","name":"Comment","target":["https:\/\/lasentinelle.dz\/index.php\/2022\/08\/30\/soupcons-de-detournement-des-aides-destinees-aux-sinistres-le-wali-del-tarf-prend-des-mesures-radicales\/#respond"]}]},{"@type":"WebPage","@id":"https:\/\/lasentinelle.dz\/index.php\/2022\/08\/30\/soupcons-de-detournement-des-aides-destinees-aux-sinistres-le-wali-del-tarf-prend-des-mesures-radicales\/","url":"https:\/\/lasentinelle.dz\/index.php\/2022\/08\/30\/soupcons-de-detournement-des-aides-destinees-aux-sinistres-le-wali-del-tarf-prend-des-mesures-radicales\/","name":"Soup\u00e7ons de d\u00e9tournement des aides destin\u00e9es aux sinistr\u00e9s\u00a0: Le wali d\u2019El Tarf prend des mesures radicales - La Sentinelle","isPartOf":{"@id":"https:\/\/lasentinelle.dz\/#website"},"primaryImageOfPage":{"@id":"https:\/\/lasentinelle.dz\/index.php\/2022\/08\/30\/soupcons-de-detournement-des-aides-destinees-aux-sinistres-le-wali-del-tarf-prend-des-mesures-radicales\/#primaryimage"},"image":{"@id":"https:\/\/lasentinelle.dz\/index.php\/2022\/08\/30\/soupcons-de-detournement-des-aides-destinees-aux-sinistres-le-wali-del-tarf-prend-des-mesures-radicales\/#primaryimage"},"thumbnailUrl":"https:\/\/lasentinelle.dz\/wp-content\/uploads\/2022\/08\/don.png","datePublished":"2022-08-29T23:05:00+00:00","breadcrumb":{"@id":"https:\/\/lasentinelle.dz\/index.php\/2022\/08\/30\/soupcons-de-detournement-des-aides-destinees-aux-sinistres-le-wali-del-tarf-prend-des-mesures-radicales\/#breadcrumb"},"inLanguage":"fr-FR","potentialAction":[{"@type":"ReadAction","target":["https:\/\/lasentinelle.dz\/index.php\/2022\/08\/30\/soupcons-de-detournement-des-aides-destinees-aux-sinistres-le-wali-del-tarf-prend-des-mesures-radicales\/"]}]},{"@type":"ImageObject","inLanguage":"fr-FR","@id":"https:\/\/lasentinelle.dz\/index.php\/2022\/08\/30\/soupcons-de-detournement-des-aides-destinees-aux-sinistres-le-wali-del-tarf-prend-des-mesures-radicales\/#primaryimage","url":"https:\/\/lasentinelle.dz\/wp-content\/uploads\/2022\/08\/don.png","contentUrl":"https:\/\/lasentinelle.dz\/wp-content\/uploads\/2022\/08\/don.png","width":1427,"height":900},{"@type":"BreadcrumbList","@id":"https:\/\/lasentinelle.dz\/index.php\/2022\/08\/30\/soupcons-de-detournement-des-aides-destinees-aux-sinistres-le-wali-del-tarf-prend-des-mesures-radicales\/#breadcrumb","itemListElement":[{"@type":"ListItem","position":1,"name":"Accueil","item":"https:\/\/lasentinelle.dz\/"},{"@type":"ListItem","position":2,"name":"Soup\u00e7ons de d\u00e9tournement des aides destin\u00e9es aux sinistr\u00e9s\u00a0: Le wali d\u2019El Tarf prend des mesures radicales"}]},{"@type":"WebSite","@id":"https:\/\/lasentinelle.dz\/#website","url":"https:\/\/lasentinelle.dz\/","name":"La Sentinelle","description":"Quotidien national d&#039;information","publisher":{"@id":"https:\/\/lasentinelle.dz\/#organization"},"potentialAction":[{"@type":"SearchAction","target":{"@type":"EntryPoint","urlTemplate":"https:\/\/lasentinelle.dz\/?s={search_term_string}"},"query-input":{"@type":"PropertyValueSpecification","valueRequired":true,"valueName":"search_term_string"}}],"inLanguage":"fr-FR"},{"@type":"Organization","@id":"https:\/\/lasentinelle.dz\/#organization","name":"Quotidien La Sentinelle","url":"https:\/\/lasentinelle.dz\/","logo":{"@type":"ImageObject","inLanguage":"fr-FR","@id":"https:\/\/lasentinelle.dz\/#\/schema\/logo\/image\/","url":"https:\/\/lasentinelle.dz\/wp-content\/uploads\/2021\/09\/logo-sentinelleSLOGAN-1.png","contentUrl":"https:\/\/lasentinelle.dz\/wp-content\/uploads\/2021\/09\/logo-sentinelleSLOGAN-1.png","width":615,"height":142,"caption":"Quotidien La Sentinelle"},"image":{"@id":"https:\/\/lasentinelle.dz\/#\/schema\/logo\/image\/"},"sameAs":["https:\/\/www.facebook.com\/La-Sentinelle-104059864394773"]},{"@type":"Person","@id":"https:\/\/lasentinelle.dz\/#\/schema\/person\/d865044e22e70a75174ce8bcad3acfb3","name":"La Sentinelle","image":{"@type":"ImageObject","inLanguage":"fr-FR","@id":"https:\/\/secure.gravatar.com\/avatar\/57de8e5d4b15d43fb361a71fbb36338450fe67865b528a43dd10ef7c51a20392?s=96&d=mm&r=g","url":"https:\/\/secure.gravatar.com\/avatar\/57de8e5d4b15d43fb361a71fbb36338450fe67865b528a43dd10ef7c51a20392?s=96&d=mm&r=g","contentUrl":"https:\/\/secure.gravatar.com\/avatar\/57de8e5d4b15d43fb361a71fbb36338450fe67865b528a43dd10ef7c51a20392?s=96&d=mm&r=g","caption":"La Sentinelle"},"sameAs":["http:\/\/www.lasentinelle.dz"],"url":"https:\/\/lasentinelle.dz\/author\/redaction\/"}]}},"_links":{"self":[{"href":"https:\/\/lasentinelle.dz\/index.php\/wp-json\/wp\/v2\/posts\/26538","targetHints":{"allow":["GET"]}}],"collection":[{"href":"https:\/\/lasentinelle.dz\/index.php\/wp-json\/wp\/v2\/posts"}],"about":[{"href":"https:\/\/lasentinelle.dz\/index.php\/wp-json\/wp\/v2\/types\/post"}],"author":[{"embeddable":true,"href":"https:\/\/lasentinelle.dz\/index.php\/wp-json\/wp\/v2\/users\/3"}],"replies":[{"embeddable":true,"href":"https:\/\/lasentinelle.dz\/index.php\/wp-json\/wp\/v2\/comments?post=26538"}],"version-history":[{"count":1,"href":"https:\/\/lasentinelle.dz\/index.php\/wp-json\/wp\/v2\/posts\/26538\/revisions"}],"predecessor-version":[{"id":26558,"href":"https:\/\/lasentinelle.dz\/index.php\/wp-json\/wp\/v2\/posts\/26538\/revisions\/26558"}],"wp:featuredmedia":[{"embeddable":true,"href":"https:\/\/lasentinelle.dz\/index.php\/wp-json\/wp\/v2\/media\/26557"}],"wp:attachment":[{"href":"https:\/\/lasentinelle.dz\/index.php\/wp-json\/wp\/v2\/media?parent=26538"}],"wp:term":[{"taxonomy":"category","embeddable":true,"href":"https:\/\/lasentinelle.dz\/index.php\/wp-json\/wp\/v2\/categories?post=26538"},{"taxonomy":"post_tag","embeddable":true,"href":"https:\/\/lasentinelle.dz\/index.php\/wp-json\/wp\/v2\/tags?post=26538"}],"curies":[{"name":"wp","href":"https:\/\/api.w.org\/{rel}","templated":true}]}}